{"id":89339,"date":"2022-10-10T09:57:06","date_gmt":"2022-10-10T12:57:06","guid":{"rendered":"https:\/\/www.informelitoral.com.ar\/?p=89339"},"modified":"2022-10-10T10:36:58","modified_gmt":"2022-10-10T13:36:58","slug":"melany-detzel-fue-la-mejor-armadora-del-sudamericano-u19","status":"publish","type":"post","link":"https:\/\/informelitoral.com.ar\/melany-detzel-fue-la-mejor-armadora-del-sudamericano-u19\/","title":{"rendered":"Melany Detzel fue la Mejor Armadora del Sudamericano U19"},"content":{"rendered":"<p>La deportista se alz\u00f3 con esa distinci\u00f3n luego del excelente papel de la Selecci\u00f3n Argentina de V\u00f3ley en el torneo realizado en Bolivia, donde ganaron la final ante Brasil 3-0.<\/p>\n<p>En un partidazo en La Paz, Las Panteritas le ganaron a Brasil por 3 a 0, con parciales de 25-20, 25-20 y 25-20, y se consagraron campeonas del Sudamericano Menor por segunda vez a hilo ya que ven\u00edan de ganar en 2018.<\/p>\n<p>Argentina jug\u00f3 el \u00faltimo partido del Sudamericano en gran nivel y domin\u00f3 el desarrollo en casi todo momento. Las Panteritas hicieron la diferencia con contundencia en saque y ataque y frente a un rival m\u00e1s irregular resolvieron la final con autoridad.<\/p>\n<p>La Selecci\u00f3n se qued\u00f3 con el t\u00edtulo de forma invicta ya que venci\u00f3 en sets corridos a Chile, Venezuela y Brasil, mientras que necesit\u00f3 cuatro sets contra Bolivia y Per\u00fa.<\/p>\n<p>En los premios individuales tambi\u00e9n pis\u00f3 fuerte el equipo dirigido por Eduardo Rodr\u00edguez ya que Bianca Garibaldi,\u00a0<strong>Melany Detzel<\/strong>, Martina Bednarek y Milena Margar\u00eda fueron parte del equipo ideal.<\/p>\n<p><strong>Argentina<\/strong>: Detzel, Bednarek, Ruhl, Garibaldi, Margar\u00eda, Routaboul. Liberos: Carignano y De La Fuente. Ingresaron: Schuh, Berbero y Moya.<\/p>\n<p><strong>El plantel campe\u00f3n<br \/>\n<\/strong>Melany Detzel<br \/>\nDelfina Schuh<br \/>\nMartina Bednarek<br \/>\nValentina Moya<br \/>\nLourdes Arcucci<br \/>\nZoe Studer<br \/>\nBianca Garibaldi<br \/>\nValentina Ruhl<br \/>\nMilena Margar\u00eda<br \/>\nFelicitas Barbero<br \/>\nPaloma Routaboul<br \/>\nMartina Franco<br \/>\nLara Carignano<br \/>\nValentina De La Fuente<\/p>\n<p>DT: Eduardo Rodr\u00edguez<br \/>\nAsistente: Dar\u00edo L\u00f3pez<br \/>\nM\u00e9dica: Alejandra Valdez<br \/>\nEstad\u00edstico: Nicol\u00e1s Ippolito<br \/>\nManager: Celeste Formariz<\/p>\n<p><strong>Fixture<\/strong><br \/>\nArgentina-Per\u00fa 3-1<br \/>\nArgentina-Chile 3-0<br \/>\nArgentina-Venezuela 3-0<br \/>\nArgentina-Bolivia 3-1<br \/>\nArgentina-Brasil 3-0<\/p>\n","protected":false},"excerpt":{"rendered":"<p>Melany fue destacada como Mejor Armadora en el Sudamericano de Bolivia.<\/p>\n","protected":false},"author":8,"featured_media":89346,"comment_status":"open","ping_status":"open","sticky":false,"template":"","format":"standard","meta":{"fifu_image_url":"","fifu_image_alt":"","footnotes":""},"categories":[5],"tags":[3962],"class_list":{"0":"post-89339","1":"post","2":"type-post","3":"status-publish","4":"format-standard","5":"has-post-thumbnail","7":"category-zonales","8":"tag-melany-detzel"},"yoast_head":"<title>Melany Detzel fue la Mejor Armadora del Sudamericano U19 - Informe Litoral<\/title>\n<meta name=\"robots\" content=\"index, follow, max-snippet:-1, max-image-preview:large, max-video-preview:-1\" \/>\n<link rel=\"canonical\" href=\"https:\/\/informelitoral.com.ar\/melany-detzel-fue-la-mejor-armadora-del-sudamericano-u19\/\" \/>\n<meta property=\"og:locale\" content=\"es_ES\" \/>\n<meta property=\"og:type\" content=\"article\" \/>\n<meta property=\"og:title\" content=\"Melany Detzel fue la Mejor Armadora del Sudamericano U19 - Informe Litoral\" \/>\n<meta property=\"og:description\" content=\"Melany fue destacada como Mejor Armadora en el Sudamericano de Bolivia.\" \/>\n<meta property=\"og:url\" content=\"https:\/\/informelitoral.com.ar\/melany-detzel-fue-la-mejor-armadora-del-sudamericano-u19\/\" \/>\n<meta property=\"og:site_name\" content=\"Informe Litoral\" \/>\n<meta property=\"article:publisher\" content=\"https:\/\/www.facebook.com\/informelitoral\/\" \/>\n<meta property=\"article:published_time\" content=\"2022-10-10T12:57:06+00:00\" \/>\n<meta property=\"article:modified_time\" content=\"2022-10-10T13:36:58+00:00\" \/>\n<meta property=\"og:image\" content=\"https:\/\/informelitoral.com.ar\/%77%70%2d%63%6f%6e%74%65%6e%74\/uploads\/2022\/10\/melany-detzel-saque-768x432.jpg.webp\" \/>\n\t<meta property=\"og:image:width\" content=\"768\" \/>\n\t<meta property=\"og:image:height\" content=\"432\" \/>\n\t<meta property=\"og:image:type\" content=\"image\/webp\" \/>\n<meta name=\"author\" content=\"Sebastian\" \/>\n<meta name=\"twitter:card\" content=\"summary_large_image\" \/>\n<meta name=\"twitter:creator\" content=\"@InformeLitoral\" \/>\n<meta name=\"twitter:site\" content=\"@InformeLitoral\" \/>\n<meta name=\"twitter:label1\" content=\"Escrito por\" \/>\n\t<meta name=\"twitter:data1\" content=\"Sebastian\" \/>\n\t<meta name=\"twitter:label2\" content=\"Tiempo de lectura\" \/>\n\t<meta name=\"twitter:data2\" content=\"1 minuto\" \/>\n<script type=\"application\/ld+json\" class=\"yoast-schema-graph\">{\"@context\":\"https:\\\/\\\/schema.org\",\"@graph\":[{\"@type\":\"Article\",\"@id\":\"https:\\\/\\\/informelitoral.com.ar\\\/melany-detzel-fue-la-mejor-armadora-del-sudamericano-u19\\\/#article\",\"isPartOf\":{\"@id\":\"https:\\\/\\\/informelitoral.com.ar\\\/melany-detzel-fue-la-mejor-armadora-del-sudamericano-u19\\\/\"},\"author\":{\"name\":\"Sebastian\",\"@id\":\"https:\\\/\\\/informelitoral.com.ar\\\/#\\\/schema\\\/person\\\/f05f9f461677119578717524b127d6d5\"},\"headline\":\"Melany Detzel fue la Mejor Armadora del Sudamericano U19\",\"datePublished\":\"2022-10-10T12:57:06+00:00\",\"dateModified\":\"2022-10-10T13:36:58+00:00\",\"mainEntityOfPage\":{\"@id\":\"https:\\\/\\\/informelitoral.com.ar\\\/melany-detzel-fue-la-mejor-armadora-del-sudamericano-u19\\\/\"},\"wordCount\":274,\"commentCount\":0,\"publisher\":{\"@id\":\"https:\\\/\\\/informelitoral.com.ar\\\/#organization\"},\"image\":{\"@id\":\"https:\\\/\\\/informelitoral.com.ar\\\/melany-detzel-fue-la-mejor-armadora-del-sudamericano-u19\\\/#primaryimage\"},\"thumbnailUrl\":\"https:\\\/\\\/informelitoral.com.ar\\\/%77%70%2d%63%6f%6e%74%65%6e%74\\\/uploads\\\/2022\\\/10\\\/melany-detzel-saque-768x432.jpg.webp\",\"keywords\":[\"Melany Detzel\"],\"articleSection\":[\"Departamento Diamante\"],\"inLanguage\":\"es\",\"potentialAction\":[{\"@type\":\"CommentAction\",\"name\":\"Comment\",\"target\":[\"https:\\\/\\\/informelitoral.com.ar\\\/melany-detzel-fue-la-mejor-armadora-del-sudamericano-u19\\\/#respond\"]}]},{\"@type\":\"WebPage\",\"@id\":\"https:\\\/\\\/informelitoral.com.ar\\\/melany-detzel-fue-la-mejor-armadora-del-sudamericano-u19\\\/\",\"url\":\"https:\\\/\\\/informelitoral.com.ar\\\/melany-detzel-fue-la-mejor-armadora-del-sudamericano-u19\\\/\",\"name\":\"Melany Detzel fue la Mejor Armadora del Sudamericano U19 - Informe Litoral\",\"isPartOf\":{\"@id\":\"https:\\\/\\\/informelitoral.com.ar\\\/#website\"},\"primaryImageOfPage\":{\"@id\":\"https:\\\/\\\/informelitoral.com.ar\\\/melany-detzel-fue-la-mejor-armadora-del-sudamericano-u19\\\/#primaryimage\"},\"image\":{\"@id\":\"https:\\\/\\\/informelitoral.com.ar\\\/melany-detzel-fue-la-mejor-armadora-del-sudamericano-u19\\\/#primaryimage\"},\"thumbnailUrl\":\"https:\\\/\\\/informelitoral.com.ar\\\/%77%70%2d%63%6f%6e%74%65%6e%74\\\/uploads\\\/2022\\\/10\\\/melany-detzel-saque-768x432.jpg.webp\",\"datePublished\":\"2022-10-10T12:57:06+00:00\",\"dateModified\":\"2022-10-10T13:36:58+00:00\",\"breadcrumb\":{\"@id\":\"https:\\\/\\\/informelitoral.com.ar\\\/melany-detzel-fue-la-mejor-armadora-del-sudamericano-u19\\\/#breadcrumb\"},\"inLanguage\":\"es\",\"potentialAction\":[{\"@type\":\"ReadAction\",\"target\":[\"https:\\\/\\\/informelitoral.com.ar\\\/melany-detzel-fue-la-mejor-armadora-del-sudamericano-u19\\\/\"]}]},{\"@type\":\"ImageObject\",\"inLanguage\":\"es\",\"@id\":\"https:\\\/\\\/informelitoral.com.ar\\\/melany-detzel-fue-la-mejor-armadora-del-sudamericano-u19\\\/#primaryimage\",\"url\":\"https:\\\/\\\/informelitoral.com.ar\\\/%77%70%2d%63%6f%6e%74%65%6e%74\\\/uploads\\\/2022\\\/10\\\/melany-detzel-saque-768x432.jpg.webp\",\"contentUrl\":\"https:\\\/\\\/informelitoral.com.ar\\\/%77%70%2d%63%6f%6e%74%65%6e%74\\\/uploads\\\/2022\\\/10\\\/melany-detzel-saque-768x432.jpg.webp\",\"width\":768,\"height\":432},{\"@type\":\"BreadcrumbList\",\"@id\":\"https:\\\/\\\/informelitoral.com.ar\\\/melany-detzel-fue-la-mejor-armadora-del-sudamericano-u19\\\/#breadcrumb\",\"itemListElement\":[{\"@type\":\"ListItem\",\"position\":1,\"name\":\"Portada\",\"item\":\"https:\\\/\\\/informelitoral.com.ar\\\/\"},{\"@type\":\"ListItem\",\"position\":2,\"name\":\"Melany Detzel fue la Mejor Armadora del Sudamericano U19\"}]},{\"@type\":\"WebSite\",\"@id\":\"https:\\\/\\\/informelitoral.com.ar\\\/#website\",\"url\":\"https:\\\/\\\/informelitoral.com.ar\\\/\",\"name\":\"Informe Litoral\",\"description\":\"&quot;Nos informamos&quot; \",\"publisher\":{\"@id\":\"https:\\\/\\\/informelitoral.com.ar\\\/#organization\"},\"potentialAction\":[{\"@type\":\"SearchAction\",\"target\":{\"@type\":\"EntryPoint\",\"urlTemplate\":\"https:\\\/\\\/informelitoral.com.ar\\\/?s={search_term_string}\"},\"query-input\":{\"@type\":\"PropertyValueSpecification\",\"valueRequired\":true,\"valueName\":\"search_term_string\"}}],\"inLanguage\":\"es\"},{\"@type\":\"Organization\",\"@id\":\"https:\\\/\\\/informelitoral.com.ar\\\/#organization\",\"name\":\"Informe Litoral\",\"url\":\"https:\\\/\\\/informelitoral.com.ar\\\/\",\"logo\":{\"@type\":\"ImageObject\",\"inLanguage\":\"es\",\"@id\":\"https:\\\/\\\/informelitoral.com.ar\\\/#\\\/schema\\\/logo\\\/image\\\/\",\"url\":\"https:\\\/\\\/informelitoral.com.ar\\\/%77%70%2d%63%6f%6e%74%65%6e%74\\\/uploads\\\/2021\\\/01\\\/circulo.png\",\"contentUrl\":\"https:\\\/\\\/informelitoral.com.ar\\\/%77%70%2d%63%6f%6e%74%65%6e%74\\\/uploads\\\/2021\\\/01\\\/circulo.png\",\"width\":723,\"height\":731,\"caption\":\"Informe Litoral\"},\"image\":{\"@id\":\"https:\\\/\\\/informelitoral.com.ar\\\/#\\\/schema\\\/logo\\\/image\\\/\"},\"sameAs\":[\"https:\\\/\\\/www.facebook.com\\\/informelitoral\\\/\",\"https:\\\/\\\/x.com\\\/InformeLitoral\",\"https:\\\/\\\/www.instagram.com\\\/informelitoral\\\/\",\"https:\\\/\\\/www.youtube.com\\\/channel\\\/UCua4Qvz8Icb6MYqhoq9xLXw\"]},{\"@type\":\"Person\",\"@id\":\"https:\\\/\\\/informelitoral.com.ar\\\/#\\\/schema\\\/person\\\/f05f9f461677119578717524b127d6d5\",\"name\":\"Sebastian\",\"image\":{\"@type\":\"ImageObject\",\"inLanguage\":\"es\",\"@id\":\"https:\\\/\\\/secure.gravatar.com\\\/avatar\\\/b71bf7481d447dfb9583c7f2798e7cc64de6efb9067b74633ed8c31059a3bd82?s=96&d=mm&r=g\",\"url\":\"https:\\\/\\\/secure.gravatar.com\\\/avatar\\\/b71bf7481d447dfb9583c7f2798e7cc64de6efb9067b74633ed8c31059a3bd82?s=96&d=mm&r=g\",\"contentUrl\":\"https:\\\/\\\/secure.gravatar.com\\\/avatar\\\/b71bf7481d447dfb9583c7f2798e7cc64de6efb9067b74633ed8c31059a3bd82?s=96&d=mm&r=g\",\"caption\":\"Sebastian\"},\"url\":\"https:\\\/\\\/informelitoral.com.ar\\\/author\\\/sebastian\\\/\"}]}<\/script>","yoast_head_json":{"title":"Melany Detzel fue la Mejor Armadora del Sudamericano U19 - Informe Litoral","robots":{"index":"index","follow":"follow","max-snippet":"max-snippet:-1","max-image-preview":"max-image-preview:large","max-video-preview":"max-video-preview:-1"},"canonical":"https:\/\/informelitoral.com.ar\/melany-detzel-fue-la-mejor-armadora-del-sudamericano-u19\/","og_locale":"es_ES","og_type":"article","og_title":"Melany Detzel fue la Mejor Armadora del Sudamericano U19 - Informe Litoral","og_description":"Melany fue destacada como Mejor Armadora en el Sudamericano de Bolivia.","og_url":"https:\/\/informelitoral.com.ar\/melany-detzel-fue-la-mejor-armadora-del-sudamericano-u19\/","og_site_name":"Informe Litoral","article_publisher":"https:\/\/www.facebook.com\/informelitoral\/","article_published_time":"2022-10-10T12:57:06+00:00","article_modified_time":"2022-10-10T13:36:58+00:00","og_image":[{"width":768,"height":432,"url":"https:\/\/informelitoral.com.ar\/%77%70%2d%63%6f%6e%74%65%6e%74\/uploads\/2022\/10\/melany-detzel-saque-768x432.jpg.webp","type":"image\/webp"}],"author":"Sebastian","twitter_card":"summary_large_image","twitter_creator":"@InformeLitoral","twitter_site":"@InformeLitoral","twitter_misc":{"Escrito por":"Sebastian","Tiempo de lectura":"1 minuto"},"schema":{"@context":"https:\/\/schema.org","@graph":[{"@type":"Article","@id":"https:\/\/informelitoral.com.ar\/melany-detzel-fue-la-mejor-armadora-del-sudamericano-u19\/#article","isPartOf":{"@id":"https:\/\/informelitoral.com.ar\/melany-detzel-fue-la-mejor-armadora-del-sudamericano-u19\/"},"author":{"name":"Sebastian","@id":"https:\/\/informelitoral.com.ar\/#\/schema\/person\/f05f9f461677119578717524b127d6d5"},"headline":"Melany Detzel fue la Mejor Armadora del Sudamericano U19","datePublished":"2022-10-10T12:57:06+00:00","dateModified":"2022-10-10T13:36:58+00:00","mainEntityOfPage":{"@id":"https:\/\/informelitoral.com.ar\/melany-detzel-fue-la-mejor-armadora-del-sudamericano-u19\/"},"wordCount":274,"commentCount":0,"publisher":{"@id":"https:\/\/informelitoral.com.ar\/#organization"},"image":{"@id":"https:\/\/informelitoral.com.ar\/melany-detzel-fue-la-mejor-armadora-del-sudamericano-u19\/#primaryimage"},"thumbnailUrl":"https:\/\/informelitoral.com.ar\/%77%70%2d%63%6f%6e%74%65%6e%74\/uploads\/2022\/10\/melany-detzel-saque-768x432.jpg.webp","keywords":["Melany Detzel"],"articleSection":["Departamento Diamante"],"inLanguage":"es","potentialAction":[{"@type":"CommentAction","name":"Comment","target":["https:\/\/informelitoral.com.ar\/melany-detzel-fue-la-mejor-armadora-del-sudamericano-u19\/#respond"]}]},{"@type":"WebPage","@id":"https:\/\/informelitoral.com.ar\/melany-detzel-fue-la-mejor-armadora-del-sudamericano-u19\/","url":"https:\/\/informelitoral.com.ar\/melany-detzel-fue-la-mejor-armadora-del-sudamericano-u19\/","name":"Melany Detzel fue la Mejor Armadora del Sudamericano U19 - Informe Litoral","isPartOf":{"@id":"https:\/\/informelitoral.com.ar\/#website"},"primaryImageOfPage":{"@id":"https:\/\/informelitoral.com.ar\/melany-detzel-fue-la-mejor-armadora-del-sudamericano-u19\/#primaryimage"},"image":{"@id":"https:\/\/informelitoral.com.ar\/melany-detzel-fue-la-mejor-armadora-del-sudamericano-u19\/#primaryimage"},"thumbnailUrl":"https:\/\/informelitoral.com.ar\/%77%70%2d%63%6f%6e%74%65%6e%74\/uploads\/2022\/10\/melany-detzel-saque-768x432.jpg.webp","datePublished":"2022-10-10T12:57:06+00:00","dateModified":"2022-10-10T13:36:58+00:00","breadcrumb":{"@id":"https:\/\/informelitoral.com.ar\/melany-detzel-fue-la-mejor-armadora-del-sudamericano-u19\/#breadcrumb"},"inLanguage":"es","potentialAction":[{"@type":"ReadAction","target":["https:\/\/informelitoral.com.ar\/melany-detzel-fue-la-mejor-armadora-del-sudamericano-u19\/"]}]},{"@type":"ImageObject","inLanguage":"es","@id":"https:\/\/informelitoral.com.ar\/melany-detzel-fue-la-mejor-armadora-del-sudamericano-u19\/#primaryimage","url":"https:\/\/informelitoral.com.ar\/%77%70%2d%63%6f%6e%74%65%6e%74\/uploads\/2022\/10\/melany-detzel-saque-768x432.jpg.webp","contentUrl":"https:\/\/informelitoral.com.ar\/%77%70%2d%63%6f%6e%74%65%6e%74\/uploads\/2022\/10\/melany-detzel-saque-768x432.jpg.webp","width":768,"height":432},{"@type":"BreadcrumbList","@id":"https:\/\/informelitoral.com.ar\/melany-detzel-fue-la-mejor-armadora-del-sudamericano-u19\/#breadcrumb","itemListElement":[{"@type":"ListItem","position":1,"name":"Portada","item":"https:\/\/informelitoral.com.ar\/"},{"@type":"ListItem","position":2,"name":"Melany Detzel fue la Mejor Armadora del Sudamericano U19"}]},{"@type":"WebSite","@id":"https:\/\/informelitoral.com.ar\/#website","url":"https:\/\/informelitoral.com.ar\/","name":"Informe Litoral","description":"&quot;Nos informamos&quot; ","publisher":{"@id":"https:\/\/informelitoral.com.ar\/#organization"},"potentialAction":[{"@type":"SearchAction","target":{"@type":"EntryPoint","urlTemplate":"https:\/\/informelitoral.com.ar\/?s={search_term_string}"},"query-input":{"@type":"PropertyValueSpecification","valueRequired":true,"valueName":"search_term_string"}}],"inLanguage":"es"},{"@type":"Organization","@id":"https:\/\/informelitoral.com.ar\/#organization","name":"Informe Litoral","url":"https:\/\/informelitoral.com.ar\/","logo":{"@type":"ImageObject","inLanguage":"es","@id":"https:\/\/informelitoral.com.ar\/#\/schema\/logo\/image\/","url":"https:\/\/informelitoral.com.ar\/%77%70%2d%63%6f%6e%74%65%6e%74\/uploads\/2021\/01\/circulo.png","contentUrl":"https:\/\/informelitoral.com.ar\/%77%70%2d%63%6f%6e%74%65%6e%74\/uploads\/2021\/01\/circulo.png","width":723,"height":731,"caption":"Informe Litoral"},"image":{"@id":"https:\/\/informelitoral.com.ar\/#\/schema\/logo\/image\/"},"sameAs":["https:\/\/www.facebook.com\/informelitoral\/","https:\/\/x.com\/InformeLitoral","https:\/\/www.instagram.com\/informelitoral\/","https:\/\/www.youtube.com\/channel\/UCua4Qvz8Icb6MYqhoq9xLXw"]},{"@type":"Person","@id":"https:\/\/informelitoral.com.ar\/#\/schema\/person\/f05f9f461677119578717524b127d6d5","name":"Sebastian","image":{"@type":"ImageObject","inLanguage":"es","@id":"https:\/\/secure.gravatar.com\/avatar\/b71bf7481d447dfb9583c7f2798e7cc64de6efb9067b74633ed8c31059a3bd82?s=96&d=mm&r=g","url":"https:\/\/secure.gravatar.com\/avatar\/b71bf7481d447dfb9583c7f2798e7cc64de6efb9067b74633ed8c31059a3bd82?s=96&d=mm&r=g","contentUrl":"https:\/\/secure.gravatar.com\/avatar\/b71bf7481d447dfb9583c7f2798e7cc64de6efb9067b74633ed8c31059a3bd82?s=96&d=mm&r=g","caption":"Sebastian"},"url":"https:\/\/informelitoral.com.ar\/author\/sebastian\/"}]}},"_links":{"self":[{"href":"https:\/\/informelitoral.com.ar\/%77%70%2d%6a%73%6f%6e\/wp\/v2\/posts\/89339","targetHints":{"allow":["GET"]}}],"collection":[{"href":"https:\/\/informelitoral.com.ar\/%77%70%2d%6a%73%6f%6e\/wp\/v2\/posts"}],"about":[{"href":"https:\/\/informelitoral.com.ar\/%77%70%2d%6a%73%6f%6e\/wp\/v2\/types\/post"}],"author":[{"embeddable":true,"href":"https:\/\/informelitoral.com.ar\/%77%70%2d%6a%73%6f%6e\/wp\/v2\/users\/8"}],"replies":[{"embeddable":true,"href":"https:\/\/informelitoral.com.ar\/%77%70%2d%6a%73%6f%6e\/wp\/v2\/comments?post=89339"}],"version-history":[{"count":0,"href":"https:\/\/informelitoral.com.ar\/%77%70%2d%6a%73%6f%6e\/wp\/v2\/posts\/89339\/revisions"}],"wp:featuredmedia":[{"embeddable":true,"href":"https:\/\/informelitoral.com.ar\/%77%70%2d%6a%73%6f%6e\/wp\/v2\/media\/89346"}],"wp:attachment":[{"href":"https:\/\/informelitoral.com.ar\/%77%70%2d%6a%73%6f%6e\/wp\/v2\/media?parent=89339"}],"wp:term":[{"taxonomy":"category","embeddable":true,"href":"https:\/\/informelitoral.com.ar\/%77%70%2d%6a%73%6f%6e\/wp\/v2\/categories?post=89339"},{"taxonomy":"post_tag","embeddable":true,"href":"https:\/\/informelitoral.com.ar\/%77%70%2d%6a%73%6f%6e\/wp\/v2\/tags?post=89339"}],"curies":[{"name":"wp","href":"https:\/\/api.w.org\/{rel}","templated":true}]}}