{"id":89292,"date":"2022-10-10T09:03:01","date_gmt":"2022-10-10T12:03:01","guid":{"rendered":"https:\/\/www.informelitoral.com.ar\/?p=89292"},"modified":"2022-10-10T09:06:29","modified_gmt":"2022-10-10T12:06:29","slug":"un-nuevo-sistema-de-importaciones-comenzara-a-regir-a-partir-del-17-de-octubre","status":"publish","type":"post","link":"https:\/\/informelitoral.com.ar\/un-nuevo-sistema-de-importaciones-comenzara-a-regir-a-partir-del-17-de-octubre\/","title":{"rendered":"Un nuevo sistema de importaciones comenzar\u00e1 a regir a partir del 17 de octubre"},"content":{"rendered":"<p><b>Un nuevo sistema de importaciones, que buscar\u00e1 darle un mayor ordenamiento y trazabilidad completa a las operaciones y evitar casos de sobrefacturaci\u00f3n, uso abusivo de cautelares y otros mecanismos irregulares, entrar\u00e1 en funcionamiento el 17 de octubre pr\u00f3ximo<\/b>, informaron hoy fuentes oficiales.<\/p>\n<p>En menos de dos semanas, comenzar\u00e1 a operar el\u00a0<b>Sistema de Importaciones de la Rep\u00fablica Argentina (SIRA)<\/b>\u00a0a partir de una resoluci\u00f3n conjunta entre la Secretar\u00eda de Comercio y la Administraci\u00f3n Federal de Ingresos P\u00fablicos (AFIP) en sustituci\u00f3n del Sistema Integral de Monitoreo de Importaciones (SIMI) que quedar\u00e1 en desuso.<\/p>\n<p>Este nuevo sistema permitir\u00e1 \u00abtener una trazabilidad de 100% de la operatoria, tratando de ordenar el esquema y d\u00e1ndole previsibilidad a la hora de que el importador comienza con el proceso y as\u00ed sepa la fecha de giro estimada\u00bb, explicaron las fuentes del Ministerio de Econom\u00eda.<\/p>\n<p>La decisi\u00f3n de poner en funcionamiento este nuevo esquema responde a los resultados obtenidos a trav\u00e9s de la revisi\u00f3n realizada del SIMI por parte del Ministerio de Econom\u00eda y la AFIP, que en un trabajo conjunto de 60 d\u00edas pudieron detectar la registraci\u00f3n en forma reiterada de SIMI generando una duplicaci\u00f3n de las mismas.<\/p>\n<p>Desde principios del a\u00f1o hasta el 27 de septiembre se registraron importaciones por US$ 57.531 millones en valor FOB, mientras que esos mismos importadores por la misma mercader\u00eda registraron SIMI por US$ 94.076 millones, lo que significa \u00ab65% m\u00e1s de SIMI presentadas por lo que se import\u00f3\u00bb.<\/p>\n<p><b>Un nuevo sistema de importaciones, que buscar\u00e1 darle un mayor ordenamiento y trazabilidad completa a las operaciones y evitar casos de sobrefacturaci\u00f3n, uso abusivo de cautelares y otros mecanismos irregulares, entrar\u00e1 en funcionamiento el 17 de octubre pr\u00f3ximo<\/b>, informaron hoy fuentes oficiales.<\/p>\n<p>En menos de dos semanas, comenzar\u00e1 a operar el\u00a0<b>Sistema de Importaciones de la Rep\u00fablica Argentina (SIRA)<\/b>\u00a0a partir de una resoluci\u00f3n conjunta entre la Secretar\u00eda de Comercio y la Administraci\u00f3n Federal de Ingresos P\u00fablicos (AFIP) en sustituci\u00f3n del Sistema Integral de Monitoreo de Importaciones (SIMI) que quedar\u00e1 en desuso.<\/p>\n<p>Este nuevo sistema permitir\u00e1 \u00abtener una trazabilidad de 100% de la operatoria, tratando de ordenar el esquema y d\u00e1ndole previsibilidad a la hora de que el importador comienza con el proceso y as\u00ed sepa la fecha de giro estimada\u00bb, explicaron las fuentes del Ministerio de Econom\u00eda.<\/p>\n<p>La decisi\u00f3n de poner en funcionamiento este nuevo esquema responde a los resultados obtenidos a trav\u00e9s de la revisi\u00f3n realizada del SIMI por parte del Ministerio de Econom\u00eda y la AFIP, que en un trabajo conjunto de 60 d\u00edas pudieron detectar la registraci\u00f3n en forma reiterada de SIMI generando una duplicaci\u00f3n de las mismas.<\/p>\n<p>Desde principios del a\u00f1o hasta el 27 de septiembre se registraron importaciones por US$ 57.531 millones en valor FOB, mientras que esos mismos importadores por la misma mercader\u00eda registraron SIMI por US$ 94.076 millones, lo que significa \u00ab65% m\u00e1s de SIMI presentadas por lo que se import\u00f3\u00bb.<\/p>\n<p>Otras irregularidades que comprob\u00f3 la revisi\u00f3n fueron SIMI registradas por montos que exceden la medida anual de importaciones, con ejemplos de empresas que en un a\u00f1o normal importaban por US$ 25 millones, pero que presentaron SIMI por US$ 128 millones.<\/p>\n<p>Tambi\u00e9n fueron descubiertas SIMI que incluyen mercader\u00edas ajenas al rubro o con posiciones arancelarias alteradas para sobrefacturar la importaci\u00f3n futura mediante una triangulaci\u00f3n, por la cual se denunci\u00f3 a 715 empresas con 28 mil operaciones por US$ 650 millones, informaron las fuentes.<\/p>\n<p>Adem\u00e1s, se registr\u00f3 el \u00abuso abusivo de cautelares mediante la presentaci\u00f3n masiva de SIMI por montos cercanos a los US$ 4.000 millones y tambi\u00e9n empresas con declaraciones juradas inexactas para obtener de manera irregular de CEF (Capacidad Econ\u00f3mica Financiera).<\/p>\n<p>En base a estas cuestiones que se dieron en el marco del sistema anterior,\u00a0<b>el Gobierno nacional pondr\u00e1 en funcionamiento el SIRA, que busca una mayor transparencia, trazabilidad y previsibilidad a las operaciones de importaci\u00f3n.<\/b><br \/>\n<b><br \/>\nPara la aprobaci\u00f3n de los permisos a trav\u00e9s del SIRA se tendr\u00e1 en consideraci\u00f3n un an\u00e1lisis de capacidad econ\u00f3mica financiera del importador y el perfil de riesgo aduanero y fiscal.<\/b><\/p>\n<p>En este punto se tendr\u00e1n en cuenta empresas que tiene facturas ap\u00f3crifas, sobrefacturaci\u00f3n de importaciones y las que hacen uso abusivo de las cautelares.<\/p>\n<p>Tambi\u00e9n\u00a0<b>existir\u00e1 una Cuenta Corriente \u00danica de Comercio Exterior, que permitir\u00e1 al Estado tener una suerte de tablero de control para realizar un monitoreo en tiempo real\u00a0<\/b>del flujo financiero y f\u00edsico del comercio exterior.<\/p>\n<p>\u00abEso nos va a permitir desde que nace la SIRA hasta que se produzca el giro tener la trazabilidad de despacho por despacho de importaci\u00f3n, el banco desde el que se realiz\u00f3 el giro y a que SIRA corresponde\u00bb, explicaron.<\/p>\n<p>Tambi\u00e9n se\u00a0<b>establecer\u00e1n facilidades para las pymes y entidades civiles<\/b>, d\u00e1ndole previsibilidad a las empresas en la fecha de giro, que podr\u00eda acortarse a 60 d\u00edas de los 180 actuales.<\/p>\n<p>Otro punto es el tr\u00e1mite facilitado para importadores que no requieran acceso al Mercado \u00danico y Libre de Cambios (MULC), sino que busca importar con d\u00f3lares propios.<\/p>\n<p>Por \u00faltimo,\u00a0<b>se mantendr\u00e1 la vigencia de aquellas SIMI que hayan sido aprobadas<\/b>, que ya tienen despacho y mercader\u00eda ingresada, mientras que las que est\u00e1n pendientes de aprobaci\u00f3n deber\u00e1n ser presentadas de nuevo.<\/p>\n<p>En cuanto a los servicios,\u00a0<b>se establecer\u00e1 junto con el SIRA el Sistema de Importaciones de la Rep\u00fablica Argentina de Servicios al Exterior (Sirase),\u00a0<\/b>cuyos principales puntos coinciden con la importaci\u00f3n de mercader\u00eda.<\/p>\n<p>Aqu\u00ed tambi\u00e9n se apunta a la problem\u00e1tica de sobrefacturaci\u00f3n de fletes, entre otros puntos, por lo cual se va a publicar \u00abun rango de precios referenciales en el valor de flete puerto por puerto\u00bb.<\/p>\n<p>\u00abVamos a ser m\u00e1s justos y equitativos con todos los contribuyentes, porque el hecho de que se presenten tantas cautelares o infrinjan las normativas, hay un trabajo burocr\u00e1tico que va a hacer mucho m\u00e1s sist\u00e9mico y \u00e1gil y as\u00ed el que no cumpla, no va a entorpecer al que s\u00ed lo hace\u00bb, concluyeron las fuentes.<\/p>\n","protected":false},"excerpt":{"rendered":"<p>Entrar\u00e1 en funcionamiento un nuevo sistema de importaciones, que buscar\u00e1 darle un mayor ordenamiento y trazabilidad completa a las operaciones y evitar casos de sobrefacturaci\u00f3n, uso abusivo de cautelares y otros mecanismos irregulares.<\/p>\n","protected":false},"author":8,"featured_media":88771,"comment_status":"open","ping_status":"open","sticky":false,"template":"","format":"standard","meta":{"fifu_image_url":"","fifu_image_alt":"","footnotes":""},"categories":[1594],"tags":[227],"class_list":{"0":"post-89292","1":"post","2":"type-post","3":"status-publish","4":"format-standard","5":"has-post-thumbnail","7":"category-economia","8":"tag-importaciones"},"yoast_head":"<title>Un nuevo sistema de importaciones comenzar\u00e1 a regir a partir del 17 de octubre - Informe Litoral<\/title>\n<meta name=\"robots\" content=\"index, follow, max-snippet:-1, max-image-preview:large, max-video-preview:-1\" \/>\n<link rel=\"canonical\" href=\"https:\/\/informelitoral.com.ar\/un-nuevo-sistema-de-importaciones-comenzara-a-regir-a-partir-del-17-de-octubre\/\" \/>\n<meta property=\"og:locale\" content=\"es_ES\" \/>\n<meta property=\"og:type\" content=\"article\" \/>\n<meta property=\"og:title\" content=\"Un nuevo sistema de importaciones comenzar\u00e1 a regir a partir del 17 de octubre - Informe Litoral\" \/>\n<meta property=\"og:description\" content=\"Entrar\u00e1 en funcionamiento un nuevo sistema de importaciones, que buscar\u00e1 darle un mayor ordenamiento y trazabilidad completa a las operaciones y evitar casos de sobrefacturaci\u00f3n, uso abusivo de cautelares y otros mecanismos irregulares.\" \/>\n<meta property=\"og:url\" content=\"https:\/\/informelitoral.com.ar\/un-nuevo-sistema-de-importaciones-comenzara-a-regir-a-partir-del-17-de-octubre\/\" \/>\n<meta property=\"og:site_name\" content=\"Informe Litoral\" \/>\n<meta property=\"article:publisher\" content=\"https:\/\/www.facebook.com\/informelitoral\/\" \/>\n<meta property=\"article:published_time\" content=\"2022-10-10T12:03:01+00:00\" \/>\n<meta property=\"article:modified_time\" content=\"2022-10-10T12:06:29+00:00\" \/>\n<meta property=\"og:image\" content=\"https:\/\/informelitoral.com.ar\/%77%70%2d%63%6f%6e%74%65%6e%74\/uploads\/2022\/10\/container.jpg\" \/>\n\t<meta property=\"og:image:width\" content=\"1600\" \/>\n\t<meta property=\"og:image:height\" content=\"1062\" \/>\n\t<meta property=\"og:image:type\" content=\"image\/jpeg\" \/>\n<meta name=\"author\" content=\"Sebastian\" \/>\n<meta name=\"twitter:card\" content=\"summary_large_image\" \/>\n<meta name=\"twitter:creator\" content=\"@InformeLitoral\" \/>\n<meta name=\"twitter:site\" content=\"@InformeLitoral\" \/>\n<meta name=\"twitter:label1\" content=\"Escrito por\" \/>\n\t<meta name=\"twitter:data1\" content=\"Sebastian\" \/>\n\t<meta name=\"twitter:label2\" content=\"Tiempo de lectura\" \/>\n\t<meta name=\"twitter:data2\" content=\"5 minutos\" \/>\n<script type=\"application\/ld+json\" class=\"yoast-schema-graph\">{\"@context\":\"https:\\\/\\\/schema.org\",\"@graph\":[{\"@type\":\"Article\",\"@id\":\"https:\\\/\\\/informelitoral.com.ar\\\/un-nuevo-sistema-de-importaciones-comenzara-a-regir-a-partir-del-17-de-octubre\\\/#article\",\"isPartOf\":{\"@id\":\"https:\\\/\\\/informelitoral.com.ar\\\/un-nuevo-sistema-de-importaciones-comenzara-a-regir-a-partir-del-17-de-octubre\\\/\"},\"author\":{\"name\":\"Sebastian\",\"@id\":\"https:\\\/\\\/informelitoral.com.ar\\\/#\\\/schema\\\/person\\\/f05f9f461677119578717524b127d6d5\"},\"headline\":\"Un nuevo sistema de importaciones comenzar\u00e1 a regir a partir del 17 de octubre\",\"datePublished\":\"2022-10-10T12:03:01+00:00\",\"dateModified\":\"2022-10-10T12:06:29+00:00\",\"mainEntityOfPage\":{\"@id\":\"https:\\\/\\\/informelitoral.com.ar\\\/un-nuevo-sistema-de-importaciones-comenzara-a-regir-a-partir-del-17-de-octubre\\\/\"},\"wordCount\":1049,\"commentCount\":0,\"publisher\":{\"@id\":\"https:\\\/\\\/informelitoral.com.ar\\\/#organization\"},\"image\":{\"@id\":\"https:\\\/\\\/informelitoral.com.ar\\\/un-nuevo-sistema-de-importaciones-comenzara-a-regir-a-partir-del-17-de-octubre\\\/#primaryimage\"},\"thumbnailUrl\":\"https:\\\/\\\/informelitoral.com.ar\\\/%77%70%2d%63%6f%6e%74%65%6e%74\\\/uploads\\\/2022\\\/10\\\/container.jpg\",\"keywords\":[\"Importaciones\"],\"articleSection\":[\"Econom\u00eda\"],\"inLanguage\":\"es\",\"potentialAction\":[{\"@type\":\"CommentAction\",\"name\":\"Comment\",\"target\":[\"https:\\\/\\\/informelitoral.com.ar\\\/un-nuevo-sistema-de-importaciones-comenzara-a-regir-a-partir-del-17-de-octubre\\\/#respond\"]}]},{\"@type\":\"WebPage\",\"@id\":\"https:\\\/\\\/informelitoral.com.ar\\\/un-nuevo-sistema-de-importaciones-comenzara-a-regir-a-partir-del-17-de-octubre\\\/\",\"url\":\"https:\\\/\\\/informelitoral.com.ar\\\/un-nuevo-sistema-de-importaciones-comenzara-a-regir-a-partir-del-17-de-octubre\\\/\",\"name\":\"Un nuevo sistema de importaciones comenzar\u00e1 a regir a partir del 17 de octubre - Informe Litoral\",\"isPartOf\":{\"@id\":\"https:\\\/\\\/informelitoral.com.ar\\\/#website\"},\"primaryImageOfPage\":{\"@id\":\"https:\\\/\\\/informelitoral.com.ar\\\/un-nuevo-sistema-de-importaciones-comenzara-a-regir-a-partir-del-17-de-octubre\\\/#primaryimage\"},\"image\":{\"@id\":\"https:\\\/\\\/informelitoral.com.ar\\\/un-nuevo-sistema-de-importaciones-comenzara-a-regir-a-partir-del-17-de-octubre\\\/#primaryimage\"},\"thumbnailUrl\":\"https:\\\/\\\/informelitoral.com.ar\\\/%77%70%2d%63%6f%6e%74%65%6e%74\\\/uploads\\\/2022\\\/10\\\/container.jpg\",\"datePublished\":\"2022-10-10T12:03:01+00:00\",\"dateModified\":\"2022-10-10T12:06:29+00:00\",\"breadcrumb\":{\"@id\":\"https:\\\/\\\/informelitoral.com.ar\\\/un-nuevo-sistema-de-importaciones-comenzara-a-regir-a-partir-del-17-de-octubre\\\/#breadcrumb\"},\"inLanguage\":\"es\",\"potentialAction\":[{\"@type\":\"ReadAction\",\"target\":[\"https:\\\/\\\/informelitoral.com.ar\\\/un-nuevo-sistema-de-importaciones-comenzara-a-regir-a-partir-del-17-de-octubre\\\/\"]}]},{\"@type\":\"ImageObject\",\"inLanguage\":\"es\",\"@id\":\"https:\\\/\\\/informelitoral.com.ar\\\/un-nuevo-sistema-de-importaciones-comenzara-a-regir-a-partir-del-17-de-octubre\\\/#primaryimage\",\"url\":\"https:\\\/\\\/informelitoral.com.ar\\\/%77%70%2d%63%6f%6e%74%65%6e%74\\\/uploads\\\/2022\\\/10\\\/container.jpg\",\"contentUrl\":\"https:\\\/\\\/informelitoral.com.ar\\\/%77%70%2d%63%6f%6e%74%65%6e%74\\\/uploads\\\/2022\\\/10\\\/container.jpg\",\"width\":1600,\"height\":1062},{\"@type\":\"BreadcrumbList\",\"@id\":\"https:\\\/\\\/informelitoral.com.ar\\\/un-nuevo-sistema-de-importaciones-comenzara-a-regir-a-partir-del-17-de-octubre\\\/#breadcrumb\",\"itemListElement\":[{\"@type\":\"ListItem\",\"position\":1,\"name\":\"Portada\",\"item\":\"https:\\\/\\\/informelitoral.com.ar\\\/\"},{\"@type\":\"ListItem\",\"position\":2,\"name\":\"Un nuevo sistema de importaciones comenzar\u00e1 a regir a partir del 17 de octubre\"}]},{\"@type\":\"WebSite\",\"@id\":\"https:\\\/\\\/informelitoral.com.ar\\\/#website\",\"url\":\"https:\\\/\\\/informelitoral.com.ar\\\/\",\"name\":\"Informe Litoral\",\"description\":\"&quot;Nos informamos&quot; \",\"publisher\":{\"@id\":\"https:\\\/\\\/informelitoral.com.ar\\\/#organization\"},\"potentialAction\":[{\"@type\":\"SearchAction\",\"target\":{\"@type\":\"EntryPoint\",\"urlTemplate\":\"https:\\\/\\\/informelitoral.com.ar\\\/?s={search_term_string}\"},\"query-input\":{\"@type\":\"PropertyValueSpecification\",\"valueRequired\":true,\"valueName\":\"search_term_string\"}}],\"inLanguage\":\"es\"},{\"@type\":\"Organization\",\"@id\":\"https:\\\/\\\/informelitoral.com.ar\\\/#organization\",\"name\":\"Informe Litoral\",\"url\":\"https:\\\/\\\/informelitoral.com.ar\\\/\",\"logo\":{\"@type\":\"ImageObject\",\"inLanguage\":\"es\",\"@id\":\"https:\\\/\\\/informelitoral.com.ar\\\/#\\\/schema\\\/logo\\\/image\\\/\",\"url\":\"https:\\\/\\\/informelitoral.com.ar\\\/%77%70%2d%63%6f%6e%74%65%6e%74\\\/uploads\\\/2021\\\/01\\\/circulo.png\",\"contentUrl\":\"https:\\\/\\\/informelitoral.com.ar\\\/%77%70%2d%63%6f%6e%74%65%6e%74\\\/uploads\\\/2021\\\/01\\\/circulo.png\",\"width\":723,\"height\":731,\"caption\":\"Informe Litoral\"},\"image\":{\"@id\":\"https:\\\/\\\/informelitoral.com.ar\\\/#\\\/schema\\\/logo\\\/image\\\/\"},\"sameAs\":[\"https:\\\/\\\/www.facebook.com\\\/informelitoral\\\/\",\"https:\\\/\\\/x.com\\\/InformeLitoral\",\"https:\\\/\\\/www.instagram.com\\\/informelitoral\\\/\",\"https:\\\/\\\/www.youtube.com\\\/channel\\\/UCua4Qvz8Icb6MYqhoq9xLXw\"]},{\"@type\":\"Person\",\"@id\":\"https:\\\/\\\/informelitoral.com.ar\\\/#\\\/schema\\\/person\\\/f05f9f461677119578717524b127d6d5\",\"name\":\"Sebastian\",\"image\":{\"@type\":\"ImageObject\",\"inLanguage\":\"es\",\"@id\":\"https:\\\/\\\/secure.gravatar.com\\\/avatar\\\/b71bf7481d447dfb9583c7f2798e7cc64de6efb9067b74633ed8c31059a3bd82?s=96&d=mm&r=g\",\"url\":\"https:\\\/\\\/secure.gravatar.com\\\/avatar\\\/b71bf7481d447dfb9583c7f2798e7cc64de6efb9067b74633ed8c31059a3bd82?s=96&d=mm&r=g\",\"contentUrl\":\"https:\\\/\\\/secure.gravatar.com\\\/avatar\\\/b71bf7481d447dfb9583c7f2798e7cc64de6efb9067b74633ed8c31059a3bd82?s=96&d=mm&r=g\",\"caption\":\"Sebastian\"},\"url\":\"https:\\\/\\\/informelitoral.com.ar\\\/author\\\/sebastian\\\/\"}]}<\/script>","yoast_head_json":{"title":"Un nuevo sistema de importaciones comenzar\u00e1 a regir a partir del 17 de octubre - Informe Litoral","robots":{"index":"index","follow":"follow","max-snippet":"max-snippet:-1","max-image-preview":"max-image-preview:large","max-video-preview":"max-video-preview:-1"},"canonical":"https:\/\/informelitoral.com.ar\/un-nuevo-sistema-de-importaciones-comenzara-a-regir-a-partir-del-17-de-octubre\/","og_locale":"es_ES","og_type":"article","og_title":"Un nuevo sistema de importaciones comenzar\u00e1 a regir a partir del 17 de octubre - Informe Litoral","og_description":"Entrar\u00e1 en funcionamiento un nuevo sistema de importaciones, que buscar\u00e1 darle un mayor ordenamiento y trazabilidad completa a las operaciones y evitar casos de sobrefacturaci\u00f3n, uso abusivo de cautelares y otros mecanismos irregulares.","og_url":"https:\/\/informelitoral.com.ar\/un-nuevo-sistema-de-importaciones-comenzara-a-regir-a-partir-del-17-de-octubre\/","og_site_name":"Informe Litoral","article_publisher":"https:\/\/www.facebook.com\/informelitoral\/","article_published_time":"2022-10-10T12:03:01+00:00","article_modified_time":"2022-10-10T12:06:29+00:00","og_image":[{"width":1600,"height":1062,"url":"https:\/\/informelitoral.com.ar\/%77%70%2d%63%6f%6e%74%65%6e%74\/uploads\/2022\/10\/container.jpg","type":"image\/jpeg"}],"author":"Sebastian","twitter_card":"summary_large_image","twitter_creator":"@InformeLitoral","twitter_site":"@InformeLitoral","twitter_misc":{"Escrito por":"Sebastian","Tiempo de lectura":"5 minutos"},"schema":{"@context":"https:\/\/schema.org","@graph":[{"@type":"Article","@id":"https:\/\/informelitoral.com.ar\/un-nuevo-sistema-de-importaciones-comenzara-a-regir-a-partir-del-17-de-octubre\/#article","isPartOf":{"@id":"https:\/\/informelitoral.com.ar\/un-nuevo-sistema-de-importaciones-comenzara-a-regir-a-partir-del-17-de-octubre\/"},"author":{"name":"Sebastian","@id":"https:\/\/informelitoral.com.ar\/#\/schema\/person\/f05f9f461677119578717524b127d6d5"},"headline":"Un nuevo sistema de importaciones comenzar\u00e1 a regir a partir del 17 de octubre","datePublished":"2022-10-10T12:03:01+00:00","dateModified":"2022-10-10T12:06:29+00:00","mainEntityOfPage":{"@id":"https:\/\/informelitoral.com.ar\/un-nuevo-sistema-de-importaciones-comenzara-a-regir-a-partir-del-17-de-octubre\/"},"wordCount":1049,"commentCount":0,"publisher":{"@id":"https:\/\/informelitoral.com.ar\/#organization"},"image":{"@id":"https:\/\/informelitoral.com.ar\/un-nuevo-sistema-de-importaciones-comenzara-a-regir-a-partir-del-17-de-octubre\/#primaryimage"},"thumbnailUrl":"https:\/\/informelitoral.com.ar\/%77%70%2d%63%6f%6e%74%65%6e%74\/uploads\/2022\/10\/container.jpg","keywords":["Importaciones"],"articleSection":["Econom\u00eda"],"inLanguage":"es","potentialAction":[{"@type":"CommentAction","name":"Comment","target":["https:\/\/informelitoral.com.ar\/un-nuevo-sistema-de-importaciones-comenzara-a-regir-a-partir-del-17-de-octubre\/#respond"]}]},{"@type":"WebPage","@id":"https:\/\/informelitoral.com.ar\/un-nuevo-sistema-de-importaciones-comenzara-a-regir-a-partir-del-17-de-octubre\/","url":"https:\/\/informelitoral.com.ar\/un-nuevo-sistema-de-importaciones-comenzara-a-regir-a-partir-del-17-de-octubre\/","name":"Un nuevo sistema de importaciones comenzar\u00e1 a regir a partir del 17 de octubre - Informe Litoral","isPartOf":{"@id":"https:\/\/informelitoral.com.ar\/#website"},"primaryImageOfPage":{"@id":"https:\/\/informelitoral.com.ar\/un-nuevo-sistema-de-importaciones-comenzara-a-regir-a-partir-del-17-de-octubre\/#primaryimage"},"image":{"@id":"https:\/\/informelitoral.com.ar\/un-nuevo-sistema-de-importaciones-comenzara-a-regir-a-partir-del-17-de-octubre\/#primaryimage"},"thumbnailUrl":"https:\/\/informelitoral.com.ar\/%77%70%2d%63%6f%6e%74%65%6e%74\/uploads\/2022\/10\/container.jpg","datePublished":"2022-10-10T12:03:01+00:00","dateModified":"2022-10-10T12:06:29+00:00","breadcrumb":{"@id":"https:\/\/informelitoral.com.ar\/un-nuevo-sistema-de-importaciones-comenzara-a-regir-a-partir-del-17-de-octubre\/#breadcrumb"},"inLanguage":"es","potentialAction":[{"@type":"ReadAction","target":["https:\/\/informelitoral.com.ar\/un-nuevo-sistema-de-importaciones-comenzara-a-regir-a-partir-del-17-de-octubre\/"]}]},{"@type":"ImageObject","inLanguage":"es","@id":"https:\/\/informelitoral.com.ar\/un-nuevo-sistema-de-importaciones-comenzara-a-regir-a-partir-del-17-de-octubre\/#primaryimage","url":"https:\/\/informelitoral.com.ar\/%77%70%2d%63%6f%6e%74%65%6e%74\/uploads\/2022\/10\/container.jpg","contentUrl":"https:\/\/informelitoral.com.ar\/%77%70%2d%63%6f%6e%74%65%6e%74\/uploads\/2022\/10\/container.jpg","width":1600,"height":1062},{"@type":"BreadcrumbList","@id":"https:\/\/informelitoral.com.ar\/un-nuevo-sistema-de-importaciones-comenzara-a-regir-a-partir-del-17-de-octubre\/#breadcrumb","itemListElement":[{"@type":"ListItem","position":1,"name":"Portada","item":"https:\/\/informelitoral.com.ar\/"},{"@type":"ListItem","position":2,"name":"Un nuevo sistema de importaciones comenzar\u00e1 a regir a partir del 17 de octubre"}]},{"@type":"WebSite","@id":"https:\/\/informelitoral.com.ar\/#website","url":"https:\/\/informelitoral.com.ar\/","name":"Informe Litoral","description":"&quot;Nos informamos&quot; ","publisher":{"@id":"https:\/\/informelitoral.com.ar\/#organization"},"potentialAction":[{"@type":"SearchAction","target":{"@type":"EntryPoint","urlTemplate":"https:\/\/informelitoral.com.ar\/?s={search_term_string}"},"query-input":{"@type":"PropertyValueSpecification","valueRequired":true,"valueName":"search_term_string"}}],"inLanguage":"es"},{"@type":"Organization","@id":"https:\/\/informelitoral.com.ar\/#organization","name":"Informe Litoral","url":"https:\/\/informelitoral.com.ar\/","logo":{"@type":"ImageObject","inLanguage":"es","@id":"https:\/\/informelitoral.com.ar\/#\/schema\/logo\/image\/","url":"https:\/\/informelitoral.com.ar\/%77%70%2d%63%6f%6e%74%65%6e%74\/uploads\/2021\/01\/circulo.png","contentUrl":"https:\/\/informelitoral.com.ar\/%77%70%2d%63%6f%6e%74%65%6e%74\/uploads\/2021\/01\/circulo.png","width":723,"height":731,"caption":"Informe Litoral"},"image":{"@id":"https:\/\/informelitoral.com.ar\/#\/schema\/logo\/image\/"},"sameAs":["https:\/\/www.facebook.com\/informelitoral\/","https:\/\/x.com\/InformeLitoral","https:\/\/www.instagram.com\/informelitoral\/","https:\/\/www.youtube.com\/channel\/UCua4Qvz8Icb6MYqhoq9xLXw"]},{"@type":"Person","@id":"https:\/\/informelitoral.com.ar\/#\/schema\/person\/f05f9f461677119578717524b127d6d5","name":"Sebastian","image":{"@type":"ImageObject","inLanguage":"es","@id":"https:\/\/secure.gravatar.com\/avatar\/b71bf7481d447dfb9583c7f2798e7cc64de6efb9067b74633ed8c31059a3bd82?s=96&d=mm&r=g","url":"https:\/\/secure.gravatar.com\/avatar\/b71bf7481d447dfb9583c7f2798e7cc64de6efb9067b74633ed8c31059a3bd82?s=96&d=mm&r=g","contentUrl":"https:\/\/secure.gravatar.com\/avatar\/b71bf7481d447dfb9583c7f2798e7cc64de6efb9067b74633ed8c31059a3bd82?s=96&d=mm&r=g","caption":"Sebastian"},"url":"https:\/\/informelitoral.com.ar\/author\/sebastian\/"}]}},"_links":{"self":[{"href":"https:\/\/informelitoral.com.ar\/%77%70%2d%6a%73%6f%6e\/wp\/v2\/posts\/89292","targetHints":{"allow":["GET"]}}],"collection":[{"href":"https:\/\/informelitoral.com.ar\/%77%70%2d%6a%73%6f%6e\/wp\/v2\/posts"}],"about":[{"href":"https:\/\/informelitoral.com.ar\/%77%70%2d%6a%73%6f%6e\/wp\/v2\/types\/post"}],"author":[{"embeddable":true,"href":"https:\/\/informelitoral.com.ar\/%77%70%2d%6a%73%6f%6e\/wp\/v2\/users\/8"}],"replies":[{"embeddable":true,"href":"https:\/\/informelitoral.com.ar\/%77%70%2d%6a%73%6f%6e\/wp\/v2\/comments?post=89292"}],"version-history":[{"count":0,"href":"https:\/\/informelitoral.com.ar\/%77%70%2d%6a%73%6f%6e\/wp\/v2\/posts\/89292\/revisions"}],"wp:featuredmedia":[{"embeddable":true,"href":"https:\/\/informelitoral.com.ar\/%77%70%2d%6a%73%6f%6e\/wp\/v2\/media\/88771"}],"wp:attachment":[{"href":"https:\/\/informelitoral.com.ar\/%77%70%2d%6a%73%6f%6e\/wp\/v2\/media?parent=89292"}],"wp:term":[{"taxonomy":"category","embeddable":true,"href":"https:\/\/informelitoral.com.ar\/%77%70%2d%6a%73%6f%6e\/wp\/v2\/categories?post=89292"},{"taxonomy":"post_tag","embeddable":true,"href":"https:\/\/informelitoral.com.ar\/%77%70%2d%6a%73%6f%6e\/wp\/v2\/tags?post=89292"}],"curies":[{"name":"wp","href":"https:\/\/api.w.org\/{rel}","templated":true}]}}