{"id":89251,"date":"2022-10-10T07:50:09","date_gmt":"2022-10-10T10:50:09","guid":{"rendered":"https:\/\/www.informelitoral.com.ar\/?p=89251"},"modified":"2022-10-10T08:33:57","modified_gmt":"2022-10-10T11:33:57","slug":"el-gobierno-provincial-acompano-la-6-fiesta-del-pueblo-isleno-en-las-cuevas","status":"publish","type":"post","link":"https:\/\/informelitoral.com.ar\/el-gobierno-provincial-acompano-la-6-fiesta-del-pueblo-isleno-en-las-cuevas\/","title":{"rendered":"El gobierno provincial acompa\u00f1\u00f3 la 6\u00b0 Fiesta del Pueblo Isle\u00f1o en Las Cuevas"},"content":{"rendered":"<p>Con amplia participaci\u00f3n de la comunidad se desarroll\u00f3 este domingo en el campo Mart\u00edn Segale la 6\u00b0 Fiesta del Pueblo Isle\u00f1o en Las Cuevas. La titular de la cartera de Gobierno y Justicia estuvo presente en los festejos de los que participaron, adem\u00e1s, el diputado Jorge C\u00e1ceres, el intendente de Diamante, Juan Carlos Darrich\u00f3n, y el subsecretario de Asuntos Municipales, Daniel Kramer.<\/p>\n<p>\u201cLas Cuevas es un lugar que quiero mucho y hoy vinimos a participar de una fiesta que conjuga el habitante de la zona, el r\u00edo y el campo. Esa combinaci\u00f3n tan buena que se celebra en un evento hermoso\u201d, destac\u00f3 la ministra Romero y agreg\u00f3: \u201cEs importante que Entre R\u00edos tenga este tipo de fiestas populares porque reivindica la pertenencia y amor a lo nuestro, es lindo ver la gente a caballo y compartir un mate con comida rica\u201d.<\/p>\n<p>Asimismo, destac\u00f3 la concurrencia de turistas en Entre R\u00edos en el marco del fin de semana largo y de esta fiesta y mencion\u00f3: \u201cOjal\u00e1 esto se siga dando porque tenemos una provincia muy bella y la tenemos que mostrar\u201d.<\/p>\n<p>La presidenta comunal, Susana Sol\u00eds, agradeci\u00f3 a todos los isleros, las agrupaciones, a la Polic\u00eda montada y a las entidades \u201cque se sumaron y organizaron para recorrer el pueblo y mostrar a la gente nuestra cultura. Para nosotros esta fiesta es un homenaje al vecino del pueblo y de la isla, mostrando lo que hacen a diario desde el lugar de cada uno, tanto de la mujer isle\u00f1a como del hombre\u201d.<\/p>\n<p>En este sentido, destac\u00f3 la presencia de turistas en Las Cuevas \u201cque vinieron a conocer el azote de tropillas en el r\u00edo y se emocionaron mucho porque nunca hab\u00edan visto lo que era el cruce del r\u00edo a caballo\u201d, remarc\u00f3.<\/p>\n<p>\u201cEs una fiesta y homenaje a quienes viven y defienden nuestras islas y el trabajo que hacen ah\u00ed. Adem\u00e1s, es una manera de defender la cultura isle\u00f1a y la historia de nuestra Provincia\u201d, explic\u00f3 el diputado Jorge C\u00e1ceres, al tiempo que mencion\u00f3: \u201cUn agradecimiento especial a las agrupaciones y a Susana por el trabajo que realizan por la localidad\u201d.<\/p>\n<p>El evento cont\u00f3 con el desfile de Agrupaciones Tradicionalistas, Polic\u00eda Montada, cruce de tropillas en el r\u00edo, rondas de jineteadas, show de m\u00fasica y danzas folcl\u00f3ricas.<\/p>\n","protected":false},"excerpt":{"rendered":"<p>La ministra de Gobierno y Justicia, Rosario Romero, acompa\u00f1\u00f3 a la presidenta comunal de Las Cuevas, Susana Sol\u00eds, en la sexta edici\u00f3n de la Fiesta del Pueblo Isle\u00f1o. Hubo desfile de Agrupaciones Tradicionalistas, jineteada y show folcl\u00f3rico.<\/p>\n","protected":false},"author":8,"featured_media":89256,"comment_status":"open","ping_status":"open","sticky":false,"template":"","format":"standard","meta":{"fifu_image_url":"","fifu_image_alt":"","footnotes":""},"categories":[5],"tags":[3976],"class_list":{"0":"post-89251","1":"post","2":"type-post","3":"status-publish","4":"format-standard","5":"has-post-thumbnail","7":"category-zonales","8":"tag-fiesta-del-pueblo-isleno"},"yoast_head":"<title>El gobierno provincial acompa\u00f1\u00f3 la 6\u00b0 Fiesta del Pueblo Isle\u00f1o en Las Cuevas - Informe Litoral<\/title>\n<meta name=\"robots\" content=\"index, follow, max-snippet:-1, max-image-preview:large, max-video-preview:-1\" \/>\n<link rel=\"canonical\" href=\"https:\/\/informelitoral.com.ar\/el-gobierno-provincial-acompano-la-6-fiesta-del-pueblo-isleno-en-las-cuevas\/\" \/>\n<meta property=\"og:locale\" content=\"es_ES\" \/>\n<meta property=\"og:type\" content=\"article\" \/>\n<meta property=\"og:title\" content=\"El gobierno provincial acompa\u00f1\u00f3 la 6\u00b0 Fiesta del Pueblo Isle\u00f1o en Las Cuevas - Informe Litoral\" \/>\n<meta property=\"og:description\" content=\"La ministra de Gobierno y Justicia, Rosario Romero, acompa\u00f1\u00f3 a la presidenta comunal de Las Cuevas, Susana Sol\u00eds, en la sexta edici\u00f3n de la Fiesta del Pueblo Isle\u00f1o. Hubo desfile de Agrupaciones Tradicionalistas, jineteada y show folcl\u00f3rico.\" \/>\n<meta property=\"og:url\" content=\"https:\/\/informelitoral.com.ar\/el-gobierno-provincial-acompano-la-6-fiesta-del-pueblo-isleno-en-las-cuevas\/\" \/>\n<meta property=\"og:site_name\" content=\"Informe Litoral\" \/>\n<meta property=\"article:publisher\" content=\"https:\/\/www.facebook.com\/informelitoral\/\" \/>\n<meta property=\"article:published_time\" content=\"2022-10-10T10:50:09+00:00\" \/>\n<meta property=\"article:modified_time\" content=\"2022-10-10T11:33:57+00:00\" \/>\n<meta property=\"og:image\" content=\"https:\/\/informelitoral.com.ar\/%77%70%2d%63%6f%6e%74%65%6e%74\/uploads\/2022\/10\/p_1665342785.jpg\" \/>\n\t<meta property=\"og:image:width\" content=\"1920\" \/>\n\t<meta property=\"og:image:height\" content=\"800\" \/>\n\t<meta property=\"og:image:type\" content=\"image\/jpeg\" \/>\n<meta name=\"author\" content=\"Sebastian\" \/>\n<meta name=\"twitter:card\" content=\"summary_large_image\" \/>\n<meta name=\"twitter:creator\" content=\"@InformeLitoral\" \/>\n<meta name=\"twitter:site\" content=\"@InformeLitoral\" \/>\n<meta name=\"twitter:label1\" content=\"Escrito por\" \/>\n\t<meta name=\"twitter:data1\" content=\"Sebastian\" \/>\n\t<meta name=\"twitter:label2\" content=\"Tiempo de lectura\" \/>\n\t<meta name=\"twitter:data2\" content=\"2 minutos\" \/>\n<script type=\"application\/ld+json\" class=\"yoast-schema-graph\">{\"@context\":\"https:\\\/\\\/schema.org\",\"@graph\":[{\"@type\":\"Article\",\"@id\":\"https:\\\/\\\/informelitoral.com.ar\\\/el-gobierno-provincial-acompano-la-6-fiesta-del-pueblo-isleno-en-las-cuevas\\\/#article\",\"isPartOf\":{\"@id\":\"https:\\\/\\\/informelitoral.com.ar\\\/el-gobierno-provincial-acompano-la-6-fiesta-del-pueblo-isleno-en-las-cuevas\\\/\"},\"author\":{\"name\":\"Sebastian\",\"@id\":\"https:\\\/\\\/informelitoral.com.ar\\\/#\\\/schema\\\/person\\\/f05f9f461677119578717524b127d6d5\"},\"headline\":\"El gobierno provincial acompa\u00f1\u00f3 la 6\u00b0 Fiesta del Pueblo Isle\u00f1o en Las Cuevas\",\"datePublished\":\"2022-10-10T10:50:09+00:00\",\"dateModified\":\"2022-10-10T11:33:57+00:00\",\"mainEntityOfPage\":{\"@id\":\"https:\\\/\\\/informelitoral.com.ar\\\/el-gobierno-provincial-acompano-la-6-fiesta-del-pueblo-isleno-en-las-cuevas\\\/\"},\"wordCount\":411,\"commentCount\":0,\"publisher\":{\"@id\":\"https:\\\/\\\/informelitoral.com.ar\\\/#organization\"},\"image\":{\"@id\":\"https:\\\/\\\/informelitoral.com.ar\\\/el-gobierno-provincial-acompano-la-6-fiesta-del-pueblo-isleno-en-las-cuevas\\\/#primaryimage\"},\"thumbnailUrl\":\"https:\\\/\\\/informelitoral.com.ar\\\/%77%70%2d%63%6f%6e%74%65%6e%74\\\/uploads\\\/2022\\\/10\\\/p_1665342785.jpg\",\"keywords\":[\"Fiesta del pueblo Isle\u00f1o\"],\"articleSection\":[\"Departamento Diamante\"],\"inLanguage\":\"es\",\"potentialAction\":[{\"@type\":\"CommentAction\",\"name\":\"Comment\",\"target\":[\"https:\\\/\\\/informelitoral.com.ar\\\/el-gobierno-provincial-acompano-la-6-fiesta-del-pueblo-isleno-en-las-cuevas\\\/#respond\"]}]},{\"@type\":\"WebPage\",\"@id\":\"https:\\\/\\\/informelitoral.com.ar\\\/el-gobierno-provincial-acompano-la-6-fiesta-del-pueblo-isleno-en-las-cuevas\\\/\",\"url\":\"https:\\\/\\\/informelitoral.com.ar\\\/el-gobierno-provincial-acompano-la-6-fiesta-del-pueblo-isleno-en-las-cuevas\\\/\",\"name\":\"El gobierno provincial acompa\u00f1\u00f3 la 6\u00b0 Fiesta del Pueblo Isle\u00f1o en Las Cuevas - Informe Litoral\",\"isPartOf\":{\"@id\":\"https:\\\/\\\/informelitoral.com.ar\\\/#website\"},\"primaryImageOfPage\":{\"@id\":\"https:\\\/\\\/informelitoral.com.ar\\\/el-gobierno-provincial-acompano-la-6-fiesta-del-pueblo-isleno-en-las-cuevas\\\/#primaryimage\"},\"image\":{\"@id\":\"https:\\\/\\\/informelitoral.com.ar\\\/el-gobierno-provincial-acompano-la-6-fiesta-del-pueblo-isleno-en-las-cuevas\\\/#primaryimage\"},\"thumbnailUrl\":\"https:\\\/\\\/informelitoral.com.ar\\\/%77%70%2d%63%6f%6e%74%65%6e%74\\\/uploads\\\/2022\\\/10\\\/p_1665342785.jpg\",\"datePublished\":\"2022-10-10T10:50:09+00:00\",\"dateModified\":\"2022-10-10T11:33:57+00:00\",\"breadcrumb\":{\"@id\":\"https:\\\/\\\/informelitoral.com.ar\\\/el-gobierno-provincial-acompano-la-6-fiesta-del-pueblo-isleno-en-las-cuevas\\\/#breadcrumb\"},\"inLanguage\":\"es\",\"potentialAction\":[{\"@type\":\"ReadAction\",\"target\":[\"https:\\\/\\\/informelitoral.com.ar\\\/el-gobierno-provincial-acompano-la-6-fiesta-del-pueblo-isleno-en-las-cuevas\\\/\"]}]},{\"@type\":\"ImageObject\",\"inLanguage\":\"es\",\"@id\":\"https:\\\/\\\/informelitoral.com.ar\\\/el-gobierno-provincial-acompano-la-6-fiesta-del-pueblo-isleno-en-las-cuevas\\\/#primaryimage\",\"url\":\"https:\\\/\\\/informelitoral.com.ar\\\/%77%70%2d%63%6f%6e%74%65%6e%74\\\/uploads\\\/2022\\\/10\\\/p_1665342785.jpg\",\"contentUrl\":\"https:\\\/\\\/informelitoral.com.ar\\\/%77%70%2d%63%6f%6e%74%65%6e%74\\\/uploads\\\/2022\\\/10\\\/p_1665342785.jpg\",\"width\":1920,\"height\":800},{\"@type\":\"BreadcrumbList\",\"@id\":\"https:\\\/\\\/informelitoral.com.ar\\\/el-gobierno-provincial-acompano-la-6-fiesta-del-pueblo-isleno-en-las-cuevas\\\/#breadcrumb\",\"itemListElement\":[{\"@type\":\"ListItem\",\"position\":1,\"name\":\"Portada\",\"item\":\"https:\\\/\\\/informelitoral.com.ar\\\/\"},{\"@type\":\"ListItem\",\"position\":2,\"name\":\"El gobierno provincial acompa\u00f1\u00f3 la 6\u00b0 Fiesta del Pueblo Isle\u00f1o en Las Cuevas\"}]},{\"@type\":\"WebSite\",\"@id\":\"https:\\\/\\\/informelitoral.com.ar\\\/#website\",\"url\":\"https:\\\/\\\/informelitoral.com.ar\\\/\",\"name\":\"Informe Litoral\",\"description\":\"&quot;Nos informamos&quot; \",\"publisher\":{\"@id\":\"https:\\\/\\\/informelitoral.com.ar\\\/#organization\"},\"potentialAction\":[{\"@type\":\"SearchAction\",\"target\":{\"@type\":\"EntryPoint\",\"urlTemplate\":\"https:\\\/\\\/informelitoral.com.ar\\\/?s={search_term_string}\"},\"query-input\":{\"@type\":\"PropertyValueSpecification\",\"valueRequired\":true,\"valueName\":\"search_term_string\"}}],\"inLanguage\":\"es\"},{\"@type\":\"Organization\",\"@id\":\"https:\\\/\\\/informelitoral.com.ar\\\/#organization\",\"name\":\"Informe Litoral\",\"url\":\"https:\\\/\\\/informelitoral.com.ar\\\/\",\"logo\":{\"@type\":\"ImageObject\",\"inLanguage\":\"es\",\"@id\":\"https:\\\/\\\/informelitoral.com.ar\\\/#\\\/schema\\\/logo\\\/image\\\/\",\"url\":\"https:\\\/\\\/informelitoral.com.ar\\\/%77%70%2d%63%6f%6e%74%65%6e%74\\\/uploads\\\/2021\\\/01\\\/circulo.png\",\"contentUrl\":\"https:\\\/\\\/informelitoral.com.ar\\\/%77%70%2d%63%6f%6e%74%65%6e%74\\\/uploads\\\/2021\\\/01\\\/circulo.png\",\"width\":723,\"height\":731,\"caption\":\"Informe Litoral\"},\"image\":{\"@id\":\"https:\\\/\\\/informelitoral.com.ar\\\/#\\\/schema\\\/logo\\\/image\\\/\"},\"sameAs\":[\"https:\\\/\\\/www.facebook.com\\\/informelitoral\\\/\",\"https:\\\/\\\/x.com\\\/InformeLitoral\",\"https:\\\/\\\/www.instagram.com\\\/informelitoral\\\/\",\"https:\\\/\\\/www.youtube.com\\\/channel\\\/UCua4Qvz8Icb6MYqhoq9xLXw\"]},{\"@type\":\"Person\",\"@id\":\"https:\\\/\\\/informelitoral.com.ar\\\/#\\\/schema\\\/person\\\/f05f9f461677119578717524b127d6d5\",\"name\":\"Sebastian\",\"image\":{\"@type\":\"ImageObject\",\"inLanguage\":\"es\",\"@id\":\"https:\\\/\\\/secure.gravatar.com\\\/avatar\\\/b71bf7481d447dfb9583c7f2798e7cc64de6efb9067b74633ed8c31059a3bd82?s=96&d=mm&r=g\",\"url\":\"https:\\\/\\\/secure.gravatar.com\\\/avatar\\\/b71bf7481d447dfb9583c7f2798e7cc64de6efb9067b74633ed8c31059a3bd82?s=96&d=mm&r=g\",\"contentUrl\":\"https:\\\/\\\/secure.gravatar.com\\\/avatar\\\/b71bf7481d447dfb9583c7f2798e7cc64de6efb9067b74633ed8c31059a3bd82?s=96&d=mm&r=g\",\"caption\":\"Sebastian\"},\"url\":\"https:\\\/\\\/informelitoral.com.ar\\\/author\\\/sebastian\\\/\"}]}<\/script>","yoast_head_json":{"title":"El gobierno provincial acompa\u00f1\u00f3 la 6\u00b0 Fiesta del Pueblo Isle\u00f1o en Las Cuevas - Informe Litoral","robots":{"index":"index","follow":"follow","max-snippet":"max-snippet:-1","max-image-preview":"max-image-preview:large","max-video-preview":"max-video-preview:-1"},"canonical":"https:\/\/informelitoral.com.ar\/el-gobierno-provincial-acompano-la-6-fiesta-del-pueblo-isleno-en-las-cuevas\/","og_locale":"es_ES","og_type":"article","og_title":"El gobierno provincial acompa\u00f1\u00f3 la 6\u00b0 Fiesta del Pueblo Isle\u00f1o en Las Cuevas - Informe Litoral","og_description":"La ministra de Gobierno y Justicia, Rosario Romero, acompa\u00f1\u00f3 a la presidenta comunal de Las Cuevas, Susana Sol\u00eds, en la sexta edici\u00f3n de la Fiesta del Pueblo Isle\u00f1o. Hubo desfile de Agrupaciones Tradicionalistas, jineteada y show folcl\u00f3rico.","og_url":"https:\/\/informelitoral.com.ar\/el-gobierno-provincial-acompano-la-6-fiesta-del-pueblo-isleno-en-las-cuevas\/","og_site_name":"Informe Litoral","article_publisher":"https:\/\/www.facebook.com\/informelitoral\/","article_published_time":"2022-10-10T10:50:09+00:00","article_modified_time":"2022-10-10T11:33:57+00:00","og_image":[{"width":1920,"height":800,"url":"https:\/\/informelitoral.com.ar\/%77%70%2d%63%6f%6e%74%65%6e%74\/uploads\/2022\/10\/p_1665342785.jpg","type":"image\/jpeg"}],"author":"Sebastian","twitter_card":"summary_large_image","twitter_creator":"@InformeLitoral","twitter_site":"@InformeLitoral","twitter_misc":{"Escrito por":"Sebastian","Tiempo de lectura":"2 minutos"},"schema":{"@context":"https:\/\/schema.org","@graph":[{"@type":"Article","@id":"https:\/\/informelitoral.com.ar\/el-gobierno-provincial-acompano-la-6-fiesta-del-pueblo-isleno-en-las-cuevas\/#article","isPartOf":{"@id":"https:\/\/informelitoral.com.ar\/el-gobierno-provincial-acompano-la-6-fiesta-del-pueblo-isleno-en-las-cuevas\/"},"author":{"name":"Sebastian","@id":"https:\/\/informelitoral.com.ar\/#\/schema\/person\/f05f9f461677119578717524b127d6d5"},"headline":"El gobierno provincial acompa\u00f1\u00f3 la 6\u00b0 Fiesta del Pueblo Isle\u00f1o en Las Cuevas","datePublished":"2022-10-10T10:50:09+00:00","dateModified":"2022-10-10T11:33:57+00:00","mainEntityOfPage":{"@id":"https:\/\/informelitoral.com.ar\/el-gobierno-provincial-acompano-la-6-fiesta-del-pueblo-isleno-en-las-cuevas\/"},"wordCount":411,"commentCount":0,"publisher":{"@id":"https:\/\/informelitoral.com.ar\/#organization"},"image":{"@id":"https:\/\/informelitoral.com.ar\/el-gobierno-provincial-acompano-la-6-fiesta-del-pueblo-isleno-en-las-cuevas\/#primaryimage"},"thumbnailUrl":"https:\/\/informelitoral.com.ar\/%77%70%2d%63%6f%6e%74%65%6e%74\/uploads\/2022\/10\/p_1665342785.jpg","keywords":["Fiesta del pueblo Isle\u00f1o"],"articleSection":["Departamento Diamante"],"inLanguage":"es","potentialAction":[{"@type":"CommentAction","name":"Comment","target":["https:\/\/informelitoral.com.ar\/el-gobierno-provincial-acompano-la-6-fiesta-del-pueblo-isleno-en-las-cuevas\/#respond"]}]},{"@type":"WebPage","@id":"https:\/\/informelitoral.com.ar\/el-gobierno-provincial-acompano-la-6-fiesta-del-pueblo-isleno-en-las-cuevas\/","url":"https:\/\/informelitoral.com.ar\/el-gobierno-provincial-acompano-la-6-fiesta-del-pueblo-isleno-en-las-cuevas\/","name":"El gobierno provincial acompa\u00f1\u00f3 la 6\u00b0 Fiesta del Pueblo Isle\u00f1o en Las Cuevas - Informe Litoral","isPartOf":{"@id":"https:\/\/informelitoral.com.ar\/#website"},"primaryImageOfPage":{"@id":"https:\/\/informelitoral.com.ar\/el-gobierno-provincial-acompano-la-6-fiesta-del-pueblo-isleno-en-las-cuevas\/#primaryimage"},"image":{"@id":"https:\/\/informelitoral.com.ar\/el-gobierno-provincial-acompano-la-6-fiesta-del-pueblo-isleno-en-las-cuevas\/#primaryimage"},"thumbnailUrl":"https:\/\/informelitoral.com.ar\/%77%70%2d%63%6f%6e%74%65%6e%74\/uploads\/2022\/10\/p_1665342785.jpg","datePublished":"2022-10-10T10:50:09+00:00","dateModified":"2022-10-10T11:33:57+00:00","breadcrumb":{"@id":"https:\/\/informelitoral.com.ar\/el-gobierno-provincial-acompano-la-6-fiesta-del-pueblo-isleno-en-las-cuevas\/#breadcrumb"},"inLanguage":"es","potentialAction":[{"@type":"ReadAction","target":["https:\/\/informelitoral.com.ar\/el-gobierno-provincial-acompano-la-6-fiesta-del-pueblo-isleno-en-las-cuevas\/"]}]},{"@type":"ImageObject","inLanguage":"es","@id":"https:\/\/informelitoral.com.ar\/el-gobierno-provincial-acompano-la-6-fiesta-del-pueblo-isleno-en-las-cuevas\/#primaryimage","url":"https:\/\/informelitoral.com.ar\/%77%70%2d%63%6f%6e%74%65%6e%74\/uploads\/2022\/10\/p_1665342785.jpg","contentUrl":"https:\/\/informelitoral.com.ar\/%77%70%2d%63%6f%6e%74%65%6e%74\/uploads\/2022\/10\/p_1665342785.jpg","width":1920,"height":800},{"@type":"BreadcrumbList","@id":"https:\/\/informelitoral.com.ar\/el-gobierno-provincial-acompano-la-6-fiesta-del-pueblo-isleno-en-las-cuevas\/#breadcrumb","itemListElement":[{"@type":"ListItem","position":1,"name":"Portada","item":"https:\/\/informelitoral.com.ar\/"},{"@type":"ListItem","position":2,"name":"El gobierno provincial acompa\u00f1\u00f3 la 6\u00b0 Fiesta del Pueblo Isle\u00f1o en Las Cuevas"}]},{"@type":"WebSite","@id":"https:\/\/informelitoral.com.ar\/#website","url":"https:\/\/informelitoral.com.ar\/","name":"Informe Litoral","description":"&quot;Nos informamos&quot; ","publisher":{"@id":"https:\/\/informelitoral.com.ar\/#organization"},"potentialAction":[{"@type":"SearchAction","target":{"@type":"EntryPoint","urlTemplate":"https:\/\/informelitoral.com.ar\/?s={search_term_string}"},"query-input":{"@type":"PropertyValueSpecification","valueRequired":true,"valueName":"search_term_string"}}],"inLanguage":"es"},{"@type":"Organization","@id":"https:\/\/informelitoral.com.ar\/#organization","name":"Informe Litoral","url":"https:\/\/informelitoral.com.ar\/","logo":{"@type":"ImageObject","inLanguage":"es","@id":"https:\/\/informelitoral.com.ar\/#\/schema\/logo\/image\/","url":"https:\/\/informelitoral.com.ar\/%77%70%2d%63%6f%6e%74%65%6e%74\/uploads\/2021\/01\/circulo.png","contentUrl":"https:\/\/informelitoral.com.ar\/%77%70%2d%63%6f%6e%74%65%6e%74\/uploads\/2021\/01\/circulo.png","width":723,"height":731,"caption":"Informe Litoral"},"image":{"@id":"https:\/\/informelitoral.com.ar\/#\/schema\/logo\/image\/"},"sameAs":["https:\/\/www.facebook.com\/informelitoral\/","https:\/\/x.com\/InformeLitoral","https:\/\/www.instagram.com\/informelitoral\/","https:\/\/www.youtube.com\/channel\/UCua4Qvz8Icb6MYqhoq9xLXw"]},{"@type":"Person","@id":"https:\/\/informelitoral.com.ar\/#\/schema\/person\/f05f9f461677119578717524b127d6d5","name":"Sebastian","image":{"@type":"ImageObject","inLanguage":"es","@id":"https:\/\/secure.gravatar.com\/avatar\/b71bf7481d447dfb9583c7f2798e7cc64de6efb9067b74633ed8c31059a3bd82?s=96&d=mm&r=g","url":"https:\/\/secure.gravatar.com\/avatar\/b71bf7481d447dfb9583c7f2798e7cc64de6efb9067b74633ed8c31059a3bd82?s=96&d=mm&r=g","contentUrl":"https:\/\/secure.gravatar.com\/avatar\/b71bf7481d447dfb9583c7f2798e7cc64de6efb9067b74633ed8c31059a3bd82?s=96&d=mm&r=g","caption":"Sebastian"},"url":"https:\/\/informelitoral.com.ar\/author\/sebastian\/"}]}},"_links":{"self":[{"href":"https:\/\/informelitoral.com.ar\/%77%70%2d%6a%73%6f%6e\/wp\/v2\/posts\/89251","targetHints":{"allow":["GET"]}}],"collection":[{"href":"https:\/\/informelitoral.com.ar\/%77%70%2d%6a%73%6f%6e\/wp\/v2\/posts"}],"about":[{"href":"https:\/\/informelitoral.com.ar\/%77%70%2d%6a%73%6f%6e\/wp\/v2\/types\/post"}],"author":[{"embeddable":true,"href":"https:\/\/informelitoral.com.ar\/%77%70%2d%6a%73%6f%6e\/wp\/v2\/users\/8"}],"replies":[{"embeddable":true,"href":"https:\/\/informelitoral.com.ar\/%77%70%2d%6a%73%6f%6e\/wp\/v2\/comments?post=89251"}],"version-history":[{"count":0,"href":"https:\/\/informelitoral.com.ar\/%77%70%2d%6a%73%6f%6e\/wp\/v2\/posts\/89251\/revisions"}],"wp:featuredmedia":[{"embeddable":true,"href":"https:\/\/informelitoral.com.ar\/%77%70%2d%6a%73%6f%6e\/wp\/v2\/media\/89256"}],"wp:attachment":[{"href":"https:\/\/informelitoral.com.ar\/%77%70%2d%6a%73%6f%6e\/wp\/v2\/media?parent=89251"}],"wp:term":[{"taxonomy":"category","embeddable":true,"href":"https:\/\/informelitoral.com.ar\/%77%70%2d%6a%73%6f%6e\/wp\/v2\/categories?post=89251"},{"taxonomy":"post_tag","embeddable":true,"href":"https:\/\/informelitoral.com.ar\/%77%70%2d%6a%73%6f%6e\/wp\/v2\/tags?post=89251"}],"curies":[{"name":"wp","href":"https:\/\/api.w.org\/{rel}","templated":true}]}}