{"id":89230,"date":"2022-10-10T08:13:34","date_gmt":"2022-10-10T11:13:34","guid":{"rendered":"https:\/\/www.informelitoral.com.ar\/?p=89230"},"modified":"2022-10-10T08:14:14","modified_gmt":"2022-10-10T11:14:14","slug":"el-feriado-extra-largo-termina-con-cielo-despejado-y-maxima-de-24-grados","status":"publish","type":"post","link":"https:\/\/informelitoral.com.ar\/el-feriado-extra-largo-termina-con-cielo-despejado-y-maxima-de-24-grados\/","title":{"rendered":"El feriado extra largo termina con cielo despejado y m\u00e1xima de 24 grados"},"content":{"rendered":"<section class=\"texto\">Este lunes, \u00faltimo d\u00eda del fin de semana extra largo, se presenta en la capital entrerriana y alrededores con cielo despejado a algo nublado, y arranc\u00f3 con una ma\u00f1ana fresca en la zona, ya que la temperatura m\u00ednima estuvo a alrededor de los 10 grados de m\u00ednima. En tanto, se anticipa una m\u00e1xima de 24 grados, y vientos del sector noreste, inform\u00f3 el Servicio Meteorol\u00f3gico Nacional (SMN).Al mismo tiempo, el organismo nacional anticipa varios d\u00edas con buen tiempo en la zona. Ma\u00f1ana (martes) se prev\u00e9 una jornada con cielo algo nublado y una temperatura de 10 grados de m\u00ednima y 26 de m\u00e1xima.<\/section>\n<section class=\"texto\">\nEl mi\u00e9rcoles se espera cielo despejado y un ascenso de la temperatura, con 13 grados de m\u00ednima y una m\u00e1xima que podr\u00eda llegar a los 29.<\/section>\n<section class=\"texto\">\nEn tanto, para el jueves se espera que aumente la nubosidad, pero la temperatura oscilar\u00eda entre los 12 y los 24 grados.<\/section>\n<div class=\"publi-top publi-listado\">\n<div class=\"publi-728\">\n<div id=\"banner-interior-b\" class=\"banner-zone-found banner-step-1 banner-loop-1 banner-is-dfp banner-step-4\" data-google-query-id=\"CNPrj9TD1foCFRMiuQYd0BcNkQ\"><\/div>\n<\/div>\n<\/div>\n","protected":false},"excerpt":{"rendered":"<p>El \u00faltimo d\u00eda del fin de semana extra largo, se presenta en la capital entrerriana y alrededores con cielo despejado. Se espera una m\u00e1xima de 24 grados. Anticipan varios d\u00edas con buen tiempo en la zona.<\/p>\n","protected":false},"author":8,"featured_media":88448,"comment_status":"open","ping_status":"open","sticky":false,"template":"","format":"standard","meta":{"fifu_image_url":"","fifu_image_alt":"","footnotes":""},"categories":[6],"tags":[113],"class_list":{"0":"post-89230","1":"post","2":"type-post","3":"status-publish","4":"format-standard","5":"has-post-thumbnail","7":"category-entre-rios","8":"tag-smn"},"yoast_head":"<title>El feriado extra largo termina con cielo despejado y m\u00e1xima de 24 grados - Informe Litoral<\/title>\n<meta name=\"robots\" content=\"index, follow, max-snippet:-1, max-image-preview:large, max-video-preview:-1\" \/>\n<link rel=\"canonical\" href=\"https:\/\/informelitoral.com.ar\/el-feriado-extra-largo-termina-con-cielo-despejado-y-maxima-de-24-grados\/\" \/>\n<meta property=\"og:locale\" content=\"es_ES\" \/>\n<meta property=\"og:type\" content=\"article\" \/>\n<meta property=\"og:title\" content=\"El feriado extra largo termina con cielo despejado y m\u00e1xima de 24 grados - Informe Litoral\" \/>\n<meta property=\"og:description\" content=\"El \u00faltimo d\u00eda del fin de semana extra largo, se presenta en la capital entrerriana y alrededores con cielo despejado. Se espera una m\u00e1xima de 24 grados. Anticipan varios d\u00edas con buen tiempo en la zona.\" \/>\n<meta property=\"og:url\" content=\"https:\/\/informelitoral.com.ar\/el-feriado-extra-largo-termina-con-cielo-despejado-y-maxima-de-24-grados\/\" \/>\n<meta property=\"og:site_name\" content=\"Informe Litoral\" \/>\n<meta property=\"article:publisher\" content=\"https:\/\/www.facebook.com\/informelitoral\/\" \/>\n<meta property=\"article:published_time\" content=\"2022-10-10T11:13:34+00:00\" \/>\n<meta property=\"article:modified_time\" content=\"2022-10-10T11:14:14+00:00\" \/>\n<meta property=\"og:image\" content=\"https:\/\/informelitoral.com.ar\/%77%70%2d%63%6f%6e%74%65%6e%74\/uploads\/2022\/10\/Mayormente-soleado-1140x570-1.jpeg\" \/>\n\t<meta property=\"og:image:width\" content=\"1140\" \/>\n\t<meta property=\"og:image:height\" content=\"570\" \/>\n\t<meta property=\"og:image:type\" content=\"image\/jpeg\" \/>\n<meta name=\"author\" content=\"Sebastian\" \/>\n<meta name=\"twitter:card\" content=\"summary_large_image\" \/>\n<meta name=\"twitter:creator\" content=\"@InformeLitoral\" \/>\n<meta name=\"twitter:site\" content=\"@InformeLitoral\" \/>\n<meta name=\"twitter:label1\" content=\"Escrito por\" \/>\n\t<meta name=\"twitter:data1\" content=\"Sebastian\" \/>\n\t<meta name=\"twitter:label2\" content=\"Tiempo de lectura\" \/>\n\t<meta name=\"twitter:data2\" content=\"1 minuto\" \/>\n<script type=\"application\/ld+json\" class=\"yoast-schema-graph\">{\"@context\":\"https:\\\/\\\/schema.org\",\"@graph\":[{\"@type\":\"Article\",\"@id\":\"https:\\\/\\\/informelitoral.com.ar\\\/el-feriado-extra-largo-termina-con-cielo-despejado-y-maxima-de-24-grados\\\/#article\",\"isPartOf\":{\"@id\":\"https:\\\/\\\/informelitoral.com.ar\\\/el-feriado-extra-largo-termina-con-cielo-despejado-y-maxima-de-24-grados\\\/\"},\"author\":{\"name\":\"Sebastian\",\"@id\":\"https:\\\/\\\/informelitoral.com.ar\\\/#\\\/schema\\\/person\\\/f05f9f461677119578717524b127d6d5\"},\"headline\":\"El feriado extra largo termina con cielo despejado y m\u00e1xima de 24 grados\",\"datePublished\":\"2022-10-10T11:13:34+00:00\",\"dateModified\":\"2022-10-10T11:14:14+00:00\",\"mainEntityOfPage\":{\"@id\":\"https:\\\/\\\/informelitoral.com.ar\\\/el-feriado-extra-largo-termina-con-cielo-despejado-y-maxima-de-24-grados\\\/\"},\"wordCount\":172,\"commentCount\":0,\"publisher\":{\"@id\":\"https:\\\/\\\/informelitoral.com.ar\\\/#organization\"},\"image\":{\"@id\":\"https:\\\/\\\/informelitoral.com.ar\\\/el-feriado-extra-largo-termina-con-cielo-despejado-y-maxima-de-24-grados\\\/#primaryimage\"},\"thumbnailUrl\":\"https:\\\/\\\/informelitoral.com.ar\\\/%77%70%2d%63%6f%6e%74%65%6e%74\\\/uploads\\\/2022\\\/10\\\/Mayormente-soleado-1140x570-1.jpeg\",\"keywords\":[\"SMN\"],\"articleSection\":[\"Entre R\u00edos\"],\"inLanguage\":\"es\",\"potentialAction\":[{\"@type\":\"CommentAction\",\"name\":\"Comment\",\"target\":[\"https:\\\/\\\/informelitoral.com.ar\\\/el-feriado-extra-largo-termina-con-cielo-despejado-y-maxima-de-24-grados\\\/#respond\"]}]},{\"@type\":\"WebPage\",\"@id\":\"https:\\\/\\\/informelitoral.com.ar\\\/el-feriado-extra-largo-termina-con-cielo-despejado-y-maxima-de-24-grados\\\/\",\"url\":\"https:\\\/\\\/informelitoral.com.ar\\\/el-feriado-extra-largo-termina-con-cielo-despejado-y-maxima-de-24-grados\\\/\",\"name\":\"El feriado extra largo termina con cielo despejado y m\u00e1xima de 24 grados - Informe Litoral\",\"isPartOf\":{\"@id\":\"https:\\\/\\\/informelitoral.com.ar\\\/#website\"},\"primaryImageOfPage\":{\"@id\":\"https:\\\/\\\/informelitoral.com.ar\\\/el-feriado-extra-largo-termina-con-cielo-despejado-y-maxima-de-24-grados\\\/#primaryimage\"},\"image\":{\"@id\":\"https:\\\/\\\/informelitoral.com.ar\\\/el-feriado-extra-largo-termina-con-cielo-despejado-y-maxima-de-24-grados\\\/#primaryimage\"},\"thumbnailUrl\":\"https:\\\/\\\/informelitoral.com.ar\\\/%77%70%2d%63%6f%6e%74%65%6e%74\\\/uploads\\\/2022\\\/10\\\/Mayormente-soleado-1140x570-1.jpeg\",\"datePublished\":\"2022-10-10T11:13:34+00:00\",\"dateModified\":\"2022-10-10T11:14:14+00:00\",\"breadcrumb\":{\"@id\":\"https:\\\/\\\/informelitoral.com.ar\\\/el-feriado-extra-largo-termina-con-cielo-despejado-y-maxima-de-24-grados\\\/#breadcrumb\"},\"inLanguage\":\"es\",\"potentialAction\":[{\"@type\":\"ReadAction\",\"target\":[\"https:\\\/\\\/informelitoral.com.ar\\\/el-feriado-extra-largo-termina-con-cielo-despejado-y-maxima-de-24-grados\\\/\"]}]},{\"@type\":\"ImageObject\",\"inLanguage\":\"es\",\"@id\":\"https:\\\/\\\/informelitoral.com.ar\\\/el-feriado-extra-largo-termina-con-cielo-despejado-y-maxima-de-24-grados\\\/#primaryimage\",\"url\":\"https:\\\/\\\/informelitoral.com.ar\\\/%77%70%2d%63%6f%6e%74%65%6e%74\\\/uploads\\\/2022\\\/10\\\/Mayormente-soleado-1140x570-1.jpeg\",\"contentUrl\":\"https:\\\/\\\/informelitoral.com.ar\\\/%77%70%2d%63%6f%6e%74%65%6e%74\\\/uploads\\\/2022\\\/10\\\/Mayormente-soleado-1140x570-1.jpeg\",\"width\":1140,\"height\":570},{\"@type\":\"BreadcrumbList\",\"@id\":\"https:\\\/\\\/informelitoral.com.ar\\\/el-feriado-extra-largo-termina-con-cielo-despejado-y-maxima-de-24-grados\\\/#breadcrumb\",\"itemListElement\":[{\"@type\":\"ListItem\",\"position\":1,\"name\":\"Portada\",\"item\":\"https:\\\/\\\/informelitoral.com.ar\\\/\"},{\"@type\":\"ListItem\",\"position\":2,\"name\":\"El feriado extra largo termina con cielo despejado y m\u00e1xima de 24 grados\"}]},{\"@type\":\"WebSite\",\"@id\":\"https:\\\/\\\/informelitoral.com.ar\\\/#website\",\"url\":\"https:\\\/\\\/informelitoral.com.ar\\\/\",\"name\":\"Informe Litoral\",\"description\":\"&quot;Nos informamos&quot; \",\"publisher\":{\"@id\":\"https:\\\/\\\/informelitoral.com.ar\\\/#organization\"},\"potentialAction\":[{\"@type\":\"SearchAction\",\"target\":{\"@type\":\"EntryPoint\",\"urlTemplate\":\"https:\\\/\\\/informelitoral.com.ar\\\/?s={search_term_string}\"},\"query-input\":{\"@type\":\"PropertyValueSpecification\",\"valueRequired\":true,\"valueName\":\"search_term_string\"}}],\"inLanguage\":\"es\"},{\"@type\":\"Organization\",\"@id\":\"https:\\\/\\\/informelitoral.com.ar\\\/#organization\",\"name\":\"Informe Litoral\",\"url\":\"https:\\\/\\\/informelitoral.com.ar\\\/\",\"logo\":{\"@type\":\"ImageObject\",\"inLanguage\":\"es\",\"@id\":\"https:\\\/\\\/informelitoral.com.ar\\\/#\\\/schema\\\/logo\\\/image\\\/\",\"url\":\"https:\\\/\\\/informelitoral.com.ar\\\/%77%70%2d%63%6f%6e%74%65%6e%74\\\/uploads\\\/2021\\\/01\\\/circulo.png\",\"contentUrl\":\"https:\\\/\\\/informelitoral.com.ar\\\/%77%70%2d%63%6f%6e%74%65%6e%74\\\/uploads\\\/2021\\\/01\\\/circulo.png\",\"width\":723,\"height\":731,\"caption\":\"Informe Litoral\"},\"image\":{\"@id\":\"https:\\\/\\\/informelitoral.com.ar\\\/#\\\/schema\\\/logo\\\/image\\\/\"},\"sameAs\":[\"https:\\\/\\\/www.facebook.com\\\/informelitoral\\\/\",\"https:\\\/\\\/x.com\\\/InformeLitoral\",\"https:\\\/\\\/www.instagram.com\\\/informelitoral\\\/\",\"https:\\\/\\\/www.youtube.com\\\/channel\\\/UCua4Qvz8Icb6MYqhoq9xLXw\"]},{\"@type\":\"Person\",\"@id\":\"https:\\\/\\\/informelitoral.com.ar\\\/#\\\/schema\\\/person\\\/f05f9f461677119578717524b127d6d5\",\"name\":\"Sebastian\",\"image\":{\"@type\":\"ImageObject\",\"inLanguage\":\"es\",\"@id\":\"https:\\\/\\\/secure.gravatar.com\\\/avatar\\\/b71bf7481d447dfb9583c7f2798e7cc64de6efb9067b74633ed8c31059a3bd82?s=96&d=mm&r=g\",\"url\":\"https:\\\/\\\/secure.gravatar.com\\\/avatar\\\/b71bf7481d447dfb9583c7f2798e7cc64de6efb9067b74633ed8c31059a3bd82?s=96&d=mm&r=g\",\"contentUrl\":\"https:\\\/\\\/secure.gravatar.com\\\/avatar\\\/b71bf7481d447dfb9583c7f2798e7cc64de6efb9067b74633ed8c31059a3bd82?s=96&d=mm&r=g\",\"caption\":\"Sebastian\"},\"url\":\"https:\\\/\\\/informelitoral.com.ar\\\/author\\\/sebastian\\\/\"}]}<\/script>","yoast_head_json":{"title":"El feriado extra largo termina con cielo despejado y m\u00e1xima de 24 grados - Informe Litoral","robots":{"index":"index","follow":"follow","max-snippet":"max-snippet:-1","max-image-preview":"max-image-preview:large","max-video-preview":"max-video-preview:-1"},"canonical":"https:\/\/informelitoral.com.ar\/el-feriado-extra-largo-termina-con-cielo-despejado-y-maxima-de-24-grados\/","og_locale":"es_ES","og_type":"article","og_title":"El feriado extra largo termina con cielo despejado y m\u00e1xima de 24 grados - Informe Litoral","og_description":"El \u00faltimo d\u00eda del fin de semana extra largo, se presenta en la capital entrerriana y alrededores con cielo despejado. Se espera una m\u00e1xima de 24 grados. Anticipan varios d\u00edas con buen tiempo en la zona.","og_url":"https:\/\/informelitoral.com.ar\/el-feriado-extra-largo-termina-con-cielo-despejado-y-maxima-de-24-grados\/","og_site_name":"Informe Litoral","article_publisher":"https:\/\/www.facebook.com\/informelitoral\/","article_published_time":"2022-10-10T11:13:34+00:00","article_modified_time":"2022-10-10T11:14:14+00:00","og_image":[{"width":1140,"height":570,"url":"https:\/\/informelitoral.com.ar\/%77%70%2d%63%6f%6e%74%65%6e%74\/uploads\/2022\/10\/Mayormente-soleado-1140x570-1.jpeg","type":"image\/jpeg"}],"author":"Sebastian","twitter_card":"summary_large_image","twitter_creator":"@InformeLitoral","twitter_site":"@InformeLitoral","twitter_misc":{"Escrito por":"Sebastian","Tiempo de lectura":"1 minuto"},"schema":{"@context":"https:\/\/schema.org","@graph":[{"@type":"Article","@id":"https:\/\/informelitoral.com.ar\/el-feriado-extra-largo-termina-con-cielo-despejado-y-maxima-de-24-grados\/#article","isPartOf":{"@id":"https:\/\/informelitoral.com.ar\/el-feriado-extra-largo-termina-con-cielo-despejado-y-maxima-de-24-grados\/"},"author":{"name":"Sebastian","@id":"https:\/\/informelitoral.com.ar\/#\/schema\/person\/f05f9f461677119578717524b127d6d5"},"headline":"El feriado extra largo termina con cielo despejado y m\u00e1xima de 24 grados","datePublished":"2022-10-10T11:13:34+00:00","dateModified":"2022-10-10T11:14:14+00:00","mainEntityOfPage":{"@id":"https:\/\/informelitoral.com.ar\/el-feriado-extra-largo-termina-con-cielo-despejado-y-maxima-de-24-grados\/"},"wordCount":172,"commentCount":0,"publisher":{"@id":"https:\/\/informelitoral.com.ar\/#organization"},"image":{"@id":"https:\/\/informelitoral.com.ar\/el-feriado-extra-largo-termina-con-cielo-despejado-y-maxima-de-24-grados\/#primaryimage"},"thumbnailUrl":"https:\/\/informelitoral.com.ar\/%77%70%2d%63%6f%6e%74%65%6e%74\/uploads\/2022\/10\/Mayormente-soleado-1140x570-1.jpeg","keywords":["SMN"],"articleSection":["Entre R\u00edos"],"inLanguage":"es","potentialAction":[{"@type":"CommentAction","name":"Comment","target":["https:\/\/informelitoral.com.ar\/el-feriado-extra-largo-termina-con-cielo-despejado-y-maxima-de-24-grados\/#respond"]}]},{"@type":"WebPage","@id":"https:\/\/informelitoral.com.ar\/el-feriado-extra-largo-termina-con-cielo-despejado-y-maxima-de-24-grados\/","url":"https:\/\/informelitoral.com.ar\/el-feriado-extra-largo-termina-con-cielo-despejado-y-maxima-de-24-grados\/","name":"El feriado extra largo termina con cielo despejado y m\u00e1xima de 24 grados - Informe Litoral","isPartOf":{"@id":"https:\/\/informelitoral.com.ar\/#website"},"primaryImageOfPage":{"@id":"https:\/\/informelitoral.com.ar\/el-feriado-extra-largo-termina-con-cielo-despejado-y-maxima-de-24-grados\/#primaryimage"},"image":{"@id":"https:\/\/informelitoral.com.ar\/el-feriado-extra-largo-termina-con-cielo-despejado-y-maxima-de-24-grados\/#primaryimage"},"thumbnailUrl":"https:\/\/informelitoral.com.ar\/%77%70%2d%63%6f%6e%74%65%6e%74\/uploads\/2022\/10\/Mayormente-soleado-1140x570-1.jpeg","datePublished":"2022-10-10T11:13:34+00:00","dateModified":"2022-10-10T11:14:14+00:00","breadcrumb":{"@id":"https:\/\/informelitoral.com.ar\/el-feriado-extra-largo-termina-con-cielo-despejado-y-maxima-de-24-grados\/#breadcrumb"},"inLanguage":"es","potentialAction":[{"@type":"ReadAction","target":["https:\/\/informelitoral.com.ar\/el-feriado-extra-largo-termina-con-cielo-despejado-y-maxima-de-24-grados\/"]}]},{"@type":"ImageObject","inLanguage":"es","@id":"https:\/\/informelitoral.com.ar\/el-feriado-extra-largo-termina-con-cielo-despejado-y-maxima-de-24-grados\/#primaryimage","url":"https:\/\/informelitoral.com.ar\/%77%70%2d%63%6f%6e%74%65%6e%74\/uploads\/2022\/10\/Mayormente-soleado-1140x570-1.jpeg","contentUrl":"https:\/\/informelitoral.com.ar\/%77%70%2d%63%6f%6e%74%65%6e%74\/uploads\/2022\/10\/Mayormente-soleado-1140x570-1.jpeg","width":1140,"height":570},{"@type":"BreadcrumbList","@id":"https:\/\/informelitoral.com.ar\/el-feriado-extra-largo-termina-con-cielo-despejado-y-maxima-de-24-grados\/#breadcrumb","itemListElement":[{"@type":"ListItem","position":1,"name":"Portada","item":"https:\/\/informelitoral.com.ar\/"},{"@type":"ListItem","position":2,"name":"El feriado extra largo termina con cielo despejado y m\u00e1xima de 24 grados"}]},{"@type":"WebSite","@id":"https:\/\/informelitoral.com.ar\/#website","url":"https:\/\/informelitoral.com.ar\/","name":"Informe Litoral","description":"&quot;Nos informamos&quot; ","publisher":{"@id":"https:\/\/informelitoral.com.ar\/#organization"},"potentialAction":[{"@type":"SearchAction","target":{"@type":"EntryPoint","urlTemplate":"https:\/\/informelitoral.com.ar\/?s={search_term_string}"},"query-input":{"@type":"PropertyValueSpecification","valueRequired":true,"valueName":"search_term_string"}}],"inLanguage":"es"},{"@type":"Organization","@id":"https:\/\/informelitoral.com.ar\/#organization","name":"Informe Litoral","url":"https:\/\/informelitoral.com.ar\/","logo":{"@type":"ImageObject","inLanguage":"es","@id":"https:\/\/informelitoral.com.ar\/#\/schema\/logo\/image\/","url":"https:\/\/informelitoral.com.ar\/%77%70%2d%63%6f%6e%74%65%6e%74\/uploads\/2021\/01\/circulo.png","contentUrl":"https:\/\/informelitoral.com.ar\/%77%70%2d%63%6f%6e%74%65%6e%74\/uploads\/2021\/01\/circulo.png","width":723,"height":731,"caption":"Informe Litoral"},"image":{"@id":"https:\/\/informelitoral.com.ar\/#\/schema\/logo\/image\/"},"sameAs":["https:\/\/www.facebook.com\/informelitoral\/","https:\/\/x.com\/InformeLitoral","https:\/\/www.instagram.com\/informelitoral\/","https:\/\/www.youtube.com\/channel\/UCua4Qvz8Icb6MYqhoq9xLXw"]},{"@type":"Person","@id":"https:\/\/informelitoral.com.ar\/#\/schema\/person\/f05f9f461677119578717524b127d6d5","name":"Sebastian","image":{"@type":"ImageObject","inLanguage":"es","@id":"https:\/\/secure.gravatar.com\/avatar\/b71bf7481d447dfb9583c7f2798e7cc64de6efb9067b74633ed8c31059a3bd82?s=96&d=mm&r=g","url":"https:\/\/secure.gravatar.com\/avatar\/b71bf7481d447dfb9583c7f2798e7cc64de6efb9067b74633ed8c31059a3bd82?s=96&d=mm&r=g","contentUrl":"https:\/\/secure.gravatar.com\/avatar\/b71bf7481d447dfb9583c7f2798e7cc64de6efb9067b74633ed8c31059a3bd82?s=96&d=mm&r=g","caption":"Sebastian"},"url":"https:\/\/informelitoral.com.ar\/author\/sebastian\/"}]}},"_links":{"self":[{"href":"https:\/\/informelitoral.com.ar\/%77%70%2d%6a%73%6f%6e\/wp\/v2\/posts\/89230","targetHints":{"allow":["GET"]}}],"collection":[{"href":"https:\/\/informelitoral.com.ar\/%77%70%2d%6a%73%6f%6e\/wp\/v2\/posts"}],"about":[{"href":"https:\/\/informelitoral.com.ar\/%77%70%2d%6a%73%6f%6e\/wp\/v2\/types\/post"}],"author":[{"embeddable":true,"href":"https:\/\/informelitoral.com.ar\/%77%70%2d%6a%73%6f%6e\/wp\/v2\/users\/8"}],"replies":[{"embeddable":true,"href":"https:\/\/informelitoral.com.ar\/%77%70%2d%6a%73%6f%6e\/wp\/v2\/comments?post=89230"}],"version-history":[{"count":0,"href":"https:\/\/informelitoral.com.ar\/%77%70%2d%6a%73%6f%6e\/wp\/v2\/posts\/89230\/revisions"}],"wp:featuredmedia":[{"embeddable":true,"href":"https:\/\/informelitoral.com.ar\/%77%70%2d%6a%73%6f%6e\/wp\/v2\/media\/88448"}],"wp:attachment":[{"href":"https:\/\/informelitoral.com.ar\/%77%70%2d%6a%73%6f%6e\/wp\/v2\/media?parent=89230"}],"wp:term":[{"taxonomy":"category","embeddable":true,"href":"https:\/\/informelitoral.com.ar\/%77%70%2d%6a%73%6f%6e\/wp\/v2\/categories?post=89230"},{"taxonomy":"post_tag","embeddable":true,"href":"https:\/\/informelitoral.com.ar\/%77%70%2d%6a%73%6f%6e\/wp\/v2\/tags?post=89230"}],"curies":[{"name":"wp","href":"https:\/\/api.w.org\/{rel}","templated":true}]}}