{"id":89213,"date":"2022-10-10T19:02:17","date_gmt":"2022-10-10T22:02:17","guid":{"rendered":"https:\/\/www.informelitoral.com.ar\/?p=89213"},"modified":"2022-10-10T19:02:17","modified_gmt":"2022-10-10T22:02:17","slug":"la-ramirense-maitena-riffel-conto-como-es-la-vida-en-qatar-el-pais-del-mundial","status":"publish","type":"post","link":"https:\/\/informelitoral.com.ar\/la-ramirense-maitena-riffel-conto-como-es-la-vida-en-qatar-el-pais-del-mundial\/","title":{"rendered":"La ramirense Maitena Riffel cont\u00f3 c\u00f3mo es la vida en Qatar, el pa\u00eds del Mundial"},"content":{"rendered":"<p>Maitena Riffel es una joven entrerriana que se encuentra en Qatar y cont\u00f3 su experiencia de vida, y como es el peque\u00f1o y lujoso pa\u00eds donde se jugar\u00e1 el Mundial de F\u00fatbol.<\/p>\n<p>Maitena, oriunda de Ram\u00edrez, viajo a Qatar como parte de un programa de intercambio Work &amp; Travel, que es un plan dise\u00f1ado para j\u00f3venes que quieran viajar de intercambio estudiantil y laboral a alguna parte del mundo.<\/p>\n<p>En di\u00e1logo con <em>FM Estaci\u00f3n Plus Crespo<\/em> cont\u00f3 que <strong>\u201cEs una experiencia muy distinta, la vida es distinta. Lo que m\u00e1s me sorprendi\u00f3 es ver que los hombres pueden tener varias esposas, entonces es muy com\u00fan encontrarte con sus 3 o 4 mujeres, todos sus hijos, que son muchos y adem\u00e1s sus 3 o 4 ni\u00f1eras\u201d.<\/strong><\/p>\n<p>\u201c<strong>No hay demostraciones de afecto en p\u00fablico, no ves a nadie caminando de la mano, ni abrazos.<\/strong> Las mujeres est\u00e1n con el cabello tapado y algunas se tapan la cabeza completa y la cara, excepto los ojos. Otras usan velos completos y tienen todo el rostro tapado. En ciertos lugares no tenemos permitido entrar en short o musculosas, ten\u00e9s que utilizar prendas que te tapen los hombros y las rodillas\u201d.<\/p>\n<p>Cont\u00f3<strong> \u201cAqu\u00ed se venden bebidas alcoh\u00f3licas en ciertos restaurantes, no las venden en kioscos. Es muy caro lo que es la comida y la bebida alcoh\u00f3lica.<\/strong> No existe el consumo de alcohol en la calle, el consumo es exclusivo en restaurantes o sitios de baile. Las mujeres tienen prohibido consumir bebidas alcoh\u00f3licas delante de los hombres, ocasionalmente pueden beber si salen solas o entre amigas\u201d.<\/p>\n<p>Sobre su viaje explic\u00f3<strong> \u201cYo llegu\u00e9 en septiembre y a\u00fan estoy tratando de adaptarme al cambio horario y a las costumbres de esta cultura totalmente nueva para m\u00ed.<\/strong> Hace much\u00edsimo calor,<strong> estamos hablando en esta \u00e9poca del a\u00f1o de temperaturas de 40 grados,<\/strong> pero en las \u00e9pocas de pleno verano las temperaturas rondan los 50 o 52 grados\u201d.<\/p>\n<p>\u201c<strong>Aqu\u00ed oscurece muy temprano y a eso de las 6 de la tarde (las 12 Hs en Argentina) y cenan muy temprano,<\/strong> entonces tambi\u00e9n me tuve que acostumbrar a cenar a las 19.30 o 20.00 hs, cosa que en mi pa\u00eds yo no hac\u00eda\u201d.<\/p>\n<p>Maitena rese\u00f1o<strong> \u201cEstoy trabajando en el restaurante de un hotel y actualmente estoy haciendo mis capacitaciones para estar bien preparada para cuando llegue la temporada del mundial y comience la visita de turistas de todo el mundo\u201d.<\/strong> Indic\u00f3 \u201cSomos varios los argentinos que estamos por estos lugares, <strong>me encontr\u00e9 con gente de Paran\u00e1, del Chaco, Buenos Aires y otros lugares\u201d.<\/strong><\/p>\n<p>\u201c<strong>Es un pa\u00eds muy chico donde te mov\u00e9s r\u00e1pidamente a cualquier parte,<\/strong> adem\u00e1s hay metros s\u00faper modernos, lindos y baratos, as\u00ed que es f\u00e1cil llegar a distintos lugares. Es una ciudad chica, pero con muchos atractivos para visitar\u201d.<\/p>\n<p>Destac\u00f3 que <strong>\u201cLos estadios de futbol son nuevos y est\u00e1n todos muy cerca.<\/strong> Los lugares p\u00fablicos son limpios, nunca vas a ver elementos rotos o que no funcionen. Sitios muy lujosos, mucho brillo y elegancia. Los negocios est\u00e1n perfectamente bien y no se ven fallas\u201d. <em>(Fuente: FM Estaci\u00f3n Plus)<\/em><\/p>\n","protected":false},"excerpt":{"rendered":"<p>Viaj\u00f3 a ese pa\u00eds por medio de un programa de intercambio estudiantil y laboral. La joven describi\u00f3 las principales diferencias con respecto a la Argentina, desde la cultura, hasta la extensi\u00f3n territorial y la temperatura. <\/p>\n","protected":false},"author":2,"featured_media":89468,"comment_status":"open","ping_status":"open","sticky":false,"template":"","format":"standard","meta":{"fifu_image_url":"","fifu_image_alt":"","footnotes":""},"categories":[9],"tags":[3632,703],"class_list":{"0":"post-89213","1":"post","2":"type-post","3":"status-publish","4":"format-standard","5":"has-post-thumbnail","7":"category-sociedad","8":"tag-qatar","9":"tag-qatar-2022"},"yoast_head":"<title>La ramirense Maitena Riffel cont\u00f3 c\u00f3mo es la vida en Qatar, el pa\u00eds del Mundial - Informe Litoral<\/title>\n<meta name=\"robots\" content=\"index, follow, max-snippet:-1, max-image-preview:large, max-video-preview:-1\" \/>\n<link rel=\"canonical\" href=\"https:\/\/informelitoral.com.ar\/la-ramirense-maitena-riffel-conto-como-es-la-vida-en-qatar-el-pais-del-mundial\/\" \/>\n<meta property=\"og:locale\" content=\"es_ES\" \/>\n<meta property=\"og:type\" content=\"article\" \/>\n<meta property=\"og:title\" content=\"La ramirense Maitena Riffel cont\u00f3 c\u00f3mo es la vida en Qatar, el pa\u00eds del Mundial - Informe Litoral\" \/>\n<meta property=\"og:description\" content=\"Viaj\u00f3 a ese pa\u00eds por medio de un programa de intercambio estudiantil y laboral. La joven describi\u00f3 las principales diferencias con respecto a la Argentina, desde la cultura, hasta la extensi\u00f3n territorial y la temperatura.\" \/>\n<meta property=\"og:url\" content=\"https:\/\/informelitoral.com.ar\/la-ramirense-maitena-riffel-conto-como-es-la-vida-en-qatar-el-pais-del-mundial\/\" \/>\n<meta property=\"og:site_name\" content=\"Informe Litoral\" \/>\n<meta property=\"article:publisher\" content=\"https:\/\/www.facebook.com\/informelitoral\/\" \/>\n<meta property=\"article:published_time\" content=\"2022-10-10T22:02:17+00:00\" \/>\n<meta property=\"og:image\" content=\"https:\/\/informelitoral.com.ar\/%77%70%2d%63%6f%6e%74%65%6e%74\/uploads\/2022\/10\/e8ad364e-12a4-434d-9573-26da54b4c072.jpg\" \/>\n\t<meta property=\"og:image:width\" content=\"958\" \/>\n\t<meta property=\"og:image:height\" content=\"1280\" \/>\n\t<meta property=\"og:image:type\" content=\"image\/jpeg\" \/>\n<meta name=\"author\" content=\"Gonzalo Schmidt\" \/>\n<meta name=\"twitter:card\" content=\"summary_large_image\" \/>\n<meta name=\"twitter:creator\" content=\"@InformeLitoral\" \/>\n<meta name=\"twitter:site\" content=\"@InformeLitoral\" \/>\n<meta name=\"twitter:label1\" content=\"Escrito por\" \/>\n\t<meta name=\"twitter:data1\" content=\"Gonzalo Schmidt\" \/>\n\t<meta name=\"twitter:label2\" content=\"Tiempo de lectura\" \/>\n\t<meta name=\"twitter:data2\" content=\"3 minutos\" \/>\n<script type=\"application\/ld+json\" class=\"yoast-schema-graph\">{\"@context\":\"https:\\\/\\\/schema.org\",\"@graph\":[{\"@type\":\"Article\",\"@id\":\"https:\\\/\\\/informelitoral.com.ar\\\/la-ramirense-maitena-riffel-conto-como-es-la-vida-en-qatar-el-pais-del-mundial\\\/#article\",\"isPartOf\":{\"@id\":\"https:\\\/\\\/informelitoral.com.ar\\\/la-ramirense-maitena-riffel-conto-como-es-la-vida-en-qatar-el-pais-del-mundial\\\/\"},\"author\":{\"name\":\"Gonzalo Schmidt\",\"@id\":\"https:\\\/\\\/informelitoral.com.ar\\\/#\\\/schema\\\/person\\\/b9d00407c836482871ef1d57bf8e3180\"},\"headline\":\"La ramirense Maitena Riffel cont\u00f3 c\u00f3mo es la vida en Qatar, el pa\u00eds del Mundial\",\"datePublished\":\"2022-10-10T22:02:17+00:00\",\"mainEntityOfPage\":{\"@id\":\"https:\\\/\\\/informelitoral.com.ar\\\/la-ramirense-maitena-riffel-conto-como-es-la-vida-en-qatar-el-pais-del-mundial\\\/\"},\"wordCount\":550,\"commentCount\":0,\"publisher\":{\"@id\":\"https:\\\/\\\/informelitoral.com.ar\\\/#organization\"},\"image\":{\"@id\":\"https:\\\/\\\/informelitoral.com.ar\\\/la-ramirense-maitena-riffel-conto-como-es-la-vida-en-qatar-el-pais-del-mundial\\\/#primaryimage\"},\"thumbnailUrl\":\"https:\\\/\\\/informelitoral.com.ar\\\/%77%70%2d%63%6f%6e%74%65%6e%74\\\/uploads\\\/2022\\\/10\\\/e8ad364e-12a4-434d-9573-26da54b4c072.jpg\",\"keywords\":[\"Qatar\",\"Qatar 2022\"],\"articleSection\":[\"Sociedad\"],\"inLanguage\":\"es\",\"potentialAction\":[{\"@type\":\"CommentAction\",\"name\":\"Comment\",\"target\":[\"https:\\\/\\\/informelitoral.com.ar\\\/la-ramirense-maitena-riffel-conto-como-es-la-vida-en-qatar-el-pais-del-mundial\\\/#respond\"]}]},{\"@type\":\"WebPage\",\"@id\":\"https:\\\/\\\/informelitoral.com.ar\\\/la-ramirense-maitena-riffel-conto-como-es-la-vida-en-qatar-el-pais-del-mundial\\\/\",\"url\":\"https:\\\/\\\/informelitoral.com.ar\\\/la-ramirense-maitena-riffel-conto-como-es-la-vida-en-qatar-el-pais-del-mundial\\\/\",\"name\":\"La ramirense Maitena Riffel cont\u00f3 c\u00f3mo es la vida en Qatar, el pa\u00eds del Mundial - Informe Litoral\",\"isPartOf\":{\"@id\":\"https:\\\/\\\/informelitoral.com.ar\\\/#website\"},\"primaryImageOfPage\":{\"@id\":\"https:\\\/\\\/informelitoral.com.ar\\\/la-ramirense-maitena-riffel-conto-como-es-la-vida-en-qatar-el-pais-del-mundial\\\/#primaryimage\"},\"image\":{\"@id\":\"https:\\\/\\\/informelitoral.com.ar\\\/la-ramirense-maitena-riffel-conto-como-es-la-vida-en-qatar-el-pais-del-mundial\\\/#primaryimage\"},\"thumbnailUrl\":\"https:\\\/\\\/informelitoral.com.ar\\\/%77%70%2d%63%6f%6e%74%65%6e%74\\\/uploads\\\/2022\\\/10\\\/e8ad364e-12a4-434d-9573-26da54b4c072.jpg\",\"datePublished\":\"2022-10-10T22:02:17+00:00\",\"breadcrumb\":{\"@id\":\"https:\\\/\\\/informelitoral.com.ar\\\/la-ramirense-maitena-riffel-conto-como-es-la-vida-en-qatar-el-pais-del-mundial\\\/#breadcrumb\"},\"inLanguage\":\"es\",\"potentialAction\":[{\"@type\":\"ReadAction\",\"target\":[\"https:\\\/\\\/informelitoral.com.ar\\\/la-ramirense-maitena-riffel-conto-como-es-la-vida-en-qatar-el-pais-del-mundial\\\/\"]}]},{\"@type\":\"ImageObject\",\"inLanguage\":\"es\",\"@id\":\"https:\\\/\\\/informelitoral.com.ar\\\/la-ramirense-maitena-riffel-conto-como-es-la-vida-en-qatar-el-pais-del-mundial\\\/#primaryimage\",\"url\":\"https:\\\/\\\/informelitoral.com.ar\\\/%77%70%2d%63%6f%6e%74%65%6e%74\\\/uploads\\\/2022\\\/10\\\/e8ad364e-12a4-434d-9573-26da54b4c072.jpg\",\"contentUrl\":\"https:\\\/\\\/informelitoral.com.ar\\\/%77%70%2d%63%6f%6e%74%65%6e%74\\\/uploads\\\/2022\\\/10\\\/e8ad364e-12a4-434d-9573-26da54b4c072.jpg\",\"width\":958,\"height\":1280},{\"@type\":\"BreadcrumbList\",\"@id\":\"https:\\\/\\\/informelitoral.com.ar\\\/la-ramirense-maitena-riffel-conto-como-es-la-vida-en-qatar-el-pais-del-mundial\\\/#breadcrumb\",\"itemListElement\":[{\"@type\":\"ListItem\",\"position\":1,\"name\":\"Portada\",\"item\":\"https:\\\/\\\/informelitoral.com.ar\\\/\"},{\"@type\":\"ListItem\",\"position\":2,\"name\":\"La ramirense Maitena Riffel cont\u00f3 c\u00f3mo es la vida en Qatar, el pa\u00eds del Mundial\"}]},{\"@type\":\"WebSite\",\"@id\":\"https:\\\/\\\/informelitoral.com.ar\\\/#website\",\"url\":\"https:\\\/\\\/informelitoral.com.ar\\\/\",\"name\":\"Informe Litoral\",\"description\":\"&quot;Nos informamos&quot; \",\"publisher\":{\"@id\":\"https:\\\/\\\/informelitoral.com.ar\\\/#organization\"},\"potentialAction\":[{\"@type\":\"SearchAction\",\"target\":{\"@type\":\"EntryPoint\",\"urlTemplate\":\"https:\\\/\\\/informelitoral.com.ar\\\/?s={search_term_string}\"},\"query-input\":{\"@type\":\"PropertyValueSpecification\",\"valueRequired\":true,\"valueName\":\"search_term_string\"}}],\"inLanguage\":\"es\"},{\"@type\":\"Organization\",\"@id\":\"https:\\\/\\\/informelitoral.com.ar\\\/#organization\",\"name\":\"Informe Litoral\",\"url\":\"https:\\\/\\\/informelitoral.com.ar\\\/\",\"logo\":{\"@type\":\"ImageObject\",\"inLanguage\":\"es\",\"@id\":\"https:\\\/\\\/informelitoral.com.ar\\\/#\\\/schema\\\/logo\\\/image\\\/\",\"url\":\"https:\\\/\\\/informelitoral.com.ar\\\/%77%70%2d%63%6f%6e%74%65%6e%74\\\/uploads\\\/2021\\\/01\\\/circulo.png\",\"contentUrl\":\"https:\\\/\\\/informelitoral.com.ar\\\/%77%70%2d%63%6f%6e%74%65%6e%74\\\/uploads\\\/2021\\\/01\\\/circulo.png\",\"width\":723,\"height\":731,\"caption\":\"Informe Litoral\"},\"image\":{\"@id\":\"https:\\\/\\\/informelitoral.com.ar\\\/#\\\/schema\\\/logo\\\/image\\\/\"},\"sameAs\":[\"https:\\\/\\\/www.facebook.com\\\/informelitoral\\\/\",\"https:\\\/\\\/x.com\\\/InformeLitoral\",\"https:\\\/\\\/www.instagram.com\\\/informelitoral\\\/\",\"https:\\\/\\\/www.youtube.com\\\/channel\\\/UCua4Qvz8Icb6MYqhoq9xLXw\"]},{\"@type\":\"Person\",\"@id\":\"https:\\\/\\\/informelitoral.com.ar\\\/#\\\/schema\\\/person\\\/b9d00407c836482871ef1d57bf8e3180\",\"name\":\"Gonzalo Schmidt\",\"image\":{\"@type\":\"ImageObject\",\"inLanguage\":\"es\",\"@id\":\"https:\\\/\\\/secure.gravatar.com\\\/avatar\\\/31a1a7b66ff2de83bd0e9fd79d026630d2d99e55e8bfe501287647b4fd9743de?s=96&d=mm&r=g\",\"url\":\"https:\\\/\\\/secure.gravatar.com\\\/avatar\\\/31a1a7b66ff2de83bd0e9fd79d026630d2d99e55e8bfe501287647b4fd9743de?s=96&d=mm&r=g\",\"contentUrl\":\"https:\\\/\\\/secure.gravatar.com\\\/avatar\\\/31a1a7b66ff2de83bd0e9fd79d026630d2d99e55e8bfe501287647b4fd9743de?s=96&d=mm&r=g\",\"caption\":\"Gonzalo Schmidt\"},\"description\":\"Sitio web de noticias de la provincia de Entre R\u00edos, Argentina. Informaci\u00f3n y entretenimiento. Informe Litoral, nos informamos.\",\"sameAs\":[\"http:\\\/\\\/www.isletasnoticias.com.ar\"],\"url\":\"https:\\\/\\\/informelitoral.com.ar\\\/author\\\/gonzalo\\\/\"}]}<\/script>","yoast_head_json":{"title":"La ramirense Maitena Riffel cont\u00f3 c\u00f3mo es la vida en Qatar, el pa\u00eds del Mundial - Informe Litoral","robots":{"index":"index","follow":"follow","max-snippet":"max-snippet:-1","max-image-preview":"max-image-preview:large","max-video-preview":"max-video-preview:-1"},"canonical":"https:\/\/informelitoral.com.ar\/la-ramirense-maitena-riffel-conto-como-es-la-vida-en-qatar-el-pais-del-mundial\/","og_locale":"es_ES","og_type":"article","og_title":"La ramirense Maitena Riffel cont\u00f3 c\u00f3mo es la vida en Qatar, el pa\u00eds del Mundial - Informe Litoral","og_description":"Viaj\u00f3 a ese pa\u00eds por medio de un programa de intercambio estudiantil y laboral. La joven describi\u00f3 las principales diferencias con respecto a la Argentina, desde la cultura, hasta la extensi\u00f3n territorial y la temperatura.","og_url":"https:\/\/informelitoral.com.ar\/la-ramirense-maitena-riffel-conto-como-es-la-vida-en-qatar-el-pais-del-mundial\/","og_site_name":"Informe Litoral","article_publisher":"https:\/\/www.facebook.com\/informelitoral\/","article_published_time":"2022-10-10T22:02:17+00:00","og_image":[{"width":958,"height":1280,"url":"https:\/\/informelitoral.com.ar\/%77%70%2d%63%6f%6e%74%65%6e%74\/uploads\/2022\/10\/e8ad364e-12a4-434d-9573-26da54b4c072.jpg","type":"image\/jpeg"}],"author":"Gonzalo Schmidt","twitter_card":"summary_large_image","twitter_creator":"@InformeLitoral","twitter_site":"@InformeLitoral","twitter_misc":{"Escrito por":"Gonzalo Schmidt","Tiempo de lectura":"3 minutos"},"schema":{"@context":"https:\/\/schema.org","@graph":[{"@type":"Article","@id":"https:\/\/informelitoral.com.ar\/la-ramirense-maitena-riffel-conto-como-es-la-vida-en-qatar-el-pais-del-mundial\/#article","isPartOf":{"@id":"https:\/\/informelitoral.com.ar\/la-ramirense-maitena-riffel-conto-como-es-la-vida-en-qatar-el-pais-del-mundial\/"},"author":{"name":"Gonzalo Schmidt","@id":"https:\/\/informelitoral.com.ar\/#\/schema\/person\/b9d00407c836482871ef1d57bf8e3180"},"headline":"La ramirense Maitena Riffel cont\u00f3 c\u00f3mo es la vida en Qatar, el pa\u00eds del Mundial","datePublished":"2022-10-10T22:02:17+00:00","mainEntityOfPage":{"@id":"https:\/\/informelitoral.com.ar\/la-ramirense-maitena-riffel-conto-como-es-la-vida-en-qatar-el-pais-del-mundial\/"},"wordCount":550,"commentCount":0,"publisher":{"@id":"https:\/\/informelitoral.com.ar\/#organization"},"image":{"@id":"https:\/\/informelitoral.com.ar\/la-ramirense-maitena-riffel-conto-como-es-la-vida-en-qatar-el-pais-del-mundial\/#primaryimage"},"thumbnailUrl":"https:\/\/informelitoral.com.ar\/%77%70%2d%63%6f%6e%74%65%6e%74\/uploads\/2022\/10\/e8ad364e-12a4-434d-9573-26da54b4c072.jpg","keywords":["Qatar","Qatar 2022"],"articleSection":["Sociedad"],"inLanguage":"es","potentialAction":[{"@type":"CommentAction","name":"Comment","target":["https:\/\/informelitoral.com.ar\/la-ramirense-maitena-riffel-conto-como-es-la-vida-en-qatar-el-pais-del-mundial\/#respond"]}]},{"@type":"WebPage","@id":"https:\/\/informelitoral.com.ar\/la-ramirense-maitena-riffel-conto-como-es-la-vida-en-qatar-el-pais-del-mundial\/","url":"https:\/\/informelitoral.com.ar\/la-ramirense-maitena-riffel-conto-como-es-la-vida-en-qatar-el-pais-del-mundial\/","name":"La ramirense Maitena Riffel cont\u00f3 c\u00f3mo es la vida en Qatar, el pa\u00eds del Mundial - Informe Litoral","isPartOf":{"@id":"https:\/\/informelitoral.com.ar\/#website"},"primaryImageOfPage":{"@id":"https:\/\/informelitoral.com.ar\/la-ramirense-maitena-riffel-conto-como-es-la-vida-en-qatar-el-pais-del-mundial\/#primaryimage"},"image":{"@id":"https:\/\/informelitoral.com.ar\/la-ramirense-maitena-riffel-conto-como-es-la-vida-en-qatar-el-pais-del-mundial\/#primaryimage"},"thumbnailUrl":"https:\/\/informelitoral.com.ar\/%77%70%2d%63%6f%6e%74%65%6e%74\/uploads\/2022\/10\/e8ad364e-12a4-434d-9573-26da54b4c072.jpg","datePublished":"2022-10-10T22:02:17+00:00","breadcrumb":{"@id":"https:\/\/informelitoral.com.ar\/la-ramirense-maitena-riffel-conto-como-es-la-vida-en-qatar-el-pais-del-mundial\/#breadcrumb"},"inLanguage":"es","potentialAction":[{"@type":"ReadAction","target":["https:\/\/informelitoral.com.ar\/la-ramirense-maitena-riffel-conto-como-es-la-vida-en-qatar-el-pais-del-mundial\/"]}]},{"@type":"ImageObject","inLanguage":"es","@id":"https:\/\/informelitoral.com.ar\/la-ramirense-maitena-riffel-conto-como-es-la-vida-en-qatar-el-pais-del-mundial\/#primaryimage","url":"https:\/\/informelitoral.com.ar\/%77%70%2d%63%6f%6e%74%65%6e%74\/uploads\/2022\/10\/e8ad364e-12a4-434d-9573-26da54b4c072.jpg","contentUrl":"https:\/\/informelitoral.com.ar\/%77%70%2d%63%6f%6e%74%65%6e%74\/uploads\/2022\/10\/e8ad364e-12a4-434d-9573-26da54b4c072.jpg","width":958,"height":1280},{"@type":"BreadcrumbList","@id":"https:\/\/informelitoral.com.ar\/la-ramirense-maitena-riffel-conto-como-es-la-vida-en-qatar-el-pais-del-mundial\/#breadcrumb","itemListElement":[{"@type":"ListItem","position":1,"name":"Portada","item":"https:\/\/informelitoral.com.ar\/"},{"@type":"ListItem","position":2,"name":"La ramirense Maitena Riffel cont\u00f3 c\u00f3mo es la vida en Qatar, el pa\u00eds del Mundial"}]},{"@type":"WebSite","@id":"https:\/\/informelitoral.com.ar\/#website","url":"https:\/\/informelitoral.com.ar\/","name":"Informe Litoral","description":"&quot;Nos informamos&quot; ","publisher":{"@id":"https:\/\/informelitoral.com.ar\/#organization"},"potentialAction":[{"@type":"SearchAction","target":{"@type":"EntryPoint","urlTemplate":"https:\/\/informelitoral.com.ar\/?s={search_term_string}"},"query-input":{"@type":"PropertyValueSpecification","valueRequired":true,"valueName":"search_term_string"}}],"inLanguage":"es"},{"@type":"Organization","@id":"https:\/\/informelitoral.com.ar\/#organization","name":"Informe Litoral","url":"https:\/\/informelitoral.com.ar\/","logo":{"@type":"ImageObject","inLanguage":"es","@id":"https:\/\/informelitoral.com.ar\/#\/schema\/logo\/image\/","url":"https:\/\/informelitoral.com.ar\/%77%70%2d%63%6f%6e%74%65%6e%74\/uploads\/2021\/01\/circulo.png","contentUrl":"https:\/\/informelitoral.com.ar\/%77%70%2d%63%6f%6e%74%65%6e%74\/uploads\/2021\/01\/circulo.png","width":723,"height":731,"caption":"Informe Litoral"},"image":{"@id":"https:\/\/informelitoral.com.ar\/#\/schema\/logo\/image\/"},"sameAs":["https:\/\/www.facebook.com\/informelitoral\/","https:\/\/x.com\/InformeLitoral","https:\/\/www.instagram.com\/informelitoral\/","https:\/\/www.youtube.com\/channel\/UCua4Qvz8Icb6MYqhoq9xLXw"]},{"@type":"Person","@id":"https:\/\/informelitoral.com.ar\/#\/schema\/person\/b9d00407c836482871ef1d57bf8e3180","name":"Gonzalo Schmidt","image":{"@type":"ImageObject","inLanguage":"es","@id":"https:\/\/secure.gravatar.com\/avatar\/31a1a7b66ff2de83bd0e9fd79d026630d2d99e55e8bfe501287647b4fd9743de?s=96&d=mm&r=g","url":"https:\/\/secure.gravatar.com\/avatar\/31a1a7b66ff2de83bd0e9fd79d026630d2d99e55e8bfe501287647b4fd9743de?s=96&d=mm&r=g","contentUrl":"https:\/\/secure.gravatar.com\/avatar\/31a1a7b66ff2de83bd0e9fd79d026630d2d99e55e8bfe501287647b4fd9743de?s=96&d=mm&r=g","caption":"Gonzalo Schmidt"},"description":"Sitio web de noticias de la provincia de Entre R\u00edos, Argentina. Informaci\u00f3n y entretenimiento. Informe Litoral, nos informamos.","sameAs":["http:\/\/www.isletasnoticias.com.ar"],"url":"https:\/\/informelitoral.com.ar\/author\/gonzalo\/"}]}},"_links":{"self":[{"href":"https:\/\/informelitoral.com.ar\/%77%70%2d%6a%73%6f%6e\/wp\/v2\/posts\/89213","targetHints":{"allow":["GET"]}}],"collection":[{"href":"https:\/\/informelitoral.com.ar\/%77%70%2d%6a%73%6f%6e\/wp\/v2\/posts"}],"about":[{"href":"https:\/\/informelitoral.com.ar\/%77%70%2d%6a%73%6f%6e\/wp\/v2\/types\/post"}],"author":[{"embeddable":true,"href":"https:\/\/informelitoral.com.ar\/%77%70%2d%6a%73%6f%6e\/wp\/v2\/users\/2"}],"replies":[{"embeddable":true,"href":"https:\/\/informelitoral.com.ar\/%77%70%2d%6a%73%6f%6e\/wp\/v2\/comments?post=89213"}],"version-history":[{"count":0,"href":"https:\/\/informelitoral.com.ar\/%77%70%2d%6a%73%6f%6e\/wp\/v2\/posts\/89213\/revisions"}],"wp:featuredmedia":[{"embeddable":true,"href":"https:\/\/informelitoral.com.ar\/%77%70%2d%6a%73%6f%6e\/wp\/v2\/media\/89468"}],"wp:attachment":[{"href":"https:\/\/informelitoral.com.ar\/%77%70%2d%6a%73%6f%6e\/wp\/v2\/media?parent=89213"}],"wp:term":[{"taxonomy":"category","embeddable":true,"href":"https:\/\/informelitoral.com.ar\/%77%70%2d%6a%73%6f%6e\/wp\/v2\/categories?post=89213"},{"taxonomy":"post_tag","embeddable":true,"href":"https:\/\/informelitoral.com.ar\/%77%70%2d%6a%73%6f%6e\/wp\/v2\/tags?post=89213"}],"curies":[{"name":"wp","href":"https:\/\/api.w.org\/{rel}","templated":true}]}}