{"id":8920,"date":"2014-11-10T20:07:41","date_gmt":"2014-11-10T23:07:41","guid":{"rendered":"http:\/\/www.isletasnoticias.com.ar\/?p=8920"},"modified":"2014-11-10T20:10:48","modified_gmt":"2014-11-10T23:10:48","slug":"adelanto-de-in-se-instalarian-17-empresas-en-el-parque-industrial-de-ramirez","status":"publish","type":"post","link":"https:\/\/informelitoral.com.ar\/adelanto-de-in-se-instalarian-17-empresas-en-el-parque-industrial-de-ramirez\/","title":{"rendered":"Adelanto de IN: se instalar\u00edan 17 empresas en el Parque Industrial de Ram\u00edrez"},"content":{"rendered":"<div class=\"_5pbx userContent\" data-ft=\"{&quot;tn&quot;:&quot;K&quot;}\">\n<p><strong>Las firmas ser\u00edan en su mayor\u00eda de la localidad. Algunas trasladar\u00e1n sus actuales emprendimientos de la ciudad al Parque Industrial y otras avanzar\u00e1n en nuevos rubros. La visita del gobernador <em>Urribarri<\/em> habr\u00eda sido clave para destrabar la incorporaci\u00f3n de 23 hect\u00e1reas al \u00c1rea Industrial.<a href=\"http:\/\/www.isletasnoticias.com.ar\/%77%70%2d%63%6f%6e%74%65%6e%74\/uploads\/2014\/11\/PARQUE-INDUSTRIAL.jpg\"><img loading=\"lazy\" decoding=\"async\" class=\"aligncenter size-medium wp-image-8921\" src=\"http:\/\/www.isletasnoticias.com.ar\/%77%70%2d%63%6f%6e%74%65%6e%74\/uploads\/2014\/11\/PARQUE-INDUSTRIAL-300x201.jpg\" alt=\"PARQUE-INDUSTRIAL\" width=\"300\" height=\"201\" srcset=\"https:\/\/informelitoral.com.ar\/%77%70%2d%63%6f%6e%74%65%6e%74\/uploads\/2014\/11\/PARQUE-INDUSTRIAL-300x201.jpg 300w, https:\/\/informelitoral.com.ar\/%77%70%2d%63%6f%6e%74%65%6e%74\/uploads\/2014\/11\/PARQUE-INDUSTRIAL.jpg 1024w\" sizes=\"auto, (max-width: 300px) 100vw, 300px\" \/><\/a><\/strong><\/p>\n<p>Seg\u00fan pudo conocer<strong><em> ISLETAS NOTICIAS<\/em><\/strong>, ser\u00eda inminente la ampliaci\u00f3n del Parque Industrial de General Ram\u00edrez, con la incorporaci\u00f3n de un predio de 23 hect\u00e1reas en manos del Banco de Entre R\u00edos, lo que acarrear\u00e1 la instalaci\u00f3n de 17 empresas que generar\u00edan cientos de puestos de trabajo.<\/p>\n<p>La visita del gobernador <strong>Sergio Urribarri<\/strong>, la semana pasada, habr\u00eda sido determinante para finalmente destrabar la ampliaci\u00f3n del Parque.<a href=\"http:\/\/www.isletasnoticias.com.ar\/%77%70%2d%63%6f%6e%74%65%6e%74\/uploads\/2014\/11\/11.jpg\"><img loading=\"lazy\" decoding=\"async\" class=\"alignright wp-image-8922 size-medium\" src=\"http:\/\/www.isletasnoticias.com.ar\/%77%70%2d%63%6f%6e%74%65%6e%74\/uploads\/2014\/11\/11-300x199.jpg\" alt=\"1\" width=\"300\" height=\"199\" srcset=\"https:\/\/informelitoral.com.ar\/%77%70%2d%63%6f%6e%74%65%6e%74\/uploads\/2014\/11\/11-300x199.jpg 300w, https:\/\/informelitoral.com.ar\/%77%70%2d%63%6f%6e%74%65%6e%74\/uploads\/2014\/11\/11.jpg 960w\" sizes=\"auto, (max-width: 300px) 100vw, 300px\" \/><\/a><\/p>\n<p>En este sentido, el intendente <strong>Edelmiro Kr\u00e4mer<\/strong> mantuvo un nuevo encuentro con los empresarios en las \u00faltimas horas, en el cual \u00abse acord\u00f3 que los responsables de la firmas intervinientes aportar\u00e1n el 50 por ciento (2 millones y medio) de lo pretendido por el Nuevo Banco de Entre R\u00edos, propietario de las 23 hect\u00e1reas. La entrega est\u00e1 pactada para un corto plazo\u00bb, adelantaron desde el Ejecutivo.<\/p>\n<p>\u00abSeguimos trabajando y gestionando para poder cumplir con este gran anhelo para los ramirenses, que sin lugar a dudas ser\u00e1 beneficioso para el crecimiento de la ciudad, ya que generar\u00e1 m\u00e1s puestos de trabajo\u00bb, valoraron desde el municipio.<\/p>\n<p>De la reuni\u00f3n participaron el\u00a0el asesor Legal, <strong>Dr. Luis Stello<\/strong>; el responsable del \u00c1rea de la Producci\u00f3n, <strong>Cdor. David Gonz\u00e1lez<\/strong>; el subsecretario de Obras y Servicios P\u00fablicos, <strong>MMO Pablo Blum<\/strong>; y el viceintendente <strong>Jorge Poschke<\/strong>. <em>(Isletas Noticias)<\/em><\/p>\n<\/div>\n","protected":false},"excerpt":{"rendered":"<p>Las firmas ser&iacute;an en su mayor&iacute;a de la localidad. Algunas trasladar&aacute;n sus actuales emprendimientos de la ciudad al Parque Industrial y otras avanzar&aacute;n en nuevos rubros. La visita del gobernador Urribarri habr&iacute;a sido clave para destrabar la incorporaci&oacute;n de 23 hect&aacute;reas al &Aacute;rea Industrial. Seg&uacute;n pudo conocer ISLETAS NOTICIAS, ser&iacute;a inminente la ampliaci&oacute;n del Parque [&hellip;]<\/p>\n","protected":false},"author":2,"featured_media":0,"comment_status":"open","ping_status":"open","sticky":false,"template":"","format":"standard","meta":{"fifu_image_url":"","fifu_image_alt":"","footnotes":""},"categories":[5],"tags":[],"class_list":{"0":"post-8920","1":"post","2":"type-post","3":"status-publish","4":"format-standard","6":"category-zonales"},"yoast_head":"<title>Adelanto de IN: se instalar\u00edan 17 empresas en el Parque Industrial de Ram\u00edrez - Informe Litoral<\/title>\n<meta name=\"robots\" content=\"index, follow, max-snippet:-1, max-image-preview:large, max-video-preview:-1\" \/>\n<link rel=\"canonical\" href=\"https:\/\/informelitoral.com.ar\/adelanto-de-in-se-instalarian-17-empresas-en-el-parque-industrial-de-ramirez\/\" \/>\n<meta property=\"og:locale\" content=\"es_ES\" \/>\n<meta property=\"og:type\" content=\"article\" \/>\n<meta property=\"og:title\" content=\"Adelanto de IN: se instalar\u00edan 17 empresas en el Parque Industrial de Ram\u00edrez - Informe Litoral\" \/>\n<meta property=\"og:description\" content=\"Las firmas ser&iacute;an en su mayor&iacute;a de la localidad. Algunas trasladar&aacute;n sus actuales emprendimientos de la ciudad al Parque Industrial y otras avanzar&aacute;n en nuevos rubros. La visita del gobernador Urribarri habr&iacute;a sido clave para destrabar la incorporaci&oacute;n de 23 hect&aacute;reas al &Aacute;rea Industrial. Seg&uacute;n pudo conocer ISLETAS NOTICIAS, ser&iacute;a inminente la ampliaci&oacute;n del Parque [&hellip;]\" \/>\n<meta property=\"og:url\" content=\"https:\/\/informelitoral.com.ar\/adelanto-de-in-se-instalarian-17-empresas-en-el-parque-industrial-de-ramirez\/\" \/>\n<meta property=\"og:site_name\" content=\"Informe Litoral\" \/>\n<meta property=\"article:publisher\" content=\"https:\/\/www.facebook.com\/informelitoral\/\" \/>\n<meta property=\"article:published_time\" content=\"2014-11-10T23:07:41+00:00\" \/>\n<meta property=\"article:modified_time\" content=\"2014-11-10T23:10:48+00:00\" \/>\n<meta property=\"og:image\" content=\"https:\/\/informelitoral.com.ar\/%77%70%2d%63%6f%6e%74%65%6e%74\/uploads\/2014\/11\/PARQUE-INDUSTRIAL.jpg\" \/>\n\t<meta property=\"og:image:width\" content=\"1024\" \/>\n\t<meta property=\"og:image:height\" content=\"687\" \/>\n\t<meta property=\"og:image:type\" content=\"image\/jpeg\" \/>\n<meta name=\"author\" content=\"Gonzalo Schmidt\" \/>\n<meta name=\"twitter:card\" content=\"summary_large_image\" \/>\n<meta name=\"twitter:creator\" content=\"@InformeLitoral\" \/>\n<meta name=\"twitter:site\" content=\"@InformeLitoral\" \/>\n<meta name=\"twitter:label1\" content=\"Escrito por\" \/>\n\t<meta name=\"twitter:data1\" content=\"Gonzalo Schmidt\" \/>\n\t<meta name=\"twitter:label2\" content=\"Tiempo de lectura\" \/>\n\t<meta name=\"twitter:data2\" content=\"1 minuto\" \/>\n<script type=\"application\/ld+json\" class=\"yoast-schema-graph\">{\"@context\":\"https:\\\/\\\/schema.org\",\"@graph\":[{\"@type\":\"Article\",\"@id\":\"https:\\\/\\\/informelitoral.com.ar\\\/adelanto-de-in-se-instalarian-17-empresas-en-el-parque-industrial-de-ramirez\\\/#article\",\"isPartOf\":{\"@id\":\"https:\\\/\\\/informelitoral.com.ar\\\/adelanto-de-in-se-instalarian-17-empresas-en-el-parque-industrial-de-ramirez\\\/\"},\"author\":{\"name\":\"Gonzalo Schmidt\",\"@id\":\"https:\\\/\\\/informelitoral.com.ar\\\/#\\\/schema\\\/person\\\/b9d00407c836482871ef1d57bf8e3180\"},\"headline\":\"Adelanto de IN: se instalar\u00edan 17 empresas en el Parque Industrial de Ram\u00edrez\",\"datePublished\":\"2014-11-10T23:07:41+00:00\",\"dateModified\":\"2014-11-10T23:10:48+00:00\",\"mainEntityOfPage\":{\"@id\":\"https:\\\/\\\/informelitoral.com.ar\\\/adelanto-de-in-se-instalarian-17-empresas-en-el-parque-industrial-de-ramirez\\\/\"},\"wordCount\":286,\"commentCount\":0,\"publisher\":{\"@id\":\"https:\\\/\\\/informelitoral.com.ar\\\/#organization\"},\"image\":{\"@id\":\"https:\\\/\\\/informelitoral.com.ar\\\/adelanto-de-in-se-instalarian-17-empresas-en-el-parque-industrial-de-ramirez\\\/#primaryimage\"},\"thumbnailUrl\":\"http:\\\/\\\/www.isletasnoticias.com.ar\\\/%77%70%2d%63%6f%6e%74%65%6e%74\\\/uploads\\\/2014\\\/11\\\/PARQUE-INDUSTRIAL-300x201.jpg\",\"articleSection\":[\"Departamento Diamante\"],\"inLanguage\":\"es\",\"potentialAction\":[{\"@type\":\"CommentAction\",\"name\":\"Comment\",\"target\":[\"https:\\\/\\\/informelitoral.com.ar\\\/adelanto-de-in-se-instalarian-17-empresas-en-el-parque-industrial-de-ramirez\\\/#respond\"]}]},{\"@type\":\"WebPage\",\"@id\":\"https:\\\/\\\/informelitoral.com.ar\\\/adelanto-de-in-se-instalarian-17-empresas-en-el-parque-industrial-de-ramirez\\\/\",\"url\":\"https:\\\/\\\/informelitoral.com.ar\\\/adelanto-de-in-se-instalarian-17-empresas-en-el-parque-industrial-de-ramirez\\\/\",\"name\":\"Adelanto de IN: se instalar\u00edan 17 empresas en el Parque Industrial de Ram\u00edrez - Informe Litoral\",\"isPartOf\":{\"@id\":\"https:\\\/\\\/informelitoral.com.ar\\\/#website\"},\"primaryImageOfPage\":{\"@id\":\"https:\\\/\\\/informelitoral.com.ar\\\/adelanto-de-in-se-instalarian-17-empresas-en-el-parque-industrial-de-ramirez\\\/#primaryimage\"},\"image\":{\"@id\":\"https:\\\/\\\/informelitoral.com.ar\\\/adelanto-de-in-se-instalarian-17-empresas-en-el-parque-industrial-de-ramirez\\\/#primaryimage\"},\"thumbnailUrl\":\"http:\\\/\\\/www.isletasnoticias.com.ar\\\/%77%70%2d%63%6f%6e%74%65%6e%74\\\/uploads\\\/2014\\\/11\\\/PARQUE-INDUSTRIAL-300x201.jpg\",\"datePublished\":\"2014-11-10T23:07:41+00:00\",\"dateModified\":\"2014-11-10T23:10:48+00:00\",\"breadcrumb\":{\"@id\":\"https:\\\/\\\/informelitoral.com.ar\\\/adelanto-de-in-se-instalarian-17-empresas-en-el-parque-industrial-de-ramirez\\\/#breadcrumb\"},\"inLanguage\":\"es\",\"potentialAction\":[{\"@type\":\"ReadAction\",\"target\":[\"https:\\\/\\\/informelitoral.com.ar\\\/adelanto-de-in-se-instalarian-17-empresas-en-el-parque-industrial-de-ramirez\\\/\"]}]},{\"@type\":\"ImageObject\",\"inLanguage\":\"es\",\"@id\":\"https:\\\/\\\/informelitoral.com.ar\\\/adelanto-de-in-se-instalarian-17-empresas-en-el-parque-industrial-de-ramirez\\\/#primaryimage\",\"url\":\"http:\\\/\\\/www.isletasnoticias.com.ar\\\/%77%70%2d%63%6f%6e%74%65%6e%74\\\/uploads\\\/2014\\\/11\\\/PARQUE-INDUSTRIAL-300x201.jpg\",\"contentUrl\":\"http:\\\/\\\/www.isletasnoticias.com.ar\\\/%77%70%2d%63%6f%6e%74%65%6e%74\\\/uploads\\\/2014\\\/11\\\/PARQUE-INDUSTRIAL-300x201.jpg\"},{\"@type\":\"BreadcrumbList\",\"@id\":\"https:\\\/\\\/informelitoral.com.ar\\\/adelanto-de-in-se-instalarian-17-empresas-en-el-parque-industrial-de-ramirez\\\/#breadcrumb\",\"itemListElement\":[{\"@type\":\"ListItem\",\"position\":1,\"name\":\"Portada\",\"item\":\"https:\\\/\\\/informelitoral.com.ar\\\/\"},{\"@type\":\"ListItem\",\"position\":2,\"name\":\"Adelanto de IN: se instalar\u00edan 17 empresas en el Parque Industrial de Ram\u00edrez\"}]},{\"@type\":\"WebSite\",\"@id\":\"https:\\\/\\\/informelitoral.com.ar\\\/#website\",\"url\":\"https:\\\/\\\/informelitoral.com.ar\\\/\",\"name\":\"Informe Litoral\",\"description\":\"&quot;Nos informamos&quot; \",\"publisher\":{\"@id\":\"https:\\\/\\\/informelitoral.com.ar\\\/#organization\"},\"potentialAction\":[{\"@type\":\"SearchAction\",\"target\":{\"@type\":\"EntryPoint\",\"urlTemplate\":\"https:\\\/\\\/informelitoral.com.ar\\\/?s={search_term_string}\"},\"query-input\":{\"@type\":\"PropertyValueSpecification\",\"valueRequired\":true,\"valueName\":\"search_term_string\"}}],\"inLanguage\":\"es\"},{\"@type\":\"Organization\",\"@id\":\"https:\\\/\\\/informelitoral.com.ar\\\/#organization\",\"name\":\"Informe Litoral\",\"url\":\"https:\\\/\\\/informelitoral.com.ar\\\/\",\"logo\":{\"@type\":\"ImageObject\",\"inLanguage\":\"es\",\"@id\":\"https:\\\/\\\/informelitoral.com.ar\\\/#\\\/schema\\\/logo\\\/image\\\/\",\"url\":\"https:\\\/\\\/informelitoral.com.ar\\\/%77%70%2d%63%6f%6e%74%65%6e%74\\\/uploads\\\/2021\\\/01\\\/circulo.png\",\"contentUrl\":\"https:\\\/\\\/informelitoral.com.ar\\\/%77%70%2d%63%6f%6e%74%65%6e%74\\\/uploads\\\/2021\\\/01\\\/circulo.png\",\"width\":723,\"height\":731,\"caption\":\"Informe Litoral\"},\"image\":{\"@id\":\"https:\\\/\\\/informelitoral.com.ar\\\/#\\\/schema\\\/logo\\\/image\\\/\"},\"sameAs\":[\"https:\\\/\\\/www.facebook.com\\\/informelitoral\\\/\",\"https:\\\/\\\/x.com\\\/InformeLitoral\",\"https:\\\/\\\/www.instagram.com\\\/informelitoral\\\/\",\"https:\\\/\\\/www.youtube.com\\\/channel\\\/UCua4Qvz8Icb6MYqhoq9xLXw\"]},{\"@type\":\"Person\",\"@id\":\"https:\\\/\\\/informelitoral.com.ar\\\/#\\\/schema\\\/person\\\/b9d00407c836482871ef1d57bf8e3180\",\"name\":\"Gonzalo Schmidt\",\"image\":{\"@type\":\"ImageObject\",\"inLanguage\":\"es\",\"@id\":\"https:\\\/\\\/secure.gravatar.com\\\/avatar\\\/31a1a7b66ff2de83bd0e9fd79d026630d2d99e55e8bfe501287647b4fd9743de?s=96&d=mm&r=g\",\"url\":\"https:\\\/\\\/secure.gravatar.com\\\/avatar\\\/31a1a7b66ff2de83bd0e9fd79d026630d2d99e55e8bfe501287647b4fd9743de?s=96&d=mm&r=g\",\"contentUrl\":\"https:\\\/\\\/secure.gravatar.com\\\/avatar\\\/31a1a7b66ff2de83bd0e9fd79d026630d2d99e55e8bfe501287647b4fd9743de?s=96&d=mm&r=g\",\"caption\":\"Gonzalo Schmidt\"},\"description\":\"Sitio web de noticias de la provincia de Entre R\u00edos, Argentina. Informaci\u00f3n y entretenimiento. Informe Litoral, nos informamos.\",\"sameAs\":[\"http:\\\/\\\/www.isletasnoticias.com.ar\"],\"url\":\"https:\\\/\\\/informelitoral.com.ar\\\/author\\\/gonzalo\\\/\"}]}<\/script>","yoast_head_json":{"title":"Adelanto de IN: se instalar\u00edan 17 empresas en el Parque Industrial de Ram\u00edrez - Informe Litoral","robots":{"index":"index","follow":"follow","max-snippet":"max-snippet:-1","max-image-preview":"max-image-preview:large","max-video-preview":"max-video-preview:-1"},"canonical":"https:\/\/informelitoral.com.ar\/adelanto-de-in-se-instalarian-17-empresas-en-el-parque-industrial-de-ramirez\/","og_locale":"es_ES","og_type":"article","og_title":"Adelanto de IN: se instalar\u00edan 17 empresas en el Parque Industrial de Ram\u00edrez - Informe Litoral","og_description":"Las firmas ser&iacute;an en su mayor&iacute;a de la localidad. Algunas trasladar&aacute;n sus actuales emprendimientos de la ciudad al Parque Industrial y otras avanzar&aacute;n en nuevos rubros. La visita del gobernador Urribarri habr&iacute;a sido clave para destrabar la incorporaci&oacute;n de 23 hect&aacute;reas al &Aacute;rea Industrial. Seg&uacute;n pudo conocer ISLETAS NOTICIAS, ser&iacute;a inminente la ampliaci&oacute;n del Parque [&hellip;]","og_url":"https:\/\/informelitoral.com.ar\/adelanto-de-in-se-instalarian-17-empresas-en-el-parque-industrial-de-ramirez\/","og_site_name":"Informe Litoral","article_publisher":"https:\/\/www.facebook.com\/informelitoral\/","article_published_time":"2014-11-10T23:07:41+00:00","article_modified_time":"2014-11-10T23:10:48+00:00","og_image":[{"width":1024,"height":687,"url":"https:\/\/informelitoral.com.ar\/%77%70%2d%63%6f%6e%74%65%6e%74\/uploads\/2014\/11\/PARQUE-INDUSTRIAL.jpg","type":"image\/jpeg"}],"author":"Gonzalo Schmidt","twitter_card":"summary_large_image","twitter_creator":"@InformeLitoral","twitter_site":"@InformeLitoral","twitter_misc":{"Escrito por":"Gonzalo Schmidt","Tiempo de lectura":"1 minuto"},"schema":{"@context":"https:\/\/schema.org","@graph":[{"@type":"Article","@id":"https:\/\/informelitoral.com.ar\/adelanto-de-in-se-instalarian-17-empresas-en-el-parque-industrial-de-ramirez\/#article","isPartOf":{"@id":"https:\/\/informelitoral.com.ar\/adelanto-de-in-se-instalarian-17-empresas-en-el-parque-industrial-de-ramirez\/"},"author":{"name":"Gonzalo Schmidt","@id":"https:\/\/informelitoral.com.ar\/#\/schema\/person\/b9d00407c836482871ef1d57bf8e3180"},"headline":"Adelanto de IN: se instalar\u00edan 17 empresas en el Parque Industrial de Ram\u00edrez","datePublished":"2014-11-10T23:07:41+00:00","dateModified":"2014-11-10T23:10:48+00:00","mainEntityOfPage":{"@id":"https:\/\/informelitoral.com.ar\/adelanto-de-in-se-instalarian-17-empresas-en-el-parque-industrial-de-ramirez\/"},"wordCount":286,"commentCount":0,"publisher":{"@id":"https:\/\/informelitoral.com.ar\/#organization"},"image":{"@id":"https:\/\/informelitoral.com.ar\/adelanto-de-in-se-instalarian-17-empresas-en-el-parque-industrial-de-ramirez\/#primaryimage"},"thumbnailUrl":"http:\/\/www.isletasnoticias.com.ar\/%77%70%2d%63%6f%6e%74%65%6e%74\/uploads\/2014\/11\/PARQUE-INDUSTRIAL-300x201.jpg","articleSection":["Departamento Diamante"],"inLanguage":"es","potentialAction":[{"@type":"CommentAction","name":"Comment","target":["https:\/\/informelitoral.com.ar\/adelanto-de-in-se-instalarian-17-empresas-en-el-parque-industrial-de-ramirez\/#respond"]}]},{"@type":"WebPage","@id":"https:\/\/informelitoral.com.ar\/adelanto-de-in-se-instalarian-17-empresas-en-el-parque-industrial-de-ramirez\/","url":"https:\/\/informelitoral.com.ar\/adelanto-de-in-se-instalarian-17-empresas-en-el-parque-industrial-de-ramirez\/","name":"Adelanto de IN: se instalar\u00edan 17 empresas en el Parque Industrial de Ram\u00edrez - Informe Litoral","isPartOf":{"@id":"https:\/\/informelitoral.com.ar\/#website"},"primaryImageOfPage":{"@id":"https:\/\/informelitoral.com.ar\/adelanto-de-in-se-instalarian-17-empresas-en-el-parque-industrial-de-ramirez\/#primaryimage"},"image":{"@id":"https:\/\/informelitoral.com.ar\/adelanto-de-in-se-instalarian-17-empresas-en-el-parque-industrial-de-ramirez\/#primaryimage"},"thumbnailUrl":"http:\/\/www.isletasnoticias.com.ar\/%77%70%2d%63%6f%6e%74%65%6e%74\/uploads\/2014\/11\/PARQUE-INDUSTRIAL-300x201.jpg","datePublished":"2014-11-10T23:07:41+00:00","dateModified":"2014-11-10T23:10:48+00:00","breadcrumb":{"@id":"https:\/\/informelitoral.com.ar\/adelanto-de-in-se-instalarian-17-empresas-en-el-parque-industrial-de-ramirez\/#breadcrumb"},"inLanguage":"es","potentialAction":[{"@type":"ReadAction","target":["https:\/\/informelitoral.com.ar\/adelanto-de-in-se-instalarian-17-empresas-en-el-parque-industrial-de-ramirez\/"]}]},{"@type":"ImageObject","inLanguage":"es","@id":"https:\/\/informelitoral.com.ar\/adelanto-de-in-se-instalarian-17-empresas-en-el-parque-industrial-de-ramirez\/#primaryimage","url":"http:\/\/www.isletasnoticias.com.ar\/%77%70%2d%63%6f%6e%74%65%6e%74\/uploads\/2014\/11\/PARQUE-INDUSTRIAL-300x201.jpg","contentUrl":"http:\/\/www.isletasnoticias.com.ar\/%77%70%2d%63%6f%6e%74%65%6e%74\/uploads\/2014\/11\/PARQUE-INDUSTRIAL-300x201.jpg"},{"@type":"BreadcrumbList","@id":"https:\/\/informelitoral.com.ar\/adelanto-de-in-se-instalarian-17-empresas-en-el-parque-industrial-de-ramirez\/#breadcrumb","itemListElement":[{"@type":"ListItem","position":1,"name":"Portada","item":"https:\/\/informelitoral.com.ar\/"},{"@type":"ListItem","position":2,"name":"Adelanto de IN: se instalar\u00edan 17 empresas en el Parque Industrial de Ram\u00edrez"}]},{"@type":"WebSite","@id":"https:\/\/informelitoral.com.ar\/#website","url":"https:\/\/informelitoral.com.ar\/","name":"Informe Litoral","description":"&quot;Nos informamos&quot; ","publisher":{"@id":"https:\/\/informelitoral.com.ar\/#organization"},"potentialAction":[{"@type":"SearchAction","target":{"@type":"EntryPoint","urlTemplate":"https:\/\/informelitoral.com.ar\/?s={search_term_string}"},"query-input":{"@type":"PropertyValueSpecification","valueRequired":true,"valueName":"search_term_string"}}],"inLanguage":"es"},{"@type":"Organization","@id":"https:\/\/informelitoral.com.ar\/#organization","name":"Informe Litoral","url":"https:\/\/informelitoral.com.ar\/","logo":{"@type":"ImageObject","inLanguage":"es","@id":"https:\/\/informelitoral.com.ar\/#\/schema\/logo\/image\/","url":"https:\/\/informelitoral.com.ar\/%77%70%2d%63%6f%6e%74%65%6e%74\/uploads\/2021\/01\/circulo.png","contentUrl":"https:\/\/informelitoral.com.ar\/%77%70%2d%63%6f%6e%74%65%6e%74\/uploads\/2021\/01\/circulo.png","width":723,"height":731,"caption":"Informe Litoral"},"image":{"@id":"https:\/\/informelitoral.com.ar\/#\/schema\/logo\/image\/"},"sameAs":["https:\/\/www.facebook.com\/informelitoral\/","https:\/\/x.com\/InformeLitoral","https:\/\/www.instagram.com\/informelitoral\/","https:\/\/www.youtube.com\/channel\/UCua4Qvz8Icb6MYqhoq9xLXw"]},{"@type":"Person","@id":"https:\/\/informelitoral.com.ar\/#\/schema\/person\/b9d00407c836482871ef1d57bf8e3180","name":"Gonzalo Schmidt","image":{"@type":"ImageObject","inLanguage":"es","@id":"https:\/\/secure.gravatar.com\/avatar\/31a1a7b66ff2de83bd0e9fd79d026630d2d99e55e8bfe501287647b4fd9743de?s=96&d=mm&r=g","url":"https:\/\/secure.gravatar.com\/avatar\/31a1a7b66ff2de83bd0e9fd79d026630d2d99e55e8bfe501287647b4fd9743de?s=96&d=mm&r=g","contentUrl":"https:\/\/secure.gravatar.com\/avatar\/31a1a7b66ff2de83bd0e9fd79d026630d2d99e55e8bfe501287647b4fd9743de?s=96&d=mm&r=g","caption":"Gonzalo Schmidt"},"description":"Sitio web de noticias de la provincia de Entre R\u00edos, Argentina. Informaci\u00f3n y entretenimiento. Informe Litoral, nos informamos.","sameAs":["http:\/\/www.isletasnoticias.com.ar"],"url":"https:\/\/informelitoral.com.ar\/author\/gonzalo\/"}]}},"_links":{"self":[{"href":"https:\/\/informelitoral.com.ar\/%77%70%2d%6a%73%6f%6e\/wp\/v2\/posts\/8920","targetHints":{"allow":["GET"]}}],"collection":[{"href":"https:\/\/informelitoral.com.ar\/%77%70%2d%6a%73%6f%6e\/wp\/v2\/posts"}],"about":[{"href":"https:\/\/informelitoral.com.ar\/%77%70%2d%6a%73%6f%6e\/wp\/v2\/types\/post"}],"author":[{"embeddable":true,"href":"https:\/\/informelitoral.com.ar\/%77%70%2d%6a%73%6f%6e\/wp\/v2\/users\/2"}],"replies":[{"embeddable":true,"href":"https:\/\/informelitoral.com.ar\/%77%70%2d%6a%73%6f%6e\/wp\/v2\/comments?post=8920"}],"version-history":[{"count":0,"href":"https:\/\/informelitoral.com.ar\/%77%70%2d%6a%73%6f%6e\/wp\/v2\/posts\/8920\/revisions"}],"wp:attachment":[{"href":"https:\/\/informelitoral.com.ar\/%77%70%2d%6a%73%6f%6e\/wp\/v2\/media?parent=8920"}],"wp:term":[{"taxonomy":"category","embeddable":true,"href":"https:\/\/informelitoral.com.ar\/%77%70%2d%6a%73%6f%6e\/wp\/v2\/categories?post=8920"},{"taxonomy":"post_tag","embeddable":true,"href":"https:\/\/informelitoral.com.ar\/%77%70%2d%6a%73%6f%6e\/wp\/v2\/tags?post=8920"}],"curies":[{"name":"wp","href":"https:\/\/api.w.org\/{rel}","templated":true}]}}