{"id":89176,"date":"2022-10-08T12:02:27","date_gmt":"2022-10-08T15:02:27","guid":{"rendered":"https:\/\/www.informelitoral.com.ar\/?p=89176"},"modified":"2022-10-08T12:02:27","modified_gmt":"2022-10-08T15:02:27","slug":"las-cuevas-esta-preparada-para-la-fiesta-del-pueblo-isleno","status":"publish","type":"post","link":"https:\/\/informelitoral.com.ar\/las-cuevas-esta-preparada-para-la-fiesta-del-pueblo-isleno\/","title":{"rendered":"Las Cuevas est\u00e1 preparada para La Fiesta del Pueblo Isle\u00f1o"},"content":{"rendered":"<div class=\"news-body-main\">\n<div id=\"note-body\" data-twitter-link=\"https:\/\/twitter.com\/intent\/tweet?url=https:\/\/www.unoentrerios.com.ar\/c2738255&amp;via=&amp;related=Uno Entre Rios&amp;text=\">\n<p>Este <strong>domingo 9 de octubre<\/strong> se realizar\u00e1, en el <strong>campo de Mart\u00edn Segale<\/strong> de\u00a0<strong>Las Cuevas<\/strong>, departamento Diamante, la sexta edici\u00f3n de <strong>La Fiesta del Pueblo Isle\u00f1o.<\/strong> Habr\u00e1 desfile de agrupaciones tradicionalistas, danzas folcl\u00f3ricas, azote de tropillas en el r\u00edo, como as\u00ed tambi\u00e9n las t\u00edpicas jineteadas de siete tropillas de renombre. Los organizadores esperan la presencia de m\u00e1s de 4.000 personas e invitan a las familias de comunidades cercanas a compartir una jornada muy especial.<\/p>\n<p>En di\u00e1logo con\u00a0<em>UNO Entre R\u00edos,<\/em> <strong>Susana Sol\u00eds<\/strong>, presidenta de la comuna de Las Cuevas y de la comisi\u00f3n organizadora de la fiesta, indic\u00f3 que ser\u00e1 una jornada dedicada a mostrar todas las actividades cotidianas que realizan los hombres y mujeres isle\u00f1os. <em><strong>\u00abAs\u00ed surgi\u00f3, con el objetivo de mostrar el trabajo en el campo y tambi\u00e9n para rendir homenaje a los trabajadores isle\u00f1os en todas sus facetas: en la pesca, en el sembrado, a los puesteros, a quienes se dedican a la ganader\u00eda y tenemos el azote de las tropillas, que es largar los animales al r\u00edo\u00bb<\/strong><\/em>, explic\u00f3 la entrevistada.<\/p>\n<p><em><strong>\u00abEl desfile parte a las 8.30 desde el Centro Integrador Comunitario y los tropilleros nos acompa\u00f1ar\u00e1n en el desfile hasta el campo. All\u00ed habr\u00e1 acto oficial, izamiento de banderas, almuerzo, jineteada y tambi\u00e9n contar\u00e1 con la actuaci\u00f3n de Mar\u00eda Cuevas, danzas locales y de Santa Fe, Edgar Ferrari y su conjunto, adem\u00e1s de la presentaci\u00f3n de Juan Carlos Mansilla y su conjunto, con el cierre a cargo de Mi Sue\u00f1o Chamam\u00e9\u00bb,<\/strong><\/em> detall\u00f3 Sol\u00eds.<\/p>\n<p>El campo de Mart\u00edn Segale se encuentra ubicado a 300 metros de la sede de la comuna de Las Cuevas y a tres kil\u00f3metros del puerto. En la Fiesta del Pueblo Isle\u00f1o tambi\u00e9n habr\u00e1 gastronom\u00eda con almuerzo criollo y servicio de cantina, los asistentes tambi\u00e9n podr\u00e1n disfrutar de danzas y de n\u00fameros musicales<\/p>\n<\/div>\n<\/div>\n<div class=\"news-body-main\">\n<div id=\"note-body\" data-twitter-link=\"https:\/\/twitter.com\/intent\/tweet?url=https:\/\/www.unoentrerios.com.ar\/c2738255&amp;via=&amp;related=Uno Entre Rios&amp;text=\">\n<h2><strong>Azote de tropillas en el r\u00edo<\/strong><\/h2>\n<p>El azote consiste en cruzar la tropilla por el r\u00edo, de un extremo al otro, los animales van guiados por uno o dos hombres montados a caballo.<\/p>\n<p>En el tradicional azote, un conjunto de caballos siguen a una yegua madrina. El n\u00famero de equinos es variable pero generalmente es entre 15; 20 o hasta 30.<\/p>\n<p>Una de las claves para el cruce de la tropilla radica en la habilidad de selecci\u00f3n del montaraz, por las cualidades del animal que utilizar\u00e1 para el cruce, los de mayor idoneidad son aquellos \u201ccorajudos\u201d o con un mayor \u00edmpetu del habitual.<\/p>\n<\/div>\n<\/div>\n","protected":false},"excerpt":{"rendered":"<p>Desfile por las calles, gastronom\u00eda, shows musicales, jineteada y el tradicional azote de tropillas en el r\u00edo ser\u00e1n parte del festejo este domingo 8 de octubre. <\/p>\n","protected":false},"author":2,"featured_media":89177,"comment_status":"open","ping_status":"open","sticky":false,"template":"","format":"standard","meta":{"fifu_image_url":"","fifu_image_alt":"","footnotes":""},"categories":[5],"tags":[368],"class_list":{"0":"post-89176","1":"post","2":"type-post","3":"status-publish","4":"format-standard","5":"has-post-thumbnail","7":"category-zonales","8":"tag-las-cuevas"},"yoast_head":"<title>Las Cuevas est\u00e1 preparada para La Fiesta del Pueblo Isle\u00f1o - Informe Litoral<\/title>\n<meta name=\"robots\" content=\"index, follow, max-snippet:-1, max-image-preview:large, max-video-preview:-1\" \/>\n<link rel=\"canonical\" href=\"https:\/\/informelitoral.com.ar\/las-cuevas-esta-preparada-para-la-fiesta-del-pueblo-isleno\/\" \/>\n<meta property=\"og:locale\" content=\"es_ES\" \/>\n<meta property=\"og:type\" content=\"article\" \/>\n<meta property=\"og:title\" content=\"Las Cuevas est\u00e1 preparada para La Fiesta del Pueblo Isle\u00f1o - Informe Litoral\" \/>\n<meta property=\"og:description\" content=\"Desfile por las calles, gastronom\u00eda, shows musicales, jineteada y el tradicional azote de tropillas en el r\u00edo ser\u00e1n parte del festejo este domingo 8 de octubre.\" \/>\n<meta property=\"og:url\" content=\"https:\/\/informelitoral.com.ar\/las-cuevas-esta-preparada-para-la-fiesta-del-pueblo-isleno\/\" \/>\n<meta property=\"og:site_name\" content=\"Informe Litoral\" \/>\n<meta property=\"article:publisher\" content=\"https:\/\/www.facebook.com\/informelitoral\/\" \/>\n<meta property=\"article:published_time\" content=\"2022-10-08T15:02:27+00:00\" \/>\n<meta property=\"og:image\" content=\"https:\/\/informelitoral.com.ar\/%77%70%2d%63%6f%6e%74%65%6e%74\/uploads\/2022\/10\/Las-Cuevas-3-1600x1200-1-1024x646-1.jpg\" \/>\n\t<meta property=\"og:image:width\" content=\"1024\" \/>\n\t<meta property=\"og:image:height\" content=\"646\" \/>\n\t<meta property=\"og:image:type\" content=\"image\/jpeg\" \/>\n<meta name=\"author\" content=\"Gonzalo Schmidt\" \/>\n<meta name=\"twitter:card\" content=\"summary_large_image\" \/>\n<meta name=\"twitter:creator\" content=\"@InformeLitoral\" \/>\n<meta name=\"twitter:site\" content=\"@InformeLitoral\" \/>\n<meta name=\"twitter:label1\" content=\"Escrito por\" \/>\n\t<meta name=\"twitter:data1\" content=\"Gonzalo Schmidt\" \/>\n\t<meta name=\"twitter:label2\" content=\"Tiempo de lectura\" \/>\n\t<meta name=\"twitter:data2\" content=\"2 minutos\" \/>\n<script type=\"application\/ld+json\" class=\"yoast-schema-graph\">{\"@context\":\"https:\\\/\\\/schema.org\",\"@graph\":[{\"@type\":\"Article\",\"@id\":\"https:\\\/\\\/informelitoral.com.ar\\\/las-cuevas-esta-preparada-para-la-fiesta-del-pueblo-isleno\\\/#article\",\"isPartOf\":{\"@id\":\"https:\\\/\\\/informelitoral.com.ar\\\/las-cuevas-esta-preparada-para-la-fiesta-del-pueblo-isleno\\\/\"},\"author\":{\"name\":\"Gonzalo Schmidt\",\"@id\":\"https:\\\/\\\/informelitoral.com.ar\\\/#\\\/schema\\\/person\\\/b9d00407c836482871ef1d57bf8e3180\"},\"headline\":\"Las Cuevas est\u00e1 preparada para La Fiesta del Pueblo Isle\u00f1o\",\"datePublished\":\"2022-10-08T15:02:27+00:00\",\"mainEntityOfPage\":{\"@id\":\"https:\\\/\\\/informelitoral.com.ar\\\/las-cuevas-esta-preparada-para-la-fiesta-del-pueblo-isleno\\\/\"},\"wordCount\":446,\"commentCount\":0,\"publisher\":{\"@id\":\"https:\\\/\\\/informelitoral.com.ar\\\/#organization\"},\"image\":{\"@id\":\"https:\\\/\\\/informelitoral.com.ar\\\/las-cuevas-esta-preparada-para-la-fiesta-del-pueblo-isleno\\\/#primaryimage\"},\"thumbnailUrl\":\"https:\\\/\\\/informelitoral.com.ar\\\/%77%70%2d%63%6f%6e%74%65%6e%74\\\/uploads\\\/2022\\\/10\\\/Las-Cuevas-3-1600x1200-1-1024x646-1.jpg\",\"keywords\":[\"Las Cuevas\"],\"articleSection\":[\"Departamento Diamante\"],\"inLanguage\":\"es\",\"potentialAction\":[{\"@type\":\"CommentAction\",\"name\":\"Comment\",\"target\":[\"https:\\\/\\\/informelitoral.com.ar\\\/las-cuevas-esta-preparada-para-la-fiesta-del-pueblo-isleno\\\/#respond\"]}]},{\"@type\":\"WebPage\",\"@id\":\"https:\\\/\\\/informelitoral.com.ar\\\/las-cuevas-esta-preparada-para-la-fiesta-del-pueblo-isleno\\\/\",\"url\":\"https:\\\/\\\/informelitoral.com.ar\\\/las-cuevas-esta-preparada-para-la-fiesta-del-pueblo-isleno\\\/\",\"name\":\"Las Cuevas est\u00e1 preparada para La Fiesta del Pueblo Isle\u00f1o - Informe Litoral\",\"isPartOf\":{\"@id\":\"https:\\\/\\\/informelitoral.com.ar\\\/#website\"},\"primaryImageOfPage\":{\"@id\":\"https:\\\/\\\/informelitoral.com.ar\\\/las-cuevas-esta-preparada-para-la-fiesta-del-pueblo-isleno\\\/#primaryimage\"},\"image\":{\"@id\":\"https:\\\/\\\/informelitoral.com.ar\\\/las-cuevas-esta-preparada-para-la-fiesta-del-pueblo-isleno\\\/#primaryimage\"},\"thumbnailUrl\":\"https:\\\/\\\/informelitoral.com.ar\\\/%77%70%2d%63%6f%6e%74%65%6e%74\\\/uploads\\\/2022\\\/10\\\/Las-Cuevas-3-1600x1200-1-1024x646-1.jpg\",\"datePublished\":\"2022-10-08T15:02:27+00:00\",\"breadcrumb\":{\"@id\":\"https:\\\/\\\/informelitoral.com.ar\\\/las-cuevas-esta-preparada-para-la-fiesta-del-pueblo-isleno\\\/#breadcrumb\"},\"inLanguage\":\"es\",\"potentialAction\":[{\"@type\":\"ReadAction\",\"target\":[\"https:\\\/\\\/informelitoral.com.ar\\\/las-cuevas-esta-preparada-para-la-fiesta-del-pueblo-isleno\\\/\"]}]},{\"@type\":\"ImageObject\",\"inLanguage\":\"es\",\"@id\":\"https:\\\/\\\/informelitoral.com.ar\\\/las-cuevas-esta-preparada-para-la-fiesta-del-pueblo-isleno\\\/#primaryimage\",\"url\":\"https:\\\/\\\/informelitoral.com.ar\\\/%77%70%2d%63%6f%6e%74%65%6e%74\\\/uploads\\\/2022\\\/10\\\/Las-Cuevas-3-1600x1200-1-1024x646-1.jpg\",\"contentUrl\":\"https:\\\/\\\/informelitoral.com.ar\\\/%77%70%2d%63%6f%6e%74%65%6e%74\\\/uploads\\\/2022\\\/10\\\/Las-Cuevas-3-1600x1200-1-1024x646-1.jpg\",\"width\":1024,\"height\":646},{\"@type\":\"BreadcrumbList\",\"@id\":\"https:\\\/\\\/informelitoral.com.ar\\\/las-cuevas-esta-preparada-para-la-fiesta-del-pueblo-isleno\\\/#breadcrumb\",\"itemListElement\":[{\"@type\":\"ListItem\",\"position\":1,\"name\":\"Portada\",\"item\":\"https:\\\/\\\/informelitoral.com.ar\\\/\"},{\"@type\":\"ListItem\",\"position\":2,\"name\":\"Las Cuevas est\u00e1 preparada para La Fiesta del Pueblo Isle\u00f1o\"}]},{\"@type\":\"WebSite\",\"@id\":\"https:\\\/\\\/informelitoral.com.ar\\\/#website\",\"url\":\"https:\\\/\\\/informelitoral.com.ar\\\/\",\"name\":\"Informe Litoral\",\"description\":\"&quot;Nos informamos&quot; \",\"publisher\":{\"@id\":\"https:\\\/\\\/informelitoral.com.ar\\\/#organization\"},\"potentialAction\":[{\"@type\":\"SearchAction\",\"target\":{\"@type\":\"EntryPoint\",\"urlTemplate\":\"https:\\\/\\\/informelitoral.com.ar\\\/?s={search_term_string}\"},\"query-input\":{\"@type\":\"PropertyValueSpecification\",\"valueRequired\":true,\"valueName\":\"search_term_string\"}}],\"inLanguage\":\"es\"},{\"@type\":\"Organization\",\"@id\":\"https:\\\/\\\/informelitoral.com.ar\\\/#organization\",\"name\":\"Informe Litoral\",\"url\":\"https:\\\/\\\/informelitoral.com.ar\\\/\",\"logo\":{\"@type\":\"ImageObject\",\"inLanguage\":\"es\",\"@id\":\"https:\\\/\\\/informelitoral.com.ar\\\/#\\\/schema\\\/logo\\\/image\\\/\",\"url\":\"https:\\\/\\\/informelitoral.com.ar\\\/%77%70%2d%63%6f%6e%74%65%6e%74\\\/uploads\\\/2021\\\/01\\\/circulo.png\",\"contentUrl\":\"https:\\\/\\\/informelitoral.com.ar\\\/%77%70%2d%63%6f%6e%74%65%6e%74\\\/uploads\\\/2021\\\/01\\\/circulo.png\",\"width\":723,\"height\":731,\"caption\":\"Informe Litoral\"},\"image\":{\"@id\":\"https:\\\/\\\/informelitoral.com.ar\\\/#\\\/schema\\\/logo\\\/image\\\/\"},\"sameAs\":[\"https:\\\/\\\/www.facebook.com\\\/informelitoral\\\/\",\"https:\\\/\\\/x.com\\\/InformeLitoral\",\"https:\\\/\\\/www.instagram.com\\\/informelitoral\\\/\",\"https:\\\/\\\/www.youtube.com\\\/channel\\\/UCua4Qvz8Icb6MYqhoq9xLXw\"]},{\"@type\":\"Person\",\"@id\":\"https:\\\/\\\/informelitoral.com.ar\\\/#\\\/schema\\\/person\\\/b9d00407c836482871ef1d57bf8e3180\",\"name\":\"Gonzalo Schmidt\",\"image\":{\"@type\":\"ImageObject\",\"inLanguage\":\"es\",\"@id\":\"https:\\\/\\\/secure.gravatar.com\\\/avatar\\\/31a1a7b66ff2de83bd0e9fd79d026630d2d99e55e8bfe501287647b4fd9743de?s=96&d=mm&r=g\",\"url\":\"https:\\\/\\\/secure.gravatar.com\\\/avatar\\\/31a1a7b66ff2de83bd0e9fd79d026630d2d99e55e8bfe501287647b4fd9743de?s=96&d=mm&r=g\",\"contentUrl\":\"https:\\\/\\\/secure.gravatar.com\\\/avatar\\\/31a1a7b66ff2de83bd0e9fd79d026630d2d99e55e8bfe501287647b4fd9743de?s=96&d=mm&r=g\",\"caption\":\"Gonzalo Schmidt\"},\"description\":\"Sitio web de noticias de la provincia de Entre R\u00edos, Argentina. Informaci\u00f3n y entretenimiento. Informe Litoral, nos informamos.\",\"sameAs\":[\"http:\\\/\\\/www.isletasnoticias.com.ar\"],\"url\":\"https:\\\/\\\/informelitoral.com.ar\\\/author\\\/gonzalo\\\/\"}]}<\/script>","yoast_head_json":{"title":"Las Cuevas est\u00e1 preparada para La Fiesta del Pueblo Isle\u00f1o - Informe Litoral","robots":{"index":"index","follow":"follow","max-snippet":"max-snippet:-1","max-image-preview":"max-image-preview:large","max-video-preview":"max-video-preview:-1"},"canonical":"https:\/\/informelitoral.com.ar\/las-cuevas-esta-preparada-para-la-fiesta-del-pueblo-isleno\/","og_locale":"es_ES","og_type":"article","og_title":"Las Cuevas est\u00e1 preparada para La Fiesta del Pueblo Isle\u00f1o - Informe Litoral","og_description":"Desfile por las calles, gastronom\u00eda, shows musicales, jineteada y el tradicional azote de tropillas en el r\u00edo ser\u00e1n parte del festejo este domingo 8 de octubre.","og_url":"https:\/\/informelitoral.com.ar\/las-cuevas-esta-preparada-para-la-fiesta-del-pueblo-isleno\/","og_site_name":"Informe Litoral","article_publisher":"https:\/\/www.facebook.com\/informelitoral\/","article_published_time":"2022-10-08T15:02:27+00:00","og_image":[{"width":1024,"height":646,"url":"https:\/\/informelitoral.com.ar\/%77%70%2d%63%6f%6e%74%65%6e%74\/uploads\/2022\/10\/Las-Cuevas-3-1600x1200-1-1024x646-1.jpg","type":"image\/jpeg"}],"author":"Gonzalo Schmidt","twitter_card":"summary_large_image","twitter_creator":"@InformeLitoral","twitter_site":"@InformeLitoral","twitter_misc":{"Escrito por":"Gonzalo Schmidt","Tiempo de lectura":"2 minutos"},"schema":{"@context":"https:\/\/schema.org","@graph":[{"@type":"Article","@id":"https:\/\/informelitoral.com.ar\/las-cuevas-esta-preparada-para-la-fiesta-del-pueblo-isleno\/#article","isPartOf":{"@id":"https:\/\/informelitoral.com.ar\/las-cuevas-esta-preparada-para-la-fiesta-del-pueblo-isleno\/"},"author":{"name":"Gonzalo Schmidt","@id":"https:\/\/informelitoral.com.ar\/#\/schema\/person\/b9d00407c836482871ef1d57bf8e3180"},"headline":"Las Cuevas est\u00e1 preparada para La Fiesta del Pueblo Isle\u00f1o","datePublished":"2022-10-08T15:02:27+00:00","mainEntityOfPage":{"@id":"https:\/\/informelitoral.com.ar\/las-cuevas-esta-preparada-para-la-fiesta-del-pueblo-isleno\/"},"wordCount":446,"commentCount":0,"publisher":{"@id":"https:\/\/informelitoral.com.ar\/#organization"},"image":{"@id":"https:\/\/informelitoral.com.ar\/las-cuevas-esta-preparada-para-la-fiesta-del-pueblo-isleno\/#primaryimage"},"thumbnailUrl":"https:\/\/informelitoral.com.ar\/%77%70%2d%63%6f%6e%74%65%6e%74\/uploads\/2022\/10\/Las-Cuevas-3-1600x1200-1-1024x646-1.jpg","keywords":["Las Cuevas"],"articleSection":["Departamento Diamante"],"inLanguage":"es","potentialAction":[{"@type":"CommentAction","name":"Comment","target":["https:\/\/informelitoral.com.ar\/las-cuevas-esta-preparada-para-la-fiesta-del-pueblo-isleno\/#respond"]}]},{"@type":"WebPage","@id":"https:\/\/informelitoral.com.ar\/las-cuevas-esta-preparada-para-la-fiesta-del-pueblo-isleno\/","url":"https:\/\/informelitoral.com.ar\/las-cuevas-esta-preparada-para-la-fiesta-del-pueblo-isleno\/","name":"Las Cuevas est\u00e1 preparada para La Fiesta del Pueblo Isle\u00f1o - Informe Litoral","isPartOf":{"@id":"https:\/\/informelitoral.com.ar\/#website"},"primaryImageOfPage":{"@id":"https:\/\/informelitoral.com.ar\/las-cuevas-esta-preparada-para-la-fiesta-del-pueblo-isleno\/#primaryimage"},"image":{"@id":"https:\/\/informelitoral.com.ar\/las-cuevas-esta-preparada-para-la-fiesta-del-pueblo-isleno\/#primaryimage"},"thumbnailUrl":"https:\/\/informelitoral.com.ar\/%77%70%2d%63%6f%6e%74%65%6e%74\/uploads\/2022\/10\/Las-Cuevas-3-1600x1200-1-1024x646-1.jpg","datePublished":"2022-10-08T15:02:27+00:00","breadcrumb":{"@id":"https:\/\/informelitoral.com.ar\/las-cuevas-esta-preparada-para-la-fiesta-del-pueblo-isleno\/#breadcrumb"},"inLanguage":"es","potentialAction":[{"@type":"ReadAction","target":["https:\/\/informelitoral.com.ar\/las-cuevas-esta-preparada-para-la-fiesta-del-pueblo-isleno\/"]}]},{"@type":"ImageObject","inLanguage":"es","@id":"https:\/\/informelitoral.com.ar\/las-cuevas-esta-preparada-para-la-fiesta-del-pueblo-isleno\/#primaryimage","url":"https:\/\/informelitoral.com.ar\/%77%70%2d%63%6f%6e%74%65%6e%74\/uploads\/2022\/10\/Las-Cuevas-3-1600x1200-1-1024x646-1.jpg","contentUrl":"https:\/\/informelitoral.com.ar\/%77%70%2d%63%6f%6e%74%65%6e%74\/uploads\/2022\/10\/Las-Cuevas-3-1600x1200-1-1024x646-1.jpg","width":1024,"height":646},{"@type":"BreadcrumbList","@id":"https:\/\/informelitoral.com.ar\/las-cuevas-esta-preparada-para-la-fiesta-del-pueblo-isleno\/#breadcrumb","itemListElement":[{"@type":"ListItem","position":1,"name":"Portada","item":"https:\/\/informelitoral.com.ar\/"},{"@type":"ListItem","position":2,"name":"Las Cuevas est\u00e1 preparada para La Fiesta del Pueblo Isle\u00f1o"}]},{"@type":"WebSite","@id":"https:\/\/informelitoral.com.ar\/#website","url":"https:\/\/informelitoral.com.ar\/","name":"Informe Litoral","description":"&quot;Nos informamos&quot; ","publisher":{"@id":"https:\/\/informelitoral.com.ar\/#organization"},"potentialAction":[{"@type":"SearchAction","target":{"@type":"EntryPoint","urlTemplate":"https:\/\/informelitoral.com.ar\/?s={search_term_string}"},"query-input":{"@type":"PropertyValueSpecification","valueRequired":true,"valueName":"search_term_string"}}],"inLanguage":"es"},{"@type":"Organization","@id":"https:\/\/informelitoral.com.ar\/#organization","name":"Informe Litoral","url":"https:\/\/informelitoral.com.ar\/","logo":{"@type":"ImageObject","inLanguage":"es","@id":"https:\/\/informelitoral.com.ar\/#\/schema\/logo\/image\/","url":"https:\/\/informelitoral.com.ar\/%77%70%2d%63%6f%6e%74%65%6e%74\/uploads\/2021\/01\/circulo.png","contentUrl":"https:\/\/informelitoral.com.ar\/%77%70%2d%63%6f%6e%74%65%6e%74\/uploads\/2021\/01\/circulo.png","width":723,"height":731,"caption":"Informe Litoral"},"image":{"@id":"https:\/\/informelitoral.com.ar\/#\/schema\/logo\/image\/"},"sameAs":["https:\/\/www.facebook.com\/informelitoral\/","https:\/\/x.com\/InformeLitoral","https:\/\/www.instagram.com\/informelitoral\/","https:\/\/www.youtube.com\/channel\/UCua4Qvz8Icb6MYqhoq9xLXw"]},{"@type":"Person","@id":"https:\/\/informelitoral.com.ar\/#\/schema\/person\/b9d00407c836482871ef1d57bf8e3180","name":"Gonzalo Schmidt","image":{"@type":"ImageObject","inLanguage":"es","@id":"https:\/\/secure.gravatar.com\/avatar\/31a1a7b66ff2de83bd0e9fd79d026630d2d99e55e8bfe501287647b4fd9743de?s=96&d=mm&r=g","url":"https:\/\/secure.gravatar.com\/avatar\/31a1a7b66ff2de83bd0e9fd79d026630d2d99e55e8bfe501287647b4fd9743de?s=96&d=mm&r=g","contentUrl":"https:\/\/secure.gravatar.com\/avatar\/31a1a7b66ff2de83bd0e9fd79d026630d2d99e55e8bfe501287647b4fd9743de?s=96&d=mm&r=g","caption":"Gonzalo Schmidt"},"description":"Sitio web de noticias de la provincia de Entre R\u00edos, Argentina. Informaci\u00f3n y entretenimiento. Informe Litoral, nos informamos.","sameAs":["http:\/\/www.isletasnoticias.com.ar"],"url":"https:\/\/informelitoral.com.ar\/author\/gonzalo\/"}]}},"_links":{"self":[{"href":"https:\/\/informelitoral.com.ar\/%77%70%2d%6a%73%6f%6e\/wp\/v2\/posts\/89176","targetHints":{"allow":["GET"]}}],"collection":[{"href":"https:\/\/informelitoral.com.ar\/%77%70%2d%6a%73%6f%6e\/wp\/v2\/posts"}],"about":[{"href":"https:\/\/informelitoral.com.ar\/%77%70%2d%6a%73%6f%6e\/wp\/v2\/types\/post"}],"author":[{"embeddable":true,"href":"https:\/\/informelitoral.com.ar\/%77%70%2d%6a%73%6f%6e\/wp\/v2\/users\/2"}],"replies":[{"embeddable":true,"href":"https:\/\/informelitoral.com.ar\/%77%70%2d%6a%73%6f%6e\/wp\/v2\/comments?post=89176"}],"version-history":[{"count":0,"href":"https:\/\/informelitoral.com.ar\/%77%70%2d%6a%73%6f%6e\/wp\/v2\/posts\/89176\/revisions"}],"wp:featuredmedia":[{"embeddable":true,"href":"https:\/\/informelitoral.com.ar\/%77%70%2d%6a%73%6f%6e\/wp\/v2\/media\/89177"}],"wp:attachment":[{"href":"https:\/\/informelitoral.com.ar\/%77%70%2d%6a%73%6f%6e\/wp\/v2\/media?parent=89176"}],"wp:term":[{"taxonomy":"category","embeddable":true,"href":"https:\/\/informelitoral.com.ar\/%77%70%2d%6a%73%6f%6e\/wp\/v2\/categories?post=89176"},{"taxonomy":"post_tag","embeddable":true,"href":"https:\/\/informelitoral.com.ar\/%77%70%2d%6a%73%6f%6e\/wp\/v2\/tags?post=89176"}],"curies":[{"name":"wp","href":"https:\/\/api.w.org\/{rel}","templated":true}]}}