{"id":89172,"date":"2022-10-08T11:44:03","date_gmt":"2022-10-08T14:44:03","guid":{"rendered":"https:\/\/www.informelitoral.com.ar\/?p=89172"},"modified":"2022-10-08T11:44:03","modified_gmt":"2022-10-08T14:44:03","slug":"tecnicatura-en-higiene-y-salud-animal-en-general-ramirez-ultimos-dias-para-preinscribirse","status":"publish","type":"post","link":"https:\/\/informelitoral.com.ar\/tecnicatura-en-higiene-y-salud-animal-en-general-ramirez-ultimos-dias-para-preinscribirse\/","title":{"rendered":"Tecnicatura en Higiene y Salud Animal en General Ram\u00edrez: \u00faltimos d\u00edas para preinscribirse"},"content":{"rendered":"<p><strong>General Ram\u00edrez contar\u00e1, desde 2023,<\/strong>\u00a0con una nueva propuesta acad\u00e9mica de la Facultad de Ciencias de la Vida y la Salud de la Universidad Aut\u00f3noma de Entre R\u00edos \u2013<strong>UADER<\/strong>-. Se trata de la\u00a0<strong>Tecnicatura en Higiene y Salud Animal.<\/strong><\/p>\n<p>La propuesta debe ser elevada al Consejo Superior de la Universidad para su aprobaci\u00f3n, por lo que\u00a0<strong>la respuesta a la convocatoria ser\u00e1 requisito indispensable para su concreci\u00f3n.<\/strong>\u00a0<em>\u00abLa decisi\u00f3n se toma a partir de una demanda de las comunas y entidades productivas de la regi\u00f3n\u00bb,<\/em>\u00a0explicaron desde la Casa de Estudios.<\/p>\n<h3><b>C\u00f3mo y d\u00f3nde preinscribirse\u00a0<\/b><\/h3>\n<p>Las personas interesadas en cursar la carrera deber\u00e1n acercarse a la sede de la Facultad en la ciudad de General Ram\u00edrez \u2013Complejo, Francisco Ram\u00edrez, en calle 29 de septiembre 110\u2013 para completar un formulario de preinscripci\u00f3n, munidas de una copia del DNI. La preinscripci\u00f3n se realiza hasta el 14 de octubre, de lunes a viernes de 14 a 18, de manera personal y sin posibilidades de excepci\u00f3n en los plazos. Los preinscriptos tendr\u00e1n una instancia de entrevista, excluyente para el potencial cursado.<\/p>\n<h3><strong>Sobre la tecnicatura<\/strong><\/h3>\n<blockquote><p>\u00abLOS T\u00c9CNICAS Y T\u00c9CNICOS DE ESTA DISCIPLINA EST\u00c1N FORMADAS Y FORMADOS PARA COLABORAR EN LA VIGILANCIA Y CONTROL DEL ESTADO DE SALUD DE LOS ANIMALES QUE PUEDAN PONER EN RIESGO LA SALUD P\u00daBLICA Y EN LA PLANIFICACI\u00d3N Y APLICACI\u00d3N DE LOS PLANES SANITARIOS EN LOS DISTINTOS ESTABLECIMIENTOS\u00bb, DETALLARON DESDE LA UADER.<\/p><\/blockquote>\n<p><em>Pueden asistir en la planificaci\u00f3n y asesoramiento de empresas destinadas a obtener productos animales e insumos de la producci\u00f3n animal y participar en el asesoramiento para la utilizaci\u00f3n de instalaciones, herramientas y maquinarias seg\u00fan el tipo de actividad productiva animal.<\/em><\/p>\n<p><em>Adem\u00e1s, intervienen en medidas de higiene y salud animal necesaria para su preservaci\u00f3n y control a la vez que contribuyen en estudios epidemiol\u00f3gicos y programas terap\u00e9uticos y preventivos de acuerdo a las normas de bienestar animal, salud animal y salud p\u00fablica.<\/em><\/p>\n<h3><strong>Un largo proceso<\/strong><\/h3>\n<figure id=\"attachment_66917\" class=\"wp-caption aligncenter\" aria-describedby=\"caption-attachment-66917\"><a href=\"https:\/\/www.informelitoral.com.ar\/%77%70%2d%63%6f%6e%74%65%6e%74\/uploads\/2021\/11\/5ea3752e-f40c-4dff-92c3-2951adec8792.jpg\"><img loading=\"lazy\" decoding=\"async\" class=\"wp-image-66917 size-large td-animation-stack-type0-2\" src=\"https:\/\/www.informelitoral.com.ar\/%77%70%2d%63%6f%6e%74%65%6e%74\/uploads\/2021\/11\/5ea3752e-f40c-4dff-92c3-2951adec8792-1024x461.jpg\" sizes=\"auto, (max-width: 696px) 100vw, 696px\" srcset=\"https:\/\/www.informelitoral.com.ar\/%77%70%2d%63%6f%6e%74%65%6e%74\/uploads\/2021\/11\/5ea3752e-f40c-4dff-92c3-2951adec8792-1024x461.jpg 1024w, https:\/\/www.informelitoral.com.ar\/%77%70%2d%63%6f%6e%74%65%6e%74\/uploads\/2021\/11\/5ea3752e-f40c-4dff-92c3-2951adec8792-300x135.jpg 300w, https:\/\/www.informelitoral.com.ar\/%77%70%2d%63%6f%6e%74%65%6e%74\/uploads\/2021\/11\/5ea3752e-f40c-4dff-92c3-2951adec8792-768x346.jpg 768w, https:\/\/www.informelitoral.com.ar\/%77%70%2d%63%6f%6e%74%65%6e%74\/uploads\/2021\/11\/5ea3752e-f40c-4dff-92c3-2951adec8792-1536x691.jpg 1536w, https:\/\/www.informelitoral.com.ar\/%77%70%2d%63%6f%6e%74%65%6e%74\/uploads\/2021\/11\/5ea3752e-f40c-4dff-92c3-2951adec8792-696x313.jpg 696w, https:\/\/www.informelitoral.com.ar\/%77%70%2d%63%6f%6e%74%65%6e%74\/uploads\/2021\/11\/5ea3752e-f40c-4dff-92c3-2951adec8792-1068x481.jpg 1068w, https:\/\/www.informelitoral.com.ar\/%77%70%2d%63%6f%6e%74%65%6e%74\/uploads\/2021\/11\/5ea3752e-f40c-4dff-92c3-2951adec8792-933x420.jpg 933w, https:\/\/www.informelitoral.com.ar\/%77%70%2d%63%6f%6e%74%65%6e%74\/uploads\/2021\/11\/5ea3752e-f40c-4dff-92c3-2951adec8792.jpg 1600w\" alt=\"\" width=\"696\" height=\"313\" \/><\/a><figcaption id=\"caption-attachment-66917\" class=\"wp-caption-text\">Licenciado Walter Lauphan, responsable de Pol\u00edticas Culturales de la Municipalidad y la profesora Griselda Peltzer.<\/figcaption><\/figure>\n<p>Para concretar esta carrera, desde el 2019 realizaron gestiones desde el municipio ante las autoridades de la Universidad Aut\u00f3noma de Entre R\u00edos -UADER-. Si bien la pandemia interrumpi\u00f3 su concreci\u00f3n con anterioridad, la propuesta sigui\u00f3 latente y ahora ya es pr\u00e1cticamente un hecho.<\/p>\n<p>El licenciado\u00a0<strong>Walter Lauphan,<\/strong>\u00a0responsable de Pol\u00edticas Culturales de la Municipalidad y la profesora,\u00a0<strong>Griselda Peltzer<\/strong>, en su momento coincidieron en destacar que <strong>\u00abes una carrera corta -la duraci\u00f3n es de tres a\u00f1os- con mucha y r\u00e1pida salida laboral en nuestra zona.<\/strong>\u00a0La propuesta\u00a0<strong>gener\u00f3 muy buena recepci\u00f3n en todos los lugares donde la presentamos\u00bb<\/strong>, destacaron.<\/p>\n<p>En ese marco, Lauphan detall\u00f3: \u00abFue un proceso largo para conseguir esta tecnicatura.\u00a0<strong>Hab\u00eda que recorrer instituciones, profesionales y empresas para sumar adhesiones y avales<\/strong>\u00ab, asegur\u00f3 el funcionario en referencia a la visita a establecimientos rurales, frigor\u00edficos, ferias ganaderas, a localidades que\u00a0<a href=\"https:\/\/www.informelitoral.com.ar\/municipios-comunas-y-juntas-de-gobierno-firmaron-el-acta-constitutiva-de-la-microrregion\/\">integran la Microrregi\u00f3n,<\/a>\u00a0entre otros.<\/p>\n<p>La profesora Griselda Peltzer indic\u00f3: \u00abLa tecnicatura tiene un cursado de tres a\u00f1os.\u00a0<strong>Por el momento va ser una corte, pero todo depender\u00e1 de la demanda.<\/strong>\u00a0No se descarta que si todo va bien, en el futuro se abra una segunda instancia de formaci\u00f3n\u00bb, explic\u00f3 en declaraciones a\u00a0<em>Canal 6RCV.<\/em><\/p>\n<p>En cuanto al\u00a0<strong>espacio f\u00edsico donde se dictar\u00e1 la carrera,<\/strong>\u00a0el Complejo Educativo -donde actualmente se desarrollan las propuestas de la Facultad de Ciencias la Vida y la Salud- est\u00e1 descartado porque \u00abse encuentra permanentemente ocupado\u00bb. Es por ello que\u00a0<strong>eval\u00faan desarrollar las clases en el N\u00facleo de Innovaci\u00f3n y Desarrollo de Oportunidades -NIDO-, pero tampoco se descarta ir por otro sitio. Todo depender\u00e1 de la matr\u00edcula.<\/strong><\/p>\n<p>Por \u00faltimo, Lauphan valor\u00f3 que\u00a0<strong>la matr\u00edcula educativa en la ciudad se increment\u00f3 un 10% en los \u00faltimos a\u00f1os.<\/strong>\u00a0De ese porcentaje, hay personas que \u00abpueden estudiar en su propia ciudad, con todo lo que ello implica en cuanto a tiempo, ahorro y no desarraigo\u00bb, expres\u00f3.<a href=\"https:\/\/www.informelitoral.com.ar\/%77%70%2d%63%6f%6e%74%65%6e%74\/uploads\/2022\/10\/310810240_484191167078937_1552132987234994732_n.jpg\"><br \/>\n<img loading=\"lazy\" decoding=\"async\" class=\"aligncenter wp-image-89173 size-full\" src=\"https:\/\/www.informelitoral.com.ar\/%77%70%2d%63%6f%6e%74%65%6e%74\/uploads\/2022\/10\/310810240_484191167078937_1552132987234994732_n.jpg\" alt=\"\" width=\"526\" height=\"935\" srcset=\"https:\/\/informelitoral.com.ar\/%77%70%2d%63%6f%6e%74%65%6e%74\/uploads\/2022\/10\/310810240_484191167078937_1552132987234994732_n.jpg 526w, https:\/\/informelitoral.com.ar\/%77%70%2d%63%6f%6e%74%65%6e%74\/uploads\/2022\/10\/310810240_484191167078937_1552132987234994732_n-169x300.jpg 169w, https:\/\/informelitoral.com.ar\/%77%70%2d%63%6f%6e%74%65%6e%74\/uploads\/2022\/10\/310810240_484191167078937_1552132987234994732_n-236x420.jpg 236w\" sizes=\"auto, (max-width: 526px) 100vw, 526px\" \/><\/a><\/p>\n<h4><em><strong>TE PUEDEN INTERESAR:\u00a0<\/strong><\/em><\/h4>\n<blockquote class=\"wp-embedded-content\" data-secret=\"nRs5jFTfFr\"><p><a href=\"https:\/\/www.informelitoral.com.ar\/general-ramirez-gestionan-mas-ofertas-educativas-de-la-uader\/\">General Ram\u00edrez: gestionan m\u00e1s ofertas educativas de la UADER<\/a><\/p><\/blockquote>\n<p><iframe loading=\"lazy\" class=\"wp-embedded-content\" sandbox=\"allow-scripts\" security=\"restricted\" style=\"position: absolute; clip: rect(1px, 1px, 1px, 1px);\" title=\"\u00abGeneral Ram\u00edrez: gestionan m\u00e1s ofertas educativas de la UADER\u00bb \u2014 Informe Litoral\" src=\"https:\/\/www.informelitoral.com.ar\/general-ramirez-gestionan-mas-ofertas-educativas-de-la-uader\/embed\/#?secret=l4kYd9kJHD#?secret=nRs5jFTfFr\" data-secret=\"nRs5jFTfFr\" width=\"600\" height=\"338\" frameborder=\"0\" marginwidth=\"0\" marginheight=\"0\" scrolling=\"no\"><\/iframe><\/p>\n<blockquote class=\"wp-embedded-content\" data-secret=\"kOzgwdGRcU\"><p><a href=\"https:\/\/www.informelitoral.com.ar\/caur-celebra-el-dictado-de-la-tecnicatura-en-higiene-y-salud-animal-en-ramirez\/\">CAUR celebra el dictado de la Tecnicatura en Higiene y Salud Animal en Ram\u00edrez<\/a><\/p><\/blockquote>\n<p><iframe loading=\"lazy\" class=\"wp-embedded-content\" sandbox=\"allow-scripts\" security=\"restricted\" style=\"position: absolute; clip: rect(1px, 1px, 1px, 1px);\" title=\"\u00abCAUR celebra el dictado de la Tecnicatura en Higiene y Salud Animal en Ram\u00edrez\u00bb \u2014 Informe Litoral\" src=\"https:\/\/www.informelitoral.com.ar\/caur-celebra-el-dictado-de-la-tecnicatura-en-higiene-y-salud-animal-en-ramirez\/embed\/#?secret=JFIaePyQDp#?secret=kOzgwdGRcU\" data-secret=\"kOzgwdGRcU\" width=\"600\" height=\"338\" frameborder=\"0\" marginwidth=\"0\" marginheight=\"0\" scrolling=\"no\"><\/iframe><\/p>\n<blockquote class=\"wp-embedded-content\" data-secret=\"4TqkOl3PJp\"><p><a href=\"https:\/\/www.informelitoral.com.ar\/municipalidad-y-uader-analizaron-propuestas-para-general-ramirez\/\">Municipalidad y UADER analizaron propuestas para General Ram\u00edrez<\/a><\/p><\/blockquote>\n<p><iframe loading=\"lazy\" class=\"wp-embedded-content\" sandbox=\"allow-scripts\" security=\"restricted\" style=\"position: absolute; clip: rect(1px, 1px, 1px, 1px);\" title=\"\u00abMunicipalidad y UADER analizaron propuestas para General Ram\u00edrez\u00bb \u2014 Informe Litoral\" src=\"https:\/\/www.informelitoral.com.ar\/municipalidad-y-uader-analizaron-propuestas-para-general-ramirez\/embed\/#?secret=VauIR37pnF#?secret=4TqkOl3PJp\" data-secret=\"4TqkOl3PJp\" width=\"600\" height=\"338\" frameborder=\"0\" marginwidth=\"0\" marginheight=\"0\" scrolling=\"no\"><\/iframe><\/p>\n","protected":false},"excerpt":{"rendered":"<p>Esa ciudad del departamento Diamante tendr\u00e1 una nueva propuesta acad\u00e9mica de la UADER. Las preinscripciones se reciben hasta el 14 de octubre en el Complejo Educativo. Para que se concrete, ser\u00e1 fundamental la demanda.<\/p>\n","protected":false},"author":2,"featured_media":89174,"comment_status":"open","ping_status":"open","sticky":false,"template":"","format":"standard","meta":{"fifu_image_url":"","fifu_image_alt":"","footnotes":""},"categories":[5],"tags":[98,556,27,1052,1299],"class_list":{"0":"post-89172","1":"post","2":"type-post","3":"status-publish","4":"format-standard","5":"has-post-thumbnail","7":"category-zonales","8":"tag-educacion","9":"tag-general-ramirez","10":"tag-ramirez","11":"tag-tecnicatura","12":"tag-uader"},"yoast_head":"<title>Tecnicatura en Higiene y Salud Animal en General Ram\u00edrez: \u00faltimos d\u00edas para preinscribirse - Informe Litoral<\/title>\n<meta name=\"robots\" content=\"index, follow, max-snippet:-1, max-image-preview:large, max-video-preview:-1\" \/>\n<link rel=\"canonical\" href=\"https:\/\/informelitoral.com.ar\/tecnicatura-en-higiene-y-salud-animal-en-general-ramirez-ultimos-dias-para-preinscribirse\/\" \/>\n<meta property=\"og:locale\" content=\"es_ES\" \/>\n<meta property=\"og:type\" content=\"article\" \/>\n<meta property=\"og:title\" content=\"Tecnicatura en Higiene y Salud Animal en General Ram\u00edrez: \u00faltimos d\u00edas para preinscribirse - Informe Litoral\" \/>\n<meta property=\"og:description\" content=\"Esa ciudad del departamento Diamante tendr\u00e1 una nueva propuesta acad\u00e9mica de la UADER. Las preinscripciones se reciben hasta el 14 de octubre en el Complejo Educativo. Para que se concrete, ser\u00e1 fundamental la demanda.\" \/>\n<meta property=\"og:url\" content=\"https:\/\/informelitoral.com.ar\/tecnicatura-en-higiene-y-salud-animal-en-general-ramirez-ultimos-dias-para-preinscribirse\/\" \/>\n<meta property=\"og:site_name\" content=\"Informe Litoral\" \/>\n<meta property=\"article:publisher\" content=\"https:\/\/www.facebook.com\/informelitoral\/\" \/>\n<meta property=\"article:published_time\" content=\"2022-10-08T14:44:03+00:00\" \/>\n<meta property=\"og:image\" content=\"https:\/\/informelitoral.com.ar\/%77%70%2d%63%6f%6e%74%65%6e%74\/uploads\/2022\/10\/ganaderia-e1571400954466.jpg\" \/>\n\t<meta property=\"og:image:width\" content=\"858\" \/>\n\t<meta property=\"og:image:height\" content=\"516\" \/>\n\t<meta property=\"og:image:type\" content=\"image\/jpeg\" \/>\n<meta name=\"author\" content=\"Gonzalo Schmidt\" \/>\n<meta name=\"twitter:card\" content=\"summary_large_image\" \/>\n<meta name=\"twitter:creator\" content=\"@InformeLitoral\" \/>\n<meta name=\"twitter:site\" content=\"@InformeLitoral\" \/>\n<meta name=\"twitter:label1\" content=\"Escrito por\" \/>\n\t<meta name=\"twitter:data1\" content=\"Gonzalo Schmidt\" \/>\n\t<meta name=\"twitter:label2\" content=\"Tiempo de lectura\" \/>\n\t<meta name=\"twitter:data2\" content=\"4 minutos\" \/>\n<script type=\"application\/ld+json\" class=\"yoast-schema-graph\">{\"@context\":\"https:\\\/\\\/schema.org\",\"@graph\":[{\"@type\":\"Article\",\"@id\":\"https:\\\/\\\/informelitoral.com.ar\\\/tecnicatura-en-higiene-y-salud-animal-en-general-ramirez-ultimos-dias-para-preinscribirse\\\/#article\",\"isPartOf\":{\"@id\":\"https:\\\/\\\/informelitoral.com.ar\\\/tecnicatura-en-higiene-y-salud-animal-en-general-ramirez-ultimos-dias-para-preinscribirse\\\/\"},\"author\":{\"name\":\"Gonzalo Schmidt\",\"@id\":\"https:\\\/\\\/informelitoral.com.ar\\\/#\\\/schema\\\/person\\\/b9d00407c836482871ef1d57bf8e3180\"},\"headline\":\"Tecnicatura en Higiene y Salud Animal en General Ram\u00edrez: \u00faltimos d\u00edas para preinscribirse\",\"datePublished\":\"2022-10-08T14:44:03+00:00\",\"mainEntityOfPage\":{\"@id\":\"https:\\\/\\\/informelitoral.com.ar\\\/tecnicatura-en-higiene-y-salud-animal-en-general-ramirez-ultimos-dias-para-preinscribirse\\\/\"},\"wordCount\":721,\"commentCount\":0,\"publisher\":{\"@id\":\"https:\\\/\\\/informelitoral.com.ar\\\/#organization\"},\"image\":{\"@id\":\"https:\\\/\\\/informelitoral.com.ar\\\/tecnicatura-en-higiene-y-salud-animal-en-general-ramirez-ultimos-dias-para-preinscribirse\\\/#primaryimage\"},\"thumbnailUrl\":\"https:\\\/\\\/informelitoral.com.ar\\\/%77%70%2d%63%6f%6e%74%65%6e%74\\\/uploads\\\/2022\\\/10\\\/ganaderia-e1571400954466.jpg\",\"keywords\":[\"Educaci\u00f3n\",\"General Ram\u00edrez\",\"Ram\u00edrez\",\"Tecnicatura\",\"Uader\"],\"articleSection\":[\"Departamento Diamante\"],\"inLanguage\":\"es\",\"potentialAction\":[{\"@type\":\"CommentAction\",\"name\":\"Comment\",\"target\":[\"https:\\\/\\\/informelitoral.com.ar\\\/tecnicatura-en-higiene-y-salud-animal-en-general-ramirez-ultimos-dias-para-preinscribirse\\\/#respond\"]}]},{\"@type\":\"WebPage\",\"@id\":\"https:\\\/\\\/informelitoral.com.ar\\\/tecnicatura-en-higiene-y-salud-animal-en-general-ramirez-ultimos-dias-para-preinscribirse\\\/\",\"url\":\"https:\\\/\\\/informelitoral.com.ar\\\/tecnicatura-en-higiene-y-salud-animal-en-general-ramirez-ultimos-dias-para-preinscribirse\\\/\",\"name\":\"Tecnicatura en Higiene y Salud Animal en General Ram\u00edrez: \u00faltimos d\u00edas para preinscribirse - Informe Litoral\",\"isPartOf\":{\"@id\":\"https:\\\/\\\/informelitoral.com.ar\\\/#website\"},\"primaryImageOfPage\":{\"@id\":\"https:\\\/\\\/informelitoral.com.ar\\\/tecnicatura-en-higiene-y-salud-animal-en-general-ramirez-ultimos-dias-para-preinscribirse\\\/#primaryimage\"},\"image\":{\"@id\":\"https:\\\/\\\/informelitoral.com.ar\\\/tecnicatura-en-higiene-y-salud-animal-en-general-ramirez-ultimos-dias-para-preinscribirse\\\/#primaryimage\"},\"thumbnailUrl\":\"https:\\\/\\\/informelitoral.com.ar\\\/%77%70%2d%63%6f%6e%74%65%6e%74\\\/uploads\\\/2022\\\/10\\\/ganaderia-e1571400954466.jpg\",\"datePublished\":\"2022-10-08T14:44:03+00:00\",\"breadcrumb\":{\"@id\":\"https:\\\/\\\/informelitoral.com.ar\\\/tecnicatura-en-higiene-y-salud-animal-en-general-ramirez-ultimos-dias-para-preinscribirse\\\/#breadcrumb\"},\"inLanguage\":\"es\",\"potentialAction\":[{\"@type\":\"ReadAction\",\"target\":[\"https:\\\/\\\/informelitoral.com.ar\\\/tecnicatura-en-higiene-y-salud-animal-en-general-ramirez-ultimos-dias-para-preinscribirse\\\/\"]}]},{\"@type\":\"ImageObject\",\"inLanguage\":\"es\",\"@id\":\"https:\\\/\\\/informelitoral.com.ar\\\/tecnicatura-en-higiene-y-salud-animal-en-general-ramirez-ultimos-dias-para-preinscribirse\\\/#primaryimage\",\"url\":\"https:\\\/\\\/informelitoral.com.ar\\\/%77%70%2d%63%6f%6e%74%65%6e%74\\\/uploads\\\/2022\\\/10\\\/ganaderia-e1571400954466.jpg\",\"contentUrl\":\"https:\\\/\\\/informelitoral.com.ar\\\/%77%70%2d%63%6f%6e%74%65%6e%74\\\/uploads\\\/2022\\\/10\\\/ganaderia-e1571400954466.jpg\",\"width\":858,\"height\":516},{\"@type\":\"BreadcrumbList\",\"@id\":\"https:\\\/\\\/informelitoral.com.ar\\\/tecnicatura-en-higiene-y-salud-animal-en-general-ramirez-ultimos-dias-para-preinscribirse\\\/#breadcrumb\",\"itemListElement\":[{\"@type\":\"ListItem\",\"position\":1,\"name\":\"Portada\",\"item\":\"https:\\\/\\\/informelitoral.com.ar\\\/\"},{\"@type\":\"ListItem\",\"position\":2,\"name\":\"Tecnicatura en Higiene y Salud Animal en General Ram\u00edrez: \u00faltimos d\u00edas para preinscribirse\"}]},{\"@type\":\"WebSite\",\"@id\":\"https:\\\/\\\/informelitoral.com.ar\\\/#website\",\"url\":\"https:\\\/\\\/informelitoral.com.ar\\\/\",\"name\":\"Informe Litoral\",\"description\":\"&quot;Nos informamos&quot; \",\"publisher\":{\"@id\":\"https:\\\/\\\/informelitoral.com.ar\\\/#organization\"},\"potentialAction\":[{\"@type\":\"SearchAction\",\"target\":{\"@type\":\"EntryPoint\",\"urlTemplate\":\"https:\\\/\\\/informelitoral.com.ar\\\/?s={search_term_string}\"},\"query-input\":{\"@type\":\"PropertyValueSpecification\",\"valueRequired\":true,\"valueName\":\"search_term_string\"}}],\"inLanguage\":\"es\"},{\"@type\":\"Organization\",\"@id\":\"https:\\\/\\\/informelitoral.com.ar\\\/#organization\",\"name\":\"Informe Litoral\",\"url\":\"https:\\\/\\\/informelitoral.com.ar\\\/\",\"logo\":{\"@type\":\"ImageObject\",\"inLanguage\":\"es\",\"@id\":\"https:\\\/\\\/informelitoral.com.ar\\\/#\\\/schema\\\/logo\\\/image\\\/\",\"url\":\"https:\\\/\\\/informelitoral.com.ar\\\/%77%70%2d%63%6f%6e%74%65%6e%74\\\/uploads\\\/2021\\\/01\\\/circulo.png\",\"contentUrl\":\"https:\\\/\\\/informelitoral.com.ar\\\/%77%70%2d%63%6f%6e%74%65%6e%74\\\/uploads\\\/2021\\\/01\\\/circulo.png\",\"width\":723,\"height\":731,\"caption\":\"Informe Litoral\"},\"image\":{\"@id\":\"https:\\\/\\\/informelitoral.com.ar\\\/#\\\/schema\\\/logo\\\/image\\\/\"},\"sameAs\":[\"https:\\\/\\\/www.facebook.com\\\/informelitoral\\\/\",\"https:\\\/\\\/x.com\\\/InformeLitoral\",\"https:\\\/\\\/www.instagram.com\\\/informelitoral\\\/\",\"https:\\\/\\\/www.youtube.com\\\/channel\\\/UCua4Qvz8Icb6MYqhoq9xLXw\"]},{\"@type\":\"Person\",\"@id\":\"https:\\\/\\\/informelitoral.com.ar\\\/#\\\/schema\\\/person\\\/b9d00407c836482871ef1d57bf8e3180\",\"name\":\"Gonzalo Schmidt\",\"image\":{\"@type\":\"ImageObject\",\"inLanguage\":\"es\",\"@id\":\"https:\\\/\\\/secure.gravatar.com\\\/avatar\\\/31a1a7b66ff2de83bd0e9fd79d026630d2d99e55e8bfe501287647b4fd9743de?s=96&d=mm&r=g\",\"url\":\"https:\\\/\\\/secure.gravatar.com\\\/avatar\\\/31a1a7b66ff2de83bd0e9fd79d026630d2d99e55e8bfe501287647b4fd9743de?s=96&d=mm&r=g\",\"contentUrl\":\"https:\\\/\\\/secure.gravatar.com\\\/avatar\\\/31a1a7b66ff2de83bd0e9fd79d026630d2d99e55e8bfe501287647b4fd9743de?s=96&d=mm&r=g\",\"caption\":\"Gonzalo Schmidt\"},\"description\":\"Sitio web de noticias de la provincia de Entre R\u00edos, Argentina. Informaci\u00f3n y entretenimiento. Informe Litoral, nos informamos.\",\"sameAs\":[\"http:\\\/\\\/www.isletasnoticias.com.ar\"],\"url\":\"https:\\\/\\\/informelitoral.com.ar\\\/author\\\/gonzalo\\\/\"}]}<\/script>","yoast_head_json":{"title":"Tecnicatura en Higiene y Salud Animal en General Ram\u00edrez: \u00faltimos d\u00edas para preinscribirse - Informe Litoral","robots":{"index":"index","follow":"follow","max-snippet":"max-snippet:-1","max-image-preview":"max-image-preview:large","max-video-preview":"max-video-preview:-1"},"canonical":"https:\/\/informelitoral.com.ar\/tecnicatura-en-higiene-y-salud-animal-en-general-ramirez-ultimos-dias-para-preinscribirse\/","og_locale":"es_ES","og_type":"article","og_title":"Tecnicatura en Higiene y Salud Animal en General Ram\u00edrez: \u00faltimos d\u00edas para preinscribirse - Informe Litoral","og_description":"Esa ciudad del departamento Diamante tendr\u00e1 una nueva propuesta acad\u00e9mica de la UADER. Las preinscripciones se reciben hasta el 14 de octubre en el Complejo Educativo. Para que se concrete, ser\u00e1 fundamental la demanda.","og_url":"https:\/\/informelitoral.com.ar\/tecnicatura-en-higiene-y-salud-animal-en-general-ramirez-ultimos-dias-para-preinscribirse\/","og_site_name":"Informe Litoral","article_publisher":"https:\/\/www.facebook.com\/informelitoral\/","article_published_time":"2022-10-08T14:44:03+00:00","og_image":[{"width":858,"height":516,"url":"https:\/\/informelitoral.com.ar\/%77%70%2d%63%6f%6e%74%65%6e%74\/uploads\/2022\/10\/ganaderia-e1571400954466.jpg","type":"image\/jpeg"}],"author":"Gonzalo Schmidt","twitter_card":"summary_large_image","twitter_creator":"@InformeLitoral","twitter_site":"@InformeLitoral","twitter_misc":{"Escrito por":"Gonzalo Schmidt","Tiempo de lectura":"4 minutos"},"schema":{"@context":"https:\/\/schema.org","@graph":[{"@type":"Article","@id":"https:\/\/informelitoral.com.ar\/tecnicatura-en-higiene-y-salud-animal-en-general-ramirez-ultimos-dias-para-preinscribirse\/#article","isPartOf":{"@id":"https:\/\/informelitoral.com.ar\/tecnicatura-en-higiene-y-salud-animal-en-general-ramirez-ultimos-dias-para-preinscribirse\/"},"author":{"name":"Gonzalo Schmidt","@id":"https:\/\/informelitoral.com.ar\/#\/schema\/person\/b9d00407c836482871ef1d57bf8e3180"},"headline":"Tecnicatura en Higiene y Salud Animal en General Ram\u00edrez: \u00faltimos d\u00edas para preinscribirse","datePublished":"2022-10-08T14:44:03+00:00","mainEntityOfPage":{"@id":"https:\/\/informelitoral.com.ar\/tecnicatura-en-higiene-y-salud-animal-en-general-ramirez-ultimos-dias-para-preinscribirse\/"},"wordCount":721,"commentCount":0,"publisher":{"@id":"https:\/\/informelitoral.com.ar\/#organization"},"image":{"@id":"https:\/\/informelitoral.com.ar\/tecnicatura-en-higiene-y-salud-animal-en-general-ramirez-ultimos-dias-para-preinscribirse\/#primaryimage"},"thumbnailUrl":"https:\/\/informelitoral.com.ar\/%77%70%2d%63%6f%6e%74%65%6e%74\/uploads\/2022\/10\/ganaderia-e1571400954466.jpg","keywords":["Educaci\u00f3n","General Ram\u00edrez","Ram\u00edrez","Tecnicatura","Uader"],"articleSection":["Departamento Diamante"],"inLanguage":"es","potentialAction":[{"@type":"CommentAction","name":"Comment","target":["https:\/\/informelitoral.com.ar\/tecnicatura-en-higiene-y-salud-animal-en-general-ramirez-ultimos-dias-para-preinscribirse\/#respond"]}]},{"@type":"WebPage","@id":"https:\/\/informelitoral.com.ar\/tecnicatura-en-higiene-y-salud-animal-en-general-ramirez-ultimos-dias-para-preinscribirse\/","url":"https:\/\/informelitoral.com.ar\/tecnicatura-en-higiene-y-salud-animal-en-general-ramirez-ultimos-dias-para-preinscribirse\/","name":"Tecnicatura en Higiene y Salud Animal en General Ram\u00edrez: \u00faltimos d\u00edas para preinscribirse - Informe Litoral","isPartOf":{"@id":"https:\/\/informelitoral.com.ar\/#website"},"primaryImageOfPage":{"@id":"https:\/\/informelitoral.com.ar\/tecnicatura-en-higiene-y-salud-animal-en-general-ramirez-ultimos-dias-para-preinscribirse\/#primaryimage"},"image":{"@id":"https:\/\/informelitoral.com.ar\/tecnicatura-en-higiene-y-salud-animal-en-general-ramirez-ultimos-dias-para-preinscribirse\/#primaryimage"},"thumbnailUrl":"https:\/\/informelitoral.com.ar\/%77%70%2d%63%6f%6e%74%65%6e%74\/uploads\/2022\/10\/ganaderia-e1571400954466.jpg","datePublished":"2022-10-08T14:44:03+00:00","breadcrumb":{"@id":"https:\/\/informelitoral.com.ar\/tecnicatura-en-higiene-y-salud-animal-en-general-ramirez-ultimos-dias-para-preinscribirse\/#breadcrumb"},"inLanguage":"es","potentialAction":[{"@type":"ReadAction","target":["https:\/\/informelitoral.com.ar\/tecnicatura-en-higiene-y-salud-animal-en-general-ramirez-ultimos-dias-para-preinscribirse\/"]}]},{"@type":"ImageObject","inLanguage":"es","@id":"https:\/\/informelitoral.com.ar\/tecnicatura-en-higiene-y-salud-animal-en-general-ramirez-ultimos-dias-para-preinscribirse\/#primaryimage","url":"https:\/\/informelitoral.com.ar\/%77%70%2d%63%6f%6e%74%65%6e%74\/uploads\/2022\/10\/ganaderia-e1571400954466.jpg","contentUrl":"https:\/\/informelitoral.com.ar\/%77%70%2d%63%6f%6e%74%65%6e%74\/uploads\/2022\/10\/ganaderia-e1571400954466.jpg","width":858,"height":516},{"@type":"BreadcrumbList","@id":"https:\/\/informelitoral.com.ar\/tecnicatura-en-higiene-y-salud-animal-en-general-ramirez-ultimos-dias-para-preinscribirse\/#breadcrumb","itemListElement":[{"@type":"ListItem","position":1,"name":"Portada","item":"https:\/\/informelitoral.com.ar\/"},{"@type":"ListItem","position":2,"name":"Tecnicatura en Higiene y Salud Animal en General Ram\u00edrez: \u00faltimos d\u00edas para preinscribirse"}]},{"@type":"WebSite","@id":"https:\/\/informelitoral.com.ar\/#website","url":"https:\/\/informelitoral.com.ar\/","name":"Informe Litoral","description":"&quot;Nos informamos&quot; ","publisher":{"@id":"https:\/\/informelitoral.com.ar\/#organization"},"potentialAction":[{"@type":"SearchAction","target":{"@type":"EntryPoint","urlTemplate":"https:\/\/informelitoral.com.ar\/?s={search_term_string}"},"query-input":{"@type":"PropertyValueSpecification","valueRequired":true,"valueName":"search_term_string"}}],"inLanguage":"es"},{"@type":"Organization","@id":"https:\/\/informelitoral.com.ar\/#organization","name":"Informe Litoral","url":"https:\/\/informelitoral.com.ar\/","logo":{"@type":"ImageObject","inLanguage":"es","@id":"https:\/\/informelitoral.com.ar\/#\/schema\/logo\/image\/","url":"https:\/\/informelitoral.com.ar\/%77%70%2d%63%6f%6e%74%65%6e%74\/uploads\/2021\/01\/circulo.png","contentUrl":"https:\/\/informelitoral.com.ar\/%77%70%2d%63%6f%6e%74%65%6e%74\/uploads\/2021\/01\/circulo.png","width":723,"height":731,"caption":"Informe Litoral"},"image":{"@id":"https:\/\/informelitoral.com.ar\/#\/schema\/logo\/image\/"},"sameAs":["https:\/\/www.facebook.com\/informelitoral\/","https:\/\/x.com\/InformeLitoral","https:\/\/www.instagram.com\/informelitoral\/","https:\/\/www.youtube.com\/channel\/UCua4Qvz8Icb6MYqhoq9xLXw"]},{"@type":"Person","@id":"https:\/\/informelitoral.com.ar\/#\/schema\/person\/b9d00407c836482871ef1d57bf8e3180","name":"Gonzalo Schmidt","image":{"@type":"ImageObject","inLanguage":"es","@id":"https:\/\/secure.gravatar.com\/avatar\/31a1a7b66ff2de83bd0e9fd79d026630d2d99e55e8bfe501287647b4fd9743de?s=96&d=mm&r=g","url":"https:\/\/secure.gravatar.com\/avatar\/31a1a7b66ff2de83bd0e9fd79d026630d2d99e55e8bfe501287647b4fd9743de?s=96&d=mm&r=g","contentUrl":"https:\/\/secure.gravatar.com\/avatar\/31a1a7b66ff2de83bd0e9fd79d026630d2d99e55e8bfe501287647b4fd9743de?s=96&d=mm&r=g","caption":"Gonzalo Schmidt"},"description":"Sitio web de noticias de la provincia de Entre R\u00edos, Argentina. Informaci\u00f3n y entretenimiento. Informe Litoral, nos informamos.","sameAs":["http:\/\/www.isletasnoticias.com.ar"],"url":"https:\/\/informelitoral.com.ar\/author\/gonzalo\/"}]}},"_links":{"self":[{"href":"https:\/\/informelitoral.com.ar\/%77%70%2d%6a%73%6f%6e\/wp\/v2\/posts\/89172","targetHints":{"allow":["GET"]}}],"collection":[{"href":"https:\/\/informelitoral.com.ar\/%77%70%2d%6a%73%6f%6e\/wp\/v2\/posts"}],"about":[{"href":"https:\/\/informelitoral.com.ar\/%77%70%2d%6a%73%6f%6e\/wp\/v2\/types\/post"}],"author":[{"embeddable":true,"href":"https:\/\/informelitoral.com.ar\/%77%70%2d%6a%73%6f%6e\/wp\/v2\/users\/2"}],"replies":[{"embeddable":true,"href":"https:\/\/informelitoral.com.ar\/%77%70%2d%6a%73%6f%6e\/wp\/v2\/comments?post=89172"}],"version-history":[{"count":0,"href":"https:\/\/informelitoral.com.ar\/%77%70%2d%6a%73%6f%6e\/wp\/v2\/posts\/89172\/revisions"}],"wp:featuredmedia":[{"embeddable":true,"href":"https:\/\/informelitoral.com.ar\/%77%70%2d%6a%73%6f%6e\/wp\/v2\/media\/89174"}],"wp:attachment":[{"href":"https:\/\/informelitoral.com.ar\/%77%70%2d%6a%73%6f%6e\/wp\/v2\/media?parent=89172"}],"wp:term":[{"taxonomy":"category","embeddable":true,"href":"https:\/\/informelitoral.com.ar\/%77%70%2d%6a%73%6f%6e\/wp\/v2\/categories?post=89172"},{"taxonomy":"post_tag","embeddable":true,"href":"https:\/\/informelitoral.com.ar\/%77%70%2d%6a%73%6f%6e\/wp\/v2\/tags?post=89172"}],"curies":[{"name":"wp","href":"https:\/\/api.w.org\/{rel}","templated":true}]}}