{"id":8912,"date":"2014-11-10T13:58:06","date_gmt":"2014-11-10T16:58:06","guid":{"rendered":"http:\/\/www.isletasnoticias.com.ar\/?p=8912"},"modified":"2014-11-10T13:58:06","modified_gmt":"2014-11-10T16:58:06","slug":"senador-kramer-visito-escuelas-de-isletas-y-distrito-doll","status":"publish","type":"post","link":"https:\/\/informelitoral.com.ar\/senador-kramer-visito-escuelas-de-isletas-y-distrito-doll\/","title":{"rendered":"Senador Kr\u00e4mer visit\u00f3 escuelas de Isletas y Distrito Doll"},"content":{"rendered":"<p><strong>El senador<em> Daniel Kr\u00e4mer<\/em> estuvo en las escuelas N\u00b0 17, 143 Y 153 de Isletas. Tambi\u00e9n visit\u00f3 la escuela N\u00b0 18 de Distrito Doll, se reuni\u00f3 con sus directivos y entreg\u00f3 aportes en cada una de las instituciones. El legislador estuvo acompa\u00f1ado por los referentes isletenses del FPV, <em>Luis Ch\u00e9mez<\/em> y <em>Fabi\u00e1n Garc\u00eda.\u00a0<a href=\"http:\/\/www.isletasnoticias.com.ar\/%77%70%2d%63%6f%6e%74%65%6e%74\/uploads\/2014\/11\/10167934_351457865032144_5449611397271563685_n.jpg\"><img loading=\"lazy\" decoding=\"async\" class=\"aligncenter size-medium wp-image-8913\" src=\"http:\/\/www.isletasnoticias.com.ar\/%77%70%2d%63%6f%6e%74%65%6e%74\/uploads\/2014\/11\/10167934_351457865032144_5449611397271563685_n-300x168.jpg\" alt=\"10167934_351457865032144_5449611397271563685_n\" width=\"300\" height=\"168\" srcset=\"https:\/\/informelitoral.com.ar\/%77%70%2d%63%6f%6e%74%65%6e%74\/uploads\/2014\/11\/10167934_351457865032144_5449611397271563685_n-300x168.jpg 300w, https:\/\/informelitoral.com.ar\/%77%70%2d%63%6f%6e%74%65%6e%74\/uploads\/2014\/11\/10167934_351457865032144_5449611397271563685_n.jpg 960w\" sizes=\"auto, (max-width: 300px) 100vw, 300px\" \/><\/a><\/em><\/strong><\/p>\n<p>El senador por el departamento Diamante, <strong>Daniel Ernesto Kr\u00e4mer (FPV)<\/strong>, recorri\u00f3 el viernes \u00faltimo, cuatro escuelas de Isletas y Distrito Doll, acompa\u00f1ado por el precandidato a presidente de la Junta de Gobierno, <strong>Luis Ch\u00e9mez<\/strong> y el compa\u00f1ero de f\u00f3rmula de \u00e9ste, <strong>Fabi\u00e1n Garc\u00eda<\/strong>.\u00a0<a href=\"http:\/\/www.isletasnoticias.com.ar\/%77%70%2d%63%6f%6e%74%65%6e%74\/uploads\/2014\/11\/10410430_351459095032021_1414406603379605330_n.jpg\"><img loading=\"lazy\" decoding=\"async\" class=\"alignright wp-image-8914 size-medium\" src=\"http:\/\/www.isletasnoticias.com.ar\/%77%70%2d%63%6f%6e%74%65%6e%74\/uploads\/2014\/11\/10410430_351459095032021_1414406603379605330_n-300x168.jpg\" alt=\"10410430_351459095032021_1414406603379605330_n\" width=\"300\" height=\"168\" srcset=\"https:\/\/informelitoral.com.ar\/%77%70%2d%63%6f%6e%74%65%6e%74\/uploads\/2014\/11\/10410430_351459095032021_1414406603379605330_n-300x168.jpg 300w, https:\/\/informelitoral.com.ar\/%77%70%2d%63%6f%6e%74%65%6e%74\/uploads\/2014\/11\/10410430_351459095032021_1414406603379605330_n.jpg 960w\" sizes=\"auto, (max-width: 300px) 100vw, 300px\" \/><\/a><\/p>\n<p>En su paso por la Escuela N\u00b0 18, 3 de Febrero, el legislador fue recibido por el director, <strong>Elbio Sosa<\/strong> y un grupo de padres. Tambi\u00e9n pas\u00f3 por las escuelas Agrot\u00e9cnica N\u00b0 153, Horacio Mann; la N\u00b0 17, Domingo F. Sarmiento, donde dialog\u00f3 con su directora, <strong>Marcia Coppini<\/strong> y finalmente estuvo en la Escuela Privada N\u00b0 143, 25 de Mayo.<\/p>\n<p>Seg\u00fan inform\u00f3 el ex intendente de Ram\u00edrez, en la oportunidad,\u00a0\u00abdialogu\u00e9 con sus directivos, me solicitaron distintas gestiones para sus escuelas y al finalizar la visita les hice entrega de aportes econ\u00f3micos\u00bb, expres\u00f3 Kr\u00e4mer.<a href=\"http:\/\/www.isletasnoticias.com.ar\/%77%70%2d%63%6f%6e%74%65%6e%74\/uploads\/2014\/11\/10616124_351459338365330_4248258915847424722_n.jpg\"><img loading=\"lazy\" decoding=\"async\" class=\"alignright wp-image-8915 size-medium\" src=\"http:\/\/www.isletasnoticias.com.ar\/%77%70%2d%63%6f%6e%74%65%6e%74\/uploads\/2014\/11\/10616124_351459338365330_4248258915847424722_n-300x168.jpg\" alt=\"10616124_351459338365330_4248258915847424722_n\" width=\"300\" height=\"168\" srcset=\"https:\/\/informelitoral.com.ar\/%77%70%2d%63%6f%6e%74%65%6e%74\/uploads\/2014\/11\/10616124_351459338365330_4248258915847424722_n-300x168.jpg 300w, https:\/\/informelitoral.com.ar\/%77%70%2d%63%6f%6e%74%65%6e%74\/uploads\/2014\/11\/10616124_351459338365330_4248258915847424722_n.jpg 960w\" sizes=\"auto, (max-width: 300px) 100vw, 300px\" \/><\/a><\/p>\n<p>\u00abFu\u00e9 una jornada muy linda en donde uno puede tomar contacto con la educaci\u00f3n del interior, con las ense\u00f1anzas que reciben nuestros gurises, con el aire distinto que se respira en estos lugares\u00bb, concluy\u00f3 el senador. <em>(Isletas Noticias)<\/em><\/p>\n","protected":false},"excerpt":{"rendered":"<p>El senador Daniel Kr&auml;mer estuvo en las escuelas N&deg; 17, 143 Y 153 de Isletas. Tambi&eacute;n visit&oacute; la escuela N&deg; 18 de Distrito Doll, se reuni&oacute; con sus directivos y entreg&oacute; aportes en cada una de las instituciones. El legislador estuvo acompa&ntilde;ado por los referentes isletenses del FPV, Luis Ch&eacute;mez y Fabi&aacute;n Garc&iacute;a.&nbsp; El senador [&hellip;]<\/p>\n","protected":false},"author":2,"featured_media":0,"comment_status":"open","ping_status":"open","sticky":false,"template":"","format":"standard","meta":{"fifu_image_url":"","fifu_image_alt":"","footnotes":""},"categories":[5,4],"tags":[],"class_list":{"0":"post-8912","1":"post","2":"type-post","3":"status-publish","4":"format-standard","6":"category-zonales","7":"category-locales"},"yoast_head":"<title>Senador Kr\u00e4mer visit\u00f3 escuelas de Isletas y Distrito Doll - Informe Litoral<\/title>\n<meta name=\"robots\" content=\"index, follow, max-snippet:-1, max-image-preview:large, max-video-preview:-1\" \/>\n<link rel=\"canonical\" href=\"https:\/\/informelitoral.com.ar\/senador-kramer-visito-escuelas-de-isletas-y-distrito-doll\/\" \/>\n<meta property=\"og:locale\" content=\"es_ES\" \/>\n<meta property=\"og:type\" content=\"article\" \/>\n<meta property=\"og:title\" content=\"Senador Kr\u00e4mer visit\u00f3 escuelas de Isletas y Distrito Doll - Informe Litoral\" \/>\n<meta property=\"og:description\" content=\"El senador Daniel Kr&auml;mer estuvo en las escuelas N&deg; 17, 143 Y 153 de Isletas. Tambi&eacute;n visit&oacute; la escuela N&deg; 18 de Distrito Doll, se reuni&oacute; con sus directivos y entreg&oacute; aportes en cada una de las instituciones. El legislador estuvo acompa&ntilde;ado por los referentes isletenses del FPV, Luis Ch&eacute;mez y Fabi&aacute;n Garc&iacute;a.&nbsp; El senador [&hellip;]\" \/>\n<meta property=\"og:url\" content=\"https:\/\/informelitoral.com.ar\/senador-kramer-visito-escuelas-de-isletas-y-distrito-doll\/\" \/>\n<meta property=\"og:site_name\" content=\"Informe Litoral\" \/>\n<meta property=\"article:publisher\" content=\"https:\/\/www.facebook.com\/informelitoral\/\" \/>\n<meta property=\"article:published_time\" content=\"2014-11-10T16:58:06+00:00\" \/>\n<meta property=\"og:image\" content=\"https:\/\/informelitoral.com.ar\/%77%70%2d%63%6f%6e%74%65%6e%74\/uploads\/2014\/11\/10167934_351457865032144_5449611397271563685_n.jpg\" \/>\n\t<meta property=\"og:image:width\" content=\"960\" \/>\n\t<meta property=\"og:image:height\" content=\"540\" \/>\n\t<meta property=\"og:image:type\" content=\"image\/jpeg\" \/>\n<meta name=\"author\" content=\"Gonzalo Schmidt\" \/>\n<meta name=\"twitter:card\" content=\"summary_large_image\" \/>\n<meta name=\"twitter:creator\" content=\"@InformeLitoral\" \/>\n<meta name=\"twitter:site\" content=\"@InformeLitoral\" \/>\n<meta name=\"twitter:label1\" content=\"Escrito por\" \/>\n\t<meta name=\"twitter:data1\" content=\"Gonzalo Schmidt\" \/>\n\t<meta name=\"twitter:label2\" content=\"Tiempo de lectura\" \/>\n\t<meta name=\"twitter:data2\" content=\"1 minuto\" \/>\n<script type=\"application\/ld+json\" class=\"yoast-schema-graph\">{\"@context\":\"https:\\\/\\\/schema.org\",\"@graph\":[{\"@type\":\"Article\",\"@id\":\"https:\\\/\\\/informelitoral.com.ar\\\/senador-kramer-visito-escuelas-de-isletas-y-distrito-doll\\\/#article\",\"isPartOf\":{\"@id\":\"https:\\\/\\\/informelitoral.com.ar\\\/senador-kramer-visito-escuelas-de-isletas-y-distrito-doll\\\/\"},\"author\":{\"name\":\"Gonzalo Schmidt\",\"@id\":\"https:\\\/\\\/informelitoral.com.ar\\\/#\\\/schema\\\/person\\\/b9d00407c836482871ef1d57bf8e3180\"},\"headline\":\"Senador Kr\u00e4mer visit\u00f3 escuelas de Isletas y Distrito Doll\",\"datePublished\":\"2014-11-10T16:58:06+00:00\",\"mainEntityOfPage\":{\"@id\":\"https:\\\/\\\/informelitoral.com.ar\\\/senador-kramer-visito-escuelas-de-isletas-y-distrito-doll\\\/\"},\"wordCount\":249,\"commentCount\":0,\"publisher\":{\"@id\":\"https:\\\/\\\/informelitoral.com.ar\\\/#organization\"},\"image\":{\"@id\":\"https:\\\/\\\/informelitoral.com.ar\\\/senador-kramer-visito-escuelas-de-isletas-y-distrito-doll\\\/#primaryimage\"},\"thumbnailUrl\":\"http:\\\/\\\/www.isletasnoticias.com.ar\\\/%77%70%2d%63%6f%6e%74%65%6e%74\\\/uploads\\\/2014\\\/11\\\/10167934_351457865032144_5449611397271563685_n-300x168.jpg\",\"articleSection\":[\"Departamento Diamante\",\"Isletas\"],\"inLanguage\":\"es\",\"potentialAction\":[{\"@type\":\"CommentAction\",\"name\":\"Comment\",\"target\":[\"https:\\\/\\\/informelitoral.com.ar\\\/senador-kramer-visito-escuelas-de-isletas-y-distrito-doll\\\/#respond\"]}]},{\"@type\":\"WebPage\",\"@id\":\"https:\\\/\\\/informelitoral.com.ar\\\/senador-kramer-visito-escuelas-de-isletas-y-distrito-doll\\\/\",\"url\":\"https:\\\/\\\/informelitoral.com.ar\\\/senador-kramer-visito-escuelas-de-isletas-y-distrito-doll\\\/\",\"name\":\"Senador Kr\u00e4mer visit\u00f3 escuelas de Isletas y Distrito Doll - Informe Litoral\",\"isPartOf\":{\"@id\":\"https:\\\/\\\/informelitoral.com.ar\\\/#website\"},\"primaryImageOfPage\":{\"@id\":\"https:\\\/\\\/informelitoral.com.ar\\\/senador-kramer-visito-escuelas-de-isletas-y-distrito-doll\\\/#primaryimage\"},\"image\":{\"@id\":\"https:\\\/\\\/informelitoral.com.ar\\\/senador-kramer-visito-escuelas-de-isletas-y-distrito-doll\\\/#primaryimage\"},\"thumbnailUrl\":\"http:\\\/\\\/www.isletasnoticias.com.ar\\\/%77%70%2d%63%6f%6e%74%65%6e%74\\\/uploads\\\/2014\\\/11\\\/10167934_351457865032144_5449611397271563685_n-300x168.jpg\",\"datePublished\":\"2014-11-10T16:58:06+00:00\",\"breadcrumb\":{\"@id\":\"https:\\\/\\\/informelitoral.com.ar\\\/senador-kramer-visito-escuelas-de-isletas-y-distrito-doll\\\/#breadcrumb\"},\"inLanguage\":\"es\",\"potentialAction\":[{\"@type\":\"ReadAction\",\"target\":[\"https:\\\/\\\/informelitoral.com.ar\\\/senador-kramer-visito-escuelas-de-isletas-y-distrito-doll\\\/\"]}]},{\"@type\":\"ImageObject\",\"inLanguage\":\"es\",\"@id\":\"https:\\\/\\\/informelitoral.com.ar\\\/senador-kramer-visito-escuelas-de-isletas-y-distrito-doll\\\/#primaryimage\",\"url\":\"http:\\\/\\\/www.isletasnoticias.com.ar\\\/%77%70%2d%63%6f%6e%74%65%6e%74\\\/uploads\\\/2014\\\/11\\\/10167934_351457865032144_5449611397271563685_n-300x168.jpg\",\"contentUrl\":\"http:\\\/\\\/www.isletasnoticias.com.ar\\\/%77%70%2d%63%6f%6e%74%65%6e%74\\\/uploads\\\/2014\\\/11\\\/10167934_351457865032144_5449611397271563685_n-300x168.jpg\"},{\"@type\":\"BreadcrumbList\",\"@id\":\"https:\\\/\\\/informelitoral.com.ar\\\/senador-kramer-visito-escuelas-de-isletas-y-distrito-doll\\\/#breadcrumb\",\"itemListElement\":[{\"@type\":\"ListItem\",\"position\":1,\"name\":\"Portada\",\"item\":\"https:\\\/\\\/informelitoral.com.ar\\\/\"},{\"@type\":\"ListItem\",\"position\":2,\"name\":\"Senador Kr\u00e4mer visit\u00f3 escuelas de Isletas y Distrito Doll\"}]},{\"@type\":\"WebSite\",\"@id\":\"https:\\\/\\\/informelitoral.com.ar\\\/#website\",\"url\":\"https:\\\/\\\/informelitoral.com.ar\\\/\",\"name\":\"Informe Litoral\",\"description\":\"&quot;Nos informamos&quot; \",\"publisher\":{\"@id\":\"https:\\\/\\\/informelitoral.com.ar\\\/#organization\"},\"potentialAction\":[{\"@type\":\"SearchAction\",\"target\":{\"@type\":\"EntryPoint\",\"urlTemplate\":\"https:\\\/\\\/informelitoral.com.ar\\\/?s={search_term_string}\"},\"query-input\":{\"@type\":\"PropertyValueSpecification\",\"valueRequired\":true,\"valueName\":\"search_term_string\"}}],\"inLanguage\":\"es\"},{\"@type\":\"Organization\",\"@id\":\"https:\\\/\\\/informelitoral.com.ar\\\/#organization\",\"name\":\"Informe Litoral\",\"url\":\"https:\\\/\\\/informelitoral.com.ar\\\/\",\"logo\":{\"@type\":\"ImageObject\",\"inLanguage\":\"es\",\"@id\":\"https:\\\/\\\/informelitoral.com.ar\\\/#\\\/schema\\\/logo\\\/image\\\/\",\"url\":\"https:\\\/\\\/informelitoral.com.ar\\\/%77%70%2d%63%6f%6e%74%65%6e%74\\\/uploads\\\/2021\\\/01\\\/circulo.png\",\"contentUrl\":\"https:\\\/\\\/informelitoral.com.ar\\\/%77%70%2d%63%6f%6e%74%65%6e%74\\\/uploads\\\/2021\\\/01\\\/circulo.png\",\"width\":723,\"height\":731,\"caption\":\"Informe Litoral\"},\"image\":{\"@id\":\"https:\\\/\\\/informelitoral.com.ar\\\/#\\\/schema\\\/logo\\\/image\\\/\"},\"sameAs\":[\"https:\\\/\\\/www.facebook.com\\\/informelitoral\\\/\",\"https:\\\/\\\/x.com\\\/InformeLitoral\",\"https:\\\/\\\/www.instagram.com\\\/informelitoral\\\/\",\"https:\\\/\\\/www.youtube.com\\\/channel\\\/UCua4Qvz8Icb6MYqhoq9xLXw\"]},{\"@type\":\"Person\",\"@id\":\"https:\\\/\\\/informelitoral.com.ar\\\/#\\\/schema\\\/person\\\/b9d00407c836482871ef1d57bf8e3180\",\"name\":\"Gonzalo Schmidt\",\"image\":{\"@type\":\"ImageObject\",\"inLanguage\":\"es\",\"@id\":\"https:\\\/\\\/secure.gravatar.com\\\/avatar\\\/31a1a7b66ff2de83bd0e9fd79d026630d2d99e55e8bfe501287647b4fd9743de?s=96&d=mm&r=g\",\"url\":\"https:\\\/\\\/secure.gravatar.com\\\/avatar\\\/31a1a7b66ff2de83bd0e9fd79d026630d2d99e55e8bfe501287647b4fd9743de?s=96&d=mm&r=g\",\"contentUrl\":\"https:\\\/\\\/secure.gravatar.com\\\/avatar\\\/31a1a7b66ff2de83bd0e9fd79d026630d2d99e55e8bfe501287647b4fd9743de?s=96&d=mm&r=g\",\"caption\":\"Gonzalo Schmidt\"},\"description\":\"Sitio web de noticias de la provincia de Entre R\u00edos, Argentina. Informaci\u00f3n y entretenimiento. Informe Litoral, nos informamos.\",\"sameAs\":[\"http:\\\/\\\/www.isletasnoticias.com.ar\"],\"url\":\"https:\\\/\\\/informelitoral.com.ar\\\/author\\\/gonzalo\\\/\"}]}<\/script>","yoast_head_json":{"title":"Senador Kr\u00e4mer visit\u00f3 escuelas de Isletas y Distrito Doll - Informe Litoral","robots":{"index":"index","follow":"follow","max-snippet":"max-snippet:-1","max-image-preview":"max-image-preview:large","max-video-preview":"max-video-preview:-1"},"canonical":"https:\/\/informelitoral.com.ar\/senador-kramer-visito-escuelas-de-isletas-y-distrito-doll\/","og_locale":"es_ES","og_type":"article","og_title":"Senador Kr\u00e4mer visit\u00f3 escuelas de Isletas y Distrito Doll - Informe Litoral","og_description":"El senador Daniel Kr&auml;mer estuvo en las escuelas N&deg; 17, 143 Y 153 de Isletas. Tambi&eacute;n visit&oacute; la escuela N&deg; 18 de Distrito Doll, se reuni&oacute; con sus directivos y entreg&oacute; aportes en cada una de las instituciones. El legislador estuvo acompa&ntilde;ado por los referentes isletenses del FPV, Luis Ch&eacute;mez y Fabi&aacute;n Garc&iacute;a.&nbsp; El senador [&hellip;]","og_url":"https:\/\/informelitoral.com.ar\/senador-kramer-visito-escuelas-de-isletas-y-distrito-doll\/","og_site_name":"Informe Litoral","article_publisher":"https:\/\/www.facebook.com\/informelitoral\/","article_published_time":"2014-11-10T16:58:06+00:00","og_image":[{"width":960,"height":540,"url":"https:\/\/informelitoral.com.ar\/%77%70%2d%63%6f%6e%74%65%6e%74\/uploads\/2014\/11\/10167934_351457865032144_5449611397271563685_n.jpg","type":"image\/jpeg"}],"author":"Gonzalo Schmidt","twitter_card":"summary_large_image","twitter_creator":"@InformeLitoral","twitter_site":"@InformeLitoral","twitter_misc":{"Escrito por":"Gonzalo Schmidt","Tiempo de lectura":"1 minuto"},"schema":{"@context":"https:\/\/schema.org","@graph":[{"@type":"Article","@id":"https:\/\/informelitoral.com.ar\/senador-kramer-visito-escuelas-de-isletas-y-distrito-doll\/#article","isPartOf":{"@id":"https:\/\/informelitoral.com.ar\/senador-kramer-visito-escuelas-de-isletas-y-distrito-doll\/"},"author":{"name":"Gonzalo Schmidt","@id":"https:\/\/informelitoral.com.ar\/#\/schema\/person\/b9d00407c836482871ef1d57bf8e3180"},"headline":"Senador Kr\u00e4mer visit\u00f3 escuelas de Isletas y Distrito Doll","datePublished":"2014-11-10T16:58:06+00:00","mainEntityOfPage":{"@id":"https:\/\/informelitoral.com.ar\/senador-kramer-visito-escuelas-de-isletas-y-distrito-doll\/"},"wordCount":249,"commentCount":0,"publisher":{"@id":"https:\/\/informelitoral.com.ar\/#organization"},"image":{"@id":"https:\/\/informelitoral.com.ar\/senador-kramer-visito-escuelas-de-isletas-y-distrito-doll\/#primaryimage"},"thumbnailUrl":"http:\/\/www.isletasnoticias.com.ar\/%77%70%2d%63%6f%6e%74%65%6e%74\/uploads\/2014\/11\/10167934_351457865032144_5449611397271563685_n-300x168.jpg","articleSection":["Departamento Diamante","Isletas"],"inLanguage":"es","potentialAction":[{"@type":"CommentAction","name":"Comment","target":["https:\/\/informelitoral.com.ar\/senador-kramer-visito-escuelas-de-isletas-y-distrito-doll\/#respond"]}]},{"@type":"WebPage","@id":"https:\/\/informelitoral.com.ar\/senador-kramer-visito-escuelas-de-isletas-y-distrito-doll\/","url":"https:\/\/informelitoral.com.ar\/senador-kramer-visito-escuelas-de-isletas-y-distrito-doll\/","name":"Senador Kr\u00e4mer visit\u00f3 escuelas de Isletas y Distrito Doll - Informe Litoral","isPartOf":{"@id":"https:\/\/informelitoral.com.ar\/#website"},"primaryImageOfPage":{"@id":"https:\/\/informelitoral.com.ar\/senador-kramer-visito-escuelas-de-isletas-y-distrito-doll\/#primaryimage"},"image":{"@id":"https:\/\/informelitoral.com.ar\/senador-kramer-visito-escuelas-de-isletas-y-distrito-doll\/#primaryimage"},"thumbnailUrl":"http:\/\/www.isletasnoticias.com.ar\/%77%70%2d%63%6f%6e%74%65%6e%74\/uploads\/2014\/11\/10167934_351457865032144_5449611397271563685_n-300x168.jpg","datePublished":"2014-11-10T16:58:06+00:00","breadcrumb":{"@id":"https:\/\/informelitoral.com.ar\/senador-kramer-visito-escuelas-de-isletas-y-distrito-doll\/#breadcrumb"},"inLanguage":"es","potentialAction":[{"@type":"ReadAction","target":["https:\/\/informelitoral.com.ar\/senador-kramer-visito-escuelas-de-isletas-y-distrito-doll\/"]}]},{"@type":"ImageObject","inLanguage":"es","@id":"https:\/\/informelitoral.com.ar\/senador-kramer-visito-escuelas-de-isletas-y-distrito-doll\/#primaryimage","url":"http:\/\/www.isletasnoticias.com.ar\/%77%70%2d%63%6f%6e%74%65%6e%74\/uploads\/2014\/11\/10167934_351457865032144_5449611397271563685_n-300x168.jpg","contentUrl":"http:\/\/www.isletasnoticias.com.ar\/%77%70%2d%63%6f%6e%74%65%6e%74\/uploads\/2014\/11\/10167934_351457865032144_5449611397271563685_n-300x168.jpg"},{"@type":"BreadcrumbList","@id":"https:\/\/informelitoral.com.ar\/senador-kramer-visito-escuelas-de-isletas-y-distrito-doll\/#breadcrumb","itemListElement":[{"@type":"ListItem","position":1,"name":"Portada","item":"https:\/\/informelitoral.com.ar\/"},{"@type":"ListItem","position":2,"name":"Senador Kr\u00e4mer visit\u00f3 escuelas de Isletas y Distrito Doll"}]},{"@type":"WebSite","@id":"https:\/\/informelitoral.com.ar\/#website","url":"https:\/\/informelitoral.com.ar\/","name":"Informe Litoral","description":"&quot;Nos informamos&quot; ","publisher":{"@id":"https:\/\/informelitoral.com.ar\/#organization"},"potentialAction":[{"@type":"SearchAction","target":{"@type":"EntryPoint","urlTemplate":"https:\/\/informelitoral.com.ar\/?s={search_term_string}"},"query-input":{"@type":"PropertyValueSpecification","valueRequired":true,"valueName":"search_term_string"}}],"inLanguage":"es"},{"@type":"Organization","@id":"https:\/\/informelitoral.com.ar\/#organization","name":"Informe Litoral","url":"https:\/\/informelitoral.com.ar\/","logo":{"@type":"ImageObject","inLanguage":"es","@id":"https:\/\/informelitoral.com.ar\/#\/schema\/logo\/image\/","url":"https:\/\/informelitoral.com.ar\/%77%70%2d%63%6f%6e%74%65%6e%74\/uploads\/2021\/01\/circulo.png","contentUrl":"https:\/\/informelitoral.com.ar\/%77%70%2d%63%6f%6e%74%65%6e%74\/uploads\/2021\/01\/circulo.png","width":723,"height":731,"caption":"Informe Litoral"},"image":{"@id":"https:\/\/informelitoral.com.ar\/#\/schema\/logo\/image\/"},"sameAs":["https:\/\/www.facebook.com\/informelitoral\/","https:\/\/x.com\/InformeLitoral","https:\/\/www.instagram.com\/informelitoral\/","https:\/\/www.youtube.com\/channel\/UCua4Qvz8Icb6MYqhoq9xLXw"]},{"@type":"Person","@id":"https:\/\/informelitoral.com.ar\/#\/schema\/person\/b9d00407c836482871ef1d57bf8e3180","name":"Gonzalo Schmidt","image":{"@type":"ImageObject","inLanguage":"es","@id":"https:\/\/secure.gravatar.com\/avatar\/31a1a7b66ff2de83bd0e9fd79d026630d2d99e55e8bfe501287647b4fd9743de?s=96&d=mm&r=g","url":"https:\/\/secure.gravatar.com\/avatar\/31a1a7b66ff2de83bd0e9fd79d026630d2d99e55e8bfe501287647b4fd9743de?s=96&d=mm&r=g","contentUrl":"https:\/\/secure.gravatar.com\/avatar\/31a1a7b66ff2de83bd0e9fd79d026630d2d99e55e8bfe501287647b4fd9743de?s=96&d=mm&r=g","caption":"Gonzalo Schmidt"},"description":"Sitio web de noticias de la provincia de Entre R\u00edos, Argentina. Informaci\u00f3n y entretenimiento. Informe Litoral, nos informamos.","sameAs":["http:\/\/www.isletasnoticias.com.ar"],"url":"https:\/\/informelitoral.com.ar\/author\/gonzalo\/"}]}},"_links":{"self":[{"href":"https:\/\/informelitoral.com.ar\/%77%70%2d%6a%73%6f%6e\/wp\/v2\/posts\/8912","targetHints":{"allow":["GET"]}}],"collection":[{"href":"https:\/\/informelitoral.com.ar\/%77%70%2d%6a%73%6f%6e\/wp\/v2\/posts"}],"about":[{"href":"https:\/\/informelitoral.com.ar\/%77%70%2d%6a%73%6f%6e\/wp\/v2\/types\/post"}],"author":[{"embeddable":true,"href":"https:\/\/informelitoral.com.ar\/%77%70%2d%6a%73%6f%6e\/wp\/v2\/users\/2"}],"replies":[{"embeddable":true,"href":"https:\/\/informelitoral.com.ar\/%77%70%2d%6a%73%6f%6e\/wp\/v2\/comments?post=8912"}],"version-history":[{"count":0,"href":"https:\/\/informelitoral.com.ar\/%77%70%2d%6a%73%6f%6e\/wp\/v2\/posts\/8912\/revisions"}],"wp:attachment":[{"href":"https:\/\/informelitoral.com.ar\/%77%70%2d%6a%73%6f%6e\/wp\/v2\/media?parent=8912"}],"wp:term":[{"taxonomy":"category","embeddable":true,"href":"https:\/\/informelitoral.com.ar\/%77%70%2d%6a%73%6f%6e\/wp\/v2\/categories?post=8912"},{"taxonomy":"post_tag","embeddable":true,"href":"https:\/\/informelitoral.com.ar\/%77%70%2d%6a%73%6f%6e\/wp\/v2\/tags?post=8912"}],"curies":[{"name":"wp","href":"https:\/\/api.w.org\/{rel}","templated":true}]}}