{"id":88821,"date":"2022-10-05T11:44:59","date_gmt":"2022-10-05T14:44:59","guid":{"rendered":"https:\/\/www.informelitoral.com.ar\/?p=88821"},"modified":"2022-10-05T11:45:15","modified_gmt":"2022-10-05T14:45:15","slug":"el-campo-rechaza-el-presupuesto-2023-ante-un-posible-aumento-de-retenciones","status":"publish","type":"post","link":"https:\/\/informelitoral.com.ar\/el-campo-rechaza-el-presupuesto-2023-ante-un-posible-aumento-de-retenciones\/","title":{"rendered":"El campo rechaza el Presupuesto 2023 ante un posible aumento de retenciones"},"content":{"rendered":"<p>El Gobierno present\u00f3 un nuevo presupuesto\u00a0e incluy\u00f3 un art\u00edculo que le permitir\u00eda\u00a0<strong>subir los derechos de exportaci\u00f3n.<\/strong>\u00a0Ante esta situaci\u00f3n, la Mesa de Enlace manifest\u00f3 un profundo rechazo: \u00abLos representantes del Poder Ejecutivo no pueden auto proponerse funciones que no les corresponden. Los representantes del Poder Legislativo deben dejar de ceder sus facultades propias del cargo para el que han sido votados. Y todos ellos deben dejar de hacer caso omiso a lo dispuesto por la Constituci\u00f3n Nacional, que es la Ley Suprema que debe regir el funcionamiento de nuestro pa\u00eds\u00bb.<\/p>\n<p>En el proyecto de ley de\u00a0<strong>Presupuesto 2023<\/strong>\u00a0que se debate en el Congreso, el Ejecutivo incluy\u00f3 el art\u00edculo 96 que\u00a0establece la facultad para modificar los derechos de exportaci\u00f3n\u00a0hasta diciembre de 2023.<\/p>\n<p>La iniciativa retoma la ley de emergencia que\u00a0<strong>impuls\u00f3 el exministro de Econom\u00eda, Mart\u00edn Guzm\u00e1n<\/strong>. La misma fij\u00f3 un tope de retenciones del 33 % para la soja y del 15 % para el trigo y el ma\u00edz.\u00a0 Si bien la soja hoy tiene esa al\u00edcuota, l<strong>os cereales solo pagan el 12 %<\/strong>. De aprobarse este proyecto de ley, el Gobierno podr\u00eda incrementar los porcentajes de manera sin la aprobaci\u00f3n del Congreso.<\/p>\n<p>\u00abUna vez m\u00e1s, la pol\u00edtica pretende coartar el crecimiento y el desarrollo productivo con pol\u00edticas confiscatorias imponiendo grav\u00e1menes que restringen la producci\u00f3n, el crecimiento y la generaci\u00f3n de empleo\u00bb, advirtieron a trav\u00e9s de un comunicado las entidades productivas (Sociedad Rural Argentina, Federaci\u00f3n Agraria Argentina, Coninagro y Confederaciones Rurales Argentinas).<\/p>\n<p>Por su parte, Federaci\u00f3n Agraria Argentina comparti\u00f3 una postura m\u00e1s extensa:\u00a0 \u201cExpresamos nuestro repudio ante el nuevo intento del Gobierno de<strong>\u00a0recuperar la potestad de modificar las al\u00edcuotas de retenciones,<\/strong>\u00a0camuflado en un art\u00edculo del presupuesto enviado al Congreso\u201d.<\/p>\n<p>\u201cEl Ejecutivo busca discrecionalidad, cuando la facultad de establecer y modificar impuestos es atribuci\u00f3n exclusiva del Poder Legislativo. Por eso le pedimos a los legisladores que no vuelvan a permitir que prospere este intento,<strong>\u00a0por la salud de la democracia y los principios republicanos\u201d<\/strong>, sostuvo la entidad que preside Carlos Achetoni.<\/p>\n<p>Al mismo tiempo, la Federaci\u00f3n Agraria expres\u00f3 que es tiempo de que los legisladores y legisladoras se animen a dar la discusi\u00f3n y\u00a0tratar una ley de reforma impositiva progresiva e integral.\u00a0En este sentido, especificaron que se deber\u00eda avanzar hacia un retiro gradual de los derechos de exportaci\u00f3n, hasta eliminarlos.<\/p>\n<p>\u201cEn nuestros encuentros con los bloques, meses atr\u00e1s, nos apoyaron en el planteo, por lo que ahora es tiempo de dar el debate. De todos modos, mientras tanto, no tenemos dudas de que, si hay que modificar impuestos de cualquier tipo, se debe discutir en el Congreso de la Naci\u00f3n y no en un despacho de Balcarce 50\u201d, concluy\u00f3 el comunicado de la Federaci\u00f3n Agraria.<\/p>\n<p>Por su parte, la Fundaci\u00f3n Barbechando manifest\u00f3: \u201cCreemos firmemente que el camino para el desarrollo de nuestro pa\u00eds son las pol\u00edticas p\u00fablicas que generan previsibilidad, estabilidad, con una mirada de largo plazo, que genere\u00a0<strong>dinamismo en las actividades productivas\u201d.<\/strong>\u00a0Adem\u00e1s, agreg\u00f3 que los derechos de exportaci\u00f3n son un gravamen que afecta la generaci\u00f3n de empleo, el desarrollo federal y, en definitiva, la capacidad del pa\u00eds para producir alimentos de calidad para los argentinos y el mundo.<\/p>\n","protected":false},"excerpt":{"rendered":"<p>La Mesa de Enlace manifest\u00f3 su postura sobre el art\u00edculo que le devuelve la posibilidad de aumentar la al\u00edcuota al Ejecutivo.<\/p>\n","protected":false},"author":8,"featured_media":85088,"comment_status":"open","ping_status":"open","sticky":false,"template":"","format":"standard","meta":{"fifu_image_url":"","fifu_image_alt":"","footnotes":""},"categories":[10],"tags":[157],"class_list":{"0":"post-88821","1":"post","2":"type-post","3":"status-publish","4":"format-standard","5":"has-post-thumbnail","7":"category-campo","8":"tag-retenciones"},"yoast_head":"<title>El campo rechaza el Presupuesto 2023 ante un posible aumento de retenciones - Informe Litoral<\/title>\n<meta name=\"robots\" content=\"index, follow, max-snippet:-1, max-image-preview:large, max-video-preview:-1\" \/>\n<link rel=\"canonical\" href=\"https:\/\/informelitoral.com.ar\/el-campo-rechaza-el-presupuesto-2023-ante-un-posible-aumento-de-retenciones\/\" \/>\n<meta property=\"og:locale\" content=\"es_ES\" \/>\n<meta property=\"og:type\" content=\"article\" \/>\n<meta property=\"og:title\" content=\"El campo rechaza el Presupuesto 2023 ante un posible aumento de retenciones - Informe Litoral\" \/>\n<meta property=\"og:description\" content=\"La Mesa de Enlace manifest\u00f3 su postura sobre el art\u00edculo que le devuelve la posibilidad de aumentar la al\u00edcuota al Ejecutivo.\" \/>\n<meta property=\"og:url\" content=\"https:\/\/informelitoral.com.ar\/el-campo-rechaza-el-presupuesto-2023-ante-un-posible-aumento-de-retenciones\/\" \/>\n<meta property=\"og:site_name\" content=\"Informe Litoral\" \/>\n<meta property=\"article:publisher\" content=\"https:\/\/www.facebook.com\/informelitoral\/\" \/>\n<meta property=\"article:published_time\" content=\"2022-10-05T14:44:59+00:00\" \/>\n<meta property=\"article:modified_time\" content=\"2022-10-05T14:45:15+00:00\" \/>\n<meta property=\"og:image\" content=\"https:\/\/informelitoral.com.ar\/%77%70%2d%63%6f%6e%74%65%6e%74\/uploads\/2022\/08\/john-deere-tractor-autonomo.jpg\" \/>\n\t<meta property=\"og:image:width\" content=\"1200\" \/>\n\t<meta property=\"og:image:height\" content=\"655\" \/>\n\t<meta property=\"og:image:type\" content=\"image\/jpeg\" \/>\n<meta name=\"author\" content=\"Sebastian\" \/>\n<meta name=\"twitter:card\" content=\"summary_large_image\" \/>\n<meta name=\"twitter:creator\" content=\"@InformeLitoral\" \/>\n<meta name=\"twitter:site\" content=\"@InformeLitoral\" \/>\n<meta name=\"twitter:label1\" content=\"Escrito por\" \/>\n\t<meta name=\"twitter:data1\" content=\"Sebastian\" \/>\n\t<meta name=\"twitter:label2\" content=\"Tiempo de lectura\" \/>\n\t<meta name=\"twitter:data2\" content=\"3 minutos\" \/>\n<script type=\"application\/ld+json\" class=\"yoast-schema-graph\">{\"@context\":\"https:\\\/\\\/schema.org\",\"@graph\":[{\"@type\":\"Article\",\"@id\":\"https:\\\/\\\/informelitoral.com.ar\\\/el-campo-rechaza-el-presupuesto-2023-ante-un-posible-aumento-de-retenciones\\\/#article\",\"isPartOf\":{\"@id\":\"https:\\\/\\\/informelitoral.com.ar\\\/el-campo-rechaza-el-presupuesto-2023-ante-un-posible-aumento-de-retenciones\\\/\"},\"author\":{\"name\":\"Sebastian\",\"@id\":\"https:\\\/\\\/informelitoral.com.ar\\\/#\\\/schema\\\/person\\\/f05f9f461677119578717524b127d6d5\"},\"headline\":\"El campo rechaza el Presupuesto 2023 ante un posible aumento de retenciones\",\"datePublished\":\"2022-10-05T14:44:59+00:00\",\"dateModified\":\"2022-10-05T14:45:15+00:00\",\"mainEntityOfPage\":{\"@id\":\"https:\\\/\\\/informelitoral.com.ar\\\/el-campo-rechaza-el-presupuesto-2023-ante-un-posible-aumento-de-retenciones\\\/\"},\"wordCount\":573,\"commentCount\":0,\"publisher\":{\"@id\":\"https:\\\/\\\/informelitoral.com.ar\\\/#organization\"},\"image\":{\"@id\":\"https:\\\/\\\/informelitoral.com.ar\\\/el-campo-rechaza-el-presupuesto-2023-ante-un-posible-aumento-de-retenciones\\\/#primaryimage\"},\"thumbnailUrl\":\"https:\\\/\\\/informelitoral.com.ar\\\/%77%70%2d%63%6f%6e%74%65%6e%74\\\/uploads\\\/2022\\\/08\\\/john-deere-tractor-autonomo.jpg\",\"keywords\":[\"Retenciones\"],\"articleSection\":[\"Campo\"],\"inLanguage\":\"es\",\"potentialAction\":[{\"@type\":\"CommentAction\",\"name\":\"Comment\",\"target\":[\"https:\\\/\\\/informelitoral.com.ar\\\/el-campo-rechaza-el-presupuesto-2023-ante-un-posible-aumento-de-retenciones\\\/#respond\"]}]},{\"@type\":\"WebPage\",\"@id\":\"https:\\\/\\\/informelitoral.com.ar\\\/el-campo-rechaza-el-presupuesto-2023-ante-un-posible-aumento-de-retenciones\\\/\",\"url\":\"https:\\\/\\\/informelitoral.com.ar\\\/el-campo-rechaza-el-presupuesto-2023-ante-un-posible-aumento-de-retenciones\\\/\",\"name\":\"El campo rechaza el Presupuesto 2023 ante un posible aumento de retenciones - Informe Litoral\",\"isPartOf\":{\"@id\":\"https:\\\/\\\/informelitoral.com.ar\\\/#website\"},\"primaryImageOfPage\":{\"@id\":\"https:\\\/\\\/informelitoral.com.ar\\\/el-campo-rechaza-el-presupuesto-2023-ante-un-posible-aumento-de-retenciones\\\/#primaryimage\"},\"image\":{\"@id\":\"https:\\\/\\\/informelitoral.com.ar\\\/el-campo-rechaza-el-presupuesto-2023-ante-un-posible-aumento-de-retenciones\\\/#primaryimage\"},\"thumbnailUrl\":\"https:\\\/\\\/informelitoral.com.ar\\\/%77%70%2d%63%6f%6e%74%65%6e%74\\\/uploads\\\/2022\\\/08\\\/john-deere-tractor-autonomo.jpg\",\"datePublished\":\"2022-10-05T14:44:59+00:00\",\"dateModified\":\"2022-10-05T14:45:15+00:00\",\"breadcrumb\":{\"@id\":\"https:\\\/\\\/informelitoral.com.ar\\\/el-campo-rechaza-el-presupuesto-2023-ante-un-posible-aumento-de-retenciones\\\/#breadcrumb\"},\"inLanguage\":\"es\",\"potentialAction\":[{\"@type\":\"ReadAction\",\"target\":[\"https:\\\/\\\/informelitoral.com.ar\\\/el-campo-rechaza-el-presupuesto-2023-ante-un-posible-aumento-de-retenciones\\\/\"]}]},{\"@type\":\"ImageObject\",\"inLanguage\":\"es\",\"@id\":\"https:\\\/\\\/informelitoral.com.ar\\\/el-campo-rechaza-el-presupuesto-2023-ante-un-posible-aumento-de-retenciones\\\/#primaryimage\",\"url\":\"https:\\\/\\\/informelitoral.com.ar\\\/%77%70%2d%63%6f%6e%74%65%6e%74\\\/uploads\\\/2022\\\/08\\\/john-deere-tractor-autonomo.jpg\",\"contentUrl\":\"https:\\\/\\\/informelitoral.com.ar\\\/%77%70%2d%63%6f%6e%74%65%6e%74\\\/uploads\\\/2022\\\/08\\\/john-deere-tractor-autonomo.jpg\",\"width\":1200,\"height\":655},{\"@type\":\"BreadcrumbList\",\"@id\":\"https:\\\/\\\/informelitoral.com.ar\\\/el-campo-rechaza-el-presupuesto-2023-ante-un-posible-aumento-de-retenciones\\\/#breadcrumb\",\"itemListElement\":[{\"@type\":\"ListItem\",\"position\":1,\"name\":\"Portada\",\"item\":\"https:\\\/\\\/informelitoral.com.ar\\\/\"},{\"@type\":\"ListItem\",\"position\":2,\"name\":\"El campo rechaza el Presupuesto 2023 ante un posible aumento de retenciones\"}]},{\"@type\":\"WebSite\",\"@id\":\"https:\\\/\\\/informelitoral.com.ar\\\/#website\",\"url\":\"https:\\\/\\\/informelitoral.com.ar\\\/\",\"name\":\"Informe Litoral\",\"description\":\"&quot;Nos informamos&quot; \",\"publisher\":{\"@id\":\"https:\\\/\\\/informelitoral.com.ar\\\/#organization\"},\"potentialAction\":[{\"@type\":\"SearchAction\",\"target\":{\"@type\":\"EntryPoint\",\"urlTemplate\":\"https:\\\/\\\/informelitoral.com.ar\\\/?s={search_term_string}\"},\"query-input\":{\"@type\":\"PropertyValueSpecification\",\"valueRequired\":true,\"valueName\":\"search_term_string\"}}],\"inLanguage\":\"es\"},{\"@type\":\"Organization\",\"@id\":\"https:\\\/\\\/informelitoral.com.ar\\\/#organization\",\"name\":\"Informe Litoral\",\"url\":\"https:\\\/\\\/informelitoral.com.ar\\\/\",\"logo\":{\"@type\":\"ImageObject\",\"inLanguage\":\"es\",\"@id\":\"https:\\\/\\\/informelitoral.com.ar\\\/#\\\/schema\\\/logo\\\/image\\\/\",\"url\":\"https:\\\/\\\/informelitoral.com.ar\\\/%77%70%2d%63%6f%6e%74%65%6e%74\\\/uploads\\\/2021\\\/01\\\/circulo.png\",\"contentUrl\":\"https:\\\/\\\/informelitoral.com.ar\\\/%77%70%2d%63%6f%6e%74%65%6e%74\\\/uploads\\\/2021\\\/01\\\/circulo.png\",\"width\":723,\"height\":731,\"caption\":\"Informe Litoral\"},\"image\":{\"@id\":\"https:\\\/\\\/informelitoral.com.ar\\\/#\\\/schema\\\/logo\\\/image\\\/\"},\"sameAs\":[\"https:\\\/\\\/www.facebook.com\\\/informelitoral\\\/\",\"https:\\\/\\\/x.com\\\/InformeLitoral\",\"https:\\\/\\\/www.instagram.com\\\/informelitoral\\\/\",\"https:\\\/\\\/www.youtube.com\\\/channel\\\/UCua4Qvz8Icb6MYqhoq9xLXw\"]},{\"@type\":\"Person\",\"@id\":\"https:\\\/\\\/informelitoral.com.ar\\\/#\\\/schema\\\/person\\\/f05f9f461677119578717524b127d6d5\",\"name\":\"Sebastian\",\"image\":{\"@type\":\"ImageObject\",\"inLanguage\":\"es\",\"@id\":\"https:\\\/\\\/secure.gravatar.com\\\/avatar\\\/b71bf7481d447dfb9583c7f2798e7cc64de6efb9067b74633ed8c31059a3bd82?s=96&d=mm&r=g\",\"url\":\"https:\\\/\\\/secure.gravatar.com\\\/avatar\\\/b71bf7481d447dfb9583c7f2798e7cc64de6efb9067b74633ed8c31059a3bd82?s=96&d=mm&r=g\",\"contentUrl\":\"https:\\\/\\\/secure.gravatar.com\\\/avatar\\\/b71bf7481d447dfb9583c7f2798e7cc64de6efb9067b74633ed8c31059a3bd82?s=96&d=mm&r=g\",\"caption\":\"Sebastian\"},\"url\":\"https:\\\/\\\/informelitoral.com.ar\\\/author\\\/sebastian\\\/\"}]}<\/script>","yoast_head_json":{"title":"El campo rechaza el Presupuesto 2023 ante un posible aumento de retenciones - Informe Litoral","robots":{"index":"index","follow":"follow","max-snippet":"max-snippet:-1","max-image-preview":"max-image-preview:large","max-video-preview":"max-video-preview:-1"},"canonical":"https:\/\/informelitoral.com.ar\/el-campo-rechaza-el-presupuesto-2023-ante-un-posible-aumento-de-retenciones\/","og_locale":"es_ES","og_type":"article","og_title":"El campo rechaza el Presupuesto 2023 ante un posible aumento de retenciones - Informe Litoral","og_description":"La Mesa de Enlace manifest\u00f3 su postura sobre el art\u00edculo que le devuelve la posibilidad de aumentar la al\u00edcuota al Ejecutivo.","og_url":"https:\/\/informelitoral.com.ar\/el-campo-rechaza-el-presupuesto-2023-ante-un-posible-aumento-de-retenciones\/","og_site_name":"Informe Litoral","article_publisher":"https:\/\/www.facebook.com\/informelitoral\/","article_published_time":"2022-10-05T14:44:59+00:00","article_modified_time":"2022-10-05T14:45:15+00:00","og_image":[{"width":1200,"height":655,"url":"https:\/\/informelitoral.com.ar\/%77%70%2d%63%6f%6e%74%65%6e%74\/uploads\/2022\/08\/john-deere-tractor-autonomo.jpg","type":"image\/jpeg"}],"author":"Sebastian","twitter_card":"summary_large_image","twitter_creator":"@InformeLitoral","twitter_site":"@InformeLitoral","twitter_misc":{"Escrito por":"Sebastian","Tiempo de lectura":"3 minutos"},"schema":{"@context":"https:\/\/schema.org","@graph":[{"@type":"Article","@id":"https:\/\/informelitoral.com.ar\/el-campo-rechaza-el-presupuesto-2023-ante-un-posible-aumento-de-retenciones\/#article","isPartOf":{"@id":"https:\/\/informelitoral.com.ar\/el-campo-rechaza-el-presupuesto-2023-ante-un-posible-aumento-de-retenciones\/"},"author":{"name":"Sebastian","@id":"https:\/\/informelitoral.com.ar\/#\/schema\/person\/f05f9f461677119578717524b127d6d5"},"headline":"El campo rechaza el Presupuesto 2023 ante un posible aumento de retenciones","datePublished":"2022-10-05T14:44:59+00:00","dateModified":"2022-10-05T14:45:15+00:00","mainEntityOfPage":{"@id":"https:\/\/informelitoral.com.ar\/el-campo-rechaza-el-presupuesto-2023-ante-un-posible-aumento-de-retenciones\/"},"wordCount":573,"commentCount":0,"publisher":{"@id":"https:\/\/informelitoral.com.ar\/#organization"},"image":{"@id":"https:\/\/informelitoral.com.ar\/el-campo-rechaza-el-presupuesto-2023-ante-un-posible-aumento-de-retenciones\/#primaryimage"},"thumbnailUrl":"https:\/\/informelitoral.com.ar\/%77%70%2d%63%6f%6e%74%65%6e%74\/uploads\/2022\/08\/john-deere-tractor-autonomo.jpg","keywords":["Retenciones"],"articleSection":["Campo"],"inLanguage":"es","potentialAction":[{"@type":"CommentAction","name":"Comment","target":["https:\/\/informelitoral.com.ar\/el-campo-rechaza-el-presupuesto-2023-ante-un-posible-aumento-de-retenciones\/#respond"]}]},{"@type":"WebPage","@id":"https:\/\/informelitoral.com.ar\/el-campo-rechaza-el-presupuesto-2023-ante-un-posible-aumento-de-retenciones\/","url":"https:\/\/informelitoral.com.ar\/el-campo-rechaza-el-presupuesto-2023-ante-un-posible-aumento-de-retenciones\/","name":"El campo rechaza el Presupuesto 2023 ante un posible aumento de retenciones - Informe Litoral","isPartOf":{"@id":"https:\/\/informelitoral.com.ar\/#website"},"primaryImageOfPage":{"@id":"https:\/\/informelitoral.com.ar\/el-campo-rechaza-el-presupuesto-2023-ante-un-posible-aumento-de-retenciones\/#primaryimage"},"image":{"@id":"https:\/\/informelitoral.com.ar\/el-campo-rechaza-el-presupuesto-2023-ante-un-posible-aumento-de-retenciones\/#primaryimage"},"thumbnailUrl":"https:\/\/informelitoral.com.ar\/%77%70%2d%63%6f%6e%74%65%6e%74\/uploads\/2022\/08\/john-deere-tractor-autonomo.jpg","datePublished":"2022-10-05T14:44:59+00:00","dateModified":"2022-10-05T14:45:15+00:00","breadcrumb":{"@id":"https:\/\/informelitoral.com.ar\/el-campo-rechaza-el-presupuesto-2023-ante-un-posible-aumento-de-retenciones\/#breadcrumb"},"inLanguage":"es","potentialAction":[{"@type":"ReadAction","target":["https:\/\/informelitoral.com.ar\/el-campo-rechaza-el-presupuesto-2023-ante-un-posible-aumento-de-retenciones\/"]}]},{"@type":"ImageObject","inLanguage":"es","@id":"https:\/\/informelitoral.com.ar\/el-campo-rechaza-el-presupuesto-2023-ante-un-posible-aumento-de-retenciones\/#primaryimage","url":"https:\/\/informelitoral.com.ar\/%77%70%2d%63%6f%6e%74%65%6e%74\/uploads\/2022\/08\/john-deere-tractor-autonomo.jpg","contentUrl":"https:\/\/informelitoral.com.ar\/%77%70%2d%63%6f%6e%74%65%6e%74\/uploads\/2022\/08\/john-deere-tractor-autonomo.jpg","width":1200,"height":655},{"@type":"BreadcrumbList","@id":"https:\/\/informelitoral.com.ar\/el-campo-rechaza-el-presupuesto-2023-ante-un-posible-aumento-de-retenciones\/#breadcrumb","itemListElement":[{"@type":"ListItem","position":1,"name":"Portada","item":"https:\/\/informelitoral.com.ar\/"},{"@type":"ListItem","position":2,"name":"El campo rechaza el Presupuesto 2023 ante un posible aumento de retenciones"}]},{"@type":"WebSite","@id":"https:\/\/informelitoral.com.ar\/#website","url":"https:\/\/informelitoral.com.ar\/","name":"Informe Litoral","description":"&quot;Nos informamos&quot; ","publisher":{"@id":"https:\/\/informelitoral.com.ar\/#organization"},"potentialAction":[{"@type":"SearchAction","target":{"@type":"EntryPoint","urlTemplate":"https:\/\/informelitoral.com.ar\/?s={search_term_string}"},"query-input":{"@type":"PropertyValueSpecification","valueRequired":true,"valueName":"search_term_string"}}],"inLanguage":"es"},{"@type":"Organization","@id":"https:\/\/informelitoral.com.ar\/#organization","name":"Informe Litoral","url":"https:\/\/informelitoral.com.ar\/","logo":{"@type":"ImageObject","inLanguage":"es","@id":"https:\/\/informelitoral.com.ar\/#\/schema\/logo\/image\/","url":"https:\/\/informelitoral.com.ar\/%77%70%2d%63%6f%6e%74%65%6e%74\/uploads\/2021\/01\/circulo.png","contentUrl":"https:\/\/informelitoral.com.ar\/%77%70%2d%63%6f%6e%74%65%6e%74\/uploads\/2021\/01\/circulo.png","width":723,"height":731,"caption":"Informe Litoral"},"image":{"@id":"https:\/\/informelitoral.com.ar\/#\/schema\/logo\/image\/"},"sameAs":["https:\/\/www.facebook.com\/informelitoral\/","https:\/\/x.com\/InformeLitoral","https:\/\/www.instagram.com\/informelitoral\/","https:\/\/www.youtube.com\/channel\/UCua4Qvz8Icb6MYqhoq9xLXw"]},{"@type":"Person","@id":"https:\/\/informelitoral.com.ar\/#\/schema\/person\/f05f9f461677119578717524b127d6d5","name":"Sebastian","image":{"@type":"ImageObject","inLanguage":"es","@id":"https:\/\/secure.gravatar.com\/avatar\/b71bf7481d447dfb9583c7f2798e7cc64de6efb9067b74633ed8c31059a3bd82?s=96&d=mm&r=g","url":"https:\/\/secure.gravatar.com\/avatar\/b71bf7481d447dfb9583c7f2798e7cc64de6efb9067b74633ed8c31059a3bd82?s=96&d=mm&r=g","contentUrl":"https:\/\/secure.gravatar.com\/avatar\/b71bf7481d447dfb9583c7f2798e7cc64de6efb9067b74633ed8c31059a3bd82?s=96&d=mm&r=g","caption":"Sebastian"},"url":"https:\/\/informelitoral.com.ar\/author\/sebastian\/"}]}},"_links":{"self":[{"href":"https:\/\/informelitoral.com.ar\/%77%70%2d%6a%73%6f%6e\/wp\/v2\/posts\/88821","targetHints":{"allow":["GET"]}}],"collection":[{"href":"https:\/\/informelitoral.com.ar\/%77%70%2d%6a%73%6f%6e\/wp\/v2\/posts"}],"about":[{"href":"https:\/\/informelitoral.com.ar\/%77%70%2d%6a%73%6f%6e\/wp\/v2\/types\/post"}],"author":[{"embeddable":true,"href":"https:\/\/informelitoral.com.ar\/%77%70%2d%6a%73%6f%6e\/wp\/v2\/users\/8"}],"replies":[{"embeddable":true,"href":"https:\/\/informelitoral.com.ar\/%77%70%2d%6a%73%6f%6e\/wp\/v2\/comments?post=88821"}],"version-history":[{"count":0,"href":"https:\/\/informelitoral.com.ar\/%77%70%2d%6a%73%6f%6e\/wp\/v2\/posts\/88821\/revisions"}],"wp:featuredmedia":[{"embeddable":true,"href":"https:\/\/informelitoral.com.ar\/%77%70%2d%6a%73%6f%6e\/wp\/v2\/media\/85088"}],"wp:attachment":[{"href":"https:\/\/informelitoral.com.ar\/%77%70%2d%6a%73%6f%6e\/wp\/v2\/media?parent=88821"}],"wp:term":[{"taxonomy":"category","embeddable":true,"href":"https:\/\/informelitoral.com.ar\/%77%70%2d%6a%73%6f%6e\/wp\/v2\/categories?post=88821"},{"taxonomy":"post_tag","embeddable":true,"href":"https:\/\/informelitoral.com.ar\/%77%70%2d%6a%73%6f%6e\/wp\/v2\/tags?post=88821"}],"curies":[{"name":"wp","href":"https:\/\/api.w.org\/{rel}","templated":true}]}}