{"id":88721,"date":"2022-10-04T20:26:31","date_gmt":"2022-10-04T23:26:31","guid":{"rendered":"https:\/\/www.informelitoral.com.ar\/?p=88721"},"modified":"2022-10-04T20:28:45","modified_gmt":"2022-10-04T23:28:45","slug":"bordet-propone-la-creacion-de-una-nueva-universidad-en-entre-rios","status":"publish","type":"post","link":"https:\/\/informelitoral.com.ar\/bordet-propone-la-creacion-de-una-nueva-universidad-en-entre-rios\/","title":{"rendered":"Bordet propone la creaci\u00f3n de una nueva Universidad en Entre R\u00edos"},"content":{"rendered":"<p>El encuentro se desarroll\u00f3 este martes en la Casa de Entre R\u00edos en Buenos Aires. Participaron las diputadas nacionales Blanca Osuna y Carolina Gaillard, los diputados Marcelo Casaretto y Tom\u00e1s Ledesma, y el senador Nacional, Edgardo Kueider.<\/p>\n<p>En ese marco, Osuna expuso el proyecto de su autor\u00eda para crear la Universidad Nacional Juan Larentino Ort\u00edz sobre la base de la Facultad de Humanidades, Artes y Ciencias Sociales de la Universidad Aut\u00f3noma de Entre R\u00edos.<\/p>\n<p>Al respecto, el mandatario entrerriano volvi\u00f3 a manifestar su \u201cfuerte compromiso\u201d con la UADER, y propuso \u201cdar un debate que tenga como objetivo mejorar la calidad educativa y jerarquice nuestra universidad\u201d.<\/p>\n<p>Durante el encuentro, Bordet dej\u00f3 de lado \u201cla cuesti\u00f3n presupuestaria\u201d, y sostuvo que el proyecto ofrece \u00abla posibilidad de tener una mayor jerarquizaci\u00f3n\u201d, de la Universidad provincial. \u201cPero hay que dar un debate, hablar con todos los sectores, generar consensos y ponernos de acuerdo. Esto es lo que conversamos hoy con los legisladores\u201d, aclar\u00f3.<\/p>\n<p>\u201cNo hay que tenerle miedo a la discusi\u00f3n sobre s\u00ed o no a la nacionalizaci\u00f3n. Hay que hacer lo que sea mejor, y garantizarle a los 25.000 alumnos, al cuerpo docente y no docente la posibilidad de seguir con una universidad que resuelve los problemas de educaci\u00f3n de muchas personas\u201d, continu\u00f3.<\/p>\n<p>En esa l\u00ednea, Bordet remarc\u00f3 que \u201csi la Uader no estuviera habr\u00eda j\u00f3venes que se ir\u00edan a otras provincias a estudiar o, lo que es peor, la mayor\u00eda no podr\u00eda seguir ninguna carrera terciaria o universitaria\u201d. \u201cCreo que esto es lo que hay que priorizar\u201d, enfatiz\u00f3.<br \/>\n<b><br \/>\nUn encuentro de intercambio<\/b><\/p>\n<p>Por su parte, Osuna explic\u00f3 \u201ces un proyecto que venimos trabajando con intenso intercambio con distintos sectores y actores de la realidad educativa de la provincia\u201d.<\/p>\n<p>\u201cTodos coincid\u00edamos en la fuerte voluntad de jerarquizar la formaci\u00f3n docente de la provincia de Entre R\u00edos\u201d, resalt\u00f3 la presidenta de la Comisi\u00f3n de Educaci\u00f3n de la C\u00e1mara de Diputados de la Naci\u00f3n.<\/p>\n<p>Adem\u00e1s, subray\u00f3 que \u201cEntre R\u00edos tiene una important\u00edsima tradici\u00f3n hist\u00f3rica a nivel pa\u00eds en cuanto a la formaci\u00f3n educativa. M\u00e1s all\u00e1 que (la Facultad de) Humanidades tiene otras carreras, creo que es puesta contundente a darle valor a lo que es la formaci\u00f3n en educaci\u00f3n en la provincia de Entre R\u00edos\u201d.<\/p>\n<p>En ese marco, la legisladora se refiri\u00f3 a los beneficios que traer\u00eda la nacionalizaci\u00f3n de la Facultad y explic\u00f3: \u201cEn primer lugar, sin duda alguna, pondr\u00eda equilibrio en una realidad que es notable: que la provincia de Entre R\u00edos tiene un conjunto de estudiantes universitarios que en muchos casos est\u00e1n form\u00e1ndose en la Uader, pero que al mismo tiempo es la responsabilidad del gobierno Nacional el acompa\u00f1ar, financiar y articular todo lo que hace a la formaci\u00f3n superior universitaria\u201d.<\/p>\n<p>\u201cEl hecho de que nacionalicemos esta Facultad de Humanidades, en realidad lo que hace es aportar a la provincia en cuanto a formaci\u00f3n, estructuraci\u00f3n y reestructuraci\u00f3n de diversas carreras\u201d, afirm\u00f3 y acot\u00f3: \u00abEn cuanto a la realidad de trabajadores y trabajadoras, docentes y no docentes y por supuesto a los estudiantes, la titulaci\u00f3n de una Universidad Nacional, obviamente, que tiene una jerarqu\u00eda. Estamos hablando de un respaldo no \u00fanicamente en reconocimiento de carreras, sino en la certificaci\u00f3n y en el acompa\u00f1amiento que una instituci\u00f3n de nivel nacional puede tener sumando a las que ya existen en la provincia de Entre R\u00edos\u201d, precis\u00f3 la legisladora.<\/p>\n<p>Asimismo, valor\u00f3 que con esta decisi\u00f3n habr\u00e1 un \u201cmayor compromiso de la Naci\u00f3n respecto a la formaci\u00f3n de educaci\u00f3n superior universitaria en la provincia\u201d.<\/p>\n<p>Tras ello, coment\u00f3 que \u201ccomo legisladores y legisladoras que hemos estado conversando y trabajando este tema lo que vemos, es tambi\u00e9n, una iniciativa que va surgiendo del interior de la propia Casa de Estudios y eso nos parece bueno\u201d, aclar\u00f3 Osuna.<\/p>\n<p>\u201cEntramos en una etapa en la que hay que tener mucho intercambio y mucho trabajo com\u00fan. El texto y el proyecto de Ley es simple y en realidad queda mucha tarea por hacer todav\u00eda\u201d, puntualiz\u00f3.<\/p>\n","protected":false},"excerpt":{"rendered":"<p>El gobernador se reuni\u00f3 con legisladores nacionales de Entre R\u00edos. Analizaron el proyecto para la creaci\u00f3n de una nueva Universidad Nacional en la provincia y sostuvo que \u201chay que dar un debate que tenga como objetivo mejorar la calidad educativa\u201d.<\/p>\n","protected":false},"author":2,"featured_media":88722,"comment_status":"open","ping_status":"open","sticky":false,"template":"","format":"standard","meta":{"fifu_image_url":"","fifu_image_alt":"","footnotes":""},"categories":[16],"tags":[98,81,167,413],"class_list":{"0":"post-88721","1":"post","2":"type-post","3":"status-publish","4":"format-standard","5":"has-post-thumbnail","7":"category-politi","8":"tag-educacion","9":"tag-entre-rios","10":"tag-gustavo-bordet","11":"tag-universidad"},"yoast_head":"<title>Bordet propone la creaci\u00f3n de una nueva Universidad en Entre R\u00edos - Informe Litoral<\/title>\n<meta name=\"robots\" content=\"index, follow, max-snippet:-1, max-image-preview:large, max-video-preview:-1\" \/>\n<link rel=\"canonical\" href=\"https:\/\/informelitoral.com.ar\/bordet-propone-la-creacion-de-una-nueva-universidad-en-entre-rios\/\" \/>\n<meta property=\"og:locale\" content=\"es_ES\" \/>\n<meta property=\"og:type\" content=\"article\" \/>\n<meta property=\"og:title\" content=\"Bordet propone la creaci\u00f3n de una nueva Universidad en Entre R\u00edos - Informe Litoral\" \/>\n<meta property=\"og:description\" content=\"El gobernador se reuni\u00f3 con legisladores nacionales de Entre R\u00edos. Analizaron el proyecto para la creaci\u00f3n de una nueva Universidad Nacional en la provincia y sostuvo que \u201chay que dar un debate que tenga como objetivo mejorar la calidad educativa\u201d.\" \/>\n<meta property=\"og:url\" content=\"https:\/\/informelitoral.com.ar\/bordet-propone-la-creacion-de-una-nueva-universidad-en-entre-rios\/\" \/>\n<meta property=\"og:site_name\" content=\"Informe Litoral\" \/>\n<meta property=\"article:publisher\" content=\"https:\/\/www.facebook.com\/informelitoral\/\" \/>\n<meta property=\"article:published_time\" content=\"2022-10-04T23:26:31+00:00\" \/>\n<meta property=\"article:modified_time\" content=\"2022-10-04T23:28:45+00:00\" \/>\n<meta property=\"og:image\" content=\"https:\/\/informelitoral.com.ar\/%77%70%2d%63%6f%6e%74%65%6e%74\/uploads\/2022\/10\/1664924645jpg.jpg\" \/>\n\t<meta property=\"og:image:width\" content=\"1920\" \/>\n\t<meta property=\"og:image:height\" content=\"1280\" \/>\n\t<meta property=\"og:image:type\" content=\"image\/jpeg\" \/>\n<meta name=\"author\" content=\"Gonzalo Schmidt\" \/>\n<meta name=\"twitter:card\" content=\"summary_large_image\" \/>\n<meta name=\"twitter:creator\" content=\"@InformeLitoral\" \/>\n<meta name=\"twitter:site\" content=\"@InformeLitoral\" \/>\n<meta name=\"twitter:label1\" content=\"Escrito por\" \/>\n\t<meta name=\"twitter:data1\" content=\"Gonzalo Schmidt\" \/>\n\t<meta name=\"twitter:label2\" content=\"Tiempo de lectura\" \/>\n\t<meta name=\"twitter:data2\" content=\"4 minutos\" \/>\n<script type=\"application\/ld+json\" class=\"yoast-schema-graph\">{\"@context\":\"https:\\\/\\\/schema.org\",\"@graph\":[{\"@type\":\"Article\",\"@id\":\"https:\\\/\\\/informelitoral.com.ar\\\/bordet-propone-la-creacion-de-una-nueva-universidad-en-entre-rios\\\/#article\",\"isPartOf\":{\"@id\":\"https:\\\/\\\/informelitoral.com.ar\\\/bordet-propone-la-creacion-de-una-nueva-universidad-en-entre-rios\\\/\"},\"author\":{\"name\":\"Gonzalo Schmidt\",\"@id\":\"https:\\\/\\\/informelitoral.com.ar\\\/#\\\/schema\\\/person\\\/b9d00407c836482871ef1d57bf8e3180\"},\"headline\":\"Bordet propone la creaci\u00f3n de una nueva Universidad en Entre R\u00edos\",\"datePublished\":\"2022-10-04T23:26:31+00:00\",\"dateModified\":\"2022-10-04T23:28:45+00:00\",\"mainEntityOfPage\":{\"@id\":\"https:\\\/\\\/informelitoral.com.ar\\\/bordet-propone-la-creacion-de-una-nueva-universidad-en-entre-rios\\\/\"},\"wordCount\":724,\"commentCount\":0,\"publisher\":{\"@id\":\"https:\\\/\\\/informelitoral.com.ar\\\/#organization\"},\"image\":{\"@id\":\"https:\\\/\\\/informelitoral.com.ar\\\/bordet-propone-la-creacion-de-una-nueva-universidad-en-entre-rios\\\/#primaryimage\"},\"thumbnailUrl\":\"https:\\\/\\\/informelitoral.com.ar\\\/%77%70%2d%63%6f%6e%74%65%6e%74\\\/uploads\\\/2022\\\/10\\\/1664924645jpg.jpg\",\"keywords\":[\"Educaci\u00f3n\",\"Entre R\u00edos\",\"Gustavo Bordet\",\"Universidad\"],\"articleSection\":[\"Politica\"],\"inLanguage\":\"es\",\"potentialAction\":[{\"@type\":\"CommentAction\",\"name\":\"Comment\",\"target\":[\"https:\\\/\\\/informelitoral.com.ar\\\/bordet-propone-la-creacion-de-una-nueva-universidad-en-entre-rios\\\/#respond\"]}]},{\"@type\":\"WebPage\",\"@id\":\"https:\\\/\\\/informelitoral.com.ar\\\/bordet-propone-la-creacion-de-una-nueva-universidad-en-entre-rios\\\/\",\"url\":\"https:\\\/\\\/informelitoral.com.ar\\\/bordet-propone-la-creacion-de-una-nueva-universidad-en-entre-rios\\\/\",\"name\":\"Bordet propone la creaci\u00f3n de una nueva Universidad en Entre R\u00edos - Informe Litoral\",\"isPartOf\":{\"@id\":\"https:\\\/\\\/informelitoral.com.ar\\\/#website\"},\"primaryImageOfPage\":{\"@id\":\"https:\\\/\\\/informelitoral.com.ar\\\/bordet-propone-la-creacion-de-una-nueva-universidad-en-entre-rios\\\/#primaryimage\"},\"image\":{\"@id\":\"https:\\\/\\\/informelitoral.com.ar\\\/bordet-propone-la-creacion-de-una-nueva-universidad-en-entre-rios\\\/#primaryimage\"},\"thumbnailUrl\":\"https:\\\/\\\/informelitoral.com.ar\\\/%77%70%2d%63%6f%6e%74%65%6e%74\\\/uploads\\\/2022\\\/10\\\/1664924645jpg.jpg\",\"datePublished\":\"2022-10-04T23:26:31+00:00\",\"dateModified\":\"2022-10-04T23:28:45+00:00\",\"breadcrumb\":{\"@id\":\"https:\\\/\\\/informelitoral.com.ar\\\/bordet-propone-la-creacion-de-una-nueva-universidad-en-entre-rios\\\/#breadcrumb\"},\"inLanguage\":\"es\",\"potentialAction\":[{\"@type\":\"ReadAction\",\"target\":[\"https:\\\/\\\/informelitoral.com.ar\\\/bordet-propone-la-creacion-de-una-nueva-universidad-en-entre-rios\\\/\"]}]},{\"@type\":\"ImageObject\",\"inLanguage\":\"es\",\"@id\":\"https:\\\/\\\/informelitoral.com.ar\\\/bordet-propone-la-creacion-de-una-nueva-universidad-en-entre-rios\\\/#primaryimage\",\"url\":\"https:\\\/\\\/informelitoral.com.ar\\\/%77%70%2d%63%6f%6e%74%65%6e%74\\\/uploads\\\/2022\\\/10\\\/1664924645jpg.jpg\",\"contentUrl\":\"https:\\\/\\\/informelitoral.com.ar\\\/%77%70%2d%63%6f%6e%74%65%6e%74\\\/uploads\\\/2022\\\/10\\\/1664924645jpg.jpg\",\"width\":1920,\"height\":1280},{\"@type\":\"BreadcrumbList\",\"@id\":\"https:\\\/\\\/informelitoral.com.ar\\\/bordet-propone-la-creacion-de-una-nueva-universidad-en-entre-rios\\\/#breadcrumb\",\"itemListElement\":[{\"@type\":\"ListItem\",\"position\":1,\"name\":\"Portada\",\"item\":\"https:\\\/\\\/informelitoral.com.ar\\\/\"},{\"@type\":\"ListItem\",\"position\":2,\"name\":\"Bordet propone la creaci\u00f3n de una nueva Universidad en Entre R\u00edos\"}]},{\"@type\":\"WebSite\",\"@id\":\"https:\\\/\\\/informelitoral.com.ar\\\/#website\",\"url\":\"https:\\\/\\\/informelitoral.com.ar\\\/\",\"name\":\"Informe Litoral\",\"description\":\"&quot;Nos informamos&quot; \",\"publisher\":{\"@id\":\"https:\\\/\\\/informelitoral.com.ar\\\/#organization\"},\"potentialAction\":[{\"@type\":\"SearchAction\",\"target\":{\"@type\":\"EntryPoint\",\"urlTemplate\":\"https:\\\/\\\/informelitoral.com.ar\\\/?s={search_term_string}\"},\"query-input\":{\"@type\":\"PropertyValueSpecification\",\"valueRequired\":true,\"valueName\":\"search_term_string\"}}],\"inLanguage\":\"es\"},{\"@type\":\"Organization\",\"@id\":\"https:\\\/\\\/informelitoral.com.ar\\\/#organization\",\"name\":\"Informe Litoral\",\"url\":\"https:\\\/\\\/informelitoral.com.ar\\\/\",\"logo\":{\"@type\":\"ImageObject\",\"inLanguage\":\"es\",\"@id\":\"https:\\\/\\\/informelitoral.com.ar\\\/#\\\/schema\\\/logo\\\/image\\\/\",\"url\":\"https:\\\/\\\/informelitoral.com.ar\\\/%77%70%2d%63%6f%6e%74%65%6e%74\\\/uploads\\\/2021\\\/01\\\/circulo.png\",\"contentUrl\":\"https:\\\/\\\/informelitoral.com.ar\\\/%77%70%2d%63%6f%6e%74%65%6e%74\\\/uploads\\\/2021\\\/01\\\/circulo.png\",\"width\":723,\"height\":731,\"caption\":\"Informe Litoral\"},\"image\":{\"@id\":\"https:\\\/\\\/informelitoral.com.ar\\\/#\\\/schema\\\/logo\\\/image\\\/\"},\"sameAs\":[\"https:\\\/\\\/www.facebook.com\\\/informelitoral\\\/\",\"https:\\\/\\\/x.com\\\/InformeLitoral\",\"https:\\\/\\\/www.instagram.com\\\/informelitoral\\\/\",\"https:\\\/\\\/www.youtube.com\\\/channel\\\/UCua4Qvz8Icb6MYqhoq9xLXw\"]},{\"@type\":\"Person\",\"@id\":\"https:\\\/\\\/informelitoral.com.ar\\\/#\\\/schema\\\/person\\\/b9d00407c836482871ef1d57bf8e3180\",\"name\":\"Gonzalo Schmidt\",\"image\":{\"@type\":\"ImageObject\",\"inLanguage\":\"es\",\"@id\":\"https:\\\/\\\/secure.gravatar.com\\\/avatar\\\/31a1a7b66ff2de83bd0e9fd79d026630d2d99e55e8bfe501287647b4fd9743de?s=96&d=mm&r=g\",\"url\":\"https:\\\/\\\/secure.gravatar.com\\\/avatar\\\/31a1a7b66ff2de83bd0e9fd79d026630d2d99e55e8bfe501287647b4fd9743de?s=96&d=mm&r=g\",\"contentUrl\":\"https:\\\/\\\/secure.gravatar.com\\\/avatar\\\/31a1a7b66ff2de83bd0e9fd79d026630d2d99e55e8bfe501287647b4fd9743de?s=96&d=mm&r=g\",\"caption\":\"Gonzalo Schmidt\"},\"description\":\"Sitio web de noticias de la provincia de Entre R\u00edos, Argentina. Informaci\u00f3n y entretenimiento. Informe Litoral, nos informamos.\",\"sameAs\":[\"http:\\\/\\\/www.isletasnoticias.com.ar\"],\"url\":\"https:\\\/\\\/informelitoral.com.ar\\\/author\\\/gonzalo\\\/\"}]}<\/script>","yoast_head_json":{"title":"Bordet propone la creaci\u00f3n de una nueva Universidad en Entre R\u00edos - Informe Litoral","robots":{"index":"index","follow":"follow","max-snippet":"max-snippet:-1","max-image-preview":"max-image-preview:large","max-video-preview":"max-video-preview:-1"},"canonical":"https:\/\/informelitoral.com.ar\/bordet-propone-la-creacion-de-una-nueva-universidad-en-entre-rios\/","og_locale":"es_ES","og_type":"article","og_title":"Bordet propone la creaci\u00f3n de una nueva Universidad en Entre R\u00edos - Informe Litoral","og_description":"El gobernador se reuni\u00f3 con legisladores nacionales de Entre R\u00edos. Analizaron el proyecto para la creaci\u00f3n de una nueva Universidad Nacional en la provincia y sostuvo que \u201chay que dar un debate que tenga como objetivo mejorar la calidad educativa\u201d.","og_url":"https:\/\/informelitoral.com.ar\/bordet-propone-la-creacion-de-una-nueva-universidad-en-entre-rios\/","og_site_name":"Informe Litoral","article_publisher":"https:\/\/www.facebook.com\/informelitoral\/","article_published_time":"2022-10-04T23:26:31+00:00","article_modified_time":"2022-10-04T23:28:45+00:00","og_image":[{"width":1920,"height":1280,"url":"https:\/\/informelitoral.com.ar\/%77%70%2d%63%6f%6e%74%65%6e%74\/uploads\/2022\/10\/1664924645jpg.jpg","type":"image\/jpeg"}],"author":"Gonzalo Schmidt","twitter_card":"summary_large_image","twitter_creator":"@InformeLitoral","twitter_site":"@InformeLitoral","twitter_misc":{"Escrito por":"Gonzalo Schmidt","Tiempo de lectura":"4 minutos"},"schema":{"@context":"https:\/\/schema.org","@graph":[{"@type":"Article","@id":"https:\/\/informelitoral.com.ar\/bordet-propone-la-creacion-de-una-nueva-universidad-en-entre-rios\/#article","isPartOf":{"@id":"https:\/\/informelitoral.com.ar\/bordet-propone-la-creacion-de-una-nueva-universidad-en-entre-rios\/"},"author":{"name":"Gonzalo Schmidt","@id":"https:\/\/informelitoral.com.ar\/#\/schema\/person\/b9d00407c836482871ef1d57bf8e3180"},"headline":"Bordet propone la creaci\u00f3n de una nueva Universidad en Entre R\u00edos","datePublished":"2022-10-04T23:26:31+00:00","dateModified":"2022-10-04T23:28:45+00:00","mainEntityOfPage":{"@id":"https:\/\/informelitoral.com.ar\/bordet-propone-la-creacion-de-una-nueva-universidad-en-entre-rios\/"},"wordCount":724,"commentCount":0,"publisher":{"@id":"https:\/\/informelitoral.com.ar\/#organization"},"image":{"@id":"https:\/\/informelitoral.com.ar\/bordet-propone-la-creacion-de-una-nueva-universidad-en-entre-rios\/#primaryimage"},"thumbnailUrl":"https:\/\/informelitoral.com.ar\/%77%70%2d%63%6f%6e%74%65%6e%74\/uploads\/2022\/10\/1664924645jpg.jpg","keywords":["Educaci\u00f3n","Entre R\u00edos","Gustavo Bordet","Universidad"],"articleSection":["Politica"],"inLanguage":"es","potentialAction":[{"@type":"CommentAction","name":"Comment","target":["https:\/\/informelitoral.com.ar\/bordet-propone-la-creacion-de-una-nueva-universidad-en-entre-rios\/#respond"]}]},{"@type":"WebPage","@id":"https:\/\/informelitoral.com.ar\/bordet-propone-la-creacion-de-una-nueva-universidad-en-entre-rios\/","url":"https:\/\/informelitoral.com.ar\/bordet-propone-la-creacion-de-una-nueva-universidad-en-entre-rios\/","name":"Bordet propone la creaci\u00f3n de una nueva Universidad en Entre R\u00edos - Informe Litoral","isPartOf":{"@id":"https:\/\/informelitoral.com.ar\/#website"},"primaryImageOfPage":{"@id":"https:\/\/informelitoral.com.ar\/bordet-propone-la-creacion-de-una-nueva-universidad-en-entre-rios\/#primaryimage"},"image":{"@id":"https:\/\/informelitoral.com.ar\/bordet-propone-la-creacion-de-una-nueva-universidad-en-entre-rios\/#primaryimage"},"thumbnailUrl":"https:\/\/informelitoral.com.ar\/%77%70%2d%63%6f%6e%74%65%6e%74\/uploads\/2022\/10\/1664924645jpg.jpg","datePublished":"2022-10-04T23:26:31+00:00","dateModified":"2022-10-04T23:28:45+00:00","breadcrumb":{"@id":"https:\/\/informelitoral.com.ar\/bordet-propone-la-creacion-de-una-nueva-universidad-en-entre-rios\/#breadcrumb"},"inLanguage":"es","potentialAction":[{"@type":"ReadAction","target":["https:\/\/informelitoral.com.ar\/bordet-propone-la-creacion-de-una-nueva-universidad-en-entre-rios\/"]}]},{"@type":"ImageObject","inLanguage":"es","@id":"https:\/\/informelitoral.com.ar\/bordet-propone-la-creacion-de-una-nueva-universidad-en-entre-rios\/#primaryimage","url":"https:\/\/informelitoral.com.ar\/%77%70%2d%63%6f%6e%74%65%6e%74\/uploads\/2022\/10\/1664924645jpg.jpg","contentUrl":"https:\/\/informelitoral.com.ar\/%77%70%2d%63%6f%6e%74%65%6e%74\/uploads\/2022\/10\/1664924645jpg.jpg","width":1920,"height":1280},{"@type":"BreadcrumbList","@id":"https:\/\/informelitoral.com.ar\/bordet-propone-la-creacion-de-una-nueva-universidad-en-entre-rios\/#breadcrumb","itemListElement":[{"@type":"ListItem","position":1,"name":"Portada","item":"https:\/\/informelitoral.com.ar\/"},{"@type":"ListItem","position":2,"name":"Bordet propone la creaci\u00f3n de una nueva Universidad en Entre R\u00edos"}]},{"@type":"WebSite","@id":"https:\/\/informelitoral.com.ar\/#website","url":"https:\/\/informelitoral.com.ar\/","name":"Informe Litoral","description":"&quot;Nos informamos&quot; ","publisher":{"@id":"https:\/\/informelitoral.com.ar\/#organization"},"potentialAction":[{"@type":"SearchAction","target":{"@type":"EntryPoint","urlTemplate":"https:\/\/informelitoral.com.ar\/?s={search_term_string}"},"query-input":{"@type":"PropertyValueSpecification","valueRequired":true,"valueName":"search_term_string"}}],"inLanguage":"es"},{"@type":"Organization","@id":"https:\/\/informelitoral.com.ar\/#organization","name":"Informe Litoral","url":"https:\/\/informelitoral.com.ar\/","logo":{"@type":"ImageObject","inLanguage":"es","@id":"https:\/\/informelitoral.com.ar\/#\/schema\/logo\/image\/","url":"https:\/\/informelitoral.com.ar\/%77%70%2d%63%6f%6e%74%65%6e%74\/uploads\/2021\/01\/circulo.png","contentUrl":"https:\/\/informelitoral.com.ar\/%77%70%2d%63%6f%6e%74%65%6e%74\/uploads\/2021\/01\/circulo.png","width":723,"height":731,"caption":"Informe Litoral"},"image":{"@id":"https:\/\/informelitoral.com.ar\/#\/schema\/logo\/image\/"},"sameAs":["https:\/\/www.facebook.com\/informelitoral\/","https:\/\/x.com\/InformeLitoral","https:\/\/www.instagram.com\/informelitoral\/","https:\/\/www.youtube.com\/channel\/UCua4Qvz8Icb6MYqhoq9xLXw"]},{"@type":"Person","@id":"https:\/\/informelitoral.com.ar\/#\/schema\/person\/b9d00407c836482871ef1d57bf8e3180","name":"Gonzalo Schmidt","image":{"@type":"ImageObject","inLanguage":"es","@id":"https:\/\/secure.gravatar.com\/avatar\/31a1a7b66ff2de83bd0e9fd79d026630d2d99e55e8bfe501287647b4fd9743de?s=96&d=mm&r=g","url":"https:\/\/secure.gravatar.com\/avatar\/31a1a7b66ff2de83bd0e9fd79d026630d2d99e55e8bfe501287647b4fd9743de?s=96&d=mm&r=g","contentUrl":"https:\/\/secure.gravatar.com\/avatar\/31a1a7b66ff2de83bd0e9fd79d026630d2d99e55e8bfe501287647b4fd9743de?s=96&d=mm&r=g","caption":"Gonzalo Schmidt"},"description":"Sitio web de noticias de la provincia de Entre R\u00edos, Argentina. Informaci\u00f3n y entretenimiento. Informe Litoral, nos informamos.","sameAs":["http:\/\/www.isletasnoticias.com.ar"],"url":"https:\/\/informelitoral.com.ar\/author\/gonzalo\/"}]}},"_links":{"self":[{"href":"https:\/\/informelitoral.com.ar\/%77%70%2d%6a%73%6f%6e\/wp\/v2\/posts\/88721","targetHints":{"allow":["GET"]}}],"collection":[{"href":"https:\/\/informelitoral.com.ar\/%77%70%2d%6a%73%6f%6e\/wp\/v2\/posts"}],"about":[{"href":"https:\/\/informelitoral.com.ar\/%77%70%2d%6a%73%6f%6e\/wp\/v2\/types\/post"}],"author":[{"embeddable":true,"href":"https:\/\/informelitoral.com.ar\/%77%70%2d%6a%73%6f%6e\/wp\/v2\/users\/2"}],"replies":[{"embeddable":true,"href":"https:\/\/informelitoral.com.ar\/%77%70%2d%6a%73%6f%6e\/wp\/v2\/comments?post=88721"}],"version-history":[{"count":0,"href":"https:\/\/informelitoral.com.ar\/%77%70%2d%6a%73%6f%6e\/wp\/v2\/posts\/88721\/revisions"}],"wp:featuredmedia":[{"embeddable":true,"href":"https:\/\/informelitoral.com.ar\/%77%70%2d%6a%73%6f%6e\/wp\/v2\/media\/88722"}],"wp:attachment":[{"href":"https:\/\/informelitoral.com.ar\/%77%70%2d%6a%73%6f%6e\/wp\/v2\/media?parent=88721"}],"wp:term":[{"taxonomy":"category","embeddable":true,"href":"https:\/\/informelitoral.com.ar\/%77%70%2d%6a%73%6f%6e\/wp\/v2\/categories?post=88721"},{"taxonomy":"post_tag","embeddable":true,"href":"https:\/\/informelitoral.com.ar\/%77%70%2d%6a%73%6f%6e\/wp\/v2\/tags?post=88721"}],"curies":[{"name":"wp","href":"https:\/\/api.w.org\/{rel}","templated":true}]}}