{"id":88688,"date":"2022-10-04T10:49:18","date_gmt":"2022-10-04T13:49:18","guid":{"rendered":"https:\/\/www.informelitoral.com.ar\/?p=88688"},"modified":"2022-10-04T10:50:29","modified_gmt":"2022-10-04T13:50:29","slug":"el-presidente-de-river-lanzo-una-durisima-acusacion-contra-el-director-de-los-arbitros-argentinos","status":"publish","type":"post","link":"https:\/\/informelitoral.com.ar\/el-presidente-de-river-lanzo-una-durisima-acusacion-contra-el-director-de-los-arbitros-argentinos\/","title":{"rendered":"El presidente de River lanz\u00f3 una dur\u00edsima acusaci\u00f3n contra el director de los \u00e1rbitros argentinos"},"content":{"rendered":"<p class=\"paragraph\">El presidente de<b>\u00a0River Plate<\/b>, Jorge Brito, se mostr\u00f3 molesto con el arbitraje argentino<b>\u00a0y pidi\u00f3 transparecia en la elecci\u00f3n de los jueces<\/b>\u00a0as\u00ed como tambi\u00e9n\u00a0<b>m\u00e1s claridad en la metodolog\u00eda para designarlos.<\/b><\/p>\n<div id=\"arcAds-infeed\" class=\"infeed-container\" data-google-query-id=\"CIC6hb3axvoCFXUEuQYdNaQOug\">\n<div id=\"google_ads_iframe_\/113951150\/tn-arc\/deportes\/nota\/infeed_0__container__\"><iframe id=\"google_ads_iframe_\/113951150\/tn-arc\/deportes\/nota\/infeed_0\" tabindex=\"0\" title=\"3rd party ad content\" role=\"region\" name=\"google_ads_iframe_\/113951150\/tn-arc\/deportes\/nota\/infeed_0\" width=\"1\" height=\"1\" frameborder=\"0\" marginwidth=\"0\" marginheight=\"0\" scrolling=\"no\" aria-label=\"Advertisement\" data-load-complete=\"true\" data-google-container-id=\"c\" data-mce-fragment=\"1\"><\/iframe><\/div>\n<\/div>\n<p class=\"paragraph\">\u201cEl planteo de River sigue siendo\u00a0<b>pedirle a la AFA que haya m\u00e1s claridad en la metodolog\u00eda de selecci\u00f3n de \u00e1rbitros<\/b>. Nunca es clara la metodolog\u00eda de c\u00f3mo se los selecciona. Nunca es claro cuando un \u00e1rbitro se equivoca por qu\u00e9 a veces lo paran y a veces no; tampoco es claro cu\u00e1ndo lo paran para que descanse. Tampoco es cuando desde la Asociaci\u00f3n salen a pedir perd\u00f3n porque un \u00e1rbitro se equivoca y cuando no\u201d, se\u00f1al\u00f3 el dirigente en declaraciones a\u00a0<i>ESPN.<\/i><\/p>\n<p>\u201cEstar\u00eda bueno que todo esto sea claro para que cuando se equivoquen, porque se van a seguir equivocando, estemos todos es porque se equivocaron y no porque hay otra cosa.\u00a0<b>Hoy en la Argentina siempre se cree que pueda haber otras cosas y eso es injusto tambi\u00e9n para los \u00e1rbitros<\/b>\u201d, declar\u00f3 visiblemente molesto.<\/p>\n<p class=\"paragraph\">Por otro lado, Brito\u00a0<b>arremeti\u00f3 contra Federico Beligoy<\/b>, director arbitral de la AFA, a quien acus\u00f3 de tener una<b>\u00a0\u201cincompatibilidad de funciones\u201d.<\/b><\/p>\n<p class=\"paragraph\">\u201cFederico Beligoy tiene una incompatibilidad como Secretario General de su gremio (la Asociaci\u00f3n Argentina de \u00c1rbitros) y su funci\u00f3n al mismo tiempo como director general de \u00e1rbitros. Eso merece mayor claridad por la transparencia del f\u00fatbol argentino\u201d, se\u00f1al\u00f3 Brito.<\/p>\n<div id=\"hybs-mslot-3040-2\" class=\"hybs-mslot\"><\/div>\n<p class=\"paragraph\">\u201cLo que sentimos es lo que sienten todos los hinchas de River. Que no salgamos a hablar por los medios no quiere decir que no estemos haciendo nada. Le hemos dedicado mucho tiempo semana a semana\u201d, a\u00f1adi\u00f3.(<em>TN<\/em>)<\/p>\n","protected":false},"excerpt":{"rendered":"<p>Adem\u00e1s, Jorge Brito manifest\u00f3 que hay \u201cincompatibilidad de funciones\u201d de Federico Beligoy en la AFA y como titular del gremio de refer\u00eds.<\/p>\n","protected":false},"author":8,"featured_media":88691,"comment_status":"open","ping_status":"open","sticky":false,"template":"","format":"standard","meta":{"fifu_image_url":"","fifu_image_alt":"","footnotes":""},"categories":[13],"tags":[3528],"class_list":{"0":"post-88688","1":"post","2":"type-post","3":"status-publish","4":"format-standard","5":"has-post-thumbnail","7":"category-deportes","8":"tag-river-plate"},"yoast_head":"<title>El presidente de River lanz\u00f3 una dur\u00edsima acusaci\u00f3n contra el director de los \u00e1rbitros argentinos - Informe Litoral<\/title>\n<meta name=\"robots\" content=\"index, follow, max-snippet:-1, max-image-preview:large, max-video-preview:-1\" \/>\n<link rel=\"canonical\" href=\"https:\/\/informelitoral.com.ar\/el-presidente-de-river-lanzo-una-durisima-acusacion-contra-el-director-de-los-arbitros-argentinos\/\" \/>\n<meta property=\"og:locale\" content=\"es_ES\" \/>\n<meta property=\"og:type\" content=\"article\" \/>\n<meta property=\"og:title\" content=\"El presidente de River lanz\u00f3 una dur\u00edsima acusaci\u00f3n contra el director de los \u00e1rbitros argentinos - Informe Litoral\" \/>\n<meta property=\"og:description\" content=\"Adem\u00e1s, Jorge Brito manifest\u00f3 que hay \u201cincompatibilidad de funciones\u201d de Federico Beligoy en la AFA y como titular del gremio de refer\u00eds.\" \/>\n<meta property=\"og:url\" content=\"https:\/\/informelitoral.com.ar\/el-presidente-de-river-lanzo-una-durisima-acusacion-contra-el-director-de-los-arbitros-argentinos\/\" \/>\n<meta property=\"og:site_name\" content=\"Informe Litoral\" \/>\n<meta property=\"article:publisher\" content=\"https:\/\/www.facebook.com\/informelitoral\/\" \/>\n<meta property=\"article:published_time\" content=\"2022-10-04T13:49:18+00:00\" \/>\n<meta property=\"article:modified_time\" content=\"2022-10-04T13:50:29+00:00\" \/>\n<meta property=\"og:image\" content=\"https:\/\/informelitoral.com.ar\/%77%70%2d%63%6f%6e%74%65%6e%74\/uploads\/2022\/10\/brito_862x485.jpg\" \/>\n\t<meta property=\"og:image:width\" content=\"862\" \/>\n\t<meta property=\"og:image:height\" content=\"485\" \/>\n\t<meta property=\"og:image:type\" content=\"image\/jpeg\" \/>\n<meta name=\"author\" content=\"Sebastian\" \/>\n<meta name=\"twitter:card\" content=\"summary_large_image\" \/>\n<meta name=\"twitter:creator\" content=\"@InformeLitoral\" \/>\n<meta name=\"twitter:site\" content=\"@InformeLitoral\" \/>\n<meta name=\"twitter:label1\" content=\"Escrito por\" \/>\n\t<meta name=\"twitter:data1\" content=\"Sebastian\" \/>\n\t<meta name=\"twitter:label2\" content=\"Tiempo de lectura\" \/>\n\t<meta name=\"twitter:data2\" content=\"1 minuto\" \/>\n<script type=\"application\/ld+json\" class=\"yoast-schema-graph\">{\"@context\":\"https:\\\/\\\/schema.org\",\"@graph\":[{\"@type\":\"Article\",\"@id\":\"https:\\\/\\\/informelitoral.com.ar\\\/el-presidente-de-river-lanzo-una-durisima-acusacion-contra-el-director-de-los-arbitros-argentinos\\\/#article\",\"isPartOf\":{\"@id\":\"https:\\\/\\\/informelitoral.com.ar\\\/el-presidente-de-river-lanzo-una-durisima-acusacion-contra-el-director-de-los-arbitros-argentinos\\\/\"},\"author\":{\"name\":\"Sebastian\",\"@id\":\"https:\\\/\\\/informelitoral.com.ar\\\/#\\\/schema\\\/person\\\/f05f9f461677119578717524b127d6d5\"},\"headline\":\"El presidente de River lanz\u00f3 una dur\u00edsima acusaci\u00f3n contra el director de los \u00e1rbitros argentinos\",\"datePublished\":\"2022-10-04T13:49:18+00:00\",\"dateModified\":\"2022-10-04T13:50:29+00:00\",\"mainEntityOfPage\":{\"@id\":\"https:\\\/\\\/informelitoral.com.ar\\\/el-presidente-de-river-lanzo-una-durisima-acusacion-contra-el-director-de-los-arbitros-argentinos\\\/\"},\"wordCount\":305,\"commentCount\":0,\"publisher\":{\"@id\":\"https:\\\/\\\/informelitoral.com.ar\\\/#organization\"},\"image\":{\"@id\":\"https:\\\/\\\/informelitoral.com.ar\\\/el-presidente-de-river-lanzo-una-durisima-acusacion-contra-el-director-de-los-arbitros-argentinos\\\/#primaryimage\"},\"thumbnailUrl\":\"https:\\\/\\\/informelitoral.com.ar\\\/%77%70%2d%63%6f%6e%74%65%6e%74\\\/uploads\\\/2022\\\/10\\\/brito_862x485.jpg\",\"keywords\":[\"River Plate\"],\"articleSection\":[\"Deportes\"],\"inLanguage\":\"es\",\"potentialAction\":[{\"@type\":\"CommentAction\",\"name\":\"Comment\",\"target\":[\"https:\\\/\\\/informelitoral.com.ar\\\/el-presidente-de-river-lanzo-una-durisima-acusacion-contra-el-director-de-los-arbitros-argentinos\\\/#respond\"]}]},{\"@type\":\"WebPage\",\"@id\":\"https:\\\/\\\/informelitoral.com.ar\\\/el-presidente-de-river-lanzo-una-durisima-acusacion-contra-el-director-de-los-arbitros-argentinos\\\/\",\"url\":\"https:\\\/\\\/informelitoral.com.ar\\\/el-presidente-de-river-lanzo-una-durisima-acusacion-contra-el-director-de-los-arbitros-argentinos\\\/\",\"name\":\"El presidente de River lanz\u00f3 una dur\u00edsima acusaci\u00f3n contra el director de los \u00e1rbitros argentinos - Informe Litoral\",\"isPartOf\":{\"@id\":\"https:\\\/\\\/informelitoral.com.ar\\\/#website\"},\"primaryImageOfPage\":{\"@id\":\"https:\\\/\\\/informelitoral.com.ar\\\/el-presidente-de-river-lanzo-una-durisima-acusacion-contra-el-director-de-los-arbitros-argentinos\\\/#primaryimage\"},\"image\":{\"@id\":\"https:\\\/\\\/informelitoral.com.ar\\\/el-presidente-de-river-lanzo-una-durisima-acusacion-contra-el-director-de-los-arbitros-argentinos\\\/#primaryimage\"},\"thumbnailUrl\":\"https:\\\/\\\/informelitoral.com.ar\\\/%77%70%2d%63%6f%6e%74%65%6e%74\\\/uploads\\\/2022\\\/10\\\/brito_862x485.jpg\",\"datePublished\":\"2022-10-04T13:49:18+00:00\",\"dateModified\":\"2022-10-04T13:50:29+00:00\",\"breadcrumb\":{\"@id\":\"https:\\\/\\\/informelitoral.com.ar\\\/el-presidente-de-river-lanzo-una-durisima-acusacion-contra-el-director-de-los-arbitros-argentinos\\\/#breadcrumb\"},\"inLanguage\":\"es\",\"potentialAction\":[{\"@type\":\"ReadAction\",\"target\":[\"https:\\\/\\\/informelitoral.com.ar\\\/el-presidente-de-river-lanzo-una-durisima-acusacion-contra-el-director-de-los-arbitros-argentinos\\\/\"]}]},{\"@type\":\"ImageObject\",\"inLanguage\":\"es\",\"@id\":\"https:\\\/\\\/informelitoral.com.ar\\\/el-presidente-de-river-lanzo-una-durisima-acusacion-contra-el-director-de-los-arbitros-argentinos\\\/#primaryimage\",\"url\":\"https:\\\/\\\/informelitoral.com.ar\\\/%77%70%2d%63%6f%6e%74%65%6e%74\\\/uploads\\\/2022\\\/10\\\/brito_862x485.jpg\",\"contentUrl\":\"https:\\\/\\\/informelitoral.com.ar\\\/%77%70%2d%63%6f%6e%74%65%6e%74\\\/uploads\\\/2022\\\/10\\\/brito_862x485.jpg\",\"width\":862,\"height\":485},{\"@type\":\"BreadcrumbList\",\"@id\":\"https:\\\/\\\/informelitoral.com.ar\\\/el-presidente-de-river-lanzo-una-durisima-acusacion-contra-el-director-de-los-arbitros-argentinos\\\/#breadcrumb\",\"itemListElement\":[{\"@type\":\"ListItem\",\"position\":1,\"name\":\"Portada\",\"item\":\"https:\\\/\\\/informelitoral.com.ar\\\/\"},{\"@type\":\"ListItem\",\"position\":2,\"name\":\"El presidente de River lanz\u00f3 una dur\u00edsima acusaci\u00f3n contra el director de los \u00e1rbitros argentinos\"}]},{\"@type\":\"WebSite\",\"@id\":\"https:\\\/\\\/informelitoral.com.ar\\\/#website\",\"url\":\"https:\\\/\\\/informelitoral.com.ar\\\/\",\"name\":\"Informe Litoral\",\"description\":\"&quot;Nos informamos&quot; \",\"publisher\":{\"@id\":\"https:\\\/\\\/informelitoral.com.ar\\\/#organization\"},\"potentialAction\":[{\"@type\":\"SearchAction\",\"target\":{\"@type\":\"EntryPoint\",\"urlTemplate\":\"https:\\\/\\\/informelitoral.com.ar\\\/?s={search_term_string}\"},\"query-input\":{\"@type\":\"PropertyValueSpecification\",\"valueRequired\":true,\"valueName\":\"search_term_string\"}}],\"inLanguage\":\"es\"},{\"@type\":\"Organization\",\"@id\":\"https:\\\/\\\/informelitoral.com.ar\\\/#organization\",\"name\":\"Informe Litoral\",\"url\":\"https:\\\/\\\/informelitoral.com.ar\\\/\",\"logo\":{\"@type\":\"ImageObject\",\"inLanguage\":\"es\",\"@id\":\"https:\\\/\\\/informelitoral.com.ar\\\/#\\\/schema\\\/logo\\\/image\\\/\",\"url\":\"https:\\\/\\\/informelitoral.com.ar\\\/%77%70%2d%63%6f%6e%74%65%6e%74\\\/uploads\\\/2021\\\/01\\\/circulo.png\",\"contentUrl\":\"https:\\\/\\\/informelitoral.com.ar\\\/%77%70%2d%63%6f%6e%74%65%6e%74\\\/uploads\\\/2021\\\/01\\\/circulo.png\",\"width\":723,\"height\":731,\"caption\":\"Informe Litoral\"},\"image\":{\"@id\":\"https:\\\/\\\/informelitoral.com.ar\\\/#\\\/schema\\\/logo\\\/image\\\/\"},\"sameAs\":[\"https:\\\/\\\/www.facebook.com\\\/informelitoral\\\/\",\"https:\\\/\\\/x.com\\\/InformeLitoral\",\"https:\\\/\\\/www.instagram.com\\\/informelitoral\\\/\",\"https:\\\/\\\/www.youtube.com\\\/channel\\\/UCua4Qvz8Icb6MYqhoq9xLXw\"]},{\"@type\":\"Person\",\"@id\":\"https:\\\/\\\/informelitoral.com.ar\\\/#\\\/schema\\\/person\\\/f05f9f461677119578717524b127d6d5\",\"name\":\"Sebastian\",\"image\":{\"@type\":\"ImageObject\",\"inLanguage\":\"es\",\"@id\":\"https:\\\/\\\/secure.gravatar.com\\\/avatar\\\/b71bf7481d447dfb9583c7f2798e7cc64de6efb9067b74633ed8c31059a3bd82?s=96&d=mm&r=g\",\"url\":\"https:\\\/\\\/secure.gravatar.com\\\/avatar\\\/b71bf7481d447dfb9583c7f2798e7cc64de6efb9067b74633ed8c31059a3bd82?s=96&d=mm&r=g\",\"contentUrl\":\"https:\\\/\\\/secure.gravatar.com\\\/avatar\\\/b71bf7481d447dfb9583c7f2798e7cc64de6efb9067b74633ed8c31059a3bd82?s=96&d=mm&r=g\",\"caption\":\"Sebastian\"},\"url\":\"https:\\\/\\\/informelitoral.com.ar\\\/author\\\/sebastian\\\/\"}]}<\/script>","yoast_head_json":{"title":"El presidente de River lanz\u00f3 una dur\u00edsima acusaci\u00f3n contra el director de los \u00e1rbitros argentinos - Informe Litoral","robots":{"index":"index","follow":"follow","max-snippet":"max-snippet:-1","max-image-preview":"max-image-preview:large","max-video-preview":"max-video-preview:-1"},"canonical":"https:\/\/informelitoral.com.ar\/el-presidente-de-river-lanzo-una-durisima-acusacion-contra-el-director-de-los-arbitros-argentinos\/","og_locale":"es_ES","og_type":"article","og_title":"El presidente de River lanz\u00f3 una dur\u00edsima acusaci\u00f3n contra el director de los \u00e1rbitros argentinos - Informe Litoral","og_description":"Adem\u00e1s, Jorge Brito manifest\u00f3 que hay \u201cincompatibilidad de funciones\u201d de Federico Beligoy en la AFA y como titular del gremio de refer\u00eds.","og_url":"https:\/\/informelitoral.com.ar\/el-presidente-de-river-lanzo-una-durisima-acusacion-contra-el-director-de-los-arbitros-argentinos\/","og_site_name":"Informe Litoral","article_publisher":"https:\/\/www.facebook.com\/informelitoral\/","article_published_time":"2022-10-04T13:49:18+00:00","article_modified_time":"2022-10-04T13:50:29+00:00","og_image":[{"width":862,"height":485,"url":"https:\/\/informelitoral.com.ar\/%77%70%2d%63%6f%6e%74%65%6e%74\/uploads\/2022\/10\/brito_862x485.jpg","type":"image\/jpeg"}],"author":"Sebastian","twitter_card":"summary_large_image","twitter_creator":"@InformeLitoral","twitter_site":"@InformeLitoral","twitter_misc":{"Escrito por":"Sebastian","Tiempo de lectura":"1 minuto"},"schema":{"@context":"https:\/\/schema.org","@graph":[{"@type":"Article","@id":"https:\/\/informelitoral.com.ar\/el-presidente-de-river-lanzo-una-durisima-acusacion-contra-el-director-de-los-arbitros-argentinos\/#article","isPartOf":{"@id":"https:\/\/informelitoral.com.ar\/el-presidente-de-river-lanzo-una-durisima-acusacion-contra-el-director-de-los-arbitros-argentinos\/"},"author":{"name":"Sebastian","@id":"https:\/\/informelitoral.com.ar\/#\/schema\/person\/f05f9f461677119578717524b127d6d5"},"headline":"El presidente de River lanz\u00f3 una dur\u00edsima acusaci\u00f3n contra el director de los \u00e1rbitros argentinos","datePublished":"2022-10-04T13:49:18+00:00","dateModified":"2022-10-04T13:50:29+00:00","mainEntityOfPage":{"@id":"https:\/\/informelitoral.com.ar\/el-presidente-de-river-lanzo-una-durisima-acusacion-contra-el-director-de-los-arbitros-argentinos\/"},"wordCount":305,"commentCount":0,"publisher":{"@id":"https:\/\/informelitoral.com.ar\/#organization"},"image":{"@id":"https:\/\/informelitoral.com.ar\/el-presidente-de-river-lanzo-una-durisima-acusacion-contra-el-director-de-los-arbitros-argentinos\/#primaryimage"},"thumbnailUrl":"https:\/\/informelitoral.com.ar\/%77%70%2d%63%6f%6e%74%65%6e%74\/uploads\/2022\/10\/brito_862x485.jpg","keywords":["River Plate"],"articleSection":["Deportes"],"inLanguage":"es","potentialAction":[{"@type":"CommentAction","name":"Comment","target":["https:\/\/informelitoral.com.ar\/el-presidente-de-river-lanzo-una-durisima-acusacion-contra-el-director-de-los-arbitros-argentinos\/#respond"]}]},{"@type":"WebPage","@id":"https:\/\/informelitoral.com.ar\/el-presidente-de-river-lanzo-una-durisima-acusacion-contra-el-director-de-los-arbitros-argentinos\/","url":"https:\/\/informelitoral.com.ar\/el-presidente-de-river-lanzo-una-durisima-acusacion-contra-el-director-de-los-arbitros-argentinos\/","name":"El presidente de River lanz\u00f3 una dur\u00edsima acusaci\u00f3n contra el director de los \u00e1rbitros argentinos - Informe Litoral","isPartOf":{"@id":"https:\/\/informelitoral.com.ar\/#website"},"primaryImageOfPage":{"@id":"https:\/\/informelitoral.com.ar\/el-presidente-de-river-lanzo-una-durisima-acusacion-contra-el-director-de-los-arbitros-argentinos\/#primaryimage"},"image":{"@id":"https:\/\/informelitoral.com.ar\/el-presidente-de-river-lanzo-una-durisima-acusacion-contra-el-director-de-los-arbitros-argentinos\/#primaryimage"},"thumbnailUrl":"https:\/\/informelitoral.com.ar\/%77%70%2d%63%6f%6e%74%65%6e%74\/uploads\/2022\/10\/brito_862x485.jpg","datePublished":"2022-10-04T13:49:18+00:00","dateModified":"2022-10-04T13:50:29+00:00","breadcrumb":{"@id":"https:\/\/informelitoral.com.ar\/el-presidente-de-river-lanzo-una-durisima-acusacion-contra-el-director-de-los-arbitros-argentinos\/#breadcrumb"},"inLanguage":"es","potentialAction":[{"@type":"ReadAction","target":["https:\/\/informelitoral.com.ar\/el-presidente-de-river-lanzo-una-durisima-acusacion-contra-el-director-de-los-arbitros-argentinos\/"]}]},{"@type":"ImageObject","inLanguage":"es","@id":"https:\/\/informelitoral.com.ar\/el-presidente-de-river-lanzo-una-durisima-acusacion-contra-el-director-de-los-arbitros-argentinos\/#primaryimage","url":"https:\/\/informelitoral.com.ar\/%77%70%2d%63%6f%6e%74%65%6e%74\/uploads\/2022\/10\/brito_862x485.jpg","contentUrl":"https:\/\/informelitoral.com.ar\/%77%70%2d%63%6f%6e%74%65%6e%74\/uploads\/2022\/10\/brito_862x485.jpg","width":862,"height":485},{"@type":"BreadcrumbList","@id":"https:\/\/informelitoral.com.ar\/el-presidente-de-river-lanzo-una-durisima-acusacion-contra-el-director-de-los-arbitros-argentinos\/#breadcrumb","itemListElement":[{"@type":"ListItem","position":1,"name":"Portada","item":"https:\/\/informelitoral.com.ar\/"},{"@type":"ListItem","position":2,"name":"El presidente de River lanz\u00f3 una dur\u00edsima acusaci\u00f3n contra el director de los \u00e1rbitros argentinos"}]},{"@type":"WebSite","@id":"https:\/\/informelitoral.com.ar\/#website","url":"https:\/\/informelitoral.com.ar\/","name":"Informe Litoral","description":"&quot;Nos informamos&quot; ","publisher":{"@id":"https:\/\/informelitoral.com.ar\/#organization"},"potentialAction":[{"@type":"SearchAction","target":{"@type":"EntryPoint","urlTemplate":"https:\/\/informelitoral.com.ar\/?s={search_term_string}"},"query-input":{"@type":"PropertyValueSpecification","valueRequired":true,"valueName":"search_term_string"}}],"inLanguage":"es"},{"@type":"Organization","@id":"https:\/\/informelitoral.com.ar\/#organization","name":"Informe Litoral","url":"https:\/\/informelitoral.com.ar\/","logo":{"@type":"ImageObject","inLanguage":"es","@id":"https:\/\/informelitoral.com.ar\/#\/schema\/logo\/image\/","url":"https:\/\/informelitoral.com.ar\/%77%70%2d%63%6f%6e%74%65%6e%74\/uploads\/2021\/01\/circulo.png","contentUrl":"https:\/\/informelitoral.com.ar\/%77%70%2d%63%6f%6e%74%65%6e%74\/uploads\/2021\/01\/circulo.png","width":723,"height":731,"caption":"Informe Litoral"},"image":{"@id":"https:\/\/informelitoral.com.ar\/#\/schema\/logo\/image\/"},"sameAs":["https:\/\/www.facebook.com\/informelitoral\/","https:\/\/x.com\/InformeLitoral","https:\/\/www.instagram.com\/informelitoral\/","https:\/\/www.youtube.com\/channel\/UCua4Qvz8Icb6MYqhoq9xLXw"]},{"@type":"Person","@id":"https:\/\/informelitoral.com.ar\/#\/schema\/person\/f05f9f461677119578717524b127d6d5","name":"Sebastian","image":{"@type":"ImageObject","inLanguage":"es","@id":"https:\/\/secure.gravatar.com\/avatar\/b71bf7481d447dfb9583c7f2798e7cc64de6efb9067b74633ed8c31059a3bd82?s=96&d=mm&r=g","url":"https:\/\/secure.gravatar.com\/avatar\/b71bf7481d447dfb9583c7f2798e7cc64de6efb9067b74633ed8c31059a3bd82?s=96&d=mm&r=g","contentUrl":"https:\/\/secure.gravatar.com\/avatar\/b71bf7481d447dfb9583c7f2798e7cc64de6efb9067b74633ed8c31059a3bd82?s=96&d=mm&r=g","caption":"Sebastian"},"url":"https:\/\/informelitoral.com.ar\/author\/sebastian\/"}]}},"_links":{"self":[{"href":"https:\/\/informelitoral.com.ar\/%77%70%2d%6a%73%6f%6e\/wp\/v2\/posts\/88688","targetHints":{"allow":["GET"]}}],"collection":[{"href":"https:\/\/informelitoral.com.ar\/%77%70%2d%6a%73%6f%6e\/wp\/v2\/posts"}],"about":[{"href":"https:\/\/informelitoral.com.ar\/%77%70%2d%6a%73%6f%6e\/wp\/v2\/types\/post"}],"author":[{"embeddable":true,"href":"https:\/\/informelitoral.com.ar\/%77%70%2d%6a%73%6f%6e\/wp\/v2\/users\/8"}],"replies":[{"embeddable":true,"href":"https:\/\/informelitoral.com.ar\/%77%70%2d%6a%73%6f%6e\/wp\/v2\/comments?post=88688"}],"version-history":[{"count":0,"href":"https:\/\/informelitoral.com.ar\/%77%70%2d%6a%73%6f%6e\/wp\/v2\/posts\/88688\/revisions"}],"wp:featuredmedia":[{"embeddable":true,"href":"https:\/\/informelitoral.com.ar\/%77%70%2d%6a%73%6f%6e\/wp\/v2\/media\/88691"}],"wp:attachment":[{"href":"https:\/\/informelitoral.com.ar\/%77%70%2d%6a%73%6f%6e\/wp\/v2\/media?parent=88688"}],"wp:term":[{"taxonomy":"category","embeddable":true,"href":"https:\/\/informelitoral.com.ar\/%77%70%2d%6a%73%6f%6e\/wp\/v2\/categories?post=88688"},{"taxonomy":"post_tag","embeddable":true,"href":"https:\/\/informelitoral.com.ar\/%77%70%2d%6a%73%6f%6e\/wp\/v2\/tags?post=88688"}],"curies":[{"name":"wp","href":"https:\/\/api.w.org\/{rel}","templated":true}]}}