{"id":88684,"date":"2022-10-04T10:15:52","date_gmt":"2022-10-04T13:15:52","guid":{"rendered":"https:\/\/www.informelitoral.com.ar\/?p=88684"},"modified":"2022-10-04T10:16:06","modified_gmt":"2022-10-04T13:16:06","slug":"dolar-tecno-a-quienes-va-a-beneficiar-y-como-funcionara-el-nuevo-esquema","status":"publish","type":"post","link":"https:\/\/informelitoral.com.ar\/dolar-tecno-a-quienes-va-a-beneficiar-y-como-funcionara-el-nuevo-esquema\/","title":{"rendered":"\u201cD\u00f3lar tecno\u201d: a qui\u00e9nes va a beneficiar y c\u00f3mo funcionar\u00e1 el nuevo esquema"},"content":{"rendered":"<p class=\"paragraph\">El ministro de Econom\u00eda\u00a0<b>Sergio Massa<\/b>\u00a0anunci\u00f3 hoy en el CCK el llamado \u201cd\u00f3lar tecno\u201d, un nuevo esquema con el que se buscar\u00e1 \u201cfavorecer la generaci\u00f3n de divisas y empleo calificado, mediante inversiones directas en infraestructura, bienes de capital y capital de trabajo, destinadas a la puesta en marcha de nuevos proyectos o ampliaci\u00f3n de otros ya existentes que involucren el desarrollo de actividades vinculadas al sector\u201d, seg\u00fan destacaron en el Palacio de Hacienda.<\/p>\n<p class=\"paragraph\">Massa augur\u00f3 que la Econom\u00eda del Conocimiento exportar\u00e1 USD 10.000 millones en 2023.\u00a0A continuaci\u00f3n, todos los detalles sobre a qui\u00e9nes va a beneficiar\u00e1 y c\u00f3mo funcionar\u00e1 el nuevo esquema:<\/p>\n<div class=\"inline ad-wrapper\">\n<div class=\"dfpAd display_inline_block ad_margin_wrapper\">\n<div id=\"infobae\/economia\/nota\/inline\" class=\"infobae\/economia\/nota\/inline arcad\" data-google-query-id=\"CIbwg8TTxvoCFZIPuQYdnkEI3A\">\n<div id=\"google_ads_iframe_\/1058609\/infobae\/economia\/nota\/inline_0__container__\"><iframe id=\"google_ads_iframe_\/1058609\/infobae\/economia\/nota\/inline_0\" tabindex=\"0\" title=\"3rd party ad content\" role=\"region\" name=\"google_ads_iframe_\/1058609\/infobae\/economia\/nota\/inline_0\" width=\"1\" height=\"1\" frameborder=\"0\" marginwidth=\"0\" marginheight=\"0\" scrolling=\"no\" aria-label=\"Advertisement\" data-load-complete=\"true\" data-google-container-id=\"2\" data-mce-fragment=\"1\"><\/iframe><\/div>\n<\/div>\n<\/div>\n<\/div>\n<p class=\"paragraph\"><b>&#8211; A qui\u00e9n est\u00e1 orientado:<\/b>\u00a0a las empresas de la Econom\u00eda del Conocimiento.<\/p>\n<p class=\"paragraph\"><b>&#8211; Qu\u00e9 beneficios tendr\u00e1n:<\/b>\u00a0<b>se les dar\u00e1 libre disponibilidad del 20% de las divisas que ingresan al pa\u00eds por proyectos de inversi\u00f3n dirigidos a exportaciones, as\u00ed como del 30% de las divisas fruto del incremento de las ventas al exterior.<\/b>\u00a0Ambos son acumulables.<\/p>\n<p class=\"paragraph\">Se har\u00e1 una transferencia por \u00fanica vez del bono de cr\u00e9dito fiscal sobre las contribuciones patronales, exclusivo para las empresas inscriptas al R\u00e9gimen, que realicen exportaciones que representen, al menos un 70% de la facturaci\u00f3n anual.<\/p>\n<p class=\"paragraph\"><b>&#8211; C\u00f3mo se instrumentar\u00e1:<\/b><\/p>\n<p class=\"paragraph\">1- Se crear\u00e1 el R\u00e9gimen de Fomento de las Inversiones para Exportaciones de las Actividades de la Econom\u00eda del Conocimiento, que comprende la excepci\u00f3n del requisito de liquidaci\u00f3n en el Mercado Libre de Cambios (MLC) de un importe equivalente al 20% de las divisas que ingresen por concepto de inversi\u00f3n extranjera directa superior a 3 millones de d\u00f3lares.<\/p>\n<p class=\"paragraph\">2- Las empresas pueden adherir al nuevo R\u00e9gimen hasta el 30 de junio de 2023 y cuentan con 24 meses para llevar a cabo las inversiones desde la aprobaci\u00f3n del proyecto, prorrogables hasta por otros 2 a\u00f1os.<\/p>\n<p class=\"paragraph\">3- Dicho beneficio puede ser aplicado a: el pago de capital e intereses de pasivos comerciales o financieros con el exterior; el pago de utilidades y dividendos que correspondan a balances cerrados y auditados; a la repatriaci\u00f3n de divisas de no residentes, o a las inversiones alcanzadas por el R\u00e9gimen.<\/p>\n<p class=\"paragraph\">&#8211; Adem\u00e1s, las empresas inscriptas y aprobadas en el R\u00e9gimen de Promoci\u00f3n de Econom\u00eda del Conocimiento (RPEC), para que puedan acceder a un monto de libre disponibilidad de d\u00f3lares, equivalente al 30% de las divisas que ingresan por las exportaciones netas incrementales realizadas, para ser aplicadas al pago de las remuneraciones de personal en relaci\u00f3n de dependencia.<\/p>\n<p class=\"paragraph\"><b>&#8211; Qu\u00e9 busca el Gobierno:\u00a0<\/b>impulsar exportaciones e ingresos de divisas y favorecer la creaci\u00f3n de empleo calificado mediante inversiones directas en infraestructura, bienes de capital y capital de trabajo, destinadas a la puesta en marcha de nuevos proyectos o ampliaci\u00f3n de otros ya existentes que involucren el desarrollo de actividades vinculadas al sector.<\/p>\n<p class=\"paragraph\"><b>Sector<\/b><\/p>\n<p class=\"paragraph\">\u201cEste sector ha demostrado que no es una promesa a futuro sino una realidad que tenemos que aprovechar con medidas como estas, que no solo estimulan el ingreso de divisas sino la generaci\u00f3n y retenci\u00f3n de capital humano calificado, soportadas por unas cifras sobresalientes de crecimiento en las exportaciones de Servicios Basados en el Conocimiento que en el primer trimestre del a\u00f1o superaron el 25% frente al mismo periodo de 2021, alcanzando un total anualizado de 6.900 millones de d\u00f3lares\u201d, subray\u00f3\u00a0<b>Ariel Sujarchuk<\/b>, secretario de Econom\u00eda del Conocimiento.<\/p>\n<p class=\"paragraph\"><b>\u201cSuperamos los n\u00fameros prepandemia y tenemos un programa completo, una pol\u00edtica que es de Estado. Tenemos una gran oportunidad en Econom\u00eda del Conocimiento y bio y nanotecnolog\u00eda\u201d<\/b>, agreg\u00f3 en el CCK.<\/p>\n<p class=\"paragraph\">Seg\u00fan Econom\u00eda, los anuncios se suman a los est\u00edmulos fiscales que ofrece la Ley de Econom\u00eda del Conocimiento para las empresas inscriptas en el R\u00e9gimen, que ya son m\u00e1s de 540 \u2013de las que 327 son exportadoras\u2013, las cuales acceden a un bono de cr\u00e9dito fiscal correspondiente al 70% de la reducci\u00f3n de las contribuciones patronales del personal dedicado a dichas actividades; y una reducci\u00f3n de impuesto a las ganancias de 60%, 40% y 20%, seg\u00fan el tama\u00f1o de la empresa.<\/p>\n<p class=\"paragraph\">\u201cEl decreto tambi\u00e9n flexibiliza el uso del mencionado bono de cr\u00e9dito fiscal para las cargas patronales de las empresas inscriptas en el RPEC, cuyas exportaciones representen al menos el 70% de su facturaci\u00f3n anual, para que puedan transferirlo por \u00fanica vez, con lo que se genera un mayor incentivo para el crecimiento de las firmas que prestan servicios al exterior\u201d, explicaron fuentes oficiales.<\/p>\n<p class=\"paragraph\"><b>Monotributo tech<\/b><\/p>\n<p class=\"paragraph\"><a href=\"https:\/\/www.infobae.com\/economia\/2022\/09\/22\/el-gobierno-prepara-el-monotributo-tech-y-negocia-con-mineras-para-que-puedan-comprar-dolares\/\" target=\"_blank\" rel=\"noopener\"><b>Si bien no fue anunciado hoy, en Econom\u00eda a\u00fan mantienen firme la idea del \u201cmonotributo tecno\u201d<\/b><\/a><b>, que podr\u00eda ser anunciado en los pr\u00f3ximos d\u00edas.<\/b>\u00a0Seg\u00fan trascendi\u00f3 de fuentes oficiales, estar\u00e1 \u201cdirigido a las y los profesionales que facturan sus servicios basados en el conocimiento (SBC) al exterior y a personas que participen en competencias de\u00a0<i>e-sports<\/i>\u00a0(nivel profesional)\u201d.<\/p>\n<p class=\"paragraph\">Ese grupo de profesionales que facturan sus servicios al exterior (en un rango que oficios que va<b>\u00a0desde la programaci\u00f3n hasta otros que no est\u00e1n relacionados de forma tan directa con la tecnolog\u00eda, como artistas o guionistas<\/b>, por ejemplo) puedan enviar sus facturas a su empleador o cliente en el exterior, en un esquema tributario que conviva con el r\u00e9gimen simplificado local.<\/p>\n<p class=\"paragraph\">Incluir\u00e1 categor\u00edas de facturaci\u00f3n que estirar\u00edan el tope anual de ingreso de d\u00f3lares desde los 12 mil anuales que rigen en la actualidad hasta 30 mil d\u00f3lares, seg\u00fan se estima.<\/p>\n","protected":false},"excerpt":{"rendered":"<p>Sergio Massa present\u00f3 medidas de est\u00edmulo al crecimiento de la Econom\u00eda del Conocimiento para aumentar exportaciones y generar m\u00e1s empleo. Qu\u00e9 pasar\u00e1 con el Monotributo especial para el sector<\/p>\n","protected":false},"author":8,"featured_media":87900,"comment_status":"open","ping_status":"open","sticky":false,"template":"","format":"standard","meta":{"fifu_image_url":"","fifu_image_alt":"","footnotes":""},"categories":[1594],"tags":[366,3958],"class_list":{"0":"post-88684","1":"post","2":"type-post","3":"status-publish","4":"format-standard","5":"has-post-thumbnail","7":"category-economia","8":"tag-dolar","9":"tag-tecno"},"yoast_head":"<title>\u201cD\u00f3lar tecno\u201d: a qui\u00e9nes va a beneficiar y c\u00f3mo funcionar\u00e1 el nuevo esquema - Informe Litoral<\/title>\n<meta name=\"robots\" content=\"index, follow, max-snippet:-1, max-image-preview:large, max-video-preview:-1\" \/>\n<link rel=\"canonical\" href=\"https:\/\/informelitoral.com.ar\/dolar-tecno-a-quienes-va-a-beneficiar-y-como-funcionara-el-nuevo-esquema\/\" \/>\n<meta property=\"og:locale\" content=\"es_ES\" \/>\n<meta property=\"og:type\" content=\"article\" \/>\n<meta property=\"og:title\" content=\"\u201cD\u00f3lar tecno\u201d: a qui\u00e9nes va a beneficiar y c\u00f3mo funcionar\u00e1 el nuevo esquema - Informe Litoral\" \/>\n<meta property=\"og:description\" content=\"Sergio Massa present\u00f3 medidas de est\u00edmulo al crecimiento de la Econom\u00eda del Conocimiento para aumentar exportaciones y generar m\u00e1s empleo. Qu\u00e9 pasar\u00e1 con el Monotributo especial para el sector\" \/>\n<meta property=\"og:url\" content=\"https:\/\/informelitoral.com.ar\/dolar-tecno-a-quienes-va-a-beneficiar-y-como-funcionara-el-nuevo-esquema\/\" \/>\n<meta property=\"og:site_name\" content=\"Informe Litoral\" \/>\n<meta property=\"article:publisher\" content=\"https:\/\/www.facebook.com\/informelitoral\/\" \/>\n<meta property=\"article:published_time\" content=\"2022-10-04T13:15:52+00:00\" \/>\n<meta property=\"article:modified_time\" content=\"2022-10-04T13:16:06+00:00\" \/>\n<meta property=\"og:image\" content=\"https:\/\/informelitoral.com.ar\/%77%70%2d%63%6f%6e%74%65%6e%74\/uploads\/2022\/09\/G363RH3IE5FWRJU42FSIYNALY4.jpg\" \/>\n\t<meta property=\"og:image:width\" content=\"580\" \/>\n\t<meta property=\"og:image:height\" content=\"330\" \/>\n\t<meta property=\"og:image:type\" content=\"image\/jpeg\" \/>\n<meta name=\"author\" content=\"Sebastian\" \/>\n<meta name=\"twitter:card\" content=\"summary_large_image\" \/>\n<meta name=\"twitter:creator\" content=\"@InformeLitoral\" \/>\n<meta name=\"twitter:site\" content=\"@InformeLitoral\" \/>\n<meta name=\"twitter:label1\" content=\"Escrito por\" \/>\n\t<meta name=\"twitter:data1\" content=\"Sebastian\" \/>\n\t<meta name=\"twitter:label2\" content=\"Tiempo de lectura\" \/>\n\t<meta name=\"twitter:data2\" content=\"5 minutos\" \/>\n<script type=\"application\/ld+json\" class=\"yoast-schema-graph\">{\"@context\":\"https:\\\/\\\/schema.org\",\"@graph\":[{\"@type\":\"Article\",\"@id\":\"https:\\\/\\\/informelitoral.com.ar\\\/dolar-tecno-a-quienes-va-a-beneficiar-y-como-funcionara-el-nuevo-esquema\\\/#article\",\"isPartOf\":{\"@id\":\"https:\\\/\\\/informelitoral.com.ar\\\/dolar-tecno-a-quienes-va-a-beneficiar-y-como-funcionara-el-nuevo-esquema\\\/\"},\"author\":{\"name\":\"Sebastian\",\"@id\":\"https:\\\/\\\/informelitoral.com.ar\\\/#\\\/schema\\\/person\\\/f05f9f461677119578717524b127d6d5\"},\"headline\":\"\u201cD\u00f3lar tecno\u201d: a qui\u00e9nes va a beneficiar y c\u00f3mo funcionar\u00e1 el nuevo esquema\",\"datePublished\":\"2022-10-04T13:15:52+00:00\",\"dateModified\":\"2022-10-04T13:16:06+00:00\",\"mainEntityOfPage\":{\"@id\":\"https:\\\/\\\/informelitoral.com.ar\\\/dolar-tecno-a-quienes-va-a-beneficiar-y-como-funcionara-el-nuevo-esquema\\\/\"},\"wordCount\":940,\"commentCount\":0,\"publisher\":{\"@id\":\"https:\\\/\\\/informelitoral.com.ar\\\/#organization\"},\"image\":{\"@id\":\"https:\\\/\\\/informelitoral.com.ar\\\/dolar-tecno-a-quienes-va-a-beneficiar-y-como-funcionara-el-nuevo-esquema\\\/#primaryimage\"},\"thumbnailUrl\":\"https:\\\/\\\/informelitoral.com.ar\\\/%77%70%2d%63%6f%6e%74%65%6e%74\\\/uploads\\\/2022\\\/09\\\/G363RH3IE5FWRJU42FSIYNALY4.jpg\",\"keywords\":[\"D\u00f3lar\",\"Tecno\"],\"articleSection\":[\"Econom\u00eda\"],\"inLanguage\":\"es\",\"potentialAction\":[{\"@type\":\"CommentAction\",\"name\":\"Comment\",\"target\":[\"https:\\\/\\\/informelitoral.com.ar\\\/dolar-tecno-a-quienes-va-a-beneficiar-y-como-funcionara-el-nuevo-esquema\\\/#respond\"]}]},{\"@type\":\"WebPage\",\"@id\":\"https:\\\/\\\/informelitoral.com.ar\\\/dolar-tecno-a-quienes-va-a-beneficiar-y-como-funcionara-el-nuevo-esquema\\\/\",\"url\":\"https:\\\/\\\/informelitoral.com.ar\\\/dolar-tecno-a-quienes-va-a-beneficiar-y-como-funcionara-el-nuevo-esquema\\\/\",\"name\":\"\u201cD\u00f3lar tecno\u201d: a qui\u00e9nes va a beneficiar y c\u00f3mo funcionar\u00e1 el nuevo esquema - Informe Litoral\",\"isPartOf\":{\"@id\":\"https:\\\/\\\/informelitoral.com.ar\\\/#website\"},\"primaryImageOfPage\":{\"@id\":\"https:\\\/\\\/informelitoral.com.ar\\\/dolar-tecno-a-quienes-va-a-beneficiar-y-como-funcionara-el-nuevo-esquema\\\/#primaryimage\"},\"image\":{\"@id\":\"https:\\\/\\\/informelitoral.com.ar\\\/dolar-tecno-a-quienes-va-a-beneficiar-y-como-funcionara-el-nuevo-esquema\\\/#primaryimage\"},\"thumbnailUrl\":\"https:\\\/\\\/informelitoral.com.ar\\\/%77%70%2d%63%6f%6e%74%65%6e%74\\\/uploads\\\/2022\\\/09\\\/G363RH3IE5FWRJU42FSIYNALY4.jpg\",\"datePublished\":\"2022-10-04T13:15:52+00:00\",\"dateModified\":\"2022-10-04T13:16:06+00:00\",\"breadcrumb\":{\"@id\":\"https:\\\/\\\/informelitoral.com.ar\\\/dolar-tecno-a-quienes-va-a-beneficiar-y-como-funcionara-el-nuevo-esquema\\\/#breadcrumb\"},\"inLanguage\":\"es\",\"potentialAction\":[{\"@type\":\"ReadAction\",\"target\":[\"https:\\\/\\\/informelitoral.com.ar\\\/dolar-tecno-a-quienes-va-a-beneficiar-y-como-funcionara-el-nuevo-esquema\\\/\"]}]},{\"@type\":\"ImageObject\",\"inLanguage\":\"es\",\"@id\":\"https:\\\/\\\/informelitoral.com.ar\\\/dolar-tecno-a-quienes-va-a-beneficiar-y-como-funcionara-el-nuevo-esquema\\\/#primaryimage\",\"url\":\"https:\\\/\\\/informelitoral.com.ar\\\/%77%70%2d%63%6f%6e%74%65%6e%74\\\/uploads\\\/2022\\\/09\\\/G363RH3IE5FWRJU42FSIYNALY4.jpg\",\"contentUrl\":\"https:\\\/\\\/informelitoral.com.ar\\\/%77%70%2d%63%6f%6e%74%65%6e%74\\\/uploads\\\/2022\\\/09\\\/G363RH3IE5FWRJU42FSIYNALY4.jpg\",\"width\":580,\"height\":330},{\"@type\":\"BreadcrumbList\",\"@id\":\"https:\\\/\\\/informelitoral.com.ar\\\/dolar-tecno-a-quienes-va-a-beneficiar-y-como-funcionara-el-nuevo-esquema\\\/#breadcrumb\",\"itemListElement\":[{\"@type\":\"ListItem\",\"position\":1,\"name\":\"Portada\",\"item\":\"https:\\\/\\\/informelitoral.com.ar\\\/\"},{\"@type\":\"ListItem\",\"position\":2,\"name\":\"\u201cD\u00f3lar tecno\u201d: a qui\u00e9nes va a beneficiar y c\u00f3mo funcionar\u00e1 el nuevo esquema\"}]},{\"@type\":\"WebSite\",\"@id\":\"https:\\\/\\\/informelitoral.com.ar\\\/#website\",\"url\":\"https:\\\/\\\/informelitoral.com.ar\\\/\",\"name\":\"Informe Litoral\",\"description\":\"&quot;Nos informamos&quot; \",\"publisher\":{\"@id\":\"https:\\\/\\\/informelitoral.com.ar\\\/#organization\"},\"potentialAction\":[{\"@type\":\"SearchAction\",\"target\":{\"@type\":\"EntryPoint\",\"urlTemplate\":\"https:\\\/\\\/informelitoral.com.ar\\\/?s={search_term_string}\"},\"query-input\":{\"@type\":\"PropertyValueSpecification\",\"valueRequired\":true,\"valueName\":\"search_term_string\"}}],\"inLanguage\":\"es\"},{\"@type\":\"Organization\",\"@id\":\"https:\\\/\\\/informelitoral.com.ar\\\/#organization\",\"name\":\"Informe Litoral\",\"url\":\"https:\\\/\\\/informelitoral.com.ar\\\/\",\"logo\":{\"@type\":\"ImageObject\",\"inLanguage\":\"es\",\"@id\":\"https:\\\/\\\/informelitoral.com.ar\\\/#\\\/schema\\\/logo\\\/image\\\/\",\"url\":\"https:\\\/\\\/informelitoral.com.ar\\\/%77%70%2d%63%6f%6e%74%65%6e%74\\\/uploads\\\/2021\\\/01\\\/circulo.png\",\"contentUrl\":\"https:\\\/\\\/informelitoral.com.ar\\\/%77%70%2d%63%6f%6e%74%65%6e%74\\\/uploads\\\/2021\\\/01\\\/circulo.png\",\"width\":723,\"height\":731,\"caption\":\"Informe Litoral\"},\"image\":{\"@id\":\"https:\\\/\\\/informelitoral.com.ar\\\/#\\\/schema\\\/logo\\\/image\\\/\"},\"sameAs\":[\"https:\\\/\\\/www.facebook.com\\\/informelitoral\\\/\",\"https:\\\/\\\/x.com\\\/InformeLitoral\",\"https:\\\/\\\/www.instagram.com\\\/informelitoral\\\/\",\"https:\\\/\\\/www.youtube.com\\\/channel\\\/UCua4Qvz8Icb6MYqhoq9xLXw\"]},{\"@type\":\"Person\",\"@id\":\"https:\\\/\\\/informelitoral.com.ar\\\/#\\\/schema\\\/person\\\/f05f9f461677119578717524b127d6d5\",\"name\":\"Sebastian\",\"image\":{\"@type\":\"ImageObject\",\"inLanguage\":\"es\",\"@id\":\"https:\\\/\\\/secure.gravatar.com\\\/avatar\\\/b71bf7481d447dfb9583c7f2798e7cc64de6efb9067b74633ed8c31059a3bd82?s=96&d=mm&r=g\",\"url\":\"https:\\\/\\\/secure.gravatar.com\\\/avatar\\\/b71bf7481d447dfb9583c7f2798e7cc64de6efb9067b74633ed8c31059a3bd82?s=96&d=mm&r=g\",\"contentUrl\":\"https:\\\/\\\/secure.gravatar.com\\\/avatar\\\/b71bf7481d447dfb9583c7f2798e7cc64de6efb9067b74633ed8c31059a3bd82?s=96&d=mm&r=g\",\"caption\":\"Sebastian\"},\"url\":\"https:\\\/\\\/informelitoral.com.ar\\\/author\\\/sebastian\\\/\"}]}<\/script>","yoast_head_json":{"title":"\u201cD\u00f3lar tecno\u201d: a qui\u00e9nes va a beneficiar y c\u00f3mo funcionar\u00e1 el nuevo esquema - Informe Litoral","robots":{"index":"index","follow":"follow","max-snippet":"max-snippet:-1","max-image-preview":"max-image-preview:large","max-video-preview":"max-video-preview:-1"},"canonical":"https:\/\/informelitoral.com.ar\/dolar-tecno-a-quienes-va-a-beneficiar-y-como-funcionara-el-nuevo-esquema\/","og_locale":"es_ES","og_type":"article","og_title":"\u201cD\u00f3lar tecno\u201d: a qui\u00e9nes va a beneficiar y c\u00f3mo funcionar\u00e1 el nuevo esquema - Informe Litoral","og_description":"Sergio Massa present\u00f3 medidas de est\u00edmulo al crecimiento de la Econom\u00eda del Conocimiento para aumentar exportaciones y generar m\u00e1s empleo. Qu\u00e9 pasar\u00e1 con el Monotributo especial para el sector","og_url":"https:\/\/informelitoral.com.ar\/dolar-tecno-a-quienes-va-a-beneficiar-y-como-funcionara-el-nuevo-esquema\/","og_site_name":"Informe Litoral","article_publisher":"https:\/\/www.facebook.com\/informelitoral\/","article_published_time":"2022-10-04T13:15:52+00:00","article_modified_time":"2022-10-04T13:16:06+00:00","og_image":[{"width":580,"height":330,"url":"https:\/\/informelitoral.com.ar\/%77%70%2d%63%6f%6e%74%65%6e%74\/uploads\/2022\/09\/G363RH3IE5FWRJU42FSIYNALY4.jpg","type":"image\/jpeg"}],"author":"Sebastian","twitter_card":"summary_large_image","twitter_creator":"@InformeLitoral","twitter_site":"@InformeLitoral","twitter_misc":{"Escrito por":"Sebastian","Tiempo de lectura":"5 minutos"},"schema":{"@context":"https:\/\/schema.org","@graph":[{"@type":"Article","@id":"https:\/\/informelitoral.com.ar\/dolar-tecno-a-quienes-va-a-beneficiar-y-como-funcionara-el-nuevo-esquema\/#article","isPartOf":{"@id":"https:\/\/informelitoral.com.ar\/dolar-tecno-a-quienes-va-a-beneficiar-y-como-funcionara-el-nuevo-esquema\/"},"author":{"name":"Sebastian","@id":"https:\/\/informelitoral.com.ar\/#\/schema\/person\/f05f9f461677119578717524b127d6d5"},"headline":"\u201cD\u00f3lar tecno\u201d: a qui\u00e9nes va a beneficiar y c\u00f3mo funcionar\u00e1 el nuevo esquema","datePublished":"2022-10-04T13:15:52+00:00","dateModified":"2022-10-04T13:16:06+00:00","mainEntityOfPage":{"@id":"https:\/\/informelitoral.com.ar\/dolar-tecno-a-quienes-va-a-beneficiar-y-como-funcionara-el-nuevo-esquema\/"},"wordCount":940,"commentCount":0,"publisher":{"@id":"https:\/\/informelitoral.com.ar\/#organization"},"image":{"@id":"https:\/\/informelitoral.com.ar\/dolar-tecno-a-quienes-va-a-beneficiar-y-como-funcionara-el-nuevo-esquema\/#primaryimage"},"thumbnailUrl":"https:\/\/informelitoral.com.ar\/%77%70%2d%63%6f%6e%74%65%6e%74\/uploads\/2022\/09\/G363RH3IE5FWRJU42FSIYNALY4.jpg","keywords":["D\u00f3lar","Tecno"],"articleSection":["Econom\u00eda"],"inLanguage":"es","potentialAction":[{"@type":"CommentAction","name":"Comment","target":["https:\/\/informelitoral.com.ar\/dolar-tecno-a-quienes-va-a-beneficiar-y-como-funcionara-el-nuevo-esquema\/#respond"]}]},{"@type":"WebPage","@id":"https:\/\/informelitoral.com.ar\/dolar-tecno-a-quienes-va-a-beneficiar-y-como-funcionara-el-nuevo-esquema\/","url":"https:\/\/informelitoral.com.ar\/dolar-tecno-a-quienes-va-a-beneficiar-y-como-funcionara-el-nuevo-esquema\/","name":"\u201cD\u00f3lar tecno\u201d: a qui\u00e9nes va a beneficiar y c\u00f3mo funcionar\u00e1 el nuevo esquema - Informe Litoral","isPartOf":{"@id":"https:\/\/informelitoral.com.ar\/#website"},"primaryImageOfPage":{"@id":"https:\/\/informelitoral.com.ar\/dolar-tecno-a-quienes-va-a-beneficiar-y-como-funcionara-el-nuevo-esquema\/#primaryimage"},"image":{"@id":"https:\/\/informelitoral.com.ar\/dolar-tecno-a-quienes-va-a-beneficiar-y-como-funcionara-el-nuevo-esquema\/#primaryimage"},"thumbnailUrl":"https:\/\/informelitoral.com.ar\/%77%70%2d%63%6f%6e%74%65%6e%74\/uploads\/2022\/09\/G363RH3IE5FWRJU42FSIYNALY4.jpg","datePublished":"2022-10-04T13:15:52+00:00","dateModified":"2022-10-04T13:16:06+00:00","breadcrumb":{"@id":"https:\/\/informelitoral.com.ar\/dolar-tecno-a-quienes-va-a-beneficiar-y-como-funcionara-el-nuevo-esquema\/#breadcrumb"},"inLanguage":"es","potentialAction":[{"@type":"ReadAction","target":["https:\/\/informelitoral.com.ar\/dolar-tecno-a-quienes-va-a-beneficiar-y-como-funcionara-el-nuevo-esquema\/"]}]},{"@type":"ImageObject","inLanguage":"es","@id":"https:\/\/informelitoral.com.ar\/dolar-tecno-a-quienes-va-a-beneficiar-y-como-funcionara-el-nuevo-esquema\/#primaryimage","url":"https:\/\/informelitoral.com.ar\/%77%70%2d%63%6f%6e%74%65%6e%74\/uploads\/2022\/09\/G363RH3IE5FWRJU42FSIYNALY4.jpg","contentUrl":"https:\/\/informelitoral.com.ar\/%77%70%2d%63%6f%6e%74%65%6e%74\/uploads\/2022\/09\/G363RH3IE5FWRJU42FSIYNALY4.jpg","width":580,"height":330},{"@type":"BreadcrumbList","@id":"https:\/\/informelitoral.com.ar\/dolar-tecno-a-quienes-va-a-beneficiar-y-como-funcionara-el-nuevo-esquema\/#breadcrumb","itemListElement":[{"@type":"ListItem","position":1,"name":"Portada","item":"https:\/\/informelitoral.com.ar\/"},{"@type":"ListItem","position":2,"name":"\u201cD\u00f3lar tecno\u201d: a qui\u00e9nes va a beneficiar y c\u00f3mo funcionar\u00e1 el nuevo esquema"}]},{"@type":"WebSite","@id":"https:\/\/informelitoral.com.ar\/#website","url":"https:\/\/informelitoral.com.ar\/","name":"Informe Litoral","description":"&quot;Nos informamos&quot; ","publisher":{"@id":"https:\/\/informelitoral.com.ar\/#organization"},"potentialAction":[{"@type":"SearchAction","target":{"@type":"EntryPoint","urlTemplate":"https:\/\/informelitoral.com.ar\/?s={search_term_string}"},"query-input":{"@type":"PropertyValueSpecification","valueRequired":true,"valueName":"search_term_string"}}],"inLanguage":"es"},{"@type":"Organization","@id":"https:\/\/informelitoral.com.ar\/#organization","name":"Informe Litoral","url":"https:\/\/informelitoral.com.ar\/","logo":{"@type":"ImageObject","inLanguage":"es","@id":"https:\/\/informelitoral.com.ar\/#\/schema\/logo\/image\/","url":"https:\/\/informelitoral.com.ar\/%77%70%2d%63%6f%6e%74%65%6e%74\/uploads\/2021\/01\/circulo.png","contentUrl":"https:\/\/informelitoral.com.ar\/%77%70%2d%63%6f%6e%74%65%6e%74\/uploads\/2021\/01\/circulo.png","width":723,"height":731,"caption":"Informe Litoral"},"image":{"@id":"https:\/\/informelitoral.com.ar\/#\/schema\/logo\/image\/"},"sameAs":["https:\/\/www.facebook.com\/informelitoral\/","https:\/\/x.com\/InformeLitoral","https:\/\/www.instagram.com\/informelitoral\/","https:\/\/www.youtube.com\/channel\/UCua4Qvz8Icb6MYqhoq9xLXw"]},{"@type":"Person","@id":"https:\/\/informelitoral.com.ar\/#\/schema\/person\/f05f9f461677119578717524b127d6d5","name":"Sebastian","image":{"@type":"ImageObject","inLanguage":"es","@id":"https:\/\/secure.gravatar.com\/avatar\/b71bf7481d447dfb9583c7f2798e7cc64de6efb9067b74633ed8c31059a3bd82?s=96&d=mm&r=g","url":"https:\/\/secure.gravatar.com\/avatar\/b71bf7481d447dfb9583c7f2798e7cc64de6efb9067b74633ed8c31059a3bd82?s=96&d=mm&r=g","contentUrl":"https:\/\/secure.gravatar.com\/avatar\/b71bf7481d447dfb9583c7f2798e7cc64de6efb9067b74633ed8c31059a3bd82?s=96&d=mm&r=g","caption":"Sebastian"},"url":"https:\/\/informelitoral.com.ar\/author\/sebastian\/"}]}},"_links":{"self":[{"href":"https:\/\/informelitoral.com.ar\/%77%70%2d%6a%73%6f%6e\/wp\/v2\/posts\/88684","targetHints":{"allow":["GET"]}}],"collection":[{"href":"https:\/\/informelitoral.com.ar\/%77%70%2d%6a%73%6f%6e\/wp\/v2\/posts"}],"about":[{"href":"https:\/\/informelitoral.com.ar\/%77%70%2d%6a%73%6f%6e\/wp\/v2\/types\/post"}],"author":[{"embeddable":true,"href":"https:\/\/informelitoral.com.ar\/%77%70%2d%6a%73%6f%6e\/wp\/v2\/users\/8"}],"replies":[{"embeddable":true,"href":"https:\/\/informelitoral.com.ar\/%77%70%2d%6a%73%6f%6e\/wp\/v2\/comments?post=88684"}],"version-history":[{"count":0,"href":"https:\/\/informelitoral.com.ar\/%77%70%2d%6a%73%6f%6e\/wp\/v2\/posts\/88684\/revisions"}],"wp:featuredmedia":[{"embeddable":true,"href":"https:\/\/informelitoral.com.ar\/%77%70%2d%6a%73%6f%6e\/wp\/v2\/media\/87900"}],"wp:attachment":[{"href":"https:\/\/informelitoral.com.ar\/%77%70%2d%6a%73%6f%6e\/wp\/v2\/media?parent=88684"}],"wp:term":[{"taxonomy":"category","embeddable":true,"href":"https:\/\/informelitoral.com.ar\/%77%70%2d%6a%73%6f%6e\/wp\/v2\/categories?post=88684"},{"taxonomy":"post_tag","embeddable":true,"href":"https:\/\/informelitoral.com.ar\/%77%70%2d%6a%73%6f%6e\/wp\/v2\/tags?post=88684"}],"curies":[{"name":"wp","href":"https:\/\/api.w.org\/{rel}","templated":true}]}}