{"id":8862,"date":"2014-11-06T13:48:03","date_gmt":"2014-11-06T16:48:03","guid":{"rendered":"http:\/\/www.isletasnoticias.com.ar\/?p=8862"},"modified":"2014-11-06T13:48:03","modified_gmt":"2014-11-06T16:48:03","slug":"este-jueves-la-unidad-movil-del-registro-civil-esta-en-isletas","status":"publish","type":"post","link":"https:\/\/informelitoral.com.ar\/este-jueves-la-unidad-movil-del-registro-civil-esta-en-isletas\/","title":{"rendered":"Este jueves la unidad m\u00f3vil del Registro Civil est\u00e1 en Isletas"},"content":{"rendered":"<p><strong>La oficina m\u00f3vil del Registro Civil est\u00e1 atendiendo este jueves en Isletas, departamento Diamante. Ma\u00f1ana viernes 7 la unidad realizar\u00e1 tr\u00e1mites en el hospital Enrique Fidanza, de Colonia Ensayo; en tanto que el d\u00eda s\u00e1bado 8 estar\u00e1 en Aldea Brasilera. El horario de atenci\u00f3n es de 8 a 16 de corrido.<a href=\"http:\/\/www.isletasnoticias.com.ar\/%77%70%2d%63%6f%6e%74%65%6e%74\/uploads\/2014\/11\/b_1415281279.jpg\"><img loading=\"lazy\" decoding=\"async\" class=\"aligncenter size-medium wp-image-8863\" src=\"http:\/\/www.isletasnoticias.com.ar\/%77%70%2d%63%6f%6e%74%65%6e%74\/uploads\/2014\/11\/b_1415281279-300x200.jpg\" alt=\"b_1415281279\" width=\"300\" height=\"200\" srcset=\"https:\/\/informelitoral.com.ar\/%77%70%2d%63%6f%6e%74%65%6e%74\/uploads\/2014\/11\/b_1415281279-300x200.jpg 300w, https:\/\/informelitoral.com.ar\/%77%70%2d%63%6f%6e%74%65%6e%74\/uploads\/2014\/11\/b_1415281279.jpg 492w\" sizes=\"auto, (max-width: 300px) 100vw, 300px\" \/><\/a><\/strong><\/p>\n<p>La unidad m\u00f3vil del Registro Civil es un servicio que puso en marcha el Ministerio de Gobierno para facilitar el acceso a tr\u00e1mites identificatorios. \u201cEl objetivo es seguir dando respuesta a los ciudadanos que necesitan regularizar sus documentos para gozar del pleno derecho a la identidad\u201d, remarc\u00f3 el ministro de Gobierno, Ad\u00e1n Humberto Bahl.<\/p>\n<p>\u201cA trav\u00e9s de esta metodolog\u00eda de trabajo, se est\u00e1 recorriendo cada uno de los pueblos de nuestra provincia para brindar este servicio esencial para todos los entrerrianos. Aconsejamos que quienes a\u00fan no hayan actualizado su DNI, que se acerquen al m\u00f3vil concretar el tr\u00e1mite ya que a partir del 1 de enero del 2015, el nuevo documento ser\u00e1 el \u00fanico v\u00e1lido\u201d, record\u00f3 Bahl.<\/p>\n<p><strong>Lugares y horarios de atenci\u00f3n<\/strong><\/p>\n<p>Este jueves 6 de noviembre, el m\u00f3vil est\u00e1 en Isletas, departamento Diamante. La atenci\u00f3n al p\u00fablico ser\u00e1 de 8 a 16 de corrido.<\/p>\n<p>El viernes permanecer\u00e1 en el Hospital Enrique Fidanza de Colonia Ensayo, no solo para realizar tr\u00e1mites a los internos de dicho nosocomio, sino a todas las personas que necesiten regularizar su documentaci\u00f3n.<\/p>\n<p>En tanto que el d\u00eda s\u00e1bado la oficina m\u00f3vil estar\u00e1 en Aldea Brasilera.<br \/>\nCabe destacar que durante los d\u00edas martes 4 y mi\u00e9rcoles 5, el m\u00f3vil permaneci\u00f3 en la ciudad de Villaguay, lugar en la que se efectuaron 260 gestiones de identificaci\u00f3n.<br \/>\nRequisitos<\/p>\n<p>Seg\u00fan se inform\u00f3 que quienes soliciten el nuevo documento, tambi\u00e9n podr\u00e1n gestionar el cambio de domicilio, -presentando una fotocopia de un servicio donde conste su domicilio actual-, y aquellos que hayan perdido el DNI y quieran obtenerlo, tendr\u00e1n que presentar la exposici\u00f3n policial.<\/p>\n<p>Para los j\u00f3venes de 8 y 14 a\u00f1os que deben actualizar sus documentos es necesario presentar la partida de nacimiento y el DNI actual.<\/p>\n","protected":false},"excerpt":{"rendered":"<p>La oficina m&oacute;vil del Registro Civil est&aacute; atendiendo este jueves en Isletas, departamento Diamante. Ma&ntilde;ana viernes 7 la unidad realizar&aacute; tr&aacute;mites en el hospital Enrique Fidanza, de Colonia Ensayo; en tanto que el d&iacute;a s&aacute;bado 8 estar&aacute; en Aldea Brasilera. El horario de atenci&oacute;n es de 8 a 16 de corrido. La unidad m&oacute;vil del [&hellip;]<\/p>\n","protected":false},"author":2,"featured_media":0,"comment_status":"open","ping_status":"open","sticky":false,"template":"","format":"standard","meta":{"fifu_image_url":"","fifu_image_alt":"","footnotes":""},"categories":[5,4],"tags":[],"class_list":{"0":"post-8862","1":"post","2":"type-post","3":"status-publish","4":"format-standard","6":"category-zonales","7":"category-locales"},"yoast_head":"<title>Este jueves la unidad m\u00f3vil del Registro Civil est\u00e1 en Isletas - Informe Litoral<\/title>\n<meta name=\"robots\" content=\"index, follow, max-snippet:-1, max-image-preview:large, max-video-preview:-1\" \/>\n<link rel=\"canonical\" href=\"https:\/\/informelitoral.com.ar\/este-jueves-la-unidad-movil-del-registro-civil-esta-en-isletas\/\" \/>\n<meta property=\"og:locale\" content=\"es_ES\" \/>\n<meta property=\"og:type\" content=\"article\" \/>\n<meta property=\"og:title\" content=\"Este jueves la unidad m\u00f3vil del Registro Civil est\u00e1 en Isletas - Informe Litoral\" \/>\n<meta property=\"og:description\" content=\"La oficina m&oacute;vil del Registro Civil est&aacute; atendiendo este jueves en Isletas, departamento Diamante. Ma&ntilde;ana viernes 7 la unidad realizar&aacute; tr&aacute;mites en el hospital Enrique Fidanza, de Colonia Ensayo; en tanto que el d&iacute;a s&aacute;bado 8 estar&aacute; en Aldea Brasilera. El horario de atenci&oacute;n es de 8 a 16 de corrido. La unidad m&oacute;vil del [&hellip;]\" \/>\n<meta property=\"og:url\" content=\"https:\/\/informelitoral.com.ar\/este-jueves-la-unidad-movil-del-registro-civil-esta-en-isletas\/\" \/>\n<meta property=\"og:site_name\" content=\"Informe Litoral\" \/>\n<meta property=\"article:publisher\" content=\"https:\/\/www.facebook.com\/informelitoral\/\" \/>\n<meta property=\"article:published_time\" content=\"2014-11-06T16:48:03+00:00\" \/>\n<meta property=\"og:image\" content=\"https:\/\/informelitoral.com.ar\/%77%70%2d%63%6f%6e%74%65%6e%74\/uploads\/2014\/11\/b_1415281279.jpg\" \/>\n\t<meta property=\"og:image:width\" content=\"492\" \/>\n\t<meta property=\"og:image:height\" content=\"328\" \/>\n\t<meta property=\"og:image:type\" content=\"image\/jpeg\" \/>\n<meta name=\"author\" content=\"Gonzalo Schmidt\" \/>\n<meta name=\"twitter:card\" content=\"summary_large_image\" \/>\n<meta name=\"twitter:creator\" content=\"@InformeLitoral\" \/>\n<meta name=\"twitter:site\" content=\"@InformeLitoral\" \/>\n<meta name=\"twitter:label1\" content=\"Escrito por\" \/>\n\t<meta name=\"twitter:data1\" content=\"Gonzalo Schmidt\" \/>\n\t<meta name=\"twitter:label2\" content=\"Tiempo de lectura\" \/>\n\t<meta name=\"twitter:data2\" content=\"2 minutos\" \/>\n<script type=\"application\/ld+json\" class=\"yoast-schema-graph\">{\"@context\":\"https:\\\/\\\/schema.org\",\"@graph\":[{\"@type\":\"Article\",\"@id\":\"https:\\\/\\\/informelitoral.com.ar\\\/este-jueves-la-unidad-movil-del-registro-civil-esta-en-isletas\\\/#article\",\"isPartOf\":{\"@id\":\"https:\\\/\\\/informelitoral.com.ar\\\/este-jueves-la-unidad-movil-del-registro-civil-esta-en-isletas\\\/\"},\"author\":{\"name\":\"Gonzalo Schmidt\",\"@id\":\"https:\\\/\\\/informelitoral.com.ar\\\/#\\\/schema\\\/person\\\/b9d00407c836482871ef1d57bf8e3180\"},\"headline\":\"Este jueves la unidad m\u00f3vil del Registro Civil est\u00e1 en Isletas\",\"datePublished\":\"2014-11-06T16:48:03+00:00\",\"mainEntityOfPage\":{\"@id\":\"https:\\\/\\\/informelitoral.com.ar\\\/este-jueves-la-unidad-movil-del-registro-civil-esta-en-isletas\\\/\"},\"wordCount\":371,\"commentCount\":0,\"publisher\":{\"@id\":\"https:\\\/\\\/informelitoral.com.ar\\\/#organization\"},\"image\":{\"@id\":\"https:\\\/\\\/informelitoral.com.ar\\\/este-jueves-la-unidad-movil-del-registro-civil-esta-en-isletas\\\/#primaryimage\"},\"thumbnailUrl\":\"http:\\\/\\\/www.isletasnoticias.com.ar\\\/%77%70%2d%63%6f%6e%74%65%6e%74\\\/uploads\\\/2014\\\/11\\\/b_1415281279-300x200.jpg\",\"articleSection\":[\"Departamento Diamante\",\"Isletas\"],\"inLanguage\":\"es\",\"potentialAction\":[{\"@type\":\"CommentAction\",\"name\":\"Comment\",\"target\":[\"https:\\\/\\\/informelitoral.com.ar\\\/este-jueves-la-unidad-movil-del-registro-civil-esta-en-isletas\\\/#respond\"]}]},{\"@type\":\"WebPage\",\"@id\":\"https:\\\/\\\/informelitoral.com.ar\\\/este-jueves-la-unidad-movil-del-registro-civil-esta-en-isletas\\\/\",\"url\":\"https:\\\/\\\/informelitoral.com.ar\\\/este-jueves-la-unidad-movil-del-registro-civil-esta-en-isletas\\\/\",\"name\":\"Este jueves la unidad m\u00f3vil del Registro Civil est\u00e1 en Isletas - Informe Litoral\",\"isPartOf\":{\"@id\":\"https:\\\/\\\/informelitoral.com.ar\\\/#website\"},\"primaryImageOfPage\":{\"@id\":\"https:\\\/\\\/informelitoral.com.ar\\\/este-jueves-la-unidad-movil-del-registro-civil-esta-en-isletas\\\/#primaryimage\"},\"image\":{\"@id\":\"https:\\\/\\\/informelitoral.com.ar\\\/este-jueves-la-unidad-movil-del-registro-civil-esta-en-isletas\\\/#primaryimage\"},\"thumbnailUrl\":\"http:\\\/\\\/www.isletasnoticias.com.ar\\\/%77%70%2d%63%6f%6e%74%65%6e%74\\\/uploads\\\/2014\\\/11\\\/b_1415281279-300x200.jpg\",\"datePublished\":\"2014-11-06T16:48:03+00:00\",\"breadcrumb\":{\"@id\":\"https:\\\/\\\/informelitoral.com.ar\\\/este-jueves-la-unidad-movil-del-registro-civil-esta-en-isletas\\\/#breadcrumb\"},\"inLanguage\":\"es\",\"potentialAction\":[{\"@type\":\"ReadAction\",\"target\":[\"https:\\\/\\\/informelitoral.com.ar\\\/este-jueves-la-unidad-movil-del-registro-civil-esta-en-isletas\\\/\"]}]},{\"@type\":\"ImageObject\",\"inLanguage\":\"es\",\"@id\":\"https:\\\/\\\/informelitoral.com.ar\\\/este-jueves-la-unidad-movil-del-registro-civil-esta-en-isletas\\\/#primaryimage\",\"url\":\"http:\\\/\\\/www.isletasnoticias.com.ar\\\/%77%70%2d%63%6f%6e%74%65%6e%74\\\/uploads\\\/2014\\\/11\\\/b_1415281279-300x200.jpg\",\"contentUrl\":\"http:\\\/\\\/www.isletasnoticias.com.ar\\\/%77%70%2d%63%6f%6e%74%65%6e%74\\\/uploads\\\/2014\\\/11\\\/b_1415281279-300x200.jpg\"},{\"@type\":\"BreadcrumbList\",\"@id\":\"https:\\\/\\\/informelitoral.com.ar\\\/este-jueves-la-unidad-movil-del-registro-civil-esta-en-isletas\\\/#breadcrumb\",\"itemListElement\":[{\"@type\":\"ListItem\",\"position\":1,\"name\":\"Portada\",\"item\":\"https:\\\/\\\/informelitoral.com.ar\\\/\"},{\"@type\":\"ListItem\",\"position\":2,\"name\":\"Este jueves la unidad m\u00f3vil del Registro Civil est\u00e1 en Isletas\"}]},{\"@type\":\"WebSite\",\"@id\":\"https:\\\/\\\/informelitoral.com.ar\\\/#website\",\"url\":\"https:\\\/\\\/informelitoral.com.ar\\\/\",\"name\":\"Informe Litoral\",\"description\":\"&quot;Nos informamos&quot; \",\"publisher\":{\"@id\":\"https:\\\/\\\/informelitoral.com.ar\\\/#organization\"},\"potentialAction\":[{\"@type\":\"SearchAction\",\"target\":{\"@type\":\"EntryPoint\",\"urlTemplate\":\"https:\\\/\\\/informelitoral.com.ar\\\/?s={search_term_string}\"},\"query-input\":{\"@type\":\"PropertyValueSpecification\",\"valueRequired\":true,\"valueName\":\"search_term_string\"}}],\"inLanguage\":\"es\"},{\"@type\":\"Organization\",\"@id\":\"https:\\\/\\\/informelitoral.com.ar\\\/#organization\",\"name\":\"Informe Litoral\",\"url\":\"https:\\\/\\\/informelitoral.com.ar\\\/\",\"logo\":{\"@type\":\"ImageObject\",\"inLanguage\":\"es\",\"@id\":\"https:\\\/\\\/informelitoral.com.ar\\\/#\\\/schema\\\/logo\\\/image\\\/\",\"url\":\"https:\\\/\\\/informelitoral.com.ar\\\/%77%70%2d%63%6f%6e%74%65%6e%74\\\/uploads\\\/2021\\\/01\\\/circulo.png\",\"contentUrl\":\"https:\\\/\\\/informelitoral.com.ar\\\/%77%70%2d%63%6f%6e%74%65%6e%74\\\/uploads\\\/2021\\\/01\\\/circulo.png\",\"width\":723,\"height\":731,\"caption\":\"Informe Litoral\"},\"image\":{\"@id\":\"https:\\\/\\\/informelitoral.com.ar\\\/#\\\/schema\\\/logo\\\/image\\\/\"},\"sameAs\":[\"https:\\\/\\\/www.facebook.com\\\/informelitoral\\\/\",\"https:\\\/\\\/x.com\\\/InformeLitoral\",\"https:\\\/\\\/www.instagram.com\\\/informelitoral\\\/\",\"https:\\\/\\\/www.youtube.com\\\/channel\\\/UCua4Qvz8Icb6MYqhoq9xLXw\"]},{\"@type\":\"Person\",\"@id\":\"https:\\\/\\\/informelitoral.com.ar\\\/#\\\/schema\\\/person\\\/b9d00407c836482871ef1d57bf8e3180\",\"name\":\"Gonzalo Schmidt\",\"image\":{\"@type\":\"ImageObject\",\"inLanguage\":\"es\",\"@id\":\"https:\\\/\\\/secure.gravatar.com\\\/avatar\\\/31a1a7b66ff2de83bd0e9fd79d026630d2d99e55e8bfe501287647b4fd9743de?s=96&d=mm&r=g\",\"url\":\"https:\\\/\\\/secure.gravatar.com\\\/avatar\\\/31a1a7b66ff2de83bd0e9fd79d026630d2d99e55e8bfe501287647b4fd9743de?s=96&d=mm&r=g\",\"contentUrl\":\"https:\\\/\\\/secure.gravatar.com\\\/avatar\\\/31a1a7b66ff2de83bd0e9fd79d026630d2d99e55e8bfe501287647b4fd9743de?s=96&d=mm&r=g\",\"caption\":\"Gonzalo Schmidt\"},\"description\":\"Sitio web de noticias de la provincia de Entre R\u00edos, Argentina. Informaci\u00f3n y entretenimiento. Informe Litoral, nos informamos.\",\"sameAs\":[\"http:\\\/\\\/www.isletasnoticias.com.ar\"],\"url\":\"https:\\\/\\\/informelitoral.com.ar\\\/author\\\/gonzalo\\\/\"}]}<\/script>","yoast_head_json":{"title":"Este jueves la unidad m\u00f3vil del Registro Civil est\u00e1 en Isletas - Informe Litoral","robots":{"index":"index","follow":"follow","max-snippet":"max-snippet:-1","max-image-preview":"max-image-preview:large","max-video-preview":"max-video-preview:-1"},"canonical":"https:\/\/informelitoral.com.ar\/este-jueves-la-unidad-movil-del-registro-civil-esta-en-isletas\/","og_locale":"es_ES","og_type":"article","og_title":"Este jueves la unidad m\u00f3vil del Registro Civil est\u00e1 en Isletas - Informe Litoral","og_description":"La oficina m&oacute;vil del Registro Civil est&aacute; atendiendo este jueves en Isletas, departamento Diamante. Ma&ntilde;ana viernes 7 la unidad realizar&aacute; tr&aacute;mites en el hospital Enrique Fidanza, de Colonia Ensayo; en tanto que el d&iacute;a s&aacute;bado 8 estar&aacute; en Aldea Brasilera. El horario de atenci&oacute;n es de 8 a 16 de corrido. La unidad m&oacute;vil del [&hellip;]","og_url":"https:\/\/informelitoral.com.ar\/este-jueves-la-unidad-movil-del-registro-civil-esta-en-isletas\/","og_site_name":"Informe Litoral","article_publisher":"https:\/\/www.facebook.com\/informelitoral\/","article_published_time":"2014-11-06T16:48:03+00:00","og_image":[{"width":492,"height":328,"url":"https:\/\/informelitoral.com.ar\/%77%70%2d%63%6f%6e%74%65%6e%74\/uploads\/2014\/11\/b_1415281279.jpg","type":"image\/jpeg"}],"author":"Gonzalo Schmidt","twitter_card":"summary_large_image","twitter_creator":"@InformeLitoral","twitter_site":"@InformeLitoral","twitter_misc":{"Escrito por":"Gonzalo Schmidt","Tiempo de lectura":"2 minutos"},"schema":{"@context":"https:\/\/schema.org","@graph":[{"@type":"Article","@id":"https:\/\/informelitoral.com.ar\/este-jueves-la-unidad-movil-del-registro-civil-esta-en-isletas\/#article","isPartOf":{"@id":"https:\/\/informelitoral.com.ar\/este-jueves-la-unidad-movil-del-registro-civil-esta-en-isletas\/"},"author":{"name":"Gonzalo Schmidt","@id":"https:\/\/informelitoral.com.ar\/#\/schema\/person\/b9d00407c836482871ef1d57bf8e3180"},"headline":"Este jueves la unidad m\u00f3vil del Registro Civil est\u00e1 en Isletas","datePublished":"2014-11-06T16:48:03+00:00","mainEntityOfPage":{"@id":"https:\/\/informelitoral.com.ar\/este-jueves-la-unidad-movil-del-registro-civil-esta-en-isletas\/"},"wordCount":371,"commentCount":0,"publisher":{"@id":"https:\/\/informelitoral.com.ar\/#organization"},"image":{"@id":"https:\/\/informelitoral.com.ar\/este-jueves-la-unidad-movil-del-registro-civil-esta-en-isletas\/#primaryimage"},"thumbnailUrl":"http:\/\/www.isletasnoticias.com.ar\/%77%70%2d%63%6f%6e%74%65%6e%74\/uploads\/2014\/11\/b_1415281279-300x200.jpg","articleSection":["Departamento Diamante","Isletas"],"inLanguage":"es","potentialAction":[{"@type":"CommentAction","name":"Comment","target":["https:\/\/informelitoral.com.ar\/este-jueves-la-unidad-movil-del-registro-civil-esta-en-isletas\/#respond"]}]},{"@type":"WebPage","@id":"https:\/\/informelitoral.com.ar\/este-jueves-la-unidad-movil-del-registro-civil-esta-en-isletas\/","url":"https:\/\/informelitoral.com.ar\/este-jueves-la-unidad-movil-del-registro-civil-esta-en-isletas\/","name":"Este jueves la unidad m\u00f3vil del Registro Civil est\u00e1 en Isletas - Informe Litoral","isPartOf":{"@id":"https:\/\/informelitoral.com.ar\/#website"},"primaryImageOfPage":{"@id":"https:\/\/informelitoral.com.ar\/este-jueves-la-unidad-movil-del-registro-civil-esta-en-isletas\/#primaryimage"},"image":{"@id":"https:\/\/informelitoral.com.ar\/este-jueves-la-unidad-movil-del-registro-civil-esta-en-isletas\/#primaryimage"},"thumbnailUrl":"http:\/\/www.isletasnoticias.com.ar\/%77%70%2d%63%6f%6e%74%65%6e%74\/uploads\/2014\/11\/b_1415281279-300x200.jpg","datePublished":"2014-11-06T16:48:03+00:00","breadcrumb":{"@id":"https:\/\/informelitoral.com.ar\/este-jueves-la-unidad-movil-del-registro-civil-esta-en-isletas\/#breadcrumb"},"inLanguage":"es","potentialAction":[{"@type":"ReadAction","target":["https:\/\/informelitoral.com.ar\/este-jueves-la-unidad-movil-del-registro-civil-esta-en-isletas\/"]}]},{"@type":"ImageObject","inLanguage":"es","@id":"https:\/\/informelitoral.com.ar\/este-jueves-la-unidad-movil-del-registro-civil-esta-en-isletas\/#primaryimage","url":"http:\/\/www.isletasnoticias.com.ar\/%77%70%2d%63%6f%6e%74%65%6e%74\/uploads\/2014\/11\/b_1415281279-300x200.jpg","contentUrl":"http:\/\/www.isletasnoticias.com.ar\/%77%70%2d%63%6f%6e%74%65%6e%74\/uploads\/2014\/11\/b_1415281279-300x200.jpg"},{"@type":"BreadcrumbList","@id":"https:\/\/informelitoral.com.ar\/este-jueves-la-unidad-movil-del-registro-civil-esta-en-isletas\/#breadcrumb","itemListElement":[{"@type":"ListItem","position":1,"name":"Portada","item":"https:\/\/informelitoral.com.ar\/"},{"@type":"ListItem","position":2,"name":"Este jueves la unidad m\u00f3vil del Registro Civil est\u00e1 en Isletas"}]},{"@type":"WebSite","@id":"https:\/\/informelitoral.com.ar\/#website","url":"https:\/\/informelitoral.com.ar\/","name":"Informe Litoral","description":"&quot;Nos informamos&quot; ","publisher":{"@id":"https:\/\/informelitoral.com.ar\/#organization"},"potentialAction":[{"@type":"SearchAction","target":{"@type":"EntryPoint","urlTemplate":"https:\/\/informelitoral.com.ar\/?s={search_term_string}"},"query-input":{"@type":"PropertyValueSpecification","valueRequired":true,"valueName":"search_term_string"}}],"inLanguage":"es"},{"@type":"Organization","@id":"https:\/\/informelitoral.com.ar\/#organization","name":"Informe Litoral","url":"https:\/\/informelitoral.com.ar\/","logo":{"@type":"ImageObject","inLanguage":"es","@id":"https:\/\/informelitoral.com.ar\/#\/schema\/logo\/image\/","url":"https:\/\/informelitoral.com.ar\/%77%70%2d%63%6f%6e%74%65%6e%74\/uploads\/2021\/01\/circulo.png","contentUrl":"https:\/\/informelitoral.com.ar\/%77%70%2d%63%6f%6e%74%65%6e%74\/uploads\/2021\/01\/circulo.png","width":723,"height":731,"caption":"Informe Litoral"},"image":{"@id":"https:\/\/informelitoral.com.ar\/#\/schema\/logo\/image\/"},"sameAs":["https:\/\/www.facebook.com\/informelitoral\/","https:\/\/x.com\/InformeLitoral","https:\/\/www.instagram.com\/informelitoral\/","https:\/\/www.youtube.com\/channel\/UCua4Qvz8Icb6MYqhoq9xLXw"]},{"@type":"Person","@id":"https:\/\/informelitoral.com.ar\/#\/schema\/person\/b9d00407c836482871ef1d57bf8e3180","name":"Gonzalo Schmidt","image":{"@type":"ImageObject","inLanguage":"es","@id":"https:\/\/secure.gravatar.com\/avatar\/31a1a7b66ff2de83bd0e9fd79d026630d2d99e55e8bfe501287647b4fd9743de?s=96&d=mm&r=g","url":"https:\/\/secure.gravatar.com\/avatar\/31a1a7b66ff2de83bd0e9fd79d026630d2d99e55e8bfe501287647b4fd9743de?s=96&d=mm&r=g","contentUrl":"https:\/\/secure.gravatar.com\/avatar\/31a1a7b66ff2de83bd0e9fd79d026630d2d99e55e8bfe501287647b4fd9743de?s=96&d=mm&r=g","caption":"Gonzalo Schmidt"},"description":"Sitio web de noticias de la provincia de Entre R\u00edos, Argentina. Informaci\u00f3n y entretenimiento. Informe Litoral, nos informamos.","sameAs":["http:\/\/www.isletasnoticias.com.ar"],"url":"https:\/\/informelitoral.com.ar\/author\/gonzalo\/"}]}},"_links":{"self":[{"href":"https:\/\/informelitoral.com.ar\/%77%70%2d%6a%73%6f%6e\/wp\/v2\/posts\/8862","targetHints":{"allow":["GET"]}}],"collection":[{"href":"https:\/\/informelitoral.com.ar\/%77%70%2d%6a%73%6f%6e\/wp\/v2\/posts"}],"about":[{"href":"https:\/\/informelitoral.com.ar\/%77%70%2d%6a%73%6f%6e\/wp\/v2\/types\/post"}],"author":[{"embeddable":true,"href":"https:\/\/informelitoral.com.ar\/%77%70%2d%6a%73%6f%6e\/wp\/v2\/users\/2"}],"replies":[{"embeddable":true,"href":"https:\/\/informelitoral.com.ar\/%77%70%2d%6a%73%6f%6e\/wp\/v2\/comments?post=8862"}],"version-history":[{"count":0,"href":"https:\/\/informelitoral.com.ar\/%77%70%2d%6a%73%6f%6e\/wp\/v2\/posts\/8862\/revisions"}],"wp:attachment":[{"href":"https:\/\/informelitoral.com.ar\/%77%70%2d%6a%73%6f%6e\/wp\/v2\/media?parent=8862"}],"wp:term":[{"taxonomy":"category","embeddable":true,"href":"https:\/\/informelitoral.com.ar\/%77%70%2d%6a%73%6f%6e\/wp\/v2\/categories?post=8862"},{"taxonomy":"post_tag","embeddable":true,"href":"https:\/\/informelitoral.com.ar\/%77%70%2d%6a%73%6f%6e\/wp\/v2\/tags?post=8862"}],"curies":[{"name":"wp","href":"https:\/\/api.w.org\/{rel}","templated":true}]}}