{"id":88592,"date":"2022-10-03T17:35:44","date_gmt":"2022-10-03T20:35:44","guid":{"rendered":"https:\/\/www.informelitoral.com.ar\/?p=88592"},"modified":"2022-10-03T17:37:18","modified_gmt":"2022-10-03T20:37:18","slug":"como-saber-si-tengo-el-subsidio-para-luz","status":"publish","type":"post","link":"https:\/\/informelitoral.com.ar\/como-saber-si-tengo-el-subsidio-para-luz\/","title":{"rendered":"C\u00f3mo saber si tengo el subsidio para luz"},"content":{"rendered":"<p>Si bien el Gobierno nacional hab\u00eda anunciado que habr\u00eda un aumento al consumo de luz a partir de septiembre por la quita de subsidio, la Secretar\u00eda de Energ\u00eda le orden\u00f3 a Cammesa (Compa\u00f1\u00eda Administradora del Mercado Mayorista El\u00e9ctrico S.A) que no aplicara el incremento.\u00a0<strong>De esta manera, la boleta de octubre vendr\u00e1 con los mismos valores de los meses anteriores.<\/strong><\/p>\n<article class=\"article-body article-body--second-paragraph\">Seg\u00fan el comunicado que le envi\u00f3 el organismo liderado por Flavia Roy\u00f3n a la empresa mayorista del sistema el\u00e9ctrico, esta medida ser\u00e1 \u201cde manera excepcional y por \u00fanica vez\u201d.<strong>\u00a0Asimismo, detall\u00f3 para qu\u00e9 usuarios rige.<\/strong><\/article>\n<article class=\"article-body article-body--second-paragraph\">El pedido del Gobierno indic\u00f3 que esta suspensi\u00f3n del incremento a la tarifa de la luz de septiembre es \u201cpara todos los segmentos de demanda residencial\u201d.\u00a0<strong>A ellos se le aplicar\u00e1 \u201clos precios estacionales establecidos para el segmento nivel 2\u2033.<\/strong><strong>As\u00ed, todos los usuarios que integren este grupo mantendr\u00e1n la totalidad del subsidio solo por este mes.<\/strong>\u00a0Mientras tanto, el sector comercial tendr\u00e1 que pagar el aumento.Cabe recordar que el Gobierno hab\u00eda anunciado que a partir de septiembre, el consumo aumentar\u00eda un 50% para los usuarios del nivel 1, es decir, aquellos a los que se les quitar\u00e1 el subsidio. A su vez, las personas del nivel 3- los que mantendr\u00edan un subsidio parcial-, se les aumentar\u00eda el 40%.<\/p>\n<h4><strong>C\u00f3mo saber si tengo el subsidio para luz<\/strong><\/h4>\n<p>M\u00e1s all\u00e1 de la medida moment\u00e1nea,\u00a0<strong>el mes pr\u00f3ximo comenzar\u00e1 a regir la quita de subsidios.<\/strong>\u00a0Para saber cada usuario si lo sigue teniendo, si se anot\u00f3 al despu\u00e9s de anotarse en el Registro de Acceso a los Subsidios a la Energ\u00eda (RASE),\u00a0<strong>el usuario debi\u00f3 recibir un correo electr\u00f3nico en el que se le inform\u00f3 a qu\u00e9 nivel de ingresos pertenece.<\/strong><\/p>\n<p>En el caso de la energ\u00eda el\u00e9ctrica, se subsidiar\u00e1 hasta\u00a0<strong>400 kWh<\/strong>\u00a0mensual por hogar. En el caso de las localidades que no tengan redes de gas natural, el tope de consumo aumentar\u00e1 hasta\u00a0<strong>550 kWh<\/strong>.<\/p>\n<h4><strong>C\u00f3mo es el subsidio del gas<\/strong><\/h4>\n<p>En este punto, cabe destacar que seg\u00fan el Gobierno, la cantidad de gas que se demande no tiene que ver con el nivel de ingresos,\u00a0<strong>sino con distintos factores.<\/strong>\u00a0Uno de ellos es la cuesti\u00f3n clim\u00e1tica, por lo que usuarios de las regiones m\u00e1s fr\u00edas tendr\u00e1n un l\u00edmite de consumo m\u00e1s alto subsidiado, en caso de que les toque seg\u00fan su nivel. Para cada categor\u00eda queda dispuesto as\u00ed:<\/p>\n<h4><strong>Qu\u00e9 pasa si no te inscribiste para seguir recibiendo el subsidio a la luz<\/strong><\/h4>\n<p class=\"articleText\">D\u00edas atr\u00e1s, el\u00a0<strong>Ente Nacional Regulador de la Electricidad (ENRE)<\/strong>, la\u00a0<strong>Subsecretar\u00eda de Energ\u00eda bonaerense<\/strong>\u00a0y el\u00a0<strong>Organismo de Control de Energ\u00eda El\u00e9ctrica provincial (OCEBA)<\/strong>\u00a0debatieron sobre la\u00a0<strong>nueva segmentaci\u00f3n de tarifas<\/strong>. Al respecto, el ente liderado por Walter Martello present\u00f3 una herramienta digital desarrollada por el \u00c1rea de Sistemas de Informaci\u00f3n que permite identificar a los usuarios que todav\u00eda no se adhirieron a los subsidios.<\/p>\n<p class=\"articleText\">El titular del ENRE destac\u00f3 que el trabajo entre estas tres partes es importante \u201cpara lograr que los subsidios sigan llegando a los sectores vulnerables y a todas las personas usuarias que lo necesiten\u201d<\/p>\n<\/article>\n","protected":false},"excerpt":{"rendered":"<p>Aunque Energ\u00eda anunci\u00f3 la implementaci\u00f3n de nuevos importes para septiembre, los clientes de hogares pagar\u00e1n por su consumo de este mes lo mismo que hasta ahora. Las boletas que llegar\u00e1n en octubre, sin cambios.<\/p>\n","protected":false},"author":8,"featured_media":86740,"comment_status":"open","ping_status":"open","sticky":false,"template":"","format":"standard","meta":{"fifu_image_url":"","fifu_image_alt":"","footnotes":""},"categories":[1594],"tags":[3179],"class_list":{"0":"post-88592","1":"post","2":"type-post","3":"status-publish","4":"format-standard","5":"has-post-thumbnail","7":"category-economia","8":"tag-subsidios"},"yoast_head":"<title>C\u00f3mo saber si tengo el subsidio para luz - Informe Litoral<\/title>\n<meta name=\"robots\" content=\"index, follow, max-snippet:-1, max-image-preview:large, max-video-preview:-1\" \/>\n<link rel=\"canonical\" href=\"https:\/\/informelitoral.com.ar\/como-saber-si-tengo-el-subsidio-para-luz\/\" \/>\n<meta property=\"og:locale\" content=\"es_ES\" \/>\n<meta property=\"og:type\" content=\"article\" \/>\n<meta property=\"og:title\" content=\"C\u00f3mo saber si tengo el subsidio para luz - Informe Litoral\" \/>\n<meta property=\"og:description\" content=\"Aunque Energ\u00eda anunci\u00f3 la implementaci\u00f3n de nuevos importes para septiembre, los clientes de hogares pagar\u00e1n por su consumo de este mes lo mismo que hasta ahora. Las boletas que llegar\u00e1n en octubre, sin cambios.\" \/>\n<meta property=\"og:url\" content=\"https:\/\/informelitoral.com.ar\/como-saber-si-tengo-el-subsidio-para-luz\/\" \/>\n<meta property=\"og:site_name\" content=\"Informe Litoral\" \/>\n<meta property=\"article:publisher\" content=\"https:\/\/www.facebook.com\/informelitoral\/\" \/>\n<meta property=\"article:published_time\" content=\"2022-10-03T20:35:44+00:00\" \/>\n<meta property=\"article:modified_time\" content=\"2022-10-03T20:37:18+00:00\" \/>\n<meta property=\"og:image\" content=\"https:\/\/informelitoral.com.ar\/%77%70%2d%63%6f%6e%74%65%6e%74\/uploads\/2022\/09\/bombillas-encendidas-750x375-1.jpg\" \/>\n\t<meta property=\"og:image:width\" content=\"750\" \/>\n\t<meta property=\"og:image:height\" content=\"375\" \/>\n\t<meta property=\"og:image:type\" content=\"image\/jpeg\" \/>\n<meta name=\"author\" content=\"Sebastian\" \/>\n<meta name=\"twitter:card\" content=\"summary_large_image\" \/>\n<meta name=\"twitter:creator\" content=\"@InformeLitoral\" \/>\n<meta name=\"twitter:site\" content=\"@InformeLitoral\" \/>\n<meta name=\"twitter:label1\" content=\"Escrito por\" \/>\n\t<meta name=\"twitter:data1\" content=\"Sebastian\" \/>\n\t<meta name=\"twitter:label2\" content=\"Tiempo de lectura\" \/>\n\t<meta name=\"twitter:data2\" content=\"3 minutos\" \/>\n<script type=\"application\/ld+json\" class=\"yoast-schema-graph\">{\"@context\":\"https:\\\/\\\/schema.org\",\"@graph\":[{\"@type\":\"Article\",\"@id\":\"https:\\\/\\\/informelitoral.com.ar\\\/como-saber-si-tengo-el-subsidio-para-luz\\\/#article\",\"isPartOf\":{\"@id\":\"https:\\\/\\\/informelitoral.com.ar\\\/como-saber-si-tengo-el-subsidio-para-luz\\\/\"},\"author\":{\"name\":\"Sebastian\",\"@id\":\"https:\\\/\\\/informelitoral.com.ar\\\/#\\\/schema\\\/person\\\/f05f9f461677119578717524b127d6d5\"},\"headline\":\"C\u00f3mo saber si tengo el subsidio para luz\",\"datePublished\":\"2022-10-03T20:35:44+00:00\",\"dateModified\":\"2022-10-03T20:37:18+00:00\",\"mainEntityOfPage\":{\"@id\":\"https:\\\/\\\/informelitoral.com.ar\\\/como-saber-si-tengo-el-subsidio-para-luz\\\/\"},\"wordCount\":557,\"commentCount\":0,\"publisher\":{\"@id\":\"https:\\\/\\\/informelitoral.com.ar\\\/#organization\"},\"image\":{\"@id\":\"https:\\\/\\\/informelitoral.com.ar\\\/como-saber-si-tengo-el-subsidio-para-luz\\\/#primaryimage\"},\"thumbnailUrl\":\"https:\\\/\\\/informelitoral.com.ar\\\/%77%70%2d%63%6f%6e%74%65%6e%74\\\/uploads\\\/2022\\\/09\\\/bombillas-encendidas-750x375-1.jpg\",\"keywords\":[\"subsidios\"],\"articleSection\":[\"Econom\u00eda\"],\"inLanguage\":\"es\",\"potentialAction\":[{\"@type\":\"CommentAction\",\"name\":\"Comment\",\"target\":[\"https:\\\/\\\/informelitoral.com.ar\\\/como-saber-si-tengo-el-subsidio-para-luz\\\/#respond\"]}]},{\"@type\":\"WebPage\",\"@id\":\"https:\\\/\\\/informelitoral.com.ar\\\/como-saber-si-tengo-el-subsidio-para-luz\\\/\",\"url\":\"https:\\\/\\\/informelitoral.com.ar\\\/como-saber-si-tengo-el-subsidio-para-luz\\\/\",\"name\":\"C\u00f3mo saber si tengo el subsidio para luz - Informe Litoral\",\"isPartOf\":{\"@id\":\"https:\\\/\\\/informelitoral.com.ar\\\/#website\"},\"primaryImageOfPage\":{\"@id\":\"https:\\\/\\\/informelitoral.com.ar\\\/como-saber-si-tengo-el-subsidio-para-luz\\\/#primaryimage\"},\"image\":{\"@id\":\"https:\\\/\\\/informelitoral.com.ar\\\/como-saber-si-tengo-el-subsidio-para-luz\\\/#primaryimage\"},\"thumbnailUrl\":\"https:\\\/\\\/informelitoral.com.ar\\\/%77%70%2d%63%6f%6e%74%65%6e%74\\\/uploads\\\/2022\\\/09\\\/bombillas-encendidas-750x375-1.jpg\",\"datePublished\":\"2022-10-03T20:35:44+00:00\",\"dateModified\":\"2022-10-03T20:37:18+00:00\",\"breadcrumb\":{\"@id\":\"https:\\\/\\\/informelitoral.com.ar\\\/como-saber-si-tengo-el-subsidio-para-luz\\\/#breadcrumb\"},\"inLanguage\":\"es\",\"potentialAction\":[{\"@type\":\"ReadAction\",\"target\":[\"https:\\\/\\\/informelitoral.com.ar\\\/como-saber-si-tengo-el-subsidio-para-luz\\\/\"]}]},{\"@type\":\"ImageObject\",\"inLanguage\":\"es\",\"@id\":\"https:\\\/\\\/informelitoral.com.ar\\\/como-saber-si-tengo-el-subsidio-para-luz\\\/#primaryimage\",\"url\":\"https:\\\/\\\/informelitoral.com.ar\\\/%77%70%2d%63%6f%6e%74%65%6e%74\\\/uploads\\\/2022\\\/09\\\/bombillas-encendidas-750x375-1.jpg\",\"contentUrl\":\"https:\\\/\\\/informelitoral.com.ar\\\/%77%70%2d%63%6f%6e%74%65%6e%74\\\/uploads\\\/2022\\\/09\\\/bombillas-encendidas-750x375-1.jpg\",\"width\":750,\"height\":375},{\"@type\":\"BreadcrumbList\",\"@id\":\"https:\\\/\\\/informelitoral.com.ar\\\/como-saber-si-tengo-el-subsidio-para-luz\\\/#breadcrumb\",\"itemListElement\":[{\"@type\":\"ListItem\",\"position\":1,\"name\":\"Portada\",\"item\":\"https:\\\/\\\/informelitoral.com.ar\\\/\"},{\"@type\":\"ListItem\",\"position\":2,\"name\":\"C\u00f3mo saber si tengo el subsidio para luz\"}]},{\"@type\":\"WebSite\",\"@id\":\"https:\\\/\\\/informelitoral.com.ar\\\/#website\",\"url\":\"https:\\\/\\\/informelitoral.com.ar\\\/\",\"name\":\"Informe Litoral\",\"description\":\"&quot;Nos informamos&quot; \",\"publisher\":{\"@id\":\"https:\\\/\\\/informelitoral.com.ar\\\/#organization\"},\"potentialAction\":[{\"@type\":\"SearchAction\",\"target\":{\"@type\":\"EntryPoint\",\"urlTemplate\":\"https:\\\/\\\/informelitoral.com.ar\\\/?s={search_term_string}\"},\"query-input\":{\"@type\":\"PropertyValueSpecification\",\"valueRequired\":true,\"valueName\":\"search_term_string\"}}],\"inLanguage\":\"es\"},{\"@type\":\"Organization\",\"@id\":\"https:\\\/\\\/informelitoral.com.ar\\\/#organization\",\"name\":\"Informe Litoral\",\"url\":\"https:\\\/\\\/informelitoral.com.ar\\\/\",\"logo\":{\"@type\":\"ImageObject\",\"inLanguage\":\"es\",\"@id\":\"https:\\\/\\\/informelitoral.com.ar\\\/#\\\/schema\\\/logo\\\/image\\\/\",\"url\":\"https:\\\/\\\/informelitoral.com.ar\\\/%77%70%2d%63%6f%6e%74%65%6e%74\\\/uploads\\\/2021\\\/01\\\/circulo.png\",\"contentUrl\":\"https:\\\/\\\/informelitoral.com.ar\\\/%77%70%2d%63%6f%6e%74%65%6e%74\\\/uploads\\\/2021\\\/01\\\/circulo.png\",\"width\":723,\"height\":731,\"caption\":\"Informe Litoral\"},\"image\":{\"@id\":\"https:\\\/\\\/informelitoral.com.ar\\\/#\\\/schema\\\/logo\\\/image\\\/\"},\"sameAs\":[\"https:\\\/\\\/www.facebook.com\\\/informelitoral\\\/\",\"https:\\\/\\\/x.com\\\/InformeLitoral\",\"https:\\\/\\\/www.instagram.com\\\/informelitoral\\\/\",\"https:\\\/\\\/www.youtube.com\\\/channel\\\/UCua4Qvz8Icb6MYqhoq9xLXw\"]},{\"@type\":\"Person\",\"@id\":\"https:\\\/\\\/informelitoral.com.ar\\\/#\\\/schema\\\/person\\\/f05f9f461677119578717524b127d6d5\",\"name\":\"Sebastian\",\"image\":{\"@type\":\"ImageObject\",\"inLanguage\":\"es\",\"@id\":\"https:\\\/\\\/secure.gravatar.com\\\/avatar\\\/b71bf7481d447dfb9583c7f2798e7cc64de6efb9067b74633ed8c31059a3bd82?s=96&d=mm&r=g\",\"url\":\"https:\\\/\\\/secure.gravatar.com\\\/avatar\\\/b71bf7481d447dfb9583c7f2798e7cc64de6efb9067b74633ed8c31059a3bd82?s=96&d=mm&r=g\",\"contentUrl\":\"https:\\\/\\\/secure.gravatar.com\\\/avatar\\\/b71bf7481d447dfb9583c7f2798e7cc64de6efb9067b74633ed8c31059a3bd82?s=96&d=mm&r=g\",\"caption\":\"Sebastian\"},\"url\":\"https:\\\/\\\/informelitoral.com.ar\\\/author\\\/sebastian\\\/\"}]}<\/script>","yoast_head_json":{"title":"C\u00f3mo saber si tengo el subsidio para luz - Informe Litoral","robots":{"index":"index","follow":"follow","max-snippet":"max-snippet:-1","max-image-preview":"max-image-preview:large","max-video-preview":"max-video-preview:-1"},"canonical":"https:\/\/informelitoral.com.ar\/como-saber-si-tengo-el-subsidio-para-luz\/","og_locale":"es_ES","og_type":"article","og_title":"C\u00f3mo saber si tengo el subsidio para luz - Informe Litoral","og_description":"Aunque Energ\u00eda anunci\u00f3 la implementaci\u00f3n de nuevos importes para septiembre, los clientes de hogares pagar\u00e1n por su consumo de este mes lo mismo que hasta ahora. Las boletas que llegar\u00e1n en octubre, sin cambios.","og_url":"https:\/\/informelitoral.com.ar\/como-saber-si-tengo-el-subsidio-para-luz\/","og_site_name":"Informe Litoral","article_publisher":"https:\/\/www.facebook.com\/informelitoral\/","article_published_time":"2022-10-03T20:35:44+00:00","article_modified_time":"2022-10-03T20:37:18+00:00","og_image":[{"width":750,"height":375,"url":"https:\/\/informelitoral.com.ar\/%77%70%2d%63%6f%6e%74%65%6e%74\/uploads\/2022\/09\/bombillas-encendidas-750x375-1.jpg","type":"image\/jpeg"}],"author":"Sebastian","twitter_card":"summary_large_image","twitter_creator":"@InformeLitoral","twitter_site":"@InformeLitoral","twitter_misc":{"Escrito por":"Sebastian","Tiempo de lectura":"3 minutos"},"schema":{"@context":"https:\/\/schema.org","@graph":[{"@type":"Article","@id":"https:\/\/informelitoral.com.ar\/como-saber-si-tengo-el-subsidio-para-luz\/#article","isPartOf":{"@id":"https:\/\/informelitoral.com.ar\/como-saber-si-tengo-el-subsidio-para-luz\/"},"author":{"name":"Sebastian","@id":"https:\/\/informelitoral.com.ar\/#\/schema\/person\/f05f9f461677119578717524b127d6d5"},"headline":"C\u00f3mo saber si tengo el subsidio para luz","datePublished":"2022-10-03T20:35:44+00:00","dateModified":"2022-10-03T20:37:18+00:00","mainEntityOfPage":{"@id":"https:\/\/informelitoral.com.ar\/como-saber-si-tengo-el-subsidio-para-luz\/"},"wordCount":557,"commentCount":0,"publisher":{"@id":"https:\/\/informelitoral.com.ar\/#organization"},"image":{"@id":"https:\/\/informelitoral.com.ar\/como-saber-si-tengo-el-subsidio-para-luz\/#primaryimage"},"thumbnailUrl":"https:\/\/informelitoral.com.ar\/%77%70%2d%63%6f%6e%74%65%6e%74\/uploads\/2022\/09\/bombillas-encendidas-750x375-1.jpg","keywords":["subsidios"],"articleSection":["Econom\u00eda"],"inLanguage":"es","potentialAction":[{"@type":"CommentAction","name":"Comment","target":["https:\/\/informelitoral.com.ar\/como-saber-si-tengo-el-subsidio-para-luz\/#respond"]}]},{"@type":"WebPage","@id":"https:\/\/informelitoral.com.ar\/como-saber-si-tengo-el-subsidio-para-luz\/","url":"https:\/\/informelitoral.com.ar\/como-saber-si-tengo-el-subsidio-para-luz\/","name":"C\u00f3mo saber si tengo el subsidio para luz - Informe Litoral","isPartOf":{"@id":"https:\/\/informelitoral.com.ar\/#website"},"primaryImageOfPage":{"@id":"https:\/\/informelitoral.com.ar\/como-saber-si-tengo-el-subsidio-para-luz\/#primaryimage"},"image":{"@id":"https:\/\/informelitoral.com.ar\/como-saber-si-tengo-el-subsidio-para-luz\/#primaryimage"},"thumbnailUrl":"https:\/\/informelitoral.com.ar\/%77%70%2d%63%6f%6e%74%65%6e%74\/uploads\/2022\/09\/bombillas-encendidas-750x375-1.jpg","datePublished":"2022-10-03T20:35:44+00:00","dateModified":"2022-10-03T20:37:18+00:00","breadcrumb":{"@id":"https:\/\/informelitoral.com.ar\/como-saber-si-tengo-el-subsidio-para-luz\/#breadcrumb"},"inLanguage":"es","potentialAction":[{"@type":"ReadAction","target":["https:\/\/informelitoral.com.ar\/como-saber-si-tengo-el-subsidio-para-luz\/"]}]},{"@type":"ImageObject","inLanguage":"es","@id":"https:\/\/informelitoral.com.ar\/como-saber-si-tengo-el-subsidio-para-luz\/#primaryimage","url":"https:\/\/informelitoral.com.ar\/%77%70%2d%63%6f%6e%74%65%6e%74\/uploads\/2022\/09\/bombillas-encendidas-750x375-1.jpg","contentUrl":"https:\/\/informelitoral.com.ar\/%77%70%2d%63%6f%6e%74%65%6e%74\/uploads\/2022\/09\/bombillas-encendidas-750x375-1.jpg","width":750,"height":375},{"@type":"BreadcrumbList","@id":"https:\/\/informelitoral.com.ar\/como-saber-si-tengo-el-subsidio-para-luz\/#breadcrumb","itemListElement":[{"@type":"ListItem","position":1,"name":"Portada","item":"https:\/\/informelitoral.com.ar\/"},{"@type":"ListItem","position":2,"name":"C\u00f3mo saber si tengo el subsidio para luz"}]},{"@type":"WebSite","@id":"https:\/\/informelitoral.com.ar\/#website","url":"https:\/\/informelitoral.com.ar\/","name":"Informe Litoral","description":"&quot;Nos informamos&quot; ","publisher":{"@id":"https:\/\/informelitoral.com.ar\/#organization"},"potentialAction":[{"@type":"SearchAction","target":{"@type":"EntryPoint","urlTemplate":"https:\/\/informelitoral.com.ar\/?s={search_term_string}"},"query-input":{"@type":"PropertyValueSpecification","valueRequired":true,"valueName":"search_term_string"}}],"inLanguage":"es"},{"@type":"Organization","@id":"https:\/\/informelitoral.com.ar\/#organization","name":"Informe Litoral","url":"https:\/\/informelitoral.com.ar\/","logo":{"@type":"ImageObject","inLanguage":"es","@id":"https:\/\/informelitoral.com.ar\/#\/schema\/logo\/image\/","url":"https:\/\/informelitoral.com.ar\/%77%70%2d%63%6f%6e%74%65%6e%74\/uploads\/2021\/01\/circulo.png","contentUrl":"https:\/\/informelitoral.com.ar\/%77%70%2d%63%6f%6e%74%65%6e%74\/uploads\/2021\/01\/circulo.png","width":723,"height":731,"caption":"Informe Litoral"},"image":{"@id":"https:\/\/informelitoral.com.ar\/#\/schema\/logo\/image\/"},"sameAs":["https:\/\/www.facebook.com\/informelitoral\/","https:\/\/x.com\/InformeLitoral","https:\/\/www.instagram.com\/informelitoral\/","https:\/\/www.youtube.com\/channel\/UCua4Qvz8Icb6MYqhoq9xLXw"]},{"@type":"Person","@id":"https:\/\/informelitoral.com.ar\/#\/schema\/person\/f05f9f461677119578717524b127d6d5","name":"Sebastian","image":{"@type":"ImageObject","inLanguage":"es","@id":"https:\/\/secure.gravatar.com\/avatar\/b71bf7481d447dfb9583c7f2798e7cc64de6efb9067b74633ed8c31059a3bd82?s=96&d=mm&r=g","url":"https:\/\/secure.gravatar.com\/avatar\/b71bf7481d447dfb9583c7f2798e7cc64de6efb9067b74633ed8c31059a3bd82?s=96&d=mm&r=g","contentUrl":"https:\/\/secure.gravatar.com\/avatar\/b71bf7481d447dfb9583c7f2798e7cc64de6efb9067b74633ed8c31059a3bd82?s=96&d=mm&r=g","caption":"Sebastian"},"url":"https:\/\/informelitoral.com.ar\/author\/sebastian\/"}]}},"_links":{"self":[{"href":"https:\/\/informelitoral.com.ar\/%77%70%2d%6a%73%6f%6e\/wp\/v2\/posts\/88592","targetHints":{"allow":["GET"]}}],"collection":[{"href":"https:\/\/informelitoral.com.ar\/%77%70%2d%6a%73%6f%6e\/wp\/v2\/posts"}],"about":[{"href":"https:\/\/informelitoral.com.ar\/%77%70%2d%6a%73%6f%6e\/wp\/v2\/types\/post"}],"author":[{"embeddable":true,"href":"https:\/\/informelitoral.com.ar\/%77%70%2d%6a%73%6f%6e\/wp\/v2\/users\/8"}],"replies":[{"embeddable":true,"href":"https:\/\/informelitoral.com.ar\/%77%70%2d%6a%73%6f%6e\/wp\/v2\/comments?post=88592"}],"version-history":[{"count":0,"href":"https:\/\/informelitoral.com.ar\/%77%70%2d%6a%73%6f%6e\/wp\/v2\/posts\/88592\/revisions"}],"wp:featuredmedia":[{"embeddable":true,"href":"https:\/\/informelitoral.com.ar\/%77%70%2d%6a%73%6f%6e\/wp\/v2\/media\/86740"}],"wp:attachment":[{"href":"https:\/\/informelitoral.com.ar\/%77%70%2d%6a%73%6f%6e\/wp\/v2\/media?parent=88592"}],"wp:term":[{"taxonomy":"category","embeddable":true,"href":"https:\/\/informelitoral.com.ar\/%77%70%2d%6a%73%6f%6e\/wp\/v2\/categories?post=88592"},{"taxonomy":"post_tag","embeddable":true,"href":"https:\/\/informelitoral.com.ar\/%77%70%2d%6a%73%6f%6e\/wp\/v2\/tags?post=88592"}],"curies":[{"name":"wp","href":"https:\/\/api.w.org\/{rel}","templated":true}]}}