{"id":8859,"date":"2014-11-06T13:42:33","date_gmt":"2014-11-06T16:42:33","guid":{"rendered":"http:\/\/www.isletasnoticias.com.ar\/?p=8859"},"modified":"2014-11-06T13:42:33","modified_gmt":"2014-11-06T16:42:33","slug":"que-provincias-daran-el-bono-de-fin-de-ano","status":"publish","type":"post","link":"https:\/\/informelitoral.com.ar\/que-provincias-daran-el-bono-de-fin-de-ano\/","title":{"rendered":"\u00bfQu\u00e9 Provincias dar\u00e1n el bono de fin de a\u00f1o?"},"content":{"rendered":"<p><strong>Hasta el momento s\u00f3lo 10 gobernadores premiar\u00e1n a los empleados del Estado, seg\u00fan un repaso por las 23 provincias que pagan o no la gratificaci\u00f3n extra para los estatales. Naci\u00f3n descart\u00f3 dar bono y deleg\u00f3 decisi\u00f3n en Provincias. Detalles.<a href=\"http:\/\/www.isletasnoticias.com.ar\/%77%70%2d%63%6f%6e%74%65%6e%74\/uploads\/2014\/11\/o_1386893631.jpg\"><img loading=\"lazy\" decoding=\"async\" class=\"aligncenter size-medium wp-image-8860\" src=\"http:\/\/www.isletasnoticias.com.ar\/%77%70%2d%63%6f%6e%74%65%6e%74\/uploads\/2014\/11\/o_1386893631-300x168.jpg\" alt=\"o_1386893631\" width=\"300\" height=\"168\" srcset=\"https:\/\/informelitoral.com.ar\/%77%70%2d%63%6f%6e%74%65%6e%74\/uploads\/2014\/11\/o_1386893631-300x168.jpg 300w, https:\/\/informelitoral.com.ar\/%77%70%2d%63%6f%6e%74%65%6e%74\/uploads\/2014\/11\/o_1386893631.jpg 640w\" sizes=\"auto, (max-width: 300px) 100vw, 300px\" \/><\/a><\/strong><\/p>\n<p>En todo el pa\u00eds los gremios pidieron un bono de fin de a\u00f1o para hacer frente a la inflaci\u00f3n. El pedido encendi\u00f3 la pol\u00e9mica en las provincias donde se descart\u00f3 ese pago extraordinario, mientras que en otros distritos se anunciaron un bono para diciembre y enero, reprodujo Informe Digital.<\/p>\n<p>Hace m\u00e1s de 15 d\u00edas el jefe de Gabinete, Jorge Capitanich, asegur\u00f3 que el Gobierno nacional no va a promover un plus salarial para los empleados estatales. Ante ello la administraci\u00f3n de cada provincia tuvo que hacerse cargo de los reclamos gremiales. Repaso provincia por provincia.<\/p>\n<p><b>Provincias que s\u00ed pagan bono de fin de a\u00f1o<\/b><br \/>\n<b>Santa Fe:<\/b> el gobernador Antonio Bonfatti fue el primero en dar la buena nueva a los estatales. El jefe del ejecutivo anunci\u00f3 que pagar\u00e1 \u00abun reconocimiento a los trabajadores del Estado\u00bb, superior a los $1000 aunque a\u00fan no est\u00e1 definida en concreto la cifra y la fecha de pago.<\/p>\n<p><b>C\u00f3rdoba:<\/b> la provincia de Jos\u00e9 Manuel de la Sota, firm\u00f3 un acuerdo con el sindicato de estatales para realizar un pago extraordinario de $1.500 a los empleados provinciales y $750 a los jubilados. El mismo se dar\u00e1 en un pago con en enero.<\/p>\n<p><b>San Luis:<\/b> el gobernador Claudio Poggi otorgar\u00e1 un pago de $2000.<\/p>\n<p><b>La Rioja:<\/b> el gobernador Luis Beder Herrera decidi\u00f3 premiar a los empleados estatales de su provincia con un pago de $400. La remuneraci\u00f3n ser\u00e1 dada en un pago con el sueldo de diciembre.<\/p>\n<p><b>Salta:<\/b> el gobernador Juan Manuel Urtubey anunci\u00f3 que dar\u00e1 una gratificaci\u00f3n de $1400 en dos pagos. Pero los docentes la rechazan la propuesta del ejecutivo salte\u00f1o. Los maestro quieren que a cambio del bono se les d\u00e9 una mejora salarial de $1.200 que rija hasta la apertura de las paritarias 2015.<\/p>\n<p><b>Tucum\u00e1n:<\/b> los gremios le piden al le piden al gobierno de Jos\u00e9 Alperovich un bono de $4.000 pero hasta el momento la provincia ha acordado dar \u00abuna remuneraci\u00f3n de dos sueldos juntos en diciembre\u00bb.<\/p>\n<p><b>Misiones:<\/b> la gobernaci\u00f3n de Misiones, del gobernador Maurice Closs, inform\u00f3, seg\u00fan consign\u00f3 Mendoza Online, que \u00abla provincia est\u00e1 para que haya un pago complemento, junto al aguinaldo de fin de a\u00f1o\u00bb.<\/p>\n<p><b>La Pampa:<\/b> desde la gobernaci\u00f3n de Oscar Mario Jorge dijeron que si bien la provincia tiene \u00aben estudio\u00bb el pago de un bono de fin de a\u00f1o para los empleados, la gratificaci\u00f3n se dar\u00e1 seguro aunque aun se analiza el monto.<\/p>\n<p><b>Corrientes:<\/b> desde el Ministerio de Hacienda de la gobernaci\u00f3n del radical Ricardo Colombi, adelantaron que \u00abprobablemente haya un plus\u00bb a fin de a\u00f1o.<\/p>\n<p><b>Santiago del Estero:<\/b> la gobernadora de Santiago del Estero, Claudia Ledesma de Zamora, anunci\u00f3 que los empleados p\u00fablicos de la provincia percibir\u00e1n un bono de 3.000 pesos en tres cuotas, desde este mes y hasta enero.<\/p>\n<p>En una conferencia de prensa que brind\u00f3 el lunes en la Casa de Gobierno de la provincia, la mandataria detall\u00f3 que la primera cuota de 1.000 pesos se pagar\u00e1 el pr\u00f3ximo lunes, la segunda el 10 de diciembre y la tercera el 5 de enero.<\/p>\n<p><b>Provincias que no dar\u00e1n plus<\/b><br \/>\n<b>Bueno Aires:<\/b> a pesar de que el gobernador de la provincia de Buenos Aires, Daniel Scioli dijo que la situaci\u00f3n debe ser analizada, frente la presi\u00f3n de los gremios. El gobierno nacional ratific\u00f3 que no dar\u00e1 ning\u00fan bono de fin de a\u00f1o al personal de la administraci\u00f3n p\u00fablica porque interpreta que, detr\u00e1s de ese reclamo, se inscribe una maniobra pol\u00edtica para instalar la idea de un descontrol inflacionario. En \u00e9ste sentido el ejecutivo toma mayor protagonismo que el l\u00edder de la gobernaci\u00f3n en la provincia y pese a la lucha gremial, no hay buenas nuevas para los gremios de la Capital Argentina.<\/p>\n<p><b>Entre R\u00edos: <\/b>en la provincia Sergio Urribarri todav\u00eda no hay nada definido debido a que hace unas semanas los gremios docentes y estatales est\u00e1n con pedido de recomposici\u00f3n salarial.<\/p>\n<p><b>Tierra del Fuego:<\/b> pese a que el reclamo de por el bono o pago gratificaci\u00f3n a fin de a\u00f1o es el gen\u00e9rico pedido de los gremios y los partidos militantes del socialismo o la izquierda, en la provincia del fin del mundo, presidida por la Gobernadora del partido Social Patag\u00f3nico, Fabiana R\u00edos \u00abno se pagar\u00e1n el bono\u00bb .<\/p>\n<p><b>Jujuy:<\/b> bajo la l\u00ednea del oficialismo nacional, el gobernador Eduardo Fellner dijo no al pago de bono de fin de a\u00f1o, pese a que los gremios lo est\u00e1n pidiendo.<\/p>\n<p><b>Chubut: <\/b>el gobernador Mart\u00edn Buzzi decidi\u00f3 ajustar las arcas de la provincia y decir que no pagar\u00e1 un bono de fin de a\u00f1o.<\/p>\n<p><b>Santa Cruz:<\/b> la provincia sure\u00f1a atraves\u00f3 por una tensa situaci\u00f3n tras los acuartelamientos de la polic\u00eda por una mejora salarial. Los cerca de 200 efectivos que protestaron aclararon que el reclamo era \u00abnetamente salarial\u00bb y que tienen la garant\u00eda del gobernador Daniel Peralta de alivianar posibles sanciones disciplinarias.<\/p>\n<p>Por \u00e9ste panorama, Santa Cruz a\u00fan no se ha planteado la posibilidad de otorgar una gratificaci\u00f3n extra a los estatales. De todas manera adelantaron que la \u201cprovincia no tiene fondos disponible\u201d para hacerlo.<\/p>\n<p><b>Chaco:<\/b> la provincia del Jefe de Gabinete, Jorge Capitanich, ahora presidida por Juan Carlos Bacileff Ivanoff no piensa en un pago extra a fin de a\u00f1o.<\/p>\n<p><b>San Juan:<\/b> el gobierno del justicialista Jos\u00e9 Luis Gioja est\u00e1 haciendo n\u00fameros para ver si dar\u00e1 o no un premio a los empleados del Estado.<br \/>\nNeuqu\u00e9n: desde la provincia que preside Jorge Sapag, todav\u00eda no hay novedades sobre una gratificaci\u00f3n extra para los empleados estatales de Nequ\u00e9n.<\/p>\n<p><b>Catamarca:<\/b> desde el Ministerio de Hacienda y Finanzas de la gobernadora peronista Luc\u00eda dijeron que \u00abpor el momento no se ha definido nada pero que sigue abierto el dialogo para debatir sobre un pago\u00bb. En Catamarca no hubo un pedido oficial de los gremios dicen desde el ministerio.<\/p>\n<p><b>R\u00edo Negro:<\/b> desde la provincia presidida por el gobernador Alberto Weretilneck, todav\u00eda no hay novedades oficiales acerca de un bono de fin de a\u00f1o, pese al reclamo que est\u00e1 realizando los estatales desde el martes, por una gratificaci\u00f3n extra de $2500.<\/p>\n<p><b>Formosa:<\/b> la provincia de Gildo Insfr\u00e1n, no descarta la posibilidad de entregar un bono.<\/p>\n","protected":false},"excerpt":{"rendered":"<p>Hasta el momento s&oacute;lo 10 gobernadores premiar&aacute;n a los empleados del Estado, seg&uacute;n un repaso por las 23 provincias que pagan o no la gratificaci&oacute;n extra para los estatales. Naci&oacute;n descart&oacute; dar bono y deleg&oacute; decisi&oacute;n en Provincias. Detalles. En todo el pa&iacute;s los gremios pidieron un bono de fin de a&ntilde;o para hacer frente [&hellip;]<\/p>\n","protected":false},"author":2,"featured_media":0,"comment_status":"open","ping_status":"open","sticky":false,"template":"","format":"standard","meta":{"fifu_image_url":"","fifu_image_alt":"","footnotes":""},"categories":[6,16],"tags":[],"class_list":{"0":"post-8859","1":"post","2":"type-post","3":"status-publish","4":"format-standard","6":"category-entre-rios","7":"category-politi"},"yoast_head":"<title>\u00bfQu\u00e9 Provincias dar\u00e1n el bono de fin de a\u00f1o? - Informe Litoral<\/title>\n<meta name=\"robots\" content=\"index, follow, max-snippet:-1, max-image-preview:large, max-video-preview:-1\" \/>\n<link rel=\"canonical\" href=\"https:\/\/informelitoral.com.ar\/que-provincias-daran-el-bono-de-fin-de-ano\/\" \/>\n<meta property=\"og:locale\" content=\"es_ES\" \/>\n<meta property=\"og:type\" content=\"article\" \/>\n<meta property=\"og:title\" content=\"\u00bfQu\u00e9 Provincias dar\u00e1n el bono de fin de a\u00f1o? - Informe Litoral\" \/>\n<meta property=\"og:description\" content=\"Hasta el momento s&oacute;lo 10 gobernadores premiar&aacute;n a los empleados del Estado, seg&uacute;n un repaso por las 23 provincias que pagan o no la gratificaci&oacute;n extra para los estatales. Naci&oacute;n descart&oacute; dar bono y deleg&oacute; decisi&oacute;n en Provincias. Detalles. En todo el pa&iacute;s los gremios pidieron un bono de fin de a&ntilde;o para hacer frente [&hellip;]\" \/>\n<meta property=\"og:url\" content=\"https:\/\/informelitoral.com.ar\/que-provincias-daran-el-bono-de-fin-de-ano\/\" \/>\n<meta property=\"og:site_name\" content=\"Informe Litoral\" \/>\n<meta property=\"article:publisher\" content=\"https:\/\/www.facebook.com\/informelitoral\/\" \/>\n<meta property=\"article:published_time\" content=\"2014-11-06T16:42:33+00:00\" \/>\n<meta property=\"og:image\" content=\"https:\/\/informelitoral.com.ar\/%77%70%2d%63%6f%6e%74%65%6e%74\/uploads\/2014\/11\/o_1386893631.jpg\" \/>\n\t<meta property=\"og:image:width\" content=\"640\" \/>\n\t<meta property=\"og:image:height\" content=\"360\" \/>\n\t<meta property=\"og:image:type\" content=\"image\/jpeg\" \/>\n<meta name=\"author\" content=\"Gonzalo Schmidt\" \/>\n<meta name=\"twitter:card\" content=\"summary_large_image\" \/>\n<meta name=\"twitter:creator\" content=\"@InformeLitoral\" \/>\n<meta name=\"twitter:site\" content=\"@InformeLitoral\" \/>\n<meta name=\"twitter:label1\" content=\"Escrito por\" \/>\n\t<meta name=\"twitter:data1\" content=\"Gonzalo Schmidt\" \/>\n\t<meta name=\"twitter:label2\" content=\"Tiempo de lectura\" \/>\n\t<meta name=\"twitter:data2\" content=\"6 minutos\" \/>\n<script type=\"application\/ld+json\" class=\"yoast-schema-graph\">{\"@context\":\"https:\\\/\\\/schema.org\",\"@graph\":[{\"@type\":\"Article\",\"@id\":\"https:\\\/\\\/informelitoral.com.ar\\\/que-provincias-daran-el-bono-de-fin-de-ano\\\/#article\",\"isPartOf\":{\"@id\":\"https:\\\/\\\/informelitoral.com.ar\\\/que-provincias-daran-el-bono-de-fin-de-ano\\\/\"},\"author\":{\"name\":\"Gonzalo Schmidt\",\"@id\":\"https:\\\/\\\/informelitoral.com.ar\\\/#\\\/schema\\\/person\\\/b9d00407c836482871ef1d57bf8e3180\"},\"headline\":\"\u00bfQu\u00e9 Provincias dar\u00e1n el bono de fin de a\u00f1o?\",\"datePublished\":\"2014-11-06T16:42:33+00:00\",\"mainEntityOfPage\":{\"@id\":\"https:\\\/\\\/informelitoral.com.ar\\\/que-provincias-daran-el-bono-de-fin-de-ano\\\/\"},\"wordCount\":1111,\"commentCount\":0,\"publisher\":{\"@id\":\"https:\\\/\\\/informelitoral.com.ar\\\/#organization\"},\"image\":{\"@id\":\"https:\\\/\\\/informelitoral.com.ar\\\/que-provincias-daran-el-bono-de-fin-de-ano\\\/#primaryimage\"},\"thumbnailUrl\":\"http:\\\/\\\/www.isletasnoticias.com.ar\\\/%77%70%2d%63%6f%6e%74%65%6e%74\\\/uploads\\\/2014\\\/11\\\/o_1386893631-300x168.jpg\",\"articleSection\":[\"Entre R\u00edos\",\"Politica\"],\"inLanguage\":\"es\",\"potentialAction\":[{\"@type\":\"CommentAction\",\"name\":\"Comment\",\"target\":[\"https:\\\/\\\/informelitoral.com.ar\\\/que-provincias-daran-el-bono-de-fin-de-ano\\\/#respond\"]}]},{\"@type\":\"WebPage\",\"@id\":\"https:\\\/\\\/informelitoral.com.ar\\\/que-provincias-daran-el-bono-de-fin-de-ano\\\/\",\"url\":\"https:\\\/\\\/informelitoral.com.ar\\\/que-provincias-daran-el-bono-de-fin-de-ano\\\/\",\"name\":\"\u00bfQu\u00e9 Provincias dar\u00e1n el bono de fin de a\u00f1o? - Informe Litoral\",\"isPartOf\":{\"@id\":\"https:\\\/\\\/informelitoral.com.ar\\\/#website\"},\"primaryImageOfPage\":{\"@id\":\"https:\\\/\\\/informelitoral.com.ar\\\/que-provincias-daran-el-bono-de-fin-de-ano\\\/#primaryimage\"},\"image\":{\"@id\":\"https:\\\/\\\/informelitoral.com.ar\\\/que-provincias-daran-el-bono-de-fin-de-ano\\\/#primaryimage\"},\"thumbnailUrl\":\"http:\\\/\\\/www.isletasnoticias.com.ar\\\/%77%70%2d%63%6f%6e%74%65%6e%74\\\/uploads\\\/2014\\\/11\\\/o_1386893631-300x168.jpg\",\"datePublished\":\"2014-11-06T16:42:33+00:00\",\"breadcrumb\":{\"@id\":\"https:\\\/\\\/informelitoral.com.ar\\\/que-provincias-daran-el-bono-de-fin-de-ano\\\/#breadcrumb\"},\"inLanguage\":\"es\",\"potentialAction\":[{\"@type\":\"ReadAction\",\"target\":[\"https:\\\/\\\/informelitoral.com.ar\\\/que-provincias-daran-el-bono-de-fin-de-ano\\\/\"]}]},{\"@type\":\"ImageObject\",\"inLanguage\":\"es\",\"@id\":\"https:\\\/\\\/informelitoral.com.ar\\\/que-provincias-daran-el-bono-de-fin-de-ano\\\/#primaryimage\",\"url\":\"http:\\\/\\\/www.isletasnoticias.com.ar\\\/%77%70%2d%63%6f%6e%74%65%6e%74\\\/uploads\\\/2014\\\/11\\\/o_1386893631-300x168.jpg\",\"contentUrl\":\"http:\\\/\\\/www.isletasnoticias.com.ar\\\/%77%70%2d%63%6f%6e%74%65%6e%74\\\/uploads\\\/2014\\\/11\\\/o_1386893631-300x168.jpg\"},{\"@type\":\"BreadcrumbList\",\"@id\":\"https:\\\/\\\/informelitoral.com.ar\\\/que-provincias-daran-el-bono-de-fin-de-ano\\\/#breadcrumb\",\"itemListElement\":[{\"@type\":\"ListItem\",\"position\":1,\"name\":\"Portada\",\"item\":\"https:\\\/\\\/informelitoral.com.ar\\\/\"},{\"@type\":\"ListItem\",\"position\":2,\"name\":\"\u00bfQu\u00e9 Provincias dar\u00e1n el bono de fin de a\u00f1o?\"}]},{\"@type\":\"WebSite\",\"@id\":\"https:\\\/\\\/informelitoral.com.ar\\\/#website\",\"url\":\"https:\\\/\\\/informelitoral.com.ar\\\/\",\"name\":\"Informe Litoral\",\"description\":\"&quot;Nos informamos&quot; \",\"publisher\":{\"@id\":\"https:\\\/\\\/informelitoral.com.ar\\\/#organization\"},\"potentialAction\":[{\"@type\":\"SearchAction\",\"target\":{\"@type\":\"EntryPoint\",\"urlTemplate\":\"https:\\\/\\\/informelitoral.com.ar\\\/?s={search_term_string}\"},\"query-input\":{\"@type\":\"PropertyValueSpecification\",\"valueRequired\":true,\"valueName\":\"search_term_string\"}}],\"inLanguage\":\"es\"},{\"@type\":\"Organization\",\"@id\":\"https:\\\/\\\/informelitoral.com.ar\\\/#organization\",\"name\":\"Informe Litoral\",\"url\":\"https:\\\/\\\/informelitoral.com.ar\\\/\",\"logo\":{\"@type\":\"ImageObject\",\"inLanguage\":\"es\",\"@id\":\"https:\\\/\\\/informelitoral.com.ar\\\/#\\\/schema\\\/logo\\\/image\\\/\",\"url\":\"https:\\\/\\\/informelitoral.com.ar\\\/%77%70%2d%63%6f%6e%74%65%6e%74\\\/uploads\\\/2021\\\/01\\\/circulo.png\",\"contentUrl\":\"https:\\\/\\\/informelitoral.com.ar\\\/%77%70%2d%63%6f%6e%74%65%6e%74\\\/uploads\\\/2021\\\/01\\\/circulo.png\",\"width\":723,\"height\":731,\"caption\":\"Informe Litoral\"},\"image\":{\"@id\":\"https:\\\/\\\/informelitoral.com.ar\\\/#\\\/schema\\\/logo\\\/image\\\/\"},\"sameAs\":[\"https:\\\/\\\/www.facebook.com\\\/informelitoral\\\/\",\"https:\\\/\\\/x.com\\\/InformeLitoral\",\"https:\\\/\\\/www.instagram.com\\\/informelitoral\\\/\",\"https:\\\/\\\/www.youtube.com\\\/channel\\\/UCua4Qvz8Icb6MYqhoq9xLXw\"]},{\"@type\":\"Person\",\"@id\":\"https:\\\/\\\/informelitoral.com.ar\\\/#\\\/schema\\\/person\\\/b9d00407c836482871ef1d57bf8e3180\",\"name\":\"Gonzalo Schmidt\",\"image\":{\"@type\":\"ImageObject\",\"inLanguage\":\"es\",\"@id\":\"https:\\\/\\\/secure.gravatar.com\\\/avatar\\\/31a1a7b66ff2de83bd0e9fd79d026630d2d99e55e8bfe501287647b4fd9743de?s=96&d=mm&r=g\",\"url\":\"https:\\\/\\\/secure.gravatar.com\\\/avatar\\\/31a1a7b66ff2de83bd0e9fd79d026630d2d99e55e8bfe501287647b4fd9743de?s=96&d=mm&r=g\",\"contentUrl\":\"https:\\\/\\\/secure.gravatar.com\\\/avatar\\\/31a1a7b66ff2de83bd0e9fd79d026630d2d99e55e8bfe501287647b4fd9743de?s=96&d=mm&r=g\",\"caption\":\"Gonzalo Schmidt\"},\"description\":\"Sitio web de noticias de la provincia de Entre R\u00edos, Argentina. Informaci\u00f3n y entretenimiento. Informe Litoral, nos informamos.\",\"sameAs\":[\"http:\\\/\\\/www.isletasnoticias.com.ar\"],\"url\":\"https:\\\/\\\/informelitoral.com.ar\\\/author\\\/gonzalo\\\/\"}]}<\/script>","yoast_head_json":{"title":"\u00bfQu\u00e9 Provincias dar\u00e1n el bono de fin de a\u00f1o? - Informe Litoral","robots":{"index":"index","follow":"follow","max-snippet":"max-snippet:-1","max-image-preview":"max-image-preview:large","max-video-preview":"max-video-preview:-1"},"canonical":"https:\/\/informelitoral.com.ar\/que-provincias-daran-el-bono-de-fin-de-ano\/","og_locale":"es_ES","og_type":"article","og_title":"\u00bfQu\u00e9 Provincias dar\u00e1n el bono de fin de a\u00f1o? - Informe Litoral","og_description":"Hasta el momento s&oacute;lo 10 gobernadores premiar&aacute;n a los empleados del Estado, seg&uacute;n un repaso por las 23 provincias que pagan o no la gratificaci&oacute;n extra para los estatales. Naci&oacute;n descart&oacute; dar bono y deleg&oacute; decisi&oacute;n en Provincias. Detalles. En todo el pa&iacute;s los gremios pidieron un bono de fin de a&ntilde;o para hacer frente [&hellip;]","og_url":"https:\/\/informelitoral.com.ar\/que-provincias-daran-el-bono-de-fin-de-ano\/","og_site_name":"Informe Litoral","article_publisher":"https:\/\/www.facebook.com\/informelitoral\/","article_published_time":"2014-11-06T16:42:33+00:00","og_image":[{"width":640,"height":360,"url":"https:\/\/informelitoral.com.ar\/%77%70%2d%63%6f%6e%74%65%6e%74\/uploads\/2014\/11\/o_1386893631.jpg","type":"image\/jpeg"}],"author":"Gonzalo Schmidt","twitter_card":"summary_large_image","twitter_creator":"@InformeLitoral","twitter_site":"@InformeLitoral","twitter_misc":{"Escrito por":"Gonzalo Schmidt","Tiempo de lectura":"6 minutos"},"schema":{"@context":"https:\/\/schema.org","@graph":[{"@type":"Article","@id":"https:\/\/informelitoral.com.ar\/que-provincias-daran-el-bono-de-fin-de-ano\/#article","isPartOf":{"@id":"https:\/\/informelitoral.com.ar\/que-provincias-daran-el-bono-de-fin-de-ano\/"},"author":{"name":"Gonzalo Schmidt","@id":"https:\/\/informelitoral.com.ar\/#\/schema\/person\/b9d00407c836482871ef1d57bf8e3180"},"headline":"\u00bfQu\u00e9 Provincias dar\u00e1n el bono de fin de a\u00f1o?","datePublished":"2014-11-06T16:42:33+00:00","mainEntityOfPage":{"@id":"https:\/\/informelitoral.com.ar\/que-provincias-daran-el-bono-de-fin-de-ano\/"},"wordCount":1111,"commentCount":0,"publisher":{"@id":"https:\/\/informelitoral.com.ar\/#organization"},"image":{"@id":"https:\/\/informelitoral.com.ar\/que-provincias-daran-el-bono-de-fin-de-ano\/#primaryimage"},"thumbnailUrl":"http:\/\/www.isletasnoticias.com.ar\/%77%70%2d%63%6f%6e%74%65%6e%74\/uploads\/2014\/11\/o_1386893631-300x168.jpg","articleSection":["Entre R\u00edos","Politica"],"inLanguage":"es","potentialAction":[{"@type":"CommentAction","name":"Comment","target":["https:\/\/informelitoral.com.ar\/que-provincias-daran-el-bono-de-fin-de-ano\/#respond"]}]},{"@type":"WebPage","@id":"https:\/\/informelitoral.com.ar\/que-provincias-daran-el-bono-de-fin-de-ano\/","url":"https:\/\/informelitoral.com.ar\/que-provincias-daran-el-bono-de-fin-de-ano\/","name":"\u00bfQu\u00e9 Provincias dar\u00e1n el bono de fin de a\u00f1o? - Informe Litoral","isPartOf":{"@id":"https:\/\/informelitoral.com.ar\/#website"},"primaryImageOfPage":{"@id":"https:\/\/informelitoral.com.ar\/que-provincias-daran-el-bono-de-fin-de-ano\/#primaryimage"},"image":{"@id":"https:\/\/informelitoral.com.ar\/que-provincias-daran-el-bono-de-fin-de-ano\/#primaryimage"},"thumbnailUrl":"http:\/\/www.isletasnoticias.com.ar\/%77%70%2d%63%6f%6e%74%65%6e%74\/uploads\/2014\/11\/o_1386893631-300x168.jpg","datePublished":"2014-11-06T16:42:33+00:00","breadcrumb":{"@id":"https:\/\/informelitoral.com.ar\/que-provincias-daran-el-bono-de-fin-de-ano\/#breadcrumb"},"inLanguage":"es","potentialAction":[{"@type":"ReadAction","target":["https:\/\/informelitoral.com.ar\/que-provincias-daran-el-bono-de-fin-de-ano\/"]}]},{"@type":"ImageObject","inLanguage":"es","@id":"https:\/\/informelitoral.com.ar\/que-provincias-daran-el-bono-de-fin-de-ano\/#primaryimage","url":"http:\/\/www.isletasnoticias.com.ar\/%77%70%2d%63%6f%6e%74%65%6e%74\/uploads\/2014\/11\/o_1386893631-300x168.jpg","contentUrl":"http:\/\/www.isletasnoticias.com.ar\/%77%70%2d%63%6f%6e%74%65%6e%74\/uploads\/2014\/11\/o_1386893631-300x168.jpg"},{"@type":"BreadcrumbList","@id":"https:\/\/informelitoral.com.ar\/que-provincias-daran-el-bono-de-fin-de-ano\/#breadcrumb","itemListElement":[{"@type":"ListItem","position":1,"name":"Portada","item":"https:\/\/informelitoral.com.ar\/"},{"@type":"ListItem","position":2,"name":"\u00bfQu\u00e9 Provincias dar\u00e1n el bono de fin de a\u00f1o?"}]},{"@type":"WebSite","@id":"https:\/\/informelitoral.com.ar\/#website","url":"https:\/\/informelitoral.com.ar\/","name":"Informe Litoral","description":"&quot;Nos informamos&quot; ","publisher":{"@id":"https:\/\/informelitoral.com.ar\/#organization"},"potentialAction":[{"@type":"SearchAction","target":{"@type":"EntryPoint","urlTemplate":"https:\/\/informelitoral.com.ar\/?s={search_term_string}"},"query-input":{"@type":"PropertyValueSpecification","valueRequired":true,"valueName":"search_term_string"}}],"inLanguage":"es"},{"@type":"Organization","@id":"https:\/\/informelitoral.com.ar\/#organization","name":"Informe Litoral","url":"https:\/\/informelitoral.com.ar\/","logo":{"@type":"ImageObject","inLanguage":"es","@id":"https:\/\/informelitoral.com.ar\/#\/schema\/logo\/image\/","url":"https:\/\/informelitoral.com.ar\/%77%70%2d%63%6f%6e%74%65%6e%74\/uploads\/2021\/01\/circulo.png","contentUrl":"https:\/\/informelitoral.com.ar\/%77%70%2d%63%6f%6e%74%65%6e%74\/uploads\/2021\/01\/circulo.png","width":723,"height":731,"caption":"Informe Litoral"},"image":{"@id":"https:\/\/informelitoral.com.ar\/#\/schema\/logo\/image\/"},"sameAs":["https:\/\/www.facebook.com\/informelitoral\/","https:\/\/x.com\/InformeLitoral","https:\/\/www.instagram.com\/informelitoral\/","https:\/\/www.youtube.com\/channel\/UCua4Qvz8Icb6MYqhoq9xLXw"]},{"@type":"Person","@id":"https:\/\/informelitoral.com.ar\/#\/schema\/person\/b9d00407c836482871ef1d57bf8e3180","name":"Gonzalo Schmidt","image":{"@type":"ImageObject","inLanguage":"es","@id":"https:\/\/secure.gravatar.com\/avatar\/31a1a7b66ff2de83bd0e9fd79d026630d2d99e55e8bfe501287647b4fd9743de?s=96&d=mm&r=g","url":"https:\/\/secure.gravatar.com\/avatar\/31a1a7b66ff2de83bd0e9fd79d026630d2d99e55e8bfe501287647b4fd9743de?s=96&d=mm&r=g","contentUrl":"https:\/\/secure.gravatar.com\/avatar\/31a1a7b66ff2de83bd0e9fd79d026630d2d99e55e8bfe501287647b4fd9743de?s=96&d=mm&r=g","caption":"Gonzalo Schmidt"},"description":"Sitio web de noticias de la provincia de Entre R\u00edos, Argentina. Informaci\u00f3n y entretenimiento. Informe Litoral, nos informamos.","sameAs":["http:\/\/www.isletasnoticias.com.ar"],"url":"https:\/\/informelitoral.com.ar\/author\/gonzalo\/"}]}},"_links":{"self":[{"href":"https:\/\/informelitoral.com.ar\/%77%70%2d%6a%73%6f%6e\/wp\/v2\/posts\/8859","targetHints":{"allow":["GET"]}}],"collection":[{"href":"https:\/\/informelitoral.com.ar\/%77%70%2d%6a%73%6f%6e\/wp\/v2\/posts"}],"about":[{"href":"https:\/\/informelitoral.com.ar\/%77%70%2d%6a%73%6f%6e\/wp\/v2\/types\/post"}],"author":[{"embeddable":true,"href":"https:\/\/informelitoral.com.ar\/%77%70%2d%6a%73%6f%6e\/wp\/v2\/users\/2"}],"replies":[{"embeddable":true,"href":"https:\/\/informelitoral.com.ar\/%77%70%2d%6a%73%6f%6e\/wp\/v2\/comments?post=8859"}],"version-history":[{"count":0,"href":"https:\/\/informelitoral.com.ar\/%77%70%2d%6a%73%6f%6e\/wp\/v2\/posts\/8859\/revisions"}],"wp:attachment":[{"href":"https:\/\/informelitoral.com.ar\/%77%70%2d%6a%73%6f%6e\/wp\/v2\/media?parent=8859"}],"wp:term":[{"taxonomy":"category","embeddable":true,"href":"https:\/\/informelitoral.com.ar\/%77%70%2d%6a%73%6f%6e\/wp\/v2\/categories?post=8859"},{"taxonomy":"post_tag","embeddable":true,"href":"https:\/\/informelitoral.com.ar\/%77%70%2d%6a%73%6f%6e\/wp\/v2\/tags?post=8859"}],"curies":[{"name":"wp","href":"https:\/\/api.w.org\/{rel}","templated":true}]}}