{"id":88566,"date":"2022-10-03T16:09:13","date_gmt":"2022-10-03T19:09:13","guid":{"rendered":"https:\/\/www.informelitoral.com.ar\/?p=88566"},"modified":"2022-10-03T16:09:13","modified_gmt":"2022-10-03T19:09:13","slug":"diamante-y-victoria-dieron-comienzo-a-las-instancias-departamentales-del-senado-juvenil","status":"publish","type":"post","link":"https:\/\/informelitoral.com.ar\/diamante-y-victoria-dieron-comienzo-a-las-instancias-departamentales-del-senado-juvenil\/","title":{"rendered":"Diamante y Victoria dieron comienzo a las instancias departamentales del Senado Juvenil"},"content":{"rendered":"<p>En un acto realizado en la ma\u00f1ana de este lunes en el recinto de la Honorable C\u00e1mara de Senadores de Entre R\u00edos, se dio apertura a las instancias departamentales del Senado Juvenil, el programa que durante este 2022 est\u00e1 cumpliendo 30 a\u00f1os de vigencia.<\/p>\n<p>En esta instancia, se van a debatir 18 proyectos de los 230 que se presentaron desde escuelas de todos los departamentos de la provincia. En este primer d\u00eda, exponen sus producciones las escuelas de Diamante y Victoria.<\/p>\n<p><a href=\"https:\/\/www.informelitoral.com.ar\/%77%70%2d%63%6f%6e%74%65%6e%74\/uploads\/2022\/10\/e20462de-9848-77f0-b6d6-6ae34d8dae09.jpg\"><img loading=\"lazy\" decoding=\"async\" class=\"aligncenter wp-image-88570 size-full\" src=\"https:\/\/www.informelitoral.com.ar\/%77%70%2d%63%6f%6e%74%65%6e%74\/uploads\/2022\/10\/e20462de-9848-77f0-b6d6-6ae34d8dae09.jpg\" alt=\"\" width=\"2048\" height=\"1366\" srcset=\"https:\/\/informelitoral.com.ar\/%77%70%2d%63%6f%6e%74%65%6e%74\/uploads\/2022\/10\/e20462de-9848-77f0-b6d6-6ae34d8dae09.jpg 2048w, https:\/\/informelitoral.com.ar\/%77%70%2d%63%6f%6e%74%65%6e%74\/uploads\/2022\/10\/e20462de-9848-77f0-b6d6-6ae34d8dae09-300x200.jpg 300w, https:\/\/informelitoral.com.ar\/%77%70%2d%63%6f%6e%74%65%6e%74\/uploads\/2022\/10\/e20462de-9848-77f0-b6d6-6ae34d8dae09-1024x683.jpg 1024w, https:\/\/informelitoral.com.ar\/%77%70%2d%63%6f%6e%74%65%6e%74\/uploads\/2022\/10\/e20462de-9848-77f0-b6d6-6ae34d8dae09-768x512.jpg 768w, https:\/\/informelitoral.com.ar\/%77%70%2d%63%6f%6e%74%65%6e%74\/uploads\/2022\/10\/e20462de-9848-77f0-b6d6-6ae34d8dae09-1536x1025.jpg 1536w, https:\/\/informelitoral.com.ar\/%77%70%2d%63%6f%6e%74%65%6e%74\/uploads\/2022\/10\/e20462de-9848-77f0-b6d6-6ae34d8dae09-696x464.jpg 696w, https:\/\/informelitoral.com.ar\/%77%70%2d%63%6f%6e%74%65%6e%74\/uploads\/2022\/10\/e20462de-9848-77f0-b6d6-6ae34d8dae09-1068x712.jpg 1068w, https:\/\/informelitoral.com.ar\/%77%70%2d%63%6f%6e%74%65%6e%74\/uploads\/2022\/10\/e20462de-9848-77f0-b6d6-6ae34d8dae09-1920x1281.jpg 1920w, https:\/\/informelitoral.com.ar\/%77%70%2d%63%6f%6e%74%65%6e%74\/uploads\/2022\/10\/e20462de-9848-77f0-b6d6-6ae34d8dae09-630x420.jpg 630w\" sizes=\"auto, (max-width: 2048px) 100vw, 2048px\" \/><\/a><\/p>\n<p>El acto cont\u00f3 con la presencia de la vicegobernadora <strong>Laura Stratta<\/strong>, los senadores departamentales de Diamante <strong>Claudia Gieco,<\/strong> de Victoria<strong> Gast\u00f3n Bagnat<\/strong>, el presidente del CGE <strong>Mart\u00edn M\u00fcller,<\/strong> la subsecretaria de la Juventud <strong>Brenda Ullman<\/strong>, adem\u00e1s de <strong>Claudia Pereyra,<\/strong> directora departamental de Escuelas de Victoria, <strong>Omar Osuna<\/strong> supervisor de Escuelas Secundarias y <strong>Florencia Beck<\/strong>, coordinadora del Senado Juvenil.<\/p>\n<p>Al dar la bienvenida a esta nueva instancia, la vicegobernadora Laura Stratta enfatiz\u00f3 que esta es una fecha muy especial ya que \u201ccumplimos 30 a\u00f1os interrumpidos en el que este programa promueve justamente la participaci\u00f3n de nuestros estudiantes para que puedan venir y presentar sus proyectos, defender sus ideas, debatir y comprometerse con la realidad\u201d.<\/p>\n<p><a href=\"https:\/\/www.informelitoral.com.ar\/%77%70%2d%63%6f%6e%74%65%6e%74\/uploads\/2022\/10\/81db2edc-8ce6-97b6-56b0-416b5573bd4f.jpg\"><img loading=\"lazy\" decoding=\"async\" class=\"aligncenter wp-image-88569 size-full\" src=\"https:\/\/www.informelitoral.com.ar\/%77%70%2d%63%6f%6e%74%65%6e%74\/uploads\/2022\/10\/81db2edc-8ce6-97b6-56b0-416b5573bd4f.jpg\" alt=\"\" width=\"2048\" height=\"1365\" srcset=\"https:\/\/informelitoral.com.ar\/%77%70%2d%63%6f%6e%74%65%6e%74\/uploads\/2022\/10\/81db2edc-8ce6-97b6-56b0-416b5573bd4f.jpg 2048w, https:\/\/informelitoral.com.ar\/%77%70%2d%63%6f%6e%74%65%6e%74\/uploads\/2022\/10\/81db2edc-8ce6-97b6-56b0-416b5573bd4f-300x200.jpg 300w, https:\/\/informelitoral.com.ar\/%77%70%2d%63%6f%6e%74%65%6e%74\/uploads\/2022\/10\/81db2edc-8ce6-97b6-56b0-416b5573bd4f-1024x683.jpg 1024w, https:\/\/informelitoral.com.ar\/%77%70%2d%63%6f%6e%74%65%6e%74\/uploads\/2022\/10\/81db2edc-8ce6-97b6-56b0-416b5573bd4f-768x512.jpg 768w, https:\/\/informelitoral.com.ar\/%77%70%2d%63%6f%6e%74%65%6e%74\/uploads\/2022\/10\/81db2edc-8ce6-97b6-56b0-416b5573bd4f-1536x1024.jpg 1536w, https:\/\/informelitoral.com.ar\/%77%70%2d%63%6f%6e%74%65%6e%74\/uploads\/2022\/10\/81db2edc-8ce6-97b6-56b0-416b5573bd4f-696x464.jpg 696w, https:\/\/informelitoral.com.ar\/%77%70%2d%63%6f%6e%74%65%6e%74\/uploads\/2022\/10\/81db2edc-8ce6-97b6-56b0-416b5573bd4f-1068x712.jpg 1068w, https:\/\/informelitoral.com.ar\/%77%70%2d%63%6f%6e%74%65%6e%74\/uploads\/2022\/10\/81db2edc-8ce6-97b6-56b0-416b5573bd4f-1920x1280.jpg 1920w, https:\/\/informelitoral.com.ar\/%77%70%2d%63%6f%6e%74%65%6e%74\/uploads\/2022\/10\/81db2edc-8ce6-97b6-56b0-416b5573bd4f-630x420.jpg 630w\" sizes=\"auto, (max-width: 2048px) 100vw, 2048px\" \/><\/a><\/p>\n<p>\u201cHan sido much\u00edsimos a\u00f1os y han sido much\u00edsimos vicegobernadores, senadoras y senadores, estudiantes. Por eso me parece que hoy tenemos que reivindicar y rendirles un homenaje a todas y todos los que han pasado por aqu\u00ed defendiendo sus ideas y haciendo posible que el Senado Juvenil tenga vigencia y se mantenga\u201d, dijo Stratta para hacer notar que \u201csobre todo se ha mantenido porque hemos tenido estudiantes comprometidos\u201d.<\/p>\n<p>Tras mencionar la cantidad de iniciativas que llegaron a ser leyes a partir de proyectos del Senado Juvenil, la Vicegobernadora resalt\u00f3 que \u00e9stas se trabajaron \u201cen el marco del debate de ideas respetuoso que debemos hacer siempre en esta casa que es la representaci\u00f3n del debate en democracia\u201d.<\/p>\n<p>\u201cCon el gobernador Gustavo Bordet coincidimos en que la democracia siempre va a ser mejor cuando hay participaci\u00f3n y el Senado Juvenil es un programa de que estimula la participaci\u00f3n y de alguna manera sintetiza los valores de la democracia. La democracia siempre va a ser mejor cuantas m\u00e1s personas nos comprometamos y participemos\u201d, subray\u00f3.<\/p>\n<p>Asimismo, se\u00f1al\u00f3 que \u201cla pol\u00edtica a veces tiene mala prensa y yo creo que la pol\u00edtica repara y transforma y nunca nos tenemos que quedar con lo que algunas pol\u00edticas y pol\u00edticos hacen mal, siempre tenemos que entender que la \u00fanica manera que tenemos para transformar la realidad es la pol\u00edtica, y la \u00fanica manera que tenemos de sostenerla y transformar la realidad para hacerla un poco mejor cada d\u00eda es la democracia, a la cual defendemos con participaci\u00f3n como lo est\u00e1n haciendo ustedes\u201d, dijo y felicit\u00f3 a las escuelas, alumnos, docentes y el equipo del Senado Juvenil por el trabajo en equipo.<\/p>\n<p><a href=\"https:\/\/www.informelitoral.com.ar\/%77%70%2d%63%6f%6e%74%65%6e%74\/uploads\/2022\/10\/53b76ac5-01fe-0601-35b8-e4ebf94b5dac.jpg\"><img loading=\"lazy\" decoding=\"async\" class=\"aligncenter wp-image-88568 size-full\" src=\"https:\/\/www.informelitoral.com.ar\/%77%70%2d%63%6f%6e%74%65%6e%74\/uploads\/2022\/10\/53b76ac5-01fe-0601-35b8-e4ebf94b5dac.jpg\" alt=\"\" width=\"2048\" height=\"1366\" srcset=\"https:\/\/informelitoral.com.ar\/%77%70%2d%63%6f%6e%74%65%6e%74\/uploads\/2022\/10\/53b76ac5-01fe-0601-35b8-e4ebf94b5dac.jpg 2048w, https:\/\/informelitoral.com.ar\/%77%70%2d%63%6f%6e%74%65%6e%74\/uploads\/2022\/10\/53b76ac5-01fe-0601-35b8-e4ebf94b5dac-300x200.jpg 300w, https:\/\/informelitoral.com.ar\/%77%70%2d%63%6f%6e%74%65%6e%74\/uploads\/2022\/10\/53b76ac5-01fe-0601-35b8-e4ebf94b5dac-1024x683.jpg 1024w, https:\/\/informelitoral.com.ar\/%77%70%2d%63%6f%6e%74%65%6e%74\/uploads\/2022\/10\/53b76ac5-01fe-0601-35b8-e4ebf94b5dac-768x512.jpg 768w, https:\/\/informelitoral.com.ar\/%77%70%2d%63%6f%6e%74%65%6e%74\/uploads\/2022\/10\/53b76ac5-01fe-0601-35b8-e4ebf94b5dac-1536x1025.jpg 1536w, https:\/\/informelitoral.com.ar\/%77%70%2d%63%6f%6e%74%65%6e%74\/uploads\/2022\/10\/53b76ac5-01fe-0601-35b8-e4ebf94b5dac-696x464.jpg 696w, https:\/\/informelitoral.com.ar\/%77%70%2d%63%6f%6e%74%65%6e%74\/uploads\/2022\/10\/53b76ac5-01fe-0601-35b8-e4ebf94b5dac-1068x712.jpg 1068w, https:\/\/informelitoral.com.ar\/%77%70%2d%63%6f%6e%74%65%6e%74\/uploads\/2022\/10\/53b76ac5-01fe-0601-35b8-e4ebf94b5dac-1920x1281.jpg 1920w, https:\/\/informelitoral.com.ar\/%77%70%2d%63%6f%6e%74%65%6e%74\/uploads\/2022\/10\/53b76ac5-01fe-0601-35b8-e4ebf94b5dac-630x420.jpg 630w\" sizes=\"auto, (max-width: 2048px) 100vw, 2048px\" \/><\/a><\/p>\n<p>Por su parte, la senadora Claudia Gieco, tras agradecer y felicitar a las y los participantes del departamento Diamante, expres\u00f3: \u201cUstedes realmente son grandes hacedores de ideas. Por ah\u00ed quienes ya tenemos muchos a\u00f1os en la pol\u00edtica, en la funci\u00f3n, en la gesti\u00f3n, suponemos que sabemos un mont\u00f3n y cuando nos encontramos con ustedes y vemos las ideas de ustedes indudablemente nos damos cuenta de que siempre hay algo para aprender, siempre hay algo desconocido que ustedes nos traen para que lo abordemos\u201d.<\/p>\n<p>Su par de Victoria, el senador Gast\u00f3n Bagnat, destac\u00f3 a la figura de la Vicegobernadora \u201cpor haber creado este clima y de que a pesar de que venimos de fuerzas pol\u00edticas distintas se puede manejar la relaci\u00f3n pol\u00edtica y legislativa con respeto, con educaci\u00f3n, con alegr\u00eda\u201d.<\/p>\n<p>Consider\u00f3 que le gustar\u00eda que quienes participan de esta edici\u00f3n del programa se lleven ese mensaje, dijo y en ese sentido remarc\u00f3 que \u201cabordar las diferencias con respeto es el denominador com\u00fan de esta gesti\u00f3n\u201d.<\/p>\n<p>Eso le dio pie para felicitar al Senado Juvenil por mantener esta iniciativa durante 30 a\u00f1os.<\/p>\n<p>A su turno, el presidente del CGE, Mart\u00edn M\u00fcller, felicit\u00f3 a las y los participantes, a los equipos docentes por acompa\u00f1arlos y precis\u00f3 que esta din\u00e1mica de trabajo que imprime el Senado Juvenil \u201ces la manera que queremos que se trabaje en las escuelas secundarias, interdisciplinariamente y en contacto con problem\u00e1ticas que a ustedes les preocupan y quieren desarrollar, para formarse como ciudadanos y en definitiva ir construyendo el camino que los va a llevar el d\u00eda que terminen la escuela a ser personas plenas, con libertad, y felices\u201d.<\/p>\n<p>En tanto, la subsecretaria de la Juventud Brenda Ullman remarc\u00f3 la importancia \u201cseguir generando estos espacios, y cuidarlos. Porque son espacios que promueven que sigamos trabajando en democracia\u201d, sostuvo destacando la posibilidad que proponen los participantes de \u201cponer en valor las realidades de cada uno de los departamentos de nuestra provincia\u201d.<\/p>\n<p>Por su parte, Florencia Beck como coordinadora del Senado Juvenil, tras saludar a las autoridades presentes, felicit\u00f3 a las y los estudiantes \u201cque se animaron a participar con sus proyectos\u201d. \u201cSon los primeros en abrir esta instancia que para nosotros es muy importante porque es la edici\u00f3n N\u00b0 30\u201d, enfatiz\u00f3 y los alent\u00f3 a que disfruten de este espacio.<\/p>\n<p><strong>Participantes<\/strong><\/p>\n<p>De Diamante, las siguientes instituciones: Instituto Adventista del Plata, instituto D- 176 Madre de Jes\u00fas, Escuela secundaria 9 Mar\u00eda de la Cruz Escalante, EEAT N\u00b0153 Horacio Mann, Escuela Secundaria N\u00b0 11 Agust\u00edn de la Tijera, Escuela Secundaria N 10 David Garc\u00eda, Jes\u00fas de Nazaret D 129 y Escuela Secundaria N\u00b0 14 Martin G\u00fcemes.<\/p>\n<p>De Victoria, las siguiente institucionales: Escuela Secundaria N\u00b06 General JJ DE Urquiza, Secundaria N\u00b015 Don Antonio Casanova, Escuela N\u00b09 Juan Ram\u00f3n Turano, Escuela N\u00b026 Leandro N AleM, Escuela Secundaria N\u00b0 10 Joaqu\u00edn Vivanco, Escuela Secundaria N\u00b0 11 Valentina Paz, Escuela Secundaria N\u00b013 Adolfo Mittelman.<\/p>\n","protected":false},"excerpt":{"rendered":"<p>Con la participaci\u00f3n de estudiantes de Diamante y Victoria, se dio inicio a esta nueva etapa del Senado Juvenil en la cual se van a debatir 18 proyectos de los 230 que se presentaron desde escuelas de todos los departamentos de la provincia. \u201cLa democracia siempre va a ser mejor cuando hay participaci\u00f3n\u201d, resalt\u00f3 la vicegobernadora Laura Stratta<\/p>\n","protected":false},"author":8,"featured_media":88567,"comment_status":"open","ping_status":"open","sticky":false,"template":"","format":"standard","meta":{"fifu_image_url":"","fifu_image_alt":"","footnotes":""},"categories":[16],"tags":[1385,1559,287,464,1550],"class_list":{"0":"post-88566","1":"post","2":"type-post","3":"status-publish","4":"format-standard","5":"has-post-thumbnail","7":"category-politi","8":"tag-departamento-diamante","9":"tag-departamento-victoria","10":"tag-legislativas","11":"tag-senado","12":"tag-senado-juvenil"},"yoast_head":"<title>Diamante y Victoria dieron comienzo a las instancias departamentales del Senado Juvenil - Informe Litoral<\/title>\n<meta name=\"robots\" content=\"index, follow, max-snippet:-1, max-image-preview:large, max-video-preview:-1\" \/>\n<link rel=\"canonical\" href=\"https:\/\/informelitoral.com.ar\/diamante-y-victoria-dieron-comienzo-a-las-instancias-departamentales-del-senado-juvenil\/\" \/>\n<meta property=\"og:locale\" content=\"es_ES\" \/>\n<meta property=\"og:type\" content=\"article\" \/>\n<meta property=\"og:title\" content=\"Diamante y Victoria dieron comienzo a las instancias departamentales del Senado Juvenil - Informe Litoral\" \/>\n<meta property=\"og:description\" content=\"Con la participaci\u00f3n de estudiantes de Diamante y Victoria, se dio inicio a esta nueva etapa del Senado Juvenil en la cual se van a debatir 18 proyectos de los 230 que se presentaron desde escuelas de todos los departamentos de la provincia. \u201cLa democracia siempre va a ser mejor cuando hay participaci\u00f3n\u201d, resalt\u00f3 la vicegobernadora Laura Stratta\" \/>\n<meta property=\"og:url\" content=\"https:\/\/informelitoral.com.ar\/diamante-y-victoria-dieron-comienzo-a-las-instancias-departamentales-del-senado-juvenil\/\" \/>\n<meta property=\"og:site_name\" content=\"Informe Litoral\" \/>\n<meta property=\"article:publisher\" content=\"https:\/\/www.facebook.com\/informelitoral\/\" \/>\n<meta property=\"article:published_time\" content=\"2022-10-03T19:09:13+00:00\" \/>\n<meta property=\"og:image\" content=\"https:\/\/informelitoral.com.ar\/%77%70%2d%63%6f%6e%74%65%6e%74\/uploads\/2022\/10\/8c3eaab9-e506-e8cc-a693-78c6188bd142.jpg\" \/>\n\t<meta property=\"og:image:width\" content=\"2048\" \/>\n\t<meta property=\"og:image:height\" content=\"1366\" \/>\n\t<meta property=\"og:image:type\" content=\"image\/jpeg\" \/>\n<meta name=\"author\" content=\"Sebastian\" \/>\n<meta name=\"twitter:card\" content=\"summary_large_image\" \/>\n<meta name=\"twitter:creator\" content=\"@InformeLitoral\" \/>\n<meta name=\"twitter:site\" content=\"@InformeLitoral\" \/>\n<meta name=\"twitter:label1\" content=\"Escrito por\" \/>\n\t<meta name=\"twitter:data1\" content=\"Sebastian\" \/>\n\t<meta name=\"twitter:label2\" content=\"Tiempo de lectura\" \/>\n\t<meta name=\"twitter:data2\" content=\"5 minutos\" \/>\n<script type=\"application\/ld+json\" class=\"yoast-schema-graph\">{\"@context\":\"https:\\\/\\\/schema.org\",\"@graph\":[{\"@type\":\"Article\",\"@id\":\"https:\\\/\\\/informelitoral.com.ar\\\/diamante-y-victoria-dieron-comienzo-a-las-instancias-departamentales-del-senado-juvenil\\\/#article\",\"isPartOf\":{\"@id\":\"https:\\\/\\\/informelitoral.com.ar\\\/diamante-y-victoria-dieron-comienzo-a-las-instancias-departamentales-del-senado-juvenil\\\/\"},\"author\":{\"name\":\"Sebastian\",\"@id\":\"https:\\\/\\\/informelitoral.com.ar\\\/#\\\/schema\\\/person\\\/f05f9f461677119578717524b127d6d5\"},\"headline\":\"Diamante y Victoria dieron comienzo a las instancias departamentales del Senado Juvenil\",\"datePublished\":\"2022-10-03T19:09:13+00:00\",\"mainEntityOfPage\":{\"@id\":\"https:\\\/\\\/informelitoral.com.ar\\\/diamante-y-victoria-dieron-comienzo-a-las-instancias-departamentales-del-senado-juvenil\\\/\"},\"wordCount\":999,\"commentCount\":0,\"publisher\":{\"@id\":\"https:\\\/\\\/informelitoral.com.ar\\\/#organization\"},\"image\":{\"@id\":\"https:\\\/\\\/informelitoral.com.ar\\\/diamante-y-victoria-dieron-comienzo-a-las-instancias-departamentales-del-senado-juvenil\\\/#primaryimage\"},\"thumbnailUrl\":\"https:\\\/\\\/informelitoral.com.ar\\\/%77%70%2d%63%6f%6e%74%65%6e%74\\\/uploads\\\/2022\\\/10\\\/8c3eaab9-e506-e8cc-a693-78c6188bd142.jpg\",\"keywords\":[\"Departamento Diamante\",\"Departamento Victoria\",\"Legislativas\",\"Senado\",\"Senado Juvenil\"],\"articleSection\":[\"Politica\"],\"inLanguage\":\"es\",\"potentialAction\":[{\"@type\":\"CommentAction\",\"name\":\"Comment\",\"target\":[\"https:\\\/\\\/informelitoral.com.ar\\\/diamante-y-victoria-dieron-comienzo-a-las-instancias-departamentales-del-senado-juvenil\\\/#respond\"]}]},{\"@type\":\"WebPage\",\"@id\":\"https:\\\/\\\/informelitoral.com.ar\\\/diamante-y-victoria-dieron-comienzo-a-las-instancias-departamentales-del-senado-juvenil\\\/\",\"url\":\"https:\\\/\\\/informelitoral.com.ar\\\/diamante-y-victoria-dieron-comienzo-a-las-instancias-departamentales-del-senado-juvenil\\\/\",\"name\":\"Diamante y Victoria dieron comienzo a las instancias departamentales del Senado Juvenil - Informe Litoral\",\"isPartOf\":{\"@id\":\"https:\\\/\\\/informelitoral.com.ar\\\/#website\"},\"primaryImageOfPage\":{\"@id\":\"https:\\\/\\\/informelitoral.com.ar\\\/diamante-y-victoria-dieron-comienzo-a-las-instancias-departamentales-del-senado-juvenil\\\/#primaryimage\"},\"image\":{\"@id\":\"https:\\\/\\\/informelitoral.com.ar\\\/diamante-y-victoria-dieron-comienzo-a-las-instancias-departamentales-del-senado-juvenil\\\/#primaryimage\"},\"thumbnailUrl\":\"https:\\\/\\\/informelitoral.com.ar\\\/%77%70%2d%63%6f%6e%74%65%6e%74\\\/uploads\\\/2022\\\/10\\\/8c3eaab9-e506-e8cc-a693-78c6188bd142.jpg\",\"datePublished\":\"2022-10-03T19:09:13+00:00\",\"breadcrumb\":{\"@id\":\"https:\\\/\\\/informelitoral.com.ar\\\/diamante-y-victoria-dieron-comienzo-a-las-instancias-departamentales-del-senado-juvenil\\\/#breadcrumb\"},\"inLanguage\":\"es\",\"potentialAction\":[{\"@type\":\"ReadAction\",\"target\":[\"https:\\\/\\\/informelitoral.com.ar\\\/diamante-y-victoria-dieron-comienzo-a-las-instancias-departamentales-del-senado-juvenil\\\/\"]}]},{\"@type\":\"ImageObject\",\"inLanguage\":\"es\",\"@id\":\"https:\\\/\\\/informelitoral.com.ar\\\/diamante-y-victoria-dieron-comienzo-a-las-instancias-departamentales-del-senado-juvenil\\\/#primaryimage\",\"url\":\"https:\\\/\\\/informelitoral.com.ar\\\/%77%70%2d%63%6f%6e%74%65%6e%74\\\/uploads\\\/2022\\\/10\\\/8c3eaab9-e506-e8cc-a693-78c6188bd142.jpg\",\"contentUrl\":\"https:\\\/\\\/informelitoral.com.ar\\\/%77%70%2d%63%6f%6e%74%65%6e%74\\\/uploads\\\/2022\\\/10\\\/8c3eaab9-e506-e8cc-a693-78c6188bd142.jpg\",\"width\":2048,\"height\":1366},{\"@type\":\"BreadcrumbList\",\"@id\":\"https:\\\/\\\/informelitoral.com.ar\\\/diamante-y-victoria-dieron-comienzo-a-las-instancias-departamentales-del-senado-juvenil\\\/#breadcrumb\",\"itemListElement\":[{\"@type\":\"ListItem\",\"position\":1,\"name\":\"Portada\",\"item\":\"https:\\\/\\\/informelitoral.com.ar\\\/\"},{\"@type\":\"ListItem\",\"position\":2,\"name\":\"Diamante y Victoria dieron comienzo a las instancias departamentales del Senado Juvenil\"}]},{\"@type\":\"WebSite\",\"@id\":\"https:\\\/\\\/informelitoral.com.ar\\\/#website\",\"url\":\"https:\\\/\\\/informelitoral.com.ar\\\/\",\"name\":\"Informe Litoral\",\"description\":\"&quot;Nos informamos&quot; \",\"publisher\":{\"@id\":\"https:\\\/\\\/informelitoral.com.ar\\\/#organization\"},\"potentialAction\":[{\"@type\":\"SearchAction\",\"target\":{\"@type\":\"EntryPoint\",\"urlTemplate\":\"https:\\\/\\\/informelitoral.com.ar\\\/?s={search_term_string}\"},\"query-input\":{\"@type\":\"PropertyValueSpecification\",\"valueRequired\":true,\"valueName\":\"search_term_string\"}}],\"inLanguage\":\"es\"},{\"@type\":\"Organization\",\"@id\":\"https:\\\/\\\/informelitoral.com.ar\\\/#organization\",\"name\":\"Informe Litoral\",\"url\":\"https:\\\/\\\/informelitoral.com.ar\\\/\",\"logo\":{\"@type\":\"ImageObject\",\"inLanguage\":\"es\",\"@id\":\"https:\\\/\\\/informelitoral.com.ar\\\/#\\\/schema\\\/logo\\\/image\\\/\",\"url\":\"https:\\\/\\\/informelitoral.com.ar\\\/%77%70%2d%63%6f%6e%74%65%6e%74\\\/uploads\\\/2021\\\/01\\\/circulo.png\",\"contentUrl\":\"https:\\\/\\\/informelitoral.com.ar\\\/%77%70%2d%63%6f%6e%74%65%6e%74\\\/uploads\\\/2021\\\/01\\\/circulo.png\",\"width\":723,\"height\":731,\"caption\":\"Informe Litoral\"},\"image\":{\"@id\":\"https:\\\/\\\/informelitoral.com.ar\\\/#\\\/schema\\\/logo\\\/image\\\/\"},\"sameAs\":[\"https:\\\/\\\/www.facebook.com\\\/informelitoral\\\/\",\"https:\\\/\\\/x.com\\\/InformeLitoral\",\"https:\\\/\\\/www.instagram.com\\\/informelitoral\\\/\",\"https:\\\/\\\/www.youtube.com\\\/channel\\\/UCua4Qvz8Icb6MYqhoq9xLXw\"]},{\"@type\":\"Person\",\"@id\":\"https:\\\/\\\/informelitoral.com.ar\\\/#\\\/schema\\\/person\\\/f05f9f461677119578717524b127d6d5\",\"name\":\"Sebastian\",\"image\":{\"@type\":\"ImageObject\",\"inLanguage\":\"es\",\"@id\":\"https:\\\/\\\/secure.gravatar.com\\\/avatar\\\/b71bf7481d447dfb9583c7f2798e7cc64de6efb9067b74633ed8c31059a3bd82?s=96&d=mm&r=g\",\"url\":\"https:\\\/\\\/secure.gravatar.com\\\/avatar\\\/b71bf7481d447dfb9583c7f2798e7cc64de6efb9067b74633ed8c31059a3bd82?s=96&d=mm&r=g\",\"contentUrl\":\"https:\\\/\\\/secure.gravatar.com\\\/avatar\\\/b71bf7481d447dfb9583c7f2798e7cc64de6efb9067b74633ed8c31059a3bd82?s=96&d=mm&r=g\",\"caption\":\"Sebastian\"},\"url\":\"https:\\\/\\\/informelitoral.com.ar\\\/author\\\/sebastian\\\/\"}]}<\/script>","yoast_head_json":{"title":"Diamante y Victoria dieron comienzo a las instancias departamentales del Senado Juvenil - Informe Litoral","robots":{"index":"index","follow":"follow","max-snippet":"max-snippet:-1","max-image-preview":"max-image-preview:large","max-video-preview":"max-video-preview:-1"},"canonical":"https:\/\/informelitoral.com.ar\/diamante-y-victoria-dieron-comienzo-a-las-instancias-departamentales-del-senado-juvenil\/","og_locale":"es_ES","og_type":"article","og_title":"Diamante y Victoria dieron comienzo a las instancias departamentales del Senado Juvenil - Informe Litoral","og_description":"Con la participaci\u00f3n de estudiantes de Diamante y Victoria, se dio inicio a esta nueva etapa del Senado Juvenil en la cual se van a debatir 18 proyectos de los 230 que se presentaron desde escuelas de todos los departamentos de la provincia. \u201cLa democracia siempre va a ser mejor cuando hay participaci\u00f3n\u201d, resalt\u00f3 la vicegobernadora Laura Stratta","og_url":"https:\/\/informelitoral.com.ar\/diamante-y-victoria-dieron-comienzo-a-las-instancias-departamentales-del-senado-juvenil\/","og_site_name":"Informe Litoral","article_publisher":"https:\/\/www.facebook.com\/informelitoral\/","article_published_time":"2022-10-03T19:09:13+00:00","og_image":[{"width":2048,"height":1366,"url":"https:\/\/informelitoral.com.ar\/%77%70%2d%63%6f%6e%74%65%6e%74\/uploads\/2022\/10\/8c3eaab9-e506-e8cc-a693-78c6188bd142.jpg","type":"image\/jpeg"}],"author":"Sebastian","twitter_card":"summary_large_image","twitter_creator":"@InformeLitoral","twitter_site":"@InformeLitoral","twitter_misc":{"Escrito por":"Sebastian","Tiempo de lectura":"5 minutos"},"schema":{"@context":"https:\/\/schema.org","@graph":[{"@type":"Article","@id":"https:\/\/informelitoral.com.ar\/diamante-y-victoria-dieron-comienzo-a-las-instancias-departamentales-del-senado-juvenil\/#article","isPartOf":{"@id":"https:\/\/informelitoral.com.ar\/diamante-y-victoria-dieron-comienzo-a-las-instancias-departamentales-del-senado-juvenil\/"},"author":{"name":"Sebastian","@id":"https:\/\/informelitoral.com.ar\/#\/schema\/person\/f05f9f461677119578717524b127d6d5"},"headline":"Diamante y Victoria dieron comienzo a las instancias departamentales del Senado Juvenil","datePublished":"2022-10-03T19:09:13+00:00","mainEntityOfPage":{"@id":"https:\/\/informelitoral.com.ar\/diamante-y-victoria-dieron-comienzo-a-las-instancias-departamentales-del-senado-juvenil\/"},"wordCount":999,"commentCount":0,"publisher":{"@id":"https:\/\/informelitoral.com.ar\/#organization"},"image":{"@id":"https:\/\/informelitoral.com.ar\/diamante-y-victoria-dieron-comienzo-a-las-instancias-departamentales-del-senado-juvenil\/#primaryimage"},"thumbnailUrl":"https:\/\/informelitoral.com.ar\/%77%70%2d%63%6f%6e%74%65%6e%74\/uploads\/2022\/10\/8c3eaab9-e506-e8cc-a693-78c6188bd142.jpg","keywords":["Departamento Diamante","Departamento Victoria","Legislativas","Senado","Senado Juvenil"],"articleSection":["Politica"],"inLanguage":"es","potentialAction":[{"@type":"CommentAction","name":"Comment","target":["https:\/\/informelitoral.com.ar\/diamante-y-victoria-dieron-comienzo-a-las-instancias-departamentales-del-senado-juvenil\/#respond"]}]},{"@type":"WebPage","@id":"https:\/\/informelitoral.com.ar\/diamante-y-victoria-dieron-comienzo-a-las-instancias-departamentales-del-senado-juvenil\/","url":"https:\/\/informelitoral.com.ar\/diamante-y-victoria-dieron-comienzo-a-las-instancias-departamentales-del-senado-juvenil\/","name":"Diamante y Victoria dieron comienzo a las instancias departamentales del Senado Juvenil - Informe Litoral","isPartOf":{"@id":"https:\/\/informelitoral.com.ar\/#website"},"primaryImageOfPage":{"@id":"https:\/\/informelitoral.com.ar\/diamante-y-victoria-dieron-comienzo-a-las-instancias-departamentales-del-senado-juvenil\/#primaryimage"},"image":{"@id":"https:\/\/informelitoral.com.ar\/diamante-y-victoria-dieron-comienzo-a-las-instancias-departamentales-del-senado-juvenil\/#primaryimage"},"thumbnailUrl":"https:\/\/informelitoral.com.ar\/%77%70%2d%63%6f%6e%74%65%6e%74\/uploads\/2022\/10\/8c3eaab9-e506-e8cc-a693-78c6188bd142.jpg","datePublished":"2022-10-03T19:09:13+00:00","breadcrumb":{"@id":"https:\/\/informelitoral.com.ar\/diamante-y-victoria-dieron-comienzo-a-las-instancias-departamentales-del-senado-juvenil\/#breadcrumb"},"inLanguage":"es","potentialAction":[{"@type":"ReadAction","target":["https:\/\/informelitoral.com.ar\/diamante-y-victoria-dieron-comienzo-a-las-instancias-departamentales-del-senado-juvenil\/"]}]},{"@type":"ImageObject","inLanguage":"es","@id":"https:\/\/informelitoral.com.ar\/diamante-y-victoria-dieron-comienzo-a-las-instancias-departamentales-del-senado-juvenil\/#primaryimage","url":"https:\/\/informelitoral.com.ar\/%77%70%2d%63%6f%6e%74%65%6e%74\/uploads\/2022\/10\/8c3eaab9-e506-e8cc-a693-78c6188bd142.jpg","contentUrl":"https:\/\/informelitoral.com.ar\/%77%70%2d%63%6f%6e%74%65%6e%74\/uploads\/2022\/10\/8c3eaab9-e506-e8cc-a693-78c6188bd142.jpg","width":2048,"height":1366},{"@type":"BreadcrumbList","@id":"https:\/\/informelitoral.com.ar\/diamante-y-victoria-dieron-comienzo-a-las-instancias-departamentales-del-senado-juvenil\/#breadcrumb","itemListElement":[{"@type":"ListItem","position":1,"name":"Portada","item":"https:\/\/informelitoral.com.ar\/"},{"@type":"ListItem","position":2,"name":"Diamante y Victoria dieron comienzo a las instancias departamentales del Senado Juvenil"}]},{"@type":"WebSite","@id":"https:\/\/informelitoral.com.ar\/#website","url":"https:\/\/informelitoral.com.ar\/","name":"Informe Litoral","description":"&quot;Nos informamos&quot; ","publisher":{"@id":"https:\/\/informelitoral.com.ar\/#organization"},"potentialAction":[{"@type":"SearchAction","target":{"@type":"EntryPoint","urlTemplate":"https:\/\/informelitoral.com.ar\/?s={search_term_string}"},"query-input":{"@type":"PropertyValueSpecification","valueRequired":true,"valueName":"search_term_string"}}],"inLanguage":"es"},{"@type":"Organization","@id":"https:\/\/informelitoral.com.ar\/#organization","name":"Informe Litoral","url":"https:\/\/informelitoral.com.ar\/","logo":{"@type":"ImageObject","inLanguage":"es","@id":"https:\/\/informelitoral.com.ar\/#\/schema\/logo\/image\/","url":"https:\/\/informelitoral.com.ar\/%77%70%2d%63%6f%6e%74%65%6e%74\/uploads\/2021\/01\/circulo.png","contentUrl":"https:\/\/informelitoral.com.ar\/%77%70%2d%63%6f%6e%74%65%6e%74\/uploads\/2021\/01\/circulo.png","width":723,"height":731,"caption":"Informe Litoral"},"image":{"@id":"https:\/\/informelitoral.com.ar\/#\/schema\/logo\/image\/"},"sameAs":["https:\/\/www.facebook.com\/informelitoral\/","https:\/\/x.com\/InformeLitoral","https:\/\/www.instagram.com\/informelitoral\/","https:\/\/www.youtube.com\/channel\/UCua4Qvz8Icb6MYqhoq9xLXw"]},{"@type":"Person","@id":"https:\/\/informelitoral.com.ar\/#\/schema\/person\/f05f9f461677119578717524b127d6d5","name":"Sebastian","image":{"@type":"ImageObject","inLanguage":"es","@id":"https:\/\/secure.gravatar.com\/avatar\/b71bf7481d447dfb9583c7f2798e7cc64de6efb9067b74633ed8c31059a3bd82?s=96&d=mm&r=g","url":"https:\/\/secure.gravatar.com\/avatar\/b71bf7481d447dfb9583c7f2798e7cc64de6efb9067b74633ed8c31059a3bd82?s=96&d=mm&r=g","contentUrl":"https:\/\/secure.gravatar.com\/avatar\/b71bf7481d447dfb9583c7f2798e7cc64de6efb9067b74633ed8c31059a3bd82?s=96&d=mm&r=g","caption":"Sebastian"},"url":"https:\/\/informelitoral.com.ar\/author\/sebastian\/"}]}},"_links":{"self":[{"href":"https:\/\/informelitoral.com.ar\/%77%70%2d%6a%73%6f%6e\/wp\/v2\/posts\/88566","targetHints":{"allow":["GET"]}}],"collection":[{"href":"https:\/\/informelitoral.com.ar\/%77%70%2d%6a%73%6f%6e\/wp\/v2\/posts"}],"about":[{"href":"https:\/\/informelitoral.com.ar\/%77%70%2d%6a%73%6f%6e\/wp\/v2\/types\/post"}],"author":[{"embeddable":true,"href":"https:\/\/informelitoral.com.ar\/%77%70%2d%6a%73%6f%6e\/wp\/v2\/users\/8"}],"replies":[{"embeddable":true,"href":"https:\/\/informelitoral.com.ar\/%77%70%2d%6a%73%6f%6e\/wp\/v2\/comments?post=88566"}],"version-history":[{"count":0,"href":"https:\/\/informelitoral.com.ar\/%77%70%2d%6a%73%6f%6e\/wp\/v2\/posts\/88566\/revisions"}],"wp:featuredmedia":[{"embeddable":true,"href":"https:\/\/informelitoral.com.ar\/%77%70%2d%6a%73%6f%6e\/wp\/v2\/media\/88567"}],"wp:attachment":[{"href":"https:\/\/informelitoral.com.ar\/%77%70%2d%6a%73%6f%6e\/wp\/v2\/media?parent=88566"}],"wp:term":[{"taxonomy":"category","embeddable":true,"href":"https:\/\/informelitoral.com.ar\/%77%70%2d%6a%73%6f%6e\/wp\/v2\/categories?post=88566"},{"taxonomy":"post_tag","embeddable":true,"href":"https:\/\/informelitoral.com.ar\/%77%70%2d%6a%73%6f%6e\/wp\/v2\/tags?post=88566"}],"curies":[{"name":"wp","href":"https:\/\/api.w.org\/{rel}","templated":true}]}}