{"id":88513,"date":"2022-10-03T10:19:01","date_gmt":"2022-10-03T13:19:01","guid":{"rendered":"https:\/\/www.informelitoral.com.ar\/?p=88513"},"modified":"2022-10-03T20:21:43","modified_gmt":"2022-10-03T23:21:43","slug":"gran-concurrencia-al-acto-por-el-centenario-de-la-escuela-monteagudo","status":"publish","type":"post","link":"https:\/\/informelitoral.com.ar\/gran-concurrencia-al-acto-por-el-centenario-de-la-escuela-monteagudo\/","title":{"rendered":"Gran concurrencia al acto por el Centenario de la Escuela Monteagudo"},"content":{"rendered":"<p>Este domingo se realiz\u00f3 el acto por los festejos de los 100 a\u00f1os de la Escuela N\u00b026, Bernardo Monteagudo.<\/p>\n<p>La escuela rural, comenz\u00f3 a funcionar como escuela familiar varias d\u00e9cadas antes de 1922, pero fue en ese a\u00f1o se la comenz\u00f3 a mencionar por su nombre actual. Antes, fue conocida como la escuelita familiar, la escuelita de lo Alva, y posteriormente como escuelita de los Rome, donde recibi\u00f3 luego de unos a\u00f1os el nombre que hoy ostenta; logrando a fines de los 60 tener el edificio propio gracias a la ayuda de los vecinos que lo construyeron y donaron la parcela para establecerla.<\/p>\n<p>Durante el acto se descubrieron varias placas, y la senadora Claudia Gieco entreg\u00f3 en nombre del gobernador Gustavo Bordet un aporte de 500 mil pesos para la compra de juegos que ser\u00e1n colocados en el patio de la escuela para ser utilizados como recreaci\u00f3n.<\/p>\n","protected":false},"excerpt":{"rendered":"<p>La escuela rural, comenz\u00f3 a funcionar como escuela familiar varias d\u00e9cadas antes de 1922, pero fue en ese a\u00f1o se la comenz\u00f3 a mencionar por su nombre actual.<\/p>\n","protected":false},"author":8,"featured_media":88515,"comment_status":"open","ping_status":"open","sticky":false,"template":"","format":"standard","meta":{"fifu_image_url":"","fifu_image_alt":"","footnotes":""},"categories":[5],"tags":[3959,1037,61],"class_list":{"0":"post-88513","1":"post","2":"type-post","3":"status-publish","4":"format-standard","5":"has-post-thumbnail","7":"category-zonales","8":"tag-centenario","9":"tag-claudia-gieco","10":"tag-valle-maria"},"yoast_head":"<title>Gran concurrencia al acto por el Centenario de la Escuela Monteagudo - Informe Litoral<\/title>\n<meta name=\"robots\" content=\"index, follow, max-snippet:-1, max-image-preview:large, max-video-preview:-1\" \/>\n<link rel=\"canonical\" href=\"https:\/\/informelitoral.com.ar\/gran-concurrencia-al-acto-por-el-centenario-de-la-escuela-monteagudo\/\" \/>\n<meta property=\"og:locale\" content=\"es_ES\" \/>\n<meta property=\"og:type\" content=\"article\" \/>\n<meta property=\"og:title\" content=\"Gran concurrencia al acto por el Centenario de la Escuela Monteagudo - Informe Litoral\" \/>\n<meta property=\"og:description\" content=\"La escuela rural, comenz\u00f3 a funcionar como escuela familiar varias d\u00e9cadas antes de 1922, pero fue en ese a\u00f1o se la comenz\u00f3 a mencionar por su nombre actual.\" \/>\n<meta property=\"og:url\" content=\"https:\/\/informelitoral.com.ar\/gran-concurrencia-al-acto-por-el-centenario-de-la-escuela-monteagudo\/\" \/>\n<meta property=\"og:site_name\" content=\"Informe Litoral\" \/>\n<meta property=\"article:publisher\" content=\"https:\/\/www.facebook.com\/informelitoral\/\" \/>\n<meta property=\"article:published_time\" content=\"2022-10-03T13:19:01+00:00\" \/>\n<meta property=\"article:modified_time\" content=\"2022-10-03T23:21:43+00:00\" \/>\n<meta property=\"og:image\" content=\"https:\/\/informelitoral.com.ar\/%77%70%2d%63%6f%6e%74%65%6e%74\/uploads\/2022\/10\/DSC_6898-copia-1024x683.jpg.webp\" \/>\n\t<meta property=\"og:image:width\" content=\"1024\" \/>\n\t<meta property=\"og:image:height\" content=\"683\" \/>\n\t<meta property=\"og:image:type\" content=\"image\/webp\" \/>\n<meta name=\"author\" content=\"Sebastian\" \/>\n<meta name=\"twitter:card\" content=\"summary_large_image\" \/>\n<meta name=\"twitter:creator\" content=\"@InformeLitoral\" \/>\n<meta name=\"twitter:site\" content=\"@InformeLitoral\" \/>\n<meta name=\"twitter:label1\" content=\"Escrito por\" \/>\n\t<meta name=\"twitter:data1\" content=\"Sebastian\" \/>\n\t<meta name=\"twitter:label2\" content=\"Tiempo de lectura\" \/>\n\t<meta name=\"twitter:data2\" content=\"1 minuto\" \/>\n<script type=\"application\/ld+json\" class=\"yoast-schema-graph\">{\"@context\":\"https:\\\/\\\/schema.org\",\"@graph\":[{\"@type\":\"Article\",\"@id\":\"https:\\\/\\\/informelitoral.com.ar\\\/gran-concurrencia-al-acto-por-el-centenario-de-la-escuela-monteagudo\\\/#article\",\"isPartOf\":{\"@id\":\"https:\\\/\\\/informelitoral.com.ar\\\/gran-concurrencia-al-acto-por-el-centenario-de-la-escuela-monteagudo\\\/\"},\"author\":{\"name\":\"Sebastian\",\"@id\":\"https:\\\/\\\/informelitoral.com.ar\\\/#\\\/schema\\\/person\\\/f05f9f461677119578717524b127d6d5\"},\"headline\":\"Gran concurrencia al acto por el Centenario de la Escuela Monteagudo\",\"datePublished\":\"2022-10-03T13:19:01+00:00\",\"dateModified\":\"2022-10-03T23:21:43+00:00\",\"mainEntityOfPage\":{\"@id\":\"https:\\\/\\\/informelitoral.com.ar\\\/gran-concurrencia-al-acto-por-el-centenario-de-la-escuela-monteagudo\\\/\"},\"wordCount\":160,\"commentCount\":0,\"publisher\":{\"@id\":\"https:\\\/\\\/informelitoral.com.ar\\\/#organization\"},\"image\":{\"@id\":\"https:\\\/\\\/informelitoral.com.ar\\\/gran-concurrencia-al-acto-por-el-centenario-de-la-escuela-monteagudo\\\/#primaryimage\"},\"thumbnailUrl\":\"https:\\\/\\\/informelitoral.com.ar\\\/%77%70%2d%63%6f%6e%74%65%6e%74\\\/uploads\\\/2022\\\/10\\\/DSC_6898-copia-1024x683.jpg.webp\",\"keywords\":[\"Centenario\",\"Claudia Gieco\",\"Valle Mar\u00eda\"],\"articleSection\":[\"Departamento Diamante\"],\"inLanguage\":\"es\",\"potentialAction\":[{\"@type\":\"CommentAction\",\"name\":\"Comment\",\"target\":[\"https:\\\/\\\/informelitoral.com.ar\\\/gran-concurrencia-al-acto-por-el-centenario-de-la-escuela-monteagudo\\\/#respond\"]}]},{\"@type\":\"WebPage\",\"@id\":\"https:\\\/\\\/informelitoral.com.ar\\\/gran-concurrencia-al-acto-por-el-centenario-de-la-escuela-monteagudo\\\/\",\"url\":\"https:\\\/\\\/informelitoral.com.ar\\\/gran-concurrencia-al-acto-por-el-centenario-de-la-escuela-monteagudo\\\/\",\"name\":\"Gran concurrencia al acto por el Centenario de la Escuela Monteagudo - Informe Litoral\",\"isPartOf\":{\"@id\":\"https:\\\/\\\/informelitoral.com.ar\\\/#website\"},\"primaryImageOfPage\":{\"@id\":\"https:\\\/\\\/informelitoral.com.ar\\\/gran-concurrencia-al-acto-por-el-centenario-de-la-escuela-monteagudo\\\/#primaryimage\"},\"image\":{\"@id\":\"https:\\\/\\\/informelitoral.com.ar\\\/gran-concurrencia-al-acto-por-el-centenario-de-la-escuela-monteagudo\\\/#primaryimage\"},\"thumbnailUrl\":\"https:\\\/\\\/informelitoral.com.ar\\\/%77%70%2d%63%6f%6e%74%65%6e%74\\\/uploads\\\/2022\\\/10\\\/DSC_6898-copia-1024x683.jpg.webp\",\"datePublished\":\"2022-10-03T13:19:01+00:00\",\"dateModified\":\"2022-10-03T23:21:43+00:00\",\"breadcrumb\":{\"@id\":\"https:\\\/\\\/informelitoral.com.ar\\\/gran-concurrencia-al-acto-por-el-centenario-de-la-escuela-monteagudo\\\/#breadcrumb\"},\"inLanguage\":\"es\",\"potentialAction\":[{\"@type\":\"ReadAction\",\"target\":[\"https:\\\/\\\/informelitoral.com.ar\\\/gran-concurrencia-al-acto-por-el-centenario-de-la-escuela-monteagudo\\\/\"]}]},{\"@type\":\"ImageObject\",\"inLanguage\":\"es\",\"@id\":\"https:\\\/\\\/informelitoral.com.ar\\\/gran-concurrencia-al-acto-por-el-centenario-de-la-escuela-monteagudo\\\/#primaryimage\",\"url\":\"https:\\\/\\\/informelitoral.com.ar\\\/%77%70%2d%63%6f%6e%74%65%6e%74\\\/uploads\\\/2022\\\/10\\\/DSC_6898-copia-1024x683.jpg.webp\",\"contentUrl\":\"https:\\\/\\\/informelitoral.com.ar\\\/%77%70%2d%63%6f%6e%74%65%6e%74\\\/uploads\\\/2022\\\/10\\\/DSC_6898-copia-1024x683.jpg.webp\",\"width\":1024,\"height\":683},{\"@type\":\"BreadcrumbList\",\"@id\":\"https:\\\/\\\/informelitoral.com.ar\\\/gran-concurrencia-al-acto-por-el-centenario-de-la-escuela-monteagudo\\\/#breadcrumb\",\"itemListElement\":[{\"@type\":\"ListItem\",\"position\":1,\"name\":\"Portada\",\"item\":\"https:\\\/\\\/informelitoral.com.ar\\\/\"},{\"@type\":\"ListItem\",\"position\":2,\"name\":\"Gran concurrencia al acto por el Centenario de la Escuela Monteagudo\"}]},{\"@type\":\"WebSite\",\"@id\":\"https:\\\/\\\/informelitoral.com.ar\\\/#website\",\"url\":\"https:\\\/\\\/informelitoral.com.ar\\\/\",\"name\":\"Informe Litoral\",\"description\":\"&quot;Nos informamos&quot; \",\"publisher\":{\"@id\":\"https:\\\/\\\/informelitoral.com.ar\\\/#organization\"},\"potentialAction\":[{\"@type\":\"SearchAction\",\"target\":{\"@type\":\"EntryPoint\",\"urlTemplate\":\"https:\\\/\\\/informelitoral.com.ar\\\/?s={search_term_string}\"},\"query-input\":{\"@type\":\"PropertyValueSpecification\",\"valueRequired\":true,\"valueName\":\"search_term_string\"}}],\"inLanguage\":\"es\"},{\"@type\":\"Organization\",\"@id\":\"https:\\\/\\\/informelitoral.com.ar\\\/#organization\",\"name\":\"Informe Litoral\",\"url\":\"https:\\\/\\\/informelitoral.com.ar\\\/\",\"logo\":{\"@type\":\"ImageObject\",\"inLanguage\":\"es\",\"@id\":\"https:\\\/\\\/informelitoral.com.ar\\\/#\\\/schema\\\/logo\\\/image\\\/\",\"url\":\"https:\\\/\\\/informelitoral.com.ar\\\/%77%70%2d%63%6f%6e%74%65%6e%74\\\/uploads\\\/2021\\\/01\\\/circulo.png\",\"contentUrl\":\"https:\\\/\\\/informelitoral.com.ar\\\/%77%70%2d%63%6f%6e%74%65%6e%74\\\/uploads\\\/2021\\\/01\\\/circulo.png\",\"width\":723,\"height\":731,\"caption\":\"Informe Litoral\"},\"image\":{\"@id\":\"https:\\\/\\\/informelitoral.com.ar\\\/#\\\/schema\\\/logo\\\/image\\\/\"},\"sameAs\":[\"https:\\\/\\\/www.facebook.com\\\/informelitoral\\\/\",\"https:\\\/\\\/x.com\\\/InformeLitoral\",\"https:\\\/\\\/www.instagram.com\\\/informelitoral\\\/\",\"https:\\\/\\\/www.youtube.com\\\/channel\\\/UCua4Qvz8Icb6MYqhoq9xLXw\"]},{\"@type\":\"Person\",\"@id\":\"https:\\\/\\\/informelitoral.com.ar\\\/#\\\/schema\\\/person\\\/f05f9f461677119578717524b127d6d5\",\"name\":\"Sebastian\",\"image\":{\"@type\":\"ImageObject\",\"inLanguage\":\"es\",\"@id\":\"https:\\\/\\\/secure.gravatar.com\\\/avatar\\\/b71bf7481d447dfb9583c7f2798e7cc64de6efb9067b74633ed8c31059a3bd82?s=96&d=mm&r=g\",\"url\":\"https:\\\/\\\/secure.gravatar.com\\\/avatar\\\/b71bf7481d447dfb9583c7f2798e7cc64de6efb9067b74633ed8c31059a3bd82?s=96&d=mm&r=g\",\"contentUrl\":\"https:\\\/\\\/secure.gravatar.com\\\/avatar\\\/b71bf7481d447dfb9583c7f2798e7cc64de6efb9067b74633ed8c31059a3bd82?s=96&d=mm&r=g\",\"caption\":\"Sebastian\"},\"url\":\"https:\\\/\\\/informelitoral.com.ar\\\/author\\\/sebastian\\\/\"}]}<\/script>","yoast_head_json":{"title":"Gran concurrencia al acto por el Centenario de la Escuela Monteagudo - Informe Litoral","robots":{"index":"index","follow":"follow","max-snippet":"max-snippet:-1","max-image-preview":"max-image-preview:large","max-video-preview":"max-video-preview:-1"},"canonical":"https:\/\/informelitoral.com.ar\/gran-concurrencia-al-acto-por-el-centenario-de-la-escuela-monteagudo\/","og_locale":"es_ES","og_type":"article","og_title":"Gran concurrencia al acto por el Centenario de la Escuela Monteagudo - Informe Litoral","og_description":"La escuela rural, comenz\u00f3 a funcionar como escuela familiar varias d\u00e9cadas antes de 1922, pero fue en ese a\u00f1o se la comenz\u00f3 a mencionar por su nombre actual.","og_url":"https:\/\/informelitoral.com.ar\/gran-concurrencia-al-acto-por-el-centenario-de-la-escuela-monteagudo\/","og_site_name":"Informe Litoral","article_publisher":"https:\/\/www.facebook.com\/informelitoral\/","article_published_time":"2022-10-03T13:19:01+00:00","article_modified_time":"2022-10-03T23:21:43+00:00","og_image":[{"width":1024,"height":683,"url":"https:\/\/informelitoral.com.ar\/%77%70%2d%63%6f%6e%74%65%6e%74\/uploads\/2022\/10\/DSC_6898-copia-1024x683.jpg.webp","type":"image\/webp"}],"author":"Sebastian","twitter_card":"summary_large_image","twitter_creator":"@InformeLitoral","twitter_site":"@InformeLitoral","twitter_misc":{"Escrito por":"Sebastian","Tiempo de lectura":"1 minuto"},"schema":{"@context":"https:\/\/schema.org","@graph":[{"@type":"Article","@id":"https:\/\/informelitoral.com.ar\/gran-concurrencia-al-acto-por-el-centenario-de-la-escuela-monteagudo\/#article","isPartOf":{"@id":"https:\/\/informelitoral.com.ar\/gran-concurrencia-al-acto-por-el-centenario-de-la-escuela-monteagudo\/"},"author":{"name":"Sebastian","@id":"https:\/\/informelitoral.com.ar\/#\/schema\/person\/f05f9f461677119578717524b127d6d5"},"headline":"Gran concurrencia al acto por el Centenario de la Escuela Monteagudo","datePublished":"2022-10-03T13:19:01+00:00","dateModified":"2022-10-03T23:21:43+00:00","mainEntityOfPage":{"@id":"https:\/\/informelitoral.com.ar\/gran-concurrencia-al-acto-por-el-centenario-de-la-escuela-monteagudo\/"},"wordCount":160,"commentCount":0,"publisher":{"@id":"https:\/\/informelitoral.com.ar\/#organization"},"image":{"@id":"https:\/\/informelitoral.com.ar\/gran-concurrencia-al-acto-por-el-centenario-de-la-escuela-monteagudo\/#primaryimage"},"thumbnailUrl":"https:\/\/informelitoral.com.ar\/%77%70%2d%63%6f%6e%74%65%6e%74\/uploads\/2022\/10\/DSC_6898-copia-1024x683.jpg.webp","keywords":["Centenario","Claudia Gieco","Valle Mar\u00eda"],"articleSection":["Departamento Diamante"],"inLanguage":"es","potentialAction":[{"@type":"CommentAction","name":"Comment","target":["https:\/\/informelitoral.com.ar\/gran-concurrencia-al-acto-por-el-centenario-de-la-escuela-monteagudo\/#respond"]}]},{"@type":"WebPage","@id":"https:\/\/informelitoral.com.ar\/gran-concurrencia-al-acto-por-el-centenario-de-la-escuela-monteagudo\/","url":"https:\/\/informelitoral.com.ar\/gran-concurrencia-al-acto-por-el-centenario-de-la-escuela-monteagudo\/","name":"Gran concurrencia al acto por el Centenario de la Escuela Monteagudo - Informe Litoral","isPartOf":{"@id":"https:\/\/informelitoral.com.ar\/#website"},"primaryImageOfPage":{"@id":"https:\/\/informelitoral.com.ar\/gran-concurrencia-al-acto-por-el-centenario-de-la-escuela-monteagudo\/#primaryimage"},"image":{"@id":"https:\/\/informelitoral.com.ar\/gran-concurrencia-al-acto-por-el-centenario-de-la-escuela-monteagudo\/#primaryimage"},"thumbnailUrl":"https:\/\/informelitoral.com.ar\/%77%70%2d%63%6f%6e%74%65%6e%74\/uploads\/2022\/10\/DSC_6898-copia-1024x683.jpg.webp","datePublished":"2022-10-03T13:19:01+00:00","dateModified":"2022-10-03T23:21:43+00:00","breadcrumb":{"@id":"https:\/\/informelitoral.com.ar\/gran-concurrencia-al-acto-por-el-centenario-de-la-escuela-monteagudo\/#breadcrumb"},"inLanguage":"es","potentialAction":[{"@type":"ReadAction","target":["https:\/\/informelitoral.com.ar\/gran-concurrencia-al-acto-por-el-centenario-de-la-escuela-monteagudo\/"]}]},{"@type":"ImageObject","inLanguage":"es","@id":"https:\/\/informelitoral.com.ar\/gran-concurrencia-al-acto-por-el-centenario-de-la-escuela-monteagudo\/#primaryimage","url":"https:\/\/informelitoral.com.ar\/%77%70%2d%63%6f%6e%74%65%6e%74\/uploads\/2022\/10\/DSC_6898-copia-1024x683.jpg.webp","contentUrl":"https:\/\/informelitoral.com.ar\/%77%70%2d%63%6f%6e%74%65%6e%74\/uploads\/2022\/10\/DSC_6898-copia-1024x683.jpg.webp","width":1024,"height":683},{"@type":"BreadcrumbList","@id":"https:\/\/informelitoral.com.ar\/gran-concurrencia-al-acto-por-el-centenario-de-la-escuela-monteagudo\/#breadcrumb","itemListElement":[{"@type":"ListItem","position":1,"name":"Portada","item":"https:\/\/informelitoral.com.ar\/"},{"@type":"ListItem","position":2,"name":"Gran concurrencia al acto por el Centenario de la Escuela Monteagudo"}]},{"@type":"WebSite","@id":"https:\/\/informelitoral.com.ar\/#website","url":"https:\/\/informelitoral.com.ar\/","name":"Informe Litoral","description":"&quot;Nos informamos&quot; ","publisher":{"@id":"https:\/\/informelitoral.com.ar\/#organization"},"potentialAction":[{"@type":"SearchAction","target":{"@type":"EntryPoint","urlTemplate":"https:\/\/informelitoral.com.ar\/?s={search_term_string}"},"query-input":{"@type":"PropertyValueSpecification","valueRequired":true,"valueName":"search_term_string"}}],"inLanguage":"es"},{"@type":"Organization","@id":"https:\/\/informelitoral.com.ar\/#organization","name":"Informe Litoral","url":"https:\/\/informelitoral.com.ar\/","logo":{"@type":"ImageObject","inLanguage":"es","@id":"https:\/\/informelitoral.com.ar\/#\/schema\/logo\/image\/","url":"https:\/\/informelitoral.com.ar\/%77%70%2d%63%6f%6e%74%65%6e%74\/uploads\/2021\/01\/circulo.png","contentUrl":"https:\/\/informelitoral.com.ar\/%77%70%2d%63%6f%6e%74%65%6e%74\/uploads\/2021\/01\/circulo.png","width":723,"height":731,"caption":"Informe Litoral"},"image":{"@id":"https:\/\/informelitoral.com.ar\/#\/schema\/logo\/image\/"},"sameAs":["https:\/\/www.facebook.com\/informelitoral\/","https:\/\/x.com\/InformeLitoral","https:\/\/www.instagram.com\/informelitoral\/","https:\/\/www.youtube.com\/channel\/UCua4Qvz8Icb6MYqhoq9xLXw"]},{"@type":"Person","@id":"https:\/\/informelitoral.com.ar\/#\/schema\/person\/f05f9f461677119578717524b127d6d5","name":"Sebastian","image":{"@type":"ImageObject","inLanguage":"es","@id":"https:\/\/secure.gravatar.com\/avatar\/b71bf7481d447dfb9583c7f2798e7cc64de6efb9067b74633ed8c31059a3bd82?s=96&d=mm&r=g","url":"https:\/\/secure.gravatar.com\/avatar\/b71bf7481d447dfb9583c7f2798e7cc64de6efb9067b74633ed8c31059a3bd82?s=96&d=mm&r=g","contentUrl":"https:\/\/secure.gravatar.com\/avatar\/b71bf7481d447dfb9583c7f2798e7cc64de6efb9067b74633ed8c31059a3bd82?s=96&d=mm&r=g","caption":"Sebastian"},"url":"https:\/\/informelitoral.com.ar\/author\/sebastian\/"}]}},"_links":{"self":[{"href":"https:\/\/informelitoral.com.ar\/%77%70%2d%6a%73%6f%6e\/wp\/v2\/posts\/88513","targetHints":{"allow":["GET"]}}],"collection":[{"href":"https:\/\/informelitoral.com.ar\/%77%70%2d%6a%73%6f%6e\/wp\/v2\/posts"}],"about":[{"href":"https:\/\/informelitoral.com.ar\/%77%70%2d%6a%73%6f%6e\/wp\/v2\/types\/post"}],"author":[{"embeddable":true,"href":"https:\/\/informelitoral.com.ar\/%77%70%2d%6a%73%6f%6e\/wp\/v2\/users\/8"}],"replies":[{"embeddable":true,"href":"https:\/\/informelitoral.com.ar\/%77%70%2d%6a%73%6f%6e\/wp\/v2\/comments?post=88513"}],"version-history":[{"count":0,"href":"https:\/\/informelitoral.com.ar\/%77%70%2d%6a%73%6f%6e\/wp\/v2\/posts\/88513\/revisions"}],"wp:featuredmedia":[{"embeddable":true,"href":"https:\/\/informelitoral.com.ar\/%77%70%2d%6a%73%6f%6e\/wp\/v2\/media\/88515"}],"wp:attachment":[{"href":"https:\/\/informelitoral.com.ar\/%77%70%2d%6a%73%6f%6e\/wp\/v2\/media?parent=88513"}],"wp:term":[{"taxonomy":"category","embeddable":true,"href":"https:\/\/informelitoral.com.ar\/%77%70%2d%6a%73%6f%6e\/wp\/v2\/categories?post=88513"},{"taxonomy":"post_tag","embeddable":true,"href":"https:\/\/informelitoral.com.ar\/%77%70%2d%6a%73%6f%6e\/wp\/v2\/tags?post=88513"}],"curies":[{"name":"wp","href":"https:\/\/api.w.org\/{rel}","templated":true}]}}