{"id":8787,"date":"2014-11-02T08:10:17","date_gmt":"2014-11-02T11:10:17","guid":{"rendered":"http:\/\/www.isletasnoticias.com.ar\/?p=8787"},"modified":"2014-11-02T09:15:08","modified_gmt":"2014-11-02T12:15:08","slug":"la-pauta-oficial-la-trama-y-el-desenlace","status":"publish","type":"post","link":"https:\/\/informelitoral.com.ar\/la-pauta-oficial-la-trama-y-el-desenlace\/","title":{"rendered":"La pauta oficial, la trama y el desenlace"},"content":{"rendered":"<p><strong>El periodista <em>Daniel Enz<\/em> puso al descubierto una compleja red de personas y empresas creadas para el manejo de medios y pautas oficiales, con v\u00ednculos estrechos con el gobernador <em>Sergio Urribarri<\/em> y el ministro <em>Pedro B\u00e1ez.<a href=\"http:\/\/www.isletasnoticias.com.ar\/%77%70%2d%63%6f%6e%74%65%6e%74\/uploads\/2014\/11\/o_1414871505.jpg\"><img loading=\"lazy\" decoding=\"async\" class=\"aligncenter size-medium wp-image-8788\" src=\"http:\/\/www.isletasnoticias.com.ar\/%77%70%2d%63%6f%6e%74%65%6e%74\/uploads\/2014\/11\/o_1414871505-300x168.jpg\" alt=\"o_1414871505\" width=\"300\" height=\"168\" srcset=\"https:\/\/informelitoral.com.ar\/%77%70%2d%63%6f%6e%74%65%6e%74\/uploads\/2014\/11\/o_1414871505-300x168.jpg 300w, https:\/\/informelitoral.com.ar\/%77%70%2d%63%6f%6e%74%65%6e%74\/uploads\/2014\/11\/o_1414871505.jpg 640w\" sizes=\"auto, (max-width: 300px) 100vw, 300px\" \/><\/a><\/em><\/strong><\/p>\n<section class=\"texto\">Aunque desde su presentaci\u00f3n en portada el \u00faltimo n\u00famero de la Revista An\u00e1lisis pareciera centrar su atenci\u00f3n s\u00f3lo en el contador <b>Germ\u00e1n Buffa y su empresa Global Means S.A.<\/b>, la lectura detallada del informe (al que s\u00f3lo se puede acceder en la edici\u00f3n impresa en papel) permite apreciar una trama en la que figuran muchos otros apellidos y firmas, como Ramiro Nieto, El Diario de Paran\u00e1, Diario La Calle, Betiana Elizabeth Ramona Pello, Paran\u00e1 Eventos S.A., Servicios Emprender SRL.<\/p>\n<p>Enz tambi\u00e9n dedica algunos p\u00e1rrafos a otra empresa, sin v\u00ednculos aparentes con Global Means. Se trata de <b>Think Grupo de Comunicaci\u00f3n SRL<\/b>, al que estar\u00edan ligados <b>Rosario Ignacio La Barba <\/b>y<b> Sergio G\u00f3mez<\/b>, considerados principales asesores de imagen del gobernador Sergio Urribarri.<\/p>\n<p><b>Buenos contratos<\/b><\/p>\n<p>En la parte final de su informe, An\u00e1lisis le pone n\u00fameros a las pautas oficiales de Global Means. Dice que \u00abha sido, sin dudas, de las firmas m\u00e1s beneficiadas publicitariamente, en lo que va de esta segunda administraci\u00f3n de Sergio Urribarri, a trav\u00e9s de pautas del Ministerio de Comunicaci\u00f3n y Cultura. Entre 2012, 2013 y parte de 2014, un total de <b>3.769.646 pesos<\/b>\u00ab.<\/p>\n<p>\u00abLa mayor\u00eda de las veces fueron avisos oficiales para emitir en Buenos Aires, para promocionar el turismo en Entre R\u00edos. En 2012, fueron pautas por 1.018.594 pesos. En 2013, 1.300.657 y en parte de 2014, las pautas llegaron a 1.450.395 pesos\u00bb.<\/p>\n<p><b>Parecido y diferente<\/b><\/p>\n<p>\u00abUna situaci\u00f3n similar \u2013aunque no hay punto aparente de contacto con Germ\u00e1n Buffa y sus socios- es la del denominado <b>Think Grupo de Comunicaci\u00f3n SRL<\/b>, tambi\u00e9n creado en abril de 2012 (el mismo mes y a\u00f1o que Global Meoans)\u00bb, explica Daniel Enz.<\/p>\n<p>Precisa que \u00ablos socios son Mar\u00eda Cecilia Muhlmann (de Santa Fe) y Miguel Antonio Mancioni, de Diamante. Sin embargo, el hombre en las sombras es <b>Rosario Ignacio La Barba<\/b>, uno de los asesores de imagen del gobernador Sergio Urribarri. La Barba acompa\u00f1\u00f3 a Jorge Busti en 1987, en la campa\u00f1a proselitista y nadie se acord\u00f3 que en 1986 hab\u00eda asesorado a Luis Brasesco, en su intenci\u00f3n de ser gobernador y competir con Ricardo Lafferriere. Luego, al asumir Busti, fue funcionario del ex mandatario hasta que fue eyectado por graves irregularidades detectadas en el manejo de subsidios para gente humilde, lo que le determin\u00f3 una denuncia penal apenas lleg\u00f3 Mario Moine\u00bb.<\/p>\n<p>Recuerda Enz que \u00ab<b>La Barba y Sergio G\u00f3mez<\/b> \u2013actual funcionario- se transformaron en los principales asesores de imagen de Urribarri apenas Busti lo bendijo para candidato a la Gobernaci\u00f3n, en el 2007. La Barba nunca acept\u00f3 cargo alguno, pero es considerado un hombre de estrecha confianza del gobernador, por lo cual hizo importantes negocios con el Estado en todo este tiempo, lo que le permiti\u00f3 tener un marcado crecimiento patrimonial\u00bb.<\/p>\n<p>Agrega que \u00abLa Barba vive en calle Blas Parera, pero su domicilio fiscal es Alameda de la Federaci\u00f3n 117, donde funcionaban las coquetas oficinas de Think, con la presencia de numerosos empleados, cada uno con su computadora y los elementos t\u00e9cnicos suficientes para tareas comunicacionales. Desde all\u00ed hicieron tambi\u00e9n buenos negocios asesorando a intendentes oficialistas de Entre R\u00edos y Santa Fe\u00bb.<\/p>\n<p>Por \u00faltimo, detalla que \u00abLa Barba tambi\u00e9n cobr\u00f3 como asesor del Senado de la Naci\u00f3n entre 2010 y 2011 y gerencia varias emisoras de FM, vinculadas al oficialismo, donde \u00fanicamente se aceptan comunicadores ligados al kirchnerismo. A su vez, ahora es presidente de la\u00a0<b>Federaci\u00f3n Entrerriana de Hockey<\/b> y encumbrado dirigente del <b>Club Estudiantes<\/b> de Paran\u00e1. El a\u00f1o pasado, desde ese rol de titular de la entidad, logr\u00f3 un subsidio del gobierno entrerriano por 150.000 pesos para solventar gastos de traslado y estad\u00eda de los seleccionados de la provincia en diferentes torneos argentinos. Al parecer, no le cost\u00f3 mucho lograr ese cheque\u00bb, opina Enz. <em>(Revista An\u00e1lisis y El Entre R\u00edos)<\/em><\/section>\n","protected":false},"excerpt":{"rendered":"<p>El periodista Daniel Enz puso al descubierto una compleja red de personas y empresas creadas para el manejo de medios y pautas oficiales, con v&iacute;nculos estrechos con el gobernador Sergio Urribarri y el ministro Pedro B&aacute;ez. Aunque desde su presentaci&oacute;n en portada el &uacute;ltimo n&uacute;mero de la Revista An&aacute;lisis pareciera centrar su atenci&oacute;n s&oacute;lo en [&hellip;]<\/p>\n","protected":false},"author":2,"featured_media":0,"comment_status":"open","ping_status":"open","sticky":false,"template":"","format":"standard","meta":{"fifu_image_url":"","fifu_image_alt":"","footnotes":""},"categories":[6,16],"tags":[],"class_list":{"0":"post-8787","1":"post","2":"type-post","3":"status-publish","4":"format-standard","6":"category-entre-rios","7":"category-politi"},"yoast_head":"<title>La pauta oficial, la trama y el desenlace - Informe Litoral<\/title>\n<meta name=\"robots\" content=\"index, follow, max-snippet:-1, max-image-preview:large, max-video-preview:-1\" \/>\n<link rel=\"canonical\" href=\"https:\/\/informelitoral.com.ar\/la-pauta-oficial-la-trama-y-el-desenlace\/\" \/>\n<meta property=\"og:locale\" content=\"es_ES\" \/>\n<meta property=\"og:type\" content=\"article\" \/>\n<meta property=\"og:title\" content=\"La pauta oficial, la trama y el desenlace - Informe Litoral\" \/>\n<meta property=\"og:description\" content=\"El periodista Daniel Enz puso al descubierto una compleja red de personas y empresas creadas para el manejo de medios y pautas oficiales, con v&iacute;nculos estrechos con el gobernador Sergio Urribarri y el ministro Pedro B&aacute;ez. Aunque desde su presentaci&oacute;n en portada el &uacute;ltimo n&uacute;mero de la Revista An&aacute;lisis pareciera centrar su atenci&oacute;n s&oacute;lo en [&hellip;]\" \/>\n<meta property=\"og:url\" content=\"https:\/\/informelitoral.com.ar\/la-pauta-oficial-la-trama-y-el-desenlace\/\" \/>\n<meta property=\"og:site_name\" content=\"Informe Litoral\" \/>\n<meta property=\"article:publisher\" content=\"https:\/\/www.facebook.com\/informelitoral\/\" \/>\n<meta property=\"article:published_time\" content=\"2014-11-02T11:10:17+00:00\" \/>\n<meta property=\"article:modified_time\" content=\"2014-11-02T12:15:08+00:00\" \/>\n<meta property=\"og:image\" content=\"https:\/\/informelitoral.com.ar\/%77%70%2d%63%6f%6e%74%65%6e%74\/uploads\/2014\/11\/o_1414871505.jpg\" \/>\n\t<meta property=\"og:image:width\" content=\"640\" \/>\n\t<meta property=\"og:image:height\" content=\"360\" \/>\n\t<meta property=\"og:image:type\" content=\"image\/jpeg\" \/>\n<meta name=\"author\" content=\"Gonzalo Schmidt\" \/>\n<meta name=\"twitter:card\" content=\"summary_large_image\" \/>\n<meta name=\"twitter:creator\" content=\"@InformeLitoral\" \/>\n<meta name=\"twitter:site\" content=\"@InformeLitoral\" \/>\n<meta name=\"twitter:label1\" content=\"Escrito por\" \/>\n\t<meta name=\"twitter:data1\" content=\"Gonzalo Schmidt\" \/>\n\t<meta name=\"twitter:label2\" content=\"Tiempo de lectura\" \/>\n\t<meta name=\"twitter:data2\" content=\"3 minutos\" \/>\n<script type=\"application\/ld+json\" class=\"yoast-schema-graph\">{\"@context\":\"https:\\\/\\\/schema.org\",\"@graph\":[{\"@type\":\"Article\",\"@id\":\"https:\\\/\\\/informelitoral.com.ar\\\/la-pauta-oficial-la-trama-y-el-desenlace\\\/#article\",\"isPartOf\":{\"@id\":\"https:\\\/\\\/informelitoral.com.ar\\\/la-pauta-oficial-la-trama-y-el-desenlace\\\/\"},\"author\":{\"name\":\"Gonzalo Schmidt\",\"@id\":\"https:\\\/\\\/informelitoral.com.ar\\\/#\\\/schema\\\/person\\\/b9d00407c836482871ef1d57bf8e3180\"},\"headline\":\"La pauta oficial, la trama y el desenlace\",\"datePublished\":\"2014-11-02T11:10:17+00:00\",\"dateModified\":\"2014-11-02T12:15:08+00:00\",\"mainEntityOfPage\":{\"@id\":\"https:\\\/\\\/informelitoral.com.ar\\\/la-pauta-oficial-la-trama-y-el-desenlace\\\/\"},\"wordCount\":697,\"commentCount\":0,\"publisher\":{\"@id\":\"https:\\\/\\\/informelitoral.com.ar\\\/#organization\"},\"image\":{\"@id\":\"https:\\\/\\\/informelitoral.com.ar\\\/la-pauta-oficial-la-trama-y-el-desenlace\\\/#primaryimage\"},\"thumbnailUrl\":\"http:\\\/\\\/www.isletasnoticias.com.ar\\\/%77%70%2d%63%6f%6e%74%65%6e%74\\\/uploads\\\/2014\\\/11\\\/o_1414871505-300x168.jpg\",\"articleSection\":[\"Entre R\u00edos\",\"Politica\"],\"inLanguage\":\"es\",\"potentialAction\":[{\"@type\":\"CommentAction\",\"name\":\"Comment\",\"target\":[\"https:\\\/\\\/informelitoral.com.ar\\\/la-pauta-oficial-la-trama-y-el-desenlace\\\/#respond\"]}]},{\"@type\":\"WebPage\",\"@id\":\"https:\\\/\\\/informelitoral.com.ar\\\/la-pauta-oficial-la-trama-y-el-desenlace\\\/\",\"url\":\"https:\\\/\\\/informelitoral.com.ar\\\/la-pauta-oficial-la-trama-y-el-desenlace\\\/\",\"name\":\"La pauta oficial, la trama y el desenlace - Informe Litoral\",\"isPartOf\":{\"@id\":\"https:\\\/\\\/informelitoral.com.ar\\\/#website\"},\"primaryImageOfPage\":{\"@id\":\"https:\\\/\\\/informelitoral.com.ar\\\/la-pauta-oficial-la-trama-y-el-desenlace\\\/#primaryimage\"},\"image\":{\"@id\":\"https:\\\/\\\/informelitoral.com.ar\\\/la-pauta-oficial-la-trama-y-el-desenlace\\\/#primaryimage\"},\"thumbnailUrl\":\"http:\\\/\\\/www.isletasnoticias.com.ar\\\/%77%70%2d%63%6f%6e%74%65%6e%74\\\/uploads\\\/2014\\\/11\\\/o_1414871505-300x168.jpg\",\"datePublished\":\"2014-11-02T11:10:17+00:00\",\"dateModified\":\"2014-11-02T12:15:08+00:00\",\"breadcrumb\":{\"@id\":\"https:\\\/\\\/informelitoral.com.ar\\\/la-pauta-oficial-la-trama-y-el-desenlace\\\/#breadcrumb\"},\"inLanguage\":\"es\",\"potentialAction\":[{\"@type\":\"ReadAction\",\"target\":[\"https:\\\/\\\/informelitoral.com.ar\\\/la-pauta-oficial-la-trama-y-el-desenlace\\\/\"]}]},{\"@type\":\"ImageObject\",\"inLanguage\":\"es\",\"@id\":\"https:\\\/\\\/informelitoral.com.ar\\\/la-pauta-oficial-la-trama-y-el-desenlace\\\/#primaryimage\",\"url\":\"http:\\\/\\\/www.isletasnoticias.com.ar\\\/%77%70%2d%63%6f%6e%74%65%6e%74\\\/uploads\\\/2014\\\/11\\\/o_1414871505-300x168.jpg\",\"contentUrl\":\"http:\\\/\\\/www.isletasnoticias.com.ar\\\/%77%70%2d%63%6f%6e%74%65%6e%74\\\/uploads\\\/2014\\\/11\\\/o_1414871505-300x168.jpg\"},{\"@type\":\"BreadcrumbList\",\"@id\":\"https:\\\/\\\/informelitoral.com.ar\\\/la-pauta-oficial-la-trama-y-el-desenlace\\\/#breadcrumb\",\"itemListElement\":[{\"@type\":\"ListItem\",\"position\":1,\"name\":\"Portada\",\"item\":\"https:\\\/\\\/informelitoral.com.ar\\\/\"},{\"@type\":\"ListItem\",\"position\":2,\"name\":\"La pauta oficial, la trama y el desenlace\"}]},{\"@type\":\"WebSite\",\"@id\":\"https:\\\/\\\/informelitoral.com.ar\\\/#website\",\"url\":\"https:\\\/\\\/informelitoral.com.ar\\\/\",\"name\":\"Informe Litoral\",\"description\":\"&quot;Nos informamos&quot; \",\"publisher\":{\"@id\":\"https:\\\/\\\/informelitoral.com.ar\\\/#organization\"},\"potentialAction\":[{\"@type\":\"SearchAction\",\"target\":{\"@type\":\"EntryPoint\",\"urlTemplate\":\"https:\\\/\\\/informelitoral.com.ar\\\/?s={search_term_string}\"},\"query-input\":{\"@type\":\"PropertyValueSpecification\",\"valueRequired\":true,\"valueName\":\"search_term_string\"}}],\"inLanguage\":\"es\"},{\"@type\":\"Organization\",\"@id\":\"https:\\\/\\\/informelitoral.com.ar\\\/#organization\",\"name\":\"Informe Litoral\",\"url\":\"https:\\\/\\\/informelitoral.com.ar\\\/\",\"logo\":{\"@type\":\"ImageObject\",\"inLanguage\":\"es\",\"@id\":\"https:\\\/\\\/informelitoral.com.ar\\\/#\\\/schema\\\/logo\\\/image\\\/\",\"url\":\"https:\\\/\\\/informelitoral.com.ar\\\/%77%70%2d%63%6f%6e%74%65%6e%74\\\/uploads\\\/2021\\\/01\\\/circulo.png\",\"contentUrl\":\"https:\\\/\\\/informelitoral.com.ar\\\/%77%70%2d%63%6f%6e%74%65%6e%74\\\/uploads\\\/2021\\\/01\\\/circulo.png\",\"width\":723,\"height\":731,\"caption\":\"Informe Litoral\"},\"image\":{\"@id\":\"https:\\\/\\\/informelitoral.com.ar\\\/#\\\/schema\\\/logo\\\/image\\\/\"},\"sameAs\":[\"https:\\\/\\\/www.facebook.com\\\/informelitoral\\\/\",\"https:\\\/\\\/x.com\\\/InformeLitoral\",\"https:\\\/\\\/www.instagram.com\\\/informelitoral\\\/\",\"https:\\\/\\\/www.youtube.com\\\/channel\\\/UCua4Qvz8Icb6MYqhoq9xLXw\"]},{\"@type\":\"Person\",\"@id\":\"https:\\\/\\\/informelitoral.com.ar\\\/#\\\/schema\\\/person\\\/b9d00407c836482871ef1d57bf8e3180\",\"name\":\"Gonzalo Schmidt\",\"image\":{\"@type\":\"ImageObject\",\"inLanguage\":\"es\",\"@id\":\"https:\\\/\\\/secure.gravatar.com\\\/avatar\\\/31a1a7b66ff2de83bd0e9fd79d026630d2d99e55e8bfe501287647b4fd9743de?s=96&d=mm&r=g\",\"url\":\"https:\\\/\\\/secure.gravatar.com\\\/avatar\\\/31a1a7b66ff2de83bd0e9fd79d026630d2d99e55e8bfe501287647b4fd9743de?s=96&d=mm&r=g\",\"contentUrl\":\"https:\\\/\\\/secure.gravatar.com\\\/avatar\\\/31a1a7b66ff2de83bd0e9fd79d026630d2d99e55e8bfe501287647b4fd9743de?s=96&d=mm&r=g\",\"caption\":\"Gonzalo Schmidt\"},\"description\":\"Sitio web de noticias de la provincia de Entre R\u00edos, Argentina. Informaci\u00f3n y entretenimiento. Informe Litoral, nos informamos.\",\"sameAs\":[\"http:\\\/\\\/www.isletasnoticias.com.ar\"],\"url\":\"https:\\\/\\\/informelitoral.com.ar\\\/author\\\/gonzalo\\\/\"}]}<\/script>","yoast_head_json":{"title":"La pauta oficial, la trama y el desenlace - Informe Litoral","robots":{"index":"index","follow":"follow","max-snippet":"max-snippet:-1","max-image-preview":"max-image-preview:large","max-video-preview":"max-video-preview:-1"},"canonical":"https:\/\/informelitoral.com.ar\/la-pauta-oficial-la-trama-y-el-desenlace\/","og_locale":"es_ES","og_type":"article","og_title":"La pauta oficial, la trama y el desenlace - Informe Litoral","og_description":"El periodista Daniel Enz puso al descubierto una compleja red de personas y empresas creadas para el manejo de medios y pautas oficiales, con v&iacute;nculos estrechos con el gobernador Sergio Urribarri y el ministro Pedro B&aacute;ez. Aunque desde su presentaci&oacute;n en portada el &uacute;ltimo n&uacute;mero de la Revista An&aacute;lisis pareciera centrar su atenci&oacute;n s&oacute;lo en [&hellip;]","og_url":"https:\/\/informelitoral.com.ar\/la-pauta-oficial-la-trama-y-el-desenlace\/","og_site_name":"Informe Litoral","article_publisher":"https:\/\/www.facebook.com\/informelitoral\/","article_published_time":"2014-11-02T11:10:17+00:00","article_modified_time":"2014-11-02T12:15:08+00:00","og_image":[{"width":640,"height":360,"url":"https:\/\/informelitoral.com.ar\/%77%70%2d%63%6f%6e%74%65%6e%74\/uploads\/2014\/11\/o_1414871505.jpg","type":"image\/jpeg"}],"author":"Gonzalo Schmidt","twitter_card":"summary_large_image","twitter_creator":"@InformeLitoral","twitter_site":"@InformeLitoral","twitter_misc":{"Escrito por":"Gonzalo Schmidt","Tiempo de lectura":"3 minutos"},"schema":{"@context":"https:\/\/schema.org","@graph":[{"@type":"Article","@id":"https:\/\/informelitoral.com.ar\/la-pauta-oficial-la-trama-y-el-desenlace\/#article","isPartOf":{"@id":"https:\/\/informelitoral.com.ar\/la-pauta-oficial-la-trama-y-el-desenlace\/"},"author":{"name":"Gonzalo Schmidt","@id":"https:\/\/informelitoral.com.ar\/#\/schema\/person\/b9d00407c836482871ef1d57bf8e3180"},"headline":"La pauta oficial, la trama y el desenlace","datePublished":"2014-11-02T11:10:17+00:00","dateModified":"2014-11-02T12:15:08+00:00","mainEntityOfPage":{"@id":"https:\/\/informelitoral.com.ar\/la-pauta-oficial-la-trama-y-el-desenlace\/"},"wordCount":697,"commentCount":0,"publisher":{"@id":"https:\/\/informelitoral.com.ar\/#organization"},"image":{"@id":"https:\/\/informelitoral.com.ar\/la-pauta-oficial-la-trama-y-el-desenlace\/#primaryimage"},"thumbnailUrl":"http:\/\/www.isletasnoticias.com.ar\/%77%70%2d%63%6f%6e%74%65%6e%74\/uploads\/2014\/11\/o_1414871505-300x168.jpg","articleSection":["Entre R\u00edos","Politica"],"inLanguage":"es","potentialAction":[{"@type":"CommentAction","name":"Comment","target":["https:\/\/informelitoral.com.ar\/la-pauta-oficial-la-trama-y-el-desenlace\/#respond"]}]},{"@type":"WebPage","@id":"https:\/\/informelitoral.com.ar\/la-pauta-oficial-la-trama-y-el-desenlace\/","url":"https:\/\/informelitoral.com.ar\/la-pauta-oficial-la-trama-y-el-desenlace\/","name":"La pauta oficial, la trama y el desenlace - Informe Litoral","isPartOf":{"@id":"https:\/\/informelitoral.com.ar\/#website"},"primaryImageOfPage":{"@id":"https:\/\/informelitoral.com.ar\/la-pauta-oficial-la-trama-y-el-desenlace\/#primaryimage"},"image":{"@id":"https:\/\/informelitoral.com.ar\/la-pauta-oficial-la-trama-y-el-desenlace\/#primaryimage"},"thumbnailUrl":"http:\/\/www.isletasnoticias.com.ar\/%77%70%2d%63%6f%6e%74%65%6e%74\/uploads\/2014\/11\/o_1414871505-300x168.jpg","datePublished":"2014-11-02T11:10:17+00:00","dateModified":"2014-11-02T12:15:08+00:00","breadcrumb":{"@id":"https:\/\/informelitoral.com.ar\/la-pauta-oficial-la-trama-y-el-desenlace\/#breadcrumb"},"inLanguage":"es","potentialAction":[{"@type":"ReadAction","target":["https:\/\/informelitoral.com.ar\/la-pauta-oficial-la-trama-y-el-desenlace\/"]}]},{"@type":"ImageObject","inLanguage":"es","@id":"https:\/\/informelitoral.com.ar\/la-pauta-oficial-la-trama-y-el-desenlace\/#primaryimage","url":"http:\/\/www.isletasnoticias.com.ar\/%77%70%2d%63%6f%6e%74%65%6e%74\/uploads\/2014\/11\/o_1414871505-300x168.jpg","contentUrl":"http:\/\/www.isletasnoticias.com.ar\/%77%70%2d%63%6f%6e%74%65%6e%74\/uploads\/2014\/11\/o_1414871505-300x168.jpg"},{"@type":"BreadcrumbList","@id":"https:\/\/informelitoral.com.ar\/la-pauta-oficial-la-trama-y-el-desenlace\/#breadcrumb","itemListElement":[{"@type":"ListItem","position":1,"name":"Portada","item":"https:\/\/informelitoral.com.ar\/"},{"@type":"ListItem","position":2,"name":"La pauta oficial, la trama y el desenlace"}]},{"@type":"WebSite","@id":"https:\/\/informelitoral.com.ar\/#website","url":"https:\/\/informelitoral.com.ar\/","name":"Informe Litoral","description":"&quot;Nos informamos&quot; ","publisher":{"@id":"https:\/\/informelitoral.com.ar\/#organization"},"potentialAction":[{"@type":"SearchAction","target":{"@type":"EntryPoint","urlTemplate":"https:\/\/informelitoral.com.ar\/?s={search_term_string}"},"query-input":{"@type":"PropertyValueSpecification","valueRequired":true,"valueName":"search_term_string"}}],"inLanguage":"es"},{"@type":"Organization","@id":"https:\/\/informelitoral.com.ar\/#organization","name":"Informe Litoral","url":"https:\/\/informelitoral.com.ar\/","logo":{"@type":"ImageObject","inLanguage":"es","@id":"https:\/\/informelitoral.com.ar\/#\/schema\/logo\/image\/","url":"https:\/\/informelitoral.com.ar\/%77%70%2d%63%6f%6e%74%65%6e%74\/uploads\/2021\/01\/circulo.png","contentUrl":"https:\/\/informelitoral.com.ar\/%77%70%2d%63%6f%6e%74%65%6e%74\/uploads\/2021\/01\/circulo.png","width":723,"height":731,"caption":"Informe Litoral"},"image":{"@id":"https:\/\/informelitoral.com.ar\/#\/schema\/logo\/image\/"},"sameAs":["https:\/\/www.facebook.com\/informelitoral\/","https:\/\/x.com\/InformeLitoral","https:\/\/www.instagram.com\/informelitoral\/","https:\/\/www.youtube.com\/channel\/UCua4Qvz8Icb6MYqhoq9xLXw"]},{"@type":"Person","@id":"https:\/\/informelitoral.com.ar\/#\/schema\/person\/b9d00407c836482871ef1d57bf8e3180","name":"Gonzalo Schmidt","image":{"@type":"ImageObject","inLanguage":"es","@id":"https:\/\/secure.gravatar.com\/avatar\/31a1a7b66ff2de83bd0e9fd79d026630d2d99e55e8bfe501287647b4fd9743de?s=96&d=mm&r=g","url":"https:\/\/secure.gravatar.com\/avatar\/31a1a7b66ff2de83bd0e9fd79d026630d2d99e55e8bfe501287647b4fd9743de?s=96&d=mm&r=g","contentUrl":"https:\/\/secure.gravatar.com\/avatar\/31a1a7b66ff2de83bd0e9fd79d026630d2d99e55e8bfe501287647b4fd9743de?s=96&d=mm&r=g","caption":"Gonzalo Schmidt"},"description":"Sitio web de noticias de la provincia de Entre R\u00edos, Argentina. Informaci\u00f3n y entretenimiento. Informe Litoral, nos informamos.","sameAs":["http:\/\/www.isletasnoticias.com.ar"],"url":"https:\/\/informelitoral.com.ar\/author\/gonzalo\/"}]}},"_links":{"self":[{"href":"https:\/\/informelitoral.com.ar\/%77%70%2d%6a%73%6f%6e\/wp\/v2\/posts\/8787","targetHints":{"allow":["GET"]}}],"collection":[{"href":"https:\/\/informelitoral.com.ar\/%77%70%2d%6a%73%6f%6e\/wp\/v2\/posts"}],"about":[{"href":"https:\/\/informelitoral.com.ar\/%77%70%2d%6a%73%6f%6e\/wp\/v2\/types\/post"}],"author":[{"embeddable":true,"href":"https:\/\/informelitoral.com.ar\/%77%70%2d%6a%73%6f%6e\/wp\/v2\/users\/2"}],"replies":[{"embeddable":true,"href":"https:\/\/informelitoral.com.ar\/%77%70%2d%6a%73%6f%6e\/wp\/v2\/comments?post=8787"}],"version-history":[{"count":0,"href":"https:\/\/informelitoral.com.ar\/%77%70%2d%6a%73%6f%6e\/wp\/v2\/posts\/8787\/revisions"}],"wp:attachment":[{"href":"https:\/\/informelitoral.com.ar\/%77%70%2d%6a%73%6f%6e\/wp\/v2\/media?parent=8787"}],"wp:term":[{"taxonomy":"category","embeddable":true,"href":"https:\/\/informelitoral.com.ar\/%77%70%2d%6a%73%6f%6e\/wp\/v2\/categories?post=8787"},{"taxonomy":"post_tag","embeddable":true,"href":"https:\/\/informelitoral.com.ar\/%77%70%2d%6a%73%6f%6e\/wp\/v2\/tags?post=8787"}],"curies":[{"name":"wp","href":"https:\/\/api.w.org\/{rel}","templated":true}]}}