{"id":8778,"date":"2014-11-02T08:55:32","date_gmt":"2014-11-02T11:55:32","guid":{"rendered":"http:\/\/www.isletasnoticias.com.ar\/?p=8778"},"modified":"2014-11-02T08:55:32","modified_gmt":"2014-11-02T11:55:32","slug":"parana-silvio-diaz-encarcelado-al-encontrarlo-ebrio-en-un-bar","status":"publish","type":"post","link":"https:\/\/informelitoral.com.ar\/parana-silvio-diaz-encarcelado-al-encontrarlo-ebrio-en-un-bar\/","title":{"rendered":"Paran\u00e1: Silvio D\u00edaz encarcelado al encontrarlo ebrio en un bar"},"content":{"rendered":"<p><strong>El conductor que caus\u00f3 una tragedia frente a la escuela Centenario de Paran\u00e1 fue encarcelado: lo encontraron borracho en un bar de calle Corrientes, de la capital provincial.<a href=\"http:\/\/www.isletasnoticias.com.ar\/%77%70%2d%63%6f%6e%74%65%6e%74\/uploads\/2014\/11\/diaz1.jpg_2069580699.jpg\"><img loading=\"lazy\" decoding=\"async\" class=\"aligncenter size-medium wp-image-8779\" src=\"http:\/\/www.isletasnoticias.com.ar\/%77%70%2d%63%6f%6e%74%65%6e%74\/uploads\/2014\/11\/diaz1.jpg_2069580699-300x199.jpg\" alt=\"diaz1.jpg_2069580699\" width=\"300\" height=\"199\" srcset=\"https:\/\/informelitoral.com.ar\/%77%70%2d%63%6f%6e%74%65%6e%74\/uploads\/2014\/11\/diaz1.jpg_2069580699-300x199.jpg 300w, https:\/\/informelitoral.com.ar\/%77%70%2d%63%6f%6e%74%65%6e%74\/uploads\/2014\/11\/diaz1.jpg_2069580699.jpg 761w\" sizes=\"auto, (max-width: 300px) 100vw, 300px\" \/><\/a><\/strong><\/p>\n<p class=\"first\"><strong>Silvio D\u00edaz<\/strong>, el conductor que desencaden\u00f3 la tragedia de tr\u00e1nsito frente a escuela del Centenario de Paran\u00e1 y que recuper\u00f3 su libertad tras el pago de una fianza, fue encontrado en un bar de calle Corrientes. Los responsables del local lo reconocieron pese a que llevaba una peluca sostenida con una vincha, y dieron aviso a la Polic\u00eda.<\/p>\n<p>Al momento de su detenci\u00f3n, se supo que D\u00edaz, en aparente estado de ebriedad, ocasion\u00f3 disturbios de diversa \u00edndole para resistirse al operativo. El hecho se registr\u00f3 alrededor de las 5.30 de este s\u00e1bado. Finalmente fue detenido y trasladado por personal policial hacia la comisar\u00eda quinta de esta capital entrerriana.<\/p>\n<p>Tras el episodio el juez de Transici\u00f3n N\u00ba 3 de Paran\u00e1, doctor Gustavo Maldonado resolvi\u00f3 revocar la excarcelaci\u00f3n concedida por la C\u00e1mara de Casaci\u00f3n Penal y dict\u00f3 su prisi\u00f3n preventiva y dispuso su alojamiento en la Unidad Penal N\u00ba 1 de Paran\u00e1.<\/p>\n<p>Se recordar\u00e1 que el Juez de transici\u00f3n N\u00ba 3 d\u00edas atr\u00e1s declar\u00f3 la clausura de la Instrucci\u00f3n Formal de la Causa caratulada \u201cD\u00edaz Silvio Ram\u00f3n s\/homicidio y lesiones graves\u201d, y dispuso su elevaci\u00f3n a Juicio por parte de la Sala primera de la C\u00e1mara del Crimen de Paran\u00e1.<\/p>\n<p><strong>La causa<\/strong><\/p>\n<p>La causa que se le sigue a D\u00edaz es por haber causado la muerte de Juan Manuel Mart\u00ednez Zurbano, de 6 a\u00f1os de edad, y las lesiones graves a su hermano, Santiago Mart\u00ednez Zurbano, de 11 a\u00f1os de edad, al embestirlos, el viernes 6 de junio, con el veh\u00edculo que conduc\u00eda por avenida Alameda de la Federaci\u00f3n a m\u00e1s de 100 kil\u00f3metros por hora, en estado de ebriedad y bajo los efectos de coca\u00edna, frente a la escuela N\u00ba 1 Del Centenario, en el horario de ingreso escolar.<\/p>\n<p>El conductor responsable de la masacre de tr\u00e1nsito frente a la entidad educativa, fue excarcelado luego de pagar 10.000 pesos de cauci\u00f3n a fines de septiembre por disposici\u00f3n de la C\u00e1mara de Casaci\u00f3n Penal, integrada por Hugo Perotti, Rub\u00e9n Chaia y Marcela Davite. Entre las siguientes restricciones preventivas para D\u00edaz, se le estableci\u00f3 la prohibici\u00f3n de salir del pa\u00eds, libr\u00e1ndose los pertinentes oficios a las autoridades migratorias y polic\u00eda de frontera; fijar domicilio y no ausentarse ni mudarse de \u00e9l sin autorizaci\u00f3n, mientras dure el proceso; presentarse una vez por semana en el Juzgado actuante, en d\u00eda y hora que se le fijar\u00e1 oportunamente; imponerle la abstenci\u00f3n absoluta de conducir veh\u00edculos, mientras se tramite la presente causa, ofici\u00e1ndose al respecto a las autoridades policiales y municipales pertinentes; presentarse ante un Organismo -p\u00fablico o privado- para que profesionales examinen y diagnostiquen la necesidad de realizar un tratamiento para la adicci\u00f3n, acreditando tal presentaci\u00f3n ante el Juzgado interviniente en el t\u00e9rmino de 48 horas.<em> (Uno)<\/em><\/p>\n","protected":false},"excerpt":{"rendered":"<p>El conductor que caus&oacute; una tragedia frente a la escuela Centenario de Paran&aacute; fue encarcelado: lo encontraron borracho en un bar de calle Corrientes, de la capital provincial. Silvio D&iacute;az, el conductor que desencaden&oacute; la tragedia de tr&aacute;nsito frente a escuela del Centenario de Paran&aacute; y que recuper&oacute; su libertad tras el pago de una [&hellip;]<\/p>\n","protected":false},"author":2,"featured_media":0,"comment_status":"open","ping_status":"open","sticky":false,"template":"","format":"standard","meta":{"fifu_image_url":"","fifu_image_alt":"","footnotes":""},"categories":[6,14],"tags":[],"class_list":{"0":"post-8778","1":"post","2":"type-post","3":"status-publish","4":"format-standard","6":"category-entre-rios","7":"category-policiales"},"yoast_head":"<title>Paran\u00e1: Silvio D\u00edaz encarcelado al encontrarlo ebrio en un bar - Informe Litoral<\/title>\n<meta name=\"robots\" content=\"index, follow, max-snippet:-1, max-image-preview:large, max-video-preview:-1\" \/>\n<link rel=\"canonical\" href=\"https:\/\/informelitoral.com.ar\/parana-silvio-diaz-encarcelado-al-encontrarlo-ebrio-en-un-bar\/\" \/>\n<meta property=\"og:locale\" content=\"es_ES\" \/>\n<meta property=\"og:type\" content=\"article\" \/>\n<meta property=\"og:title\" content=\"Paran\u00e1: Silvio D\u00edaz encarcelado al encontrarlo ebrio en un bar - Informe Litoral\" \/>\n<meta property=\"og:description\" content=\"El conductor que caus&oacute; una tragedia frente a la escuela Centenario de Paran&aacute; fue encarcelado: lo encontraron borracho en un bar de calle Corrientes, de la capital provincial. Silvio D&iacute;az, el conductor que desencaden&oacute; la tragedia de tr&aacute;nsito frente a escuela del Centenario de Paran&aacute; y que recuper&oacute; su libertad tras el pago de una [&hellip;]\" \/>\n<meta property=\"og:url\" content=\"https:\/\/informelitoral.com.ar\/parana-silvio-diaz-encarcelado-al-encontrarlo-ebrio-en-un-bar\/\" \/>\n<meta property=\"og:site_name\" content=\"Informe Litoral\" \/>\n<meta property=\"article:publisher\" content=\"https:\/\/www.facebook.com\/informelitoral\/\" \/>\n<meta property=\"article:published_time\" content=\"2014-11-02T11:55:32+00:00\" \/>\n<meta property=\"og:image\" content=\"https:\/\/informelitoral.com.ar\/%77%70%2d%63%6f%6e%74%65%6e%74\/uploads\/2014\/11\/diaz1.jpg_2069580699.jpg\" \/>\n\t<meta property=\"og:image:width\" content=\"761\" \/>\n\t<meta property=\"og:image:height\" content=\"507\" \/>\n\t<meta property=\"og:image:type\" content=\"image\/jpeg\" \/>\n<meta name=\"author\" content=\"Gonzalo Schmidt\" \/>\n<meta name=\"twitter:card\" content=\"summary_large_image\" \/>\n<meta name=\"twitter:creator\" content=\"@InformeLitoral\" \/>\n<meta name=\"twitter:site\" content=\"@InformeLitoral\" \/>\n<meta name=\"twitter:label1\" content=\"Escrito por\" \/>\n\t<meta name=\"twitter:data1\" content=\"Gonzalo Schmidt\" \/>\n\t<meta name=\"twitter:label2\" content=\"Tiempo de lectura\" \/>\n\t<meta name=\"twitter:data2\" content=\"3 minutos\" \/>\n<script type=\"application\/ld+json\" class=\"yoast-schema-graph\">{\"@context\":\"https:\\\/\\\/schema.org\",\"@graph\":[{\"@type\":\"Article\",\"@id\":\"https:\\\/\\\/informelitoral.com.ar\\\/parana-silvio-diaz-encarcelado-al-encontrarlo-ebrio-en-un-bar\\\/#article\",\"isPartOf\":{\"@id\":\"https:\\\/\\\/informelitoral.com.ar\\\/parana-silvio-diaz-encarcelado-al-encontrarlo-ebrio-en-un-bar\\\/\"},\"author\":{\"name\":\"Gonzalo Schmidt\",\"@id\":\"https:\\\/\\\/informelitoral.com.ar\\\/#\\\/schema\\\/person\\\/b9d00407c836482871ef1d57bf8e3180\"},\"headline\":\"Paran\u00e1: Silvio D\u00edaz encarcelado al encontrarlo ebrio en un bar\",\"datePublished\":\"2014-11-02T11:55:32+00:00\",\"mainEntityOfPage\":{\"@id\":\"https:\\\/\\\/informelitoral.com.ar\\\/parana-silvio-diaz-encarcelado-al-encontrarlo-ebrio-en-un-bar\\\/\"},\"wordCount\":531,\"commentCount\":0,\"publisher\":{\"@id\":\"https:\\\/\\\/informelitoral.com.ar\\\/#organization\"},\"image\":{\"@id\":\"https:\\\/\\\/informelitoral.com.ar\\\/parana-silvio-diaz-encarcelado-al-encontrarlo-ebrio-en-un-bar\\\/#primaryimage\"},\"thumbnailUrl\":\"http:\\\/\\\/www.isletasnoticias.com.ar\\\/%77%70%2d%63%6f%6e%74%65%6e%74\\\/uploads\\\/2014\\\/11\\\/diaz1.jpg_2069580699-300x199.jpg\",\"articleSection\":[\"Entre R\u00edos\",\"Policiales\"],\"inLanguage\":\"es\",\"potentialAction\":[{\"@type\":\"CommentAction\",\"name\":\"Comment\",\"target\":[\"https:\\\/\\\/informelitoral.com.ar\\\/parana-silvio-diaz-encarcelado-al-encontrarlo-ebrio-en-un-bar\\\/#respond\"]}]},{\"@type\":\"WebPage\",\"@id\":\"https:\\\/\\\/informelitoral.com.ar\\\/parana-silvio-diaz-encarcelado-al-encontrarlo-ebrio-en-un-bar\\\/\",\"url\":\"https:\\\/\\\/informelitoral.com.ar\\\/parana-silvio-diaz-encarcelado-al-encontrarlo-ebrio-en-un-bar\\\/\",\"name\":\"Paran\u00e1: Silvio D\u00edaz encarcelado al encontrarlo ebrio en un bar - Informe Litoral\",\"isPartOf\":{\"@id\":\"https:\\\/\\\/informelitoral.com.ar\\\/#website\"},\"primaryImageOfPage\":{\"@id\":\"https:\\\/\\\/informelitoral.com.ar\\\/parana-silvio-diaz-encarcelado-al-encontrarlo-ebrio-en-un-bar\\\/#primaryimage\"},\"image\":{\"@id\":\"https:\\\/\\\/informelitoral.com.ar\\\/parana-silvio-diaz-encarcelado-al-encontrarlo-ebrio-en-un-bar\\\/#primaryimage\"},\"thumbnailUrl\":\"http:\\\/\\\/www.isletasnoticias.com.ar\\\/%77%70%2d%63%6f%6e%74%65%6e%74\\\/uploads\\\/2014\\\/11\\\/diaz1.jpg_2069580699-300x199.jpg\",\"datePublished\":\"2014-11-02T11:55:32+00:00\",\"breadcrumb\":{\"@id\":\"https:\\\/\\\/informelitoral.com.ar\\\/parana-silvio-diaz-encarcelado-al-encontrarlo-ebrio-en-un-bar\\\/#breadcrumb\"},\"inLanguage\":\"es\",\"potentialAction\":[{\"@type\":\"ReadAction\",\"target\":[\"https:\\\/\\\/informelitoral.com.ar\\\/parana-silvio-diaz-encarcelado-al-encontrarlo-ebrio-en-un-bar\\\/\"]}]},{\"@type\":\"ImageObject\",\"inLanguage\":\"es\",\"@id\":\"https:\\\/\\\/informelitoral.com.ar\\\/parana-silvio-diaz-encarcelado-al-encontrarlo-ebrio-en-un-bar\\\/#primaryimage\",\"url\":\"http:\\\/\\\/www.isletasnoticias.com.ar\\\/%77%70%2d%63%6f%6e%74%65%6e%74\\\/uploads\\\/2014\\\/11\\\/diaz1.jpg_2069580699-300x199.jpg\",\"contentUrl\":\"http:\\\/\\\/www.isletasnoticias.com.ar\\\/%77%70%2d%63%6f%6e%74%65%6e%74\\\/uploads\\\/2014\\\/11\\\/diaz1.jpg_2069580699-300x199.jpg\"},{\"@type\":\"BreadcrumbList\",\"@id\":\"https:\\\/\\\/informelitoral.com.ar\\\/parana-silvio-diaz-encarcelado-al-encontrarlo-ebrio-en-un-bar\\\/#breadcrumb\",\"itemListElement\":[{\"@type\":\"ListItem\",\"position\":1,\"name\":\"Portada\",\"item\":\"https:\\\/\\\/informelitoral.com.ar\\\/\"},{\"@type\":\"ListItem\",\"position\":2,\"name\":\"Paran\u00e1: Silvio D\u00edaz encarcelado al encontrarlo ebrio en un bar\"}]},{\"@type\":\"WebSite\",\"@id\":\"https:\\\/\\\/informelitoral.com.ar\\\/#website\",\"url\":\"https:\\\/\\\/informelitoral.com.ar\\\/\",\"name\":\"Informe Litoral\",\"description\":\"&quot;Nos informamos&quot; \",\"publisher\":{\"@id\":\"https:\\\/\\\/informelitoral.com.ar\\\/#organization\"},\"potentialAction\":[{\"@type\":\"SearchAction\",\"target\":{\"@type\":\"EntryPoint\",\"urlTemplate\":\"https:\\\/\\\/informelitoral.com.ar\\\/?s={search_term_string}\"},\"query-input\":{\"@type\":\"PropertyValueSpecification\",\"valueRequired\":true,\"valueName\":\"search_term_string\"}}],\"inLanguage\":\"es\"},{\"@type\":\"Organization\",\"@id\":\"https:\\\/\\\/informelitoral.com.ar\\\/#organization\",\"name\":\"Informe Litoral\",\"url\":\"https:\\\/\\\/informelitoral.com.ar\\\/\",\"logo\":{\"@type\":\"ImageObject\",\"inLanguage\":\"es\",\"@id\":\"https:\\\/\\\/informelitoral.com.ar\\\/#\\\/schema\\\/logo\\\/image\\\/\",\"url\":\"https:\\\/\\\/informelitoral.com.ar\\\/%77%70%2d%63%6f%6e%74%65%6e%74\\\/uploads\\\/2021\\\/01\\\/circulo.png\",\"contentUrl\":\"https:\\\/\\\/informelitoral.com.ar\\\/%77%70%2d%63%6f%6e%74%65%6e%74\\\/uploads\\\/2021\\\/01\\\/circulo.png\",\"width\":723,\"height\":731,\"caption\":\"Informe Litoral\"},\"image\":{\"@id\":\"https:\\\/\\\/informelitoral.com.ar\\\/#\\\/schema\\\/logo\\\/image\\\/\"},\"sameAs\":[\"https:\\\/\\\/www.facebook.com\\\/informelitoral\\\/\",\"https:\\\/\\\/x.com\\\/InformeLitoral\",\"https:\\\/\\\/www.instagram.com\\\/informelitoral\\\/\",\"https:\\\/\\\/www.youtube.com\\\/channel\\\/UCua4Qvz8Icb6MYqhoq9xLXw\"]},{\"@type\":\"Person\",\"@id\":\"https:\\\/\\\/informelitoral.com.ar\\\/#\\\/schema\\\/person\\\/b9d00407c836482871ef1d57bf8e3180\",\"name\":\"Gonzalo Schmidt\",\"image\":{\"@type\":\"ImageObject\",\"inLanguage\":\"es\",\"@id\":\"https:\\\/\\\/secure.gravatar.com\\\/avatar\\\/31a1a7b66ff2de83bd0e9fd79d026630d2d99e55e8bfe501287647b4fd9743de?s=96&d=mm&r=g\",\"url\":\"https:\\\/\\\/secure.gravatar.com\\\/avatar\\\/31a1a7b66ff2de83bd0e9fd79d026630d2d99e55e8bfe501287647b4fd9743de?s=96&d=mm&r=g\",\"contentUrl\":\"https:\\\/\\\/secure.gravatar.com\\\/avatar\\\/31a1a7b66ff2de83bd0e9fd79d026630d2d99e55e8bfe501287647b4fd9743de?s=96&d=mm&r=g\",\"caption\":\"Gonzalo Schmidt\"},\"description\":\"Sitio web de noticias de la provincia de Entre R\u00edos, Argentina. Informaci\u00f3n y entretenimiento. Informe Litoral, nos informamos.\",\"sameAs\":[\"http:\\\/\\\/www.isletasnoticias.com.ar\"],\"url\":\"https:\\\/\\\/informelitoral.com.ar\\\/author\\\/gonzalo\\\/\"}]}<\/script>","yoast_head_json":{"title":"Paran\u00e1: Silvio D\u00edaz encarcelado al encontrarlo ebrio en un bar - Informe Litoral","robots":{"index":"index","follow":"follow","max-snippet":"max-snippet:-1","max-image-preview":"max-image-preview:large","max-video-preview":"max-video-preview:-1"},"canonical":"https:\/\/informelitoral.com.ar\/parana-silvio-diaz-encarcelado-al-encontrarlo-ebrio-en-un-bar\/","og_locale":"es_ES","og_type":"article","og_title":"Paran\u00e1: Silvio D\u00edaz encarcelado al encontrarlo ebrio en un bar - Informe Litoral","og_description":"El conductor que caus&oacute; una tragedia frente a la escuela Centenario de Paran&aacute; fue encarcelado: lo encontraron borracho en un bar de calle Corrientes, de la capital provincial. Silvio D&iacute;az, el conductor que desencaden&oacute; la tragedia de tr&aacute;nsito frente a escuela del Centenario de Paran&aacute; y que recuper&oacute; su libertad tras el pago de una [&hellip;]","og_url":"https:\/\/informelitoral.com.ar\/parana-silvio-diaz-encarcelado-al-encontrarlo-ebrio-en-un-bar\/","og_site_name":"Informe Litoral","article_publisher":"https:\/\/www.facebook.com\/informelitoral\/","article_published_time":"2014-11-02T11:55:32+00:00","og_image":[{"width":761,"height":507,"url":"https:\/\/informelitoral.com.ar\/%77%70%2d%63%6f%6e%74%65%6e%74\/uploads\/2014\/11\/diaz1.jpg_2069580699.jpg","type":"image\/jpeg"}],"author":"Gonzalo Schmidt","twitter_card":"summary_large_image","twitter_creator":"@InformeLitoral","twitter_site":"@InformeLitoral","twitter_misc":{"Escrito por":"Gonzalo Schmidt","Tiempo de lectura":"3 minutos"},"schema":{"@context":"https:\/\/schema.org","@graph":[{"@type":"Article","@id":"https:\/\/informelitoral.com.ar\/parana-silvio-diaz-encarcelado-al-encontrarlo-ebrio-en-un-bar\/#article","isPartOf":{"@id":"https:\/\/informelitoral.com.ar\/parana-silvio-diaz-encarcelado-al-encontrarlo-ebrio-en-un-bar\/"},"author":{"name":"Gonzalo Schmidt","@id":"https:\/\/informelitoral.com.ar\/#\/schema\/person\/b9d00407c836482871ef1d57bf8e3180"},"headline":"Paran\u00e1: Silvio D\u00edaz encarcelado al encontrarlo ebrio en un bar","datePublished":"2014-11-02T11:55:32+00:00","mainEntityOfPage":{"@id":"https:\/\/informelitoral.com.ar\/parana-silvio-diaz-encarcelado-al-encontrarlo-ebrio-en-un-bar\/"},"wordCount":531,"commentCount":0,"publisher":{"@id":"https:\/\/informelitoral.com.ar\/#organization"},"image":{"@id":"https:\/\/informelitoral.com.ar\/parana-silvio-diaz-encarcelado-al-encontrarlo-ebrio-en-un-bar\/#primaryimage"},"thumbnailUrl":"http:\/\/www.isletasnoticias.com.ar\/%77%70%2d%63%6f%6e%74%65%6e%74\/uploads\/2014\/11\/diaz1.jpg_2069580699-300x199.jpg","articleSection":["Entre R\u00edos","Policiales"],"inLanguage":"es","potentialAction":[{"@type":"CommentAction","name":"Comment","target":["https:\/\/informelitoral.com.ar\/parana-silvio-diaz-encarcelado-al-encontrarlo-ebrio-en-un-bar\/#respond"]}]},{"@type":"WebPage","@id":"https:\/\/informelitoral.com.ar\/parana-silvio-diaz-encarcelado-al-encontrarlo-ebrio-en-un-bar\/","url":"https:\/\/informelitoral.com.ar\/parana-silvio-diaz-encarcelado-al-encontrarlo-ebrio-en-un-bar\/","name":"Paran\u00e1: Silvio D\u00edaz encarcelado al encontrarlo ebrio en un bar - Informe Litoral","isPartOf":{"@id":"https:\/\/informelitoral.com.ar\/#website"},"primaryImageOfPage":{"@id":"https:\/\/informelitoral.com.ar\/parana-silvio-diaz-encarcelado-al-encontrarlo-ebrio-en-un-bar\/#primaryimage"},"image":{"@id":"https:\/\/informelitoral.com.ar\/parana-silvio-diaz-encarcelado-al-encontrarlo-ebrio-en-un-bar\/#primaryimage"},"thumbnailUrl":"http:\/\/www.isletasnoticias.com.ar\/%77%70%2d%63%6f%6e%74%65%6e%74\/uploads\/2014\/11\/diaz1.jpg_2069580699-300x199.jpg","datePublished":"2014-11-02T11:55:32+00:00","breadcrumb":{"@id":"https:\/\/informelitoral.com.ar\/parana-silvio-diaz-encarcelado-al-encontrarlo-ebrio-en-un-bar\/#breadcrumb"},"inLanguage":"es","potentialAction":[{"@type":"ReadAction","target":["https:\/\/informelitoral.com.ar\/parana-silvio-diaz-encarcelado-al-encontrarlo-ebrio-en-un-bar\/"]}]},{"@type":"ImageObject","inLanguage":"es","@id":"https:\/\/informelitoral.com.ar\/parana-silvio-diaz-encarcelado-al-encontrarlo-ebrio-en-un-bar\/#primaryimage","url":"http:\/\/www.isletasnoticias.com.ar\/%77%70%2d%63%6f%6e%74%65%6e%74\/uploads\/2014\/11\/diaz1.jpg_2069580699-300x199.jpg","contentUrl":"http:\/\/www.isletasnoticias.com.ar\/%77%70%2d%63%6f%6e%74%65%6e%74\/uploads\/2014\/11\/diaz1.jpg_2069580699-300x199.jpg"},{"@type":"BreadcrumbList","@id":"https:\/\/informelitoral.com.ar\/parana-silvio-diaz-encarcelado-al-encontrarlo-ebrio-en-un-bar\/#breadcrumb","itemListElement":[{"@type":"ListItem","position":1,"name":"Portada","item":"https:\/\/informelitoral.com.ar\/"},{"@type":"ListItem","position":2,"name":"Paran\u00e1: Silvio D\u00edaz encarcelado al encontrarlo ebrio en un bar"}]},{"@type":"WebSite","@id":"https:\/\/informelitoral.com.ar\/#website","url":"https:\/\/informelitoral.com.ar\/","name":"Informe Litoral","description":"&quot;Nos informamos&quot; ","publisher":{"@id":"https:\/\/informelitoral.com.ar\/#organization"},"potentialAction":[{"@type":"SearchAction","target":{"@type":"EntryPoint","urlTemplate":"https:\/\/informelitoral.com.ar\/?s={search_term_string}"},"query-input":{"@type":"PropertyValueSpecification","valueRequired":true,"valueName":"search_term_string"}}],"inLanguage":"es"},{"@type":"Organization","@id":"https:\/\/informelitoral.com.ar\/#organization","name":"Informe Litoral","url":"https:\/\/informelitoral.com.ar\/","logo":{"@type":"ImageObject","inLanguage":"es","@id":"https:\/\/informelitoral.com.ar\/#\/schema\/logo\/image\/","url":"https:\/\/informelitoral.com.ar\/%77%70%2d%63%6f%6e%74%65%6e%74\/uploads\/2021\/01\/circulo.png","contentUrl":"https:\/\/informelitoral.com.ar\/%77%70%2d%63%6f%6e%74%65%6e%74\/uploads\/2021\/01\/circulo.png","width":723,"height":731,"caption":"Informe Litoral"},"image":{"@id":"https:\/\/informelitoral.com.ar\/#\/schema\/logo\/image\/"},"sameAs":["https:\/\/www.facebook.com\/informelitoral\/","https:\/\/x.com\/InformeLitoral","https:\/\/www.instagram.com\/informelitoral\/","https:\/\/www.youtube.com\/channel\/UCua4Qvz8Icb6MYqhoq9xLXw"]},{"@type":"Person","@id":"https:\/\/informelitoral.com.ar\/#\/schema\/person\/b9d00407c836482871ef1d57bf8e3180","name":"Gonzalo Schmidt","image":{"@type":"ImageObject","inLanguage":"es","@id":"https:\/\/secure.gravatar.com\/avatar\/31a1a7b66ff2de83bd0e9fd79d026630d2d99e55e8bfe501287647b4fd9743de?s=96&d=mm&r=g","url":"https:\/\/secure.gravatar.com\/avatar\/31a1a7b66ff2de83bd0e9fd79d026630d2d99e55e8bfe501287647b4fd9743de?s=96&d=mm&r=g","contentUrl":"https:\/\/secure.gravatar.com\/avatar\/31a1a7b66ff2de83bd0e9fd79d026630d2d99e55e8bfe501287647b4fd9743de?s=96&d=mm&r=g","caption":"Gonzalo Schmidt"},"description":"Sitio web de noticias de la provincia de Entre R\u00edos, Argentina. Informaci\u00f3n y entretenimiento. Informe Litoral, nos informamos.","sameAs":["http:\/\/www.isletasnoticias.com.ar"],"url":"https:\/\/informelitoral.com.ar\/author\/gonzalo\/"}]}},"_links":{"self":[{"href":"https:\/\/informelitoral.com.ar\/%77%70%2d%6a%73%6f%6e\/wp\/v2\/posts\/8778","targetHints":{"allow":["GET"]}}],"collection":[{"href":"https:\/\/informelitoral.com.ar\/%77%70%2d%6a%73%6f%6e\/wp\/v2\/posts"}],"about":[{"href":"https:\/\/informelitoral.com.ar\/%77%70%2d%6a%73%6f%6e\/wp\/v2\/types\/post"}],"author":[{"embeddable":true,"href":"https:\/\/informelitoral.com.ar\/%77%70%2d%6a%73%6f%6e\/wp\/v2\/users\/2"}],"replies":[{"embeddable":true,"href":"https:\/\/informelitoral.com.ar\/%77%70%2d%6a%73%6f%6e\/wp\/v2\/comments?post=8778"}],"version-history":[{"count":0,"href":"https:\/\/informelitoral.com.ar\/%77%70%2d%6a%73%6f%6e\/wp\/v2\/posts\/8778\/revisions"}],"wp:attachment":[{"href":"https:\/\/informelitoral.com.ar\/%77%70%2d%6a%73%6f%6e\/wp\/v2\/media?parent=8778"}],"wp:term":[{"taxonomy":"category","embeddable":true,"href":"https:\/\/informelitoral.com.ar\/%77%70%2d%6a%73%6f%6e\/wp\/v2\/categories?post=8778"},{"taxonomy":"post_tag","embeddable":true,"href":"https:\/\/informelitoral.com.ar\/%77%70%2d%6a%73%6f%6e\/wp\/v2\/tags?post=8778"}],"curies":[{"name":"wp","href":"https:\/\/api.w.org\/{rel}","templated":true}]}}