{"id":87739,"date":"2022-09-23T09:03:49","date_gmt":"2022-09-23T12:03:49","guid":{"rendered":"https:\/\/www.informelitoral.com.ar\/?p=87739"},"modified":"2022-09-23T09:03:49","modified_gmt":"2022-09-23T12:03:49","slug":"bahillo-destaco-el-acompanamiento-de-pequenos-y-medianos-productores-al-exito-del-dolar-soja","status":"publish","type":"post","link":"https:\/\/informelitoral.com.ar\/bahillo-destaco-el-acompanamiento-de-pequenos-y-medianos-productores-al-exito-del-dolar-soja\/","title":{"rendered":"Bahillo destac\u00f3 el acompa\u00f1amiento de peque\u00f1os y medianos productores al \u00e9xito del \u201cd\u00f3lar soja\u201d"},"content":{"rendered":"<p>Bahill expuso durante el jueves en el seminario que la Asociaci\u00f3n de la Cadena de la Soja Argentina (ACSOJA) realiz\u00f3 en Rosario. All\u00ed destac\u00f3 los logros alcanzados por el Programa de Incremento Exportador \u201cy el objetivo de incrementar la liquidaci\u00f3n de d\u00f3lares, fundamentales para las reservas nacionales y para contribuir con el desarrollo sostenible del pa\u00eds\u201d, dijo.<br \/>\n\u201cHemos superado en tiempo r\u00e9cord los US$ 5.000 millones, y celebramos tambi\u00e9n el aporte de peque\u00f1os y medianos productores y productoras, que tambi\u00e9n ocuparon un papel importante. El camino es este. El de la construcci\u00f3n conjunta para la Argentina que necesitamos\u201d, remat\u00f3.<\/p>\n","protected":false},"excerpt":{"rendered":"<p>El secretario de Agricultura, Ganader\u00eda y Pesca, Juan Jos\u00e9 Bahillo, rescat\u00f3 el aporte de peque\u00f1os y medianos productores agropecuarios para que el Programa Incremento Exportador, que permite liquidar d\u00f3lares con un precio diferencial al oficial, haya alcanzado el \u00e9xito antes de culminar<\/p>\n","protected":false},"author":8,"featured_media":87742,"comment_status":"open","ping_status":"open","sticky":false,"template":"","format":"standard","meta":{"fifu_image_url":"","fifu_image_alt":"","footnotes":""},"categories":[10],"tags":[1646],"class_list":{"0":"post-87739","1":"post","2":"type-post","3":"status-publish","4":"format-standard","5":"has-post-thumbnail","7":"category-campo","8":"tag-juan-jose-bahillo"},"yoast_head":"<title>Bahillo destac\u00f3 el acompa\u00f1amiento de peque\u00f1os y medianos productores al \u00e9xito del \u201cd\u00f3lar soja\u201d - Informe Litoral<\/title>\n<meta name=\"robots\" content=\"index, follow, max-snippet:-1, max-image-preview:large, max-video-preview:-1\" \/>\n<link rel=\"canonical\" href=\"https:\/\/informelitoral.com.ar\/bahillo-destaco-el-acompanamiento-de-pequenos-y-medianos-productores-al-exito-del-dolar-soja\/\" \/>\n<meta property=\"og:locale\" content=\"es_ES\" \/>\n<meta property=\"og:type\" content=\"article\" \/>\n<meta property=\"og:title\" content=\"Bahillo destac\u00f3 el acompa\u00f1amiento de peque\u00f1os y medianos productores al \u00e9xito del \u201cd\u00f3lar soja\u201d - Informe Litoral\" \/>\n<meta property=\"og:description\" content=\"El secretario de Agricultura, Ganader\u00eda y Pesca, Juan Jos\u00e9 Bahillo, rescat\u00f3 el aporte de peque\u00f1os y medianos productores agropecuarios para que el Programa Incremento Exportador, que permite liquidar d\u00f3lares con un precio diferencial al oficial, haya alcanzado el \u00e9xito antes de culminar\" \/>\n<meta property=\"og:url\" content=\"https:\/\/informelitoral.com.ar\/bahillo-destaco-el-acompanamiento-de-pequenos-y-medianos-productores-al-exito-del-dolar-soja\/\" \/>\n<meta property=\"og:site_name\" content=\"Informe Litoral\" \/>\n<meta property=\"article:publisher\" content=\"https:\/\/www.facebook.com\/informelitoral\/\" \/>\n<meta property=\"article:published_time\" content=\"2022-09-23T12:03:49+00:00\" \/>\n<meta property=\"og:image\" content=\"https:\/\/informelitoral.com.ar\/%77%70%2d%63%6f%6e%74%65%6e%74\/uploads\/2022\/09\/apfdigital_377158_tapa_2292022_16821.jpg\" \/>\n\t<meta property=\"og:image:width\" content=\"492\" \/>\n\t<meta property=\"og:image:height\" content=\"369\" \/>\n\t<meta property=\"og:image:type\" content=\"image\/jpeg\" \/>\n<meta name=\"author\" content=\"Sebastian\" \/>\n<meta name=\"twitter:card\" content=\"summary_large_image\" \/>\n<meta name=\"twitter:creator\" content=\"@InformeLitoral\" \/>\n<meta name=\"twitter:site\" content=\"@InformeLitoral\" \/>\n<meta name=\"twitter:label1\" content=\"Escrito por\" \/>\n\t<meta name=\"twitter:data1\" content=\"Sebastian\" \/>\n\t<meta name=\"twitter:label2\" content=\"Tiempo de lectura\" \/>\n\t<meta name=\"twitter:data2\" content=\"1 minuto\" \/>\n<script type=\"application\/ld+json\" class=\"yoast-schema-graph\">{\"@context\":\"https:\\\/\\\/schema.org\",\"@graph\":[{\"@type\":\"Article\",\"@id\":\"https:\\\/\\\/informelitoral.com.ar\\\/bahillo-destaco-el-acompanamiento-de-pequenos-y-medianos-productores-al-exito-del-dolar-soja\\\/#article\",\"isPartOf\":{\"@id\":\"https:\\\/\\\/informelitoral.com.ar\\\/bahillo-destaco-el-acompanamiento-de-pequenos-y-medianos-productores-al-exito-del-dolar-soja\\\/\"},\"author\":{\"name\":\"Sebastian\",\"@id\":\"https:\\\/\\\/informelitoral.com.ar\\\/#\\\/schema\\\/person\\\/f05f9f461677119578717524b127d6d5\"},\"headline\":\"Bahillo destac\u00f3 el acompa\u00f1amiento de peque\u00f1os y medianos productores al \u00e9xito del \u201cd\u00f3lar soja\u201d\",\"datePublished\":\"2022-09-23T12:03:49+00:00\",\"mainEntityOfPage\":{\"@id\":\"https:\\\/\\\/informelitoral.com.ar\\\/bahillo-destaco-el-acompanamiento-de-pequenos-y-medianos-productores-al-exito-del-dolar-soja\\\/\"},\"wordCount\":124,\"commentCount\":0,\"publisher\":{\"@id\":\"https:\\\/\\\/informelitoral.com.ar\\\/#organization\"},\"image\":{\"@id\":\"https:\\\/\\\/informelitoral.com.ar\\\/bahillo-destaco-el-acompanamiento-de-pequenos-y-medianos-productores-al-exito-del-dolar-soja\\\/#primaryimage\"},\"thumbnailUrl\":\"https:\\\/\\\/informelitoral.com.ar\\\/%77%70%2d%63%6f%6e%74%65%6e%74\\\/uploads\\\/2022\\\/09\\\/apfdigital_377158_tapa_2292022_16821.jpg\",\"keywords\":[\"Juan Jos\u00e9 Bahillo\"],\"articleSection\":[\"Campo\"],\"inLanguage\":\"es\",\"potentialAction\":[{\"@type\":\"CommentAction\",\"name\":\"Comment\",\"target\":[\"https:\\\/\\\/informelitoral.com.ar\\\/bahillo-destaco-el-acompanamiento-de-pequenos-y-medianos-productores-al-exito-del-dolar-soja\\\/#respond\"]}]},{\"@type\":\"WebPage\",\"@id\":\"https:\\\/\\\/informelitoral.com.ar\\\/bahillo-destaco-el-acompanamiento-de-pequenos-y-medianos-productores-al-exito-del-dolar-soja\\\/\",\"url\":\"https:\\\/\\\/informelitoral.com.ar\\\/bahillo-destaco-el-acompanamiento-de-pequenos-y-medianos-productores-al-exito-del-dolar-soja\\\/\",\"name\":\"Bahillo destac\u00f3 el acompa\u00f1amiento de peque\u00f1os y medianos productores al \u00e9xito del \u201cd\u00f3lar soja\u201d - Informe Litoral\",\"isPartOf\":{\"@id\":\"https:\\\/\\\/informelitoral.com.ar\\\/#website\"},\"primaryImageOfPage\":{\"@id\":\"https:\\\/\\\/informelitoral.com.ar\\\/bahillo-destaco-el-acompanamiento-de-pequenos-y-medianos-productores-al-exito-del-dolar-soja\\\/#primaryimage\"},\"image\":{\"@id\":\"https:\\\/\\\/informelitoral.com.ar\\\/bahillo-destaco-el-acompanamiento-de-pequenos-y-medianos-productores-al-exito-del-dolar-soja\\\/#primaryimage\"},\"thumbnailUrl\":\"https:\\\/\\\/informelitoral.com.ar\\\/%77%70%2d%63%6f%6e%74%65%6e%74\\\/uploads\\\/2022\\\/09\\\/apfdigital_377158_tapa_2292022_16821.jpg\",\"datePublished\":\"2022-09-23T12:03:49+00:00\",\"breadcrumb\":{\"@id\":\"https:\\\/\\\/informelitoral.com.ar\\\/bahillo-destaco-el-acompanamiento-de-pequenos-y-medianos-productores-al-exito-del-dolar-soja\\\/#breadcrumb\"},\"inLanguage\":\"es\",\"potentialAction\":[{\"@type\":\"ReadAction\",\"target\":[\"https:\\\/\\\/informelitoral.com.ar\\\/bahillo-destaco-el-acompanamiento-de-pequenos-y-medianos-productores-al-exito-del-dolar-soja\\\/\"]}]},{\"@type\":\"ImageObject\",\"inLanguage\":\"es\",\"@id\":\"https:\\\/\\\/informelitoral.com.ar\\\/bahillo-destaco-el-acompanamiento-de-pequenos-y-medianos-productores-al-exito-del-dolar-soja\\\/#primaryimage\",\"url\":\"https:\\\/\\\/informelitoral.com.ar\\\/%77%70%2d%63%6f%6e%74%65%6e%74\\\/uploads\\\/2022\\\/09\\\/apfdigital_377158_tapa_2292022_16821.jpg\",\"contentUrl\":\"https:\\\/\\\/informelitoral.com.ar\\\/%77%70%2d%63%6f%6e%74%65%6e%74\\\/uploads\\\/2022\\\/09\\\/apfdigital_377158_tapa_2292022_16821.jpg\",\"width\":492,\"height\":369},{\"@type\":\"BreadcrumbList\",\"@id\":\"https:\\\/\\\/informelitoral.com.ar\\\/bahillo-destaco-el-acompanamiento-de-pequenos-y-medianos-productores-al-exito-del-dolar-soja\\\/#breadcrumb\",\"itemListElement\":[{\"@type\":\"ListItem\",\"position\":1,\"name\":\"Portada\",\"item\":\"https:\\\/\\\/informelitoral.com.ar\\\/\"},{\"@type\":\"ListItem\",\"position\":2,\"name\":\"Bahillo destac\u00f3 el acompa\u00f1amiento de peque\u00f1os y medianos productores al \u00e9xito del \u201cd\u00f3lar soja\u201d\"}]},{\"@type\":\"WebSite\",\"@id\":\"https:\\\/\\\/informelitoral.com.ar\\\/#website\",\"url\":\"https:\\\/\\\/informelitoral.com.ar\\\/\",\"name\":\"Informe Litoral\",\"description\":\"&quot;Nos informamos&quot; \",\"publisher\":{\"@id\":\"https:\\\/\\\/informelitoral.com.ar\\\/#organization\"},\"potentialAction\":[{\"@type\":\"SearchAction\",\"target\":{\"@type\":\"EntryPoint\",\"urlTemplate\":\"https:\\\/\\\/informelitoral.com.ar\\\/?s={search_term_string}\"},\"query-input\":{\"@type\":\"PropertyValueSpecification\",\"valueRequired\":true,\"valueName\":\"search_term_string\"}}],\"inLanguage\":\"es\"},{\"@type\":\"Organization\",\"@id\":\"https:\\\/\\\/informelitoral.com.ar\\\/#organization\",\"name\":\"Informe Litoral\",\"url\":\"https:\\\/\\\/informelitoral.com.ar\\\/\",\"logo\":{\"@type\":\"ImageObject\",\"inLanguage\":\"es\",\"@id\":\"https:\\\/\\\/informelitoral.com.ar\\\/#\\\/schema\\\/logo\\\/image\\\/\",\"url\":\"https:\\\/\\\/informelitoral.com.ar\\\/%77%70%2d%63%6f%6e%74%65%6e%74\\\/uploads\\\/2021\\\/01\\\/circulo.png\",\"contentUrl\":\"https:\\\/\\\/informelitoral.com.ar\\\/%77%70%2d%63%6f%6e%74%65%6e%74\\\/uploads\\\/2021\\\/01\\\/circulo.png\",\"width\":723,\"height\":731,\"caption\":\"Informe Litoral\"},\"image\":{\"@id\":\"https:\\\/\\\/informelitoral.com.ar\\\/#\\\/schema\\\/logo\\\/image\\\/\"},\"sameAs\":[\"https:\\\/\\\/www.facebook.com\\\/informelitoral\\\/\",\"https:\\\/\\\/x.com\\\/InformeLitoral\",\"https:\\\/\\\/www.instagram.com\\\/informelitoral\\\/\",\"https:\\\/\\\/www.youtube.com\\\/channel\\\/UCua4Qvz8Icb6MYqhoq9xLXw\"]},{\"@type\":\"Person\",\"@id\":\"https:\\\/\\\/informelitoral.com.ar\\\/#\\\/schema\\\/person\\\/f05f9f461677119578717524b127d6d5\",\"name\":\"Sebastian\",\"image\":{\"@type\":\"ImageObject\",\"inLanguage\":\"es\",\"@id\":\"https:\\\/\\\/secure.gravatar.com\\\/avatar\\\/b71bf7481d447dfb9583c7f2798e7cc64de6efb9067b74633ed8c31059a3bd82?s=96&d=mm&r=g\",\"url\":\"https:\\\/\\\/secure.gravatar.com\\\/avatar\\\/b71bf7481d447dfb9583c7f2798e7cc64de6efb9067b74633ed8c31059a3bd82?s=96&d=mm&r=g\",\"contentUrl\":\"https:\\\/\\\/secure.gravatar.com\\\/avatar\\\/b71bf7481d447dfb9583c7f2798e7cc64de6efb9067b74633ed8c31059a3bd82?s=96&d=mm&r=g\",\"caption\":\"Sebastian\"},\"url\":\"https:\\\/\\\/informelitoral.com.ar\\\/author\\\/sebastian\\\/\"}]}<\/script>","yoast_head_json":{"title":"Bahillo destac\u00f3 el acompa\u00f1amiento de peque\u00f1os y medianos productores al \u00e9xito del \u201cd\u00f3lar soja\u201d - Informe Litoral","robots":{"index":"index","follow":"follow","max-snippet":"max-snippet:-1","max-image-preview":"max-image-preview:large","max-video-preview":"max-video-preview:-1"},"canonical":"https:\/\/informelitoral.com.ar\/bahillo-destaco-el-acompanamiento-de-pequenos-y-medianos-productores-al-exito-del-dolar-soja\/","og_locale":"es_ES","og_type":"article","og_title":"Bahillo destac\u00f3 el acompa\u00f1amiento de peque\u00f1os y medianos productores al \u00e9xito del \u201cd\u00f3lar soja\u201d - Informe Litoral","og_description":"El secretario de Agricultura, Ganader\u00eda y Pesca, Juan Jos\u00e9 Bahillo, rescat\u00f3 el aporte de peque\u00f1os y medianos productores agropecuarios para que el Programa Incremento Exportador, que permite liquidar d\u00f3lares con un precio diferencial al oficial, haya alcanzado el \u00e9xito antes de culminar","og_url":"https:\/\/informelitoral.com.ar\/bahillo-destaco-el-acompanamiento-de-pequenos-y-medianos-productores-al-exito-del-dolar-soja\/","og_site_name":"Informe Litoral","article_publisher":"https:\/\/www.facebook.com\/informelitoral\/","article_published_time":"2022-09-23T12:03:49+00:00","og_image":[{"width":492,"height":369,"url":"https:\/\/informelitoral.com.ar\/%77%70%2d%63%6f%6e%74%65%6e%74\/uploads\/2022\/09\/apfdigital_377158_tapa_2292022_16821.jpg","type":"image\/jpeg"}],"author":"Sebastian","twitter_card":"summary_large_image","twitter_creator":"@InformeLitoral","twitter_site":"@InformeLitoral","twitter_misc":{"Escrito por":"Sebastian","Tiempo de lectura":"1 minuto"},"schema":{"@context":"https:\/\/schema.org","@graph":[{"@type":"Article","@id":"https:\/\/informelitoral.com.ar\/bahillo-destaco-el-acompanamiento-de-pequenos-y-medianos-productores-al-exito-del-dolar-soja\/#article","isPartOf":{"@id":"https:\/\/informelitoral.com.ar\/bahillo-destaco-el-acompanamiento-de-pequenos-y-medianos-productores-al-exito-del-dolar-soja\/"},"author":{"name":"Sebastian","@id":"https:\/\/informelitoral.com.ar\/#\/schema\/person\/f05f9f461677119578717524b127d6d5"},"headline":"Bahillo destac\u00f3 el acompa\u00f1amiento de peque\u00f1os y medianos productores al \u00e9xito del \u201cd\u00f3lar soja\u201d","datePublished":"2022-09-23T12:03:49+00:00","mainEntityOfPage":{"@id":"https:\/\/informelitoral.com.ar\/bahillo-destaco-el-acompanamiento-de-pequenos-y-medianos-productores-al-exito-del-dolar-soja\/"},"wordCount":124,"commentCount":0,"publisher":{"@id":"https:\/\/informelitoral.com.ar\/#organization"},"image":{"@id":"https:\/\/informelitoral.com.ar\/bahillo-destaco-el-acompanamiento-de-pequenos-y-medianos-productores-al-exito-del-dolar-soja\/#primaryimage"},"thumbnailUrl":"https:\/\/informelitoral.com.ar\/%77%70%2d%63%6f%6e%74%65%6e%74\/uploads\/2022\/09\/apfdigital_377158_tapa_2292022_16821.jpg","keywords":["Juan Jos\u00e9 Bahillo"],"articleSection":["Campo"],"inLanguage":"es","potentialAction":[{"@type":"CommentAction","name":"Comment","target":["https:\/\/informelitoral.com.ar\/bahillo-destaco-el-acompanamiento-de-pequenos-y-medianos-productores-al-exito-del-dolar-soja\/#respond"]}]},{"@type":"WebPage","@id":"https:\/\/informelitoral.com.ar\/bahillo-destaco-el-acompanamiento-de-pequenos-y-medianos-productores-al-exito-del-dolar-soja\/","url":"https:\/\/informelitoral.com.ar\/bahillo-destaco-el-acompanamiento-de-pequenos-y-medianos-productores-al-exito-del-dolar-soja\/","name":"Bahillo destac\u00f3 el acompa\u00f1amiento de peque\u00f1os y medianos productores al \u00e9xito del \u201cd\u00f3lar soja\u201d - Informe Litoral","isPartOf":{"@id":"https:\/\/informelitoral.com.ar\/#website"},"primaryImageOfPage":{"@id":"https:\/\/informelitoral.com.ar\/bahillo-destaco-el-acompanamiento-de-pequenos-y-medianos-productores-al-exito-del-dolar-soja\/#primaryimage"},"image":{"@id":"https:\/\/informelitoral.com.ar\/bahillo-destaco-el-acompanamiento-de-pequenos-y-medianos-productores-al-exito-del-dolar-soja\/#primaryimage"},"thumbnailUrl":"https:\/\/informelitoral.com.ar\/%77%70%2d%63%6f%6e%74%65%6e%74\/uploads\/2022\/09\/apfdigital_377158_tapa_2292022_16821.jpg","datePublished":"2022-09-23T12:03:49+00:00","breadcrumb":{"@id":"https:\/\/informelitoral.com.ar\/bahillo-destaco-el-acompanamiento-de-pequenos-y-medianos-productores-al-exito-del-dolar-soja\/#breadcrumb"},"inLanguage":"es","potentialAction":[{"@type":"ReadAction","target":["https:\/\/informelitoral.com.ar\/bahillo-destaco-el-acompanamiento-de-pequenos-y-medianos-productores-al-exito-del-dolar-soja\/"]}]},{"@type":"ImageObject","inLanguage":"es","@id":"https:\/\/informelitoral.com.ar\/bahillo-destaco-el-acompanamiento-de-pequenos-y-medianos-productores-al-exito-del-dolar-soja\/#primaryimage","url":"https:\/\/informelitoral.com.ar\/%77%70%2d%63%6f%6e%74%65%6e%74\/uploads\/2022\/09\/apfdigital_377158_tapa_2292022_16821.jpg","contentUrl":"https:\/\/informelitoral.com.ar\/%77%70%2d%63%6f%6e%74%65%6e%74\/uploads\/2022\/09\/apfdigital_377158_tapa_2292022_16821.jpg","width":492,"height":369},{"@type":"BreadcrumbList","@id":"https:\/\/informelitoral.com.ar\/bahillo-destaco-el-acompanamiento-de-pequenos-y-medianos-productores-al-exito-del-dolar-soja\/#breadcrumb","itemListElement":[{"@type":"ListItem","position":1,"name":"Portada","item":"https:\/\/informelitoral.com.ar\/"},{"@type":"ListItem","position":2,"name":"Bahillo destac\u00f3 el acompa\u00f1amiento de peque\u00f1os y medianos productores al \u00e9xito del \u201cd\u00f3lar soja\u201d"}]},{"@type":"WebSite","@id":"https:\/\/informelitoral.com.ar\/#website","url":"https:\/\/informelitoral.com.ar\/","name":"Informe Litoral","description":"&quot;Nos informamos&quot; ","publisher":{"@id":"https:\/\/informelitoral.com.ar\/#organization"},"potentialAction":[{"@type":"SearchAction","target":{"@type":"EntryPoint","urlTemplate":"https:\/\/informelitoral.com.ar\/?s={search_term_string}"},"query-input":{"@type":"PropertyValueSpecification","valueRequired":true,"valueName":"search_term_string"}}],"inLanguage":"es"},{"@type":"Organization","@id":"https:\/\/informelitoral.com.ar\/#organization","name":"Informe Litoral","url":"https:\/\/informelitoral.com.ar\/","logo":{"@type":"ImageObject","inLanguage":"es","@id":"https:\/\/informelitoral.com.ar\/#\/schema\/logo\/image\/","url":"https:\/\/informelitoral.com.ar\/%77%70%2d%63%6f%6e%74%65%6e%74\/uploads\/2021\/01\/circulo.png","contentUrl":"https:\/\/informelitoral.com.ar\/%77%70%2d%63%6f%6e%74%65%6e%74\/uploads\/2021\/01\/circulo.png","width":723,"height":731,"caption":"Informe Litoral"},"image":{"@id":"https:\/\/informelitoral.com.ar\/#\/schema\/logo\/image\/"},"sameAs":["https:\/\/www.facebook.com\/informelitoral\/","https:\/\/x.com\/InformeLitoral","https:\/\/www.instagram.com\/informelitoral\/","https:\/\/www.youtube.com\/channel\/UCua4Qvz8Icb6MYqhoq9xLXw"]},{"@type":"Person","@id":"https:\/\/informelitoral.com.ar\/#\/schema\/person\/f05f9f461677119578717524b127d6d5","name":"Sebastian","image":{"@type":"ImageObject","inLanguage":"es","@id":"https:\/\/secure.gravatar.com\/avatar\/b71bf7481d447dfb9583c7f2798e7cc64de6efb9067b74633ed8c31059a3bd82?s=96&d=mm&r=g","url":"https:\/\/secure.gravatar.com\/avatar\/b71bf7481d447dfb9583c7f2798e7cc64de6efb9067b74633ed8c31059a3bd82?s=96&d=mm&r=g","contentUrl":"https:\/\/secure.gravatar.com\/avatar\/b71bf7481d447dfb9583c7f2798e7cc64de6efb9067b74633ed8c31059a3bd82?s=96&d=mm&r=g","caption":"Sebastian"},"url":"https:\/\/informelitoral.com.ar\/author\/sebastian\/"}]}},"_links":{"self":[{"href":"https:\/\/informelitoral.com.ar\/%77%70%2d%6a%73%6f%6e\/wp\/v2\/posts\/87739","targetHints":{"allow":["GET"]}}],"collection":[{"href":"https:\/\/informelitoral.com.ar\/%77%70%2d%6a%73%6f%6e\/wp\/v2\/posts"}],"about":[{"href":"https:\/\/informelitoral.com.ar\/%77%70%2d%6a%73%6f%6e\/wp\/v2\/types\/post"}],"author":[{"embeddable":true,"href":"https:\/\/informelitoral.com.ar\/%77%70%2d%6a%73%6f%6e\/wp\/v2\/users\/8"}],"replies":[{"embeddable":true,"href":"https:\/\/informelitoral.com.ar\/%77%70%2d%6a%73%6f%6e\/wp\/v2\/comments?post=87739"}],"version-history":[{"count":0,"href":"https:\/\/informelitoral.com.ar\/%77%70%2d%6a%73%6f%6e\/wp\/v2\/posts\/87739\/revisions"}],"wp:featuredmedia":[{"embeddable":true,"href":"https:\/\/informelitoral.com.ar\/%77%70%2d%6a%73%6f%6e\/wp\/v2\/media\/87742"}],"wp:attachment":[{"href":"https:\/\/informelitoral.com.ar\/%77%70%2d%6a%73%6f%6e\/wp\/v2\/media?parent=87739"}],"wp:term":[{"taxonomy":"category","embeddable":true,"href":"https:\/\/informelitoral.com.ar\/%77%70%2d%6a%73%6f%6e\/wp\/v2\/categories?post=87739"},{"taxonomy":"post_tag","embeddable":true,"href":"https:\/\/informelitoral.com.ar\/%77%70%2d%6a%73%6f%6e\/wp\/v2\/tags?post=87739"}],"curies":[{"name":"wp","href":"https:\/\/api.w.org\/{rel}","templated":true}]}}