{"id":87728,"date":"2022-09-23T08:38:24","date_gmt":"2022-09-23T11:38:24","guid":{"rendered":"https:\/\/www.informelitoral.com.ar\/?p=87728"},"modified":"2022-09-23T08:38:24","modified_gmt":"2022-09-23T11:38:24","slug":"dos-mujeres-hospitalizadas-tras-fuerte-impacto-entre-un-auto-y-moto-en-parana","status":"publish","type":"post","link":"https:\/\/informelitoral.com.ar\/dos-mujeres-hospitalizadas-tras-fuerte-impacto-entre-un-auto-y-moto-en-parana\/","title":{"rendered":"Dos mujeres hospitalizadas tras fuerte impacto entre un auto y moto en Paran\u00e1"},"content":{"rendered":"<p>Un grave siniestro vial ocurri\u00f3 en noche de este jueves en Paran\u00e1. Un auto y una moto impactaron fuertemente en la intersecci\u00f3n de Avenida Zanni y calle Medus, y producto del choque, dos mujeres fueron trasladadas al hospital San Mart\u00edn.<\/p>\n<p>El veh\u00edculo de mayor porte, se trasladaba por la avenida \u201csin iluminar\u201d y las motociclistas por calle Medus. Cuando quisieron incorporarse a la arteria principal, impactaron violentamente contra el auto.<\/p>\n<p>El conductor, un joven de 29 a\u00f1os, se\u00f1al\u00f3 a este medio que \u201cla avenida era una boca de lobos. No llegue a verlas\u201d y se mostr\u00f3 muy consternado por la salud de las motociclistas. Las mujeres fueron trasladas al nosocomio local conscientes, pero con golpes muy fuertes. Se espera el resultado de las placas para determinar el car\u00e1cter de lesiones.<\/p>\n<p>La polic\u00eda trabaja para esclarecer con exactitud c\u00f3mo sucedieron los hechos que dejaron importantes da\u00f1os materiales. El auto, result\u00f3 con importantes abollones en el parabrisas y el capot. En tanto la moto, registra destrozos en el asiento, manubrio y tanque de gasolina.<\/p>\n","protected":false},"excerpt":{"rendered":"<p>El violento accidente sucedi\u00f3 en Avenida Zanni y calle Medus. Las motociclistas fueron trasladados al hospital San Mart\u00edn con fuertes golpes. El conductor se\u00f1al\u00f3 que \u201cla avenida era una boca de lobo\u201d<\/p>\n","protected":false},"author":8,"featured_media":24888,"comment_status":"open","ping_status":"open","sticky":false,"template":"","format":"standard","meta":{"fifu_image_url":"","fifu_image_alt":"","footnotes":""},"categories":[14],"tags":[304],"class_list":{"0":"post-87728","1":"post","2":"type-post","3":"status-publish","4":"format-standard","5":"has-post-thumbnail","7":"category-policiales","8":"tag-accidente-vial"},"yoast_head":"<title>Dos mujeres hospitalizadas tras fuerte impacto entre un auto y moto en Paran\u00e1 - Informe Litoral<\/title>\n<meta name=\"robots\" content=\"index, follow, max-snippet:-1, max-image-preview:large, max-video-preview:-1\" \/>\n<link rel=\"canonical\" href=\"https:\/\/informelitoral.com.ar\/dos-mujeres-hospitalizadas-tras-fuerte-impacto-entre-un-auto-y-moto-en-parana\/\" \/>\n<meta property=\"og:locale\" content=\"es_ES\" \/>\n<meta property=\"og:type\" content=\"article\" \/>\n<meta property=\"og:title\" content=\"Dos mujeres hospitalizadas tras fuerte impacto entre un auto y moto en Paran\u00e1 - Informe Litoral\" \/>\n<meta property=\"og:description\" content=\"El violento accidente sucedi\u00f3 en Avenida Zanni y calle Medus. Las motociclistas fueron trasladados al hospital San Mart\u00edn con fuertes golpes. El conductor se\u00f1al\u00f3 que \u201cla avenida era una boca de lobo\u201d\" \/>\n<meta property=\"og:url\" content=\"https:\/\/informelitoral.com.ar\/dos-mujeres-hospitalizadas-tras-fuerte-impacto-entre-un-auto-y-moto-en-parana\/\" \/>\n<meta property=\"og:site_name\" content=\"Informe Litoral\" \/>\n<meta property=\"article:publisher\" content=\"https:\/\/www.facebook.com\/informelitoral\/\" \/>\n<meta property=\"article:published_time\" content=\"2022-09-23T11:38:24+00:00\" \/>\n<meta property=\"og:image\" content=\"https:\/\/informelitoral.com.ar\/%77%70%2d%63%6f%6e%74%65%6e%74\/uploads\/2018\/02\/policia-patrullero-768x506.jpg\" \/>\n\t<meta property=\"og:image:width\" content=\"768\" \/>\n\t<meta property=\"og:image:height\" content=\"506\" \/>\n\t<meta property=\"og:image:type\" content=\"image\/jpeg\" \/>\n<meta name=\"author\" content=\"Sebastian\" \/>\n<meta name=\"twitter:card\" content=\"summary_large_image\" \/>\n<meta name=\"twitter:creator\" content=\"@InformeLitoral\" \/>\n<meta name=\"twitter:site\" content=\"@InformeLitoral\" \/>\n<meta name=\"twitter:label1\" content=\"Escrito por\" \/>\n\t<meta name=\"twitter:data1\" content=\"Sebastian\" \/>\n\t<meta name=\"twitter:label2\" content=\"Tiempo de lectura\" \/>\n\t<meta name=\"twitter:data2\" content=\"1 minuto\" \/>\n<script type=\"application\/ld+json\" class=\"yoast-schema-graph\">{\"@context\":\"https:\\\/\\\/schema.org\",\"@graph\":[{\"@type\":\"Article\",\"@id\":\"https:\\\/\\\/informelitoral.com.ar\\\/dos-mujeres-hospitalizadas-tras-fuerte-impacto-entre-un-auto-y-moto-en-parana\\\/#article\",\"isPartOf\":{\"@id\":\"https:\\\/\\\/informelitoral.com.ar\\\/dos-mujeres-hospitalizadas-tras-fuerte-impacto-entre-un-auto-y-moto-en-parana\\\/\"},\"author\":{\"name\":\"Sebastian\",\"@id\":\"https:\\\/\\\/informelitoral.com.ar\\\/#\\\/schema\\\/person\\\/f05f9f461677119578717524b127d6d5\"},\"headline\":\"Dos mujeres hospitalizadas tras fuerte impacto entre un auto y moto en Paran\u00e1\",\"datePublished\":\"2022-09-23T11:38:24+00:00\",\"mainEntityOfPage\":{\"@id\":\"https:\\\/\\\/informelitoral.com.ar\\\/dos-mujeres-hospitalizadas-tras-fuerte-impacto-entre-un-auto-y-moto-en-parana\\\/\"},\"wordCount\":193,\"commentCount\":0,\"publisher\":{\"@id\":\"https:\\\/\\\/informelitoral.com.ar\\\/#organization\"},\"image\":{\"@id\":\"https:\\\/\\\/informelitoral.com.ar\\\/dos-mujeres-hospitalizadas-tras-fuerte-impacto-entre-un-auto-y-moto-en-parana\\\/#primaryimage\"},\"thumbnailUrl\":\"https:\\\/\\\/informelitoral.com.ar\\\/%77%70%2d%63%6f%6e%74%65%6e%74\\\/uploads\\\/2018\\\/02\\\/policia-patrullero-768x506.jpg\",\"keywords\":[\"Accidente vial\"],\"articleSection\":[\"Policiales\"],\"inLanguage\":\"es\",\"potentialAction\":[{\"@type\":\"CommentAction\",\"name\":\"Comment\",\"target\":[\"https:\\\/\\\/informelitoral.com.ar\\\/dos-mujeres-hospitalizadas-tras-fuerte-impacto-entre-un-auto-y-moto-en-parana\\\/#respond\"]}]},{\"@type\":\"WebPage\",\"@id\":\"https:\\\/\\\/informelitoral.com.ar\\\/dos-mujeres-hospitalizadas-tras-fuerte-impacto-entre-un-auto-y-moto-en-parana\\\/\",\"url\":\"https:\\\/\\\/informelitoral.com.ar\\\/dos-mujeres-hospitalizadas-tras-fuerte-impacto-entre-un-auto-y-moto-en-parana\\\/\",\"name\":\"Dos mujeres hospitalizadas tras fuerte impacto entre un auto y moto en Paran\u00e1 - Informe Litoral\",\"isPartOf\":{\"@id\":\"https:\\\/\\\/informelitoral.com.ar\\\/#website\"},\"primaryImageOfPage\":{\"@id\":\"https:\\\/\\\/informelitoral.com.ar\\\/dos-mujeres-hospitalizadas-tras-fuerte-impacto-entre-un-auto-y-moto-en-parana\\\/#primaryimage\"},\"image\":{\"@id\":\"https:\\\/\\\/informelitoral.com.ar\\\/dos-mujeres-hospitalizadas-tras-fuerte-impacto-entre-un-auto-y-moto-en-parana\\\/#primaryimage\"},\"thumbnailUrl\":\"https:\\\/\\\/informelitoral.com.ar\\\/%77%70%2d%63%6f%6e%74%65%6e%74\\\/uploads\\\/2018\\\/02\\\/policia-patrullero-768x506.jpg\",\"datePublished\":\"2022-09-23T11:38:24+00:00\",\"breadcrumb\":{\"@id\":\"https:\\\/\\\/informelitoral.com.ar\\\/dos-mujeres-hospitalizadas-tras-fuerte-impacto-entre-un-auto-y-moto-en-parana\\\/#breadcrumb\"},\"inLanguage\":\"es\",\"potentialAction\":[{\"@type\":\"ReadAction\",\"target\":[\"https:\\\/\\\/informelitoral.com.ar\\\/dos-mujeres-hospitalizadas-tras-fuerte-impacto-entre-un-auto-y-moto-en-parana\\\/\"]}]},{\"@type\":\"ImageObject\",\"inLanguage\":\"es\",\"@id\":\"https:\\\/\\\/informelitoral.com.ar\\\/dos-mujeres-hospitalizadas-tras-fuerte-impacto-entre-un-auto-y-moto-en-parana\\\/#primaryimage\",\"url\":\"https:\\\/\\\/informelitoral.com.ar\\\/%77%70%2d%63%6f%6e%74%65%6e%74\\\/uploads\\\/2018\\\/02\\\/policia-patrullero-768x506.jpg\",\"contentUrl\":\"https:\\\/\\\/informelitoral.com.ar\\\/%77%70%2d%63%6f%6e%74%65%6e%74\\\/uploads\\\/2018\\\/02\\\/policia-patrullero-768x506.jpg\",\"width\":768,\"height\":506},{\"@type\":\"BreadcrumbList\",\"@id\":\"https:\\\/\\\/informelitoral.com.ar\\\/dos-mujeres-hospitalizadas-tras-fuerte-impacto-entre-un-auto-y-moto-en-parana\\\/#breadcrumb\",\"itemListElement\":[{\"@type\":\"ListItem\",\"position\":1,\"name\":\"Portada\",\"item\":\"https:\\\/\\\/informelitoral.com.ar\\\/\"},{\"@type\":\"ListItem\",\"position\":2,\"name\":\"Dos mujeres hospitalizadas tras fuerte impacto entre un auto y moto en Paran\u00e1\"}]},{\"@type\":\"WebSite\",\"@id\":\"https:\\\/\\\/informelitoral.com.ar\\\/#website\",\"url\":\"https:\\\/\\\/informelitoral.com.ar\\\/\",\"name\":\"Informe Litoral\",\"description\":\"&quot;Nos informamos&quot; \",\"publisher\":{\"@id\":\"https:\\\/\\\/informelitoral.com.ar\\\/#organization\"},\"potentialAction\":[{\"@type\":\"SearchAction\",\"target\":{\"@type\":\"EntryPoint\",\"urlTemplate\":\"https:\\\/\\\/informelitoral.com.ar\\\/?s={search_term_string}\"},\"query-input\":{\"@type\":\"PropertyValueSpecification\",\"valueRequired\":true,\"valueName\":\"search_term_string\"}}],\"inLanguage\":\"es\"},{\"@type\":\"Organization\",\"@id\":\"https:\\\/\\\/informelitoral.com.ar\\\/#organization\",\"name\":\"Informe Litoral\",\"url\":\"https:\\\/\\\/informelitoral.com.ar\\\/\",\"logo\":{\"@type\":\"ImageObject\",\"inLanguage\":\"es\",\"@id\":\"https:\\\/\\\/informelitoral.com.ar\\\/#\\\/schema\\\/logo\\\/image\\\/\",\"url\":\"https:\\\/\\\/informelitoral.com.ar\\\/%77%70%2d%63%6f%6e%74%65%6e%74\\\/uploads\\\/2021\\\/01\\\/circulo.png\",\"contentUrl\":\"https:\\\/\\\/informelitoral.com.ar\\\/%77%70%2d%63%6f%6e%74%65%6e%74\\\/uploads\\\/2021\\\/01\\\/circulo.png\",\"width\":723,\"height\":731,\"caption\":\"Informe Litoral\"},\"image\":{\"@id\":\"https:\\\/\\\/informelitoral.com.ar\\\/#\\\/schema\\\/logo\\\/image\\\/\"},\"sameAs\":[\"https:\\\/\\\/www.facebook.com\\\/informelitoral\\\/\",\"https:\\\/\\\/x.com\\\/InformeLitoral\",\"https:\\\/\\\/www.instagram.com\\\/informelitoral\\\/\",\"https:\\\/\\\/www.youtube.com\\\/channel\\\/UCua4Qvz8Icb6MYqhoq9xLXw\"]},{\"@type\":\"Person\",\"@id\":\"https:\\\/\\\/informelitoral.com.ar\\\/#\\\/schema\\\/person\\\/f05f9f461677119578717524b127d6d5\",\"name\":\"Sebastian\",\"image\":{\"@type\":\"ImageObject\",\"inLanguage\":\"es\",\"@id\":\"https:\\\/\\\/secure.gravatar.com\\\/avatar\\\/b71bf7481d447dfb9583c7f2798e7cc64de6efb9067b74633ed8c31059a3bd82?s=96&d=mm&r=g\",\"url\":\"https:\\\/\\\/secure.gravatar.com\\\/avatar\\\/b71bf7481d447dfb9583c7f2798e7cc64de6efb9067b74633ed8c31059a3bd82?s=96&d=mm&r=g\",\"contentUrl\":\"https:\\\/\\\/secure.gravatar.com\\\/avatar\\\/b71bf7481d447dfb9583c7f2798e7cc64de6efb9067b74633ed8c31059a3bd82?s=96&d=mm&r=g\",\"caption\":\"Sebastian\"},\"url\":\"https:\\\/\\\/informelitoral.com.ar\\\/author\\\/sebastian\\\/\"}]}<\/script>","yoast_head_json":{"title":"Dos mujeres hospitalizadas tras fuerte impacto entre un auto y moto en Paran\u00e1 - Informe Litoral","robots":{"index":"index","follow":"follow","max-snippet":"max-snippet:-1","max-image-preview":"max-image-preview:large","max-video-preview":"max-video-preview:-1"},"canonical":"https:\/\/informelitoral.com.ar\/dos-mujeres-hospitalizadas-tras-fuerte-impacto-entre-un-auto-y-moto-en-parana\/","og_locale":"es_ES","og_type":"article","og_title":"Dos mujeres hospitalizadas tras fuerte impacto entre un auto y moto en Paran\u00e1 - Informe Litoral","og_description":"El violento accidente sucedi\u00f3 en Avenida Zanni y calle Medus. Las motociclistas fueron trasladados al hospital San Mart\u00edn con fuertes golpes. El conductor se\u00f1al\u00f3 que \u201cla avenida era una boca de lobo\u201d","og_url":"https:\/\/informelitoral.com.ar\/dos-mujeres-hospitalizadas-tras-fuerte-impacto-entre-un-auto-y-moto-en-parana\/","og_site_name":"Informe Litoral","article_publisher":"https:\/\/www.facebook.com\/informelitoral\/","article_published_time":"2022-09-23T11:38:24+00:00","og_image":[{"width":768,"height":506,"url":"https:\/\/informelitoral.com.ar\/%77%70%2d%63%6f%6e%74%65%6e%74\/uploads\/2018\/02\/policia-patrullero-768x506.jpg","type":"image\/jpeg"}],"author":"Sebastian","twitter_card":"summary_large_image","twitter_creator":"@InformeLitoral","twitter_site":"@InformeLitoral","twitter_misc":{"Escrito por":"Sebastian","Tiempo de lectura":"1 minuto"},"schema":{"@context":"https:\/\/schema.org","@graph":[{"@type":"Article","@id":"https:\/\/informelitoral.com.ar\/dos-mujeres-hospitalizadas-tras-fuerte-impacto-entre-un-auto-y-moto-en-parana\/#article","isPartOf":{"@id":"https:\/\/informelitoral.com.ar\/dos-mujeres-hospitalizadas-tras-fuerte-impacto-entre-un-auto-y-moto-en-parana\/"},"author":{"name":"Sebastian","@id":"https:\/\/informelitoral.com.ar\/#\/schema\/person\/f05f9f461677119578717524b127d6d5"},"headline":"Dos mujeres hospitalizadas tras fuerte impacto entre un auto y moto en Paran\u00e1","datePublished":"2022-09-23T11:38:24+00:00","mainEntityOfPage":{"@id":"https:\/\/informelitoral.com.ar\/dos-mujeres-hospitalizadas-tras-fuerte-impacto-entre-un-auto-y-moto-en-parana\/"},"wordCount":193,"commentCount":0,"publisher":{"@id":"https:\/\/informelitoral.com.ar\/#organization"},"image":{"@id":"https:\/\/informelitoral.com.ar\/dos-mujeres-hospitalizadas-tras-fuerte-impacto-entre-un-auto-y-moto-en-parana\/#primaryimage"},"thumbnailUrl":"https:\/\/informelitoral.com.ar\/%77%70%2d%63%6f%6e%74%65%6e%74\/uploads\/2018\/02\/policia-patrullero-768x506.jpg","keywords":["Accidente vial"],"articleSection":["Policiales"],"inLanguage":"es","potentialAction":[{"@type":"CommentAction","name":"Comment","target":["https:\/\/informelitoral.com.ar\/dos-mujeres-hospitalizadas-tras-fuerte-impacto-entre-un-auto-y-moto-en-parana\/#respond"]}]},{"@type":"WebPage","@id":"https:\/\/informelitoral.com.ar\/dos-mujeres-hospitalizadas-tras-fuerte-impacto-entre-un-auto-y-moto-en-parana\/","url":"https:\/\/informelitoral.com.ar\/dos-mujeres-hospitalizadas-tras-fuerte-impacto-entre-un-auto-y-moto-en-parana\/","name":"Dos mujeres hospitalizadas tras fuerte impacto entre un auto y moto en Paran\u00e1 - Informe Litoral","isPartOf":{"@id":"https:\/\/informelitoral.com.ar\/#website"},"primaryImageOfPage":{"@id":"https:\/\/informelitoral.com.ar\/dos-mujeres-hospitalizadas-tras-fuerte-impacto-entre-un-auto-y-moto-en-parana\/#primaryimage"},"image":{"@id":"https:\/\/informelitoral.com.ar\/dos-mujeres-hospitalizadas-tras-fuerte-impacto-entre-un-auto-y-moto-en-parana\/#primaryimage"},"thumbnailUrl":"https:\/\/informelitoral.com.ar\/%77%70%2d%63%6f%6e%74%65%6e%74\/uploads\/2018\/02\/policia-patrullero-768x506.jpg","datePublished":"2022-09-23T11:38:24+00:00","breadcrumb":{"@id":"https:\/\/informelitoral.com.ar\/dos-mujeres-hospitalizadas-tras-fuerte-impacto-entre-un-auto-y-moto-en-parana\/#breadcrumb"},"inLanguage":"es","potentialAction":[{"@type":"ReadAction","target":["https:\/\/informelitoral.com.ar\/dos-mujeres-hospitalizadas-tras-fuerte-impacto-entre-un-auto-y-moto-en-parana\/"]}]},{"@type":"ImageObject","inLanguage":"es","@id":"https:\/\/informelitoral.com.ar\/dos-mujeres-hospitalizadas-tras-fuerte-impacto-entre-un-auto-y-moto-en-parana\/#primaryimage","url":"https:\/\/informelitoral.com.ar\/%77%70%2d%63%6f%6e%74%65%6e%74\/uploads\/2018\/02\/policia-patrullero-768x506.jpg","contentUrl":"https:\/\/informelitoral.com.ar\/%77%70%2d%63%6f%6e%74%65%6e%74\/uploads\/2018\/02\/policia-patrullero-768x506.jpg","width":768,"height":506},{"@type":"BreadcrumbList","@id":"https:\/\/informelitoral.com.ar\/dos-mujeres-hospitalizadas-tras-fuerte-impacto-entre-un-auto-y-moto-en-parana\/#breadcrumb","itemListElement":[{"@type":"ListItem","position":1,"name":"Portada","item":"https:\/\/informelitoral.com.ar\/"},{"@type":"ListItem","position":2,"name":"Dos mujeres hospitalizadas tras fuerte impacto entre un auto y moto en Paran\u00e1"}]},{"@type":"WebSite","@id":"https:\/\/informelitoral.com.ar\/#website","url":"https:\/\/informelitoral.com.ar\/","name":"Informe Litoral","description":"&quot;Nos informamos&quot; ","publisher":{"@id":"https:\/\/informelitoral.com.ar\/#organization"},"potentialAction":[{"@type":"SearchAction","target":{"@type":"EntryPoint","urlTemplate":"https:\/\/informelitoral.com.ar\/?s={search_term_string}"},"query-input":{"@type":"PropertyValueSpecification","valueRequired":true,"valueName":"search_term_string"}}],"inLanguage":"es"},{"@type":"Organization","@id":"https:\/\/informelitoral.com.ar\/#organization","name":"Informe Litoral","url":"https:\/\/informelitoral.com.ar\/","logo":{"@type":"ImageObject","inLanguage":"es","@id":"https:\/\/informelitoral.com.ar\/#\/schema\/logo\/image\/","url":"https:\/\/informelitoral.com.ar\/%77%70%2d%63%6f%6e%74%65%6e%74\/uploads\/2021\/01\/circulo.png","contentUrl":"https:\/\/informelitoral.com.ar\/%77%70%2d%63%6f%6e%74%65%6e%74\/uploads\/2021\/01\/circulo.png","width":723,"height":731,"caption":"Informe Litoral"},"image":{"@id":"https:\/\/informelitoral.com.ar\/#\/schema\/logo\/image\/"},"sameAs":["https:\/\/www.facebook.com\/informelitoral\/","https:\/\/x.com\/InformeLitoral","https:\/\/www.instagram.com\/informelitoral\/","https:\/\/www.youtube.com\/channel\/UCua4Qvz8Icb6MYqhoq9xLXw"]},{"@type":"Person","@id":"https:\/\/informelitoral.com.ar\/#\/schema\/person\/f05f9f461677119578717524b127d6d5","name":"Sebastian","image":{"@type":"ImageObject","inLanguage":"es","@id":"https:\/\/secure.gravatar.com\/avatar\/b71bf7481d447dfb9583c7f2798e7cc64de6efb9067b74633ed8c31059a3bd82?s=96&d=mm&r=g","url":"https:\/\/secure.gravatar.com\/avatar\/b71bf7481d447dfb9583c7f2798e7cc64de6efb9067b74633ed8c31059a3bd82?s=96&d=mm&r=g","contentUrl":"https:\/\/secure.gravatar.com\/avatar\/b71bf7481d447dfb9583c7f2798e7cc64de6efb9067b74633ed8c31059a3bd82?s=96&d=mm&r=g","caption":"Sebastian"},"url":"https:\/\/informelitoral.com.ar\/author\/sebastian\/"}]}},"_links":{"self":[{"href":"https:\/\/informelitoral.com.ar\/%77%70%2d%6a%73%6f%6e\/wp\/v2\/posts\/87728","targetHints":{"allow":["GET"]}}],"collection":[{"href":"https:\/\/informelitoral.com.ar\/%77%70%2d%6a%73%6f%6e\/wp\/v2\/posts"}],"about":[{"href":"https:\/\/informelitoral.com.ar\/%77%70%2d%6a%73%6f%6e\/wp\/v2\/types\/post"}],"author":[{"embeddable":true,"href":"https:\/\/informelitoral.com.ar\/%77%70%2d%6a%73%6f%6e\/wp\/v2\/users\/8"}],"replies":[{"embeddable":true,"href":"https:\/\/informelitoral.com.ar\/%77%70%2d%6a%73%6f%6e\/wp\/v2\/comments?post=87728"}],"version-history":[{"count":0,"href":"https:\/\/informelitoral.com.ar\/%77%70%2d%6a%73%6f%6e\/wp\/v2\/posts\/87728\/revisions"}],"wp:featuredmedia":[{"embeddable":true,"href":"https:\/\/informelitoral.com.ar\/%77%70%2d%6a%73%6f%6e\/wp\/v2\/media\/24888"}],"wp:attachment":[{"href":"https:\/\/informelitoral.com.ar\/%77%70%2d%6a%73%6f%6e\/wp\/v2\/media?parent=87728"}],"wp:term":[{"taxonomy":"category","embeddable":true,"href":"https:\/\/informelitoral.com.ar\/%77%70%2d%6a%73%6f%6e\/wp\/v2\/categories?post=87728"},{"taxonomy":"post_tag","embeddable":true,"href":"https:\/\/informelitoral.com.ar\/%77%70%2d%6a%73%6f%6e\/wp\/v2\/tags?post=87728"}],"curies":[{"name":"wp","href":"https:\/\/api.w.org\/{rel}","templated":true}]}}