{"id":8771,"date":"2014-10-30T21:58:28","date_gmt":"2014-10-31T00:58:28","guid":{"rendered":"http:\/\/www.isletasnoticias.com.ar\/?p=8771"},"modified":"2014-10-30T22:07:16","modified_gmt":"2014-10-31T01:07:16","slug":"diputados-declaro-de-interes-la-xxxv-fiesta-provincial-de-la-juventud-de-ramirez","status":"publish","type":"post","link":"https:\/\/informelitoral.com.ar\/diputados-declaro-de-interes-la-xxxv-fiesta-provincial-de-la-juventud-de-ramirez\/","title":{"rendered":"Diputados declar\u00f3 de inter\u00e9s a la XXXV Fiesta Provincial de la Juventud de Ram\u00edrez"},"content":{"rendered":"<p><strong>La C\u00e1mara de Diputados de Entre R\u00edos, declar\u00f3 de inter\u00e9s la edici\u00f3n 2014 de la Fiesta Provincial de la Juventud de General Ram\u00edrez. La iniciativa fue del diputado J<em>orge Monge (UCR Diamante).<a href=\"http:\/\/www.isletasnoticias.com.ar\/%77%70%2d%63%6f%6e%74%65%6e%74\/uploads\/2013\/10\/diputado-jorge-monge.jpg\"><img loading=\"lazy\" decoding=\"async\" class=\"aligncenter size-medium wp-image-3791\" src=\"http:\/\/www.isletasnoticias.com.ar\/%77%70%2d%63%6f%6e%74%65%6e%74\/uploads\/2013\/10\/diputado-jorge-monge-300x195.jpg\" alt=\"diputado-jorge-monge\" width=\"300\" height=\"195\" srcset=\"https:\/\/informelitoral.com.ar\/%77%70%2d%63%6f%6e%74%65%6e%74\/uploads\/2013\/10\/diputado-jorge-monge-300x195.jpg 300w, https:\/\/informelitoral.com.ar\/%77%70%2d%63%6f%6e%74%65%6e%74\/uploads\/2013\/10\/diputado-jorge-monge.jpg 722w\" sizes=\"auto, (max-width: 300px) 100vw, 300px\" \/><\/a><\/em><\/strong><\/p>\n<p>Del 10 al 16 de noviembre de 2014 tendr\u00e1 lugar la XXXV edici\u00f3n de la Fiesta Provincial de la Juventud en la ciudad de General Ram\u00edrez. \u00abDurante esas calendas se desarrollar\u00e1n actividades educativas, culturales, recreativas y las noches de diversi\u00f3n, congregando a importantes cantidades de j\u00f3venes de una importante zona de la provincia de Entre R\u00edos\u00bb, expuso el diputado,\u00a0<strong>Jorge Monge<\/strong> en los fundamentos del proyecto enviado a <em>Isletas Noticias.\u00a0<\/em><\/p>\n<p>Posteriormente record\u00f3 que \u00abesta fiesta tuvo su g\u00e9nesis en 1969, cuando comenz\u00f3 a desarrollarse para festejar la llegada de la primavera a trav\u00e9s de la iniciativa de un grupo de estudiantes de 5\u00ba a\u00f1o del Instituto Comercial &#8216;Francisco Ram\u00edrez&#8217;, con un desfile de carrozas y un baile que coron\u00f3 la reina de la juventud, teniendo como objetivo recaudar fondos para el viaje de fin de curso. En el a\u00f1o 1973, la ciudad de General Ram\u00edrez fue declarada sede de la Fiesta Provincial de la Juventud, condici\u00f3n que fuera reafirmada en el a\u00f1o siguiente mediante\u00a0\u00a0 la sanci\u00f3n de la Ley N\u00ba 5604 por parte de la Legislatura entrerriana\u00bb.<\/p>\n<p>El legislador radical, adelant\u00f3 a sus pares que \u00aben esta ocasi\u00f3n, las celebraciones comenzar\u00e1n el d\u00eda lunes 10 y finalizar\u00e1n el domingo 16 de noviembre con un nutrido programa que comprende -entre otras cosas- charlas educativas, tradicionales juegos, fog\u00f3n bailable, recitales musicales con la participaci\u00f3n de reconocidos artistas, el desfile de carrozas, baile y elecci\u00f3n de la Reina y el Rey de la juventud\u00bb.<\/p>\n<p>\u00abSin lugar a dudas, Honorable C\u00e1mara, esta fiesta constituye un verdadero orgullo para toda la comunidad de General Ram\u00edrez, en particular para sus j\u00f3venes, trascedentes protagonistas de esta participativa celebraci\u00f3n\u00bb, destac\u00f3 el diputado en otro tramo de los fundamentos del proyecto de declaraci\u00f3n.<\/p>\n","protected":false},"excerpt":{"rendered":"<p>La C&aacute;mara de Diputados de Entre R&iacute;os, declar&oacute; de inter&eacute;s la edici&oacute;n 2014 de la Fiesta Provincial de la Juventud de General Ram&iacute;rez. La iniciativa fue del diputado Jorge Monge (UCR Diamante). Del 10 al 16 de noviembre de 2014 tendr&aacute; lugar la XXXV edici&oacute;n de la Fiesta Provincial de la Juventud en la ciudad [&hellip;]<\/p>\n","protected":false},"author":2,"featured_media":0,"comment_status":"open","ping_status":"open","sticky":false,"template":"","format":"standard","meta":{"fifu_image_url":"","fifu_image_alt":"","footnotes":""},"categories":[5,6],"tags":[],"class_list":{"0":"post-8771","1":"post","2":"type-post","3":"status-publish","4":"format-standard","6":"category-zonales","7":"category-entre-rios"},"yoast_head":"<title>Diputados declar\u00f3 de inter\u00e9s a la XXXV Fiesta Provincial de la Juventud de Ram\u00edrez  - Informe Litoral<\/title>\n<meta name=\"robots\" content=\"index, follow, max-snippet:-1, max-image-preview:large, max-video-preview:-1\" \/>\n<link rel=\"canonical\" href=\"https:\/\/informelitoral.com.ar\/diputados-declaro-de-interes-la-xxxv-fiesta-provincial-de-la-juventud-de-ramirez\/\" \/>\n<meta property=\"og:locale\" content=\"es_ES\" \/>\n<meta property=\"og:type\" content=\"article\" \/>\n<meta property=\"og:title\" content=\"Diputados declar\u00f3 de inter\u00e9s a la XXXV Fiesta Provincial de la Juventud de Ram\u00edrez  - Informe Litoral\" \/>\n<meta property=\"og:description\" content=\"La C&aacute;mara de Diputados de Entre R&iacute;os, declar&oacute; de inter&eacute;s la edici&oacute;n 2014 de la Fiesta Provincial de la Juventud de General Ram&iacute;rez. La iniciativa fue del diputado Jorge Monge (UCR Diamante). Del 10 al 16 de noviembre de 2014 tendr&aacute; lugar la XXXV edici&oacute;n de la Fiesta Provincial de la Juventud en la ciudad [&hellip;]\" \/>\n<meta property=\"og:url\" content=\"https:\/\/informelitoral.com.ar\/diputados-declaro-de-interes-la-xxxv-fiesta-provincial-de-la-juventud-de-ramirez\/\" \/>\n<meta property=\"og:site_name\" content=\"Informe Litoral\" \/>\n<meta property=\"article:publisher\" content=\"https:\/\/www.facebook.com\/informelitoral\/\" \/>\n<meta property=\"article:published_time\" content=\"2014-10-31T00:58:28+00:00\" \/>\n<meta property=\"article:modified_time\" content=\"2014-10-31T01:07:16+00:00\" \/>\n<meta property=\"og:image\" content=\"https:\/\/informelitoral.com.ar\/%77%70%2d%63%6f%6e%74%65%6e%74\/uploads\/2013\/10\/diputado-jorge-monge.jpg\" \/>\n\t<meta property=\"og:image:width\" content=\"722\" \/>\n\t<meta property=\"og:image:height\" content=\"470\" \/>\n\t<meta property=\"og:image:type\" content=\"image\/jpeg\" \/>\n<meta name=\"author\" content=\"Gonzalo Schmidt\" \/>\n<meta name=\"twitter:card\" content=\"summary_large_image\" \/>\n<meta name=\"twitter:creator\" content=\"@InformeLitoral\" \/>\n<meta name=\"twitter:site\" content=\"@InformeLitoral\" \/>\n<meta name=\"twitter:label1\" content=\"Escrito por\" \/>\n\t<meta name=\"twitter:data1\" content=\"Gonzalo Schmidt\" \/>\n\t<meta name=\"twitter:label2\" content=\"Tiempo de lectura\" \/>\n\t<meta name=\"twitter:data2\" content=\"2 minutos\" \/>\n<script type=\"application\/ld+json\" class=\"yoast-schema-graph\">{\"@context\":\"https:\\\/\\\/schema.org\",\"@graph\":[{\"@type\":\"Article\",\"@id\":\"https:\\\/\\\/informelitoral.com.ar\\\/diputados-declaro-de-interes-la-xxxv-fiesta-provincial-de-la-juventud-de-ramirez\\\/#article\",\"isPartOf\":{\"@id\":\"https:\\\/\\\/informelitoral.com.ar\\\/diputados-declaro-de-interes-la-xxxv-fiesta-provincial-de-la-juventud-de-ramirez\\\/\"},\"author\":{\"name\":\"Gonzalo Schmidt\",\"@id\":\"https:\\\/\\\/informelitoral.com.ar\\\/#\\\/schema\\\/person\\\/b9d00407c836482871ef1d57bf8e3180\"},\"headline\":\"Diputados declar\u00f3 de inter\u00e9s a la XXXV Fiesta Provincial de la Juventud de Ram\u00edrez\",\"datePublished\":\"2014-10-31T00:58:28+00:00\",\"dateModified\":\"2014-10-31T01:07:16+00:00\",\"mainEntityOfPage\":{\"@id\":\"https:\\\/\\\/informelitoral.com.ar\\\/diputados-declaro-de-interes-la-xxxv-fiesta-provincial-de-la-juventud-de-ramirez\\\/\"},\"wordCount\":354,\"commentCount\":0,\"publisher\":{\"@id\":\"https:\\\/\\\/informelitoral.com.ar\\\/#organization\"},\"image\":{\"@id\":\"https:\\\/\\\/informelitoral.com.ar\\\/diputados-declaro-de-interes-la-xxxv-fiesta-provincial-de-la-juventud-de-ramirez\\\/#primaryimage\"},\"thumbnailUrl\":\"http:\\\/\\\/www.isletasnoticias.com.ar\\\/%77%70%2d%63%6f%6e%74%65%6e%74\\\/uploads\\\/2013\\\/10\\\/diputado-jorge-monge-300x195.jpg\",\"articleSection\":[\"Departamento Diamante\",\"Entre R\u00edos\"],\"inLanguage\":\"es\",\"potentialAction\":[{\"@type\":\"CommentAction\",\"name\":\"Comment\",\"target\":[\"https:\\\/\\\/informelitoral.com.ar\\\/diputados-declaro-de-interes-la-xxxv-fiesta-provincial-de-la-juventud-de-ramirez\\\/#respond\"]}]},{\"@type\":\"WebPage\",\"@id\":\"https:\\\/\\\/informelitoral.com.ar\\\/diputados-declaro-de-interes-la-xxxv-fiesta-provincial-de-la-juventud-de-ramirez\\\/\",\"url\":\"https:\\\/\\\/informelitoral.com.ar\\\/diputados-declaro-de-interes-la-xxxv-fiesta-provincial-de-la-juventud-de-ramirez\\\/\",\"name\":\"Diputados declar\u00f3 de inter\u00e9s a la XXXV Fiesta Provincial de la Juventud de Ram\u00edrez - Informe Litoral\",\"isPartOf\":{\"@id\":\"https:\\\/\\\/informelitoral.com.ar\\\/#website\"},\"primaryImageOfPage\":{\"@id\":\"https:\\\/\\\/informelitoral.com.ar\\\/diputados-declaro-de-interes-la-xxxv-fiesta-provincial-de-la-juventud-de-ramirez\\\/#primaryimage\"},\"image\":{\"@id\":\"https:\\\/\\\/informelitoral.com.ar\\\/diputados-declaro-de-interes-la-xxxv-fiesta-provincial-de-la-juventud-de-ramirez\\\/#primaryimage\"},\"thumbnailUrl\":\"http:\\\/\\\/www.isletasnoticias.com.ar\\\/%77%70%2d%63%6f%6e%74%65%6e%74\\\/uploads\\\/2013\\\/10\\\/diputado-jorge-monge-300x195.jpg\",\"datePublished\":\"2014-10-31T00:58:28+00:00\",\"dateModified\":\"2014-10-31T01:07:16+00:00\",\"breadcrumb\":{\"@id\":\"https:\\\/\\\/informelitoral.com.ar\\\/diputados-declaro-de-interes-la-xxxv-fiesta-provincial-de-la-juventud-de-ramirez\\\/#breadcrumb\"},\"inLanguage\":\"es\",\"potentialAction\":[{\"@type\":\"ReadAction\",\"target\":[\"https:\\\/\\\/informelitoral.com.ar\\\/diputados-declaro-de-interes-la-xxxv-fiesta-provincial-de-la-juventud-de-ramirez\\\/\"]}]},{\"@type\":\"ImageObject\",\"inLanguage\":\"es\",\"@id\":\"https:\\\/\\\/informelitoral.com.ar\\\/diputados-declaro-de-interes-la-xxxv-fiesta-provincial-de-la-juventud-de-ramirez\\\/#primaryimage\",\"url\":\"http:\\\/\\\/www.isletasnoticias.com.ar\\\/%77%70%2d%63%6f%6e%74%65%6e%74\\\/uploads\\\/2013\\\/10\\\/diputado-jorge-monge-300x195.jpg\",\"contentUrl\":\"http:\\\/\\\/www.isletasnoticias.com.ar\\\/%77%70%2d%63%6f%6e%74%65%6e%74\\\/uploads\\\/2013\\\/10\\\/diputado-jorge-monge-300x195.jpg\"},{\"@type\":\"BreadcrumbList\",\"@id\":\"https:\\\/\\\/informelitoral.com.ar\\\/diputados-declaro-de-interes-la-xxxv-fiesta-provincial-de-la-juventud-de-ramirez\\\/#breadcrumb\",\"itemListElement\":[{\"@type\":\"ListItem\",\"position\":1,\"name\":\"Portada\",\"item\":\"https:\\\/\\\/informelitoral.com.ar\\\/\"},{\"@type\":\"ListItem\",\"position\":2,\"name\":\"Diputados declar\u00f3 de inter\u00e9s a la XXXV Fiesta Provincial de la Juventud de Ram\u00edrez\"}]},{\"@type\":\"WebSite\",\"@id\":\"https:\\\/\\\/informelitoral.com.ar\\\/#website\",\"url\":\"https:\\\/\\\/informelitoral.com.ar\\\/\",\"name\":\"Informe Litoral\",\"description\":\"&quot;Nos informamos&quot; \",\"publisher\":{\"@id\":\"https:\\\/\\\/informelitoral.com.ar\\\/#organization\"},\"potentialAction\":[{\"@type\":\"SearchAction\",\"target\":{\"@type\":\"EntryPoint\",\"urlTemplate\":\"https:\\\/\\\/informelitoral.com.ar\\\/?s={search_term_string}\"},\"query-input\":{\"@type\":\"PropertyValueSpecification\",\"valueRequired\":true,\"valueName\":\"search_term_string\"}}],\"inLanguage\":\"es\"},{\"@type\":\"Organization\",\"@id\":\"https:\\\/\\\/informelitoral.com.ar\\\/#organization\",\"name\":\"Informe Litoral\",\"url\":\"https:\\\/\\\/informelitoral.com.ar\\\/\",\"logo\":{\"@type\":\"ImageObject\",\"inLanguage\":\"es\",\"@id\":\"https:\\\/\\\/informelitoral.com.ar\\\/#\\\/schema\\\/logo\\\/image\\\/\",\"url\":\"https:\\\/\\\/informelitoral.com.ar\\\/%77%70%2d%63%6f%6e%74%65%6e%74\\\/uploads\\\/2021\\\/01\\\/circulo.png\",\"contentUrl\":\"https:\\\/\\\/informelitoral.com.ar\\\/%77%70%2d%63%6f%6e%74%65%6e%74\\\/uploads\\\/2021\\\/01\\\/circulo.png\",\"width\":723,\"height\":731,\"caption\":\"Informe Litoral\"},\"image\":{\"@id\":\"https:\\\/\\\/informelitoral.com.ar\\\/#\\\/schema\\\/logo\\\/image\\\/\"},\"sameAs\":[\"https:\\\/\\\/www.facebook.com\\\/informelitoral\\\/\",\"https:\\\/\\\/x.com\\\/InformeLitoral\",\"https:\\\/\\\/www.instagram.com\\\/informelitoral\\\/\",\"https:\\\/\\\/www.youtube.com\\\/channel\\\/UCua4Qvz8Icb6MYqhoq9xLXw\"]},{\"@type\":\"Person\",\"@id\":\"https:\\\/\\\/informelitoral.com.ar\\\/#\\\/schema\\\/person\\\/b9d00407c836482871ef1d57bf8e3180\",\"name\":\"Gonzalo Schmidt\",\"image\":{\"@type\":\"ImageObject\",\"inLanguage\":\"es\",\"@id\":\"https:\\\/\\\/secure.gravatar.com\\\/avatar\\\/31a1a7b66ff2de83bd0e9fd79d026630d2d99e55e8bfe501287647b4fd9743de?s=96&d=mm&r=g\",\"url\":\"https:\\\/\\\/secure.gravatar.com\\\/avatar\\\/31a1a7b66ff2de83bd0e9fd79d026630d2d99e55e8bfe501287647b4fd9743de?s=96&d=mm&r=g\",\"contentUrl\":\"https:\\\/\\\/secure.gravatar.com\\\/avatar\\\/31a1a7b66ff2de83bd0e9fd79d026630d2d99e55e8bfe501287647b4fd9743de?s=96&d=mm&r=g\",\"caption\":\"Gonzalo Schmidt\"},\"description\":\"Sitio web de noticias de la provincia de Entre R\u00edos, Argentina. Informaci\u00f3n y entretenimiento. Informe Litoral, nos informamos.\",\"sameAs\":[\"http:\\\/\\\/www.isletasnoticias.com.ar\"],\"url\":\"https:\\\/\\\/informelitoral.com.ar\\\/author\\\/gonzalo\\\/\"}]}<\/script>","yoast_head_json":{"title":"Diputados declar\u00f3 de inter\u00e9s a la XXXV Fiesta Provincial de la Juventud de Ram\u00edrez  - Informe Litoral","robots":{"index":"index","follow":"follow","max-snippet":"max-snippet:-1","max-image-preview":"max-image-preview:large","max-video-preview":"max-video-preview:-1"},"canonical":"https:\/\/informelitoral.com.ar\/diputados-declaro-de-interes-la-xxxv-fiesta-provincial-de-la-juventud-de-ramirez\/","og_locale":"es_ES","og_type":"article","og_title":"Diputados declar\u00f3 de inter\u00e9s a la XXXV Fiesta Provincial de la Juventud de Ram\u00edrez  - Informe Litoral","og_description":"La C&aacute;mara de Diputados de Entre R&iacute;os, declar&oacute; de inter&eacute;s la edici&oacute;n 2014 de la Fiesta Provincial de la Juventud de General Ram&iacute;rez. La iniciativa fue del diputado Jorge Monge (UCR Diamante). Del 10 al 16 de noviembre de 2014 tendr&aacute; lugar la XXXV edici&oacute;n de la Fiesta Provincial de la Juventud en la ciudad [&hellip;]","og_url":"https:\/\/informelitoral.com.ar\/diputados-declaro-de-interes-la-xxxv-fiesta-provincial-de-la-juventud-de-ramirez\/","og_site_name":"Informe Litoral","article_publisher":"https:\/\/www.facebook.com\/informelitoral\/","article_published_time":"2014-10-31T00:58:28+00:00","article_modified_time":"2014-10-31T01:07:16+00:00","og_image":[{"width":722,"height":470,"url":"https:\/\/informelitoral.com.ar\/%77%70%2d%63%6f%6e%74%65%6e%74\/uploads\/2013\/10\/diputado-jorge-monge.jpg","type":"image\/jpeg"}],"author":"Gonzalo Schmidt","twitter_card":"summary_large_image","twitter_creator":"@InformeLitoral","twitter_site":"@InformeLitoral","twitter_misc":{"Escrito por":"Gonzalo Schmidt","Tiempo de lectura":"2 minutos"},"schema":{"@context":"https:\/\/schema.org","@graph":[{"@type":"Article","@id":"https:\/\/informelitoral.com.ar\/diputados-declaro-de-interes-la-xxxv-fiesta-provincial-de-la-juventud-de-ramirez\/#article","isPartOf":{"@id":"https:\/\/informelitoral.com.ar\/diputados-declaro-de-interes-la-xxxv-fiesta-provincial-de-la-juventud-de-ramirez\/"},"author":{"name":"Gonzalo Schmidt","@id":"https:\/\/informelitoral.com.ar\/#\/schema\/person\/b9d00407c836482871ef1d57bf8e3180"},"headline":"Diputados declar\u00f3 de inter\u00e9s a la XXXV Fiesta Provincial de la Juventud de Ram\u00edrez","datePublished":"2014-10-31T00:58:28+00:00","dateModified":"2014-10-31T01:07:16+00:00","mainEntityOfPage":{"@id":"https:\/\/informelitoral.com.ar\/diputados-declaro-de-interes-la-xxxv-fiesta-provincial-de-la-juventud-de-ramirez\/"},"wordCount":354,"commentCount":0,"publisher":{"@id":"https:\/\/informelitoral.com.ar\/#organization"},"image":{"@id":"https:\/\/informelitoral.com.ar\/diputados-declaro-de-interes-la-xxxv-fiesta-provincial-de-la-juventud-de-ramirez\/#primaryimage"},"thumbnailUrl":"http:\/\/www.isletasnoticias.com.ar\/%77%70%2d%63%6f%6e%74%65%6e%74\/uploads\/2013\/10\/diputado-jorge-monge-300x195.jpg","articleSection":["Departamento Diamante","Entre R\u00edos"],"inLanguage":"es","potentialAction":[{"@type":"CommentAction","name":"Comment","target":["https:\/\/informelitoral.com.ar\/diputados-declaro-de-interes-la-xxxv-fiesta-provincial-de-la-juventud-de-ramirez\/#respond"]}]},{"@type":"WebPage","@id":"https:\/\/informelitoral.com.ar\/diputados-declaro-de-interes-la-xxxv-fiesta-provincial-de-la-juventud-de-ramirez\/","url":"https:\/\/informelitoral.com.ar\/diputados-declaro-de-interes-la-xxxv-fiesta-provincial-de-la-juventud-de-ramirez\/","name":"Diputados declar\u00f3 de inter\u00e9s a la XXXV Fiesta Provincial de la Juventud de Ram\u00edrez - Informe Litoral","isPartOf":{"@id":"https:\/\/informelitoral.com.ar\/#website"},"primaryImageOfPage":{"@id":"https:\/\/informelitoral.com.ar\/diputados-declaro-de-interes-la-xxxv-fiesta-provincial-de-la-juventud-de-ramirez\/#primaryimage"},"image":{"@id":"https:\/\/informelitoral.com.ar\/diputados-declaro-de-interes-la-xxxv-fiesta-provincial-de-la-juventud-de-ramirez\/#primaryimage"},"thumbnailUrl":"http:\/\/www.isletasnoticias.com.ar\/%77%70%2d%63%6f%6e%74%65%6e%74\/uploads\/2013\/10\/diputado-jorge-monge-300x195.jpg","datePublished":"2014-10-31T00:58:28+00:00","dateModified":"2014-10-31T01:07:16+00:00","breadcrumb":{"@id":"https:\/\/informelitoral.com.ar\/diputados-declaro-de-interes-la-xxxv-fiesta-provincial-de-la-juventud-de-ramirez\/#breadcrumb"},"inLanguage":"es","potentialAction":[{"@type":"ReadAction","target":["https:\/\/informelitoral.com.ar\/diputados-declaro-de-interes-la-xxxv-fiesta-provincial-de-la-juventud-de-ramirez\/"]}]},{"@type":"ImageObject","inLanguage":"es","@id":"https:\/\/informelitoral.com.ar\/diputados-declaro-de-interes-la-xxxv-fiesta-provincial-de-la-juventud-de-ramirez\/#primaryimage","url":"http:\/\/www.isletasnoticias.com.ar\/%77%70%2d%63%6f%6e%74%65%6e%74\/uploads\/2013\/10\/diputado-jorge-monge-300x195.jpg","contentUrl":"http:\/\/www.isletasnoticias.com.ar\/%77%70%2d%63%6f%6e%74%65%6e%74\/uploads\/2013\/10\/diputado-jorge-monge-300x195.jpg"},{"@type":"BreadcrumbList","@id":"https:\/\/informelitoral.com.ar\/diputados-declaro-de-interes-la-xxxv-fiesta-provincial-de-la-juventud-de-ramirez\/#breadcrumb","itemListElement":[{"@type":"ListItem","position":1,"name":"Portada","item":"https:\/\/informelitoral.com.ar\/"},{"@type":"ListItem","position":2,"name":"Diputados declar\u00f3 de inter\u00e9s a la XXXV Fiesta Provincial de la Juventud de Ram\u00edrez"}]},{"@type":"WebSite","@id":"https:\/\/informelitoral.com.ar\/#website","url":"https:\/\/informelitoral.com.ar\/","name":"Informe Litoral","description":"&quot;Nos informamos&quot; ","publisher":{"@id":"https:\/\/informelitoral.com.ar\/#organization"},"potentialAction":[{"@type":"SearchAction","target":{"@type":"EntryPoint","urlTemplate":"https:\/\/informelitoral.com.ar\/?s={search_term_string}"},"query-input":{"@type":"PropertyValueSpecification","valueRequired":true,"valueName":"search_term_string"}}],"inLanguage":"es"},{"@type":"Organization","@id":"https:\/\/informelitoral.com.ar\/#organization","name":"Informe Litoral","url":"https:\/\/informelitoral.com.ar\/","logo":{"@type":"ImageObject","inLanguage":"es","@id":"https:\/\/informelitoral.com.ar\/#\/schema\/logo\/image\/","url":"https:\/\/informelitoral.com.ar\/%77%70%2d%63%6f%6e%74%65%6e%74\/uploads\/2021\/01\/circulo.png","contentUrl":"https:\/\/informelitoral.com.ar\/%77%70%2d%63%6f%6e%74%65%6e%74\/uploads\/2021\/01\/circulo.png","width":723,"height":731,"caption":"Informe Litoral"},"image":{"@id":"https:\/\/informelitoral.com.ar\/#\/schema\/logo\/image\/"},"sameAs":["https:\/\/www.facebook.com\/informelitoral\/","https:\/\/x.com\/InformeLitoral","https:\/\/www.instagram.com\/informelitoral\/","https:\/\/www.youtube.com\/channel\/UCua4Qvz8Icb6MYqhoq9xLXw"]},{"@type":"Person","@id":"https:\/\/informelitoral.com.ar\/#\/schema\/person\/b9d00407c836482871ef1d57bf8e3180","name":"Gonzalo Schmidt","image":{"@type":"ImageObject","inLanguage":"es","@id":"https:\/\/secure.gravatar.com\/avatar\/31a1a7b66ff2de83bd0e9fd79d026630d2d99e55e8bfe501287647b4fd9743de?s=96&d=mm&r=g","url":"https:\/\/secure.gravatar.com\/avatar\/31a1a7b66ff2de83bd0e9fd79d026630d2d99e55e8bfe501287647b4fd9743de?s=96&d=mm&r=g","contentUrl":"https:\/\/secure.gravatar.com\/avatar\/31a1a7b66ff2de83bd0e9fd79d026630d2d99e55e8bfe501287647b4fd9743de?s=96&d=mm&r=g","caption":"Gonzalo Schmidt"},"description":"Sitio web de noticias de la provincia de Entre R\u00edos, Argentina. Informaci\u00f3n y entretenimiento. Informe Litoral, nos informamos.","sameAs":["http:\/\/www.isletasnoticias.com.ar"],"url":"https:\/\/informelitoral.com.ar\/author\/gonzalo\/"}]}},"_links":{"self":[{"href":"https:\/\/informelitoral.com.ar\/%77%70%2d%6a%73%6f%6e\/wp\/v2\/posts\/8771","targetHints":{"allow":["GET"]}}],"collection":[{"href":"https:\/\/informelitoral.com.ar\/%77%70%2d%6a%73%6f%6e\/wp\/v2\/posts"}],"about":[{"href":"https:\/\/informelitoral.com.ar\/%77%70%2d%6a%73%6f%6e\/wp\/v2\/types\/post"}],"author":[{"embeddable":true,"href":"https:\/\/informelitoral.com.ar\/%77%70%2d%6a%73%6f%6e\/wp\/v2\/users\/2"}],"replies":[{"embeddable":true,"href":"https:\/\/informelitoral.com.ar\/%77%70%2d%6a%73%6f%6e\/wp\/v2\/comments?post=8771"}],"version-history":[{"count":0,"href":"https:\/\/informelitoral.com.ar\/%77%70%2d%6a%73%6f%6e\/wp\/v2\/posts\/8771\/revisions"}],"wp:attachment":[{"href":"https:\/\/informelitoral.com.ar\/%77%70%2d%6a%73%6f%6e\/wp\/v2\/media?parent=8771"}],"wp:term":[{"taxonomy":"category","embeddable":true,"href":"https:\/\/informelitoral.com.ar\/%77%70%2d%6a%73%6f%6e\/wp\/v2\/categories?post=8771"},{"taxonomy":"post_tag","embeddable":true,"href":"https:\/\/informelitoral.com.ar\/%77%70%2d%6a%73%6f%6e\/wp\/v2\/tags?post=8771"}],"curies":[{"name":"wp","href":"https:\/\/api.w.org\/{rel}","templated":true}]}}