{"id":87701,"date":"2022-09-22T17:34:27","date_gmt":"2022-09-22T20:34:27","guid":{"rendered":"https:\/\/www.informelitoral.com.ar\/?p=87701"},"modified":"2022-09-22T17:57:54","modified_gmt":"2022-09-22T20:57:54","slug":"galimberti-reclamo-presencia-territorial-y-mayor-control-por-parte-del-estado","status":"publish","type":"post","link":"https:\/\/informelitoral.com.ar\/galimberti-reclamo-presencia-territorial-y-mayor-control-por-parte-del-estado\/","title":{"rendered":"Humedales: Galimberti reclam\u00f3 presencia territorial y mayor control por parte del estado"},"content":{"rendered":"<p>Es dif\u00edcil encontrar alguien que est\u00e9 en desacuerdo con la protecci\u00f3n de los humedales. Todos, seguramente, con distintas visiones, podemos compartir la idea. El problema es el m\u00e9todo sobre c\u00f3mo hacerlo\u00bb, dijo el Diputado Nacional Pedro Galimberti, luego de participar este jueves del plenario de las Comisiones de Recursos Naturales, Agricultura y Presupuesto, en la C\u00e1mara de Diputados de la Naci\u00f3n.<\/p>\n<p>Respecto al debate en Comisiones el legislador inform\u00f3 que la reuni\u00f3n de hoy pas\u00f3 a cuarto intermedio para el pr\u00f3ximo jueves y que, llamativamente, el oficialismo del Frente de Todos no admiti\u00f3 la posibilidad de realizar invitaciones a expositores sobre el tema que, sin dudas, permitir\u00edan lograr una mejor ley. Galimberti tambi\u00e9n advirti\u00f3 que se empez\u00f3 a hablar, para 2023, de una asignaci\u00f3n presupuestaria de 90.000 millones de pesos.<\/p>\n<p>\u00abS\u00f3lo con fondos el problema no se revierte. Se puede disponer de los recursos, como ahora, y no tener soluciones. Y cuando digo recursos no me refiero s\u00f3lo a los econ\u00f3micos, sino a los jur\u00eddicos-normativos, al poder de polic\u00eda del Estado y al principal recurso que es la decisi\u00f3n pol\u00edtica. Para solucionar los problemas hay que tener una presencia activa en el territorio\u00bb, asever\u00f3.<\/p>\n<p>Galimberti consider\u00f3 que durante mucho tiempo, con mayor\u00edas parlamentarias, el oficialismo dej\u00f3 dormir el proyecto y que ahora, presionado por las circunstancias de la coyuntura, reparti\u00f3 culpas a los sectores productivos e intenta avanzar con una ley express que no puede quedar limitada a los problemas de la actualidad. \u00abDebe ser una ley para atender los problemas del presente pero tambi\u00e9n de las futuras generaciones. Y adem\u00e1s debe contemplar la diversidad socioambiental que tenemos en el pa\u00eds\u00bb, afirm\u00f3.<\/p>\n<p>En otro orden, el legislador entrerriano calific\u00f3 que el principal problema es la ausencia del Estado y la falta de control, porque los incendios se producen incluso en zonas donde no hay humedales, como los recientes ocurridos en C\u00f3rdoba.<\/p>\n<p>Por \u00faltimo se\u00f1al\u00f3: \u00abTrabajamos para lograr una buena ley, la mejor ley, pero teniendo en claro que el ambientalismo no se tiene que convertir en un negocio para nadie\u00bb, concluy\u00f3.<\/p>\n","protected":false},"excerpt":{"rendered":"<p>El diputado nacional se expreso respecto al debate en el congreso por la Ley de Humedales.<\/p>\n","protected":false},"author":8,"featured_media":86508,"comment_status":"open","ping_status":"open","sticky":false,"template":"","format":"standard","meta":{"fifu_image_url":"","fifu_image_alt":"","footnotes":""},"categories":[16],"tags":[1624,2313],"class_list":{"0":"post-87701","1":"post","2":"type-post","3":"status-publish","4":"format-standard","5":"has-post-thumbnail","7":"category-politi","8":"tag-ley-de-humedales","9":"tag-pedro-galimberti"},"yoast_head":"<title>Humedales: Galimberti reclam\u00f3 presencia territorial y mayor control por parte del estado - Informe Litoral<\/title>\n<meta name=\"robots\" content=\"index, follow, max-snippet:-1, max-image-preview:large, max-video-preview:-1\" \/>\n<link rel=\"canonical\" href=\"https:\/\/informelitoral.com.ar\/galimberti-reclamo-presencia-territorial-y-mayor-control-por-parte-del-estado\/\" \/>\n<meta property=\"og:locale\" content=\"es_ES\" \/>\n<meta property=\"og:type\" content=\"article\" \/>\n<meta property=\"og:title\" content=\"Humedales: Galimberti reclam\u00f3 presencia territorial y mayor control por parte del estado - Informe Litoral\" \/>\n<meta property=\"og:description\" content=\"El diputado nacional se expreso respecto al debate en el congreso por la Ley de Humedales.\" \/>\n<meta property=\"og:url\" content=\"https:\/\/informelitoral.com.ar\/galimberti-reclamo-presencia-territorial-y-mayor-control-por-parte-del-estado\/\" \/>\n<meta property=\"og:site_name\" content=\"Informe Litoral\" \/>\n<meta property=\"article:publisher\" content=\"https:\/\/www.facebook.com\/informelitoral\/\" \/>\n<meta property=\"article:published_time\" content=\"2022-09-22T20:34:27+00:00\" \/>\n<meta property=\"article:modified_time\" content=\"2022-09-22T20:57:54+00:00\" \/>\n<meta property=\"og:image\" content=\"https:\/\/informelitoral.com.ar\/%77%70%2d%63%6f%6e%74%65%6e%74\/uploads\/2022\/09\/o_1663099849.jpg\" \/>\n\t<meta property=\"og:image:width\" content=\"800\" \/>\n\t<meta property=\"og:image:height\" content=\"450\" \/>\n\t<meta property=\"og:image:type\" content=\"image\/jpeg\" \/>\n<meta name=\"author\" content=\"Sebastian\" \/>\n<meta name=\"twitter:card\" content=\"summary_large_image\" \/>\n<meta name=\"twitter:creator\" content=\"@InformeLitoral\" \/>\n<meta name=\"twitter:site\" content=\"@InformeLitoral\" \/>\n<meta name=\"twitter:label1\" content=\"Escrito por\" \/>\n\t<meta name=\"twitter:data1\" content=\"Sebastian\" \/>\n\t<meta name=\"twitter:label2\" content=\"Tiempo de lectura\" \/>\n\t<meta name=\"twitter:data2\" content=\"2 minutos\" \/>\n<script type=\"application\/ld+json\" class=\"yoast-schema-graph\">{\"@context\":\"https:\\\/\\\/schema.org\",\"@graph\":[{\"@type\":\"Article\",\"@id\":\"https:\\\/\\\/informelitoral.com.ar\\\/galimberti-reclamo-presencia-territorial-y-mayor-control-por-parte-del-estado\\\/#article\",\"isPartOf\":{\"@id\":\"https:\\\/\\\/informelitoral.com.ar\\\/galimberti-reclamo-presencia-territorial-y-mayor-control-por-parte-del-estado\\\/\"},\"author\":{\"name\":\"Sebastian\",\"@id\":\"https:\\\/\\\/informelitoral.com.ar\\\/#\\\/schema\\\/person\\\/f05f9f461677119578717524b127d6d5\"},\"headline\":\"Humedales: Galimberti reclam\u00f3 presencia territorial y mayor control por parte del estado\",\"datePublished\":\"2022-09-22T20:34:27+00:00\",\"dateModified\":\"2022-09-22T20:57:54+00:00\",\"mainEntityOfPage\":{\"@id\":\"https:\\\/\\\/informelitoral.com.ar\\\/galimberti-reclamo-presencia-territorial-y-mayor-control-por-parte-del-estado\\\/\"},\"wordCount\":375,\"commentCount\":0,\"publisher\":{\"@id\":\"https:\\\/\\\/informelitoral.com.ar\\\/#organization\"},\"image\":{\"@id\":\"https:\\\/\\\/informelitoral.com.ar\\\/galimberti-reclamo-presencia-territorial-y-mayor-control-por-parte-del-estado\\\/#primaryimage\"},\"thumbnailUrl\":\"https:\\\/\\\/informelitoral.com.ar\\\/%77%70%2d%63%6f%6e%74%65%6e%74\\\/uploads\\\/2022\\\/09\\\/o_1663099849.jpg\",\"keywords\":[\"Ley de humedales\",\"Pedro Galimberti\"],\"articleSection\":[\"Politica\"],\"inLanguage\":\"es\",\"potentialAction\":[{\"@type\":\"CommentAction\",\"name\":\"Comment\",\"target\":[\"https:\\\/\\\/informelitoral.com.ar\\\/galimberti-reclamo-presencia-territorial-y-mayor-control-por-parte-del-estado\\\/#respond\"]}]},{\"@type\":\"WebPage\",\"@id\":\"https:\\\/\\\/informelitoral.com.ar\\\/galimberti-reclamo-presencia-territorial-y-mayor-control-por-parte-del-estado\\\/\",\"url\":\"https:\\\/\\\/informelitoral.com.ar\\\/galimberti-reclamo-presencia-territorial-y-mayor-control-por-parte-del-estado\\\/\",\"name\":\"Humedales: Galimberti reclam\u00f3 presencia territorial y mayor control por parte del estado - Informe Litoral\",\"isPartOf\":{\"@id\":\"https:\\\/\\\/informelitoral.com.ar\\\/#website\"},\"primaryImageOfPage\":{\"@id\":\"https:\\\/\\\/informelitoral.com.ar\\\/galimberti-reclamo-presencia-territorial-y-mayor-control-por-parte-del-estado\\\/#primaryimage\"},\"image\":{\"@id\":\"https:\\\/\\\/informelitoral.com.ar\\\/galimberti-reclamo-presencia-territorial-y-mayor-control-por-parte-del-estado\\\/#primaryimage\"},\"thumbnailUrl\":\"https:\\\/\\\/informelitoral.com.ar\\\/%77%70%2d%63%6f%6e%74%65%6e%74\\\/uploads\\\/2022\\\/09\\\/o_1663099849.jpg\",\"datePublished\":\"2022-09-22T20:34:27+00:00\",\"dateModified\":\"2022-09-22T20:57:54+00:00\",\"breadcrumb\":{\"@id\":\"https:\\\/\\\/informelitoral.com.ar\\\/galimberti-reclamo-presencia-territorial-y-mayor-control-por-parte-del-estado\\\/#breadcrumb\"},\"inLanguage\":\"es\",\"potentialAction\":[{\"@type\":\"ReadAction\",\"target\":[\"https:\\\/\\\/informelitoral.com.ar\\\/galimberti-reclamo-presencia-territorial-y-mayor-control-por-parte-del-estado\\\/\"]}]},{\"@type\":\"ImageObject\",\"inLanguage\":\"es\",\"@id\":\"https:\\\/\\\/informelitoral.com.ar\\\/galimberti-reclamo-presencia-territorial-y-mayor-control-por-parte-del-estado\\\/#primaryimage\",\"url\":\"https:\\\/\\\/informelitoral.com.ar\\\/%77%70%2d%63%6f%6e%74%65%6e%74\\\/uploads\\\/2022\\\/09\\\/o_1663099849.jpg\",\"contentUrl\":\"https:\\\/\\\/informelitoral.com.ar\\\/%77%70%2d%63%6f%6e%74%65%6e%74\\\/uploads\\\/2022\\\/09\\\/o_1663099849.jpg\",\"width\":800,\"height\":450},{\"@type\":\"BreadcrumbList\",\"@id\":\"https:\\\/\\\/informelitoral.com.ar\\\/galimberti-reclamo-presencia-territorial-y-mayor-control-por-parte-del-estado\\\/#breadcrumb\",\"itemListElement\":[{\"@type\":\"ListItem\",\"position\":1,\"name\":\"Portada\",\"item\":\"https:\\\/\\\/informelitoral.com.ar\\\/\"},{\"@type\":\"ListItem\",\"position\":2,\"name\":\"Humedales: Galimberti reclam\u00f3 presencia territorial y mayor control por parte del estado\"}]},{\"@type\":\"WebSite\",\"@id\":\"https:\\\/\\\/informelitoral.com.ar\\\/#website\",\"url\":\"https:\\\/\\\/informelitoral.com.ar\\\/\",\"name\":\"Informe Litoral\",\"description\":\"&quot;Nos informamos&quot; \",\"publisher\":{\"@id\":\"https:\\\/\\\/informelitoral.com.ar\\\/#organization\"},\"potentialAction\":[{\"@type\":\"SearchAction\",\"target\":{\"@type\":\"EntryPoint\",\"urlTemplate\":\"https:\\\/\\\/informelitoral.com.ar\\\/?s={search_term_string}\"},\"query-input\":{\"@type\":\"PropertyValueSpecification\",\"valueRequired\":true,\"valueName\":\"search_term_string\"}}],\"inLanguage\":\"es\"},{\"@type\":\"Organization\",\"@id\":\"https:\\\/\\\/informelitoral.com.ar\\\/#organization\",\"name\":\"Informe Litoral\",\"url\":\"https:\\\/\\\/informelitoral.com.ar\\\/\",\"logo\":{\"@type\":\"ImageObject\",\"inLanguage\":\"es\",\"@id\":\"https:\\\/\\\/informelitoral.com.ar\\\/#\\\/schema\\\/logo\\\/image\\\/\",\"url\":\"https:\\\/\\\/informelitoral.com.ar\\\/%77%70%2d%63%6f%6e%74%65%6e%74\\\/uploads\\\/2021\\\/01\\\/circulo.png\",\"contentUrl\":\"https:\\\/\\\/informelitoral.com.ar\\\/%77%70%2d%63%6f%6e%74%65%6e%74\\\/uploads\\\/2021\\\/01\\\/circulo.png\",\"width\":723,\"height\":731,\"caption\":\"Informe Litoral\"},\"image\":{\"@id\":\"https:\\\/\\\/informelitoral.com.ar\\\/#\\\/schema\\\/logo\\\/image\\\/\"},\"sameAs\":[\"https:\\\/\\\/www.facebook.com\\\/informelitoral\\\/\",\"https:\\\/\\\/x.com\\\/InformeLitoral\",\"https:\\\/\\\/www.instagram.com\\\/informelitoral\\\/\",\"https:\\\/\\\/www.youtube.com\\\/channel\\\/UCua4Qvz8Icb6MYqhoq9xLXw\"]},{\"@type\":\"Person\",\"@id\":\"https:\\\/\\\/informelitoral.com.ar\\\/#\\\/schema\\\/person\\\/f05f9f461677119578717524b127d6d5\",\"name\":\"Sebastian\",\"image\":{\"@type\":\"ImageObject\",\"inLanguage\":\"es\",\"@id\":\"https:\\\/\\\/secure.gravatar.com\\\/avatar\\\/b71bf7481d447dfb9583c7f2798e7cc64de6efb9067b74633ed8c31059a3bd82?s=96&d=mm&r=g\",\"url\":\"https:\\\/\\\/secure.gravatar.com\\\/avatar\\\/b71bf7481d447dfb9583c7f2798e7cc64de6efb9067b74633ed8c31059a3bd82?s=96&d=mm&r=g\",\"contentUrl\":\"https:\\\/\\\/secure.gravatar.com\\\/avatar\\\/b71bf7481d447dfb9583c7f2798e7cc64de6efb9067b74633ed8c31059a3bd82?s=96&d=mm&r=g\",\"caption\":\"Sebastian\"},\"url\":\"https:\\\/\\\/informelitoral.com.ar\\\/author\\\/sebastian\\\/\"}]}<\/script>","yoast_head_json":{"title":"Humedales: Galimberti reclam\u00f3 presencia territorial y mayor control por parte del estado - Informe Litoral","robots":{"index":"index","follow":"follow","max-snippet":"max-snippet:-1","max-image-preview":"max-image-preview:large","max-video-preview":"max-video-preview:-1"},"canonical":"https:\/\/informelitoral.com.ar\/galimberti-reclamo-presencia-territorial-y-mayor-control-por-parte-del-estado\/","og_locale":"es_ES","og_type":"article","og_title":"Humedales: Galimberti reclam\u00f3 presencia territorial y mayor control por parte del estado - Informe Litoral","og_description":"El diputado nacional se expreso respecto al debate en el congreso por la Ley de Humedales.","og_url":"https:\/\/informelitoral.com.ar\/galimberti-reclamo-presencia-territorial-y-mayor-control-por-parte-del-estado\/","og_site_name":"Informe Litoral","article_publisher":"https:\/\/www.facebook.com\/informelitoral\/","article_published_time":"2022-09-22T20:34:27+00:00","article_modified_time":"2022-09-22T20:57:54+00:00","og_image":[{"width":800,"height":450,"url":"https:\/\/informelitoral.com.ar\/%77%70%2d%63%6f%6e%74%65%6e%74\/uploads\/2022\/09\/o_1663099849.jpg","type":"image\/jpeg"}],"author":"Sebastian","twitter_card":"summary_large_image","twitter_creator":"@InformeLitoral","twitter_site":"@InformeLitoral","twitter_misc":{"Escrito por":"Sebastian","Tiempo de lectura":"2 minutos"},"schema":{"@context":"https:\/\/schema.org","@graph":[{"@type":"Article","@id":"https:\/\/informelitoral.com.ar\/galimberti-reclamo-presencia-territorial-y-mayor-control-por-parte-del-estado\/#article","isPartOf":{"@id":"https:\/\/informelitoral.com.ar\/galimberti-reclamo-presencia-territorial-y-mayor-control-por-parte-del-estado\/"},"author":{"name":"Sebastian","@id":"https:\/\/informelitoral.com.ar\/#\/schema\/person\/f05f9f461677119578717524b127d6d5"},"headline":"Humedales: Galimberti reclam\u00f3 presencia territorial y mayor control por parte del estado","datePublished":"2022-09-22T20:34:27+00:00","dateModified":"2022-09-22T20:57:54+00:00","mainEntityOfPage":{"@id":"https:\/\/informelitoral.com.ar\/galimberti-reclamo-presencia-territorial-y-mayor-control-por-parte-del-estado\/"},"wordCount":375,"commentCount":0,"publisher":{"@id":"https:\/\/informelitoral.com.ar\/#organization"},"image":{"@id":"https:\/\/informelitoral.com.ar\/galimberti-reclamo-presencia-territorial-y-mayor-control-por-parte-del-estado\/#primaryimage"},"thumbnailUrl":"https:\/\/informelitoral.com.ar\/%77%70%2d%63%6f%6e%74%65%6e%74\/uploads\/2022\/09\/o_1663099849.jpg","keywords":["Ley de humedales","Pedro Galimberti"],"articleSection":["Politica"],"inLanguage":"es","potentialAction":[{"@type":"CommentAction","name":"Comment","target":["https:\/\/informelitoral.com.ar\/galimberti-reclamo-presencia-territorial-y-mayor-control-por-parte-del-estado\/#respond"]}]},{"@type":"WebPage","@id":"https:\/\/informelitoral.com.ar\/galimberti-reclamo-presencia-territorial-y-mayor-control-por-parte-del-estado\/","url":"https:\/\/informelitoral.com.ar\/galimberti-reclamo-presencia-territorial-y-mayor-control-por-parte-del-estado\/","name":"Humedales: Galimberti reclam\u00f3 presencia territorial y mayor control por parte del estado - Informe Litoral","isPartOf":{"@id":"https:\/\/informelitoral.com.ar\/#website"},"primaryImageOfPage":{"@id":"https:\/\/informelitoral.com.ar\/galimberti-reclamo-presencia-territorial-y-mayor-control-por-parte-del-estado\/#primaryimage"},"image":{"@id":"https:\/\/informelitoral.com.ar\/galimberti-reclamo-presencia-territorial-y-mayor-control-por-parte-del-estado\/#primaryimage"},"thumbnailUrl":"https:\/\/informelitoral.com.ar\/%77%70%2d%63%6f%6e%74%65%6e%74\/uploads\/2022\/09\/o_1663099849.jpg","datePublished":"2022-09-22T20:34:27+00:00","dateModified":"2022-09-22T20:57:54+00:00","breadcrumb":{"@id":"https:\/\/informelitoral.com.ar\/galimberti-reclamo-presencia-territorial-y-mayor-control-por-parte-del-estado\/#breadcrumb"},"inLanguage":"es","potentialAction":[{"@type":"ReadAction","target":["https:\/\/informelitoral.com.ar\/galimberti-reclamo-presencia-territorial-y-mayor-control-por-parte-del-estado\/"]}]},{"@type":"ImageObject","inLanguage":"es","@id":"https:\/\/informelitoral.com.ar\/galimberti-reclamo-presencia-territorial-y-mayor-control-por-parte-del-estado\/#primaryimage","url":"https:\/\/informelitoral.com.ar\/%77%70%2d%63%6f%6e%74%65%6e%74\/uploads\/2022\/09\/o_1663099849.jpg","contentUrl":"https:\/\/informelitoral.com.ar\/%77%70%2d%63%6f%6e%74%65%6e%74\/uploads\/2022\/09\/o_1663099849.jpg","width":800,"height":450},{"@type":"BreadcrumbList","@id":"https:\/\/informelitoral.com.ar\/galimberti-reclamo-presencia-territorial-y-mayor-control-por-parte-del-estado\/#breadcrumb","itemListElement":[{"@type":"ListItem","position":1,"name":"Portada","item":"https:\/\/informelitoral.com.ar\/"},{"@type":"ListItem","position":2,"name":"Humedales: Galimberti reclam\u00f3 presencia territorial y mayor control por parte del estado"}]},{"@type":"WebSite","@id":"https:\/\/informelitoral.com.ar\/#website","url":"https:\/\/informelitoral.com.ar\/","name":"Informe Litoral","description":"&quot;Nos informamos&quot; ","publisher":{"@id":"https:\/\/informelitoral.com.ar\/#organization"},"potentialAction":[{"@type":"SearchAction","target":{"@type":"EntryPoint","urlTemplate":"https:\/\/informelitoral.com.ar\/?s={search_term_string}"},"query-input":{"@type":"PropertyValueSpecification","valueRequired":true,"valueName":"search_term_string"}}],"inLanguage":"es"},{"@type":"Organization","@id":"https:\/\/informelitoral.com.ar\/#organization","name":"Informe Litoral","url":"https:\/\/informelitoral.com.ar\/","logo":{"@type":"ImageObject","inLanguage":"es","@id":"https:\/\/informelitoral.com.ar\/#\/schema\/logo\/image\/","url":"https:\/\/informelitoral.com.ar\/%77%70%2d%63%6f%6e%74%65%6e%74\/uploads\/2021\/01\/circulo.png","contentUrl":"https:\/\/informelitoral.com.ar\/%77%70%2d%63%6f%6e%74%65%6e%74\/uploads\/2021\/01\/circulo.png","width":723,"height":731,"caption":"Informe Litoral"},"image":{"@id":"https:\/\/informelitoral.com.ar\/#\/schema\/logo\/image\/"},"sameAs":["https:\/\/www.facebook.com\/informelitoral\/","https:\/\/x.com\/InformeLitoral","https:\/\/www.instagram.com\/informelitoral\/","https:\/\/www.youtube.com\/channel\/UCua4Qvz8Icb6MYqhoq9xLXw"]},{"@type":"Person","@id":"https:\/\/informelitoral.com.ar\/#\/schema\/person\/f05f9f461677119578717524b127d6d5","name":"Sebastian","image":{"@type":"ImageObject","inLanguage":"es","@id":"https:\/\/secure.gravatar.com\/avatar\/b71bf7481d447dfb9583c7f2798e7cc64de6efb9067b74633ed8c31059a3bd82?s=96&d=mm&r=g","url":"https:\/\/secure.gravatar.com\/avatar\/b71bf7481d447dfb9583c7f2798e7cc64de6efb9067b74633ed8c31059a3bd82?s=96&d=mm&r=g","contentUrl":"https:\/\/secure.gravatar.com\/avatar\/b71bf7481d447dfb9583c7f2798e7cc64de6efb9067b74633ed8c31059a3bd82?s=96&d=mm&r=g","caption":"Sebastian"},"url":"https:\/\/informelitoral.com.ar\/author\/sebastian\/"}]}},"_links":{"self":[{"href":"https:\/\/informelitoral.com.ar\/%77%70%2d%6a%73%6f%6e\/wp\/v2\/posts\/87701","targetHints":{"allow":["GET"]}}],"collection":[{"href":"https:\/\/informelitoral.com.ar\/%77%70%2d%6a%73%6f%6e\/wp\/v2\/posts"}],"about":[{"href":"https:\/\/informelitoral.com.ar\/%77%70%2d%6a%73%6f%6e\/wp\/v2\/types\/post"}],"author":[{"embeddable":true,"href":"https:\/\/informelitoral.com.ar\/%77%70%2d%6a%73%6f%6e\/wp\/v2\/users\/8"}],"replies":[{"embeddable":true,"href":"https:\/\/informelitoral.com.ar\/%77%70%2d%6a%73%6f%6e\/wp\/v2\/comments?post=87701"}],"version-history":[{"count":0,"href":"https:\/\/informelitoral.com.ar\/%77%70%2d%6a%73%6f%6e\/wp\/v2\/posts\/87701\/revisions"}],"wp:featuredmedia":[{"embeddable":true,"href":"https:\/\/informelitoral.com.ar\/%77%70%2d%6a%73%6f%6e\/wp\/v2\/media\/86508"}],"wp:attachment":[{"href":"https:\/\/informelitoral.com.ar\/%77%70%2d%6a%73%6f%6e\/wp\/v2\/media?parent=87701"}],"wp:term":[{"taxonomy":"category","embeddable":true,"href":"https:\/\/informelitoral.com.ar\/%77%70%2d%6a%73%6f%6e\/wp\/v2\/categories?post=87701"},{"taxonomy":"post_tag","embeddable":true,"href":"https:\/\/informelitoral.com.ar\/%77%70%2d%6a%73%6f%6e\/wp\/v2\/tags?post=87701"}],"curies":[{"name":"wp","href":"https:\/\/api.w.org\/{rel}","templated":true}]}}