{"id":87603,"date":"2022-09-22T09:27:57","date_gmt":"2022-09-22T12:27:57","guid":{"rendered":"https:\/\/www.informelitoral.com.ar\/?p=87603"},"modified":"2022-09-22T09:27:57","modified_gmt":"2022-09-22T12:27:57","slug":"los-dos-jugadores-de-la-seleccion-argentina-que-todavia-no-viajaron-a-estados-unidos-y-se-perderian-el-amistoso-contra-honduras","status":"publish","type":"post","link":"https:\/\/informelitoral.com.ar\/los-dos-jugadores-de-la-seleccion-argentina-que-todavia-no-viajaron-a-estados-unidos-y-se-perderian-el-amistoso-contra-honduras\/","title":{"rendered":"Los dos jugadores de la selecci\u00f3n argentina que todav\u00eda no viajaron a Estados Unidos y se perder\u00edan el amistoso contra Honduras"},"content":{"rendered":"<p class=\"paragraph\">El plantel dirigido por Lionel Scaloni se entren\u00f3 en la jornada de ayer en el predio Pink que pertenece al Inter de Miami. En las \u00faltimas horas se sum\u00f3 al grupo Nicol\u00e1s Gonz\u00e1lez, mientras que el cuerpo t\u00e9cnico se mantiene en vilo por la situaci\u00f3n de visado de\u00a0<b>Cristian Romero y Lisandro Mart\u00ednez<\/b>, que se perder\u00edan el amistoso del pr\u00f3ximo viernes frente a Honduras.<\/p>\n<p class=\"paragraph\">El\u00a0<i>Cuti\u00a0<\/i>y\u00a0<i>Licha\u00a0<\/i>permanecen en Argentina ya que no pudieron tramitar su visa para entrar a Estados Unidos despu\u00e9s de que los papeles no pudieran certificarse en las oficinas donde se documentan debido a que permanecieron cerradas en la \u00faltima semana por el luto por el fallecimiento de la Reina Isabel II. As\u00ed las cosas,\u00a0<b>el DT deber\u00e1 inclinarse por otros zagueros centrales para enfrentarse con los hondure\u00f1os<\/b>\u00a0(suman cr\u00e9dito Nicol\u00e1s Otamendi, Germ\u00e1n Pezzella, Nehu\u00e9n P\u00e9rez y Facundo Medina).<\/p>\n<div class=\"inline ad-wrapper\">\n<div class=\"dfpAd display_inline_block ad_margin_wrapper\"><\/div>\n<\/div>\n<p class=\"paragraph\">Los jugadores argentinos se encontraron por primera vez en el c\u00e9sped bajo el ojo del preparador f\u00edsico Luis Mart\u00edn, que planific\u00f3 ejercicios de velocidad y reacci\u00f3n. Luego se llevaron a cabo labores de control, posesi\u00f3n y presi\u00f3n, mientras que sobre el final Scaloni deline\u00f3 movimientos t\u00e1cticos y 20 minutos de f\u00fatbol reducido.<\/p>\n<p class=\"paragraph\">Desde la AFA le informaron<b>\u00a0<\/b>que el tr\u00e1mite de Romero y Mart\u00ednez est\u00e1 encaminado, pese a que todav\u00eda no hubo novedades respecto a su vuelo. Ambos se encuentran trabajando con juveniles que pertenecen al Sub 17 de la Selecci\u00f3n en el Predio de Ezeiza. Considerando que existe un tramo de unas 10 horas desde Buenos Aires a Florida y la proximidad del primer compromiso de la Albiceleste, es casi un hecho que\u00a0<b>los futbolistas implicados tendr\u00e1n algo de rodaje en el amistoso del pr\u00f3ximo martes ante Jamaica en Nueva Jersey.<\/b><\/p>\n<p class=\"paragraph\">El entrenamiento de hoy (comenzar\u00e1 a las 17.50 hora de Miami) ser\u00e1 trascendental para el armado del once que Argentina alinear\u00e1 dentro de 48 horas para afrontar su primera cita en el estadio\u00a0<i>Hard Rock<\/i>. Es muy posible que haya rotaci\u00f3n de un encuentro a otro, teniendo en cuenta que estos ser\u00e1n dos de los \u00faltimos ex\u00e1menes que rendir\u00e1n los jugadores antes de la Copa del Mundo (la semana previa al Mundial de Qatar se llevar\u00e1 a cabo otro amistoso contra Emiratos \u00c1rabes Unidos). La pr\u00e1ctica de esta tarde ser\u00e1 cerrada, mientras que ma\u00f1ana ser\u00e1 el turno de la conferencia de Scaloni.<\/p>\n<p class=\"paragraph\">No hubo pistas todav\u00eda sobre la formaci\u00f3n, pero ayer se destac\u00f3 Juli\u00e1n \u00c1lvarez en un trabajo de remates desde media distancia que lo tuvo como protagonista junto a Thiago Almada y Alexis Mac Allister.\u00a0<b>En un video que se hizo viral, ejecut\u00f3 un tiro perfecto que se clav\u00f3 en un \u00e1ngulo de la valla defendida por el\u00a0<\/b><i><b>Dibu\u00a0<\/b><\/i><b>Mart\u00ednez.<\/b><\/p>\n<p class=\"paragraph\"><u><b>ITINERARIO DE LA SELECCI\u00d3N ARGENTINA<\/b><\/u><\/p>\n<p class=\"paragraph\"><b>Mi\u00e9rcoles 21 de septiembre<\/b><\/p>\n<p class=\"paragraph\"><b>18.50<\/b>\u00a0Entrenamiento (cerrado)<\/p>\n<p class=\"paragraph\"><b>Jueves 22 de septiembre<\/b><\/p>\n<p class=\"paragraph\"><b>18.15<\/b>\u00a0Conferencia Lionel Scaloni en estadio del Inter Miami.<\/p>\n<p class=\"paragraph\"><b>19.00<\/b>\u00a0Entrenamiento con 15 minutos iniciales abiertos para los medios acreditados.<\/p>\n<p class=\"paragraph\"><b>Viernes 23 de septiembre<\/b><\/p>\n<p class=\"paragraph\"><b>21.30<\/b> Argentina vs Honduras en Hard Rock Stadium.(<em>Infobae<\/em>)<\/p>\n","protected":false},"excerpt":{"rendered":"<p>Lionel Scaloni podr\u00eda privarse de contar con dos piezas importantes del plantel albiceleste<\/p>\n","protected":false},"author":8,"featured_media":87605,"comment_status":"open","ping_status":"open","sticky":false,"template":"","format":"standard","meta":{"fifu_image_url":"","fifu_image_alt":"","footnotes":""},"categories":[13],"tags":[116],"class_list":{"0":"post-87603","1":"post","2":"type-post","3":"status-publish","4":"format-standard","5":"has-post-thumbnail","7":"category-deportes","8":"tag-seleccion-argentina"},"yoast_head":"<title>Los dos jugadores de la selecci\u00f3n argentina que todav\u00eda no viajaron a Estados Unidos y se perder\u00edan el amistoso contra Honduras - Informe Litoral<\/title>\n<meta name=\"robots\" content=\"index, follow, max-snippet:-1, max-image-preview:large, max-video-preview:-1\" \/>\n<link rel=\"canonical\" href=\"https:\/\/informelitoral.com.ar\/los-dos-jugadores-de-la-seleccion-argentina-que-todavia-no-viajaron-a-estados-unidos-y-se-perderian-el-amistoso-contra-honduras\/\" \/>\n<meta property=\"og:locale\" content=\"es_ES\" \/>\n<meta property=\"og:type\" content=\"article\" \/>\n<meta property=\"og:title\" content=\"Los dos jugadores de la selecci\u00f3n argentina que todav\u00eda no viajaron a Estados Unidos y se perder\u00edan el amistoso contra Honduras - Informe Litoral\" \/>\n<meta property=\"og:description\" content=\"Lionel Scaloni podr\u00eda privarse de contar con dos piezas importantes del plantel albiceleste\" \/>\n<meta property=\"og:url\" content=\"https:\/\/informelitoral.com.ar\/los-dos-jugadores-de-la-seleccion-argentina-que-todavia-no-viajaron-a-estados-unidos-y-se-perderian-el-amistoso-contra-honduras\/\" \/>\n<meta property=\"og:site_name\" content=\"Informe Litoral\" \/>\n<meta property=\"article:publisher\" content=\"https:\/\/www.facebook.com\/informelitoral\/\" \/>\n<meta property=\"article:published_time\" content=\"2022-09-22T12:27:57+00:00\" \/>\n<meta property=\"og:image\" content=\"https:\/\/informelitoral.com.ar\/%77%70%2d%63%6f%6e%74%65%6e%74\/uploads\/2022\/09\/G7HXW6XRQZAWPAV3CHR6KE7KLI.jpg\" \/>\n\t<meta property=\"og:image:width\" content=\"992\" \/>\n\t<meta property=\"og:image:height\" content=\"661\" \/>\n\t<meta property=\"og:image:type\" content=\"image\/jpeg\" \/>\n<meta name=\"author\" content=\"Sebastian\" \/>\n<meta name=\"twitter:card\" content=\"summary_large_image\" \/>\n<meta name=\"twitter:creator\" content=\"@InformeLitoral\" \/>\n<meta name=\"twitter:site\" content=\"@InformeLitoral\" \/>\n<meta name=\"twitter:label1\" content=\"Escrito por\" \/>\n\t<meta name=\"twitter:data1\" content=\"Sebastian\" \/>\n\t<meta name=\"twitter:label2\" content=\"Tiempo de lectura\" \/>\n\t<meta name=\"twitter:data2\" content=\"3 minutos\" \/>\n<script type=\"application\/ld+json\" class=\"yoast-schema-graph\">{\"@context\":\"https:\\\/\\\/schema.org\",\"@graph\":[{\"@type\":\"Article\",\"@id\":\"https:\\\/\\\/informelitoral.com.ar\\\/los-dos-jugadores-de-la-seleccion-argentina-que-todavia-no-viajaron-a-estados-unidos-y-se-perderian-el-amistoso-contra-honduras\\\/#article\",\"isPartOf\":{\"@id\":\"https:\\\/\\\/informelitoral.com.ar\\\/los-dos-jugadores-de-la-seleccion-argentina-que-todavia-no-viajaron-a-estados-unidos-y-se-perderian-el-amistoso-contra-honduras\\\/\"},\"author\":{\"name\":\"Sebastian\",\"@id\":\"https:\\\/\\\/informelitoral.com.ar\\\/#\\\/schema\\\/person\\\/f05f9f461677119578717524b127d6d5\"},\"headline\":\"Los dos jugadores de la selecci\u00f3n argentina que todav\u00eda no viajaron a Estados Unidos y se perder\u00edan el amistoso contra Honduras\",\"datePublished\":\"2022-09-22T12:27:57+00:00\",\"mainEntityOfPage\":{\"@id\":\"https:\\\/\\\/informelitoral.com.ar\\\/los-dos-jugadores-de-la-seleccion-argentina-que-todavia-no-viajaron-a-estados-unidos-y-se-perderian-el-amistoso-contra-honduras\\\/\"},\"wordCount\":547,\"commentCount\":0,\"publisher\":{\"@id\":\"https:\\\/\\\/informelitoral.com.ar\\\/#organization\"},\"image\":{\"@id\":\"https:\\\/\\\/informelitoral.com.ar\\\/los-dos-jugadores-de-la-seleccion-argentina-que-todavia-no-viajaron-a-estados-unidos-y-se-perderian-el-amistoso-contra-honduras\\\/#primaryimage\"},\"thumbnailUrl\":\"https:\\\/\\\/informelitoral.com.ar\\\/%77%70%2d%63%6f%6e%74%65%6e%74\\\/uploads\\\/2022\\\/09\\\/G7HXW6XRQZAWPAV3CHR6KE7KLI.jpg\",\"keywords\":[\"Selecci\u00f3n argentina\"],\"articleSection\":[\"Deportes\"],\"inLanguage\":\"es\",\"potentialAction\":[{\"@type\":\"CommentAction\",\"name\":\"Comment\",\"target\":[\"https:\\\/\\\/informelitoral.com.ar\\\/los-dos-jugadores-de-la-seleccion-argentina-que-todavia-no-viajaron-a-estados-unidos-y-se-perderian-el-amistoso-contra-honduras\\\/#respond\"]}]},{\"@type\":\"WebPage\",\"@id\":\"https:\\\/\\\/informelitoral.com.ar\\\/los-dos-jugadores-de-la-seleccion-argentina-que-todavia-no-viajaron-a-estados-unidos-y-se-perderian-el-amistoso-contra-honduras\\\/\",\"url\":\"https:\\\/\\\/informelitoral.com.ar\\\/los-dos-jugadores-de-la-seleccion-argentina-que-todavia-no-viajaron-a-estados-unidos-y-se-perderian-el-amistoso-contra-honduras\\\/\",\"name\":\"Los dos jugadores de la selecci\u00f3n argentina que todav\u00eda no viajaron a Estados Unidos y se perder\u00edan el amistoso contra Honduras - Informe Litoral\",\"isPartOf\":{\"@id\":\"https:\\\/\\\/informelitoral.com.ar\\\/#website\"},\"primaryImageOfPage\":{\"@id\":\"https:\\\/\\\/informelitoral.com.ar\\\/los-dos-jugadores-de-la-seleccion-argentina-que-todavia-no-viajaron-a-estados-unidos-y-se-perderian-el-amistoso-contra-honduras\\\/#primaryimage\"},\"image\":{\"@id\":\"https:\\\/\\\/informelitoral.com.ar\\\/los-dos-jugadores-de-la-seleccion-argentina-que-todavia-no-viajaron-a-estados-unidos-y-se-perderian-el-amistoso-contra-honduras\\\/#primaryimage\"},\"thumbnailUrl\":\"https:\\\/\\\/informelitoral.com.ar\\\/%77%70%2d%63%6f%6e%74%65%6e%74\\\/uploads\\\/2022\\\/09\\\/G7HXW6XRQZAWPAV3CHR6KE7KLI.jpg\",\"datePublished\":\"2022-09-22T12:27:57+00:00\",\"breadcrumb\":{\"@id\":\"https:\\\/\\\/informelitoral.com.ar\\\/los-dos-jugadores-de-la-seleccion-argentina-que-todavia-no-viajaron-a-estados-unidos-y-se-perderian-el-amistoso-contra-honduras\\\/#breadcrumb\"},\"inLanguage\":\"es\",\"potentialAction\":[{\"@type\":\"ReadAction\",\"target\":[\"https:\\\/\\\/informelitoral.com.ar\\\/los-dos-jugadores-de-la-seleccion-argentina-que-todavia-no-viajaron-a-estados-unidos-y-se-perderian-el-amistoso-contra-honduras\\\/\"]}]},{\"@type\":\"ImageObject\",\"inLanguage\":\"es\",\"@id\":\"https:\\\/\\\/informelitoral.com.ar\\\/los-dos-jugadores-de-la-seleccion-argentina-que-todavia-no-viajaron-a-estados-unidos-y-se-perderian-el-amistoso-contra-honduras\\\/#primaryimage\",\"url\":\"https:\\\/\\\/informelitoral.com.ar\\\/%77%70%2d%63%6f%6e%74%65%6e%74\\\/uploads\\\/2022\\\/09\\\/G7HXW6XRQZAWPAV3CHR6KE7KLI.jpg\",\"contentUrl\":\"https:\\\/\\\/informelitoral.com.ar\\\/%77%70%2d%63%6f%6e%74%65%6e%74\\\/uploads\\\/2022\\\/09\\\/G7HXW6XRQZAWPAV3CHR6KE7KLI.jpg\",\"width\":992,\"height\":661},{\"@type\":\"BreadcrumbList\",\"@id\":\"https:\\\/\\\/informelitoral.com.ar\\\/los-dos-jugadores-de-la-seleccion-argentina-que-todavia-no-viajaron-a-estados-unidos-y-se-perderian-el-amistoso-contra-honduras\\\/#breadcrumb\",\"itemListElement\":[{\"@type\":\"ListItem\",\"position\":1,\"name\":\"Portada\",\"item\":\"https:\\\/\\\/informelitoral.com.ar\\\/\"},{\"@type\":\"ListItem\",\"position\":2,\"name\":\"Los dos jugadores de la selecci\u00f3n argentina que todav\u00eda no viajaron a Estados Unidos y se perder\u00edan el amistoso contra Honduras\"}]},{\"@type\":\"WebSite\",\"@id\":\"https:\\\/\\\/informelitoral.com.ar\\\/#website\",\"url\":\"https:\\\/\\\/informelitoral.com.ar\\\/\",\"name\":\"Informe Litoral\",\"description\":\"&quot;Nos informamos&quot; \",\"publisher\":{\"@id\":\"https:\\\/\\\/informelitoral.com.ar\\\/#organization\"},\"potentialAction\":[{\"@type\":\"SearchAction\",\"target\":{\"@type\":\"EntryPoint\",\"urlTemplate\":\"https:\\\/\\\/informelitoral.com.ar\\\/?s={search_term_string}\"},\"query-input\":{\"@type\":\"PropertyValueSpecification\",\"valueRequired\":true,\"valueName\":\"search_term_string\"}}],\"inLanguage\":\"es\"},{\"@type\":\"Organization\",\"@id\":\"https:\\\/\\\/informelitoral.com.ar\\\/#organization\",\"name\":\"Informe Litoral\",\"url\":\"https:\\\/\\\/informelitoral.com.ar\\\/\",\"logo\":{\"@type\":\"ImageObject\",\"inLanguage\":\"es\",\"@id\":\"https:\\\/\\\/informelitoral.com.ar\\\/#\\\/schema\\\/logo\\\/image\\\/\",\"url\":\"https:\\\/\\\/informelitoral.com.ar\\\/%77%70%2d%63%6f%6e%74%65%6e%74\\\/uploads\\\/2021\\\/01\\\/circulo.png\",\"contentUrl\":\"https:\\\/\\\/informelitoral.com.ar\\\/%77%70%2d%63%6f%6e%74%65%6e%74\\\/uploads\\\/2021\\\/01\\\/circulo.png\",\"width\":723,\"height\":731,\"caption\":\"Informe Litoral\"},\"image\":{\"@id\":\"https:\\\/\\\/informelitoral.com.ar\\\/#\\\/schema\\\/logo\\\/image\\\/\"},\"sameAs\":[\"https:\\\/\\\/www.facebook.com\\\/informelitoral\\\/\",\"https:\\\/\\\/x.com\\\/InformeLitoral\",\"https:\\\/\\\/www.instagram.com\\\/informelitoral\\\/\",\"https:\\\/\\\/www.youtube.com\\\/channel\\\/UCua4Qvz8Icb6MYqhoq9xLXw\"]},{\"@type\":\"Person\",\"@id\":\"https:\\\/\\\/informelitoral.com.ar\\\/#\\\/schema\\\/person\\\/f05f9f461677119578717524b127d6d5\",\"name\":\"Sebastian\",\"image\":{\"@type\":\"ImageObject\",\"inLanguage\":\"es\",\"@id\":\"https:\\\/\\\/secure.gravatar.com\\\/avatar\\\/b71bf7481d447dfb9583c7f2798e7cc64de6efb9067b74633ed8c31059a3bd82?s=96&d=mm&r=g\",\"url\":\"https:\\\/\\\/secure.gravatar.com\\\/avatar\\\/b71bf7481d447dfb9583c7f2798e7cc64de6efb9067b74633ed8c31059a3bd82?s=96&d=mm&r=g\",\"contentUrl\":\"https:\\\/\\\/secure.gravatar.com\\\/avatar\\\/b71bf7481d447dfb9583c7f2798e7cc64de6efb9067b74633ed8c31059a3bd82?s=96&d=mm&r=g\",\"caption\":\"Sebastian\"},\"url\":\"https:\\\/\\\/informelitoral.com.ar\\\/author\\\/sebastian\\\/\"}]}<\/script>","yoast_head_json":{"title":"Los dos jugadores de la selecci\u00f3n argentina que todav\u00eda no viajaron a Estados Unidos y se perder\u00edan el amistoso contra Honduras - Informe Litoral","robots":{"index":"index","follow":"follow","max-snippet":"max-snippet:-1","max-image-preview":"max-image-preview:large","max-video-preview":"max-video-preview:-1"},"canonical":"https:\/\/informelitoral.com.ar\/los-dos-jugadores-de-la-seleccion-argentina-que-todavia-no-viajaron-a-estados-unidos-y-se-perderian-el-amistoso-contra-honduras\/","og_locale":"es_ES","og_type":"article","og_title":"Los dos jugadores de la selecci\u00f3n argentina que todav\u00eda no viajaron a Estados Unidos y se perder\u00edan el amistoso contra Honduras - Informe Litoral","og_description":"Lionel Scaloni podr\u00eda privarse de contar con dos piezas importantes del plantel albiceleste","og_url":"https:\/\/informelitoral.com.ar\/los-dos-jugadores-de-la-seleccion-argentina-que-todavia-no-viajaron-a-estados-unidos-y-se-perderian-el-amistoso-contra-honduras\/","og_site_name":"Informe Litoral","article_publisher":"https:\/\/www.facebook.com\/informelitoral\/","article_published_time":"2022-09-22T12:27:57+00:00","og_image":[{"width":992,"height":661,"url":"https:\/\/informelitoral.com.ar\/%77%70%2d%63%6f%6e%74%65%6e%74\/uploads\/2022\/09\/G7HXW6XRQZAWPAV3CHR6KE7KLI.jpg","type":"image\/jpeg"}],"author":"Sebastian","twitter_card":"summary_large_image","twitter_creator":"@InformeLitoral","twitter_site":"@InformeLitoral","twitter_misc":{"Escrito por":"Sebastian","Tiempo de lectura":"3 minutos"},"schema":{"@context":"https:\/\/schema.org","@graph":[{"@type":"Article","@id":"https:\/\/informelitoral.com.ar\/los-dos-jugadores-de-la-seleccion-argentina-que-todavia-no-viajaron-a-estados-unidos-y-se-perderian-el-amistoso-contra-honduras\/#article","isPartOf":{"@id":"https:\/\/informelitoral.com.ar\/los-dos-jugadores-de-la-seleccion-argentina-que-todavia-no-viajaron-a-estados-unidos-y-se-perderian-el-amistoso-contra-honduras\/"},"author":{"name":"Sebastian","@id":"https:\/\/informelitoral.com.ar\/#\/schema\/person\/f05f9f461677119578717524b127d6d5"},"headline":"Los dos jugadores de la selecci\u00f3n argentina que todav\u00eda no viajaron a Estados Unidos y se perder\u00edan el amistoso contra Honduras","datePublished":"2022-09-22T12:27:57+00:00","mainEntityOfPage":{"@id":"https:\/\/informelitoral.com.ar\/los-dos-jugadores-de-la-seleccion-argentina-que-todavia-no-viajaron-a-estados-unidos-y-se-perderian-el-amistoso-contra-honduras\/"},"wordCount":547,"commentCount":0,"publisher":{"@id":"https:\/\/informelitoral.com.ar\/#organization"},"image":{"@id":"https:\/\/informelitoral.com.ar\/los-dos-jugadores-de-la-seleccion-argentina-que-todavia-no-viajaron-a-estados-unidos-y-se-perderian-el-amistoso-contra-honduras\/#primaryimage"},"thumbnailUrl":"https:\/\/informelitoral.com.ar\/%77%70%2d%63%6f%6e%74%65%6e%74\/uploads\/2022\/09\/G7HXW6XRQZAWPAV3CHR6KE7KLI.jpg","keywords":["Selecci\u00f3n argentina"],"articleSection":["Deportes"],"inLanguage":"es","potentialAction":[{"@type":"CommentAction","name":"Comment","target":["https:\/\/informelitoral.com.ar\/los-dos-jugadores-de-la-seleccion-argentina-que-todavia-no-viajaron-a-estados-unidos-y-se-perderian-el-amistoso-contra-honduras\/#respond"]}]},{"@type":"WebPage","@id":"https:\/\/informelitoral.com.ar\/los-dos-jugadores-de-la-seleccion-argentina-que-todavia-no-viajaron-a-estados-unidos-y-se-perderian-el-amistoso-contra-honduras\/","url":"https:\/\/informelitoral.com.ar\/los-dos-jugadores-de-la-seleccion-argentina-que-todavia-no-viajaron-a-estados-unidos-y-se-perderian-el-amistoso-contra-honduras\/","name":"Los dos jugadores de la selecci\u00f3n argentina que todav\u00eda no viajaron a Estados Unidos y se perder\u00edan el amistoso contra Honduras - Informe Litoral","isPartOf":{"@id":"https:\/\/informelitoral.com.ar\/#website"},"primaryImageOfPage":{"@id":"https:\/\/informelitoral.com.ar\/los-dos-jugadores-de-la-seleccion-argentina-que-todavia-no-viajaron-a-estados-unidos-y-se-perderian-el-amistoso-contra-honduras\/#primaryimage"},"image":{"@id":"https:\/\/informelitoral.com.ar\/los-dos-jugadores-de-la-seleccion-argentina-que-todavia-no-viajaron-a-estados-unidos-y-se-perderian-el-amistoso-contra-honduras\/#primaryimage"},"thumbnailUrl":"https:\/\/informelitoral.com.ar\/%77%70%2d%63%6f%6e%74%65%6e%74\/uploads\/2022\/09\/G7HXW6XRQZAWPAV3CHR6KE7KLI.jpg","datePublished":"2022-09-22T12:27:57+00:00","breadcrumb":{"@id":"https:\/\/informelitoral.com.ar\/los-dos-jugadores-de-la-seleccion-argentina-que-todavia-no-viajaron-a-estados-unidos-y-se-perderian-el-amistoso-contra-honduras\/#breadcrumb"},"inLanguage":"es","potentialAction":[{"@type":"ReadAction","target":["https:\/\/informelitoral.com.ar\/los-dos-jugadores-de-la-seleccion-argentina-que-todavia-no-viajaron-a-estados-unidos-y-se-perderian-el-amistoso-contra-honduras\/"]}]},{"@type":"ImageObject","inLanguage":"es","@id":"https:\/\/informelitoral.com.ar\/los-dos-jugadores-de-la-seleccion-argentina-que-todavia-no-viajaron-a-estados-unidos-y-se-perderian-el-amistoso-contra-honduras\/#primaryimage","url":"https:\/\/informelitoral.com.ar\/%77%70%2d%63%6f%6e%74%65%6e%74\/uploads\/2022\/09\/G7HXW6XRQZAWPAV3CHR6KE7KLI.jpg","contentUrl":"https:\/\/informelitoral.com.ar\/%77%70%2d%63%6f%6e%74%65%6e%74\/uploads\/2022\/09\/G7HXW6XRQZAWPAV3CHR6KE7KLI.jpg","width":992,"height":661},{"@type":"BreadcrumbList","@id":"https:\/\/informelitoral.com.ar\/los-dos-jugadores-de-la-seleccion-argentina-que-todavia-no-viajaron-a-estados-unidos-y-se-perderian-el-amistoso-contra-honduras\/#breadcrumb","itemListElement":[{"@type":"ListItem","position":1,"name":"Portada","item":"https:\/\/informelitoral.com.ar\/"},{"@type":"ListItem","position":2,"name":"Los dos jugadores de la selecci\u00f3n argentina que todav\u00eda no viajaron a Estados Unidos y se perder\u00edan el amistoso contra Honduras"}]},{"@type":"WebSite","@id":"https:\/\/informelitoral.com.ar\/#website","url":"https:\/\/informelitoral.com.ar\/","name":"Informe Litoral","description":"&quot;Nos informamos&quot; ","publisher":{"@id":"https:\/\/informelitoral.com.ar\/#organization"},"potentialAction":[{"@type":"SearchAction","target":{"@type":"EntryPoint","urlTemplate":"https:\/\/informelitoral.com.ar\/?s={search_term_string}"},"query-input":{"@type":"PropertyValueSpecification","valueRequired":true,"valueName":"search_term_string"}}],"inLanguage":"es"},{"@type":"Organization","@id":"https:\/\/informelitoral.com.ar\/#organization","name":"Informe Litoral","url":"https:\/\/informelitoral.com.ar\/","logo":{"@type":"ImageObject","inLanguage":"es","@id":"https:\/\/informelitoral.com.ar\/#\/schema\/logo\/image\/","url":"https:\/\/informelitoral.com.ar\/%77%70%2d%63%6f%6e%74%65%6e%74\/uploads\/2021\/01\/circulo.png","contentUrl":"https:\/\/informelitoral.com.ar\/%77%70%2d%63%6f%6e%74%65%6e%74\/uploads\/2021\/01\/circulo.png","width":723,"height":731,"caption":"Informe Litoral"},"image":{"@id":"https:\/\/informelitoral.com.ar\/#\/schema\/logo\/image\/"},"sameAs":["https:\/\/www.facebook.com\/informelitoral\/","https:\/\/x.com\/InformeLitoral","https:\/\/www.instagram.com\/informelitoral\/","https:\/\/www.youtube.com\/channel\/UCua4Qvz8Icb6MYqhoq9xLXw"]},{"@type":"Person","@id":"https:\/\/informelitoral.com.ar\/#\/schema\/person\/f05f9f461677119578717524b127d6d5","name":"Sebastian","image":{"@type":"ImageObject","inLanguage":"es","@id":"https:\/\/secure.gravatar.com\/avatar\/b71bf7481d447dfb9583c7f2798e7cc64de6efb9067b74633ed8c31059a3bd82?s=96&d=mm&r=g","url":"https:\/\/secure.gravatar.com\/avatar\/b71bf7481d447dfb9583c7f2798e7cc64de6efb9067b74633ed8c31059a3bd82?s=96&d=mm&r=g","contentUrl":"https:\/\/secure.gravatar.com\/avatar\/b71bf7481d447dfb9583c7f2798e7cc64de6efb9067b74633ed8c31059a3bd82?s=96&d=mm&r=g","caption":"Sebastian"},"url":"https:\/\/informelitoral.com.ar\/author\/sebastian\/"}]}},"_links":{"self":[{"href":"https:\/\/informelitoral.com.ar\/%77%70%2d%6a%73%6f%6e\/wp\/v2\/posts\/87603","targetHints":{"allow":["GET"]}}],"collection":[{"href":"https:\/\/informelitoral.com.ar\/%77%70%2d%6a%73%6f%6e\/wp\/v2\/posts"}],"about":[{"href":"https:\/\/informelitoral.com.ar\/%77%70%2d%6a%73%6f%6e\/wp\/v2\/types\/post"}],"author":[{"embeddable":true,"href":"https:\/\/informelitoral.com.ar\/%77%70%2d%6a%73%6f%6e\/wp\/v2\/users\/8"}],"replies":[{"embeddable":true,"href":"https:\/\/informelitoral.com.ar\/%77%70%2d%6a%73%6f%6e\/wp\/v2\/comments?post=87603"}],"version-history":[{"count":0,"href":"https:\/\/informelitoral.com.ar\/%77%70%2d%6a%73%6f%6e\/wp\/v2\/posts\/87603\/revisions"}],"wp:featuredmedia":[{"embeddable":true,"href":"https:\/\/informelitoral.com.ar\/%77%70%2d%6a%73%6f%6e\/wp\/v2\/media\/87605"}],"wp:attachment":[{"href":"https:\/\/informelitoral.com.ar\/%77%70%2d%6a%73%6f%6e\/wp\/v2\/media?parent=87603"}],"wp:term":[{"taxonomy":"category","embeddable":true,"href":"https:\/\/informelitoral.com.ar\/%77%70%2d%6a%73%6f%6e\/wp\/v2\/categories?post=87603"},{"taxonomy":"post_tag","embeddable":true,"href":"https:\/\/informelitoral.com.ar\/%77%70%2d%6a%73%6f%6e\/wp\/v2\/tags?post=87603"}],"curies":[{"name":"wp","href":"https:\/\/api.w.org\/{rel}","templated":true}]}}