{"id":87576,"date":"2022-09-22T09:01:51","date_gmt":"2022-09-22T12:01:51","guid":{"rendered":"https:\/\/www.informelitoral.com.ar\/?p=87576"},"modified":"2022-09-22T09:02:10","modified_gmt":"2022-09-22T12:02:10","slug":"gestionan-dotar-de-infraestructura-la-reserva-don-miro","status":"publish","type":"post","link":"https:\/\/informelitoral.com.ar\/gestionan-dotar-de-infraestructura-la-reserva-don-miro\/","title":{"rendered":"Gestionan dotar de infraestructura la Reserva Don Miro"},"content":{"rendered":"<p>Gieco destac\u00f3 adem\u00e1s que existe la posibilidad de incorporar a la localidad de Las Cuevas en el programa nacional La Ruta Natural.<\/p>\n<p>\u201cLa Ruta Natural es un abordaje integral de desarrollo y promoci\u00f3n del turismo de naturaleza, y depende del Ministerio de Turismo de la Naci\u00f3n. Su objetivo es promover la cultura del turismo de naturaleza para turistas residentes y extranjeros, acompa\u00f1ando el desarrollo de territorios y comunidades para garantizar un turismo responsable\u201d, destac\u00f3 la legisladora.<\/p>\n<p><strong>Reserva<\/strong><\/p>\n<p>La Reserva Don Miro es un proyecto que present\u00f3 Claudia Gieco y logr\u00f3 la aprobaci\u00f3n por ley. \u201c Se trata de un \u00c1rea Natural Protegida, dentro de la categor\u00eda de Reserva de Usos M\u00faltiples, de conformidad a lo establecido en el Cap\u00edtulo VII, art\u00edculo 22\u00ba de la Ley N\u00b0 10.479. Y es una fracci\u00f3n de cincuenta (50) hect\u00e1reas ubicada frente al puerto de Las Cuevas, que fueran donadas por mi padre al Superior Gobierno de Entre R\u00edos\u201d, mencion\u00f3 Gieco.<\/p>\n","protected":false},"excerpt":{"rendered":"<p>La senadora Claudia Gieco se reuni\u00f3 con la secretaria de Turismo, Mar\u00eda Laura Saad, y Alejandro Richardet, director General de Planeamiento Estrat\u00e9gico de la Secretar\u00eda, para buscar inversi\u00f3n que posibilite dotar de infraestructura a la Reserva Don Miro, en Las Cuevas.<\/p>\n","protected":false},"author":8,"featured_media":87578,"comment_status":"open","ping_status":"open","sticky":false,"template":"","format":"standard","meta":{"fifu_image_url":"","fifu_image_alt":"","footnotes":""},"categories":[5],"tags":[1037,2109,3944],"class_list":{"0":"post-87576","1":"post","2":"type-post","3":"status-publish","4":"format-standard","5":"has-post-thumbnail","7":"category-zonales","8":"tag-claudia-gieco","9":"tag-gestion","10":"tag-reserva-don-miro"},"yoast_head":"<title>Gestionan dotar de infraestructura la Reserva Don Miro - Informe Litoral<\/title>\n<meta name=\"robots\" content=\"index, follow, max-snippet:-1, max-image-preview:large, max-video-preview:-1\" \/>\n<link rel=\"canonical\" href=\"https:\/\/informelitoral.com.ar\/gestionan-dotar-de-infraestructura-la-reserva-don-miro\/\" \/>\n<meta property=\"og:locale\" content=\"es_ES\" \/>\n<meta property=\"og:type\" content=\"article\" \/>\n<meta property=\"og:title\" content=\"Gestionan dotar de infraestructura la Reserva Don Miro - Informe Litoral\" \/>\n<meta property=\"og:description\" content=\"La senadora Claudia Gieco se reuni\u00f3 con la secretaria de Turismo, Mar\u00eda Laura Saad, y Alejandro Richardet, director General de Planeamiento Estrat\u00e9gico de la Secretar\u00eda, para buscar inversi\u00f3n que posibilite dotar de infraestructura a la Reserva Don Miro, en Las Cuevas.\" \/>\n<meta property=\"og:url\" content=\"https:\/\/informelitoral.com.ar\/gestionan-dotar-de-infraestructura-la-reserva-don-miro\/\" \/>\n<meta property=\"og:site_name\" content=\"Informe Litoral\" \/>\n<meta property=\"article:publisher\" content=\"https:\/\/www.facebook.com\/informelitoral\/\" \/>\n<meta property=\"article:published_time\" content=\"2022-09-22T12:01:51+00:00\" \/>\n<meta property=\"article:modified_time\" content=\"2022-09-22T12:02:10+00:00\" \/>\n<meta property=\"og:image\" content=\"https:\/\/informelitoral.com.ar\/%77%70%2d%63%6f%6e%74%65%6e%74\/uploads\/2022\/09\/8a826cc4-f164-4672-b48c-84af0e7c0ac9.jpg\" \/>\n\t<meta property=\"og:image:width\" content=\"1280\" \/>\n\t<meta property=\"og:image:height\" content=\"753\" \/>\n\t<meta property=\"og:image:type\" content=\"image\/jpeg\" \/>\n<meta name=\"author\" content=\"Sebastian\" \/>\n<meta name=\"twitter:card\" content=\"summary_large_image\" \/>\n<meta name=\"twitter:creator\" content=\"@InformeLitoral\" \/>\n<meta name=\"twitter:site\" content=\"@InformeLitoral\" \/>\n<meta name=\"twitter:label1\" content=\"Escrito por\" \/>\n\t<meta name=\"twitter:data1\" content=\"Sebastian\" \/>\n\t<meta name=\"twitter:label2\" content=\"Tiempo de lectura\" \/>\n\t<meta name=\"twitter:data2\" content=\"1 minuto\" \/>\n<script type=\"application\/ld+json\" class=\"yoast-schema-graph\">{\"@context\":\"https:\\\/\\\/schema.org\",\"@graph\":[{\"@type\":\"Article\",\"@id\":\"https:\\\/\\\/informelitoral.com.ar\\\/gestionan-dotar-de-infraestructura-la-reserva-don-miro\\\/#article\",\"isPartOf\":{\"@id\":\"https:\\\/\\\/informelitoral.com.ar\\\/gestionan-dotar-de-infraestructura-la-reserva-don-miro\\\/\"},\"author\":{\"name\":\"Sebastian\",\"@id\":\"https:\\\/\\\/informelitoral.com.ar\\\/#\\\/schema\\\/person\\\/f05f9f461677119578717524b127d6d5\"},\"headline\":\"Gestionan dotar de infraestructura la Reserva Don Miro\",\"datePublished\":\"2022-09-22T12:01:51+00:00\",\"dateModified\":\"2022-09-22T12:02:10+00:00\",\"mainEntityOfPage\":{\"@id\":\"https:\\\/\\\/informelitoral.com.ar\\\/gestionan-dotar-de-infraestructura-la-reserva-don-miro\\\/\"},\"wordCount\":172,\"commentCount\":0,\"publisher\":{\"@id\":\"https:\\\/\\\/informelitoral.com.ar\\\/#organization\"},\"image\":{\"@id\":\"https:\\\/\\\/informelitoral.com.ar\\\/gestionan-dotar-de-infraestructura-la-reserva-don-miro\\\/#primaryimage\"},\"thumbnailUrl\":\"https:\\\/\\\/informelitoral.com.ar\\\/%77%70%2d%63%6f%6e%74%65%6e%74\\\/uploads\\\/2022\\\/09\\\/8a826cc4-f164-4672-b48c-84af0e7c0ac9.jpg\",\"keywords\":[\"Claudia Gieco\",\"Gesti\u00f3n\",\"Reserva Don Miro\"],\"articleSection\":[\"Departamento Diamante\"],\"inLanguage\":\"es\",\"potentialAction\":[{\"@type\":\"CommentAction\",\"name\":\"Comment\",\"target\":[\"https:\\\/\\\/informelitoral.com.ar\\\/gestionan-dotar-de-infraestructura-la-reserva-don-miro\\\/#respond\"]}]},{\"@type\":\"WebPage\",\"@id\":\"https:\\\/\\\/informelitoral.com.ar\\\/gestionan-dotar-de-infraestructura-la-reserva-don-miro\\\/\",\"url\":\"https:\\\/\\\/informelitoral.com.ar\\\/gestionan-dotar-de-infraestructura-la-reserva-don-miro\\\/\",\"name\":\"Gestionan dotar de infraestructura la Reserva Don Miro - Informe Litoral\",\"isPartOf\":{\"@id\":\"https:\\\/\\\/informelitoral.com.ar\\\/#website\"},\"primaryImageOfPage\":{\"@id\":\"https:\\\/\\\/informelitoral.com.ar\\\/gestionan-dotar-de-infraestructura-la-reserva-don-miro\\\/#primaryimage\"},\"image\":{\"@id\":\"https:\\\/\\\/informelitoral.com.ar\\\/gestionan-dotar-de-infraestructura-la-reserva-don-miro\\\/#primaryimage\"},\"thumbnailUrl\":\"https:\\\/\\\/informelitoral.com.ar\\\/%77%70%2d%63%6f%6e%74%65%6e%74\\\/uploads\\\/2022\\\/09\\\/8a826cc4-f164-4672-b48c-84af0e7c0ac9.jpg\",\"datePublished\":\"2022-09-22T12:01:51+00:00\",\"dateModified\":\"2022-09-22T12:02:10+00:00\",\"breadcrumb\":{\"@id\":\"https:\\\/\\\/informelitoral.com.ar\\\/gestionan-dotar-de-infraestructura-la-reserva-don-miro\\\/#breadcrumb\"},\"inLanguage\":\"es\",\"potentialAction\":[{\"@type\":\"ReadAction\",\"target\":[\"https:\\\/\\\/informelitoral.com.ar\\\/gestionan-dotar-de-infraestructura-la-reserva-don-miro\\\/\"]}]},{\"@type\":\"ImageObject\",\"inLanguage\":\"es\",\"@id\":\"https:\\\/\\\/informelitoral.com.ar\\\/gestionan-dotar-de-infraestructura-la-reserva-don-miro\\\/#primaryimage\",\"url\":\"https:\\\/\\\/informelitoral.com.ar\\\/%77%70%2d%63%6f%6e%74%65%6e%74\\\/uploads\\\/2022\\\/09\\\/8a826cc4-f164-4672-b48c-84af0e7c0ac9.jpg\",\"contentUrl\":\"https:\\\/\\\/informelitoral.com.ar\\\/%77%70%2d%63%6f%6e%74%65%6e%74\\\/uploads\\\/2022\\\/09\\\/8a826cc4-f164-4672-b48c-84af0e7c0ac9.jpg\",\"width\":1280,\"height\":753},{\"@type\":\"BreadcrumbList\",\"@id\":\"https:\\\/\\\/informelitoral.com.ar\\\/gestionan-dotar-de-infraestructura-la-reserva-don-miro\\\/#breadcrumb\",\"itemListElement\":[{\"@type\":\"ListItem\",\"position\":1,\"name\":\"Portada\",\"item\":\"https:\\\/\\\/informelitoral.com.ar\\\/\"},{\"@type\":\"ListItem\",\"position\":2,\"name\":\"Gestionan dotar de infraestructura la Reserva Don Miro\"}]},{\"@type\":\"WebSite\",\"@id\":\"https:\\\/\\\/informelitoral.com.ar\\\/#website\",\"url\":\"https:\\\/\\\/informelitoral.com.ar\\\/\",\"name\":\"Informe Litoral\",\"description\":\"&quot;Nos informamos&quot; \",\"publisher\":{\"@id\":\"https:\\\/\\\/informelitoral.com.ar\\\/#organization\"},\"potentialAction\":[{\"@type\":\"SearchAction\",\"target\":{\"@type\":\"EntryPoint\",\"urlTemplate\":\"https:\\\/\\\/informelitoral.com.ar\\\/?s={search_term_string}\"},\"query-input\":{\"@type\":\"PropertyValueSpecification\",\"valueRequired\":true,\"valueName\":\"search_term_string\"}}],\"inLanguage\":\"es\"},{\"@type\":\"Organization\",\"@id\":\"https:\\\/\\\/informelitoral.com.ar\\\/#organization\",\"name\":\"Informe Litoral\",\"url\":\"https:\\\/\\\/informelitoral.com.ar\\\/\",\"logo\":{\"@type\":\"ImageObject\",\"inLanguage\":\"es\",\"@id\":\"https:\\\/\\\/informelitoral.com.ar\\\/#\\\/schema\\\/logo\\\/image\\\/\",\"url\":\"https:\\\/\\\/informelitoral.com.ar\\\/%77%70%2d%63%6f%6e%74%65%6e%74\\\/uploads\\\/2021\\\/01\\\/circulo.png\",\"contentUrl\":\"https:\\\/\\\/informelitoral.com.ar\\\/%77%70%2d%63%6f%6e%74%65%6e%74\\\/uploads\\\/2021\\\/01\\\/circulo.png\",\"width\":723,\"height\":731,\"caption\":\"Informe Litoral\"},\"image\":{\"@id\":\"https:\\\/\\\/informelitoral.com.ar\\\/#\\\/schema\\\/logo\\\/image\\\/\"},\"sameAs\":[\"https:\\\/\\\/www.facebook.com\\\/informelitoral\\\/\",\"https:\\\/\\\/x.com\\\/InformeLitoral\",\"https:\\\/\\\/www.instagram.com\\\/informelitoral\\\/\",\"https:\\\/\\\/www.youtube.com\\\/channel\\\/UCua4Qvz8Icb6MYqhoq9xLXw\"]},{\"@type\":\"Person\",\"@id\":\"https:\\\/\\\/informelitoral.com.ar\\\/#\\\/schema\\\/person\\\/f05f9f461677119578717524b127d6d5\",\"name\":\"Sebastian\",\"image\":{\"@type\":\"ImageObject\",\"inLanguage\":\"es\",\"@id\":\"https:\\\/\\\/secure.gravatar.com\\\/avatar\\\/b71bf7481d447dfb9583c7f2798e7cc64de6efb9067b74633ed8c31059a3bd82?s=96&d=mm&r=g\",\"url\":\"https:\\\/\\\/secure.gravatar.com\\\/avatar\\\/b71bf7481d447dfb9583c7f2798e7cc64de6efb9067b74633ed8c31059a3bd82?s=96&d=mm&r=g\",\"contentUrl\":\"https:\\\/\\\/secure.gravatar.com\\\/avatar\\\/b71bf7481d447dfb9583c7f2798e7cc64de6efb9067b74633ed8c31059a3bd82?s=96&d=mm&r=g\",\"caption\":\"Sebastian\"},\"url\":\"https:\\\/\\\/informelitoral.com.ar\\\/author\\\/sebastian\\\/\"}]}<\/script>","yoast_head_json":{"title":"Gestionan dotar de infraestructura la Reserva Don Miro - Informe Litoral","robots":{"index":"index","follow":"follow","max-snippet":"max-snippet:-1","max-image-preview":"max-image-preview:large","max-video-preview":"max-video-preview:-1"},"canonical":"https:\/\/informelitoral.com.ar\/gestionan-dotar-de-infraestructura-la-reserva-don-miro\/","og_locale":"es_ES","og_type":"article","og_title":"Gestionan dotar de infraestructura la Reserva Don Miro - Informe Litoral","og_description":"La senadora Claudia Gieco se reuni\u00f3 con la secretaria de Turismo, Mar\u00eda Laura Saad, y Alejandro Richardet, director General de Planeamiento Estrat\u00e9gico de la Secretar\u00eda, para buscar inversi\u00f3n que posibilite dotar de infraestructura a la Reserva Don Miro, en Las Cuevas.","og_url":"https:\/\/informelitoral.com.ar\/gestionan-dotar-de-infraestructura-la-reserva-don-miro\/","og_site_name":"Informe Litoral","article_publisher":"https:\/\/www.facebook.com\/informelitoral\/","article_published_time":"2022-09-22T12:01:51+00:00","article_modified_time":"2022-09-22T12:02:10+00:00","og_image":[{"width":1280,"height":753,"url":"https:\/\/informelitoral.com.ar\/%77%70%2d%63%6f%6e%74%65%6e%74\/uploads\/2022\/09\/8a826cc4-f164-4672-b48c-84af0e7c0ac9.jpg","type":"image\/jpeg"}],"author":"Sebastian","twitter_card":"summary_large_image","twitter_creator":"@InformeLitoral","twitter_site":"@InformeLitoral","twitter_misc":{"Escrito por":"Sebastian","Tiempo de lectura":"1 minuto"},"schema":{"@context":"https:\/\/schema.org","@graph":[{"@type":"Article","@id":"https:\/\/informelitoral.com.ar\/gestionan-dotar-de-infraestructura-la-reserva-don-miro\/#article","isPartOf":{"@id":"https:\/\/informelitoral.com.ar\/gestionan-dotar-de-infraestructura-la-reserva-don-miro\/"},"author":{"name":"Sebastian","@id":"https:\/\/informelitoral.com.ar\/#\/schema\/person\/f05f9f461677119578717524b127d6d5"},"headline":"Gestionan dotar de infraestructura la Reserva Don Miro","datePublished":"2022-09-22T12:01:51+00:00","dateModified":"2022-09-22T12:02:10+00:00","mainEntityOfPage":{"@id":"https:\/\/informelitoral.com.ar\/gestionan-dotar-de-infraestructura-la-reserva-don-miro\/"},"wordCount":172,"commentCount":0,"publisher":{"@id":"https:\/\/informelitoral.com.ar\/#organization"},"image":{"@id":"https:\/\/informelitoral.com.ar\/gestionan-dotar-de-infraestructura-la-reserva-don-miro\/#primaryimage"},"thumbnailUrl":"https:\/\/informelitoral.com.ar\/%77%70%2d%63%6f%6e%74%65%6e%74\/uploads\/2022\/09\/8a826cc4-f164-4672-b48c-84af0e7c0ac9.jpg","keywords":["Claudia Gieco","Gesti\u00f3n","Reserva Don Miro"],"articleSection":["Departamento Diamante"],"inLanguage":"es","potentialAction":[{"@type":"CommentAction","name":"Comment","target":["https:\/\/informelitoral.com.ar\/gestionan-dotar-de-infraestructura-la-reserva-don-miro\/#respond"]}]},{"@type":"WebPage","@id":"https:\/\/informelitoral.com.ar\/gestionan-dotar-de-infraestructura-la-reserva-don-miro\/","url":"https:\/\/informelitoral.com.ar\/gestionan-dotar-de-infraestructura-la-reserva-don-miro\/","name":"Gestionan dotar de infraestructura la Reserva Don Miro - Informe Litoral","isPartOf":{"@id":"https:\/\/informelitoral.com.ar\/#website"},"primaryImageOfPage":{"@id":"https:\/\/informelitoral.com.ar\/gestionan-dotar-de-infraestructura-la-reserva-don-miro\/#primaryimage"},"image":{"@id":"https:\/\/informelitoral.com.ar\/gestionan-dotar-de-infraestructura-la-reserva-don-miro\/#primaryimage"},"thumbnailUrl":"https:\/\/informelitoral.com.ar\/%77%70%2d%63%6f%6e%74%65%6e%74\/uploads\/2022\/09\/8a826cc4-f164-4672-b48c-84af0e7c0ac9.jpg","datePublished":"2022-09-22T12:01:51+00:00","dateModified":"2022-09-22T12:02:10+00:00","breadcrumb":{"@id":"https:\/\/informelitoral.com.ar\/gestionan-dotar-de-infraestructura-la-reserva-don-miro\/#breadcrumb"},"inLanguage":"es","potentialAction":[{"@type":"ReadAction","target":["https:\/\/informelitoral.com.ar\/gestionan-dotar-de-infraestructura-la-reserva-don-miro\/"]}]},{"@type":"ImageObject","inLanguage":"es","@id":"https:\/\/informelitoral.com.ar\/gestionan-dotar-de-infraestructura-la-reserva-don-miro\/#primaryimage","url":"https:\/\/informelitoral.com.ar\/%77%70%2d%63%6f%6e%74%65%6e%74\/uploads\/2022\/09\/8a826cc4-f164-4672-b48c-84af0e7c0ac9.jpg","contentUrl":"https:\/\/informelitoral.com.ar\/%77%70%2d%63%6f%6e%74%65%6e%74\/uploads\/2022\/09\/8a826cc4-f164-4672-b48c-84af0e7c0ac9.jpg","width":1280,"height":753},{"@type":"BreadcrumbList","@id":"https:\/\/informelitoral.com.ar\/gestionan-dotar-de-infraestructura-la-reserva-don-miro\/#breadcrumb","itemListElement":[{"@type":"ListItem","position":1,"name":"Portada","item":"https:\/\/informelitoral.com.ar\/"},{"@type":"ListItem","position":2,"name":"Gestionan dotar de infraestructura la Reserva Don Miro"}]},{"@type":"WebSite","@id":"https:\/\/informelitoral.com.ar\/#website","url":"https:\/\/informelitoral.com.ar\/","name":"Informe Litoral","description":"&quot;Nos informamos&quot; ","publisher":{"@id":"https:\/\/informelitoral.com.ar\/#organization"},"potentialAction":[{"@type":"SearchAction","target":{"@type":"EntryPoint","urlTemplate":"https:\/\/informelitoral.com.ar\/?s={search_term_string}"},"query-input":{"@type":"PropertyValueSpecification","valueRequired":true,"valueName":"search_term_string"}}],"inLanguage":"es"},{"@type":"Organization","@id":"https:\/\/informelitoral.com.ar\/#organization","name":"Informe Litoral","url":"https:\/\/informelitoral.com.ar\/","logo":{"@type":"ImageObject","inLanguage":"es","@id":"https:\/\/informelitoral.com.ar\/#\/schema\/logo\/image\/","url":"https:\/\/informelitoral.com.ar\/%77%70%2d%63%6f%6e%74%65%6e%74\/uploads\/2021\/01\/circulo.png","contentUrl":"https:\/\/informelitoral.com.ar\/%77%70%2d%63%6f%6e%74%65%6e%74\/uploads\/2021\/01\/circulo.png","width":723,"height":731,"caption":"Informe Litoral"},"image":{"@id":"https:\/\/informelitoral.com.ar\/#\/schema\/logo\/image\/"},"sameAs":["https:\/\/www.facebook.com\/informelitoral\/","https:\/\/x.com\/InformeLitoral","https:\/\/www.instagram.com\/informelitoral\/","https:\/\/www.youtube.com\/channel\/UCua4Qvz8Icb6MYqhoq9xLXw"]},{"@type":"Person","@id":"https:\/\/informelitoral.com.ar\/#\/schema\/person\/f05f9f461677119578717524b127d6d5","name":"Sebastian","image":{"@type":"ImageObject","inLanguage":"es","@id":"https:\/\/secure.gravatar.com\/avatar\/b71bf7481d447dfb9583c7f2798e7cc64de6efb9067b74633ed8c31059a3bd82?s=96&d=mm&r=g","url":"https:\/\/secure.gravatar.com\/avatar\/b71bf7481d447dfb9583c7f2798e7cc64de6efb9067b74633ed8c31059a3bd82?s=96&d=mm&r=g","contentUrl":"https:\/\/secure.gravatar.com\/avatar\/b71bf7481d447dfb9583c7f2798e7cc64de6efb9067b74633ed8c31059a3bd82?s=96&d=mm&r=g","caption":"Sebastian"},"url":"https:\/\/informelitoral.com.ar\/author\/sebastian\/"}]}},"_links":{"self":[{"href":"https:\/\/informelitoral.com.ar\/%77%70%2d%6a%73%6f%6e\/wp\/v2\/posts\/87576","targetHints":{"allow":["GET"]}}],"collection":[{"href":"https:\/\/informelitoral.com.ar\/%77%70%2d%6a%73%6f%6e\/wp\/v2\/posts"}],"about":[{"href":"https:\/\/informelitoral.com.ar\/%77%70%2d%6a%73%6f%6e\/wp\/v2\/types\/post"}],"author":[{"embeddable":true,"href":"https:\/\/informelitoral.com.ar\/%77%70%2d%6a%73%6f%6e\/wp\/v2\/users\/8"}],"replies":[{"embeddable":true,"href":"https:\/\/informelitoral.com.ar\/%77%70%2d%6a%73%6f%6e\/wp\/v2\/comments?post=87576"}],"version-history":[{"count":0,"href":"https:\/\/informelitoral.com.ar\/%77%70%2d%6a%73%6f%6e\/wp\/v2\/posts\/87576\/revisions"}],"wp:featuredmedia":[{"embeddable":true,"href":"https:\/\/informelitoral.com.ar\/%77%70%2d%6a%73%6f%6e\/wp\/v2\/media\/87578"}],"wp:attachment":[{"href":"https:\/\/informelitoral.com.ar\/%77%70%2d%6a%73%6f%6e\/wp\/v2\/media?parent=87576"}],"wp:term":[{"taxonomy":"category","embeddable":true,"href":"https:\/\/informelitoral.com.ar\/%77%70%2d%6a%73%6f%6e\/wp\/v2\/categories?post=87576"},{"taxonomy":"post_tag","embeddable":true,"href":"https:\/\/informelitoral.com.ar\/%77%70%2d%6a%73%6f%6e\/wp\/v2\/tags?post=87576"}],"curies":[{"name":"wp","href":"https:\/\/api.w.org\/{rel}","templated":true}]}}