{"id":8750,"date":"2014-10-30T09:00:18","date_gmt":"2014-10-30T12:00:18","guid":{"rendered":"http:\/\/www.isletasnoticias.com.ar\/?p=8750"},"modified":"2014-10-30T09:02:19","modified_gmt":"2014-10-30T12:02:19","slug":"esta-lejos-el-acuerdo-por-la-nueva-ley-de-agroquimicos","status":"publish","type":"post","link":"https:\/\/informelitoral.com.ar\/esta-lejos-el-acuerdo-por-la-nueva-ley-de-agroquimicos\/","title":{"rendered":"Est\u00e1 lejos el acuerdo por la nueva ley de agroqu\u00edmicos"},"content":{"rendered":"<p><strong>El Foro Ecologista de Paran\u00e1 cuestion\u00f3 a los senadores <em>Cresto<\/em> y <em>Arletaz<\/em> por impulsar una ley hecha con consulta con los sectores que no quieren los controles en el uso de los agrot\u00f3xicos.<a href=\"http:\/\/www.isletasnoticias.com.ar\/%77%70%2d%63%6f%6e%74%65%6e%74\/uploads\/2014\/10\/agroquxmicos.jpg_2069580699.jpg\"><img loading=\"lazy\" decoding=\"async\" class=\"aligncenter size-medium wp-image-8752\" src=\"http:\/\/www.isletasnoticias.com.ar\/%77%70%2d%63%6f%6e%74%65%6e%74\/uploads\/2014\/10\/agroquxmicos.jpg_2069580699-300x199.jpg\" alt=\"agroquxmicos.jpg_2069580699\" width=\"300\" height=\"199\" srcset=\"https:\/\/informelitoral.com.ar\/%77%70%2d%63%6f%6e%74%65%6e%74\/uploads\/2014\/10\/agroquxmicos.jpg_2069580699-300x199.jpg 300w, https:\/\/informelitoral.com.ar\/%77%70%2d%63%6f%6e%74%65%6e%74\/uploads\/2014\/10\/agroquxmicos.jpg_2069580699.jpg 761w\" sizes=\"auto, (max-width: 300px) 100vw, 300px\" \/><\/a><\/strong><\/p>\n<p class=\"first\">El bioqu\u00edmico <strong>Daniel Verze\u00f1assi<\/strong>, integrante del Foro Ecologista de Paran\u00e1, sostuvo ayer que la nueva ley de regulaci\u00f3n del uso de agroqu\u00edmicos que impulsan los senadores <strong>Enrique Cresto<\/strong> y <strong>Oscar Arletaz<\/strong> fue redactada por legisladores \u201cque est\u00e1n m\u00e1s cerca de los fumigadores que de los fumigados\u201d, y que esa norma fue elaborada en consulta con el \u201cstaff de regular para no regular\u201d.<\/p>\n<p class=\"first\">El dirigente ambientalista marc\u00f3 de esta manera que est\u00e1 lejos de alcanzarse el consenso respecto de la mencionada normativa, y respald\u00f3 los dichos del exdiputado oficialista H\u00e9ctor De La Fuente, quien tuvo un cruce de opiniones con los autores del proyecto.<\/p>\n<p class=\"first\">\u201cCreemos que hay legisladores que tienen una sensibilidad diferente que otros respecto al tema de la salud y esto queda reflejado en cada una de sus acciones de gobierno\u201d, afirm\u00f3 Verze\u00f1assi. Tras se\u00f1alar que se intenta reemplazar a la vigente la Ley N\u00ba 6.599, critic\u00f3 que para confeccionar el proyecto \u201cse efectu\u00f3 una suerte de cabildeo hace algunos a\u00f1os para recorrer opiniones y miradas donde el actual vocal del Consejo General de Educaci\u00f3n (CGE) H\u00e9ctor de la Fuente, hab\u00eda presentado un proyecto de prohibici\u00f3n de fumigaciones a\u00e9reas con consideraciones que marcaban la imposibilidad de controlar las derivas\u201d, y agreg\u00f3: \u201cCuando recientemente se decide reemplazar la normativa actual, uno de los antecedentes que hubieran tenido que consultar son los procesos anteriores, pero sin embargo fueron tirados a un caj\u00f3n del olvido\u201d.<\/p>\n<p class=\"first\">Tras esto se\u00f1al\u00f3: \u201cA los propiciadores del proyecto que hoy anda dando vueltas, que son Arletazz y Cresto, hay que pedirles la n\u00f3mina de los que fueron consultados en esta oportunidad para fijar pautas y cu\u00e1ntas reuniones hubo, porque quienes integramos el Foro Ecologista para poder hacernos escuchar tuvimos que pedir una audiencia\u201d record\u00f3.<br \/>\n\u201cY el d\u00eda que fuimos a exponer con material audiovisual, escrito y cient\u00edfico sobre la situaci\u00f3n real del uso de agroqu\u00edmicos verificados con casu\u00edstica hicieron el grotesco de juntarnos con la C\u00e1mara Argentina de Aeroaplicadores\u201d.<\/p>\n<p class=\"first\">El especialista se quej\u00f3 de la \u201cdesidia\u201d de los legisladores. \u201cSe fija para un tema netamente sanitario -que implica pensar en la salud de la poblaci\u00f3n- que el \u00f3rgano de aplicaci\u00f3n sea la Secretar\u00eda de la Producci\u00f3n ya que quienes fueron consultados por este grupo son la C\u00e1mara de Aeroaplicadores, la C\u00e1mara Argentina de Venta de Agroqu\u00edmicos, la Sociedad Rural e incluso la Federaci\u00f3n Agraria que son el staff de regular para no regular\u201d, por lo cual enseguida consider\u00f3: \u201cSi uno mira estos aspectos uno defectivamente, como dijo el vocal De la Fuente, debe creer que hay legisladores que est\u00e1n m\u00e1s cerca de los fumigadores que de los fumigados\u201d, concluy\u00f3.<\/p>\n<p><strong>\u201cQue no pongan por encima las cuestiones econ\u00f3micas\u201d<\/strong><\/p>\n<p>El exdiputado y actual vocal del Consejo de Educaci\u00f3n H\u00e9ctor De La Fuente dijo hace un par de semanas: \u201cNo tengo dudas de que hay legisladores m\u00e1s cerca de los fumigadores que de los afectados. Se prioriza la rentabilidad econ\u00f3mica que trae la siembra directa, con semillas gen\u00e9ticamente modificadas, que la salud de la poblaci\u00f3n\u201d, cuestion\u00f3 .<\/p>\n<p>\u201cSe pueden presentar proyectos, pero lo que habr\u00e1 que hacer es buscar a ver qui\u00e9n est\u00e1 preocupado por este tema y que no lo ponga por encima de las cuestiones econ\u00f3micas y agropecuarias&#8230;\u201d, remarc\u00f3 el exlegislador oriundo de Gualeguaych\u00fa.<\/p>\n<p>Por su parte, Cresto se mostr\u00f3 \u201csorprendido e indignado\u201d. Y rechaz\u00f3 \u201clos dichos insidiosos y acusatorios vertidos por De la Fuente\u201d.<\/p>\n<p>\u201cLe exijo, en el marco que nos da la Constituci\u00f3n entrerriana y en defensa de las instituciones representativas del pueblo, que despeje en verdad las dudas que dice haber alejado de s\u00ed y d\u00e9 nombres r\u00e1pidamente. Si hay un senador que haya tenido un actitud que pueda poner en riesgo la salud de nuestra poblaci\u00f3n, que lo se\u00f1ale. Habr\u00e1 que actuar en consecuencia\u201d, indic\u00f3 el presidente del bloque oficialista en su respuesta.<em> (UNO)<\/em><\/p>\n","protected":false},"excerpt":{"rendered":"<p>El Foro Ecologista de Paran&aacute; cuestion&oacute; a los senadores Cresto y Arletaz por impulsar una ley hecha con consulta con los sectores que no quieren los controles en el uso de los agrot&oacute;xicos. El bioqu&iacute;mico Daniel Verze&ntilde;assi, integrante del Foro Ecologista de Paran&aacute;, sostuvo ayer que la nueva ley de regulaci&oacute;n del uso de agroqu&iacute;micos [&hellip;]<\/p>\n","protected":false},"author":2,"featured_media":0,"comment_status":"open","ping_status":"open","sticky":false,"template":"","format":"standard","meta":{"fifu_image_url":"","fifu_image_alt":"","footnotes":""},"categories":[10,6,16],"tags":[],"class_list":{"0":"post-8750","1":"post","2":"type-post","3":"status-publish","4":"format-standard","6":"category-campo","7":"category-entre-rios","8":"category-politi"},"yoast_head":"<title>Est\u00e1 lejos el acuerdo por la nueva ley de agroqu\u00edmicos - Informe Litoral<\/title>\n<meta name=\"robots\" content=\"index, follow, max-snippet:-1, max-image-preview:large, max-video-preview:-1\" \/>\n<link rel=\"canonical\" href=\"https:\/\/informelitoral.com.ar\/esta-lejos-el-acuerdo-por-la-nueva-ley-de-agroquimicos\/\" \/>\n<meta property=\"og:locale\" content=\"es_ES\" \/>\n<meta property=\"og:type\" content=\"article\" \/>\n<meta property=\"og:title\" content=\"Est\u00e1 lejos el acuerdo por la nueva ley de agroqu\u00edmicos - Informe Litoral\" \/>\n<meta property=\"og:description\" content=\"El Foro Ecologista de Paran&aacute; cuestion&oacute; a los senadores Cresto y Arletaz por impulsar una ley hecha con consulta con los sectores que no quieren los controles en el uso de los agrot&oacute;xicos. El bioqu&iacute;mico Daniel Verze&ntilde;assi, integrante del Foro Ecologista de Paran&aacute;, sostuvo ayer que la nueva ley de regulaci&oacute;n del uso de agroqu&iacute;micos [&hellip;]\" \/>\n<meta property=\"og:url\" content=\"https:\/\/informelitoral.com.ar\/esta-lejos-el-acuerdo-por-la-nueva-ley-de-agroquimicos\/\" \/>\n<meta property=\"og:site_name\" content=\"Informe Litoral\" \/>\n<meta property=\"article:publisher\" content=\"https:\/\/www.facebook.com\/informelitoral\/\" \/>\n<meta property=\"article:published_time\" content=\"2014-10-30T12:00:18+00:00\" \/>\n<meta property=\"article:modified_time\" content=\"2014-10-30T12:02:19+00:00\" \/>\n<meta property=\"og:image\" content=\"https:\/\/informelitoral.com.ar\/%77%70%2d%63%6f%6e%74%65%6e%74\/uploads\/2014\/10\/agroquxmicos.jpg_2069580699.jpg\" \/>\n\t<meta property=\"og:image:width\" content=\"761\" \/>\n\t<meta property=\"og:image:height\" content=\"507\" \/>\n\t<meta property=\"og:image:type\" content=\"image\/jpeg\" \/>\n<meta name=\"author\" content=\"Gonzalo Schmidt\" \/>\n<meta name=\"twitter:card\" content=\"summary_large_image\" \/>\n<meta name=\"twitter:creator\" content=\"@InformeLitoral\" \/>\n<meta name=\"twitter:site\" content=\"@InformeLitoral\" \/>\n<meta name=\"twitter:label1\" content=\"Escrito por\" \/>\n\t<meta name=\"twitter:data1\" content=\"Gonzalo Schmidt\" \/>\n\t<meta name=\"twitter:label2\" content=\"Tiempo de lectura\" \/>\n\t<meta name=\"twitter:data2\" content=\"4 minutos\" \/>\n<script type=\"application\/ld+json\" class=\"yoast-schema-graph\">{\"@context\":\"https:\\\/\\\/schema.org\",\"@graph\":[{\"@type\":\"Article\",\"@id\":\"https:\\\/\\\/informelitoral.com.ar\\\/esta-lejos-el-acuerdo-por-la-nueva-ley-de-agroquimicos\\\/#article\",\"isPartOf\":{\"@id\":\"https:\\\/\\\/informelitoral.com.ar\\\/esta-lejos-el-acuerdo-por-la-nueva-ley-de-agroquimicos\\\/\"},\"author\":{\"name\":\"Gonzalo Schmidt\",\"@id\":\"https:\\\/\\\/informelitoral.com.ar\\\/#\\\/schema\\\/person\\\/b9d00407c836482871ef1d57bf8e3180\"},\"headline\":\"Est\u00e1 lejos el acuerdo por la nueva ley de agroqu\u00edmicos\",\"datePublished\":\"2014-10-30T12:00:18+00:00\",\"dateModified\":\"2014-10-30T12:02:19+00:00\",\"mainEntityOfPage\":{\"@id\":\"https:\\\/\\\/informelitoral.com.ar\\\/esta-lejos-el-acuerdo-por-la-nueva-ley-de-agroquimicos\\\/\"},\"wordCount\":721,\"commentCount\":0,\"publisher\":{\"@id\":\"https:\\\/\\\/informelitoral.com.ar\\\/#organization\"},\"image\":{\"@id\":\"https:\\\/\\\/informelitoral.com.ar\\\/esta-lejos-el-acuerdo-por-la-nueva-ley-de-agroquimicos\\\/#primaryimage\"},\"thumbnailUrl\":\"http:\\\/\\\/www.isletasnoticias.com.ar\\\/%77%70%2d%63%6f%6e%74%65%6e%74\\\/uploads\\\/2014\\\/10\\\/agroquxmicos.jpg_2069580699-300x199.jpg\",\"articleSection\":[\"Campo\",\"Entre R\u00edos\",\"Politica\"],\"inLanguage\":\"es\",\"potentialAction\":[{\"@type\":\"CommentAction\",\"name\":\"Comment\",\"target\":[\"https:\\\/\\\/informelitoral.com.ar\\\/esta-lejos-el-acuerdo-por-la-nueva-ley-de-agroquimicos\\\/#respond\"]}]},{\"@type\":\"WebPage\",\"@id\":\"https:\\\/\\\/informelitoral.com.ar\\\/esta-lejos-el-acuerdo-por-la-nueva-ley-de-agroquimicos\\\/\",\"url\":\"https:\\\/\\\/informelitoral.com.ar\\\/esta-lejos-el-acuerdo-por-la-nueva-ley-de-agroquimicos\\\/\",\"name\":\"Est\u00e1 lejos el acuerdo por la nueva ley de agroqu\u00edmicos - Informe Litoral\",\"isPartOf\":{\"@id\":\"https:\\\/\\\/informelitoral.com.ar\\\/#website\"},\"primaryImageOfPage\":{\"@id\":\"https:\\\/\\\/informelitoral.com.ar\\\/esta-lejos-el-acuerdo-por-la-nueva-ley-de-agroquimicos\\\/#primaryimage\"},\"image\":{\"@id\":\"https:\\\/\\\/informelitoral.com.ar\\\/esta-lejos-el-acuerdo-por-la-nueva-ley-de-agroquimicos\\\/#primaryimage\"},\"thumbnailUrl\":\"http:\\\/\\\/www.isletasnoticias.com.ar\\\/%77%70%2d%63%6f%6e%74%65%6e%74\\\/uploads\\\/2014\\\/10\\\/agroquxmicos.jpg_2069580699-300x199.jpg\",\"datePublished\":\"2014-10-30T12:00:18+00:00\",\"dateModified\":\"2014-10-30T12:02:19+00:00\",\"breadcrumb\":{\"@id\":\"https:\\\/\\\/informelitoral.com.ar\\\/esta-lejos-el-acuerdo-por-la-nueva-ley-de-agroquimicos\\\/#breadcrumb\"},\"inLanguage\":\"es\",\"potentialAction\":[{\"@type\":\"ReadAction\",\"target\":[\"https:\\\/\\\/informelitoral.com.ar\\\/esta-lejos-el-acuerdo-por-la-nueva-ley-de-agroquimicos\\\/\"]}]},{\"@type\":\"ImageObject\",\"inLanguage\":\"es\",\"@id\":\"https:\\\/\\\/informelitoral.com.ar\\\/esta-lejos-el-acuerdo-por-la-nueva-ley-de-agroquimicos\\\/#primaryimage\",\"url\":\"http:\\\/\\\/www.isletasnoticias.com.ar\\\/%77%70%2d%63%6f%6e%74%65%6e%74\\\/uploads\\\/2014\\\/10\\\/agroquxmicos.jpg_2069580699-300x199.jpg\",\"contentUrl\":\"http:\\\/\\\/www.isletasnoticias.com.ar\\\/%77%70%2d%63%6f%6e%74%65%6e%74\\\/uploads\\\/2014\\\/10\\\/agroquxmicos.jpg_2069580699-300x199.jpg\"},{\"@type\":\"BreadcrumbList\",\"@id\":\"https:\\\/\\\/informelitoral.com.ar\\\/esta-lejos-el-acuerdo-por-la-nueva-ley-de-agroquimicos\\\/#breadcrumb\",\"itemListElement\":[{\"@type\":\"ListItem\",\"position\":1,\"name\":\"Portada\",\"item\":\"https:\\\/\\\/informelitoral.com.ar\\\/\"},{\"@type\":\"ListItem\",\"position\":2,\"name\":\"Est\u00e1 lejos el acuerdo por la nueva ley de agroqu\u00edmicos\"}]},{\"@type\":\"WebSite\",\"@id\":\"https:\\\/\\\/informelitoral.com.ar\\\/#website\",\"url\":\"https:\\\/\\\/informelitoral.com.ar\\\/\",\"name\":\"Informe Litoral\",\"description\":\"&quot;Nos informamos&quot; \",\"publisher\":{\"@id\":\"https:\\\/\\\/informelitoral.com.ar\\\/#organization\"},\"potentialAction\":[{\"@type\":\"SearchAction\",\"target\":{\"@type\":\"EntryPoint\",\"urlTemplate\":\"https:\\\/\\\/informelitoral.com.ar\\\/?s={search_term_string}\"},\"query-input\":{\"@type\":\"PropertyValueSpecification\",\"valueRequired\":true,\"valueName\":\"search_term_string\"}}],\"inLanguage\":\"es\"},{\"@type\":\"Organization\",\"@id\":\"https:\\\/\\\/informelitoral.com.ar\\\/#organization\",\"name\":\"Informe Litoral\",\"url\":\"https:\\\/\\\/informelitoral.com.ar\\\/\",\"logo\":{\"@type\":\"ImageObject\",\"inLanguage\":\"es\",\"@id\":\"https:\\\/\\\/informelitoral.com.ar\\\/#\\\/schema\\\/logo\\\/image\\\/\",\"url\":\"https:\\\/\\\/informelitoral.com.ar\\\/%77%70%2d%63%6f%6e%74%65%6e%74\\\/uploads\\\/2021\\\/01\\\/circulo.png\",\"contentUrl\":\"https:\\\/\\\/informelitoral.com.ar\\\/%77%70%2d%63%6f%6e%74%65%6e%74\\\/uploads\\\/2021\\\/01\\\/circulo.png\",\"width\":723,\"height\":731,\"caption\":\"Informe Litoral\"},\"image\":{\"@id\":\"https:\\\/\\\/informelitoral.com.ar\\\/#\\\/schema\\\/logo\\\/image\\\/\"},\"sameAs\":[\"https:\\\/\\\/www.facebook.com\\\/informelitoral\\\/\",\"https:\\\/\\\/x.com\\\/InformeLitoral\",\"https:\\\/\\\/www.instagram.com\\\/informelitoral\\\/\",\"https:\\\/\\\/www.youtube.com\\\/channel\\\/UCua4Qvz8Icb6MYqhoq9xLXw\"]},{\"@type\":\"Person\",\"@id\":\"https:\\\/\\\/informelitoral.com.ar\\\/#\\\/schema\\\/person\\\/b9d00407c836482871ef1d57bf8e3180\",\"name\":\"Gonzalo Schmidt\",\"image\":{\"@type\":\"ImageObject\",\"inLanguage\":\"es\",\"@id\":\"https:\\\/\\\/secure.gravatar.com\\\/avatar\\\/31a1a7b66ff2de83bd0e9fd79d026630d2d99e55e8bfe501287647b4fd9743de?s=96&d=mm&r=g\",\"url\":\"https:\\\/\\\/secure.gravatar.com\\\/avatar\\\/31a1a7b66ff2de83bd0e9fd79d026630d2d99e55e8bfe501287647b4fd9743de?s=96&d=mm&r=g\",\"contentUrl\":\"https:\\\/\\\/secure.gravatar.com\\\/avatar\\\/31a1a7b66ff2de83bd0e9fd79d026630d2d99e55e8bfe501287647b4fd9743de?s=96&d=mm&r=g\",\"caption\":\"Gonzalo Schmidt\"},\"description\":\"Sitio web de noticias de la provincia de Entre R\u00edos, Argentina. Informaci\u00f3n y entretenimiento. Informe Litoral, nos informamos.\",\"sameAs\":[\"http:\\\/\\\/www.isletasnoticias.com.ar\"],\"url\":\"https:\\\/\\\/informelitoral.com.ar\\\/author\\\/gonzalo\\\/\"}]}<\/script>","yoast_head_json":{"title":"Est\u00e1 lejos el acuerdo por la nueva ley de agroqu\u00edmicos - Informe Litoral","robots":{"index":"index","follow":"follow","max-snippet":"max-snippet:-1","max-image-preview":"max-image-preview:large","max-video-preview":"max-video-preview:-1"},"canonical":"https:\/\/informelitoral.com.ar\/esta-lejos-el-acuerdo-por-la-nueva-ley-de-agroquimicos\/","og_locale":"es_ES","og_type":"article","og_title":"Est\u00e1 lejos el acuerdo por la nueva ley de agroqu\u00edmicos - Informe Litoral","og_description":"El Foro Ecologista de Paran&aacute; cuestion&oacute; a los senadores Cresto y Arletaz por impulsar una ley hecha con consulta con los sectores que no quieren los controles en el uso de los agrot&oacute;xicos. El bioqu&iacute;mico Daniel Verze&ntilde;assi, integrante del Foro Ecologista de Paran&aacute;, sostuvo ayer que la nueva ley de regulaci&oacute;n del uso de agroqu&iacute;micos [&hellip;]","og_url":"https:\/\/informelitoral.com.ar\/esta-lejos-el-acuerdo-por-la-nueva-ley-de-agroquimicos\/","og_site_name":"Informe Litoral","article_publisher":"https:\/\/www.facebook.com\/informelitoral\/","article_published_time":"2014-10-30T12:00:18+00:00","article_modified_time":"2014-10-30T12:02:19+00:00","og_image":[{"width":761,"height":507,"url":"https:\/\/informelitoral.com.ar\/%77%70%2d%63%6f%6e%74%65%6e%74\/uploads\/2014\/10\/agroquxmicos.jpg_2069580699.jpg","type":"image\/jpeg"}],"author":"Gonzalo Schmidt","twitter_card":"summary_large_image","twitter_creator":"@InformeLitoral","twitter_site":"@InformeLitoral","twitter_misc":{"Escrito por":"Gonzalo Schmidt","Tiempo de lectura":"4 minutos"},"schema":{"@context":"https:\/\/schema.org","@graph":[{"@type":"Article","@id":"https:\/\/informelitoral.com.ar\/esta-lejos-el-acuerdo-por-la-nueva-ley-de-agroquimicos\/#article","isPartOf":{"@id":"https:\/\/informelitoral.com.ar\/esta-lejos-el-acuerdo-por-la-nueva-ley-de-agroquimicos\/"},"author":{"name":"Gonzalo Schmidt","@id":"https:\/\/informelitoral.com.ar\/#\/schema\/person\/b9d00407c836482871ef1d57bf8e3180"},"headline":"Est\u00e1 lejos el acuerdo por la nueva ley de agroqu\u00edmicos","datePublished":"2014-10-30T12:00:18+00:00","dateModified":"2014-10-30T12:02:19+00:00","mainEntityOfPage":{"@id":"https:\/\/informelitoral.com.ar\/esta-lejos-el-acuerdo-por-la-nueva-ley-de-agroquimicos\/"},"wordCount":721,"commentCount":0,"publisher":{"@id":"https:\/\/informelitoral.com.ar\/#organization"},"image":{"@id":"https:\/\/informelitoral.com.ar\/esta-lejos-el-acuerdo-por-la-nueva-ley-de-agroquimicos\/#primaryimage"},"thumbnailUrl":"http:\/\/www.isletasnoticias.com.ar\/%77%70%2d%63%6f%6e%74%65%6e%74\/uploads\/2014\/10\/agroquxmicos.jpg_2069580699-300x199.jpg","articleSection":["Campo","Entre R\u00edos","Politica"],"inLanguage":"es","potentialAction":[{"@type":"CommentAction","name":"Comment","target":["https:\/\/informelitoral.com.ar\/esta-lejos-el-acuerdo-por-la-nueva-ley-de-agroquimicos\/#respond"]}]},{"@type":"WebPage","@id":"https:\/\/informelitoral.com.ar\/esta-lejos-el-acuerdo-por-la-nueva-ley-de-agroquimicos\/","url":"https:\/\/informelitoral.com.ar\/esta-lejos-el-acuerdo-por-la-nueva-ley-de-agroquimicos\/","name":"Est\u00e1 lejos el acuerdo por la nueva ley de agroqu\u00edmicos - Informe Litoral","isPartOf":{"@id":"https:\/\/informelitoral.com.ar\/#website"},"primaryImageOfPage":{"@id":"https:\/\/informelitoral.com.ar\/esta-lejos-el-acuerdo-por-la-nueva-ley-de-agroquimicos\/#primaryimage"},"image":{"@id":"https:\/\/informelitoral.com.ar\/esta-lejos-el-acuerdo-por-la-nueva-ley-de-agroquimicos\/#primaryimage"},"thumbnailUrl":"http:\/\/www.isletasnoticias.com.ar\/%77%70%2d%63%6f%6e%74%65%6e%74\/uploads\/2014\/10\/agroquxmicos.jpg_2069580699-300x199.jpg","datePublished":"2014-10-30T12:00:18+00:00","dateModified":"2014-10-30T12:02:19+00:00","breadcrumb":{"@id":"https:\/\/informelitoral.com.ar\/esta-lejos-el-acuerdo-por-la-nueva-ley-de-agroquimicos\/#breadcrumb"},"inLanguage":"es","potentialAction":[{"@type":"ReadAction","target":["https:\/\/informelitoral.com.ar\/esta-lejos-el-acuerdo-por-la-nueva-ley-de-agroquimicos\/"]}]},{"@type":"ImageObject","inLanguage":"es","@id":"https:\/\/informelitoral.com.ar\/esta-lejos-el-acuerdo-por-la-nueva-ley-de-agroquimicos\/#primaryimage","url":"http:\/\/www.isletasnoticias.com.ar\/%77%70%2d%63%6f%6e%74%65%6e%74\/uploads\/2014\/10\/agroquxmicos.jpg_2069580699-300x199.jpg","contentUrl":"http:\/\/www.isletasnoticias.com.ar\/%77%70%2d%63%6f%6e%74%65%6e%74\/uploads\/2014\/10\/agroquxmicos.jpg_2069580699-300x199.jpg"},{"@type":"BreadcrumbList","@id":"https:\/\/informelitoral.com.ar\/esta-lejos-el-acuerdo-por-la-nueva-ley-de-agroquimicos\/#breadcrumb","itemListElement":[{"@type":"ListItem","position":1,"name":"Portada","item":"https:\/\/informelitoral.com.ar\/"},{"@type":"ListItem","position":2,"name":"Est\u00e1 lejos el acuerdo por la nueva ley de agroqu\u00edmicos"}]},{"@type":"WebSite","@id":"https:\/\/informelitoral.com.ar\/#website","url":"https:\/\/informelitoral.com.ar\/","name":"Informe Litoral","description":"&quot;Nos informamos&quot; ","publisher":{"@id":"https:\/\/informelitoral.com.ar\/#organization"},"potentialAction":[{"@type":"SearchAction","target":{"@type":"EntryPoint","urlTemplate":"https:\/\/informelitoral.com.ar\/?s={search_term_string}"},"query-input":{"@type":"PropertyValueSpecification","valueRequired":true,"valueName":"search_term_string"}}],"inLanguage":"es"},{"@type":"Organization","@id":"https:\/\/informelitoral.com.ar\/#organization","name":"Informe Litoral","url":"https:\/\/informelitoral.com.ar\/","logo":{"@type":"ImageObject","inLanguage":"es","@id":"https:\/\/informelitoral.com.ar\/#\/schema\/logo\/image\/","url":"https:\/\/informelitoral.com.ar\/%77%70%2d%63%6f%6e%74%65%6e%74\/uploads\/2021\/01\/circulo.png","contentUrl":"https:\/\/informelitoral.com.ar\/%77%70%2d%63%6f%6e%74%65%6e%74\/uploads\/2021\/01\/circulo.png","width":723,"height":731,"caption":"Informe Litoral"},"image":{"@id":"https:\/\/informelitoral.com.ar\/#\/schema\/logo\/image\/"},"sameAs":["https:\/\/www.facebook.com\/informelitoral\/","https:\/\/x.com\/InformeLitoral","https:\/\/www.instagram.com\/informelitoral\/","https:\/\/www.youtube.com\/channel\/UCua4Qvz8Icb6MYqhoq9xLXw"]},{"@type":"Person","@id":"https:\/\/informelitoral.com.ar\/#\/schema\/person\/b9d00407c836482871ef1d57bf8e3180","name":"Gonzalo Schmidt","image":{"@type":"ImageObject","inLanguage":"es","@id":"https:\/\/secure.gravatar.com\/avatar\/31a1a7b66ff2de83bd0e9fd79d026630d2d99e55e8bfe501287647b4fd9743de?s=96&d=mm&r=g","url":"https:\/\/secure.gravatar.com\/avatar\/31a1a7b66ff2de83bd0e9fd79d026630d2d99e55e8bfe501287647b4fd9743de?s=96&d=mm&r=g","contentUrl":"https:\/\/secure.gravatar.com\/avatar\/31a1a7b66ff2de83bd0e9fd79d026630d2d99e55e8bfe501287647b4fd9743de?s=96&d=mm&r=g","caption":"Gonzalo Schmidt"},"description":"Sitio web de noticias de la provincia de Entre R\u00edos, Argentina. Informaci\u00f3n y entretenimiento. Informe Litoral, nos informamos.","sameAs":["http:\/\/www.isletasnoticias.com.ar"],"url":"https:\/\/informelitoral.com.ar\/author\/gonzalo\/"}]}},"_links":{"self":[{"href":"https:\/\/informelitoral.com.ar\/%77%70%2d%6a%73%6f%6e\/wp\/v2\/posts\/8750","targetHints":{"allow":["GET"]}}],"collection":[{"href":"https:\/\/informelitoral.com.ar\/%77%70%2d%6a%73%6f%6e\/wp\/v2\/posts"}],"about":[{"href":"https:\/\/informelitoral.com.ar\/%77%70%2d%6a%73%6f%6e\/wp\/v2\/types\/post"}],"author":[{"embeddable":true,"href":"https:\/\/informelitoral.com.ar\/%77%70%2d%6a%73%6f%6e\/wp\/v2\/users\/2"}],"replies":[{"embeddable":true,"href":"https:\/\/informelitoral.com.ar\/%77%70%2d%6a%73%6f%6e\/wp\/v2\/comments?post=8750"}],"version-history":[{"count":0,"href":"https:\/\/informelitoral.com.ar\/%77%70%2d%6a%73%6f%6e\/wp\/v2\/posts\/8750\/revisions"}],"wp:attachment":[{"href":"https:\/\/informelitoral.com.ar\/%77%70%2d%6a%73%6f%6e\/wp\/v2\/media?parent=8750"}],"wp:term":[{"taxonomy":"category","embeddable":true,"href":"https:\/\/informelitoral.com.ar\/%77%70%2d%6a%73%6f%6e\/wp\/v2\/categories?post=8750"},{"taxonomy":"post_tag","embeddable":true,"href":"https:\/\/informelitoral.com.ar\/%77%70%2d%6a%73%6f%6e\/wp\/v2\/tags?post=8750"}],"curies":[{"name":"wp","href":"https:\/\/api.w.org\/{rel}","templated":true}]}}