{"id":87477,"date":"2022-09-21T07:50:12","date_gmt":"2022-09-21T10:50:12","guid":{"rendered":"https:\/\/www.informelitoral.com.ar\/?p=87477"},"modified":"2022-09-21T08:43:40","modified_gmt":"2022-09-21T11:43:40","slug":"kiosqueros-y-panini-se-reunieron-para-acordar-distribucion-de-figuritas","status":"publish","type":"post","link":"https:\/\/informelitoral.com.ar\/kiosqueros-y-panini-se-reunieron-para-acordar-distribucion-de-figuritas\/","title":{"rendered":"Kiosqueros y Panini se reunieron para acordar distribuci\u00f3n de figuritas"},"content":{"rendered":"<p>La Uni\u00f3n de Kiosqueros de la Rep\u00fablica Argentina (UKRA) se reuni\u00f3 este martes con la empresa Panini en la Secretar\u00eda de Comercio, para resolver el problema de escasez de figuritas del Mundial Qatar 2022, que causan furor entre los consumidores.<\/p>\n<p>\u00abFue una reuni\u00f3n muy positiva\u00bb, se\u00f1alaron los directivos de la UKRA, destacando \u00abel trabajo articulado entre los kiosqueros, el Estado y la empresa para buscar una soluci\u00f3n\u00bb. Y agregaron: \u00abTodo di\u00e1logo es positivo, queremos encontrar soluciones para mejorar el abastecimiento, que los kioscos de todo el pa\u00eds cuenten con el producto y tambi\u00e9n regularizar los precios a trav\u00e9s de los canales oficiales\u00bb.<\/p>\n<p>Ambos actores del conflicto, los kiosqueros y la compa\u00f1\u00eda, fueron recibidos por Mat\u00edas Tombolini, \u00abquien puso a disposici\u00f3n los equipos legales y t\u00e9cnicos de la Secretar\u00eda para colaborar en la b\u00fasqueda de posibles soluciones entre las partes en torno a la comercializaci\u00f3n de figuritas del Mundial\u00bb, dice el comunicado difundido despu\u00e9s del encuentro.<\/p>\n<h5>Qu\u00e9 hay detr\u00e1s del problema de las figuritas<\/h5>\n<p>Al d\u00eda de hoy es casi imposible conseguir un paquete de estas figuritas en un kiosco de barrio. Pero no as\u00ed en las cadenas de supermercados, estaciones de servicio y en aplicaciones de delivery. Es que a los kiosqueros les est\u00e1n llegando a 200 pesos pero la empresa prefiere venderlas por otras v\u00edas por m\u00e1s del doble de ese precio.<\/p>\n<p>El periodista Mauro Albornoz, explic\u00f3 que se espera que Argentina sea el pa\u00eds que venda m\u00e1s figuritas y transcribi\u00f3 los dichos de la uni\u00f3n de kiosqueros. \u201cVendemos de toda la vida y cada 4 a\u00f1os esperemos hacer una diferencia. M\u00e1s los quioscos de barrio. Las conseguimos por $120 y las vendemos a $150. Ganamos 30 pesos por unidad\u201d, sostienen.<\/p>\n<p>Mientras tanto los compradores siguen con complicaciones para acceder al producto y se quejan con los kioscos por el precio ofrecido. En ese marco, los kiosqueros no descartan la posibilidad de volver a marchar a las puertas de la empresa en el caso hoy no lograr llegar a un acuerdo.<\/p>\n<p>A la reuni\u00f3n que tendr\u00e1 lugar hoy a las 16 horas en la Secretar\u00eda de Comercio, asistir\u00e1n varias autoridades de la UKRA. Por parte de la empresa, estar\u00e1 presente el vicepresidente de Panini.<\/p>\n<h5>\u00bfC\u00f3mo se lleg\u00f3 a esta instancia?<\/h5>\n<p>El pasado 29 de agosto ya se hab\u00eda llevado a cabo una movilizaci\u00f3n a la sede de la empresa Panini. En ese caso, el reclamo de la uni\u00f3n de kiosqueros apuntaba a que sus locales cuenten con la exclusividad de la venta de figuritas.<\/p>\n<p>Ernesto Acu\u00f1a, el vicepresidente segundo de la UKRA, advirti\u00f3 que el conflicto y el sobreprecio que est\u00e1n atravesando las figuritas se evitar\u00eda si la venta fuera solo en los kioscos.<\/p>\n","protected":false},"excerpt":{"rendered":"<p>Desde el Gobierno se pidi\u00f3 \u00abuna soluci\u00f3n que transparente la cadena de comercializaci\u00f3n\u00bb, mientras que los comerciantes le presentar\u00e1n una propuesta a la empresa.<\/p>\n","protected":false},"author":8,"featured_media":87478,"comment_status":"open","ping_status":"open","sticky":false,"template":"","format":"standard","meta":{"fifu_image_url":"","fifu_image_alt":"","footnotes":""},"categories":[1594],"tags":[3939],"class_list":{"0":"post-87477","1":"post","2":"type-post","3":"status-publish","4":"format-standard","5":"has-post-thumbnail","7":"category-economia","8":"tag-figuritas"},"yoast_head":"<title>Kiosqueros y Panini se reunieron para acordar distribuci\u00f3n de figuritas - Informe Litoral<\/title>\n<meta name=\"robots\" content=\"index, follow, max-snippet:-1, max-image-preview:large, max-video-preview:-1\" \/>\n<link rel=\"canonical\" href=\"https:\/\/informelitoral.com.ar\/kiosqueros-y-panini-se-reunieron-para-acordar-distribucion-de-figuritas\/\" \/>\n<meta property=\"og:locale\" content=\"es_ES\" \/>\n<meta property=\"og:type\" content=\"article\" \/>\n<meta property=\"og:title\" content=\"Kiosqueros y Panini se reunieron para acordar distribuci\u00f3n de figuritas - Informe Litoral\" \/>\n<meta property=\"og:description\" content=\"Desde el Gobierno se pidi\u00f3 &quot;una soluci\u00f3n que transparente la cadena de comercializaci\u00f3n&quot;, mientras que los comerciantes le presentar\u00e1n una propuesta a la empresa.\" \/>\n<meta property=\"og:url\" content=\"https:\/\/informelitoral.com.ar\/kiosqueros-y-panini-se-reunieron-para-acordar-distribucion-de-figuritas\/\" \/>\n<meta property=\"og:site_name\" content=\"Informe Litoral\" \/>\n<meta property=\"article:publisher\" content=\"https:\/\/www.facebook.com\/informelitoral\/\" \/>\n<meta property=\"article:published_time\" content=\"2022-09-21T10:50:12+00:00\" \/>\n<meta property=\"article:modified_time\" content=\"2022-09-21T11:43:40+00:00\" \/>\n<meta property=\"og:image\" content=\"https:\/\/informelitoral.com.ar\/%77%70%2d%63%6f%6e%74%65%6e%74\/uploads\/2022\/09\/RMO44FFOMJH4TFLAC7JWCMB2QA.jpg\" \/>\n\t<meta property=\"og:image:width\" content=\"1440\" \/>\n\t<meta property=\"og:image:height\" content=\"806\" \/>\n\t<meta property=\"og:image:type\" content=\"image\/jpeg\" \/>\n<meta name=\"author\" content=\"Sebastian\" \/>\n<meta name=\"twitter:card\" content=\"summary_large_image\" \/>\n<meta name=\"twitter:creator\" content=\"@InformeLitoral\" \/>\n<meta name=\"twitter:site\" content=\"@InformeLitoral\" \/>\n<meta name=\"twitter:label1\" content=\"Escrito por\" \/>\n\t<meta name=\"twitter:data1\" content=\"Sebastian\" \/>\n\t<meta name=\"twitter:label2\" content=\"Tiempo de lectura\" \/>\n\t<meta name=\"twitter:data2\" content=\"2 minutos\" \/>\n<script type=\"application\/ld+json\" class=\"yoast-schema-graph\">{\"@context\":\"https:\\\/\\\/schema.org\",\"@graph\":[{\"@type\":\"Article\",\"@id\":\"https:\\\/\\\/informelitoral.com.ar\\\/kiosqueros-y-panini-se-reunieron-para-acordar-distribucion-de-figuritas\\\/#article\",\"isPartOf\":{\"@id\":\"https:\\\/\\\/informelitoral.com.ar\\\/kiosqueros-y-panini-se-reunieron-para-acordar-distribucion-de-figuritas\\\/\"},\"author\":{\"name\":\"Sebastian\",\"@id\":\"https:\\\/\\\/informelitoral.com.ar\\\/#\\\/schema\\\/person\\\/f05f9f461677119578717524b127d6d5\"},\"headline\":\"Kiosqueros y Panini se reunieron para acordar distribuci\u00f3n de figuritas\",\"datePublished\":\"2022-09-21T10:50:12+00:00\",\"dateModified\":\"2022-09-21T11:43:40+00:00\",\"mainEntityOfPage\":{\"@id\":\"https:\\\/\\\/informelitoral.com.ar\\\/kiosqueros-y-panini-se-reunieron-para-acordar-distribucion-de-figuritas\\\/\"},\"wordCount\":486,\"commentCount\":0,\"publisher\":{\"@id\":\"https:\\\/\\\/informelitoral.com.ar\\\/#organization\"},\"image\":{\"@id\":\"https:\\\/\\\/informelitoral.com.ar\\\/kiosqueros-y-panini-se-reunieron-para-acordar-distribucion-de-figuritas\\\/#primaryimage\"},\"thumbnailUrl\":\"https:\\\/\\\/informelitoral.com.ar\\\/%77%70%2d%63%6f%6e%74%65%6e%74\\\/uploads\\\/2022\\\/09\\\/RMO44FFOMJH4TFLAC7JWCMB2QA.jpg\",\"keywords\":[\"Figuritas\"],\"articleSection\":[\"Econom\u00eda\"],\"inLanguage\":\"es\",\"potentialAction\":[{\"@type\":\"CommentAction\",\"name\":\"Comment\",\"target\":[\"https:\\\/\\\/informelitoral.com.ar\\\/kiosqueros-y-panini-se-reunieron-para-acordar-distribucion-de-figuritas\\\/#respond\"]}]},{\"@type\":\"WebPage\",\"@id\":\"https:\\\/\\\/informelitoral.com.ar\\\/kiosqueros-y-panini-se-reunieron-para-acordar-distribucion-de-figuritas\\\/\",\"url\":\"https:\\\/\\\/informelitoral.com.ar\\\/kiosqueros-y-panini-se-reunieron-para-acordar-distribucion-de-figuritas\\\/\",\"name\":\"Kiosqueros y Panini se reunieron para acordar distribuci\u00f3n de figuritas - Informe Litoral\",\"isPartOf\":{\"@id\":\"https:\\\/\\\/informelitoral.com.ar\\\/#website\"},\"primaryImageOfPage\":{\"@id\":\"https:\\\/\\\/informelitoral.com.ar\\\/kiosqueros-y-panini-se-reunieron-para-acordar-distribucion-de-figuritas\\\/#primaryimage\"},\"image\":{\"@id\":\"https:\\\/\\\/informelitoral.com.ar\\\/kiosqueros-y-panini-se-reunieron-para-acordar-distribucion-de-figuritas\\\/#primaryimage\"},\"thumbnailUrl\":\"https:\\\/\\\/informelitoral.com.ar\\\/%77%70%2d%63%6f%6e%74%65%6e%74\\\/uploads\\\/2022\\\/09\\\/RMO44FFOMJH4TFLAC7JWCMB2QA.jpg\",\"datePublished\":\"2022-09-21T10:50:12+00:00\",\"dateModified\":\"2022-09-21T11:43:40+00:00\",\"breadcrumb\":{\"@id\":\"https:\\\/\\\/informelitoral.com.ar\\\/kiosqueros-y-panini-se-reunieron-para-acordar-distribucion-de-figuritas\\\/#breadcrumb\"},\"inLanguage\":\"es\",\"potentialAction\":[{\"@type\":\"ReadAction\",\"target\":[\"https:\\\/\\\/informelitoral.com.ar\\\/kiosqueros-y-panini-se-reunieron-para-acordar-distribucion-de-figuritas\\\/\"]}]},{\"@type\":\"ImageObject\",\"inLanguage\":\"es\",\"@id\":\"https:\\\/\\\/informelitoral.com.ar\\\/kiosqueros-y-panini-se-reunieron-para-acordar-distribucion-de-figuritas\\\/#primaryimage\",\"url\":\"https:\\\/\\\/informelitoral.com.ar\\\/%77%70%2d%63%6f%6e%74%65%6e%74\\\/uploads\\\/2022\\\/09\\\/RMO44FFOMJH4TFLAC7JWCMB2QA.jpg\",\"contentUrl\":\"https:\\\/\\\/informelitoral.com.ar\\\/%77%70%2d%63%6f%6e%74%65%6e%74\\\/uploads\\\/2022\\\/09\\\/RMO44FFOMJH4TFLAC7JWCMB2QA.jpg\",\"width\":1440,\"height\":806},{\"@type\":\"BreadcrumbList\",\"@id\":\"https:\\\/\\\/informelitoral.com.ar\\\/kiosqueros-y-panini-se-reunieron-para-acordar-distribucion-de-figuritas\\\/#breadcrumb\",\"itemListElement\":[{\"@type\":\"ListItem\",\"position\":1,\"name\":\"Portada\",\"item\":\"https:\\\/\\\/informelitoral.com.ar\\\/\"},{\"@type\":\"ListItem\",\"position\":2,\"name\":\"Kiosqueros y Panini se reunieron para acordar distribuci\u00f3n de figuritas\"}]},{\"@type\":\"WebSite\",\"@id\":\"https:\\\/\\\/informelitoral.com.ar\\\/#website\",\"url\":\"https:\\\/\\\/informelitoral.com.ar\\\/\",\"name\":\"Informe Litoral\",\"description\":\"&quot;Nos informamos&quot; \",\"publisher\":{\"@id\":\"https:\\\/\\\/informelitoral.com.ar\\\/#organization\"},\"potentialAction\":[{\"@type\":\"SearchAction\",\"target\":{\"@type\":\"EntryPoint\",\"urlTemplate\":\"https:\\\/\\\/informelitoral.com.ar\\\/?s={search_term_string}\"},\"query-input\":{\"@type\":\"PropertyValueSpecification\",\"valueRequired\":true,\"valueName\":\"search_term_string\"}}],\"inLanguage\":\"es\"},{\"@type\":\"Organization\",\"@id\":\"https:\\\/\\\/informelitoral.com.ar\\\/#organization\",\"name\":\"Informe Litoral\",\"url\":\"https:\\\/\\\/informelitoral.com.ar\\\/\",\"logo\":{\"@type\":\"ImageObject\",\"inLanguage\":\"es\",\"@id\":\"https:\\\/\\\/informelitoral.com.ar\\\/#\\\/schema\\\/logo\\\/image\\\/\",\"url\":\"https:\\\/\\\/informelitoral.com.ar\\\/%77%70%2d%63%6f%6e%74%65%6e%74\\\/uploads\\\/2021\\\/01\\\/circulo.png\",\"contentUrl\":\"https:\\\/\\\/informelitoral.com.ar\\\/%77%70%2d%63%6f%6e%74%65%6e%74\\\/uploads\\\/2021\\\/01\\\/circulo.png\",\"width\":723,\"height\":731,\"caption\":\"Informe Litoral\"},\"image\":{\"@id\":\"https:\\\/\\\/informelitoral.com.ar\\\/#\\\/schema\\\/logo\\\/image\\\/\"},\"sameAs\":[\"https:\\\/\\\/www.facebook.com\\\/informelitoral\\\/\",\"https:\\\/\\\/x.com\\\/InformeLitoral\",\"https:\\\/\\\/www.instagram.com\\\/informelitoral\\\/\",\"https:\\\/\\\/www.youtube.com\\\/channel\\\/UCua4Qvz8Icb6MYqhoq9xLXw\"]},{\"@type\":\"Person\",\"@id\":\"https:\\\/\\\/informelitoral.com.ar\\\/#\\\/schema\\\/person\\\/f05f9f461677119578717524b127d6d5\",\"name\":\"Sebastian\",\"image\":{\"@type\":\"ImageObject\",\"inLanguage\":\"es\",\"@id\":\"https:\\\/\\\/secure.gravatar.com\\\/avatar\\\/b71bf7481d447dfb9583c7f2798e7cc64de6efb9067b74633ed8c31059a3bd82?s=96&d=mm&r=g\",\"url\":\"https:\\\/\\\/secure.gravatar.com\\\/avatar\\\/b71bf7481d447dfb9583c7f2798e7cc64de6efb9067b74633ed8c31059a3bd82?s=96&d=mm&r=g\",\"contentUrl\":\"https:\\\/\\\/secure.gravatar.com\\\/avatar\\\/b71bf7481d447dfb9583c7f2798e7cc64de6efb9067b74633ed8c31059a3bd82?s=96&d=mm&r=g\",\"caption\":\"Sebastian\"},\"url\":\"https:\\\/\\\/informelitoral.com.ar\\\/author\\\/sebastian\\\/\"}]}<\/script>","yoast_head_json":{"title":"Kiosqueros y Panini se reunieron para acordar distribuci\u00f3n de figuritas - Informe Litoral","robots":{"index":"index","follow":"follow","max-snippet":"max-snippet:-1","max-image-preview":"max-image-preview:large","max-video-preview":"max-video-preview:-1"},"canonical":"https:\/\/informelitoral.com.ar\/kiosqueros-y-panini-se-reunieron-para-acordar-distribucion-de-figuritas\/","og_locale":"es_ES","og_type":"article","og_title":"Kiosqueros y Panini se reunieron para acordar distribuci\u00f3n de figuritas - Informe Litoral","og_description":"Desde el Gobierno se pidi\u00f3 \"una soluci\u00f3n que transparente la cadena de comercializaci\u00f3n\", mientras que los comerciantes le presentar\u00e1n una propuesta a la empresa.","og_url":"https:\/\/informelitoral.com.ar\/kiosqueros-y-panini-se-reunieron-para-acordar-distribucion-de-figuritas\/","og_site_name":"Informe Litoral","article_publisher":"https:\/\/www.facebook.com\/informelitoral\/","article_published_time":"2022-09-21T10:50:12+00:00","article_modified_time":"2022-09-21T11:43:40+00:00","og_image":[{"width":1440,"height":806,"url":"https:\/\/informelitoral.com.ar\/%77%70%2d%63%6f%6e%74%65%6e%74\/uploads\/2022\/09\/RMO44FFOMJH4TFLAC7JWCMB2QA.jpg","type":"image\/jpeg"}],"author":"Sebastian","twitter_card":"summary_large_image","twitter_creator":"@InformeLitoral","twitter_site":"@InformeLitoral","twitter_misc":{"Escrito por":"Sebastian","Tiempo de lectura":"2 minutos"},"schema":{"@context":"https:\/\/schema.org","@graph":[{"@type":"Article","@id":"https:\/\/informelitoral.com.ar\/kiosqueros-y-panini-se-reunieron-para-acordar-distribucion-de-figuritas\/#article","isPartOf":{"@id":"https:\/\/informelitoral.com.ar\/kiosqueros-y-panini-se-reunieron-para-acordar-distribucion-de-figuritas\/"},"author":{"name":"Sebastian","@id":"https:\/\/informelitoral.com.ar\/#\/schema\/person\/f05f9f461677119578717524b127d6d5"},"headline":"Kiosqueros y Panini se reunieron para acordar distribuci\u00f3n de figuritas","datePublished":"2022-09-21T10:50:12+00:00","dateModified":"2022-09-21T11:43:40+00:00","mainEntityOfPage":{"@id":"https:\/\/informelitoral.com.ar\/kiosqueros-y-panini-se-reunieron-para-acordar-distribucion-de-figuritas\/"},"wordCount":486,"commentCount":0,"publisher":{"@id":"https:\/\/informelitoral.com.ar\/#organization"},"image":{"@id":"https:\/\/informelitoral.com.ar\/kiosqueros-y-panini-se-reunieron-para-acordar-distribucion-de-figuritas\/#primaryimage"},"thumbnailUrl":"https:\/\/informelitoral.com.ar\/%77%70%2d%63%6f%6e%74%65%6e%74\/uploads\/2022\/09\/RMO44FFOMJH4TFLAC7JWCMB2QA.jpg","keywords":["Figuritas"],"articleSection":["Econom\u00eda"],"inLanguage":"es","potentialAction":[{"@type":"CommentAction","name":"Comment","target":["https:\/\/informelitoral.com.ar\/kiosqueros-y-panini-se-reunieron-para-acordar-distribucion-de-figuritas\/#respond"]}]},{"@type":"WebPage","@id":"https:\/\/informelitoral.com.ar\/kiosqueros-y-panini-se-reunieron-para-acordar-distribucion-de-figuritas\/","url":"https:\/\/informelitoral.com.ar\/kiosqueros-y-panini-se-reunieron-para-acordar-distribucion-de-figuritas\/","name":"Kiosqueros y Panini se reunieron para acordar distribuci\u00f3n de figuritas - Informe Litoral","isPartOf":{"@id":"https:\/\/informelitoral.com.ar\/#website"},"primaryImageOfPage":{"@id":"https:\/\/informelitoral.com.ar\/kiosqueros-y-panini-se-reunieron-para-acordar-distribucion-de-figuritas\/#primaryimage"},"image":{"@id":"https:\/\/informelitoral.com.ar\/kiosqueros-y-panini-se-reunieron-para-acordar-distribucion-de-figuritas\/#primaryimage"},"thumbnailUrl":"https:\/\/informelitoral.com.ar\/%77%70%2d%63%6f%6e%74%65%6e%74\/uploads\/2022\/09\/RMO44FFOMJH4TFLAC7JWCMB2QA.jpg","datePublished":"2022-09-21T10:50:12+00:00","dateModified":"2022-09-21T11:43:40+00:00","breadcrumb":{"@id":"https:\/\/informelitoral.com.ar\/kiosqueros-y-panini-se-reunieron-para-acordar-distribucion-de-figuritas\/#breadcrumb"},"inLanguage":"es","potentialAction":[{"@type":"ReadAction","target":["https:\/\/informelitoral.com.ar\/kiosqueros-y-panini-se-reunieron-para-acordar-distribucion-de-figuritas\/"]}]},{"@type":"ImageObject","inLanguage":"es","@id":"https:\/\/informelitoral.com.ar\/kiosqueros-y-panini-se-reunieron-para-acordar-distribucion-de-figuritas\/#primaryimage","url":"https:\/\/informelitoral.com.ar\/%77%70%2d%63%6f%6e%74%65%6e%74\/uploads\/2022\/09\/RMO44FFOMJH4TFLAC7JWCMB2QA.jpg","contentUrl":"https:\/\/informelitoral.com.ar\/%77%70%2d%63%6f%6e%74%65%6e%74\/uploads\/2022\/09\/RMO44FFOMJH4TFLAC7JWCMB2QA.jpg","width":1440,"height":806},{"@type":"BreadcrumbList","@id":"https:\/\/informelitoral.com.ar\/kiosqueros-y-panini-se-reunieron-para-acordar-distribucion-de-figuritas\/#breadcrumb","itemListElement":[{"@type":"ListItem","position":1,"name":"Portada","item":"https:\/\/informelitoral.com.ar\/"},{"@type":"ListItem","position":2,"name":"Kiosqueros y Panini se reunieron para acordar distribuci\u00f3n de figuritas"}]},{"@type":"WebSite","@id":"https:\/\/informelitoral.com.ar\/#website","url":"https:\/\/informelitoral.com.ar\/","name":"Informe Litoral","description":"&quot;Nos informamos&quot; ","publisher":{"@id":"https:\/\/informelitoral.com.ar\/#organization"},"potentialAction":[{"@type":"SearchAction","target":{"@type":"EntryPoint","urlTemplate":"https:\/\/informelitoral.com.ar\/?s={search_term_string}"},"query-input":{"@type":"PropertyValueSpecification","valueRequired":true,"valueName":"search_term_string"}}],"inLanguage":"es"},{"@type":"Organization","@id":"https:\/\/informelitoral.com.ar\/#organization","name":"Informe Litoral","url":"https:\/\/informelitoral.com.ar\/","logo":{"@type":"ImageObject","inLanguage":"es","@id":"https:\/\/informelitoral.com.ar\/#\/schema\/logo\/image\/","url":"https:\/\/informelitoral.com.ar\/%77%70%2d%63%6f%6e%74%65%6e%74\/uploads\/2021\/01\/circulo.png","contentUrl":"https:\/\/informelitoral.com.ar\/%77%70%2d%63%6f%6e%74%65%6e%74\/uploads\/2021\/01\/circulo.png","width":723,"height":731,"caption":"Informe Litoral"},"image":{"@id":"https:\/\/informelitoral.com.ar\/#\/schema\/logo\/image\/"},"sameAs":["https:\/\/www.facebook.com\/informelitoral\/","https:\/\/x.com\/InformeLitoral","https:\/\/www.instagram.com\/informelitoral\/","https:\/\/www.youtube.com\/channel\/UCua4Qvz8Icb6MYqhoq9xLXw"]},{"@type":"Person","@id":"https:\/\/informelitoral.com.ar\/#\/schema\/person\/f05f9f461677119578717524b127d6d5","name":"Sebastian","image":{"@type":"ImageObject","inLanguage":"es","@id":"https:\/\/secure.gravatar.com\/avatar\/b71bf7481d447dfb9583c7f2798e7cc64de6efb9067b74633ed8c31059a3bd82?s=96&d=mm&r=g","url":"https:\/\/secure.gravatar.com\/avatar\/b71bf7481d447dfb9583c7f2798e7cc64de6efb9067b74633ed8c31059a3bd82?s=96&d=mm&r=g","contentUrl":"https:\/\/secure.gravatar.com\/avatar\/b71bf7481d447dfb9583c7f2798e7cc64de6efb9067b74633ed8c31059a3bd82?s=96&d=mm&r=g","caption":"Sebastian"},"url":"https:\/\/informelitoral.com.ar\/author\/sebastian\/"}]}},"_links":{"self":[{"href":"https:\/\/informelitoral.com.ar\/%77%70%2d%6a%73%6f%6e\/wp\/v2\/posts\/87477","targetHints":{"allow":["GET"]}}],"collection":[{"href":"https:\/\/informelitoral.com.ar\/%77%70%2d%6a%73%6f%6e\/wp\/v2\/posts"}],"about":[{"href":"https:\/\/informelitoral.com.ar\/%77%70%2d%6a%73%6f%6e\/wp\/v2\/types\/post"}],"author":[{"embeddable":true,"href":"https:\/\/informelitoral.com.ar\/%77%70%2d%6a%73%6f%6e\/wp\/v2\/users\/8"}],"replies":[{"embeddable":true,"href":"https:\/\/informelitoral.com.ar\/%77%70%2d%6a%73%6f%6e\/wp\/v2\/comments?post=87477"}],"version-history":[{"count":0,"href":"https:\/\/informelitoral.com.ar\/%77%70%2d%6a%73%6f%6e\/wp\/v2\/posts\/87477\/revisions"}],"wp:featuredmedia":[{"embeddable":true,"href":"https:\/\/informelitoral.com.ar\/%77%70%2d%6a%73%6f%6e\/wp\/v2\/media\/87478"}],"wp:attachment":[{"href":"https:\/\/informelitoral.com.ar\/%77%70%2d%6a%73%6f%6e\/wp\/v2\/media?parent=87477"}],"wp:term":[{"taxonomy":"category","embeddable":true,"href":"https:\/\/informelitoral.com.ar\/%77%70%2d%6a%73%6f%6e\/wp\/v2\/categories?post=87477"},{"taxonomy":"post_tag","embeddable":true,"href":"https:\/\/informelitoral.com.ar\/%77%70%2d%6a%73%6f%6e\/wp\/v2\/tags?post=87477"}],"curies":[{"name":"wp","href":"https:\/\/api.w.org\/{rel}","templated":true}]}}