{"id":87461,"date":"2022-09-21T08:17:20","date_gmt":"2022-09-21T11:17:20","guid":{"rendered":"https:\/\/www.informelitoral.com.ar\/?p=87461"},"modified":"2022-09-21T08:18:53","modified_gmt":"2022-09-21T11:18:53","slug":"en-el-dia-de-la-primavera-hay-posibilidad-de-lluvias-y-despues-mejoraria","status":"publish","type":"post","link":"https:\/\/informelitoral.com.ar\/en-el-dia-de-la-primavera-hay-posibilidad-de-lluvias-y-despues-mejoraria\/","title":{"rendered":"En el D\u00eda de la Primavera, hay posibilidad de lluvias y despu\u00e9s mejorar\u00eda"},"content":{"rendered":"<p>Vientos d\u00e9biles y regulares del Este y Sudeste. Fresco por la ma\u00f1ana por acci\u00f3n del viento. \u201cAlto porcentual de la humedad. Nublado. Inestable. Probabilidad de precipitaciones con ocasionales tormentas dispersas\u201d, es lo que se pronostica en Entre R\u00edos para la ma\u00f1ana de hoy, 21 de septiembre, D\u00eda de la Primavera.<\/p>\n<p>\u201cLuego por la tarde, mejorando lentamente desde el oeste de la provincia con disminuci\u00f3n de la nubosidad. Despej\u00e1ndose por la noche\u201d, se\u00f1ala el parte de Defensa Civil de la provincia. La temperatura m\u00e1xima esperada rondar\u00eda los 20 grados.<\/p>\n<p>El Servicio Meteorol\u00f3gico Nacional prev\u00e9 que las condiciones en Entre R\u00edos mejorar\u00e1n definitivamente el jueves.<\/p>\n<p>A partir de entonces ser\u00e1n jornadas mayormente soleadas y los registros t\u00e9rmicos m\u00e1ximos volver\u00e1n a rondar los 25 grados.<\/p>\n","protected":false},"excerpt":{"rendered":"<p>La espesa nubosidad y la posibilidad de lluvias, marcar\u00e1n el inicio de la primavera. Ir\u00eda mejorando desde la tarde. El pron\u00f3stico indica que las jornadas soleadas retornar\u00edan ma\u00f1ana y se mantendr\u00edan por varios d\u00edas.<\/p>\n","protected":false},"author":8,"featured_media":87464,"comment_status":"open","ping_status":"open","sticky":false,"template":"","format":"standard","meta":{"fifu_image_url":"","fifu_image_alt":"","footnotes":""},"categories":[6],"tags":[113],"class_list":{"0":"post-87461","1":"post","2":"type-post","3":"status-publish","4":"format-standard","5":"has-post-thumbnail","7":"category-entre-rios","8":"tag-smn"},"yoast_head":"<title>En el D\u00eda de la Primavera, hay posibilidad de lluvias y despu\u00e9s mejorar\u00eda - Informe Litoral<\/title>\n<meta name=\"robots\" content=\"index, follow, max-snippet:-1, max-image-preview:large, max-video-preview:-1\" \/>\n<link rel=\"canonical\" href=\"https:\/\/informelitoral.com.ar\/en-el-dia-de-la-primavera-hay-posibilidad-de-lluvias-y-despues-mejoraria\/\" \/>\n<meta property=\"og:locale\" content=\"es_ES\" \/>\n<meta property=\"og:type\" content=\"article\" \/>\n<meta property=\"og:title\" content=\"En el D\u00eda de la Primavera, hay posibilidad de lluvias y despu\u00e9s mejorar\u00eda - Informe Litoral\" \/>\n<meta property=\"og:description\" content=\"La espesa nubosidad y la posibilidad de lluvias, marcar\u00e1n el inicio de la primavera. Ir\u00eda mejorando desde la tarde. El pron\u00f3stico indica que las jornadas soleadas retornar\u00edan ma\u00f1ana y se mantendr\u00edan por varios d\u00edas.\" \/>\n<meta property=\"og:url\" content=\"https:\/\/informelitoral.com.ar\/en-el-dia-de-la-primavera-hay-posibilidad-de-lluvias-y-despues-mejoraria\/\" \/>\n<meta property=\"og:site_name\" content=\"Informe Litoral\" \/>\n<meta property=\"article:publisher\" content=\"https:\/\/www.facebook.com\/informelitoral\/\" \/>\n<meta property=\"article:published_time\" content=\"2022-09-21T11:17:20+00:00\" \/>\n<meta property=\"article:modified_time\" content=\"2022-09-21T11:18:53+00:00\" \/>\n<meta property=\"og:image\" content=\"https:\/\/informelitoral.com.ar\/%77%70%2d%63%6f%6e%74%65%6e%74\/uploads\/2022\/09\/pronostico-de-este-fin-de-semana-anuncian-que-ser-lluvioso-155814-155846.jpg\" \/>\n\t<meta property=\"og:image:width\" content=\"765\" \/>\n\t<meta property=\"og:image:height\" content=\"535\" \/>\n\t<meta property=\"og:image:type\" content=\"image\/jpeg\" \/>\n<meta name=\"author\" content=\"Sebastian\" \/>\n<meta name=\"twitter:card\" content=\"summary_large_image\" \/>\n<meta name=\"twitter:creator\" content=\"@InformeLitoral\" \/>\n<meta name=\"twitter:site\" content=\"@InformeLitoral\" \/>\n<meta name=\"twitter:label1\" content=\"Escrito por\" \/>\n\t<meta name=\"twitter:data1\" content=\"Sebastian\" \/>\n\t<meta name=\"twitter:label2\" content=\"Tiempo de lectura\" \/>\n\t<meta name=\"twitter:data2\" content=\"1 minuto\" \/>\n<script type=\"application\/ld+json\" class=\"yoast-schema-graph\">{\"@context\":\"https:\\\/\\\/schema.org\",\"@graph\":[{\"@type\":\"Article\",\"@id\":\"https:\\\/\\\/informelitoral.com.ar\\\/en-el-dia-de-la-primavera-hay-posibilidad-de-lluvias-y-despues-mejoraria\\\/#article\",\"isPartOf\":{\"@id\":\"https:\\\/\\\/informelitoral.com.ar\\\/en-el-dia-de-la-primavera-hay-posibilidad-de-lluvias-y-despues-mejoraria\\\/\"},\"author\":{\"name\":\"Sebastian\",\"@id\":\"https:\\\/\\\/informelitoral.com.ar\\\/#\\\/schema\\\/person\\\/f05f9f461677119578717524b127d6d5\"},\"headline\":\"En el D\u00eda de la Primavera, hay posibilidad de lluvias y despu\u00e9s mejorar\u00eda\",\"datePublished\":\"2022-09-21T11:17:20+00:00\",\"dateModified\":\"2022-09-21T11:18:53+00:00\",\"mainEntityOfPage\":{\"@id\":\"https:\\\/\\\/informelitoral.com.ar\\\/en-el-dia-de-la-primavera-hay-posibilidad-de-lluvias-y-despues-mejoraria\\\/\"},\"wordCount\":153,\"commentCount\":0,\"publisher\":{\"@id\":\"https:\\\/\\\/informelitoral.com.ar\\\/#organization\"},\"image\":{\"@id\":\"https:\\\/\\\/informelitoral.com.ar\\\/en-el-dia-de-la-primavera-hay-posibilidad-de-lluvias-y-despues-mejoraria\\\/#primaryimage\"},\"thumbnailUrl\":\"https:\\\/\\\/informelitoral.com.ar\\\/%77%70%2d%63%6f%6e%74%65%6e%74\\\/uploads\\\/2022\\\/09\\\/pronostico-de-este-fin-de-semana-anuncian-que-ser-lluvioso-155814-155846.jpg\",\"keywords\":[\"SMN\"],\"articleSection\":[\"Entre R\u00edos\"],\"inLanguage\":\"es\",\"potentialAction\":[{\"@type\":\"CommentAction\",\"name\":\"Comment\",\"target\":[\"https:\\\/\\\/informelitoral.com.ar\\\/en-el-dia-de-la-primavera-hay-posibilidad-de-lluvias-y-despues-mejoraria\\\/#respond\"]}]},{\"@type\":\"WebPage\",\"@id\":\"https:\\\/\\\/informelitoral.com.ar\\\/en-el-dia-de-la-primavera-hay-posibilidad-de-lluvias-y-despues-mejoraria\\\/\",\"url\":\"https:\\\/\\\/informelitoral.com.ar\\\/en-el-dia-de-la-primavera-hay-posibilidad-de-lluvias-y-despues-mejoraria\\\/\",\"name\":\"En el D\u00eda de la Primavera, hay posibilidad de lluvias y despu\u00e9s mejorar\u00eda - Informe Litoral\",\"isPartOf\":{\"@id\":\"https:\\\/\\\/informelitoral.com.ar\\\/#website\"},\"primaryImageOfPage\":{\"@id\":\"https:\\\/\\\/informelitoral.com.ar\\\/en-el-dia-de-la-primavera-hay-posibilidad-de-lluvias-y-despues-mejoraria\\\/#primaryimage\"},\"image\":{\"@id\":\"https:\\\/\\\/informelitoral.com.ar\\\/en-el-dia-de-la-primavera-hay-posibilidad-de-lluvias-y-despues-mejoraria\\\/#primaryimage\"},\"thumbnailUrl\":\"https:\\\/\\\/informelitoral.com.ar\\\/%77%70%2d%63%6f%6e%74%65%6e%74\\\/uploads\\\/2022\\\/09\\\/pronostico-de-este-fin-de-semana-anuncian-que-ser-lluvioso-155814-155846.jpg\",\"datePublished\":\"2022-09-21T11:17:20+00:00\",\"dateModified\":\"2022-09-21T11:18:53+00:00\",\"breadcrumb\":{\"@id\":\"https:\\\/\\\/informelitoral.com.ar\\\/en-el-dia-de-la-primavera-hay-posibilidad-de-lluvias-y-despues-mejoraria\\\/#breadcrumb\"},\"inLanguage\":\"es\",\"potentialAction\":[{\"@type\":\"ReadAction\",\"target\":[\"https:\\\/\\\/informelitoral.com.ar\\\/en-el-dia-de-la-primavera-hay-posibilidad-de-lluvias-y-despues-mejoraria\\\/\"]}]},{\"@type\":\"ImageObject\",\"inLanguage\":\"es\",\"@id\":\"https:\\\/\\\/informelitoral.com.ar\\\/en-el-dia-de-la-primavera-hay-posibilidad-de-lluvias-y-despues-mejoraria\\\/#primaryimage\",\"url\":\"https:\\\/\\\/informelitoral.com.ar\\\/%77%70%2d%63%6f%6e%74%65%6e%74\\\/uploads\\\/2022\\\/09\\\/pronostico-de-este-fin-de-semana-anuncian-que-ser-lluvioso-155814-155846.jpg\",\"contentUrl\":\"https:\\\/\\\/informelitoral.com.ar\\\/%77%70%2d%63%6f%6e%74%65%6e%74\\\/uploads\\\/2022\\\/09\\\/pronostico-de-este-fin-de-semana-anuncian-que-ser-lluvioso-155814-155846.jpg\",\"width\":765,\"height\":535},{\"@type\":\"BreadcrumbList\",\"@id\":\"https:\\\/\\\/informelitoral.com.ar\\\/en-el-dia-de-la-primavera-hay-posibilidad-de-lluvias-y-despues-mejoraria\\\/#breadcrumb\",\"itemListElement\":[{\"@type\":\"ListItem\",\"position\":1,\"name\":\"Portada\",\"item\":\"https:\\\/\\\/informelitoral.com.ar\\\/\"},{\"@type\":\"ListItem\",\"position\":2,\"name\":\"En el D\u00eda de la Primavera, hay posibilidad de lluvias y despu\u00e9s mejorar\u00eda\"}]},{\"@type\":\"WebSite\",\"@id\":\"https:\\\/\\\/informelitoral.com.ar\\\/#website\",\"url\":\"https:\\\/\\\/informelitoral.com.ar\\\/\",\"name\":\"Informe Litoral\",\"description\":\"&quot;Nos informamos&quot; \",\"publisher\":{\"@id\":\"https:\\\/\\\/informelitoral.com.ar\\\/#organization\"},\"potentialAction\":[{\"@type\":\"SearchAction\",\"target\":{\"@type\":\"EntryPoint\",\"urlTemplate\":\"https:\\\/\\\/informelitoral.com.ar\\\/?s={search_term_string}\"},\"query-input\":{\"@type\":\"PropertyValueSpecification\",\"valueRequired\":true,\"valueName\":\"search_term_string\"}}],\"inLanguage\":\"es\"},{\"@type\":\"Organization\",\"@id\":\"https:\\\/\\\/informelitoral.com.ar\\\/#organization\",\"name\":\"Informe Litoral\",\"url\":\"https:\\\/\\\/informelitoral.com.ar\\\/\",\"logo\":{\"@type\":\"ImageObject\",\"inLanguage\":\"es\",\"@id\":\"https:\\\/\\\/informelitoral.com.ar\\\/#\\\/schema\\\/logo\\\/image\\\/\",\"url\":\"https:\\\/\\\/informelitoral.com.ar\\\/%77%70%2d%63%6f%6e%74%65%6e%74\\\/uploads\\\/2021\\\/01\\\/circulo.png\",\"contentUrl\":\"https:\\\/\\\/informelitoral.com.ar\\\/%77%70%2d%63%6f%6e%74%65%6e%74\\\/uploads\\\/2021\\\/01\\\/circulo.png\",\"width\":723,\"height\":731,\"caption\":\"Informe Litoral\"},\"image\":{\"@id\":\"https:\\\/\\\/informelitoral.com.ar\\\/#\\\/schema\\\/logo\\\/image\\\/\"},\"sameAs\":[\"https:\\\/\\\/www.facebook.com\\\/informelitoral\\\/\",\"https:\\\/\\\/x.com\\\/InformeLitoral\",\"https:\\\/\\\/www.instagram.com\\\/informelitoral\\\/\",\"https:\\\/\\\/www.youtube.com\\\/channel\\\/UCua4Qvz8Icb6MYqhoq9xLXw\"]},{\"@type\":\"Person\",\"@id\":\"https:\\\/\\\/informelitoral.com.ar\\\/#\\\/schema\\\/person\\\/f05f9f461677119578717524b127d6d5\",\"name\":\"Sebastian\",\"image\":{\"@type\":\"ImageObject\",\"inLanguage\":\"es\",\"@id\":\"https:\\\/\\\/secure.gravatar.com\\\/avatar\\\/b71bf7481d447dfb9583c7f2798e7cc64de6efb9067b74633ed8c31059a3bd82?s=96&d=mm&r=g\",\"url\":\"https:\\\/\\\/secure.gravatar.com\\\/avatar\\\/b71bf7481d447dfb9583c7f2798e7cc64de6efb9067b74633ed8c31059a3bd82?s=96&d=mm&r=g\",\"contentUrl\":\"https:\\\/\\\/secure.gravatar.com\\\/avatar\\\/b71bf7481d447dfb9583c7f2798e7cc64de6efb9067b74633ed8c31059a3bd82?s=96&d=mm&r=g\",\"caption\":\"Sebastian\"},\"url\":\"https:\\\/\\\/informelitoral.com.ar\\\/author\\\/sebastian\\\/\"}]}<\/script>","yoast_head_json":{"title":"En el D\u00eda de la Primavera, hay posibilidad de lluvias y despu\u00e9s mejorar\u00eda - Informe Litoral","robots":{"index":"index","follow":"follow","max-snippet":"max-snippet:-1","max-image-preview":"max-image-preview:large","max-video-preview":"max-video-preview:-1"},"canonical":"https:\/\/informelitoral.com.ar\/en-el-dia-de-la-primavera-hay-posibilidad-de-lluvias-y-despues-mejoraria\/","og_locale":"es_ES","og_type":"article","og_title":"En el D\u00eda de la Primavera, hay posibilidad de lluvias y despu\u00e9s mejorar\u00eda - Informe Litoral","og_description":"La espesa nubosidad y la posibilidad de lluvias, marcar\u00e1n el inicio de la primavera. Ir\u00eda mejorando desde la tarde. El pron\u00f3stico indica que las jornadas soleadas retornar\u00edan ma\u00f1ana y se mantendr\u00edan por varios d\u00edas.","og_url":"https:\/\/informelitoral.com.ar\/en-el-dia-de-la-primavera-hay-posibilidad-de-lluvias-y-despues-mejoraria\/","og_site_name":"Informe Litoral","article_publisher":"https:\/\/www.facebook.com\/informelitoral\/","article_published_time":"2022-09-21T11:17:20+00:00","article_modified_time":"2022-09-21T11:18:53+00:00","og_image":[{"width":765,"height":535,"url":"https:\/\/informelitoral.com.ar\/%77%70%2d%63%6f%6e%74%65%6e%74\/uploads\/2022\/09\/pronostico-de-este-fin-de-semana-anuncian-que-ser-lluvioso-155814-155846.jpg","type":"image\/jpeg"}],"author":"Sebastian","twitter_card":"summary_large_image","twitter_creator":"@InformeLitoral","twitter_site":"@InformeLitoral","twitter_misc":{"Escrito por":"Sebastian","Tiempo de lectura":"1 minuto"},"schema":{"@context":"https:\/\/schema.org","@graph":[{"@type":"Article","@id":"https:\/\/informelitoral.com.ar\/en-el-dia-de-la-primavera-hay-posibilidad-de-lluvias-y-despues-mejoraria\/#article","isPartOf":{"@id":"https:\/\/informelitoral.com.ar\/en-el-dia-de-la-primavera-hay-posibilidad-de-lluvias-y-despues-mejoraria\/"},"author":{"name":"Sebastian","@id":"https:\/\/informelitoral.com.ar\/#\/schema\/person\/f05f9f461677119578717524b127d6d5"},"headline":"En el D\u00eda de la Primavera, hay posibilidad de lluvias y despu\u00e9s mejorar\u00eda","datePublished":"2022-09-21T11:17:20+00:00","dateModified":"2022-09-21T11:18:53+00:00","mainEntityOfPage":{"@id":"https:\/\/informelitoral.com.ar\/en-el-dia-de-la-primavera-hay-posibilidad-de-lluvias-y-despues-mejoraria\/"},"wordCount":153,"commentCount":0,"publisher":{"@id":"https:\/\/informelitoral.com.ar\/#organization"},"image":{"@id":"https:\/\/informelitoral.com.ar\/en-el-dia-de-la-primavera-hay-posibilidad-de-lluvias-y-despues-mejoraria\/#primaryimage"},"thumbnailUrl":"https:\/\/informelitoral.com.ar\/%77%70%2d%63%6f%6e%74%65%6e%74\/uploads\/2022\/09\/pronostico-de-este-fin-de-semana-anuncian-que-ser-lluvioso-155814-155846.jpg","keywords":["SMN"],"articleSection":["Entre R\u00edos"],"inLanguage":"es","potentialAction":[{"@type":"CommentAction","name":"Comment","target":["https:\/\/informelitoral.com.ar\/en-el-dia-de-la-primavera-hay-posibilidad-de-lluvias-y-despues-mejoraria\/#respond"]}]},{"@type":"WebPage","@id":"https:\/\/informelitoral.com.ar\/en-el-dia-de-la-primavera-hay-posibilidad-de-lluvias-y-despues-mejoraria\/","url":"https:\/\/informelitoral.com.ar\/en-el-dia-de-la-primavera-hay-posibilidad-de-lluvias-y-despues-mejoraria\/","name":"En el D\u00eda de la Primavera, hay posibilidad de lluvias y despu\u00e9s mejorar\u00eda - Informe Litoral","isPartOf":{"@id":"https:\/\/informelitoral.com.ar\/#website"},"primaryImageOfPage":{"@id":"https:\/\/informelitoral.com.ar\/en-el-dia-de-la-primavera-hay-posibilidad-de-lluvias-y-despues-mejoraria\/#primaryimage"},"image":{"@id":"https:\/\/informelitoral.com.ar\/en-el-dia-de-la-primavera-hay-posibilidad-de-lluvias-y-despues-mejoraria\/#primaryimage"},"thumbnailUrl":"https:\/\/informelitoral.com.ar\/%77%70%2d%63%6f%6e%74%65%6e%74\/uploads\/2022\/09\/pronostico-de-este-fin-de-semana-anuncian-que-ser-lluvioso-155814-155846.jpg","datePublished":"2022-09-21T11:17:20+00:00","dateModified":"2022-09-21T11:18:53+00:00","breadcrumb":{"@id":"https:\/\/informelitoral.com.ar\/en-el-dia-de-la-primavera-hay-posibilidad-de-lluvias-y-despues-mejoraria\/#breadcrumb"},"inLanguage":"es","potentialAction":[{"@type":"ReadAction","target":["https:\/\/informelitoral.com.ar\/en-el-dia-de-la-primavera-hay-posibilidad-de-lluvias-y-despues-mejoraria\/"]}]},{"@type":"ImageObject","inLanguage":"es","@id":"https:\/\/informelitoral.com.ar\/en-el-dia-de-la-primavera-hay-posibilidad-de-lluvias-y-despues-mejoraria\/#primaryimage","url":"https:\/\/informelitoral.com.ar\/%77%70%2d%63%6f%6e%74%65%6e%74\/uploads\/2022\/09\/pronostico-de-este-fin-de-semana-anuncian-que-ser-lluvioso-155814-155846.jpg","contentUrl":"https:\/\/informelitoral.com.ar\/%77%70%2d%63%6f%6e%74%65%6e%74\/uploads\/2022\/09\/pronostico-de-este-fin-de-semana-anuncian-que-ser-lluvioso-155814-155846.jpg","width":765,"height":535},{"@type":"BreadcrumbList","@id":"https:\/\/informelitoral.com.ar\/en-el-dia-de-la-primavera-hay-posibilidad-de-lluvias-y-despues-mejoraria\/#breadcrumb","itemListElement":[{"@type":"ListItem","position":1,"name":"Portada","item":"https:\/\/informelitoral.com.ar\/"},{"@type":"ListItem","position":2,"name":"En el D\u00eda de la Primavera, hay posibilidad de lluvias y despu\u00e9s mejorar\u00eda"}]},{"@type":"WebSite","@id":"https:\/\/informelitoral.com.ar\/#website","url":"https:\/\/informelitoral.com.ar\/","name":"Informe Litoral","description":"&quot;Nos informamos&quot; ","publisher":{"@id":"https:\/\/informelitoral.com.ar\/#organization"},"potentialAction":[{"@type":"SearchAction","target":{"@type":"EntryPoint","urlTemplate":"https:\/\/informelitoral.com.ar\/?s={search_term_string}"},"query-input":{"@type":"PropertyValueSpecification","valueRequired":true,"valueName":"search_term_string"}}],"inLanguage":"es"},{"@type":"Organization","@id":"https:\/\/informelitoral.com.ar\/#organization","name":"Informe Litoral","url":"https:\/\/informelitoral.com.ar\/","logo":{"@type":"ImageObject","inLanguage":"es","@id":"https:\/\/informelitoral.com.ar\/#\/schema\/logo\/image\/","url":"https:\/\/informelitoral.com.ar\/%77%70%2d%63%6f%6e%74%65%6e%74\/uploads\/2021\/01\/circulo.png","contentUrl":"https:\/\/informelitoral.com.ar\/%77%70%2d%63%6f%6e%74%65%6e%74\/uploads\/2021\/01\/circulo.png","width":723,"height":731,"caption":"Informe Litoral"},"image":{"@id":"https:\/\/informelitoral.com.ar\/#\/schema\/logo\/image\/"},"sameAs":["https:\/\/www.facebook.com\/informelitoral\/","https:\/\/x.com\/InformeLitoral","https:\/\/www.instagram.com\/informelitoral\/","https:\/\/www.youtube.com\/channel\/UCua4Qvz8Icb6MYqhoq9xLXw"]},{"@type":"Person","@id":"https:\/\/informelitoral.com.ar\/#\/schema\/person\/f05f9f461677119578717524b127d6d5","name":"Sebastian","image":{"@type":"ImageObject","inLanguage":"es","@id":"https:\/\/secure.gravatar.com\/avatar\/b71bf7481d447dfb9583c7f2798e7cc64de6efb9067b74633ed8c31059a3bd82?s=96&d=mm&r=g","url":"https:\/\/secure.gravatar.com\/avatar\/b71bf7481d447dfb9583c7f2798e7cc64de6efb9067b74633ed8c31059a3bd82?s=96&d=mm&r=g","contentUrl":"https:\/\/secure.gravatar.com\/avatar\/b71bf7481d447dfb9583c7f2798e7cc64de6efb9067b74633ed8c31059a3bd82?s=96&d=mm&r=g","caption":"Sebastian"},"url":"https:\/\/informelitoral.com.ar\/author\/sebastian\/"}]}},"_links":{"self":[{"href":"https:\/\/informelitoral.com.ar\/%77%70%2d%6a%73%6f%6e\/wp\/v2\/posts\/87461","targetHints":{"allow":["GET"]}}],"collection":[{"href":"https:\/\/informelitoral.com.ar\/%77%70%2d%6a%73%6f%6e\/wp\/v2\/posts"}],"about":[{"href":"https:\/\/informelitoral.com.ar\/%77%70%2d%6a%73%6f%6e\/wp\/v2\/types\/post"}],"author":[{"embeddable":true,"href":"https:\/\/informelitoral.com.ar\/%77%70%2d%6a%73%6f%6e\/wp\/v2\/users\/8"}],"replies":[{"embeddable":true,"href":"https:\/\/informelitoral.com.ar\/%77%70%2d%6a%73%6f%6e\/wp\/v2\/comments?post=87461"}],"version-history":[{"count":0,"href":"https:\/\/informelitoral.com.ar\/%77%70%2d%6a%73%6f%6e\/wp\/v2\/posts\/87461\/revisions"}],"wp:featuredmedia":[{"embeddable":true,"href":"https:\/\/informelitoral.com.ar\/%77%70%2d%6a%73%6f%6e\/wp\/v2\/media\/87464"}],"wp:attachment":[{"href":"https:\/\/informelitoral.com.ar\/%77%70%2d%6a%73%6f%6e\/wp\/v2\/media?parent=87461"}],"wp:term":[{"taxonomy":"category","embeddable":true,"href":"https:\/\/informelitoral.com.ar\/%77%70%2d%6a%73%6f%6e\/wp\/v2\/categories?post=87461"},{"taxonomy":"post_tag","embeddable":true,"href":"https:\/\/informelitoral.com.ar\/%77%70%2d%6a%73%6f%6e\/wp\/v2\/tags?post=87461"}],"curies":[{"name":"wp","href":"https:\/\/api.w.org\/{rel}","templated":true}]}}