{"id":87446,"date":"2022-09-20T21:09:23","date_gmt":"2022-09-21T00:09:23","guid":{"rendered":"https:\/\/www.informelitoral.com.ar\/?p=87446"},"modified":"2022-09-20T21:14:34","modified_gmt":"2022-09-21T00:14:34","slug":"general-ramirez-vive-la-semana-de-la-movilidad-sustentable-con-diferentes-actividades","status":"publish","type":"post","link":"https:\/\/informelitoral.com.ar\/general-ramirez-vive-la-semana-de-la-movilidad-sustentable-con-diferentes-actividades\/","title":{"rendered":"General Ram\u00edrez vive la Semana de la Movilidad Sustentable con diferentes actividades"},"content":{"rendered":"<p>El <strong>jueves 22 de septiembre<\/strong> es el <span style=\"background-color: #ffff00;\"><strong>D\u00eda Mundial sin Auto.<\/strong> <\/span>En este sentido, desde la <strong>Municipalidad de General Ram\u00edrez<\/strong> realizan diferentes actividades dentro de la <strong><em>Semana de la Movilidad Sustentable.<\/em><\/strong><\/p>\n<p>Entre las iniciativas, se present\u00f3 el proyecto de reforma integral de Avenida San Mart\u00edn, se lanz\u00f3 un concurso con el sorteo de una bicicleta, entrega de bicicletas del programa Ruedas Solidarias, inauguraci\u00f3n de bicicleteros, cicloturismo, entre otras.<\/p>\n<h4><strong>Mir\u00e1 los detalles:<\/strong><\/h4>\n<p><a href=\"https:\/\/www.informelitoral.com.ar\/%77%70%2d%63%6f%6e%74%65%6e%74\/uploads\/2022\/09\/302546903_473201454846905_4895078672311769094_n.jpg\"><img loading=\"lazy\" decoding=\"async\" class=\"aligncenter wp-image-87448 size-full\" src=\"https:\/\/www.informelitoral.com.ar\/%77%70%2d%63%6f%6e%74%65%6e%74\/uploads\/2022\/09\/302546903_473201454846905_4895078672311769094_n.jpg\" alt=\"\" width=\"2047\" height=\"2048\" srcset=\"https:\/\/informelitoral.com.ar\/%77%70%2d%63%6f%6e%74%65%6e%74\/uploads\/2022\/09\/302546903_473201454846905_4895078672311769094_n.jpg 2047w, https:\/\/informelitoral.com.ar\/%77%70%2d%63%6f%6e%74%65%6e%74\/uploads\/2022\/09\/302546903_473201454846905_4895078672311769094_n-300x300.jpg 300w, https:\/\/informelitoral.com.ar\/%77%70%2d%63%6f%6e%74%65%6e%74\/uploads\/2022\/09\/302546903_473201454846905_4895078672311769094_n-1024x1024.jpg 1024w, https:\/\/informelitoral.com.ar\/%77%70%2d%63%6f%6e%74%65%6e%74\/uploads\/2022\/09\/302546903_473201454846905_4895078672311769094_n-150x150.jpg 150w, https:\/\/informelitoral.com.ar\/%77%70%2d%63%6f%6e%74%65%6e%74\/uploads\/2022\/09\/302546903_473201454846905_4895078672311769094_n-768x768.jpg 768w, https:\/\/informelitoral.com.ar\/%77%70%2d%63%6f%6e%74%65%6e%74\/uploads\/2022\/09\/302546903_473201454846905_4895078672311769094_n-1536x1536.jpg 1536w, https:\/\/informelitoral.com.ar\/%77%70%2d%63%6f%6e%74%65%6e%74\/uploads\/2022\/09\/302546903_473201454846905_4895078672311769094_n-696x696.jpg 696w, https:\/\/informelitoral.com.ar\/%77%70%2d%63%6f%6e%74%65%6e%74\/uploads\/2022\/09\/302546903_473201454846905_4895078672311769094_n-1068x1069.jpg 1068w, https:\/\/informelitoral.com.ar\/%77%70%2d%63%6f%6e%74%65%6e%74\/uploads\/2022\/09\/302546903_473201454846905_4895078672311769094_n-1920x1921.jpg 1920w, https:\/\/informelitoral.com.ar\/%77%70%2d%63%6f%6e%74%65%6e%74\/uploads\/2022\/09\/302546903_473201454846905_4895078672311769094_n-420x420.jpg 420w\" sizes=\"auto, (max-width: 2047px) 100vw, 2047px\" \/><\/a><\/p>\n<p>&nbsp;<\/p>\n<p><a href=\"https:\/\/www.informelitoral.com.ar\/%77%70%2d%63%6f%6e%74%65%6e%74\/uploads\/2022\/09\/302193756_473201431513574_2079232815952171157_n-1.jpg\"><img loading=\"lazy\" decoding=\"async\" class=\"aligncenter wp-image-87452 size-full\" src=\"https:\/\/www.informelitoral.com.ar\/%77%70%2d%63%6f%6e%74%65%6e%74\/uploads\/2022\/09\/302193756_473201431513574_2079232815952171157_n-1.jpg\" alt=\"\" width=\"2047\" height=\"2048\" srcset=\"https:\/\/informelitoral.com.ar\/%77%70%2d%63%6f%6e%74%65%6e%74\/uploads\/2022\/09\/302193756_473201431513574_2079232815952171157_n-1.jpg 2047w, https:\/\/informelitoral.com.ar\/%77%70%2d%63%6f%6e%74%65%6e%74\/uploads\/2022\/09\/302193756_473201431513574_2079232815952171157_n-1-300x300.jpg 300w, https:\/\/informelitoral.com.ar\/%77%70%2d%63%6f%6e%74%65%6e%74\/uploads\/2022\/09\/302193756_473201431513574_2079232815952171157_n-1-1024x1024.jpg 1024w, https:\/\/informelitoral.com.ar\/%77%70%2d%63%6f%6e%74%65%6e%74\/uploads\/2022\/09\/302193756_473201431513574_2079232815952171157_n-1-150x150.jpg 150w, https:\/\/informelitoral.com.ar\/%77%70%2d%63%6f%6e%74%65%6e%74\/uploads\/2022\/09\/302193756_473201431513574_2079232815952171157_n-1-768x768.jpg 768w, https:\/\/informelitoral.com.ar\/%77%70%2d%63%6f%6e%74%65%6e%74\/uploads\/2022\/09\/302193756_473201431513574_2079232815952171157_n-1-1536x1536.jpg 1536w, https:\/\/informelitoral.com.ar\/%77%70%2d%63%6f%6e%74%65%6e%74\/uploads\/2022\/09\/302193756_473201431513574_2079232815952171157_n-1-696x696.jpg 696w, https:\/\/informelitoral.com.ar\/%77%70%2d%63%6f%6e%74%65%6e%74\/uploads\/2022\/09\/302193756_473201431513574_2079232815952171157_n-1-1068x1069.jpg 1068w, https:\/\/informelitoral.com.ar\/%77%70%2d%63%6f%6e%74%65%6e%74\/uploads\/2022\/09\/302193756_473201431513574_2079232815952171157_n-1-1920x1921.jpg 1920w, https:\/\/informelitoral.com.ar\/%77%70%2d%63%6f%6e%74%65%6e%74\/uploads\/2022\/09\/302193756_473201431513574_2079232815952171157_n-1-420x420.jpg 420w\" sizes=\"auto, (max-width: 2047px) 100vw, 2047px\" \/><\/a><\/p>\n","protected":false},"excerpt":{"rendered":"<p>Este jueves 22 de septiembre es el D\u00eda Mundial sin Auto. En ese marco, desde la Municipalidad llevan adelante un cronograma de actividades para concientizar sobre la importancia del uso de medios de transporte sustentables.<\/p>\n","protected":false},"author":2,"featured_media":87447,"comment_status":"open","ping_status":"open","sticky":false,"template":"","format":"standard","meta":{"fifu_image_url":"","fifu_image_alt":"","footnotes":""},"categories":[5],"tags":[1897,556,1132,111,201,27],"class_list":{"0":"post-87446","1":"post","2":"type-post","3":"status-publish","4":"format-standard","5":"has-post-thumbnail","7":"category-zonales","8":"tag-auto","9":"tag-general-ramirez","10":"tag-movilidad","11":"tag-municipales","12":"tag-municipios","13":"tag-ramirez"},"yoast_head":"<title>General Ram\u00edrez vive la Semana de la Movilidad Sustentable con diferentes actividades - Informe Litoral<\/title>\n<meta name=\"robots\" content=\"index, follow, max-snippet:-1, max-image-preview:large, max-video-preview:-1\" \/>\n<link rel=\"canonical\" href=\"https:\/\/informelitoral.com.ar\/general-ramirez-vive-la-semana-de-la-movilidad-sustentable-con-diferentes-actividades\/\" \/>\n<meta property=\"og:locale\" content=\"es_ES\" \/>\n<meta property=\"og:type\" content=\"article\" \/>\n<meta property=\"og:title\" content=\"General Ram\u00edrez vive la Semana de la Movilidad Sustentable con diferentes actividades - Informe Litoral\" \/>\n<meta property=\"og:description\" content=\"Este jueves 22 de septiembre es el D\u00eda Mundial sin Auto. En ese marco, desde la Municipalidad llevan adelante un cronograma de actividades para concientizar sobre la importancia del uso de medios de transporte sustentables.\" \/>\n<meta property=\"og:url\" content=\"https:\/\/informelitoral.com.ar\/general-ramirez-vive-la-semana-de-la-movilidad-sustentable-con-diferentes-actividades\/\" \/>\n<meta property=\"og:site_name\" content=\"Informe Litoral\" \/>\n<meta property=\"article:publisher\" content=\"https:\/\/www.facebook.com\/informelitoral\/\" \/>\n<meta property=\"article:published_time\" content=\"2022-09-21T00:09:23+00:00\" \/>\n<meta property=\"article:modified_time\" content=\"2022-09-21T00:14:34+00:00\" \/>\n<meta property=\"og:image\" content=\"https:\/\/informelitoral.com.ar\/%77%70%2d%63%6f%6e%74%65%6e%74\/uploads\/2022\/09\/305203133_473201478180236_2779089152442185597_n.jpg\" \/>\n\t<meta property=\"og:image:width\" content=\"600\" \/>\n\t<meta property=\"og:image:height\" content=\"600\" \/>\n\t<meta property=\"og:image:type\" content=\"image\/jpeg\" \/>\n<meta name=\"author\" content=\"Gonzalo Schmidt\" \/>\n<meta name=\"twitter:card\" content=\"summary_large_image\" \/>\n<meta name=\"twitter:creator\" content=\"@InformeLitoral\" \/>\n<meta name=\"twitter:site\" content=\"@InformeLitoral\" \/>\n<meta name=\"twitter:label1\" content=\"Escrito por\" \/>\n\t<meta name=\"twitter:data1\" content=\"Gonzalo Schmidt\" \/>\n<script type=\"application\/ld+json\" class=\"yoast-schema-graph\">{\"@context\":\"https:\\\/\\\/schema.org\",\"@graph\":[{\"@type\":\"Article\",\"@id\":\"https:\\\/\\\/informelitoral.com.ar\\\/general-ramirez-vive-la-semana-de-la-movilidad-sustentable-con-diferentes-actividades\\\/#article\",\"isPartOf\":{\"@id\":\"https:\\\/\\\/informelitoral.com.ar\\\/general-ramirez-vive-la-semana-de-la-movilidad-sustentable-con-diferentes-actividades\\\/\"},\"author\":{\"name\":\"Gonzalo Schmidt\",\"@id\":\"https:\\\/\\\/informelitoral.com.ar\\\/#\\\/schema\\\/person\\\/b9d00407c836482871ef1d57bf8e3180\"},\"headline\":\"General Ram\u00edrez vive la Semana de la Movilidad Sustentable con diferentes actividades\",\"datePublished\":\"2022-09-21T00:09:23+00:00\",\"dateModified\":\"2022-09-21T00:14:34+00:00\",\"mainEntityOfPage\":{\"@id\":\"https:\\\/\\\/informelitoral.com.ar\\\/general-ramirez-vive-la-semana-de-la-movilidad-sustentable-con-diferentes-actividades\\\/\"},\"wordCount\":88,\"commentCount\":0,\"publisher\":{\"@id\":\"https:\\\/\\\/informelitoral.com.ar\\\/#organization\"},\"image\":{\"@id\":\"https:\\\/\\\/informelitoral.com.ar\\\/general-ramirez-vive-la-semana-de-la-movilidad-sustentable-con-diferentes-actividades\\\/#primaryimage\"},\"thumbnailUrl\":\"https:\\\/\\\/informelitoral.com.ar\\\/%77%70%2d%63%6f%6e%74%65%6e%74\\\/uploads\\\/2022\\\/09\\\/305203133_473201478180236_2779089152442185597_n.jpg\",\"keywords\":[\"Auto\",\"General Ram\u00edrez\",\"Movilidad\",\"Municipales\",\"Municipios\",\"Ram\u00edrez\"],\"articleSection\":[\"Departamento Diamante\"],\"inLanguage\":\"es\",\"potentialAction\":[{\"@type\":\"CommentAction\",\"name\":\"Comment\",\"target\":[\"https:\\\/\\\/informelitoral.com.ar\\\/general-ramirez-vive-la-semana-de-la-movilidad-sustentable-con-diferentes-actividades\\\/#respond\"]}]},{\"@type\":\"WebPage\",\"@id\":\"https:\\\/\\\/informelitoral.com.ar\\\/general-ramirez-vive-la-semana-de-la-movilidad-sustentable-con-diferentes-actividades\\\/\",\"url\":\"https:\\\/\\\/informelitoral.com.ar\\\/general-ramirez-vive-la-semana-de-la-movilidad-sustentable-con-diferentes-actividades\\\/\",\"name\":\"General Ram\u00edrez vive la Semana de la Movilidad Sustentable con diferentes actividades - Informe Litoral\",\"isPartOf\":{\"@id\":\"https:\\\/\\\/informelitoral.com.ar\\\/#website\"},\"primaryImageOfPage\":{\"@id\":\"https:\\\/\\\/informelitoral.com.ar\\\/general-ramirez-vive-la-semana-de-la-movilidad-sustentable-con-diferentes-actividades\\\/#primaryimage\"},\"image\":{\"@id\":\"https:\\\/\\\/informelitoral.com.ar\\\/general-ramirez-vive-la-semana-de-la-movilidad-sustentable-con-diferentes-actividades\\\/#primaryimage\"},\"thumbnailUrl\":\"https:\\\/\\\/informelitoral.com.ar\\\/%77%70%2d%63%6f%6e%74%65%6e%74\\\/uploads\\\/2022\\\/09\\\/305203133_473201478180236_2779089152442185597_n.jpg\",\"datePublished\":\"2022-09-21T00:09:23+00:00\",\"dateModified\":\"2022-09-21T00:14:34+00:00\",\"breadcrumb\":{\"@id\":\"https:\\\/\\\/informelitoral.com.ar\\\/general-ramirez-vive-la-semana-de-la-movilidad-sustentable-con-diferentes-actividades\\\/#breadcrumb\"},\"inLanguage\":\"es\",\"potentialAction\":[{\"@type\":\"ReadAction\",\"target\":[\"https:\\\/\\\/informelitoral.com.ar\\\/general-ramirez-vive-la-semana-de-la-movilidad-sustentable-con-diferentes-actividades\\\/\"]}]},{\"@type\":\"ImageObject\",\"inLanguage\":\"es\",\"@id\":\"https:\\\/\\\/informelitoral.com.ar\\\/general-ramirez-vive-la-semana-de-la-movilidad-sustentable-con-diferentes-actividades\\\/#primaryimage\",\"url\":\"https:\\\/\\\/informelitoral.com.ar\\\/%77%70%2d%63%6f%6e%74%65%6e%74\\\/uploads\\\/2022\\\/09\\\/305203133_473201478180236_2779089152442185597_n.jpg\",\"contentUrl\":\"https:\\\/\\\/informelitoral.com.ar\\\/%77%70%2d%63%6f%6e%74%65%6e%74\\\/uploads\\\/2022\\\/09\\\/305203133_473201478180236_2779089152442185597_n.jpg\",\"width\":600,\"height\":600},{\"@type\":\"BreadcrumbList\",\"@id\":\"https:\\\/\\\/informelitoral.com.ar\\\/general-ramirez-vive-la-semana-de-la-movilidad-sustentable-con-diferentes-actividades\\\/#breadcrumb\",\"itemListElement\":[{\"@type\":\"ListItem\",\"position\":1,\"name\":\"Portada\",\"item\":\"https:\\\/\\\/informelitoral.com.ar\\\/\"},{\"@type\":\"ListItem\",\"position\":2,\"name\":\"General Ram\u00edrez vive la Semana de la Movilidad Sustentable con diferentes actividades\"}]},{\"@type\":\"WebSite\",\"@id\":\"https:\\\/\\\/informelitoral.com.ar\\\/#website\",\"url\":\"https:\\\/\\\/informelitoral.com.ar\\\/\",\"name\":\"Informe Litoral\",\"description\":\"&quot;Nos informamos&quot; \",\"publisher\":{\"@id\":\"https:\\\/\\\/informelitoral.com.ar\\\/#organization\"},\"potentialAction\":[{\"@type\":\"SearchAction\",\"target\":{\"@type\":\"EntryPoint\",\"urlTemplate\":\"https:\\\/\\\/informelitoral.com.ar\\\/?s={search_term_string}\"},\"query-input\":{\"@type\":\"PropertyValueSpecification\",\"valueRequired\":true,\"valueName\":\"search_term_string\"}}],\"inLanguage\":\"es\"},{\"@type\":\"Organization\",\"@id\":\"https:\\\/\\\/informelitoral.com.ar\\\/#organization\",\"name\":\"Informe Litoral\",\"url\":\"https:\\\/\\\/informelitoral.com.ar\\\/\",\"logo\":{\"@type\":\"ImageObject\",\"inLanguage\":\"es\",\"@id\":\"https:\\\/\\\/informelitoral.com.ar\\\/#\\\/schema\\\/logo\\\/image\\\/\",\"url\":\"https:\\\/\\\/informelitoral.com.ar\\\/%77%70%2d%63%6f%6e%74%65%6e%74\\\/uploads\\\/2021\\\/01\\\/circulo.png\",\"contentUrl\":\"https:\\\/\\\/informelitoral.com.ar\\\/%77%70%2d%63%6f%6e%74%65%6e%74\\\/uploads\\\/2021\\\/01\\\/circulo.png\",\"width\":723,\"height\":731,\"caption\":\"Informe Litoral\"},\"image\":{\"@id\":\"https:\\\/\\\/informelitoral.com.ar\\\/#\\\/schema\\\/logo\\\/image\\\/\"},\"sameAs\":[\"https:\\\/\\\/www.facebook.com\\\/informelitoral\\\/\",\"https:\\\/\\\/x.com\\\/InformeLitoral\",\"https:\\\/\\\/www.instagram.com\\\/informelitoral\\\/\",\"https:\\\/\\\/www.youtube.com\\\/channel\\\/UCua4Qvz8Icb6MYqhoq9xLXw\"]},{\"@type\":\"Person\",\"@id\":\"https:\\\/\\\/informelitoral.com.ar\\\/#\\\/schema\\\/person\\\/b9d00407c836482871ef1d57bf8e3180\",\"name\":\"Gonzalo Schmidt\",\"image\":{\"@type\":\"ImageObject\",\"inLanguage\":\"es\",\"@id\":\"https:\\\/\\\/secure.gravatar.com\\\/avatar\\\/31a1a7b66ff2de83bd0e9fd79d026630d2d99e55e8bfe501287647b4fd9743de?s=96&d=mm&r=g\",\"url\":\"https:\\\/\\\/secure.gravatar.com\\\/avatar\\\/31a1a7b66ff2de83bd0e9fd79d026630d2d99e55e8bfe501287647b4fd9743de?s=96&d=mm&r=g\",\"contentUrl\":\"https:\\\/\\\/secure.gravatar.com\\\/avatar\\\/31a1a7b66ff2de83bd0e9fd79d026630d2d99e55e8bfe501287647b4fd9743de?s=96&d=mm&r=g\",\"caption\":\"Gonzalo Schmidt\"},\"description\":\"Sitio web de noticias de la provincia de Entre R\u00edos, Argentina. Informaci\u00f3n y entretenimiento. Informe Litoral, nos informamos.\",\"sameAs\":[\"http:\\\/\\\/www.isletasnoticias.com.ar\"],\"url\":\"https:\\\/\\\/informelitoral.com.ar\\\/author\\\/gonzalo\\\/\"}]}<\/script>","yoast_head_json":{"title":"General Ram\u00edrez vive la Semana de la Movilidad Sustentable con diferentes actividades - Informe Litoral","robots":{"index":"index","follow":"follow","max-snippet":"max-snippet:-1","max-image-preview":"max-image-preview:large","max-video-preview":"max-video-preview:-1"},"canonical":"https:\/\/informelitoral.com.ar\/general-ramirez-vive-la-semana-de-la-movilidad-sustentable-con-diferentes-actividades\/","og_locale":"es_ES","og_type":"article","og_title":"General Ram\u00edrez vive la Semana de la Movilidad Sustentable con diferentes actividades - Informe Litoral","og_description":"Este jueves 22 de septiembre es el D\u00eda Mundial sin Auto. En ese marco, desde la Municipalidad llevan adelante un cronograma de actividades para concientizar sobre la importancia del uso de medios de transporte sustentables.","og_url":"https:\/\/informelitoral.com.ar\/general-ramirez-vive-la-semana-de-la-movilidad-sustentable-con-diferentes-actividades\/","og_site_name":"Informe Litoral","article_publisher":"https:\/\/www.facebook.com\/informelitoral\/","article_published_time":"2022-09-21T00:09:23+00:00","article_modified_time":"2022-09-21T00:14:34+00:00","og_image":[{"width":600,"height":600,"url":"https:\/\/informelitoral.com.ar\/%77%70%2d%63%6f%6e%74%65%6e%74\/uploads\/2022\/09\/305203133_473201478180236_2779089152442185597_n.jpg","type":"image\/jpeg"}],"author":"Gonzalo Schmidt","twitter_card":"summary_large_image","twitter_creator":"@InformeLitoral","twitter_site":"@InformeLitoral","twitter_misc":{"Escrito por":"Gonzalo Schmidt"},"schema":{"@context":"https:\/\/schema.org","@graph":[{"@type":"Article","@id":"https:\/\/informelitoral.com.ar\/general-ramirez-vive-la-semana-de-la-movilidad-sustentable-con-diferentes-actividades\/#article","isPartOf":{"@id":"https:\/\/informelitoral.com.ar\/general-ramirez-vive-la-semana-de-la-movilidad-sustentable-con-diferentes-actividades\/"},"author":{"name":"Gonzalo Schmidt","@id":"https:\/\/informelitoral.com.ar\/#\/schema\/person\/b9d00407c836482871ef1d57bf8e3180"},"headline":"General Ram\u00edrez vive la Semana de la Movilidad Sustentable con diferentes actividades","datePublished":"2022-09-21T00:09:23+00:00","dateModified":"2022-09-21T00:14:34+00:00","mainEntityOfPage":{"@id":"https:\/\/informelitoral.com.ar\/general-ramirez-vive-la-semana-de-la-movilidad-sustentable-con-diferentes-actividades\/"},"wordCount":88,"commentCount":0,"publisher":{"@id":"https:\/\/informelitoral.com.ar\/#organization"},"image":{"@id":"https:\/\/informelitoral.com.ar\/general-ramirez-vive-la-semana-de-la-movilidad-sustentable-con-diferentes-actividades\/#primaryimage"},"thumbnailUrl":"https:\/\/informelitoral.com.ar\/%77%70%2d%63%6f%6e%74%65%6e%74\/uploads\/2022\/09\/305203133_473201478180236_2779089152442185597_n.jpg","keywords":["Auto","General Ram\u00edrez","Movilidad","Municipales","Municipios","Ram\u00edrez"],"articleSection":["Departamento Diamante"],"inLanguage":"es","potentialAction":[{"@type":"CommentAction","name":"Comment","target":["https:\/\/informelitoral.com.ar\/general-ramirez-vive-la-semana-de-la-movilidad-sustentable-con-diferentes-actividades\/#respond"]}]},{"@type":"WebPage","@id":"https:\/\/informelitoral.com.ar\/general-ramirez-vive-la-semana-de-la-movilidad-sustentable-con-diferentes-actividades\/","url":"https:\/\/informelitoral.com.ar\/general-ramirez-vive-la-semana-de-la-movilidad-sustentable-con-diferentes-actividades\/","name":"General Ram\u00edrez vive la Semana de la Movilidad Sustentable con diferentes actividades - Informe Litoral","isPartOf":{"@id":"https:\/\/informelitoral.com.ar\/#website"},"primaryImageOfPage":{"@id":"https:\/\/informelitoral.com.ar\/general-ramirez-vive-la-semana-de-la-movilidad-sustentable-con-diferentes-actividades\/#primaryimage"},"image":{"@id":"https:\/\/informelitoral.com.ar\/general-ramirez-vive-la-semana-de-la-movilidad-sustentable-con-diferentes-actividades\/#primaryimage"},"thumbnailUrl":"https:\/\/informelitoral.com.ar\/%77%70%2d%63%6f%6e%74%65%6e%74\/uploads\/2022\/09\/305203133_473201478180236_2779089152442185597_n.jpg","datePublished":"2022-09-21T00:09:23+00:00","dateModified":"2022-09-21T00:14:34+00:00","breadcrumb":{"@id":"https:\/\/informelitoral.com.ar\/general-ramirez-vive-la-semana-de-la-movilidad-sustentable-con-diferentes-actividades\/#breadcrumb"},"inLanguage":"es","potentialAction":[{"@type":"ReadAction","target":["https:\/\/informelitoral.com.ar\/general-ramirez-vive-la-semana-de-la-movilidad-sustentable-con-diferentes-actividades\/"]}]},{"@type":"ImageObject","inLanguage":"es","@id":"https:\/\/informelitoral.com.ar\/general-ramirez-vive-la-semana-de-la-movilidad-sustentable-con-diferentes-actividades\/#primaryimage","url":"https:\/\/informelitoral.com.ar\/%77%70%2d%63%6f%6e%74%65%6e%74\/uploads\/2022\/09\/305203133_473201478180236_2779089152442185597_n.jpg","contentUrl":"https:\/\/informelitoral.com.ar\/%77%70%2d%63%6f%6e%74%65%6e%74\/uploads\/2022\/09\/305203133_473201478180236_2779089152442185597_n.jpg","width":600,"height":600},{"@type":"BreadcrumbList","@id":"https:\/\/informelitoral.com.ar\/general-ramirez-vive-la-semana-de-la-movilidad-sustentable-con-diferentes-actividades\/#breadcrumb","itemListElement":[{"@type":"ListItem","position":1,"name":"Portada","item":"https:\/\/informelitoral.com.ar\/"},{"@type":"ListItem","position":2,"name":"General Ram\u00edrez vive la Semana de la Movilidad Sustentable con diferentes actividades"}]},{"@type":"WebSite","@id":"https:\/\/informelitoral.com.ar\/#website","url":"https:\/\/informelitoral.com.ar\/","name":"Informe Litoral","description":"&quot;Nos informamos&quot; ","publisher":{"@id":"https:\/\/informelitoral.com.ar\/#organization"},"potentialAction":[{"@type":"SearchAction","target":{"@type":"EntryPoint","urlTemplate":"https:\/\/informelitoral.com.ar\/?s={search_term_string}"},"query-input":{"@type":"PropertyValueSpecification","valueRequired":true,"valueName":"search_term_string"}}],"inLanguage":"es"},{"@type":"Organization","@id":"https:\/\/informelitoral.com.ar\/#organization","name":"Informe Litoral","url":"https:\/\/informelitoral.com.ar\/","logo":{"@type":"ImageObject","inLanguage":"es","@id":"https:\/\/informelitoral.com.ar\/#\/schema\/logo\/image\/","url":"https:\/\/informelitoral.com.ar\/%77%70%2d%63%6f%6e%74%65%6e%74\/uploads\/2021\/01\/circulo.png","contentUrl":"https:\/\/informelitoral.com.ar\/%77%70%2d%63%6f%6e%74%65%6e%74\/uploads\/2021\/01\/circulo.png","width":723,"height":731,"caption":"Informe Litoral"},"image":{"@id":"https:\/\/informelitoral.com.ar\/#\/schema\/logo\/image\/"},"sameAs":["https:\/\/www.facebook.com\/informelitoral\/","https:\/\/x.com\/InformeLitoral","https:\/\/www.instagram.com\/informelitoral\/","https:\/\/www.youtube.com\/channel\/UCua4Qvz8Icb6MYqhoq9xLXw"]},{"@type":"Person","@id":"https:\/\/informelitoral.com.ar\/#\/schema\/person\/b9d00407c836482871ef1d57bf8e3180","name":"Gonzalo Schmidt","image":{"@type":"ImageObject","inLanguage":"es","@id":"https:\/\/secure.gravatar.com\/avatar\/31a1a7b66ff2de83bd0e9fd79d026630d2d99e55e8bfe501287647b4fd9743de?s=96&d=mm&r=g","url":"https:\/\/secure.gravatar.com\/avatar\/31a1a7b66ff2de83bd0e9fd79d026630d2d99e55e8bfe501287647b4fd9743de?s=96&d=mm&r=g","contentUrl":"https:\/\/secure.gravatar.com\/avatar\/31a1a7b66ff2de83bd0e9fd79d026630d2d99e55e8bfe501287647b4fd9743de?s=96&d=mm&r=g","caption":"Gonzalo Schmidt"},"description":"Sitio web de noticias de la provincia de Entre R\u00edos, Argentina. Informaci\u00f3n y entretenimiento. Informe Litoral, nos informamos.","sameAs":["http:\/\/www.isletasnoticias.com.ar"],"url":"https:\/\/informelitoral.com.ar\/author\/gonzalo\/"}]}},"_links":{"self":[{"href":"https:\/\/informelitoral.com.ar\/%77%70%2d%6a%73%6f%6e\/wp\/v2\/posts\/87446","targetHints":{"allow":["GET"]}}],"collection":[{"href":"https:\/\/informelitoral.com.ar\/%77%70%2d%6a%73%6f%6e\/wp\/v2\/posts"}],"about":[{"href":"https:\/\/informelitoral.com.ar\/%77%70%2d%6a%73%6f%6e\/wp\/v2\/types\/post"}],"author":[{"embeddable":true,"href":"https:\/\/informelitoral.com.ar\/%77%70%2d%6a%73%6f%6e\/wp\/v2\/users\/2"}],"replies":[{"embeddable":true,"href":"https:\/\/informelitoral.com.ar\/%77%70%2d%6a%73%6f%6e\/wp\/v2\/comments?post=87446"}],"version-history":[{"count":0,"href":"https:\/\/informelitoral.com.ar\/%77%70%2d%6a%73%6f%6e\/wp\/v2\/posts\/87446\/revisions"}],"wp:featuredmedia":[{"embeddable":true,"href":"https:\/\/informelitoral.com.ar\/%77%70%2d%6a%73%6f%6e\/wp\/v2\/media\/87447"}],"wp:attachment":[{"href":"https:\/\/informelitoral.com.ar\/%77%70%2d%6a%73%6f%6e\/wp\/v2\/media?parent=87446"}],"wp:term":[{"taxonomy":"category","embeddable":true,"href":"https:\/\/informelitoral.com.ar\/%77%70%2d%6a%73%6f%6e\/wp\/v2\/categories?post=87446"},{"taxonomy":"post_tag","embeddable":true,"href":"https:\/\/informelitoral.com.ar\/%77%70%2d%6a%73%6f%6e\/wp\/v2\/tags?post=87446"}],"curies":[{"name":"wp","href":"https:\/\/api.w.org\/{rel}","templated":true}]}}