{"id":87429,"date":"2022-09-20T19:46:10","date_gmt":"2022-09-20T22:46:10","guid":{"rendered":"https:\/\/www.informelitoral.com.ar\/?p=87429"},"modified":"2022-09-20T19:46:10","modified_gmt":"2022-09-20T22:46:10","slug":"programa-de-empleo-industrial-entrerriano-quienes-pueden-acceder-y-que-beneficio-obtienen","status":"publish","type":"post","link":"https:\/\/informelitoral.com.ar\/programa-de-empleo-industrial-entrerriano-quienes-pueden-acceder-y-que-beneficio-obtienen\/","title":{"rendered":"Programa de Empleo Industrial Entrerriano: qui\u00e9nes pueden acceder y qu\u00e9 beneficio obtienen"},"content":{"rendered":"<p>El programa promueve la creaci\u00f3n de trabajo privado registrado en los establecimientos industriales de cualquier sector y tama\u00f1o en Entre R\u00edos. Para ello, la Provincia realizar\u00e1 aportes no reintegrables (ANR) mensuales a aquellas industrias que adhieran.<\/p>\n<p>Los ANR ser\u00e1n liquidados en forma mensual y pagados de manera trimestral, una vez finalizados los procesos de convocatoria, an\u00e1lisis y aprobaci\u00f3n que reglamente y lleve a cabo la autoridad de aplicaci\u00f3n. Tendr\u00e1 una vigencia de 12 meses, a partir del 1 de agosto de 2022 y hasta el 31 de julio de 2023.<\/p>\n<p><strong>\u00bfQui\u00e9nes pueden acceder?<\/strong><br \/>\nLos beneficiarios de programa son todas las empresas que se encuentren inscriptas en el Registro de Establecimientos Industriales de la Provincia de Entre R\u00edos, no registren deudas exigibles ante el fisco provincial y no est\u00e9n informadas en el Registro P\u00fablico de Empleadores con Sanciones Laborales, adem\u00e1s de que acrediten incrementos en la n\u00f3mina de trabajadores registrados por tiempo indeterminado y a jornada completa en la provincia de Entre R\u00edos.<\/p>\n<p><strong>Beneficios<\/strong><br \/>\nSe realizar\u00e1 un Aporte No Reintegrable (ANR) por cada trabajador incorporado a partir del 1\u00b0 de Agosto 2022, seg\u00fan el porcentaje incremental de trabajadores y la categorizaci\u00f3n de la empresa seg\u00fan la escala de SEPYME-Naci\u00f3n. El ANR se calcular\u00e1 como un porcentaje del Salario M\u00ednimo Vital y M\u00f3vil (SMVM)<\/p>\n<p>A partir de la incorporaci\u00f3n de un solo trabajador, una empresa podr\u00e1 acceder al programa. Dicho monto se determinar\u00e1 seg\u00fan dos variables: el incremento porcentual sobre la planta del personal y la escala de la industria, lo que determinar\u00e1 el monto del aporte, entre el 50 y el 80% de un SMVM.<\/p>\n<p>Para el c\u00e1lculo, cada tres meses desde el 1\u00b0 de Agosto (inicios de noviembre 2022, inicios de febrero 2023, inicios de marzo 2023, e inicios de agosto 2023) se declarar\u00e1n las altas de cada mes, las cuales dar\u00e1n derecho al ANR correspondiente seg\u00fan su comparaci\u00f3n con la l\u00ednea de base de personal de julio 2022 y la categorizaci\u00f3n de la empresa seg\u00fan la escala de SEPYME.<\/p>\n<p><strong>M\u00e1s informaci\u00f3n<\/strong><br \/>\n<a href=\"https:\/\/uier.org.ar\/programa-promocion-del-empleo-industrial-entrerriano\/\">https:\/\/uier.org.ar\/programa-promocion-del-empleo-industrial-entrerriano\/<\/a><\/p>\n","protected":false},"excerpt":{"rendered":"<p>El Programa de Promoci\u00f3n Industrial Entrerriano contin\u00faa vigente y hay tiempo hasta el 31 de enero de 2023 para que las empresas puedan adherir. Se trata de una herramienta lanzada por el Gobierno provincial en conjunto con la Uni\u00f3n Industrial de Entre R\u00edos (UIER), que busca generar 1.500 puestos de trabajo.<\/p>\n","protected":false},"author":2,"featured_media":87430,"comment_status":"open","ping_status":"open","sticky":false,"template":"","format":"standard","meta":{"fifu_image_url":"","fifu_image_alt":"","footnotes":""},"categories":[1594,6],"tags":[81,933,1598],"class_list":{"0":"post-87429","1":"post","2":"type-post","3":"status-publish","4":"format-standard","5":"has-post-thumbnail","7":"category-economia","8":"category-entre-rios","9":"tag-entre-rios","10":"tag-industria","11":"tag-uier"},"yoast_head":"<title>Programa de Empleo Industrial Entrerriano: qui\u00e9nes pueden acceder y qu\u00e9 beneficio obtienen - Informe Litoral<\/title>\n<meta name=\"robots\" content=\"index, follow, max-snippet:-1, max-image-preview:large, max-video-preview:-1\" \/>\n<link rel=\"canonical\" href=\"https:\/\/informelitoral.com.ar\/programa-de-empleo-industrial-entrerriano-quienes-pueden-acceder-y-que-beneficio-obtienen\/\" \/>\n<meta property=\"og:locale\" content=\"es_ES\" \/>\n<meta property=\"og:type\" content=\"article\" \/>\n<meta property=\"og:title\" content=\"Programa de Empleo Industrial Entrerriano: qui\u00e9nes pueden acceder y qu\u00e9 beneficio obtienen - Informe Litoral\" \/>\n<meta property=\"og:description\" content=\"El Programa de Promoci\u00f3n Industrial Entrerriano contin\u00faa vigente y hay tiempo hasta el 31 de enero de 2023 para que las empresas puedan adherir. Se trata de una herramienta lanzada por el Gobierno provincial en conjunto con la Uni\u00f3n Industrial de Entre R\u00edos (UIER), que busca generar 1.500 puestos de trabajo.\" \/>\n<meta property=\"og:url\" content=\"https:\/\/informelitoral.com.ar\/programa-de-empleo-industrial-entrerriano-quienes-pueden-acceder-y-que-beneficio-obtienen\/\" \/>\n<meta property=\"og:site_name\" content=\"Informe Litoral\" \/>\n<meta property=\"article:publisher\" content=\"https:\/\/www.facebook.com\/informelitoral\/\" \/>\n<meta property=\"article:published_time\" content=\"2022-09-20T22:46:10+00:00\" \/>\n<meta property=\"og:image\" content=\"https:\/\/informelitoral.com.ar\/%77%70%2d%63%6f%6e%74%65%6e%74\/uploads\/2022\/09\/b537b73c-41b7-3eca-8b17-77fbfd665862.jpg\" \/>\n\t<meta property=\"og:image:width\" content=\"928\" \/>\n\t<meta property=\"og:image:height\" content=\"522\" \/>\n\t<meta property=\"og:image:type\" content=\"image\/jpeg\" \/>\n<meta name=\"author\" content=\"Gonzalo Schmidt\" \/>\n<meta name=\"twitter:card\" content=\"summary_large_image\" \/>\n<meta name=\"twitter:creator\" content=\"@InformeLitoral\" \/>\n<meta name=\"twitter:site\" content=\"@InformeLitoral\" \/>\n<meta name=\"twitter:label1\" content=\"Escrito por\" \/>\n\t<meta name=\"twitter:data1\" content=\"Gonzalo Schmidt\" \/>\n\t<meta name=\"twitter:label2\" content=\"Tiempo de lectura\" \/>\n\t<meta name=\"twitter:data2\" content=\"2 minutos\" \/>\n<script type=\"application\/ld+json\" class=\"yoast-schema-graph\">{\"@context\":\"https:\\\/\\\/schema.org\",\"@graph\":[{\"@type\":\"Article\",\"@id\":\"https:\\\/\\\/informelitoral.com.ar\\\/programa-de-empleo-industrial-entrerriano-quienes-pueden-acceder-y-que-beneficio-obtienen\\\/#article\",\"isPartOf\":{\"@id\":\"https:\\\/\\\/informelitoral.com.ar\\\/programa-de-empleo-industrial-entrerriano-quienes-pueden-acceder-y-que-beneficio-obtienen\\\/\"},\"author\":{\"name\":\"Gonzalo Schmidt\",\"@id\":\"https:\\\/\\\/informelitoral.com.ar\\\/#\\\/schema\\\/person\\\/b9d00407c836482871ef1d57bf8e3180\"},\"headline\":\"Programa de Empleo Industrial Entrerriano: qui\u00e9nes pueden acceder y qu\u00e9 beneficio obtienen\",\"datePublished\":\"2022-09-20T22:46:10+00:00\",\"mainEntityOfPage\":{\"@id\":\"https:\\\/\\\/informelitoral.com.ar\\\/programa-de-empleo-industrial-entrerriano-quienes-pueden-acceder-y-que-beneficio-obtienen\\\/\"},\"wordCount\":367,\"commentCount\":0,\"publisher\":{\"@id\":\"https:\\\/\\\/informelitoral.com.ar\\\/#organization\"},\"image\":{\"@id\":\"https:\\\/\\\/informelitoral.com.ar\\\/programa-de-empleo-industrial-entrerriano-quienes-pueden-acceder-y-que-beneficio-obtienen\\\/#primaryimage\"},\"thumbnailUrl\":\"https:\\\/\\\/informelitoral.com.ar\\\/%77%70%2d%63%6f%6e%74%65%6e%74\\\/uploads\\\/2022\\\/09\\\/b537b73c-41b7-3eca-8b17-77fbfd665862.jpg\",\"keywords\":[\"Entre R\u00edos\",\"Industria\",\"Uier\"],\"articleSection\":[\"Econom\u00eda\",\"Entre R\u00edos\"],\"inLanguage\":\"es\",\"potentialAction\":[{\"@type\":\"CommentAction\",\"name\":\"Comment\",\"target\":[\"https:\\\/\\\/informelitoral.com.ar\\\/programa-de-empleo-industrial-entrerriano-quienes-pueden-acceder-y-que-beneficio-obtienen\\\/#respond\"]}]},{\"@type\":\"WebPage\",\"@id\":\"https:\\\/\\\/informelitoral.com.ar\\\/programa-de-empleo-industrial-entrerriano-quienes-pueden-acceder-y-que-beneficio-obtienen\\\/\",\"url\":\"https:\\\/\\\/informelitoral.com.ar\\\/programa-de-empleo-industrial-entrerriano-quienes-pueden-acceder-y-que-beneficio-obtienen\\\/\",\"name\":\"Programa de Empleo Industrial Entrerriano: qui\u00e9nes pueden acceder y qu\u00e9 beneficio obtienen - Informe Litoral\",\"isPartOf\":{\"@id\":\"https:\\\/\\\/informelitoral.com.ar\\\/#website\"},\"primaryImageOfPage\":{\"@id\":\"https:\\\/\\\/informelitoral.com.ar\\\/programa-de-empleo-industrial-entrerriano-quienes-pueden-acceder-y-que-beneficio-obtienen\\\/#primaryimage\"},\"image\":{\"@id\":\"https:\\\/\\\/informelitoral.com.ar\\\/programa-de-empleo-industrial-entrerriano-quienes-pueden-acceder-y-que-beneficio-obtienen\\\/#primaryimage\"},\"thumbnailUrl\":\"https:\\\/\\\/informelitoral.com.ar\\\/%77%70%2d%63%6f%6e%74%65%6e%74\\\/uploads\\\/2022\\\/09\\\/b537b73c-41b7-3eca-8b17-77fbfd665862.jpg\",\"datePublished\":\"2022-09-20T22:46:10+00:00\",\"breadcrumb\":{\"@id\":\"https:\\\/\\\/informelitoral.com.ar\\\/programa-de-empleo-industrial-entrerriano-quienes-pueden-acceder-y-que-beneficio-obtienen\\\/#breadcrumb\"},\"inLanguage\":\"es\",\"potentialAction\":[{\"@type\":\"ReadAction\",\"target\":[\"https:\\\/\\\/informelitoral.com.ar\\\/programa-de-empleo-industrial-entrerriano-quienes-pueden-acceder-y-que-beneficio-obtienen\\\/\"]}]},{\"@type\":\"ImageObject\",\"inLanguage\":\"es\",\"@id\":\"https:\\\/\\\/informelitoral.com.ar\\\/programa-de-empleo-industrial-entrerriano-quienes-pueden-acceder-y-que-beneficio-obtienen\\\/#primaryimage\",\"url\":\"https:\\\/\\\/informelitoral.com.ar\\\/%77%70%2d%63%6f%6e%74%65%6e%74\\\/uploads\\\/2022\\\/09\\\/b537b73c-41b7-3eca-8b17-77fbfd665862.jpg\",\"contentUrl\":\"https:\\\/\\\/informelitoral.com.ar\\\/%77%70%2d%63%6f%6e%74%65%6e%74\\\/uploads\\\/2022\\\/09\\\/b537b73c-41b7-3eca-8b17-77fbfd665862.jpg\",\"width\":928,\"height\":522},{\"@type\":\"BreadcrumbList\",\"@id\":\"https:\\\/\\\/informelitoral.com.ar\\\/programa-de-empleo-industrial-entrerriano-quienes-pueden-acceder-y-que-beneficio-obtienen\\\/#breadcrumb\",\"itemListElement\":[{\"@type\":\"ListItem\",\"position\":1,\"name\":\"Portada\",\"item\":\"https:\\\/\\\/informelitoral.com.ar\\\/\"},{\"@type\":\"ListItem\",\"position\":2,\"name\":\"Programa de Empleo Industrial Entrerriano: qui\u00e9nes pueden acceder y qu\u00e9 beneficio obtienen\"}]},{\"@type\":\"WebSite\",\"@id\":\"https:\\\/\\\/informelitoral.com.ar\\\/#website\",\"url\":\"https:\\\/\\\/informelitoral.com.ar\\\/\",\"name\":\"Informe Litoral\",\"description\":\"&quot;Nos informamos&quot; \",\"publisher\":{\"@id\":\"https:\\\/\\\/informelitoral.com.ar\\\/#organization\"},\"potentialAction\":[{\"@type\":\"SearchAction\",\"target\":{\"@type\":\"EntryPoint\",\"urlTemplate\":\"https:\\\/\\\/informelitoral.com.ar\\\/?s={search_term_string}\"},\"query-input\":{\"@type\":\"PropertyValueSpecification\",\"valueRequired\":true,\"valueName\":\"search_term_string\"}}],\"inLanguage\":\"es\"},{\"@type\":\"Organization\",\"@id\":\"https:\\\/\\\/informelitoral.com.ar\\\/#organization\",\"name\":\"Informe Litoral\",\"url\":\"https:\\\/\\\/informelitoral.com.ar\\\/\",\"logo\":{\"@type\":\"ImageObject\",\"inLanguage\":\"es\",\"@id\":\"https:\\\/\\\/informelitoral.com.ar\\\/#\\\/schema\\\/logo\\\/image\\\/\",\"url\":\"https:\\\/\\\/informelitoral.com.ar\\\/%77%70%2d%63%6f%6e%74%65%6e%74\\\/uploads\\\/2021\\\/01\\\/circulo.png\",\"contentUrl\":\"https:\\\/\\\/informelitoral.com.ar\\\/%77%70%2d%63%6f%6e%74%65%6e%74\\\/uploads\\\/2021\\\/01\\\/circulo.png\",\"width\":723,\"height\":731,\"caption\":\"Informe Litoral\"},\"image\":{\"@id\":\"https:\\\/\\\/informelitoral.com.ar\\\/#\\\/schema\\\/logo\\\/image\\\/\"},\"sameAs\":[\"https:\\\/\\\/www.facebook.com\\\/informelitoral\\\/\",\"https:\\\/\\\/x.com\\\/InformeLitoral\",\"https:\\\/\\\/www.instagram.com\\\/informelitoral\\\/\",\"https:\\\/\\\/www.youtube.com\\\/channel\\\/UCua4Qvz8Icb6MYqhoq9xLXw\"]},{\"@type\":\"Person\",\"@id\":\"https:\\\/\\\/informelitoral.com.ar\\\/#\\\/schema\\\/person\\\/b9d00407c836482871ef1d57bf8e3180\",\"name\":\"Gonzalo Schmidt\",\"image\":{\"@type\":\"ImageObject\",\"inLanguage\":\"es\",\"@id\":\"https:\\\/\\\/secure.gravatar.com\\\/avatar\\\/31a1a7b66ff2de83bd0e9fd79d026630d2d99e55e8bfe501287647b4fd9743de?s=96&d=mm&r=g\",\"url\":\"https:\\\/\\\/secure.gravatar.com\\\/avatar\\\/31a1a7b66ff2de83bd0e9fd79d026630d2d99e55e8bfe501287647b4fd9743de?s=96&d=mm&r=g\",\"contentUrl\":\"https:\\\/\\\/secure.gravatar.com\\\/avatar\\\/31a1a7b66ff2de83bd0e9fd79d026630d2d99e55e8bfe501287647b4fd9743de?s=96&d=mm&r=g\",\"caption\":\"Gonzalo Schmidt\"},\"description\":\"Sitio web de noticias de la provincia de Entre R\u00edos, Argentina. Informaci\u00f3n y entretenimiento. Informe Litoral, nos informamos.\",\"sameAs\":[\"http:\\\/\\\/www.isletasnoticias.com.ar\"],\"url\":\"https:\\\/\\\/informelitoral.com.ar\\\/author\\\/gonzalo\\\/\"}]}<\/script>","yoast_head_json":{"title":"Programa de Empleo Industrial Entrerriano: qui\u00e9nes pueden acceder y qu\u00e9 beneficio obtienen - Informe Litoral","robots":{"index":"index","follow":"follow","max-snippet":"max-snippet:-1","max-image-preview":"max-image-preview:large","max-video-preview":"max-video-preview:-1"},"canonical":"https:\/\/informelitoral.com.ar\/programa-de-empleo-industrial-entrerriano-quienes-pueden-acceder-y-que-beneficio-obtienen\/","og_locale":"es_ES","og_type":"article","og_title":"Programa de Empleo Industrial Entrerriano: qui\u00e9nes pueden acceder y qu\u00e9 beneficio obtienen - Informe Litoral","og_description":"El Programa de Promoci\u00f3n Industrial Entrerriano contin\u00faa vigente y hay tiempo hasta el 31 de enero de 2023 para que las empresas puedan adherir. Se trata de una herramienta lanzada por el Gobierno provincial en conjunto con la Uni\u00f3n Industrial de Entre R\u00edos (UIER), que busca generar 1.500 puestos de trabajo.","og_url":"https:\/\/informelitoral.com.ar\/programa-de-empleo-industrial-entrerriano-quienes-pueden-acceder-y-que-beneficio-obtienen\/","og_site_name":"Informe Litoral","article_publisher":"https:\/\/www.facebook.com\/informelitoral\/","article_published_time":"2022-09-20T22:46:10+00:00","og_image":[{"width":928,"height":522,"url":"https:\/\/informelitoral.com.ar\/%77%70%2d%63%6f%6e%74%65%6e%74\/uploads\/2022\/09\/b537b73c-41b7-3eca-8b17-77fbfd665862.jpg","type":"image\/jpeg"}],"author":"Gonzalo Schmidt","twitter_card":"summary_large_image","twitter_creator":"@InformeLitoral","twitter_site":"@InformeLitoral","twitter_misc":{"Escrito por":"Gonzalo Schmidt","Tiempo de lectura":"2 minutos"},"schema":{"@context":"https:\/\/schema.org","@graph":[{"@type":"Article","@id":"https:\/\/informelitoral.com.ar\/programa-de-empleo-industrial-entrerriano-quienes-pueden-acceder-y-que-beneficio-obtienen\/#article","isPartOf":{"@id":"https:\/\/informelitoral.com.ar\/programa-de-empleo-industrial-entrerriano-quienes-pueden-acceder-y-que-beneficio-obtienen\/"},"author":{"name":"Gonzalo Schmidt","@id":"https:\/\/informelitoral.com.ar\/#\/schema\/person\/b9d00407c836482871ef1d57bf8e3180"},"headline":"Programa de Empleo Industrial Entrerriano: qui\u00e9nes pueden acceder y qu\u00e9 beneficio obtienen","datePublished":"2022-09-20T22:46:10+00:00","mainEntityOfPage":{"@id":"https:\/\/informelitoral.com.ar\/programa-de-empleo-industrial-entrerriano-quienes-pueden-acceder-y-que-beneficio-obtienen\/"},"wordCount":367,"commentCount":0,"publisher":{"@id":"https:\/\/informelitoral.com.ar\/#organization"},"image":{"@id":"https:\/\/informelitoral.com.ar\/programa-de-empleo-industrial-entrerriano-quienes-pueden-acceder-y-que-beneficio-obtienen\/#primaryimage"},"thumbnailUrl":"https:\/\/informelitoral.com.ar\/%77%70%2d%63%6f%6e%74%65%6e%74\/uploads\/2022\/09\/b537b73c-41b7-3eca-8b17-77fbfd665862.jpg","keywords":["Entre R\u00edos","Industria","Uier"],"articleSection":["Econom\u00eda","Entre R\u00edos"],"inLanguage":"es","potentialAction":[{"@type":"CommentAction","name":"Comment","target":["https:\/\/informelitoral.com.ar\/programa-de-empleo-industrial-entrerriano-quienes-pueden-acceder-y-que-beneficio-obtienen\/#respond"]}]},{"@type":"WebPage","@id":"https:\/\/informelitoral.com.ar\/programa-de-empleo-industrial-entrerriano-quienes-pueden-acceder-y-que-beneficio-obtienen\/","url":"https:\/\/informelitoral.com.ar\/programa-de-empleo-industrial-entrerriano-quienes-pueden-acceder-y-que-beneficio-obtienen\/","name":"Programa de Empleo Industrial Entrerriano: qui\u00e9nes pueden acceder y qu\u00e9 beneficio obtienen - Informe Litoral","isPartOf":{"@id":"https:\/\/informelitoral.com.ar\/#website"},"primaryImageOfPage":{"@id":"https:\/\/informelitoral.com.ar\/programa-de-empleo-industrial-entrerriano-quienes-pueden-acceder-y-que-beneficio-obtienen\/#primaryimage"},"image":{"@id":"https:\/\/informelitoral.com.ar\/programa-de-empleo-industrial-entrerriano-quienes-pueden-acceder-y-que-beneficio-obtienen\/#primaryimage"},"thumbnailUrl":"https:\/\/informelitoral.com.ar\/%77%70%2d%63%6f%6e%74%65%6e%74\/uploads\/2022\/09\/b537b73c-41b7-3eca-8b17-77fbfd665862.jpg","datePublished":"2022-09-20T22:46:10+00:00","breadcrumb":{"@id":"https:\/\/informelitoral.com.ar\/programa-de-empleo-industrial-entrerriano-quienes-pueden-acceder-y-que-beneficio-obtienen\/#breadcrumb"},"inLanguage":"es","potentialAction":[{"@type":"ReadAction","target":["https:\/\/informelitoral.com.ar\/programa-de-empleo-industrial-entrerriano-quienes-pueden-acceder-y-que-beneficio-obtienen\/"]}]},{"@type":"ImageObject","inLanguage":"es","@id":"https:\/\/informelitoral.com.ar\/programa-de-empleo-industrial-entrerriano-quienes-pueden-acceder-y-que-beneficio-obtienen\/#primaryimage","url":"https:\/\/informelitoral.com.ar\/%77%70%2d%63%6f%6e%74%65%6e%74\/uploads\/2022\/09\/b537b73c-41b7-3eca-8b17-77fbfd665862.jpg","contentUrl":"https:\/\/informelitoral.com.ar\/%77%70%2d%63%6f%6e%74%65%6e%74\/uploads\/2022\/09\/b537b73c-41b7-3eca-8b17-77fbfd665862.jpg","width":928,"height":522},{"@type":"BreadcrumbList","@id":"https:\/\/informelitoral.com.ar\/programa-de-empleo-industrial-entrerriano-quienes-pueden-acceder-y-que-beneficio-obtienen\/#breadcrumb","itemListElement":[{"@type":"ListItem","position":1,"name":"Portada","item":"https:\/\/informelitoral.com.ar\/"},{"@type":"ListItem","position":2,"name":"Programa de Empleo Industrial Entrerriano: qui\u00e9nes pueden acceder y qu\u00e9 beneficio obtienen"}]},{"@type":"WebSite","@id":"https:\/\/informelitoral.com.ar\/#website","url":"https:\/\/informelitoral.com.ar\/","name":"Informe Litoral","description":"&quot;Nos informamos&quot; ","publisher":{"@id":"https:\/\/informelitoral.com.ar\/#organization"},"potentialAction":[{"@type":"SearchAction","target":{"@type":"EntryPoint","urlTemplate":"https:\/\/informelitoral.com.ar\/?s={search_term_string}"},"query-input":{"@type":"PropertyValueSpecification","valueRequired":true,"valueName":"search_term_string"}}],"inLanguage":"es"},{"@type":"Organization","@id":"https:\/\/informelitoral.com.ar\/#organization","name":"Informe Litoral","url":"https:\/\/informelitoral.com.ar\/","logo":{"@type":"ImageObject","inLanguage":"es","@id":"https:\/\/informelitoral.com.ar\/#\/schema\/logo\/image\/","url":"https:\/\/informelitoral.com.ar\/%77%70%2d%63%6f%6e%74%65%6e%74\/uploads\/2021\/01\/circulo.png","contentUrl":"https:\/\/informelitoral.com.ar\/%77%70%2d%63%6f%6e%74%65%6e%74\/uploads\/2021\/01\/circulo.png","width":723,"height":731,"caption":"Informe Litoral"},"image":{"@id":"https:\/\/informelitoral.com.ar\/#\/schema\/logo\/image\/"},"sameAs":["https:\/\/www.facebook.com\/informelitoral\/","https:\/\/x.com\/InformeLitoral","https:\/\/www.instagram.com\/informelitoral\/","https:\/\/www.youtube.com\/channel\/UCua4Qvz8Icb6MYqhoq9xLXw"]},{"@type":"Person","@id":"https:\/\/informelitoral.com.ar\/#\/schema\/person\/b9d00407c836482871ef1d57bf8e3180","name":"Gonzalo Schmidt","image":{"@type":"ImageObject","inLanguage":"es","@id":"https:\/\/secure.gravatar.com\/avatar\/31a1a7b66ff2de83bd0e9fd79d026630d2d99e55e8bfe501287647b4fd9743de?s=96&d=mm&r=g","url":"https:\/\/secure.gravatar.com\/avatar\/31a1a7b66ff2de83bd0e9fd79d026630d2d99e55e8bfe501287647b4fd9743de?s=96&d=mm&r=g","contentUrl":"https:\/\/secure.gravatar.com\/avatar\/31a1a7b66ff2de83bd0e9fd79d026630d2d99e55e8bfe501287647b4fd9743de?s=96&d=mm&r=g","caption":"Gonzalo Schmidt"},"description":"Sitio web de noticias de la provincia de Entre R\u00edos, Argentina. Informaci\u00f3n y entretenimiento. Informe Litoral, nos informamos.","sameAs":["http:\/\/www.isletasnoticias.com.ar"],"url":"https:\/\/informelitoral.com.ar\/author\/gonzalo\/"}]}},"_links":{"self":[{"href":"https:\/\/informelitoral.com.ar\/%77%70%2d%6a%73%6f%6e\/wp\/v2\/posts\/87429","targetHints":{"allow":["GET"]}}],"collection":[{"href":"https:\/\/informelitoral.com.ar\/%77%70%2d%6a%73%6f%6e\/wp\/v2\/posts"}],"about":[{"href":"https:\/\/informelitoral.com.ar\/%77%70%2d%6a%73%6f%6e\/wp\/v2\/types\/post"}],"author":[{"embeddable":true,"href":"https:\/\/informelitoral.com.ar\/%77%70%2d%6a%73%6f%6e\/wp\/v2\/users\/2"}],"replies":[{"embeddable":true,"href":"https:\/\/informelitoral.com.ar\/%77%70%2d%6a%73%6f%6e\/wp\/v2\/comments?post=87429"}],"version-history":[{"count":0,"href":"https:\/\/informelitoral.com.ar\/%77%70%2d%6a%73%6f%6e\/wp\/v2\/posts\/87429\/revisions"}],"wp:featuredmedia":[{"embeddable":true,"href":"https:\/\/informelitoral.com.ar\/%77%70%2d%6a%73%6f%6e\/wp\/v2\/media\/87430"}],"wp:attachment":[{"href":"https:\/\/informelitoral.com.ar\/%77%70%2d%6a%73%6f%6e\/wp\/v2\/media?parent=87429"}],"wp:term":[{"taxonomy":"category","embeddable":true,"href":"https:\/\/informelitoral.com.ar\/%77%70%2d%6a%73%6f%6e\/wp\/v2\/categories?post=87429"},{"taxonomy":"post_tag","embeddable":true,"href":"https:\/\/informelitoral.com.ar\/%77%70%2d%6a%73%6f%6e\/wp\/v2\/tags?post=87429"}],"curies":[{"name":"wp","href":"https:\/\/api.w.org\/{rel}","templated":true}]}}