{"id":8736,"date":"2014-10-27T11:35:30","date_gmt":"2014-10-27T14:35:30","guid":{"rendered":"http:\/\/www.isletasnoticias.com.ar\/?p=8736"},"modified":"2014-10-27T11:35:30","modified_gmt":"2014-10-27T14:35:30","slug":"interna-en-la-ucr-sosa-le-gano-a-troncoso-en-una-relacion-de-tres-a-uno","status":"publish","type":"post","link":"https:\/\/informelitoral.com.ar\/interna-en-la-ucr-sosa-le-gano-a-troncoso-en-una-relacion-de-tres-a-uno\/","title":{"rendered":"Interna en la UCR: Sosa le gan\u00f3 a Troncoso en una relaci\u00f3n de tres a uno"},"content":{"rendered":"<p><strong>El nuevo presidente de la UCR obtuvo casi el 75 % de los votos en la interna de este domingo. Troncoso s\u00f3lo gan\u00f3 tres departamentos. <em>Los n\u00fameros distrito por distrito.<a href=\"http:\/\/www.isletasnoticias.com.ar\/%77%70%2d%63%6f%6e%74%65%6e%74\/uploads\/2014\/10\/o_1414198218.jpg\"><img loading=\"lazy\" decoding=\"async\" class=\"aligncenter size-medium wp-image-8737\" src=\"http:\/\/www.isletasnoticias.com.ar\/%77%70%2d%63%6f%6e%74%65%6e%74\/uploads\/2014\/10\/o_1414198218-300x175.jpg\" alt=\"o_1414198218\" width=\"300\" height=\"175\" srcset=\"https:\/\/informelitoral.com.ar\/%77%70%2d%63%6f%6e%74%65%6e%74\/uploads\/2014\/10\/o_1414198218-300x175.jpg 300w, https:\/\/informelitoral.com.ar\/%77%70%2d%63%6f%6e%74%65%6e%74\/uploads\/2014\/10\/o_1414198218.jpg 600w\" sizes=\"auto, (max-width: 300px) 100vw, 300px\" \/><\/a><\/em><\/strong><\/p>\n<p>La lista Unidad Radical, que se constituy\u00f3 luego de una alianza entre la Corriente Illia (Atilio Benedetti) y Alternativa Radical Entrerriana (Fabi\u00e1n Rogel y Sergio Varisco), se impuso ante la propuesta que encabez\u00f3 el intendente de Maci\u00e1, Ricardo Troncoso, con la n\u00f3mina \u201cRecuperaci\u00f3n y cambio\u201d. \u00c9ste \u00faltimo, que contaba con el respaldo de una buena parte de los intendentes, perdi\u00f3 el Comit\u00e9 Provincial con Fuad Sosa, que reemplazar\u00e1 a Jorge D\u2019 Agostino.<\/p>\n<p>Sosa se impuso en todos los departamentos, menos en Tala, Federaci\u00f3n y Paran\u00e1 Campa\u00f1a.<\/p>\n<p><b>Departamento por departamento<\/b><\/p>\n<p>-Paran\u00e1 Ciudad: Sosa: 2.094, Troncoso: 417<\/p>\n<p>-Paran\u00e1 Campa\u00f1a: Troncoso: 440, Sosa: 346<\/p>\n<p>-La Paz: Sosa: 819, Troncoso: 462<\/p>\n<p>-Diamante: Sosa: 562, Troncoso: 57<\/p>\n<p>-Nogoy\u00e1: Sosa: 462, Troncoso: 197<\/p>\n<p>-Gualeguay: Sosa: 355, Troncoso: 19<\/p>\n<p>-Tala: Troncoso: 467, Sosa: 99<\/p>\n<p>-Uruguay: Sosa: 559, Troncoso: 192<\/p>\n<p>-Gualeguaych\u00fa: Sosa: 406,Troncoso: 130<\/p>\n<p>-Islas: Sosa: 160, Troncoso: 99<\/p>\n<p>-Villaguay: Sosa: 227, Troncoso: 163<\/p>\n<p>-Federal: Sosa: 582, Troncoso: 14<\/p>\n<p>-Col\u00f3n: Sosa: 338, Troncoso: 46<\/p>\n<p>-Feliciano: Sosa: 171,Troncoso: 24<\/p>\n<p>-Federaci\u00f3n: Troncoso: 831, Sosa: 592<\/p>\n<p>-San Salvador: Sosa: 74, Troncoso: 42<\/p>\n<p>-Victoria: Sosa 297, Troncoso 45<\/p>\n<p>No hab\u00eda datos de Concordia, debido a que problemas en unas mesas demoraron el env\u00edo de los resultados. Se hablaba de un virtual empate. En cualquier caso, los ajustes en los n\u00fameros no modifican el resultado general, que le da un c\u00f3modo triunfo a Sosa. El porcentaje general obtenido se acerca al 75%, lo que arroja una relaci\u00f3n de tres a uno sobre la lista de Troncoso.<em>(P\u00e1gina Pol\u00edtica)<\/em><\/p>\n","protected":false},"excerpt":{"rendered":"<p>El nuevo presidente de la UCR obtuvo casi el 75 % de los votos en la interna de este domingo. Troncoso s&oacute;lo gan&oacute; tres departamentos. Los n&uacute;meros distrito por distrito. La lista Unidad Radical, que se constituy&oacute; luego de una alianza entre la Corriente Illia (Atilio Benedetti) y Alternativa Radical Entrerriana (Fabi&aacute;n Rogel y Sergio [&hellip;]<\/p>\n","protected":false},"author":2,"featured_media":0,"comment_status":"open","ping_status":"open","sticky":false,"template":"","format":"standard","meta":{"fifu_image_url":"","fifu_image_alt":"","footnotes":""},"categories":[6,16],"tags":[],"class_list":{"0":"post-8736","1":"post","2":"type-post","3":"status-publish","4":"format-standard","6":"category-entre-rios","7":"category-politi"},"yoast_head":"<title>Interna en la UCR: Sosa le gan\u00f3 a Troncoso en una relaci\u00f3n de tres a uno - Informe Litoral<\/title>\n<meta name=\"robots\" content=\"index, follow, max-snippet:-1, max-image-preview:large, max-video-preview:-1\" \/>\n<link rel=\"canonical\" href=\"https:\/\/informelitoral.com.ar\/interna-en-la-ucr-sosa-le-gano-a-troncoso-en-una-relacion-de-tres-a-uno\/\" \/>\n<meta property=\"og:locale\" content=\"es_ES\" \/>\n<meta property=\"og:type\" content=\"article\" \/>\n<meta property=\"og:title\" content=\"Interna en la UCR: Sosa le gan\u00f3 a Troncoso en una relaci\u00f3n de tres a uno - Informe Litoral\" \/>\n<meta property=\"og:description\" content=\"El nuevo presidente de la UCR obtuvo casi el 75 % de los votos en la interna de este domingo. Troncoso s&oacute;lo gan&oacute; tres departamentos. Los n&uacute;meros distrito por distrito. La lista Unidad Radical, que se constituy&oacute; luego de una alianza entre la Corriente Illia (Atilio Benedetti) y Alternativa Radical Entrerriana (Fabi&aacute;n Rogel y Sergio [&hellip;]\" \/>\n<meta property=\"og:url\" content=\"https:\/\/informelitoral.com.ar\/interna-en-la-ucr-sosa-le-gano-a-troncoso-en-una-relacion-de-tres-a-uno\/\" \/>\n<meta property=\"og:site_name\" content=\"Informe Litoral\" \/>\n<meta property=\"article:publisher\" content=\"https:\/\/www.facebook.com\/informelitoral\/\" \/>\n<meta property=\"article:published_time\" content=\"2014-10-27T14:35:30+00:00\" \/>\n<meta property=\"og:image\" content=\"https:\/\/informelitoral.com.ar\/%77%70%2d%63%6f%6e%74%65%6e%74\/uploads\/2014\/10\/o_1414198218.jpg\" \/>\n\t<meta property=\"og:image:width\" content=\"600\" \/>\n\t<meta property=\"og:image:height\" content=\"350\" \/>\n\t<meta property=\"og:image:type\" content=\"image\/jpeg\" \/>\n<meta name=\"author\" content=\"Gonzalo Schmidt\" \/>\n<meta name=\"twitter:card\" content=\"summary_large_image\" \/>\n<meta name=\"twitter:creator\" content=\"@InformeLitoral\" \/>\n<meta name=\"twitter:site\" content=\"@InformeLitoral\" \/>\n<meta name=\"twitter:label1\" content=\"Escrito por\" \/>\n\t<meta name=\"twitter:data1\" content=\"Gonzalo Schmidt\" \/>\n\t<meta name=\"twitter:label2\" content=\"Tiempo de lectura\" \/>\n\t<meta name=\"twitter:data2\" content=\"1 minuto\" \/>\n<script type=\"application\/ld+json\" class=\"yoast-schema-graph\">{\"@context\":\"https:\\\/\\\/schema.org\",\"@graph\":[{\"@type\":\"Article\",\"@id\":\"https:\\\/\\\/informelitoral.com.ar\\\/interna-en-la-ucr-sosa-le-gano-a-troncoso-en-una-relacion-de-tres-a-uno\\\/#article\",\"isPartOf\":{\"@id\":\"https:\\\/\\\/informelitoral.com.ar\\\/interna-en-la-ucr-sosa-le-gano-a-troncoso-en-una-relacion-de-tres-a-uno\\\/\"},\"author\":{\"name\":\"Gonzalo Schmidt\",\"@id\":\"https:\\\/\\\/informelitoral.com.ar\\\/#\\\/schema\\\/person\\\/b9d00407c836482871ef1d57bf8e3180\"},\"headline\":\"Interna en la UCR: Sosa le gan\u00f3 a Troncoso en una relaci\u00f3n de tres a uno\",\"datePublished\":\"2014-10-27T14:35:30+00:00\",\"mainEntityOfPage\":{\"@id\":\"https:\\\/\\\/informelitoral.com.ar\\\/interna-en-la-ucr-sosa-le-gano-a-troncoso-en-una-relacion-de-tres-a-uno\\\/\"},\"wordCount\":274,\"commentCount\":0,\"publisher\":{\"@id\":\"https:\\\/\\\/informelitoral.com.ar\\\/#organization\"},\"image\":{\"@id\":\"https:\\\/\\\/informelitoral.com.ar\\\/interna-en-la-ucr-sosa-le-gano-a-troncoso-en-una-relacion-de-tres-a-uno\\\/#primaryimage\"},\"thumbnailUrl\":\"http:\\\/\\\/www.isletasnoticias.com.ar\\\/%77%70%2d%63%6f%6e%74%65%6e%74\\\/uploads\\\/2014\\\/10\\\/o_1414198218-300x175.jpg\",\"articleSection\":[\"Entre R\u00edos\",\"Politica\"],\"inLanguage\":\"es\",\"potentialAction\":[{\"@type\":\"CommentAction\",\"name\":\"Comment\",\"target\":[\"https:\\\/\\\/informelitoral.com.ar\\\/interna-en-la-ucr-sosa-le-gano-a-troncoso-en-una-relacion-de-tres-a-uno\\\/#respond\"]}]},{\"@type\":\"WebPage\",\"@id\":\"https:\\\/\\\/informelitoral.com.ar\\\/interna-en-la-ucr-sosa-le-gano-a-troncoso-en-una-relacion-de-tres-a-uno\\\/\",\"url\":\"https:\\\/\\\/informelitoral.com.ar\\\/interna-en-la-ucr-sosa-le-gano-a-troncoso-en-una-relacion-de-tres-a-uno\\\/\",\"name\":\"Interna en la UCR: Sosa le gan\u00f3 a Troncoso en una relaci\u00f3n de tres a uno - Informe Litoral\",\"isPartOf\":{\"@id\":\"https:\\\/\\\/informelitoral.com.ar\\\/#website\"},\"primaryImageOfPage\":{\"@id\":\"https:\\\/\\\/informelitoral.com.ar\\\/interna-en-la-ucr-sosa-le-gano-a-troncoso-en-una-relacion-de-tres-a-uno\\\/#primaryimage\"},\"image\":{\"@id\":\"https:\\\/\\\/informelitoral.com.ar\\\/interna-en-la-ucr-sosa-le-gano-a-troncoso-en-una-relacion-de-tres-a-uno\\\/#primaryimage\"},\"thumbnailUrl\":\"http:\\\/\\\/www.isletasnoticias.com.ar\\\/%77%70%2d%63%6f%6e%74%65%6e%74\\\/uploads\\\/2014\\\/10\\\/o_1414198218-300x175.jpg\",\"datePublished\":\"2014-10-27T14:35:30+00:00\",\"breadcrumb\":{\"@id\":\"https:\\\/\\\/informelitoral.com.ar\\\/interna-en-la-ucr-sosa-le-gano-a-troncoso-en-una-relacion-de-tres-a-uno\\\/#breadcrumb\"},\"inLanguage\":\"es\",\"potentialAction\":[{\"@type\":\"ReadAction\",\"target\":[\"https:\\\/\\\/informelitoral.com.ar\\\/interna-en-la-ucr-sosa-le-gano-a-troncoso-en-una-relacion-de-tres-a-uno\\\/\"]}]},{\"@type\":\"ImageObject\",\"inLanguage\":\"es\",\"@id\":\"https:\\\/\\\/informelitoral.com.ar\\\/interna-en-la-ucr-sosa-le-gano-a-troncoso-en-una-relacion-de-tres-a-uno\\\/#primaryimage\",\"url\":\"http:\\\/\\\/www.isletasnoticias.com.ar\\\/%77%70%2d%63%6f%6e%74%65%6e%74\\\/uploads\\\/2014\\\/10\\\/o_1414198218-300x175.jpg\",\"contentUrl\":\"http:\\\/\\\/www.isletasnoticias.com.ar\\\/%77%70%2d%63%6f%6e%74%65%6e%74\\\/uploads\\\/2014\\\/10\\\/o_1414198218-300x175.jpg\"},{\"@type\":\"BreadcrumbList\",\"@id\":\"https:\\\/\\\/informelitoral.com.ar\\\/interna-en-la-ucr-sosa-le-gano-a-troncoso-en-una-relacion-de-tres-a-uno\\\/#breadcrumb\",\"itemListElement\":[{\"@type\":\"ListItem\",\"position\":1,\"name\":\"Portada\",\"item\":\"https:\\\/\\\/informelitoral.com.ar\\\/\"},{\"@type\":\"ListItem\",\"position\":2,\"name\":\"Interna en la UCR: Sosa le gan\u00f3 a Troncoso en una relaci\u00f3n de tres a uno\"}]},{\"@type\":\"WebSite\",\"@id\":\"https:\\\/\\\/informelitoral.com.ar\\\/#website\",\"url\":\"https:\\\/\\\/informelitoral.com.ar\\\/\",\"name\":\"Informe Litoral\",\"description\":\"&quot;Nos informamos&quot; \",\"publisher\":{\"@id\":\"https:\\\/\\\/informelitoral.com.ar\\\/#organization\"},\"potentialAction\":[{\"@type\":\"SearchAction\",\"target\":{\"@type\":\"EntryPoint\",\"urlTemplate\":\"https:\\\/\\\/informelitoral.com.ar\\\/?s={search_term_string}\"},\"query-input\":{\"@type\":\"PropertyValueSpecification\",\"valueRequired\":true,\"valueName\":\"search_term_string\"}}],\"inLanguage\":\"es\"},{\"@type\":\"Organization\",\"@id\":\"https:\\\/\\\/informelitoral.com.ar\\\/#organization\",\"name\":\"Informe Litoral\",\"url\":\"https:\\\/\\\/informelitoral.com.ar\\\/\",\"logo\":{\"@type\":\"ImageObject\",\"inLanguage\":\"es\",\"@id\":\"https:\\\/\\\/informelitoral.com.ar\\\/#\\\/schema\\\/logo\\\/image\\\/\",\"url\":\"https:\\\/\\\/informelitoral.com.ar\\\/%77%70%2d%63%6f%6e%74%65%6e%74\\\/uploads\\\/2021\\\/01\\\/circulo.png\",\"contentUrl\":\"https:\\\/\\\/informelitoral.com.ar\\\/%77%70%2d%63%6f%6e%74%65%6e%74\\\/uploads\\\/2021\\\/01\\\/circulo.png\",\"width\":723,\"height\":731,\"caption\":\"Informe Litoral\"},\"image\":{\"@id\":\"https:\\\/\\\/informelitoral.com.ar\\\/#\\\/schema\\\/logo\\\/image\\\/\"},\"sameAs\":[\"https:\\\/\\\/www.facebook.com\\\/informelitoral\\\/\",\"https:\\\/\\\/x.com\\\/InformeLitoral\",\"https:\\\/\\\/www.instagram.com\\\/informelitoral\\\/\",\"https:\\\/\\\/www.youtube.com\\\/channel\\\/UCua4Qvz8Icb6MYqhoq9xLXw\"]},{\"@type\":\"Person\",\"@id\":\"https:\\\/\\\/informelitoral.com.ar\\\/#\\\/schema\\\/person\\\/b9d00407c836482871ef1d57bf8e3180\",\"name\":\"Gonzalo Schmidt\",\"image\":{\"@type\":\"ImageObject\",\"inLanguage\":\"es\",\"@id\":\"https:\\\/\\\/secure.gravatar.com\\\/avatar\\\/31a1a7b66ff2de83bd0e9fd79d026630d2d99e55e8bfe501287647b4fd9743de?s=96&d=mm&r=g\",\"url\":\"https:\\\/\\\/secure.gravatar.com\\\/avatar\\\/31a1a7b66ff2de83bd0e9fd79d026630d2d99e55e8bfe501287647b4fd9743de?s=96&d=mm&r=g\",\"contentUrl\":\"https:\\\/\\\/secure.gravatar.com\\\/avatar\\\/31a1a7b66ff2de83bd0e9fd79d026630d2d99e55e8bfe501287647b4fd9743de?s=96&d=mm&r=g\",\"caption\":\"Gonzalo Schmidt\"},\"description\":\"Sitio web de noticias de la provincia de Entre R\u00edos, Argentina. Informaci\u00f3n y entretenimiento. Informe Litoral, nos informamos.\",\"sameAs\":[\"http:\\\/\\\/www.isletasnoticias.com.ar\"],\"url\":\"https:\\\/\\\/informelitoral.com.ar\\\/author\\\/gonzalo\\\/\"}]}<\/script>","yoast_head_json":{"title":"Interna en la UCR: Sosa le gan\u00f3 a Troncoso en una relaci\u00f3n de tres a uno - Informe Litoral","robots":{"index":"index","follow":"follow","max-snippet":"max-snippet:-1","max-image-preview":"max-image-preview:large","max-video-preview":"max-video-preview:-1"},"canonical":"https:\/\/informelitoral.com.ar\/interna-en-la-ucr-sosa-le-gano-a-troncoso-en-una-relacion-de-tres-a-uno\/","og_locale":"es_ES","og_type":"article","og_title":"Interna en la UCR: Sosa le gan\u00f3 a Troncoso en una relaci\u00f3n de tres a uno - Informe Litoral","og_description":"El nuevo presidente de la UCR obtuvo casi el 75 % de los votos en la interna de este domingo. Troncoso s&oacute;lo gan&oacute; tres departamentos. Los n&uacute;meros distrito por distrito. La lista Unidad Radical, que se constituy&oacute; luego de una alianza entre la Corriente Illia (Atilio Benedetti) y Alternativa Radical Entrerriana (Fabi&aacute;n Rogel y Sergio [&hellip;]","og_url":"https:\/\/informelitoral.com.ar\/interna-en-la-ucr-sosa-le-gano-a-troncoso-en-una-relacion-de-tres-a-uno\/","og_site_name":"Informe Litoral","article_publisher":"https:\/\/www.facebook.com\/informelitoral\/","article_published_time":"2014-10-27T14:35:30+00:00","og_image":[{"width":600,"height":350,"url":"https:\/\/informelitoral.com.ar\/%77%70%2d%63%6f%6e%74%65%6e%74\/uploads\/2014\/10\/o_1414198218.jpg","type":"image\/jpeg"}],"author":"Gonzalo Schmidt","twitter_card":"summary_large_image","twitter_creator":"@InformeLitoral","twitter_site":"@InformeLitoral","twitter_misc":{"Escrito por":"Gonzalo Schmidt","Tiempo de lectura":"1 minuto"},"schema":{"@context":"https:\/\/schema.org","@graph":[{"@type":"Article","@id":"https:\/\/informelitoral.com.ar\/interna-en-la-ucr-sosa-le-gano-a-troncoso-en-una-relacion-de-tres-a-uno\/#article","isPartOf":{"@id":"https:\/\/informelitoral.com.ar\/interna-en-la-ucr-sosa-le-gano-a-troncoso-en-una-relacion-de-tres-a-uno\/"},"author":{"name":"Gonzalo Schmidt","@id":"https:\/\/informelitoral.com.ar\/#\/schema\/person\/b9d00407c836482871ef1d57bf8e3180"},"headline":"Interna en la UCR: Sosa le gan\u00f3 a Troncoso en una relaci\u00f3n de tres a uno","datePublished":"2014-10-27T14:35:30+00:00","mainEntityOfPage":{"@id":"https:\/\/informelitoral.com.ar\/interna-en-la-ucr-sosa-le-gano-a-troncoso-en-una-relacion-de-tres-a-uno\/"},"wordCount":274,"commentCount":0,"publisher":{"@id":"https:\/\/informelitoral.com.ar\/#organization"},"image":{"@id":"https:\/\/informelitoral.com.ar\/interna-en-la-ucr-sosa-le-gano-a-troncoso-en-una-relacion-de-tres-a-uno\/#primaryimage"},"thumbnailUrl":"http:\/\/www.isletasnoticias.com.ar\/%77%70%2d%63%6f%6e%74%65%6e%74\/uploads\/2014\/10\/o_1414198218-300x175.jpg","articleSection":["Entre R\u00edos","Politica"],"inLanguage":"es","potentialAction":[{"@type":"CommentAction","name":"Comment","target":["https:\/\/informelitoral.com.ar\/interna-en-la-ucr-sosa-le-gano-a-troncoso-en-una-relacion-de-tres-a-uno\/#respond"]}]},{"@type":"WebPage","@id":"https:\/\/informelitoral.com.ar\/interna-en-la-ucr-sosa-le-gano-a-troncoso-en-una-relacion-de-tres-a-uno\/","url":"https:\/\/informelitoral.com.ar\/interna-en-la-ucr-sosa-le-gano-a-troncoso-en-una-relacion-de-tres-a-uno\/","name":"Interna en la UCR: Sosa le gan\u00f3 a Troncoso en una relaci\u00f3n de tres a uno - Informe Litoral","isPartOf":{"@id":"https:\/\/informelitoral.com.ar\/#website"},"primaryImageOfPage":{"@id":"https:\/\/informelitoral.com.ar\/interna-en-la-ucr-sosa-le-gano-a-troncoso-en-una-relacion-de-tres-a-uno\/#primaryimage"},"image":{"@id":"https:\/\/informelitoral.com.ar\/interna-en-la-ucr-sosa-le-gano-a-troncoso-en-una-relacion-de-tres-a-uno\/#primaryimage"},"thumbnailUrl":"http:\/\/www.isletasnoticias.com.ar\/%77%70%2d%63%6f%6e%74%65%6e%74\/uploads\/2014\/10\/o_1414198218-300x175.jpg","datePublished":"2014-10-27T14:35:30+00:00","breadcrumb":{"@id":"https:\/\/informelitoral.com.ar\/interna-en-la-ucr-sosa-le-gano-a-troncoso-en-una-relacion-de-tres-a-uno\/#breadcrumb"},"inLanguage":"es","potentialAction":[{"@type":"ReadAction","target":["https:\/\/informelitoral.com.ar\/interna-en-la-ucr-sosa-le-gano-a-troncoso-en-una-relacion-de-tres-a-uno\/"]}]},{"@type":"ImageObject","inLanguage":"es","@id":"https:\/\/informelitoral.com.ar\/interna-en-la-ucr-sosa-le-gano-a-troncoso-en-una-relacion-de-tres-a-uno\/#primaryimage","url":"http:\/\/www.isletasnoticias.com.ar\/%77%70%2d%63%6f%6e%74%65%6e%74\/uploads\/2014\/10\/o_1414198218-300x175.jpg","contentUrl":"http:\/\/www.isletasnoticias.com.ar\/%77%70%2d%63%6f%6e%74%65%6e%74\/uploads\/2014\/10\/o_1414198218-300x175.jpg"},{"@type":"BreadcrumbList","@id":"https:\/\/informelitoral.com.ar\/interna-en-la-ucr-sosa-le-gano-a-troncoso-en-una-relacion-de-tres-a-uno\/#breadcrumb","itemListElement":[{"@type":"ListItem","position":1,"name":"Portada","item":"https:\/\/informelitoral.com.ar\/"},{"@type":"ListItem","position":2,"name":"Interna en la UCR: Sosa le gan\u00f3 a Troncoso en una relaci\u00f3n de tres a uno"}]},{"@type":"WebSite","@id":"https:\/\/informelitoral.com.ar\/#website","url":"https:\/\/informelitoral.com.ar\/","name":"Informe Litoral","description":"&quot;Nos informamos&quot; ","publisher":{"@id":"https:\/\/informelitoral.com.ar\/#organization"},"potentialAction":[{"@type":"SearchAction","target":{"@type":"EntryPoint","urlTemplate":"https:\/\/informelitoral.com.ar\/?s={search_term_string}"},"query-input":{"@type":"PropertyValueSpecification","valueRequired":true,"valueName":"search_term_string"}}],"inLanguage":"es"},{"@type":"Organization","@id":"https:\/\/informelitoral.com.ar\/#organization","name":"Informe Litoral","url":"https:\/\/informelitoral.com.ar\/","logo":{"@type":"ImageObject","inLanguage":"es","@id":"https:\/\/informelitoral.com.ar\/#\/schema\/logo\/image\/","url":"https:\/\/informelitoral.com.ar\/%77%70%2d%63%6f%6e%74%65%6e%74\/uploads\/2021\/01\/circulo.png","contentUrl":"https:\/\/informelitoral.com.ar\/%77%70%2d%63%6f%6e%74%65%6e%74\/uploads\/2021\/01\/circulo.png","width":723,"height":731,"caption":"Informe Litoral"},"image":{"@id":"https:\/\/informelitoral.com.ar\/#\/schema\/logo\/image\/"},"sameAs":["https:\/\/www.facebook.com\/informelitoral\/","https:\/\/x.com\/InformeLitoral","https:\/\/www.instagram.com\/informelitoral\/","https:\/\/www.youtube.com\/channel\/UCua4Qvz8Icb6MYqhoq9xLXw"]},{"@type":"Person","@id":"https:\/\/informelitoral.com.ar\/#\/schema\/person\/b9d00407c836482871ef1d57bf8e3180","name":"Gonzalo Schmidt","image":{"@type":"ImageObject","inLanguage":"es","@id":"https:\/\/secure.gravatar.com\/avatar\/31a1a7b66ff2de83bd0e9fd79d026630d2d99e55e8bfe501287647b4fd9743de?s=96&d=mm&r=g","url":"https:\/\/secure.gravatar.com\/avatar\/31a1a7b66ff2de83bd0e9fd79d026630d2d99e55e8bfe501287647b4fd9743de?s=96&d=mm&r=g","contentUrl":"https:\/\/secure.gravatar.com\/avatar\/31a1a7b66ff2de83bd0e9fd79d026630d2d99e55e8bfe501287647b4fd9743de?s=96&d=mm&r=g","caption":"Gonzalo Schmidt"},"description":"Sitio web de noticias de la provincia de Entre R\u00edos, Argentina. Informaci\u00f3n y entretenimiento. Informe Litoral, nos informamos.","sameAs":["http:\/\/www.isletasnoticias.com.ar"],"url":"https:\/\/informelitoral.com.ar\/author\/gonzalo\/"}]}},"_links":{"self":[{"href":"https:\/\/informelitoral.com.ar\/%77%70%2d%6a%73%6f%6e\/wp\/v2\/posts\/8736","targetHints":{"allow":["GET"]}}],"collection":[{"href":"https:\/\/informelitoral.com.ar\/%77%70%2d%6a%73%6f%6e\/wp\/v2\/posts"}],"about":[{"href":"https:\/\/informelitoral.com.ar\/%77%70%2d%6a%73%6f%6e\/wp\/v2\/types\/post"}],"author":[{"embeddable":true,"href":"https:\/\/informelitoral.com.ar\/%77%70%2d%6a%73%6f%6e\/wp\/v2\/users\/2"}],"replies":[{"embeddable":true,"href":"https:\/\/informelitoral.com.ar\/%77%70%2d%6a%73%6f%6e\/wp\/v2\/comments?post=8736"}],"version-history":[{"count":0,"href":"https:\/\/informelitoral.com.ar\/%77%70%2d%6a%73%6f%6e\/wp\/v2\/posts\/8736\/revisions"}],"wp:attachment":[{"href":"https:\/\/informelitoral.com.ar\/%77%70%2d%6a%73%6f%6e\/wp\/v2\/media?parent=8736"}],"wp:term":[{"taxonomy":"category","embeddable":true,"href":"https:\/\/informelitoral.com.ar\/%77%70%2d%6a%73%6f%6e\/wp\/v2\/categories?post=8736"},{"taxonomy":"post_tag","embeddable":true,"href":"https:\/\/informelitoral.com.ar\/%77%70%2d%6a%73%6f%6e\/wp\/v2\/tags?post=8736"}],"curies":[{"name":"wp","href":"https:\/\/api.w.org\/{rel}","templated":true}]}}