{"id":87334,"date":"2022-09-20T08:52:09","date_gmt":"2022-09-20T11:52:09","guid":{"rendered":"https:\/\/www.informelitoral.com.ar\/?p=87334"},"modified":"2022-09-20T08:52:09","modified_gmt":"2022-09-20T11:52:09","slug":"bahillo-aclaro-que-los-productores-no-estan-incluidos-en-la-resolucion-del-bcra","status":"publish","type":"post","link":"https:\/\/informelitoral.com.ar\/bahillo-aclaro-que-los-productores-no-estan-incluidos-en-la-resolucion-del-bcra\/","title":{"rendered":"Bahillo aclar\u00f3 que los productores no est\u00e1n incluidos en la resoluci\u00f3n del BCRA"},"content":{"rendered":"<p>El secretario de Agricultura, Ganader\u00eda y Pesca, Juan Jos\u00e9 Bahillo, aclar\u00f3 esta noche que los productores no est\u00e1n incluidos en la norma del Banco Central que impide el acceso al mercado de cambios para la compra de moneda extranjera a quienes hayan vendido soja en el marco del Programa de Incremento Exportador.<\/p>\n<p>\u00abQuiero aclarar que la resoluci\u00f3n del @BancoCentral_AR no incluye a los productores y las productoras que con tanto esfuerzo vienen acompa\u00f1ando el Programa de Incremento Exportador\u00bb, se\u00f1al\u00f3 Bahillo a trav\u00e9s de su cuenta en la red social Twitter.<\/p>\n<p>Unos minutos despu\u00e9s de la publicaci\u00f3n del mensaje de Bahillo, el ministro de Econom\u00eda, Sergio Massa, replic\u00f3 el el tuit del secretario de Agricultura.<\/p>\n<p>Esta tarde, el Banco Central dispuso -a trav\u00e9s de la Comunicaci\u00f3n \u00abA\u00bb 7609- la medida comprende a \u00ablos clientes residentes en el pa\u00eds dedicados a la actividad agr\u00edcola que vendan mercader\u00edas en el marco del Decreto N\u00b0 576\/22\u00bb, que estableci\u00f3 el Programa de Incremento Exportador.<\/p>\n<p>Luego, en un comunicado de prensa, el organismo monetario precis\u00f3 que \u00ablos agentes econ\u00f3micos que hayan vendido soja en el marco del Programa de Incremento Exportador no podr\u00e1n acceder al mercado de cambios para compras de moneda extranjera ni tampoco realizar operaciones con t\u00edtulos y valores con liquidaci\u00f3n en moneda extranjera\u00bb.<\/p>\n<p>Y que la disposici\u00f3n estar\u00e1 vigente a partir de ma\u00f1ana, 20 de septiembre.<\/p>\n","protected":false},"excerpt":{"rendered":"<p>Los productores no est\u00e1n incluidos en la norma del Banco Central que impide el acceso al mercado de cambios para la compra de moneda extranjera a quienes hayan vendido soja en el marco del Programa de Incremento Exportador, indic\u00f3 Bahillo.<\/p>\n","protected":false},"author":8,"featured_media":86280,"comment_status":"open","ping_status":"open","sticky":false,"template":"","format":"standard","meta":{"fifu_image_url":"","fifu_image_alt":"","footnotes":""},"categories":[10],"tags":[1646],"class_list":{"0":"post-87334","1":"post","2":"type-post","3":"status-publish","4":"format-standard","5":"has-post-thumbnail","7":"category-campo","8":"tag-juan-jose-bahillo"},"yoast_head":"<title>Bahillo aclar\u00f3 que los productores no est\u00e1n incluidos en la resoluci\u00f3n del BCRA - Informe Litoral<\/title>\n<meta name=\"robots\" content=\"index, follow, max-snippet:-1, max-image-preview:large, max-video-preview:-1\" \/>\n<link rel=\"canonical\" href=\"https:\/\/informelitoral.com.ar\/bahillo-aclaro-que-los-productores-no-estan-incluidos-en-la-resolucion-del-bcra\/\" \/>\n<meta property=\"og:locale\" content=\"es_ES\" \/>\n<meta property=\"og:type\" content=\"article\" \/>\n<meta property=\"og:title\" content=\"Bahillo aclar\u00f3 que los productores no est\u00e1n incluidos en la resoluci\u00f3n del BCRA - Informe Litoral\" \/>\n<meta property=\"og:description\" content=\"Los productores no est\u00e1n incluidos en la norma del Banco Central que impide el acceso al mercado de cambios para la compra de moneda extranjera a quienes hayan vendido soja en el marco del Programa de Incremento Exportador, indic\u00f3 Bahillo.\" \/>\n<meta property=\"og:url\" content=\"https:\/\/informelitoral.com.ar\/bahillo-aclaro-que-los-productores-no-estan-incluidos-en-la-resolucion-del-bcra\/\" \/>\n<meta property=\"og:site_name\" content=\"Informe Litoral\" \/>\n<meta property=\"article:publisher\" content=\"https:\/\/www.facebook.com\/informelitoral\/\" \/>\n<meta property=\"article:published_time\" content=\"2022-09-20T11:52:09+00:00\" \/>\n<meta property=\"og:image\" content=\"https:\/\/informelitoral.com.ar\/%77%70%2d%63%6f%6e%74%65%6e%74\/uploads\/2022\/09\/juan-jose-bahillo-750x422-1.jpg\" \/>\n\t<meta property=\"og:image:width\" content=\"750\" \/>\n\t<meta property=\"og:image:height\" content=\"422\" \/>\n\t<meta property=\"og:image:type\" content=\"image\/jpeg\" \/>\n<meta name=\"author\" content=\"Sebastian\" \/>\n<meta name=\"twitter:card\" content=\"summary_large_image\" \/>\n<meta name=\"twitter:creator\" content=\"@InformeLitoral\" \/>\n<meta name=\"twitter:site\" content=\"@InformeLitoral\" \/>\n<meta name=\"twitter:label1\" content=\"Escrito por\" \/>\n\t<meta name=\"twitter:data1\" content=\"Sebastian\" \/>\n\t<meta name=\"twitter:label2\" content=\"Tiempo de lectura\" \/>\n\t<meta name=\"twitter:data2\" content=\"1 minuto\" \/>\n<script type=\"application\/ld+json\" class=\"yoast-schema-graph\">{\"@context\":\"https:\\\/\\\/schema.org\",\"@graph\":[{\"@type\":\"Article\",\"@id\":\"https:\\\/\\\/informelitoral.com.ar\\\/bahillo-aclaro-que-los-productores-no-estan-incluidos-en-la-resolucion-del-bcra\\\/#article\",\"isPartOf\":{\"@id\":\"https:\\\/\\\/informelitoral.com.ar\\\/bahillo-aclaro-que-los-productores-no-estan-incluidos-en-la-resolucion-del-bcra\\\/\"},\"author\":{\"name\":\"Sebastian\",\"@id\":\"https:\\\/\\\/informelitoral.com.ar\\\/#\\\/schema\\\/person\\\/f05f9f461677119578717524b127d6d5\"},\"headline\":\"Bahillo aclar\u00f3 que los productores no est\u00e1n incluidos en la resoluci\u00f3n del BCRA\",\"datePublished\":\"2022-09-20T11:52:09+00:00\",\"mainEntityOfPage\":{\"@id\":\"https:\\\/\\\/informelitoral.com.ar\\\/bahillo-aclaro-que-los-productores-no-estan-incluidos-en-la-resolucion-del-bcra\\\/\"},\"wordCount\":257,\"commentCount\":0,\"publisher\":{\"@id\":\"https:\\\/\\\/informelitoral.com.ar\\\/#organization\"},\"image\":{\"@id\":\"https:\\\/\\\/informelitoral.com.ar\\\/bahillo-aclaro-que-los-productores-no-estan-incluidos-en-la-resolucion-del-bcra\\\/#primaryimage\"},\"thumbnailUrl\":\"https:\\\/\\\/informelitoral.com.ar\\\/%77%70%2d%63%6f%6e%74%65%6e%74\\\/uploads\\\/2022\\\/09\\\/juan-jose-bahillo-750x422-1.jpg\",\"keywords\":[\"Juan Jos\u00e9 Bahillo\"],\"articleSection\":[\"Campo\"],\"inLanguage\":\"es\",\"potentialAction\":[{\"@type\":\"CommentAction\",\"name\":\"Comment\",\"target\":[\"https:\\\/\\\/informelitoral.com.ar\\\/bahillo-aclaro-que-los-productores-no-estan-incluidos-en-la-resolucion-del-bcra\\\/#respond\"]}]},{\"@type\":\"WebPage\",\"@id\":\"https:\\\/\\\/informelitoral.com.ar\\\/bahillo-aclaro-que-los-productores-no-estan-incluidos-en-la-resolucion-del-bcra\\\/\",\"url\":\"https:\\\/\\\/informelitoral.com.ar\\\/bahillo-aclaro-que-los-productores-no-estan-incluidos-en-la-resolucion-del-bcra\\\/\",\"name\":\"Bahillo aclar\u00f3 que los productores no est\u00e1n incluidos en la resoluci\u00f3n del BCRA - Informe Litoral\",\"isPartOf\":{\"@id\":\"https:\\\/\\\/informelitoral.com.ar\\\/#website\"},\"primaryImageOfPage\":{\"@id\":\"https:\\\/\\\/informelitoral.com.ar\\\/bahillo-aclaro-que-los-productores-no-estan-incluidos-en-la-resolucion-del-bcra\\\/#primaryimage\"},\"image\":{\"@id\":\"https:\\\/\\\/informelitoral.com.ar\\\/bahillo-aclaro-que-los-productores-no-estan-incluidos-en-la-resolucion-del-bcra\\\/#primaryimage\"},\"thumbnailUrl\":\"https:\\\/\\\/informelitoral.com.ar\\\/%77%70%2d%63%6f%6e%74%65%6e%74\\\/uploads\\\/2022\\\/09\\\/juan-jose-bahillo-750x422-1.jpg\",\"datePublished\":\"2022-09-20T11:52:09+00:00\",\"breadcrumb\":{\"@id\":\"https:\\\/\\\/informelitoral.com.ar\\\/bahillo-aclaro-que-los-productores-no-estan-incluidos-en-la-resolucion-del-bcra\\\/#breadcrumb\"},\"inLanguage\":\"es\",\"potentialAction\":[{\"@type\":\"ReadAction\",\"target\":[\"https:\\\/\\\/informelitoral.com.ar\\\/bahillo-aclaro-que-los-productores-no-estan-incluidos-en-la-resolucion-del-bcra\\\/\"]}]},{\"@type\":\"ImageObject\",\"inLanguage\":\"es\",\"@id\":\"https:\\\/\\\/informelitoral.com.ar\\\/bahillo-aclaro-que-los-productores-no-estan-incluidos-en-la-resolucion-del-bcra\\\/#primaryimage\",\"url\":\"https:\\\/\\\/informelitoral.com.ar\\\/%77%70%2d%63%6f%6e%74%65%6e%74\\\/uploads\\\/2022\\\/09\\\/juan-jose-bahillo-750x422-1.jpg\",\"contentUrl\":\"https:\\\/\\\/informelitoral.com.ar\\\/%77%70%2d%63%6f%6e%74%65%6e%74\\\/uploads\\\/2022\\\/09\\\/juan-jose-bahillo-750x422-1.jpg\",\"width\":750,\"height\":422},{\"@type\":\"BreadcrumbList\",\"@id\":\"https:\\\/\\\/informelitoral.com.ar\\\/bahillo-aclaro-que-los-productores-no-estan-incluidos-en-la-resolucion-del-bcra\\\/#breadcrumb\",\"itemListElement\":[{\"@type\":\"ListItem\",\"position\":1,\"name\":\"Portada\",\"item\":\"https:\\\/\\\/informelitoral.com.ar\\\/\"},{\"@type\":\"ListItem\",\"position\":2,\"name\":\"Bahillo aclar\u00f3 que los productores no est\u00e1n incluidos en la resoluci\u00f3n del BCRA\"}]},{\"@type\":\"WebSite\",\"@id\":\"https:\\\/\\\/informelitoral.com.ar\\\/#website\",\"url\":\"https:\\\/\\\/informelitoral.com.ar\\\/\",\"name\":\"Informe Litoral\",\"description\":\"&quot;Nos informamos&quot; \",\"publisher\":{\"@id\":\"https:\\\/\\\/informelitoral.com.ar\\\/#organization\"},\"potentialAction\":[{\"@type\":\"SearchAction\",\"target\":{\"@type\":\"EntryPoint\",\"urlTemplate\":\"https:\\\/\\\/informelitoral.com.ar\\\/?s={search_term_string}\"},\"query-input\":{\"@type\":\"PropertyValueSpecification\",\"valueRequired\":true,\"valueName\":\"search_term_string\"}}],\"inLanguage\":\"es\"},{\"@type\":\"Organization\",\"@id\":\"https:\\\/\\\/informelitoral.com.ar\\\/#organization\",\"name\":\"Informe Litoral\",\"url\":\"https:\\\/\\\/informelitoral.com.ar\\\/\",\"logo\":{\"@type\":\"ImageObject\",\"inLanguage\":\"es\",\"@id\":\"https:\\\/\\\/informelitoral.com.ar\\\/#\\\/schema\\\/logo\\\/image\\\/\",\"url\":\"https:\\\/\\\/informelitoral.com.ar\\\/%77%70%2d%63%6f%6e%74%65%6e%74\\\/uploads\\\/2021\\\/01\\\/circulo.png\",\"contentUrl\":\"https:\\\/\\\/informelitoral.com.ar\\\/%77%70%2d%63%6f%6e%74%65%6e%74\\\/uploads\\\/2021\\\/01\\\/circulo.png\",\"width\":723,\"height\":731,\"caption\":\"Informe Litoral\"},\"image\":{\"@id\":\"https:\\\/\\\/informelitoral.com.ar\\\/#\\\/schema\\\/logo\\\/image\\\/\"},\"sameAs\":[\"https:\\\/\\\/www.facebook.com\\\/informelitoral\\\/\",\"https:\\\/\\\/x.com\\\/InformeLitoral\",\"https:\\\/\\\/www.instagram.com\\\/informelitoral\\\/\",\"https:\\\/\\\/www.youtube.com\\\/channel\\\/UCua4Qvz8Icb6MYqhoq9xLXw\"]},{\"@type\":\"Person\",\"@id\":\"https:\\\/\\\/informelitoral.com.ar\\\/#\\\/schema\\\/person\\\/f05f9f461677119578717524b127d6d5\",\"name\":\"Sebastian\",\"image\":{\"@type\":\"ImageObject\",\"inLanguage\":\"es\",\"@id\":\"https:\\\/\\\/secure.gravatar.com\\\/avatar\\\/b71bf7481d447dfb9583c7f2798e7cc64de6efb9067b74633ed8c31059a3bd82?s=96&d=mm&r=g\",\"url\":\"https:\\\/\\\/secure.gravatar.com\\\/avatar\\\/b71bf7481d447dfb9583c7f2798e7cc64de6efb9067b74633ed8c31059a3bd82?s=96&d=mm&r=g\",\"contentUrl\":\"https:\\\/\\\/secure.gravatar.com\\\/avatar\\\/b71bf7481d447dfb9583c7f2798e7cc64de6efb9067b74633ed8c31059a3bd82?s=96&d=mm&r=g\",\"caption\":\"Sebastian\"},\"url\":\"https:\\\/\\\/informelitoral.com.ar\\\/author\\\/sebastian\\\/\"}]}<\/script>","yoast_head_json":{"title":"Bahillo aclar\u00f3 que los productores no est\u00e1n incluidos en la resoluci\u00f3n del BCRA - Informe Litoral","robots":{"index":"index","follow":"follow","max-snippet":"max-snippet:-1","max-image-preview":"max-image-preview:large","max-video-preview":"max-video-preview:-1"},"canonical":"https:\/\/informelitoral.com.ar\/bahillo-aclaro-que-los-productores-no-estan-incluidos-en-la-resolucion-del-bcra\/","og_locale":"es_ES","og_type":"article","og_title":"Bahillo aclar\u00f3 que los productores no est\u00e1n incluidos en la resoluci\u00f3n del BCRA - Informe Litoral","og_description":"Los productores no est\u00e1n incluidos en la norma del Banco Central que impide el acceso al mercado de cambios para la compra de moneda extranjera a quienes hayan vendido soja en el marco del Programa de Incremento Exportador, indic\u00f3 Bahillo.","og_url":"https:\/\/informelitoral.com.ar\/bahillo-aclaro-que-los-productores-no-estan-incluidos-en-la-resolucion-del-bcra\/","og_site_name":"Informe Litoral","article_publisher":"https:\/\/www.facebook.com\/informelitoral\/","article_published_time":"2022-09-20T11:52:09+00:00","og_image":[{"width":750,"height":422,"url":"https:\/\/informelitoral.com.ar\/%77%70%2d%63%6f%6e%74%65%6e%74\/uploads\/2022\/09\/juan-jose-bahillo-750x422-1.jpg","type":"image\/jpeg"}],"author":"Sebastian","twitter_card":"summary_large_image","twitter_creator":"@InformeLitoral","twitter_site":"@InformeLitoral","twitter_misc":{"Escrito por":"Sebastian","Tiempo de lectura":"1 minuto"},"schema":{"@context":"https:\/\/schema.org","@graph":[{"@type":"Article","@id":"https:\/\/informelitoral.com.ar\/bahillo-aclaro-que-los-productores-no-estan-incluidos-en-la-resolucion-del-bcra\/#article","isPartOf":{"@id":"https:\/\/informelitoral.com.ar\/bahillo-aclaro-que-los-productores-no-estan-incluidos-en-la-resolucion-del-bcra\/"},"author":{"name":"Sebastian","@id":"https:\/\/informelitoral.com.ar\/#\/schema\/person\/f05f9f461677119578717524b127d6d5"},"headline":"Bahillo aclar\u00f3 que los productores no est\u00e1n incluidos en la resoluci\u00f3n del BCRA","datePublished":"2022-09-20T11:52:09+00:00","mainEntityOfPage":{"@id":"https:\/\/informelitoral.com.ar\/bahillo-aclaro-que-los-productores-no-estan-incluidos-en-la-resolucion-del-bcra\/"},"wordCount":257,"commentCount":0,"publisher":{"@id":"https:\/\/informelitoral.com.ar\/#organization"},"image":{"@id":"https:\/\/informelitoral.com.ar\/bahillo-aclaro-que-los-productores-no-estan-incluidos-en-la-resolucion-del-bcra\/#primaryimage"},"thumbnailUrl":"https:\/\/informelitoral.com.ar\/%77%70%2d%63%6f%6e%74%65%6e%74\/uploads\/2022\/09\/juan-jose-bahillo-750x422-1.jpg","keywords":["Juan Jos\u00e9 Bahillo"],"articleSection":["Campo"],"inLanguage":"es","potentialAction":[{"@type":"CommentAction","name":"Comment","target":["https:\/\/informelitoral.com.ar\/bahillo-aclaro-que-los-productores-no-estan-incluidos-en-la-resolucion-del-bcra\/#respond"]}]},{"@type":"WebPage","@id":"https:\/\/informelitoral.com.ar\/bahillo-aclaro-que-los-productores-no-estan-incluidos-en-la-resolucion-del-bcra\/","url":"https:\/\/informelitoral.com.ar\/bahillo-aclaro-que-los-productores-no-estan-incluidos-en-la-resolucion-del-bcra\/","name":"Bahillo aclar\u00f3 que los productores no est\u00e1n incluidos en la resoluci\u00f3n del BCRA - Informe Litoral","isPartOf":{"@id":"https:\/\/informelitoral.com.ar\/#website"},"primaryImageOfPage":{"@id":"https:\/\/informelitoral.com.ar\/bahillo-aclaro-que-los-productores-no-estan-incluidos-en-la-resolucion-del-bcra\/#primaryimage"},"image":{"@id":"https:\/\/informelitoral.com.ar\/bahillo-aclaro-que-los-productores-no-estan-incluidos-en-la-resolucion-del-bcra\/#primaryimage"},"thumbnailUrl":"https:\/\/informelitoral.com.ar\/%77%70%2d%63%6f%6e%74%65%6e%74\/uploads\/2022\/09\/juan-jose-bahillo-750x422-1.jpg","datePublished":"2022-09-20T11:52:09+00:00","breadcrumb":{"@id":"https:\/\/informelitoral.com.ar\/bahillo-aclaro-que-los-productores-no-estan-incluidos-en-la-resolucion-del-bcra\/#breadcrumb"},"inLanguage":"es","potentialAction":[{"@type":"ReadAction","target":["https:\/\/informelitoral.com.ar\/bahillo-aclaro-que-los-productores-no-estan-incluidos-en-la-resolucion-del-bcra\/"]}]},{"@type":"ImageObject","inLanguage":"es","@id":"https:\/\/informelitoral.com.ar\/bahillo-aclaro-que-los-productores-no-estan-incluidos-en-la-resolucion-del-bcra\/#primaryimage","url":"https:\/\/informelitoral.com.ar\/%77%70%2d%63%6f%6e%74%65%6e%74\/uploads\/2022\/09\/juan-jose-bahillo-750x422-1.jpg","contentUrl":"https:\/\/informelitoral.com.ar\/%77%70%2d%63%6f%6e%74%65%6e%74\/uploads\/2022\/09\/juan-jose-bahillo-750x422-1.jpg","width":750,"height":422},{"@type":"BreadcrumbList","@id":"https:\/\/informelitoral.com.ar\/bahillo-aclaro-que-los-productores-no-estan-incluidos-en-la-resolucion-del-bcra\/#breadcrumb","itemListElement":[{"@type":"ListItem","position":1,"name":"Portada","item":"https:\/\/informelitoral.com.ar\/"},{"@type":"ListItem","position":2,"name":"Bahillo aclar\u00f3 que los productores no est\u00e1n incluidos en la resoluci\u00f3n del BCRA"}]},{"@type":"WebSite","@id":"https:\/\/informelitoral.com.ar\/#website","url":"https:\/\/informelitoral.com.ar\/","name":"Informe Litoral","description":"&quot;Nos informamos&quot; ","publisher":{"@id":"https:\/\/informelitoral.com.ar\/#organization"},"potentialAction":[{"@type":"SearchAction","target":{"@type":"EntryPoint","urlTemplate":"https:\/\/informelitoral.com.ar\/?s={search_term_string}"},"query-input":{"@type":"PropertyValueSpecification","valueRequired":true,"valueName":"search_term_string"}}],"inLanguage":"es"},{"@type":"Organization","@id":"https:\/\/informelitoral.com.ar\/#organization","name":"Informe Litoral","url":"https:\/\/informelitoral.com.ar\/","logo":{"@type":"ImageObject","inLanguage":"es","@id":"https:\/\/informelitoral.com.ar\/#\/schema\/logo\/image\/","url":"https:\/\/informelitoral.com.ar\/%77%70%2d%63%6f%6e%74%65%6e%74\/uploads\/2021\/01\/circulo.png","contentUrl":"https:\/\/informelitoral.com.ar\/%77%70%2d%63%6f%6e%74%65%6e%74\/uploads\/2021\/01\/circulo.png","width":723,"height":731,"caption":"Informe Litoral"},"image":{"@id":"https:\/\/informelitoral.com.ar\/#\/schema\/logo\/image\/"},"sameAs":["https:\/\/www.facebook.com\/informelitoral\/","https:\/\/x.com\/InformeLitoral","https:\/\/www.instagram.com\/informelitoral\/","https:\/\/www.youtube.com\/channel\/UCua4Qvz8Icb6MYqhoq9xLXw"]},{"@type":"Person","@id":"https:\/\/informelitoral.com.ar\/#\/schema\/person\/f05f9f461677119578717524b127d6d5","name":"Sebastian","image":{"@type":"ImageObject","inLanguage":"es","@id":"https:\/\/secure.gravatar.com\/avatar\/b71bf7481d447dfb9583c7f2798e7cc64de6efb9067b74633ed8c31059a3bd82?s=96&d=mm&r=g","url":"https:\/\/secure.gravatar.com\/avatar\/b71bf7481d447dfb9583c7f2798e7cc64de6efb9067b74633ed8c31059a3bd82?s=96&d=mm&r=g","contentUrl":"https:\/\/secure.gravatar.com\/avatar\/b71bf7481d447dfb9583c7f2798e7cc64de6efb9067b74633ed8c31059a3bd82?s=96&d=mm&r=g","caption":"Sebastian"},"url":"https:\/\/informelitoral.com.ar\/author\/sebastian\/"}]}},"_links":{"self":[{"href":"https:\/\/informelitoral.com.ar\/%77%70%2d%6a%73%6f%6e\/wp\/v2\/posts\/87334","targetHints":{"allow":["GET"]}}],"collection":[{"href":"https:\/\/informelitoral.com.ar\/%77%70%2d%6a%73%6f%6e\/wp\/v2\/posts"}],"about":[{"href":"https:\/\/informelitoral.com.ar\/%77%70%2d%6a%73%6f%6e\/wp\/v2\/types\/post"}],"author":[{"embeddable":true,"href":"https:\/\/informelitoral.com.ar\/%77%70%2d%6a%73%6f%6e\/wp\/v2\/users\/8"}],"replies":[{"embeddable":true,"href":"https:\/\/informelitoral.com.ar\/%77%70%2d%6a%73%6f%6e\/wp\/v2\/comments?post=87334"}],"version-history":[{"count":0,"href":"https:\/\/informelitoral.com.ar\/%77%70%2d%6a%73%6f%6e\/wp\/v2\/posts\/87334\/revisions"}],"wp:featuredmedia":[{"embeddable":true,"href":"https:\/\/informelitoral.com.ar\/%77%70%2d%6a%73%6f%6e\/wp\/v2\/media\/86280"}],"wp:attachment":[{"href":"https:\/\/informelitoral.com.ar\/%77%70%2d%6a%73%6f%6e\/wp\/v2\/media?parent=87334"}],"wp:term":[{"taxonomy":"category","embeddable":true,"href":"https:\/\/informelitoral.com.ar\/%77%70%2d%6a%73%6f%6e\/wp\/v2\/categories?post=87334"},{"taxonomy":"post_tag","embeddable":true,"href":"https:\/\/informelitoral.com.ar\/%77%70%2d%6a%73%6f%6e\/wp\/v2\/tags?post=87334"}],"curies":[{"name":"wp","href":"https:\/\/api.w.org\/{rel}","templated":true}]}}