{"id":8733,"date":"2014-10-26T21:08:30","date_gmt":"2014-10-27T00:08:30","guid":{"rendered":"http:\/\/www.isletasnoticias.com.ar\/?p=8733"},"modified":"2014-10-26T21:08:30","modified_gmt":"2014-10-27T00:08:30","slug":"san-benito-hallaron-el-cuerpo-sin-vida-de-priscila-hartman","status":"publish","type":"post","link":"https:\/\/informelitoral.com.ar\/san-benito-hallaron-el-cuerpo-sin-vida-de-priscila-hartman\/","title":{"rendered":"San Benito: hallaron el cuerpo sin vida de Priscila Hartman"},"content":{"rendered":"<p><strong>El cuerpo sin vida de la joven <em>Priscila Hartman<\/em> fue hallado este domingo en la zona de San Benito, en cercan\u00edas a la ruta, y estaba oculto por una espesa vegetaci\u00f3n, seg\u00fan informaron fuentes judiciales.<\/strong><\/p>\n<figure id=\"attachment_8734\" aria-describedby=\"caption-attachment-8734\" style=\"width: 300px\" class=\"wp-caption aligncenter\"><a href=\"http:\/\/www.isletasnoticias.com.ar\/%77%70%2d%63%6f%6e%74%65%6e%74\/uploads\/2014\/10\/10516740_10204509043422533_8076495757345973398_n.jpg\"><img loading=\"lazy\" decoding=\"async\" class=\"wp-image-8734 size-medium\" src=\"http:\/\/www.isletasnoticias.com.ar\/%77%70%2d%63%6f%6e%74%65%6e%74\/uploads\/2014\/10\/10516740_10204509043422533_8076495757345973398_n-300x225.jpg\" alt=\"10516740_10204509043422533_8076495757345973398_n\" width=\"300\" height=\"225\" srcset=\"https:\/\/informelitoral.com.ar\/%77%70%2d%63%6f%6e%74%65%6e%74\/uploads\/2014\/10\/10516740_10204509043422533_8076495757345973398_n-300x225.jpg 300w, https:\/\/informelitoral.com.ar\/%77%70%2d%63%6f%6e%74%65%6e%74\/uploads\/2014\/10\/10516740_10204509043422533_8076495757345973398_n.jpg 960w\" sizes=\"auto, (max-width: 300px) 100vw, 300px\" \/><\/a><figcaption id=\"caption-attachment-8734\" class=\"wp-caption-text\">Foto: Miguel Romero<\/figcaption><\/figure>\n<p>En el lugar trabajan personal de la Polic\u00eda de Entre R\u00edos, autoridades judiciales, y peritos, indic\u00f3 <em>An\u00e1lisis Digital.<\/em><\/p>\n<p><span class=\"copete\">En la localidad vecina a Paran\u00e1 hab\u00edan realizado tres allanamientos, que dieron como resultado el hallazgo del celular y el casco en una vivienda, elementos que fueron entregados voluntariamente por la madre del \u00fanico detenido -imputado por privaci\u00f3n ileg\u00edtima de la libertad- que tiene la causa.\u00a0<\/span>Poco despu\u00e9s, a unos 200 metros de esa propiedad se encontr\u00f3 la moto en que se movilizaba la joven que desapareci\u00f3 el jueves por la noche sin dejar rastros, en la zona del ex-Hip\u00f3dromo, en Paran\u00e1.<\/p>\n<p><span class=\"texto\">Seg\u00fan hab\u00eda informado\u00a0<i>Uno<\/i>, el s\u00e1bado qued\u00f3 detenido quien hoy es el \u00fanico imputado por la desaparici\u00f3n de la joven, Facundo Bressan, de 19\u00a0<\/span>a\u00f1os. La madre de este joven fue quien entreg\u00f3 el celular y el casco de la muchacha. Esto, m\u00e1s algunas contradicciones en sus declaraciones, llevaron a su detenci\u00f3n por el presunto delito de \u201cPrivaci\u00f3n ilegal de la libertad\u201d.<\/p>\n","protected":false},"excerpt":{"rendered":"<p>El cuerpo sin vida de la joven Priscila Hartman fue hallado este domingo en la zona de San Benito, en cercan&iacute;as a la ruta, y estaba oculto por una espesa vegetaci&oacute;n, seg&uacute;n informaron fuentes judiciales. En el lugar trabajan personal de la Polic&iacute;a de Entre R&iacute;os, autoridades judiciales, y peritos, indic&oacute; An&aacute;lisis Digital. En la [&hellip;]<\/p>\n","protected":false},"author":2,"featured_media":0,"comment_status":"open","ping_status":"open","sticky":false,"template":"","format":"standard","meta":{"fifu_image_url":"","fifu_image_alt":"","footnotes":""},"categories":[14],"tags":[],"class_list":{"0":"post-8733","1":"post","2":"type-post","3":"status-publish","4":"format-standard","6":"category-policiales"},"yoast_head":"<title>San Benito: hallaron el cuerpo sin vida de Priscila Hartman - Informe Litoral<\/title>\n<meta name=\"robots\" content=\"index, follow, max-snippet:-1, max-image-preview:large, max-video-preview:-1\" \/>\n<link rel=\"canonical\" href=\"https:\/\/informelitoral.com.ar\/san-benito-hallaron-el-cuerpo-sin-vida-de-priscila-hartman\/\" \/>\n<meta property=\"og:locale\" content=\"es_ES\" \/>\n<meta property=\"og:type\" content=\"article\" \/>\n<meta property=\"og:title\" content=\"San Benito: hallaron el cuerpo sin vida de Priscila Hartman - Informe Litoral\" \/>\n<meta property=\"og:description\" content=\"El cuerpo sin vida de la joven Priscila Hartman fue hallado este domingo en la zona de San Benito, en cercan&iacute;as a la ruta, y estaba oculto por una espesa vegetaci&oacute;n, seg&uacute;n informaron fuentes judiciales. En el lugar trabajan personal de la Polic&iacute;a de Entre R&iacute;os, autoridades judiciales, y peritos, indic&oacute; An&aacute;lisis Digital. En la [&hellip;]\" \/>\n<meta property=\"og:url\" content=\"https:\/\/informelitoral.com.ar\/san-benito-hallaron-el-cuerpo-sin-vida-de-priscila-hartman\/\" \/>\n<meta property=\"og:site_name\" content=\"Informe Litoral\" \/>\n<meta property=\"article:publisher\" content=\"https:\/\/www.facebook.com\/informelitoral\/\" \/>\n<meta property=\"article:published_time\" content=\"2014-10-27T00:08:30+00:00\" \/>\n<meta property=\"og:image\" content=\"https:\/\/informelitoral.com.ar\/%77%70%2d%63%6f%6e%74%65%6e%74\/uploads\/2014\/10\/10516740_10204509043422533_8076495757345973398_n.jpg\" \/>\n\t<meta property=\"og:image:width\" content=\"960\" \/>\n\t<meta property=\"og:image:height\" content=\"720\" \/>\n\t<meta property=\"og:image:type\" content=\"image\/jpeg\" \/>\n<meta name=\"author\" content=\"Gonzalo Schmidt\" \/>\n<meta name=\"twitter:card\" content=\"summary_large_image\" \/>\n<meta name=\"twitter:creator\" content=\"@InformeLitoral\" \/>\n<meta name=\"twitter:site\" content=\"@InformeLitoral\" \/>\n<meta name=\"twitter:label1\" content=\"Escrito por\" \/>\n\t<meta name=\"twitter:data1\" content=\"Gonzalo Schmidt\" \/>\n\t<meta name=\"twitter:label2\" content=\"Tiempo de lectura\" \/>\n\t<meta name=\"twitter:data2\" content=\"1 minuto\" \/>\n<script type=\"application\/ld+json\" class=\"yoast-schema-graph\">{\"@context\":\"https:\\\/\\\/schema.org\",\"@graph\":[{\"@type\":\"Article\",\"@id\":\"https:\\\/\\\/informelitoral.com.ar\\\/san-benito-hallaron-el-cuerpo-sin-vida-de-priscila-hartman\\\/#article\",\"isPartOf\":{\"@id\":\"https:\\\/\\\/informelitoral.com.ar\\\/san-benito-hallaron-el-cuerpo-sin-vida-de-priscila-hartman\\\/\"},\"author\":{\"name\":\"Gonzalo Schmidt\",\"@id\":\"https:\\\/\\\/informelitoral.com.ar\\\/#\\\/schema\\\/person\\\/b9d00407c836482871ef1d57bf8e3180\"},\"headline\":\"San Benito: hallaron el cuerpo sin vida de Priscila Hartman\",\"datePublished\":\"2014-10-27T00:08:30+00:00\",\"mainEntityOfPage\":{\"@id\":\"https:\\\/\\\/informelitoral.com.ar\\\/san-benito-hallaron-el-cuerpo-sin-vida-de-priscila-hartman\\\/\"},\"wordCount\":234,\"commentCount\":0,\"publisher\":{\"@id\":\"https:\\\/\\\/informelitoral.com.ar\\\/#organization\"},\"image\":{\"@id\":\"https:\\\/\\\/informelitoral.com.ar\\\/san-benito-hallaron-el-cuerpo-sin-vida-de-priscila-hartman\\\/#primaryimage\"},\"thumbnailUrl\":\"http:\\\/\\\/www.isletasnoticias.com.ar\\\/%77%70%2d%63%6f%6e%74%65%6e%74\\\/uploads\\\/2014\\\/10\\\/10516740_10204509043422533_8076495757345973398_n-300x225.jpg\",\"articleSection\":[\"Policiales\"],\"inLanguage\":\"es\",\"potentialAction\":[{\"@type\":\"CommentAction\",\"name\":\"Comment\",\"target\":[\"https:\\\/\\\/informelitoral.com.ar\\\/san-benito-hallaron-el-cuerpo-sin-vida-de-priscila-hartman\\\/#respond\"]}]},{\"@type\":\"WebPage\",\"@id\":\"https:\\\/\\\/informelitoral.com.ar\\\/san-benito-hallaron-el-cuerpo-sin-vida-de-priscila-hartman\\\/\",\"url\":\"https:\\\/\\\/informelitoral.com.ar\\\/san-benito-hallaron-el-cuerpo-sin-vida-de-priscila-hartman\\\/\",\"name\":\"San Benito: hallaron el cuerpo sin vida de Priscila Hartman - Informe Litoral\",\"isPartOf\":{\"@id\":\"https:\\\/\\\/informelitoral.com.ar\\\/#website\"},\"primaryImageOfPage\":{\"@id\":\"https:\\\/\\\/informelitoral.com.ar\\\/san-benito-hallaron-el-cuerpo-sin-vida-de-priscila-hartman\\\/#primaryimage\"},\"image\":{\"@id\":\"https:\\\/\\\/informelitoral.com.ar\\\/san-benito-hallaron-el-cuerpo-sin-vida-de-priscila-hartman\\\/#primaryimage\"},\"thumbnailUrl\":\"http:\\\/\\\/www.isletasnoticias.com.ar\\\/%77%70%2d%63%6f%6e%74%65%6e%74\\\/uploads\\\/2014\\\/10\\\/10516740_10204509043422533_8076495757345973398_n-300x225.jpg\",\"datePublished\":\"2014-10-27T00:08:30+00:00\",\"breadcrumb\":{\"@id\":\"https:\\\/\\\/informelitoral.com.ar\\\/san-benito-hallaron-el-cuerpo-sin-vida-de-priscila-hartman\\\/#breadcrumb\"},\"inLanguage\":\"es\",\"potentialAction\":[{\"@type\":\"ReadAction\",\"target\":[\"https:\\\/\\\/informelitoral.com.ar\\\/san-benito-hallaron-el-cuerpo-sin-vida-de-priscila-hartman\\\/\"]}]},{\"@type\":\"ImageObject\",\"inLanguage\":\"es\",\"@id\":\"https:\\\/\\\/informelitoral.com.ar\\\/san-benito-hallaron-el-cuerpo-sin-vida-de-priscila-hartman\\\/#primaryimage\",\"url\":\"http:\\\/\\\/www.isletasnoticias.com.ar\\\/%77%70%2d%63%6f%6e%74%65%6e%74\\\/uploads\\\/2014\\\/10\\\/10516740_10204509043422533_8076495757345973398_n-300x225.jpg\",\"contentUrl\":\"http:\\\/\\\/www.isletasnoticias.com.ar\\\/%77%70%2d%63%6f%6e%74%65%6e%74\\\/uploads\\\/2014\\\/10\\\/10516740_10204509043422533_8076495757345973398_n-300x225.jpg\"},{\"@type\":\"BreadcrumbList\",\"@id\":\"https:\\\/\\\/informelitoral.com.ar\\\/san-benito-hallaron-el-cuerpo-sin-vida-de-priscila-hartman\\\/#breadcrumb\",\"itemListElement\":[{\"@type\":\"ListItem\",\"position\":1,\"name\":\"Portada\",\"item\":\"https:\\\/\\\/informelitoral.com.ar\\\/\"},{\"@type\":\"ListItem\",\"position\":2,\"name\":\"San Benito: hallaron el cuerpo sin vida de Priscila Hartman\"}]},{\"@type\":\"WebSite\",\"@id\":\"https:\\\/\\\/informelitoral.com.ar\\\/#website\",\"url\":\"https:\\\/\\\/informelitoral.com.ar\\\/\",\"name\":\"Informe Litoral\",\"description\":\"&quot;Nos informamos&quot; \",\"publisher\":{\"@id\":\"https:\\\/\\\/informelitoral.com.ar\\\/#organization\"},\"potentialAction\":[{\"@type\":\"SearchAction\",\"target\":{\"@type\":\"EntryPoint\",\"urlTemplate\":\"https:\\\/\\\/informelitoral.com.ar\\\/?s={search_term_string}\"},\"query-input\":{\"@type\":\"PropertyValueSpecification\",\"valueRequired\":true,\"valueName\":\"search_term_string\"}}],\"inLanguage\":\"es\"},{\"@type\":\"Organization\",\"@id\":\"https:\\\/\\\/informelitoral.com.ar\\\/#organization\",\"name\":\"Informe Litoral\",\"url\":\"https:\\\/\\\/informelitoral.com.ar\\\/\",\"logo\":{\"@type\":\"ImageObject\",\"inLanguage\":\"es\",\"@id\":\"https:\\\/\\\/informelitoral.com.ar\\\/#\\\/schema\\\/logo\\\/image\\\/\",\"url\":\"https:\\\/\\\/informelitoral.com.ar\\\/%77%70%2d%63%6f%6e%74%65%6e%74\\\/uploads\\\/2021\\\/01\\\/circulo.png\",\"contentUrl\":\"https:\\\/\\\/informelitoral.com.ar\\\/%77%70%2d%63%6f%6e%74%65%6e%74\\\/uploads\\\/2021\\\/01\\\/circulo.png\",\"width\":723,\"height\":731,\"caption\":\"Informe Litoral\"},\"image\":{\"@id\":\"https:\\\/\\\/informelitoral.com.ar\\\/#\\\/schema\\\/logo\\\/image\\\/\"},\"sameAs\":[\"https:\\\/\\\/www.facebook.com\\\/informelitoral\\\/\",\"https:\\\/\\\/x.com\\\/InformeLitoral\",\"https:\\\/\\\/www.instagram.com\\\/informelitoral\\\/\",\"https:\\\/\\\/www.youtube.com\\\/channel\\\/UCua4Qvz8Icb6MYqhoq9xLXw\"]},{\"@type\":\"Person\",\"@id\":\"https:\\\/\\\/informelitoral.com.ar\\\/#\\\/schema\\\/person\\\/b9d00407c836482871ef1d57bf8e3180\",\"name\":\"Gonzalo Schmidt\",\"image\":{\"@type\":\"ImageObject\",\"inLanguage\":\"es\",\"@id\":\"https:\\\/\\\/secure.gravatar.com\\\/avatar\\\/31a1a7b66ff2de83bd0e9fd79d026630d2d99e55e8bfe501287647b4fd9743de?s=96&d=mm&r=g\",\"url\":\"https:\\\/\\\/secure.gravatar.com\\\/avatar\\\/31a1a7b66ff2de83bd0e9fd79d026630d2d99e55e8bfe501287647b4fd9743de?s=96&d=mm&r=g\",\"contentUrl\":\"https:\\\/\\\/secure.gravatar.com\\\/avatar\\\/31a1a7b66ff2de83bd0e9fd79d026630d2d99e55e8bfe501287647b4fd9743de?s=96&d=mm&r=g\",\"caption\":\"Gonzalo Schmidt\"},\"description\":\"Sitio web de noticias de la provincia de Entre R\u00edos, Argentina. Informaci\u00f3n y entretenimiento. Informe Litoral, nos informamos.\",\"sameAs\":[\"http:\\\/\\\/www.isletasnoticias.com.ar\"],\"url\":\"https:\\\/\\\/informelitoral.com.ar\\\/author\\\/gonzalo\\\/\"}]}<\/script>","yoast_head_json":{"title":"San Benito: hallaron el cuerpo sin vida de Priscila Hartman - Informe Litoral","robots":{"index":"index","follow":"follow","max-snippet":"max-snippet:-1","max-image-preview":"max-image-preview:large","max-video-preview":"max-video-preview:-1"},"canonical":"https:\/\/informelitoral.com.ar\/san-benito-hallaron-el-cuerpo-sin-vida-de-priscila-hartman\/","og_locale":"es_ES","og_type":"article","og_title":"San Benito: hallaron el cuerpo sin vida de Priscila Hartman - Informe Litoral","og_description":"El cuerpo sin vida de la joven Priscila Hartman fue hallado este domingo en la zona de San Benito, en cercan&iacute;as a la ruta, y estaba oculto por una espesa vegetaci&oacute;n, seg&uacute;n informaron fuentes judiciales. En el lugar trabajan personal de la Polic&iacute;a de Entre R&iacute;os, autoridades judiciales, y peritos, indic&oacute; An&aacute;lisis Digital. En la [&hellip;]","og_url":"https:\/\/informelitoral.com.ar\/san-benito-hallaron-el-cuerpo-sin-vida-de-priscila-hartman\/","og_site_name":"Informe Litoral","article_publisher":"https:\/\/www.facebook.com\/informelitoral\/","article_published_time":"2014-10-27T00:08:30+00:00","og_image":[{"width":960,"height":720,"url":"https:\/\/informelitoral.com.ar\/%77%70%2d%63%6f%6e%74%65%6e%74\/uploads\/2014\/10\/10516740_10204509043422533_8076495757345973398_n.jpg","type":"image\/jpeg"}],"author":"Gonzalo Schmidt","twitter_card":"summary_large_image","twitter_creator":"@InformeLitoral","twitter_site":"@InformeLitoral","twitter_misc":{"Escrito por":"Gonzalo Schmidt","Tiempo de lectura":"1 minuto"},"schema":{"@context":"https:\/\/schema.org","@graph":[{"@type":"Article","@id":"https:\/\/informelitoral.com.ar\/san-benito-hallaron-el-cuerpo-sin-vida-de-priscila-hartman\/#article","isPartOf":{"@id":"https:\/\/informelitoral.com.ar\/san-benito-hallaron-el-cuerpo-sin-vida-de-priscila-hartman\/"},"author":{"name":"Gonzalo Schmidt","@id":"https:\/\/informelitoral.com.ar\/#\/schema\/person\/b9d00407c836482871ef1d57bf8e3180"},"headline":"San Benito: hallaron el cuerpo sin vida de Priscila Hartman","datePublished":"2014-10-27T00:08:30+00:00","mainEntityOfPage":{"@id":"https:\/\/informelitoral.com.ar\/san-benito-hallaron-el-cuerpo-sin-vida-de-priscila-hartman\/"},"wordCount":234,"commentCount":0,"publisher":{"@id":"https:\/\/informelitoral.com.ar\/#organization"},"image":{"@id":"https:\/\/informelitoral.com.ar\/san-benito-hallaron-el-cuerpo-sin-vida-de-priscila-hartman\/#primaryimage"},"thumbnailUrl":"http:\/\/www.isletasnoticias.com.ar\/%77%70%2d%63%6f%6e%74%65%6e%74\/uploads\/2014\/10\/10516740_10204509043422533_8076495757345973398_n-300x225.jpg","articleSection":["Policiales"],"inLanguage":"es","potentialAction":[{"@type":"CommentAction","name":"Comment","target":["https:\/\/informelitoral.com.ar\/san-benito-hallaron-el-cuerpo-sin-vida-de-priscila-hartman\/#respond"]}]},{"@type":"WebPage","@id":"https:\/\/informelitoral.com.ar\/san-benito-hallaron-el-cuerpo-sin-vida-de-priscila-hartman\/","url":"https:\/\/informelitoral.com.ar\/san-benito-hallaron-el-cuerpo-sin-vida-de-priscila-hartman\/","name":"San Benito: hallaron el cuerpo sin vida de Priscila Hartman - Informe Litoral","isPartOf":{"@id":"https:\/\/informelitoral.com.ar\/#website"},"primaryImageOfPage":{"@id":"https:\/\/informelitoral.com.ar\/san-benito-hallaron-el-cuerpo-sin-vida-de-priscila-hartman\/#primaryimage"},"image":{"@id":"https:\/\/informelitoral.com.ar\/san-benito-hallaron-el-cuerpo-sin-vida-de-priscila-hartman\/#primaryimage"},"thumbnailUrl":"http:\/\/www.isletasnoticias.com.ar\/%77%70%2d%63%6f%6e%74%65%6e%74\/uploads\/2014\/10\/10516740_10204509043422533_8076495757345973398_n-300x225.jpg","datePublished":"2014-10-27T00:08:30+00:00","breadcrumb":{"@id":"https:\/\/informelitoral.com.ar\/san-benito-hallaron-el-cuerpo-sin-vida-de-priscila-hartman\/#breadcrumb"},"inLanguage":"es","potentialAction":[{"@type":"ReadAction","target":["https:\/\/informelitoral.com.ar\/san-benito-hallaron-el-cuerpo-sin-vida-de-priscila-hartman\/"]}]},{"@type":"ImageObject","inLanguage":"es","@id":"https:\/\/informelitoral.com.ar\/san-benito-hallaron-el-cuerpo-sin-vida-de-priscila-hartman\/#primaryimage","url":"http:\/\/www.isletasnoticias.com.ar\/%77%70%2d%63%6f%6e%74%65%6e%74\/uploads\/2014\/10\/10516740_10204509043422533_8076495757345973398_n-300x225.jpg","contentUrl":"http:\/\/www.isletasnoticias.com.ar\/%77%70%2d%63%6f%6e%74%65%6e%74\/uploads\/2014\/10\/10516740_10204509043422533_8076495757345973398_n-300x225.jpg"},{"@type":"BreadcrumbList","@id":"https:\/\/informelitoral.com.ar\/san-benito-hallaron-el-cuerpo-sin-vida-de-priscila-hartman\/#breadcrumb","itemListElement":[{"@type":"ListItem","position":1,"name":"Portada","item":"https:\/\/informelitoral.com.ar\/"},{"@type":"ListItem","position":2,"name":"San Benito: hallaron el cuerpo sin vida de Priscila Hartman"}]},{"@type":"WebSite","@id":"https:\/\/informelitoral.com.ar\/#website","url":"https:\/\/informelitoral.com.ar\/","name":"Informe Litoral","description":"&quot;Nos informamos&quot; ","publisher":{"@id":"https:\/\/informelitoral.com.ar\/#organization"},"potentialAction":[{"@type":"SearchAction","target":{"@type":"EntryPoint","urlTemplate":"https:\/\/informelitoral.com.ar\/?s={search_term_string}"},"query-input":{"@type":"PropertyValueSpecification","valueRequired":true,"valueName":"search_term_string"}}],"inLanguage":"es"},{"@type":"Organization","@id":"https:\/\/informelitoral.com.ar\/#organization","name":"Informe Litoral","url":"https:\/\/informelitoral.com.ar\/","logo":{"@type":"ImageObject","inLanguage":"es","@id":"https:\/\/informelitoral.com.ar\/#\/schema\/logo\/image\/","url":"https:\/\/informelitoral.com.ar\/%77%70%2d%63%6f%6e%74%65%6e%74\/uploads\/2021\/01\/circulo.png","contentUrl":"https:\/\/informelitoral.com.ar\/%77%70%2d%63%6f%6e%74%65%6e%74\/uploads\/2021\/01\/circulo.png","width":723,"height":731,"caption":"Informe Litoral"},"image":{"@id":"https:\/\/informelitoral.com.ar\/#\/schema\/logo\/image\/"},"sameAs":["https:\/\/www.facebook.com\/informelitoral\/","https:\/\/x.com\/InformeLitoral","https:\/\/www.instagram.com\/informelitoral\/","https:\/\/www.youtube.com\/channel\/UCua4Qvz8Icb6MYqhoq9xLXw"]},{"@type":"Person","@id":"https:\/\/informelitoral.com.ar\/#\/schema\/person\/b9d00407c836482871ef1d57bf8e3180","name":"Gonzalo Schmidt","image":{"@type":"ImageObject","inLanguage":"es","@id":"https:\/\/secure.gravatar.com\/avatar\/31a1a7b66ff2de83bd0e9fd79d026630d2d99e55e8bfe501287647b4fd9743de?s=96&d=mm&r=g","url":"https:\/\/secure.gravatar.com\/avatar\/31a1a7b66ff2de83bd0e9fd79d026630d2d99e55e8bfe501287647b4fd9743de?s=96&d=mm&r=g","contentUrl":"https:\/\/secure.gravatar.com\/avatar\/31a1a7b66ff2de83bd0e9fd79d026630d2d99e55e8bfe501287647b4fd9743de?s=96&d=mm&r=g","caption":"Gonzalo Schmidt"},"description":"Sitio web de noticias de la provincia de Entre R\u00edos, Argentina. Informaci\u00f3n y entretenimiento. Informe Litoral, nos informamos.","sameAs":["http:\/\/www.isletasnoticias.com.ar"],"url":"https:\/\/informelitoral.com.ar\/author\/gonzalo\/"}]}},"_links":{"self":[{"href":"https:\/\/informelitoral.com.ar\/%77%70%2d%6a%73%6f%6e\/wp\/v2\/posts\/8733","targetHints":{"allow":["GET"]}}],"collection":[{"href":"https:\/\/informelitoral.com.ar\/%77%70%2d%6a%73%6f%6e\/wp\/v2\/posts"}],"about":[{"href":"https:\/\/informelitoral.com.ar\/%77%70%2d%6a%73%6f%6e\/wp\/v2\/types\/post"}],"author":[{"embeddable":true,"href":"https:\/\/informelitoral.com.ar\/%77%70%2d%6a%73%6f%6e\/wp\/v2\/users\/2"}],"replies":[{"embeddable":true,"href":"https:\/\/informelitoral.com.ar\/%77%70%2d%6a%73%6f%6e\/wp\/v2\/comments?post=8733"}],"version-history":[{"count":0,"href":"https:\/\/informelitoral.com.ar\/%77%70%2d%6a%73%6f%6e\/wp\/v2\/posts\/8733\/revisions"}],"wp:attachment":[{"href":"https:\/\/informelitoral.com.ar\/%77%70%2d%6a%73%6f%6e\/wp\/v2\/media?parent=8733"}],"wp:term":[{"taxonomy":"category","embeddable":true,"href":"https:\/\/informelitoral.com.ar\/%77%70%2d%6a%73%6f%6e\/wp\/v2\/categories?post=8733"},{"taxonomy":"post_tag","embeddable":true,"href":"https:\/\/informelitoral.com.ar\/%77%70%2d%6a%73%6f%6e\/wp\/v2\/tags?post=8733"}],"curies":[{"name":"wp","href":"https:\/\/api.w.org\/{rel}","templated":true}]}}