{"id":87329,"date":"2022-09-20T07:50:22","date_gmt":"2022-09-20T10:50:22","guid":{"rendered":"https:\/\/www.informelitoral.com.ar\/?p=87329"},"modified":"2022-09-20T08:36:41","modified_gmt":"2022-09-20T11:36:41","slug":"bordet-convoco-a-prefectura-autoridades-provinciales-y-municipales-por-el-control-en-el-delta","status":"publish","type":"post","link":"https:\/\/informelitoral.com.ar\/bordet-convoco-a-prefectura-autoridades-provinciales-y-municipales-por-el-control-en-el-delta\/","title":{"rendered":"Bordet convoc\u00f3 a Prefectura, autoridades provinciales y municipales por el control en el Delta"},"content":{"rendered":"<p>Fue durante un encuentro que convoc\u00f3 este lunes en la Casa Gris con el intendente de Victoria, Domingo Maiocco, el gabinete provincial, la Polic\u00eda de Entre R\u00edos, Defensa Civil, Ambiente y Prefectura Naval Argentina.<\/p>\n<p>Durante el encuentro que se llev\u00f3 a cabo este lunes en el Sal\u00f3n de Gobernadores, Bordet transmiti\u00f3 su agradecimiento y su respaldo a los organismos que trabajan en territorio combatiendo los incendios. \u201cLo m\u00e1s importante es el trabajo conjunto\u201d, subray\u00f3.<\/p>\n<p>Tambi\u00e9n alert\u00f3 sobre los pron\u00f3sticos para los meses pr\u00f3ximos, en especial el varano, y valor\u00f3 la articulaci\u00f3n con el gobernador de Santa Fe, Omar Perotti, y los ministerios de Defensa y de Seguridad de la Naci\u00f3n que \u201cpusieron todo a disposici\u00f3n de la provincia de Entre R\u00edos\u201d, remarc\u00f3.<\/p>\n<p>\u201cAdem\u00e1s de los tres destacamentos policiales y la movilidad, estamos creando la polic\u00eda ambiental, y tambi\u00e9n tenemos en marcha la contrataci\u00f3n de aviones hidrantes adem\u00e1s de los dos helic\u00f3pteros de la Polic\u00eda de Entre R\u00edos\u201d, apunt\u00f3 Bordet. Tambi\u00e9n sostuvo que \u201cestamos conviniendo con los bomberos voluntarios de la provincia\u201d, y record\u00f3 que \u201chemos capacitado 150 bomberos voluntarios para incendios forestales\u201d.<\/p>\n<p>En ese marco, el mandatario entrerriano resalt\u00f3 \u201clo m\u00e1s importante es trabajar en conjunto\u201d y les transmiti\u00f3 a las y los presentes que la decisi\u00f3n del gobierno de su gobierno es \u201cllevar adelante las acciones permanentes que sean necesarias, trabajando y respaldando el accionar en el territorio\u201d.<br \/>\nAcompa\u00f1aron al mandatario entrerriano, la vicegobernadora Laura Stratta, la ministra de Gobierno, Rosario Romero, el Secretario General de la Gobernaci\u00f3n, Franco Ferrari, la secretaria de Ambiente, Daniela Garc\u00eda, el Jefe de la Polic\u00eda, Gustavo Maslein, el director de Regi\u00f3n Centro de la PNA, Rogelio Gustavo Pellegrino; y el senador por Victoria, Gast\u00f3n Bagnat, entre otros funcionarios y funcionarias.<\/p>\n<p>Al respecto, la ministra de Gobierno, Rosario Romero, detall\u00f3 que \u00abel gobernador, que presidi\u00f3 la reuni\u00f3n, hizo hincapi\u00e9 en la coordinaci\u00f3n necesaria, y por eso agradeci\u00f3 a todos los que concurrieron, y en la prevenci\u00f3n\u00bb.<\/p>\n<p>En ese sentido, apunt\u00f3 que se trabaj\u00f3 en \u00abel c\u00f3mo se hacen medidas entre los distintos Estados que eviten el inicio del fuego porque en el combate ya se est\u00e1. Hay comandos de combate, y se est\u00e1 pensando en otros comandos de combates del fuego, pero lo m\u00e1s importante y sobre lo que estamos fijando la mirada en este momento, es en la prevenci\u00f3n\u00bb, remarc\u00f3.<\/p>\n<p><b>\u201cTomar conciencia\u201d<\/b><\/p>\n<p>Por su parte, el intendente de Victoria, Domingo Maiocco, destac\u00f3 la labor coordinada entre provincia y municipio. \u00abHay un di\u00e1logo permanente. Es f\u00e1cil la coordinaci\u00f3n entre nosotros. Me voy muy conforme de la reuni\u00f3n porque el informe t\u00e9cnico se\u00f1ala que hoy los focos est\u00e1n controlados y en v\u00edas de extinci\u00f3n\u00bb, remarc\u00f3.<\/p>\n<p>\u00abDe ahora en m\u00e1s lo que se tienen que hacer es que no se vuelva a prender fuego, y esto tienen que ver mucho con las acciones preventivas que debemos tener en forma permanente, y eso es lo que se ha estado evaluando. En ese camino tenemos que conducirnos porque a corto plazo no hay pron\u00f3sticos de grandes lluvias, sino todo lo contrario porque estamos bajo los efectos de la tercer Ni\u00f1a consecutiva, y nos hace avizorar problemas\u00bb, entendi\u00f3.<\/p>\n<p>En sentido, insisti\u00f3 en \u00abla importancia que la gente tome conciencia y el trabajo articulado en acciones preventivas\u00bb<\/p>\n<p><b>Estado de situaci\u00f3n<\/b><\/p>\n<p>Por su parte, la secretar\u00eda de Ambiente de Entre R\u00edos, Daniela Garc\u00eda, inform\u00f3 que est\u00e1n controlados los incendios en islas del Delta, frente a Rosario, y que se trabaja en dos focos frente a San Pedro que estar\u00e1n controlados durante la jornada. \u00abMontamos una guardia permanente para monitorear la situaci\u00f3n\u00bb.<\/p>\n<p>\u00abSe lograron controlar cinco focos de incendio en islas del Delta, frente a Rosario, antes de la lluvia. Si bien no llovi\u00f3 mucho, ayud\u00f3 a enfriar el territorio y este lunes no hay focos activos\u00bb, explic\u00f3 Garc\u00eda antes de agregar que \u00abfrente a la localidad bonaerense de San Nicol\u00e1s, hay dos focos activos sobre los que se est\u00e1 trabajando para combatirlos\u00bb.<\/p>\n<p>Adem\u00e1s, hay una guardia permanente en Puerto Alvear que se mantendr\u00e1 por al menos 50 d\u00edas, conformada por brigadistas de Santa Fe y Entre R\u00edos y Polic\u00eda de Entre R\u00edos, con medios a\u00e9reos. Realizar\u00e1n patrullajes diarios para monitorear la situaci\u00f3n.<\/p>\n<p>\u00abFrente a San Pedro tambi\u00e9n est\u00e1 controlada la situaci\u00f3n, all\u00ed se realiza un trabajo articulado con productores de la zona que pusieron a disposici\u00f3n maquinarias para realizar cortafuegos\u00bb, indic\u00f3 la secretaria de Ambiente de la provincia.<\/p>\n<p>Por otra parte, aclar\u00f3 que \u00abcontrolados no significa extinguidos. El t\u00e9rmino extinguido se usa cuando el equipo que est\u00e1 trabajando en el lugar considera que ese foco no puede volver a prenderse\u00bb.<\/p>\n<p><b>Presencias<\/b><\/p>\n<p>Estuvieron tambi\u00e9n presentes el senador Gast\u00f3n Bagnat, el director de Defensa Civil, Lautaro L\u00f3pez; y el coordinador de Control y Fiscalizaci\u00f3n Ambiente, Mauro Rodr\u00edguez. Por la Polic\u00eda de Entre R\u00edos, participaron el jefe de Polic\u00eda, Gustavo Maslein; el jefe Departamental Victoria, Omar Regondi; el subdirector de Prevenci\u00f3n Delitos Rurales, Gast\u00f3n Silvetti.<\/p>\n<p>Por Prefectura Naval Argentina, tambi\u00e9n estuvieron presentes el prefecto de Zona Bajo Paran\u00e1, Mauricio Oscar Vel\u00e1squez; el jefe de la Prefectura Paran\u00e1, Julio Ignacio Santana; el jefe prefectura Victoria, Adrian Marcelo Recabarren; y el oficial auxiliar H\u00e9ctor Olivera, en representaci\u00f3n del jefe de Operaciones Diamante, Andr\u00e9s Alejandro Romero.<\/p>\n","protected":false},"excerpt":{"rendered":"<p>El gobernador Gustavo Bordet hizo \u00e9nfasis en el control y la extinci\u00f3n de los focos actuales y en el dise\u00f1o de un plan de acciones para prevenir y evitar nuevos incendios en las m\u00e1s de un mill\u00f3n y medio de hect\u00e1reas que componen el delta entrerriano.<\/p>\n","protected":false},"author":8,"featured_media":87330,"comment_status":"open","ping_status":"open","sticky":false,"template":"","format":"standard","meta":{"fifu_image_url":"","fifu_image_alt":"","footnotes":""},"categories":[6],"tags":[281,167],"class_list":{"0":"post-87329","1":"post","2":"type-post","3":"status-publish","4":"format-standard","5":"has-post-thumbnail","7":"category-entre-rios","8":"tag-delta","9":"tag-gustavo-bordet"},"yoast_head":"<title>Bordet convoc\u00f3 a Prefectura, autoridades provinciales y municipales por el control en el Delta - Informe Litoral<\/title>\n<meta name=\"robots\" content=\"index, follow, max-snippet:-1, max-image-preview:large, max-video-preview:-1\" \/>\n<link rel=\"canonical\" href=\"https:\/\/informelitoral.com.ar\/bordet-convoco-a-prefectura-autoridades-provinciales-y-municipales-por-el-control-en-el-delta\/\" \/>\n<meta property=\"og:locale\" content=\"es_ES\" \/>\n<meta property=\"og:type\" content=\"article\" \/>\n<meta property=\"og:title\" content=\"Bordet convoc\u00f3 a Prefectura, autoridades provinciales y municipales por el control en el Delta - Informe Litoral\" \/>\n<meta property=\"og:description\" content=\"El gobernador Gustavo Bordet hizo \u00e9nfasis en el control y la extinci\u00f3n de los focos actuales y en el dise\u00f1o de un plan de acciones para prevenir y evitar nuevos incendios en las m\u00e1s de un mill\u00f3n y medio de hect\u00e1reas que componen el delta entrerriano.\" \/>\n<meta property=\"og:url\" content=\"https:\/\/informelitoral.com.ar\/bordet-convoco-a-prefectura-autoridades-provinciales-y-municipales-por-el-control-en-el-delta\/\" \/>\n<meta property=\"og:site_name\" content=\"Informe Litoral\" \/>\n<meta property=\"article:publisher\" content=\"https:\/\/www.facebook.com\/informelitoral\/\" \/>\n<meta property=\"article:published_time\" content=\"2022-09-20T10:50:22+00:00\" \/>\n<meta property=\"article:modified_time\" content=\"2022-09-20T11:36:41+00:00\" \/>\n<meta property=\"og:image\" content=\"https:\/\/informelitoral.com.ar\/%77%70%2d%63%6f%6e%74%65%6e%74\/uploads\/2022\/09\/p_1663617062.jpg\" \/>\n\t<meta property=\"og:image:width\" content=\"1920\" \/>\n\t<meta property=\"og:image:height\" content=\"800\" \/>\n\t<meta property=\"og:image:type\" content=\"image\/jpeg\" \/>\n<meta name=\"author\" content=\"Sebastian\" \/>\n<meta name=\"twitter:card\" content=\"summary_large_image\" \/>\n<meta name=\"twitter:creator\" content=\"@InformeLitoral\" \/>\n<meta name=\"twitter:site\" content=\"@InformeLitoral\" \/>\n<meta name=\"twitter:label1\" content=\"Escrito por\" \/>\n\t<meta name=\"twitter:data1\" content=\"Sebastian\" \/>\n\t<meta name=\"twitter:label2\" content=\"Tiempo de lectura\" \/>\n\t<meta name=\"twitter:data2\" content=\"5 minutos\" \/>\n<script type=\"application\/ld+json\" class=\"yoast-schema-graph\">{\"@context\":\"https:\\\/\\\/schema.org\",\"@graph\":[{\"@type\":\"Article\",\"@id\":\"https:\\\/\\\/informelitoral.com.ar\\\/bordet-convoco-a-prefectura-autoridades-provinciales-y-municipales-por-el-control-en-el-delta\\\/#article\",\"isPartOf\":{\"@id\":\"https:\\\/\\\/informelitoral.com.ar\\\/bordet-convoco-a-prefectura-autoridades-provinciales-y-municipales-por-el-control-en-el-delta\\\/\"},\"author\":{\"name\":\"Sebastian\",\"@id\":\"https:\\\/\\\/informelitoral.com.ar\\\/#\\\/schema\\\/person\\\/f05f9f461677119578717524b127d6d5\"},\"headline\":\"Bordet convoc\u00f3 a Prefectura, autoridades provinciales y municipales por el control en el Delta\",\"datePublished\":\"2022-09-20T10:50:22+00:00\",\"dateModified\":\"2022-09-20T11:36:41+00:00\",\"mainEntityOfPage\":{\"@id\":\"https:\\\/\\\/informelitoral.com.ar\\\/bordet-convoco-a-prefectura-autoridades-provinciales-y-municipales-por-el-control-en-el-delta\\\/\"},\"wordCount\":953,\"commentCount\":0,\"publisher\":{\"@id\":\"https:\\\/\\\/informelitoral.com.ar\\\/#organization\"},\"image\":{\"@id\":\"https:\\\/\\\/informelitoral.com.ar\\\/bordet-convoco-a-prefectura-autoridades-provinciales-y-municipales-por-el-control-en-el-delta\\\/#primaryimage\"},\"thumbnailUrl\":\"https:\\\/\\\/informelitoral.com.ar\\\/%77%70%2d%63%6f%6e%74%65%6e%74\\\/uploads\\\/2022\\\/09\\\/p_1663617062.jpg\",\"keywords\":[\"Delta\",\"Gustavo Bordet\"],\"articleSection\":[\"Entre R\u00edos\"],\"inLanguage\":\"es\",\"potentialAction\":[{\"@type\":\"CommentAction\",\"name\":\"Comment\",\"target\":[\"https:\\\/\\\/informelitoral.com.ar\\\/bordet-convoco-a-prefectura-autoridades-provinciales-y-municipales-por-el-control-en-el-delta\\\/#respond\"]}]},{\"@type\":\"WebPage\",\"@id\":\"https:\\\/\\\/informelitoral.com.ar\\\/bordet-convoco-a-prefectura-autoridades-provinciales-y-municipales-por-el-control-en-el-delta\\\/\",\"url\":\"https:\\\/\\\/informelitoral.com.ar\\\/bordet-convoco-a-prefectura-autoridades-provinciales-y-municipales-por-el-control-en-el-delta\\\/\",\"name\":\"Bordet convoc\u00f3 a Prefectura, autoridades provinciales y municipales por el control en el Delta - Informe Litoral\",\"isPartOf\":{\"@id\":\"https:\\\/\\\/informelitoral.com.ar\\\/#website\"},\"primaryImageOfPage\":{\"@id\":\"https:\\\/\\\/informelitoral.com.ar\\\/bordet-convoco-a-prefectura-autoridades-provinciales-y-municipales-por-el-control-en-el-delta\\\/#primaryimage\"},\"image\":{\"@id\":\"https:\\\/\\\/informelitoral.com.ar\\\/bordet-convoco-a-prefectura-autoridades-provinciales-y-municipales-por-el-control-en-el-delta\\\/#primaryimage\"},\"thumbnailUrl\":\"https:\\\/\\\/informelitoral.com.ar\\\/%77%70%2d%63%6f%6e%74%65%6e%74\\\/uploads\\\/2022\\\/09\\\/p_1663617062.jpg\",\"datePublished\":\"2022-09-20T10:50:22+00:00\",\"dateModified\":\"2022-09-20T11:36:41+00:00\",\"breadcrumb\":{\"@id\":\"https:\\\/\\\/informelitoral.com.ar\\\/bordet-convoco-a-prefectura-autoridades-provinciales-y-municipales-por-el-control-en-el-delta\\\/#breadcrumb\"},\"inLanguage\":\"es\",\"potentialAction\":[{\"@type\":\"ReadAction\",\"target\":[\"https:\\\/\\\/informelitoral.com.ar\\\/bordet-convoco-a-prefectura-autoridades-provinciales-y-municipales-por-el-control-en-el-delta\\\/\"]}]},{\"@type\":\"ImageObject\",\"inLanguage\":\"es\",\"@id\":\"https:\\\/\\\/informelitoral.com.ar\\\/bordet-convoco-a-prefectura-autoridades-provinciales-y-municipales-por-el-control-en-el-delta\\\/#primaryimage\",\"url\":\"https:\\\/\\\/informelitoral.com.ar\\\/%77%70%2d%63%6f%6e%74%65%6e%74\\\/uploads\\\/2022\\\/09\\\/p_1663617062.jpg\",\"contentUrl\":\"https:\\\/\\\/informelitoral.com.ar\\\/%77%70%2d%63%6f%6e%74%65%6e%74\\\/uploads\\\/2022\\\/09\\\/p_1663617062.jpg\",\"width\":1920,\"height\":800},{\"@type\":\"BreadcrumbList\",\"@id\":\"https:\\\/\\\/informelitoral.com.ar\\\/bordet-convoco-a-prefectura-autoridades-provinciales-y-municipales-por-el-control-en-el-delta\\\/#breadcrumb\",\"itemListElement\":[{\"@type\":\"ListItem\",\"position\":1,\"name\":\"Portada\",\"item\":\"https:\\\/\\\/informelitoral.com.ar\\\/\"},{\"@type\":\"ListItem\",\"position\":2,\"name\":\"Bordet convoc\u00f3 a Prefectura, autoridades provinciales y municipales por el control en el Delta\"}]},{\"@type\":\"WebSite\",\"@id\":\"https:\\\/\\\/informelitoral.com.ar\\\/#website\",\"url\":\"https:\\\/\\\/informelitoral.com.ar\\\/\",\"name\":\"Informe Litoral\",\"description\":\"&quot;Nos informamos&quot; \",\"publisher\":{\"@id\":\"https:\\\/\\\/informelitoral.com.ar\\\/#organization\"},\"potentialAction\":[{\"@type\":\"SearchAction\",\"target\":{\"@type\":\"EntryPoint\",\"urlTemplate\":\"https:\\\/\\\/informelitoral.com.ar\\\/?s={search_term_string}\"},\"query-input\":{\"@type\":\"PropertyValueSpecification\",\"valueRequired\":true,\"valueName\":\"search_term_string\"}}],\"inLanguage\":\"es\"},{\"@type\":\"Organization\",\"@id\":\"https:\\\/\\\/informelitoral.com.ar\\\/#organization\",\"name\":\"Informe Litoral\",\"url\":\"https:\\\/\\\/informelitoral.com.ar\\\/\",\"logo\":{\"@type\":\"ImageObject\",\"inLanguage\":\"es\",\"@id\":\"https:\\\/\\\/informelitoral.com.ar\\\/#\\\/schema\\\/logo\\\/image\\\/\",\"url\":\"https:\\\/\\\/informelitoral.com.ar\\\/%77%70%2d%63%6f%6e%74%65%6e%74\\\/uploads\\\/2021\\\/01\\\/circulo.png\",\"contentUrl\":\"https:\\\/\\\/informelitoral.com.ar\\\/%77%70%2d%63%6f%6e%74%65%6e%74\\\/uploads\\\/2021\\\/01\\\/circulo.png\",\"width\":723,\"height\":731,\"caption\":\"Informe Litoral\"},\"image\":{\"@id\":\"https:\\\/\\\/informelitoral.com.ar\\\/#\\\/schema\\\/logo\\\/image\\\/\"},\"sameAs\":[\"https:\\\/\\\/www.facebook.com\\\/informelitoral\\\/\",\"https:\\\/\\\/x.com\\\/InformeLitoral\",\"https:\\\/\\\/www.instagram.com\\\/informelitoral\\\/\",\"https:\\\/\\\/www.youtube.com\\\/channel\\\/UCua4Qvz8Icb6MYqhoq9xLXw\"]},{\"@type\":\"Person\",\"@id\":\"https:\\\/\\\/informelitoral.com.ar\\\/#\\\/schema\\\/person\\\/f05f9f461677119578717524b127d6d5\",\"name\":\"Sebastian\",\"image\":{\"@type\":\"ImageObject\",\"inLanguage\":\"es\",\"@id\":\"https:\\\/\\\/secure.gravatar.com\\\/avatar\\\/b71bf7481d447dfb9583c7f2798e7cc64de6efb9067b74633ed8c31059a3bd82?s=96&d=mm&r=g\",\"url\":\"https:\\\/\\\/secure.gravatar.com\\\/avatar\\\/b71bf7481d447dfb9583c7f2798e7cc64de6efb9067b74633ed8c31059a3bd82?s=96&d=mm&r=g\",\"contentUrl\":\"https:\\\/\\\/secure.gravatar.com\\\/avatar\\\/b71bf7481d447dfb9583c7f2798e7cc64de6efb9067b74633ed8c31059a3bd82?s=96&d=mm&r=g\",\"caption\":\"Sebastian\"},\"url\":\"https:\\\/\\\/informelitoral.com.ar\\\/author\\\/sebastian\\\/\"}]}<\/script>","yoast_head_json":{"title":"Bordet convoc\u00f3 a Prefectura, autoridades provinciales y municipales por el control en el Delta - Informe Litoral","robots":{"index":"index","follow":"follow","max-snippet":"max-snippet:-1","max-image-preview":"max-image-preview:large","max-video-preview":"max-video-preview:-1"},"canonical":"https:\/\/informelitoral.com.ar\/bordet-convoco-a-prefectura-autoridades-provinciales-y-municipales-por-el-control-en-el-delta\/","og_locale":"es_ES","og_type":"article","og_title":"Bordet convoc\u00f3 a Prefectura, autoridades provinciales y municipales por el control en el Delta - Informe Litoral","og_description":"El gobernador Gustavo Bordet hizo \u00e9nfasis en el control y la extinci\u00f3n de los focos actuales y en el dise\u00f1o de un plan de acciones para prevenir y evitar nuevos incendios en las m\u00e1s de un mill\u00f3n y medio de hect\u00e1reas que componen el delta entrerriano.","og_url":"https:\/\/informelitoral.com.ar\/bordet-convoco-a-prefectura-autoridades-provinciales-y-municipales-por-el-control-en-el-delta\/","og_site_name":"Informe Litoral","article_publisher":"https:\/\/www.facebook.com\/informelitoral\/","article_published_time":"2022-09-20T10:50:22+00:00","article_modified_time":"2022-09-20T11:36:41+00:00","og_image":[{"width":1920,"height":800,"url":"https:\/\/informelitoral.com.ar\/%77%70%2d%63%6f%6e%74%65%6e%74\/uploads\/2022\/09\/p_1663617062.jpg","type":"image\/jpeg"}],"author":"Sebastian","twitter_card":"summary_large_image","twitter_creator":"@InformeLitoral","twitter_site":"@InformeLitoral","twitter_misc":{"Escrito por":"Sebastian","Tiempo de lectura":"5 minutos"},"schema":{"@context":"https:\/\/schema.org","@graph":[{"@type":"Article","@id":"https:\/\/informelitoral.com.ar\/bordet-convoco-a-prefectura-autoridades-provinciales-y-municipales-por-el-control-en-el-delta\/#article","isPartOf":{"@id":"https:\/\/informelitoral.com.ar\/bordet-convoco-a-prefectura-autoridades-provinciales-y-municipales-por-el-control-en-el-delta\/"},"author":{"name":"Sebastian","@id":"https:\/\/informelitoral.com.ar\/#\/schema\/person\/f05f9f461677119578717524b127d6d5"},"headline":"Bordet convoc\u00f3 a Prefectura, autoridades provinciales y municipales por el control en el Delta","datePublished":"2022-09-20T10:50:22+00:00","dateModified":"2022-09-20T11:36:41+00:00","mainEntityOfPage":{"@id":"https:\/\/informelitoral.com.ar\/bordet-convoco-a-prefectura-autoridades-provinciales-y-municipales-por-el-control-en-el-delta\/"},"wordCount":953,"commentCount":0,"publisher":{"@id":"https:\/\/informelitoral.com.ar\/#organization"},"image":{"@id":"https:\/\/informelitoral.com.ar\/bordet-convoco-a-prefectura-autoridades-provinciales-y-municipales-por-el-control-en-el-delta\/#primaryimage"},"thumbnailUrl":"https:\/\/informelitoral.com.ar\/%77%70%2d%63%6f%6e%74%65%6e%74\/uploads\/2022\/09\/p_1663617062.jpg","keywords":["Delta","Gustavo Bordet"],"articleSection":["Entre R\u00edos"],"inLanguage":"es","potentialAction":[{"@type":"CommentAction","name":"Comment","target":["https:\/\/informelitoral.com.ar\/bordet-convoco-a-prefectura-autoridades-provinciales-y-municipales-por-el-control-en-el-delta\/#respond"]}]},{"@type":"WebPage","@id":"https:\/\/informelitoral.com.ar\/bordet-convoco-a-prefectura-autoridades-provinciales-y-municipales-por-el-control-en-el-delta\/","url":"https:\/\/informelitoral.com.ar\/bordet-convoco-a-prefectura-autoridades-provinciales-y-municipales-por-el-control-en-el-delta\/","name":"Bordet convoc\u00f3 a Prefectura, autoridades provinciales y municipales por el control en el Delta - Informe Litoral","isPartOf":{"@id":"https:\/\/informelitoral.com.ar\/#website"},"primaryImageOfPage":{"@id":"https:\/\/informelitoral.com.ar\/bordet-convoco-a-prefectura-autoridades-provinciales-y-municipales-por-el-control-en-el-delta\/#primaryimage"},"image":{"@id":"https:\/\/informelitoral.com.ar\/bordet-convoco-a-prefectura-autoridades-provinciales-y-municipales-por-el-control-en-el-delta\/#primaryimage"},"thumbnailUrl":"https:\/\/informelitoral.com.ar\/%77%70%2d%63%6f%6e%74%65%6e%74\/uploads\/2022\/09\/p_1663617062.jpg","datePublished":"2022-09-20T10:50:22+00:00","dateModified":"2022-09-20T11:36:41+00:00","breadcrumb":{"@id":"https:\/\/informelitoral.com.ar\/bordet-convoco-a-prefectura-autoridades-provinciales-y-municipales-por-el-control-en-el-delta\/#breadcrumb"},"inLanguage":"es","potentialAction":[{"@type":"ReadAction","target":["https:\/\/informelitoral.com.ar\/bordet-convoco-a-prefectura-autoridades-provinciales-y-municipales-por-el-control-en-el-delta\/"]}]},{"@type":"ImageObject","inLanguage":"es","@id":"https:\/\/informelitoral.com.ar\/bordet-convoco-a-prefectura-autoridades-provinciales-y-municipales-por-el-control-en-el-delta\/#primaryimage","url":"https:\/\/informelitoral.com.ar\/%77%70%2d%63%6f%6e%74%65%6e%74\/uploads\/2022\/09\/p_1663617062.jpg","contentUrl":"https:\/\/informelitoral.com.ar\/%77%70%2d%63%6f%6e%74%65%6e%74\/uploads\/2022\/09\/p_1663617062.jpg","width":1920,"height":800},{"@type":"BreadcrumbList","@id":"https:\/\/informelitoral.com.ar\/bordet-convoco-a-prefectura-autoridades-provinciales-y-municipales-por-el-control-en-el-delta\/#breadcrumb","itemListElement":[{"@type":"ListItem","position":1,"name":"Portada","item":"https:\/\/informelitoral.com.ar\/"},{"@type":"ListItem","position":2,"name":"Bordet convoc\u00f3 a Prefectura, autoridades provinciales y municipales por el control en el Delta"}]},{"@type":"WebSite","@id":"https:\/\/informelitoral.com.ar\/#website","url":"https:\/\/informelitoral.com.ar\/","name":"Informe Litoral","description":"&quot;Nos informamos&quot; ","publisher":{"@id":"https:\/\/informelitoral.com.ar\/#organization"},"potentialAction":[{"@type":"SearchAction","target":{"@type":"EntryPoint","urlTemplate":"https:\/\/informelitoral.com.ar\/?s={search_term_string}"},"query-input":{"@type":"PropertyValueSpecification","valueRequired":true,"valueName":"search_term_string"}}],"inLanguage":"es"},{"@type":"Organization","@id":"https:\/\/informelitoral.com.ar\/#organization","name":"Informe Litoral","url":"https:\/\/informelitoral.com.ar\/","logo":{"@type":"ImageObject","inLanguage":"es","@id":"https:\/\/informelitoral.com.ar\/#\/schema\/logo\/image\/","url":"https:\/\/informelitoral.com.ar\/%77%70%2d%63%6f%6e%74%65%6e%74\/uploads\/2021\/01\/circulo.png","contentUrl":"https:\/\/informelitoral.com.ar\/%77%70%2d%63%6f%6e%74%65%6e%74\/uploads\/2021\/01\/circulo.png","width":723,"height":731,"caption":"Informe Litoral"},"image":{"@id":"https:\/\/informelitoral.com.ar\/#\/schema\/logo\/image\/"},"sameAs":["https:\/\/www.facebook.com\/informelitoral\/","https:\/\/x.com\/InformeLitoral","https:\/\/www.instagram.com\/informelitoral\/","https:\/\/www.youtube.com\/channel\/UCua4Qvz8Icb6MYqhoq9xLXw"]},{"@type":"Person","@id":"https:\/\/informelitoral.com.ar\/#\/schema\/person\/f05f9f461677119578717524b127d6d5","name":"Sebastian","image":{"@type":"ImageObject","inLanguage":"es","@id":"https:\/\/secure.gravatar.com\/avatar\/b71bf7481d447dfb9583c7f2798e7cc64de6efb9067b74633ed8c31059a3bd82?s=96&d=mm&r=g","url":"https:\/\/secure.gravatar.com\/avatar\/b71bf7481d447dfb9583c7f2798e7cc64de6efb9067b74633ed8c31059a3bd82?s=96&d=mm&r=g","contentUrl":"https:\/\/secure.gravatar.com\/avatar\/b71bf7481d447dfb9583c7f2798e7cc64de6efb9067b74633ed8c31059a3bd82?s=96&d=mm&r=g","caption":"Sebastian"},"url":"https:\/\/informelitoral.com.ar\/author\/sebastian\/"}]}},"_links":{"self":[{"href":"https:\/\/informelitoral.com.ar\/%77%70%2d%6a%73%6f%6e\/wp\/v2\/posts\/87329","targetHints":{"allow":["GET"]}}],"collection":[{"href":"https:\/\/informelitoral.com.ar\/%77%70%2d%6a%73%6f%6e\/wp\/v2\/posts"}],"about":[{"href":"https:\/\/informelitoral.com.ar\/%77%70%2d%6a%73%6f%6e\/wp\/v2\/types\/post"}],"author":[{"embeddable":true,"href":"https:\/\/informelitoral.com.ar\/%77%70%2d%6a%73%6f%6e\/wp\/v2\/users\/8"}],"replies":[{"embeddable":true,"href":"https:\/\/informelitoral.com.ar\/%77%70%2d%6a%73%6f%6e\/wp\/v2\/comments?post=87329"}],"version-history":[{"count":0,"href":"https:\/\/informelitoral.com.ar\/%77%70%2d%6a%73%6f%6e\/wp\/v2\/posts\/87329\/revisions"}],"wp:featuredmedia":[{"embeddable":true,"href":"https:\/\/informelitoral.com.ar\/%77%70%2d%6a%73%6f%6e\/wp\/v2\/media\/87330"}],"wp:attachment":[{"href":"https:\/\/informelitoral.com.ar\/%77%70%2d%6a%73%6f%6e\/wp\/v2\/media?parent=87329"}],"wp:term":[{"taxonomy":"category","embeddable":true,"href":"https:\/\/informelitoral.com.ar\/%77%70%2d%6a%73%6f%6e\/wp\/v2\/categories?post=87329"},{"taxonomy":"post_tag","embeddable":true,"href":"https:\/\/informelitoral.com.ar\/%77%70%2d%6a%73%6f%6e\/wp\/v2\/tags?post=87329"}],"curies":[{"name":"wp","href":"https:\/\/api.w.org\/{rel}","templated":true}]}}