{"id":87317,"date":"2022-09-20T08:19:46","date_gmt":"2022-09-20T11:19:46","guid":{"rendered":"https:\/\/www.informelitoral.com.ar\/?p=87317"},"modified":"2022-09-20T08:20:05","modified_gmt":"2022-09-20T11:20:05","slug":"sigue-la-inestabilidad-cuando-mejorara-el-tiempo-y-volveran-los-dias-soleados","status":"publish","type":"post","link":"https:\/\/informelitoral.com.ar\/sigue-la-inestabilidad-cuando-mejorara-el-tiempo-y-volveran-los-dias-soleados\/","title":{"rendered":"Sigue la inestabilidad: cu\u00e1ndo mejorar\u00e1 el tiempo y volver\u00e1n los d\u00edas soleados"},"content":{"rendered":"<p>El centro y norte del pa\u00eds atraviesa un periodo inestable, que trajo el retorno de las lluvias.<\/p>\n<p>Para hoy en Entre R\u00edos se prev\u00e9 otra jornada con mayormente nublada, aunque podr\u00eda haber momentos con mejoramientos temporarios. Asimismo, se espera que la inestabilidad vaya ganando terreno, con provincial con probabilidad de lluvias y algunas tormentas aisladas, sobre todo por la tarde o noche. La temperatura m\u00e1xima estar\u00eda entre los 20 y 23 grados.<\/p>\n<p><b>Al menos hasta ma\u00f1ana la inestabilidad va a persistir<\/b>\u00a0en buena parte del centro y norte de Argentina, aunque\u00a0<b>no se esperan eventos destacados de lluvias y\/o tormentas<\/b>, ser\u00e1n\u00a0<b>jornadas templadas y h\u00famedas con presencia de abundante nubosidad, y algunas lluvias pasajeras<\/b>\u00a0que dejar\u00edan escasos mil\u00edmetros de precipitaci\u00f3n.<\/p>\n<p>El Servicio Meteorol\u00f3gico Nacional prev\u00e9 que las condiciones en Entre R\u00edos empezar\u00edan a mejorar el mi\u00e9rcoles por la tarde o el jueves. A partir de entonces ser\u00e1n jornadas mayormente soleadas y los registros t\u00e9rmicos m\u00e1ximos volver\u00e1n a rondar los 25 grados.<\/p>\n<p><b>Alerta de nivel rojo por lluvias intensas y persistentes para el este de la Patagonia<\/b><\/p>\n<p>El Servicio Meteorol\u00f3gico Nacional (SMN) emiti\u00f3 un alerta de nivel rojo por lluvias para la tarde de ma\u00f1ana martes, 20 de septiembre, para el este de la Patagonia, en la Costa del Golfo San Jorge, donde las precipitaciones ya se intensificar\u00e1n esta noche debido a la formaci\u00f3n de un sistema de baja presi\u00f3n que tendr\u00e1 un desplazamiento muy lento, favoreciendo as\u00ed la persistencia del fen\u00f3meno.<\/p>\n<p>Seg\u00fan la \u00faltima actualizaci\u00f3n del Sistema de Alerta Temprana del SMIN, se espera que los valores de precipitaci\u00f3n acumulada \u00abse encuentren entre 50 y 80 mm, aunque no se descarta que se superen esos umbrales de manera puntual\u00bb.<\/p>\n<p>\u00abAdem\u00e1s, en zonas alejadas de la costa, y especialmente en las zonas m\u00e1s elevadas, se espera que se registren nevadas que pueden acumular m\u00e1s de 20 cent\u00edmetros de nieve, agreg\u00f3 el organismo.<\/p>\n<p>Si bien las lluvias m\u00e1s intensas ocurrir\u00e1n en la tarde de ma\u00f1ana martes, periodo en el que el alerta es de nivel rojo-, hay que destacar que las precipitaciones intensas y los alertas de nivel amarillo y naranja se mantienen desde el lunes 10 hasta la madrugada del mi\u00e9rcoles 21.<\/p>\n<p>Asimismo, la costa del central de Patagonia tambi\u00e9n \u00abpresentar\u00e1 condiciones ventosas, con viento que predominar\u00e1 del sector sur, sureste y este\u00bb.<\/p>\n<p>\u00abEs posible que estas condiciones del viento impidan o dificulten el normal escurrimiento hacia el mar de la escorrent\u00eda\u00bb, a\u00f1adi\u00f3 el SMN.<\/p>\n<p>A su vez, gran parte de la costa de la provincia de Chubut se encuentra bajo alerta de nivel naranja por lluvias. En esta zona se esperan precipitaciones acumuladas de entre 40 y 60 mm en promedio, mientras que durante la tarde del martes las lluvias ir\u00e1n disminuyendo su intensidad.<\/p>\n","protected":false},"excerpt":{"rendered":"<p>El centro y norte del pa\u00eds atraviesa un periodo inestable, con jornadas h\u00famedas, abundante nubosidad y algunas lluvias pasajeras. As\u00ed seguir\u00eda hasta ma\u00f1ana. Luego, por varios d\u00edas retornar\u00eda la estabilidad a la zona.<\/p>\n","protected":false},"author":8,"featured_media":87318,"comment_status":"open","ping_status":"open","sticky":false,"template":"","format":"standard","meta":{"fifu_image_url":"","fifu_image_alt":"","footnotes":""},"categories":[6],"tags":[113],"class_list":{"0":"post-87317","1":"post","2":"type-post","3":"status-publish","4":"format-standard","5":"has-post-thumbnail","7":"category-entre-rios","8":"tag-smn"},"yoast_head":"<title>Sigue la inestabilidad: cu\u00e1ndo mejorar\u00e1 el tiempo y volver\u00e1n los d\u00edas soleados - Informe Litoral<\/title>\n<meta name=\"robots\" content=\"index, follow, max-snippet:-1, max-image-preview:large, max-video-preview:-1\" \/>\n<link rel=\"canonical\" href=\"https:\/\/informelitoral.com.ar\/sigue-la-inestabilidad-cuando-mejorara-el-tiempo-y-volveran-los-dias-soleados\/\" \/>\n<meta property=\"og:locale\" content=\"es_ES\" \/>\n<meta property=\"og:type\" content=\"article\" \/>\n<meta property=\"og:title\" content=\"Sigue la inestabilidad: cu\u00e1ndo mejorar\u00e1 el tiempo y volver\u00e1n los d\u00edas soleados - Informe Litoral\" \/>\n<meta property=\"og:description\" content=\"El centro y norte del pa\u00eds atraviesa un periodo inestable, con jornadas h\u00famedas, abundante nubosidad y algunas lluvias pasajeras. As\u00ed seguir\u00eda hasta ma\u00f1ana. Luego, por varios d\u00edas retornar\u00eda la estabilidad a la zona.\" \/>\n<meta property=\"og:url\" content=\"https:\/\/informelitoral.com.ar\/sigue-la-inestabilidad-cuando-mejorara-el-tiempo-y-volveran-los-dias-soleados\/\" \/>\n<meta property=\"og:site_name\" content=\"Informe Litoral\" \/>\n<meta property=\"article:publisher\" content=\"https:\/\/www.facebook.com\/informelitoral\/\" \/>\n<meta property=\"article:published_time\" content=\"2022-09-20T11:19:46+00:00\" \/>\n<meta property=\"article:modified_time\" content=\"2022-09-20T11:20:05+00:00\" \/>\n<meta property=\"og:image\" content=\"https:\/\/informelitoral.com.ar\/%77%70%2d%63%6f%6e%74%65%6e%74\/uploads\/2022\/09\/Cielo-despejado.jpg\" \/>\n\t<meta property=\"og:image:width\" content=\"800\" \/>\n\t<meta property=\"og:image:height\" content=\"536\" \/>\n\t<meta property=\"og:image:type\" content=\"image\/jpeg\" \/>\n<meta name=\"author\" content=\"Sebastian\" \/>\n<meta name=\"twitter:card\" content=\"summary_large_image\" \/>\n<meta name=\"twitter:creator\" content=\"@InformeLitoral\" \/>\n<meta name=\"twitter:site\" content=\"@InformeLitoral\" \/>\n<meta name=\"twitter:label1\" content=\"Escrito por\" \/>\n\t<meta name=\"twitter:data1\" content=\"Sebastian\" \/>\n\t<meta name=\"twitter:label2\" content=\"Tiempo de lectura\" \/>\n\t<meta name=\"twitter:data2\" content=\"2 minutos\" \/>\n<script type=\"application\/ld+json\" class=\"yoast-schema-graph\">{\"@context\":\"https:\\\/\\\/schema.org\",\"@graph\":[{\"@type\":\"Article\",\"@id\":\"https:\\\/\\\/informelitoral.com.ar\\\/sigue-la-inestabilidad-cuando-mejorara-el-tiempo-y-volveran-los-dias-soleados\\\/#article\",\"isPartOf\":{\"@id\":\"https:\\\/\\\/informelitoral.com.ar\\\/sigue-la-inestabilidad-cuando-mejorara-el-tiempo-y-volveran-los-dias-soleados\\\/\"},\"author\":{\"name\":\"Sebastian\",\"@id\":\"https:\\\/\\\/informelitoral.com.ar\\\/#\\\/schema\\\/person\\\/f05f9f461677119578717524b127d6d5\"},\"headline\":\"Sigue la inestabilidad: cu\u00e1ndo mejorar\u00e1 el tiempo y volver\u00e1n los d\u00edas soleados\",\"datePublished\":\"2022-09-20T11:19:46+00:00\",\"dateModified\":\"2022-09-20T11:20:05+00:00\",\"mainEntityOfPage\":{\"@id\":\"https:\\\/\\\/informelitoral.com.ar\\\/sigue-la-inestabilidad-cuando-mejorara-el-tiempo-y-volveran-los-dias-soleados\\\/\"},\"wordCount\":499,\"commentCount\":0,\"publisher\":{\"@id\":\"https:\\\/\\\/informelitoral.com.ar\\\/#organization\"},\"image\":{\"@id\":\"https:\\\/\\\/informelitoral.com.ar\\\/sigue-la-inestabilidad-cuando-mejorara-el-tiempo-y-volveran-los-dias-soleados\\\/#primaryimage\"},\"thumbnailUrl\":\"https:\\\/\\\/informelitoral.com.ar\\\/%77%70%2d%63%6f%6e%74%65%6e%74\\\/uploads\\\/2022\\\/09\\\/Cielo-despejado.jpg\",\"keywords\":[\"SMN\"],\"articleSection\":[\"Entre R\u00edos\"],\"inLanguage\":\"es\",\"potentialAction\":[{\"@type\":\"CommentAction\",\"name\":\"Comment\",\"target\":[\"https:\\\/\\\/informelitoral.com.ar\\\/sigue-la-inestabilidad-cuando-mejorara-el-tiempo-y-volveran-los-dias-soleados\\\/#respond\"]}]},{\"@type\":\"WebPage\",\"@id\":\"https:\\\/\\\/informelitoral.com.ar\\\/sigue-la-inestabilidad-cuando-mejorara-el-tiempo-y-volveran-los-dias-soleados\\\/\",\"url\":\"https:\\\/\\\/informelitoral.com.ar\\\/sigue-la-inestabilidad-cuando-mejorara-el-tiempo-y-volveran-los-dias-soleados\\\/\",\"name\":\"Sigue la inestabilidad: cu\u00e1ndo mejorar\u00e1 el tiempo y volver\u00e1n los d\u00edas soleados - Informe Litoral\",\"isPartOf\":{\"@id\":\"https:\\\/\\\/informelitoral.com.ar\\\/#website\"},\"primaryImageOfPage\":{\"@id\":\"https:\\\/\\\/informelitoral.com.ar\\\/sigue-la-inestabilidad-cuando-mejorara-el-tiempo-y-volveran-los-dias-soleados\\\/#primaryimage\"},\"image\":{\"@id\":\"https:\\\/\\\/informelitoral.com.ar\\\/sigue-la-inestabilidad-cuando-mejorara-el-tiempo-y-volveran-los-dias-soleados\\\/#primaryimage\"},\"thumbnailUrl\":\"https:\\\/\\\/informelitoral.com.ar\\\/%77%70%2d%63%6f%6e%74%65%6e%74\\\/uploads\\\/2022\\\/09\\\/Cielo-despejado.jpg\",\"datePublished\":\"2022-09-20T11:19:46+00:00\",\"dateModified\":\"2022-09-20T11:20:05+00:00\",\"breadcrumb\":{\"@id\":\"https:\\\/\\\/informelitoral.com.ar\\\/sigue-la-inestabilidad-cuando-mejorara-el-tiempo-y-volveran-los-dias-soleados\\\/#breadcrumb\"},\"inLanguage\":\"es\",\"potentialAction\":[{\"@type\":\"ReadAction\",\"target\":[\"https:\\\/\\\/informelitoral.com.ar\\\/sigue-la-inestabilidad-cuando-mejorara-el-tiempo-y-volveran-los-dias-soleados\\\/\"]}]},{\"@type\":\"ImageObject\",\"inLanguage\":\"es\",\"@id\":\"https:\\\/\\\/informelitoral.com.ar\\\/sigue-la-inestabilidad-cuando-mejorara-el-tiempo-y-volveran-los-dias-soleados\\\/#primaryimage\",\"url\":\"https:\\\/\\\/informelitoral.com.ar\\\/%77%70%2d%63%6f%6e%74%65%6e%74\\\/uploads\\\/2022\\\/09\\\/Cielo-despejado.jpg\",\"contentUrl\":\"https:\\\/\\\/informelitoral.com.ar\\\/%77%70%2d%63%6f%6e%74%65%6e%74\\\/uploads\\\/2022\\\/09\\\/Cielo-despejado.jpg\",\"width\":800,\"height\":536},{\"@type\":\"BreadcrumbList\",\"@id\":\"https:\\\/\\\/informelitoral.com.ar\\\/sigue-la-inestabilidad-cuando-mejorara-el-tiempo-y-volveran-los-dias-soleados\\\/#breadcrumb\",\"itemListElement\":[{\"@type\":\"ListItem\",\"position\":1,\"name\":\"Portada\",\"item\":\"https:\\\/\\\/informelitoral.com.ar\\\/\"},{\"@type\":\"ListItem\",\"position\":2,\"name\":\"Sigue la inestabilidad: cu\u00e1ndo mejorar\u00e1 el tiempo y volver\u00e1n los d\u00edas soleados\"}]},{\"@type\":\"WebSite\",\"@id\":\"https:\\\/\\\/informelitoral.com.ar\\\/#website\",\"url\":\"https:\\\/\\\/informelitoral.com.ar\\\/\",\"name\":\"Informe Litoral\",\"description\":\"&quot;Nos informamos&quot; \",\"publisher\":{\"@id\":\"https:\\\/\\\/informelitoral.com.ar\\\/#organization\"},\"potentialAction\":[{\"@type\":\"SearchAction\",\"target\":{\"@type\":\"EntryPoint\",\"urlTemplate\":\"https:\\\/\\\/informelitoral.com.ar\\\/?s={search_term_string}\"},\"query-input\":{\"@type\":\"PropertyValueSpecification\",\"valueRequired\":true,\"valueName\":\"search_term_string\"}}],\"inLanguage\":\"es\"},{\"@type\":\"Organization\",\"@id\":\"https:\\\/\\\/informelitoral.com.ar\\\/#organization\",\"name\":\"Informe Litoral\",\"url\":\"https:\\\/\\\/informelitoral.com.ar\\\/\",\"logo\":{\"@type\":\"ImageObject\",\"inLanguage\":\"es\",\"@id\":\"https:\\\/\\\/informelitoral.com.ar\\\/#\\\/schema\\\/logo\\\/image\\\/\",\"url\":\"https:\\\/\\\/informelitoral.com.ar\\\/%77%70%2d%63%6f%6e%74%65%6e%74\\\/uploads\\\/2021\\\/01\\\/circulo.png\",\"contentUrl\":\"https:\\\/\\\/informelitoral.com.ar\\\/%77%70%2d%63%6f%6e%74%65%6e%74\\\/uploads\\\/2021\\\/01\\\/circulo.png\",\"width\":723,\"height\":731,\"caption\":\"Informe Litoral\"},\"image\":{\"@id\":\"https:\\\/\\\/informelitoral.com.ar\\\/#\\\/schema\\\/logo\\\/image\\\/\"},\"sameAs\":[\"https:\\\/\\\/www.facebook.com\\\/informelitoral\\\/\",\"https:\\\/\\\/x.com\\\/InformeLitoral\",\"https:\\\/\\\/www.instagram.com\\\/informelitoral\\\/\",\"https:\\\/\\\/www.youtube.com\\\/channel\\\/UCua4Qvz8Icb6MYqhoq9xLXw\"]},{\"@type\":\"Person\",\"@id\":\"https:\\\/\\\/informelitoral.com.ar\\\/#\\\/schema\\\/person\\\/f05f9f461677119578717524b127d6d5\",\"name\":\"Sebastian\",\"image\":{\"@type\":\"ImageObject\",\"inLanguage\":\"es\",\"@id\":\"https:\\\/\\\/secure.gravatar.com\\\/avatar\\\/b71bf7481d447dfb9583c7f2798e7cc64de6efb9067b74633ed8c31059a3bd82?s=96&d=mm&r=g\",\"url\":\"https:\\\/\\\/secure.gravatar.com\\\/avatar\\\/b71bf7481d447dfb9583c7f2798e7cc64de6efb9067b74633ed8c31059a3bd82?s=96&d=mm&r=g\",\"contentUrl\":\"https:\\\/\\\/secure.gravatar.com\\\/avatar\\\/b71bf7481d447dfb9583c7f2798e7cc64de6efb9067b74633ed8c31059a3bd82?s=96&d=mm&r=g\",\"caption\":\"Sebastian\"},\"url\":\"https:\\\/\\\/informelitoral.com.ar\\\/author\\\/sebastian\\\/\"}]}<\/script>","yoast_head_json":{"title":"Sigue la inestabilidad: cu\u00e1ndo mejorar\u00e1 el tiempo y volver\u00e1n los d\u00edas soleados - Informe Litoral","robots":{"index":"index","follow":"follow","max-snippet":"max-snippet:-1","max-image-preview":"max-image-preview:large","max-video-preview":"max-video-preview:-1"},"canonical":"https:\/\/informelitoral.com.ar\/sigue-la-inestabilidad-cuando-mejorara-el-tiempo-y-volveran-los-dias-soleados\/","og_locale":"es_ES","og_type":"article","og_title":"Sigue la inestabilidad: cu\u00e1ndo mejorar\u00e1 el tiempo y volver\u00e1n los d\u00edas soleados - Informe Litoral","og_description":"El centro y norte del pa\u00eds atraviesa un periodo inestable, con jornadas h\u00famedas, abundante nubosidad y algunas lluvias pasajeras. As\u00ed seguir\u00eda hasta ma\u00f1ana. Luego, por varios d\u00edas retornar\u00eda la estabilidad a la zona.","og_url":"https:\/\/informelitoral.com.ar\/sigue-la-inestabilidad-cuando-mejorara-el-tiempo-y-volveran-los-dias-soleados\/","og_site_name":"Informe Litoral","article_publisher":"https:\/\/www.facebook.com\/informelitoral\/","article_published_time":"2022-09-20T11:19:46+00:00","article_modified_time":"2022-09-20T11:20:05+00:00","og_image":[{"width":800,"height":536,"url":"https:\/\/informelitoral.com.ar\/%77%70%2d%63%6f%6e%74%65%6e%74\/uploads\/2022\/09\/Cielo-despejado.jpg","type":"image\/jpeg"}],"author":"Sebastian","twitter_card":"summary_large_image","twitter_creator":"@InformeLitoral","twitter_site":"@InformeLitoral","twitter_misc":{"Escrito por":"Sebastian","Tiempo de lectura":"2 minutos"},"schema":{"@context":"https:\/\/schema.org","@graph":[{"@type":"Article","@id":"https:\/\/informelitoral.com.ar\/sigue-la-inestabilidad-cuando-mejorara-el-tiempo-y-volveran-los-dias-soleados\/#article","isPartOf":{"@id":"https:\/\/informelitoral.com.ar\/sigue-la-inestabilidad-cuando-mejorara-el-tiempo-y-volveran-los-dias-soleados\/"},"author":{"name":"Sebastian","@id":"https:\/\/informelitoral.com.ar\/#\/schema\/person\/f05f9f461677119578717524b127d6d5"},"headline":"Sigue la inestabilidad: cu\u00e1ndo mejorar\u00e1 el tiempo y volver\u00e1n los d\u00edas soleados","datePublished":"2022-09-20T11:19:46+00:00","dateModified":"2022-09-20T11:20:05+00:00","mainEntityOfPage":{"@id":"https:\/\/informelitoral.com.ar\/sigue-la-inestabilidad-cuando-mejorara-el-tiempo-y-volveran-los-dias-soleados\/"},"wordCount":499,"commentCount":0,"publisher":{"@id":"https:\/\/informelitoral.com.ar\/#organization"},"image":{"@id":"https:\/\/informelitoral.com.ar\/sigue-la-inestabilidad-cuando-mejorara-el-tiempo-y-volveran-los-dias-soleados\/#primaryimage"},"thumbnailUrl":"https:\/\/informelitoral.com.ar\/%77%70%2d%63%6f%6e%74%65%6e%74\/uploads\/2022\/09\/Cielo-despejado.jpg","keywords":["SMN"],"articleSection":["Entre R\u00edos"],"inLanguage":"es","potentialAction":[{"@type":"CommentAction","name":"Comment","target":["https:\/\/informelitoral.com.ar\/sigue-la-inestabilidad-cuando-mejorara-el-tiempo-y-volveran-los-dias-soleados\/#respond"]}]},{"@type":"WebPage","@id":"https:\/\/informelitoral.com.ar\/sigue-la-inestabilidad-cuando-mejorara-el-tiempo-y-volveran-los-dias-soleados\/","url":"https:\/\/informelitoral.com.ar\/sigue-la-inestabilidad-cuando-mejorara-el-tiempo-y-volveran-los-dias-soleados\/","name":"Sigue la inestabilidad: cu\u00e1ndo mejorar\u00e1 el tiempo y volver\u00e1n los d\u00edas soleados - Informe Litoral","isPartOf":{"@id":"https:\/\/informelitoral.com.ar\/#website"},"primaryImageOfPage":{"@id":"https:\/\/informelitoral.com.ar\/sigue-la-inestabilidad-cuando-mejorara-el-tiempo-y-volveran-los-dias-soleados\/#primaryimage"},"image":{"@id":"https:\/\/informelitoral.com.ar\/sigue-la-inestabilidad-cuando-mejorara-el-tiempo-y-volveran-los-dias-soleados\/#primaryimage"},"thumbnailUrl":"https:\/\/informelitoral.com.ar\/%77%70%2d%63%6f%6e%74%65%6e%74\/uploads\/2022\/09\/Cielo-despejado.jpg","datePublished":"2022-09-20T11:19:46+00:00","dateModified":"2022-09-20T11:20:05+00:00","breadcrumb":{"@id":"https:\/\/informelitoral.com.ar\/sigue-la-inestabilidad-cuando-mejorara-el-tiempo-y-volveran-los-dias-soleados\/#breadcrumb"},"inLanguage":"es","potentialAction":[{"@type":"ReadAction","target":["https:\/\/informelitoral.com.ar\/sigue-la-inestabilidad-cuando-mejorara-el-tiempo-y-volveran-los-dias-soleados\/"]}]},{"@type":"ImageObject","inLanguage":"es","@id":"https:\/\/informelitoral.com.ar\/sigue-la-inestabilidad-cuando-mejorara-el-tiempo-y-volveran-los-dias-soleados\/#primaryimage","url":"https:\/\/informelitoral.com.ar\/%77%70%2d%63%6f%6e%74%65%6e%74\/uploads\/2022\/09\/Cielo-despejado.jpg","contentUrl":"https:\/\/informelitoral.com.ar\/%77%70%2d%63%6f%6e%74%65%6e%74\/uploads\/2022\/09\/Cielo-despejado.jpg","width":800,"height":536},{"@type":"BreadcrumbList","@id":"https:\/\/informelitoral.com.ar\/sigue-la-inestabilidad-cuando-mejorara-el-tiempo-y-volveran-los-dias-soleados\/#breadcrumb","itemListElement":[{"@type":"ListItem","position":1,"name":"Portada","item":"https:\/\/informelitoral.com.ar\/"},{"@type":"ListItem","position":2,"name":"Sigue la inestabilidad: cu\u00e1ndo mejorar\u00e1 el tiempo y volver\u00e1n los d\u00edas soleados"}]},{"@type":"WebSite","@id":"https:\/\/informelitoral.com.ar\/#website","url":"https:\/\/informelitoral.com.ar\/","name":"Informe Litoral","description":"&quot;Nos informamos&quot; ","publisher":{"@id":"https:\/\/informelitoral.com.ar\/#organization"},"potentialAction":[{"@type":"SearchAction","target":{"@type":"EntryPoint","urlTemplate":"https:\/\/informelitoral.com.ar\/?s={search_term_string}"},"query-input":{"@type":"PropertyValueSpecification","valueRequired":true,"valueName":"search_term_string"}}],"inLanguage":"es"},{"@type":"Organization","@id":"https:\/\/informelitoral.com.ar\/#organization","name":"Informe Litoral","url":"https:\/\/informelitoral.com.ar\/","logo":{"@type":"ImageObject","inLanguage":"es","@id":"https:\/\/informelitoral.com.ar\/#\/schema\/logo\/image\/","url":"https:\/\/informelitoral.com.ar\/%77%70%2d%63%6f%6e%74%65%6e%74\/uploads\/2021\/01\/circulo.png","contentUrl":"https:\/\/informelitoral.com.ar\/%77%70%2d%63%6f%6e%74%65%6e%74\/uploads\/2021\/01\/circulo.png","width":723,"height":731,"caption":"Informe Litoral"},"image":{"@id":"https:\/\/informelitoral.com.ar\/#\/schema\/logo\/image\/"},"sameAs":["https:\/\/www.facebook.com\/informelitoral\/","https:\/\/x.com\/InformeLitoral","https:\/\/www.instagram.com\/informelitoral\/","https:\/\/www.youtube.com\/channel\/UCua4Qvz8Icb6MYqhoq9xLXw"]},{"@type":"Person","@id":"https:\/\/informelitoral.com.ar\/#\/schema\/person\/f05f9f461677119578717524b127d6d5","name":"Sebastian","image":{"@type":"ImageObject","inLanguage":"es","@id":"https:\/\/secure.gravatar.com\/avatar\/b71bf7481d447dfb9583c7f2798e7cc64de6efb9067b74633ed8c31059a3bd82?s=96&d=mm&r=g","url":"https:\/\/secure.gravatar.com\/avatar\/b71bf7481d447dfb9583c7f2798e7cc64de6efb9067b74633ed8c31059a3bd82?s=96&d=mm&r=g","contentUrl":"https:\/\/secure.gravatar.com\/avatar\/b71bf7481d447dfb9583c7f2798e7cc64de6efb9067b74633ed8c31059a3bd82?s=96&d=mm&r=g","caption":"Sebastian"},"url":"https:\/\/informelitoral.com.ar\/author\/sebastian\/"}]}},"_links":{"self":[{"href":"https:\/\/informelitoral.com.ar\/%77%70%2d%6a%73%6f%6e\/wp\/v2\/posts\/87317","targetHints":{"allow":["GET"]}}],"collection":[{"href":"https:\/\/informelitoral.com.ar\/%77%70%2d%6a%73%6f%6e\/wp\/v2\/posts"}],"about":[{"href":"https:\/\/informelitoral.com.ar\/%77%70%2d%6a%73%6f%6e\/wp\/v2\/types\/post"}],"author":[{"embeddable":true,"href":"https:\/\/informelitoral.com.ar\/%77%70%2d%6a%73%6f%6e\/wp\/v2\/users\/8"}],"replies":[{"embeddable":true,"href":"https:\/\/informelitoral.com.ar\/%77%70%2d%6a%73%6f%6e\/wp\/v2\/comments?post=87317"}],"version-history":[{"count":0,"href":"https:\/\/informelitoral.com.ar\/%77%70%2d%6a%73%6f%6e\/wp\/v2\/posts\/87317\/revisions"}],"wp:featuredmedia":[{"embeddable":true,"href":"https:\/\/informelitoral.com.ar\/%77%70%2d%6a%73%6f%6e\/wp\/v2\/media\/87318"}],"wp:attachment":[{"href":"https:\/\/informelitoral.com.ar\/%77%70%2d%6a%73%6f%6e\/wp\/v2\/media?parent=87317"}],"wp:term":[{"taxonomy":"category","embeddable":true,"href":"https:\/\/informelitoral.com.ar\/%77%70%2d%6a%73%6f%6e\/wp\/v2\/categories?post=87317"},{"taxonomy":"post_tag","embeddable":true,"href":"https:\/\/informelitoral.com.ar\/%77%70%2d%6a%73%6f%6e\/wp\/v2\/tags?post=87317"}],"curies":[{"name":"wp","href":"https:\/\/api.w.org\/{rel}","templated":true}]}}