{"id":8723,"date":"2014-10-26T20:01:54","date_gmt":"2014-10-26T23:01:54","guid":{"rendered":"http:\/\/www.isletasnoticias.com.ar\/?p=8723"},"modified":"2014-10-26T20:11:22","modified_gmt":"2014-10-26T23:11:22","slug":"interna-radical-contundente-triunfo-de-fuad-sosa-en-el-departamento-diamante","status":"publish","type":"post","link":"https:\/\/informelitoral.com.ar\/interna-radical-contundente-triunfo-de-fuad-sosa-en-el-departamento-diamante\/","title":{"rendered":"Interna radical: contundente triunfo de Fuad Sosa en el departamento Diamante"},"content":{"rendered":"<p><strong>Cerrada la votaci\u00f3n y apenas iniciado el escrutinio, los candidatos a presidente del comit\u00e9 provincial, difundieron algunos n\u00fameros. Sosa se impuso por m\u00e1s del 90 % en el departamento Diamante.<a href=\"http:\/\/www.isletasnoticias.com.ar\/%77%70%2d%63%6f%6e%74%65%6e%74\/uploads\/2014\/10\/16831_entrerios.jpg\"><img loading=\"lazy\" decoding=\"async\" class=\"alignright wp-image-8724 size-medium\" src=\"http:\/\/www.isletasnoticias.com.ar\/%77%70%2d%63%6f%6e%74%65%6e%74\/uploads\/2014\/10\/16831_entrerios-241x300.jpg\" alt=\"16831_entrerios\" width=\"241\" height=\"300\" srcset=\"https:\/\/informelitoral.com.ar\/%77%70%2d%63%6f%6e%74%65%6e%74\/uploads\/2014\/10\/16831_entrerios-241x300.jpg 241w, https:\/\/informelitoral.com.ar\/%77%70%2d%63%6f%6e%74%65%6e%74\/uploads\/2014\/10\/16831_entrerios.jpg 420w\" sizes=\"auto, (max-width: 241px) 100vw, 241px\" \/><\/a><\/strong><\/p>\n<p>En el departamento Diamante, la lista encabezada por el diputado provincial y actual vicepresidente del partido,\u00a0<strong>Amado Fuad Sosa<\/strong>, quien es parte de una alianza entre la Illia y Alternativa Radical Entrerriana, obtuvo 562 votos, mientras que Recuperaci\u00f3n y Cambio, encabezada por el intendente de Maci\u00e1, <strong>Ricardo Troncoso<\/strong>, cosech\u00f3 57 sufragios.<\/p>\n<p>Estos n\u00fameros, representan m\u00e1s del 90% de los votos, a favor de la lista del actual diputado provincial, votando un total de 627 afiliados, lo que significa un 21% del padr\u00f3n.<\/p>\n<p>A partir de las 20.00 se conocer\u00e1n los n\u00fameros definitivos en la Provincia.<em> (Isletas Noticias)<\/em><\/p>\n","protected":false},"excerpt":{"rendered":"<p>Cerrada la votaci&oacute;n y apenas iniciado el escrutinio, los candidatos a presidente del comit&eacute; provincial, difundieron algunos n&uacute;meros. Sosa se impuso por m&aacute;s del 90 % en el departamento Diamante. En el departamento Diamante, la lista encabezada por el diputado provincial y actual vicepresidente del partido,&nbsp;Amado Fuad Sosa, quien es parte de una alianza entre [&hellip;]<\/p>\n","protected":false},"author":2,"featured_media":0,"comment_status":"open","ping_status":"open","sticky":false,"template":"","format":"standard","meta":{"fifu_image_url":"","fifu_image_alt":"","footnotes":""},"categories":[6,16],"tags":[],"class_list":{"0":"post-8723","1":"post","2":"type-post","3":"status-publish","4":"format-standard","6":"category-entre-rios","7":"category-politi"},"yoast_head":"<title>Interna radical: contundente triunfo de Fuad Sosa en el departamento Diamante - Informe Litoral<\/title>\n<meta name=\"robots\" content=\"index, follow, max-snippet:-1, max-image-preview:large, max-video-preview:-1\" \/>\n<link rel=\"canonical\" href=\"https:\/\/informelitoral.com.ar\/interna-radical-contundente-triunfo-de-fuad-sosa-en-el-departamento-diamante\/\" \/>\n<meta property=\"og:locale\" content=\"es_ES\" \/>\n<meta property=\"og:type\" content=\"article\" \/>\n<meta property=\"og:title\" content=\"Interna radical: contundente triunfo de Fuad Sosa en el departamento Diamante - Informe Litoral\" \/>\n<meta property=\"og:description\" content=\"Cerrada la votaci&oacute;n y apenas iniciado el escrutinio, los candidatos a presidente del comit&eacute; provincial, difundieron algunos n&uacute;meros. Sosa se impuso por m&aacute;s del 90 % en el departamento Diamante. En el departamento Diamante, la lista encabezada por el diputado provincial y actual vicepresidente del partido,&nbsp;Amado Fuad Sosa, quien es parte de una alianza entre [&hellip;]\" \/>\n<meta property=\"og:url\" content=\"https:\/\/informelitoral.com.ar\/interna-radical-contundente-triunfo-de-fuad-sosa-en-el-departamento-diamante\/\" \/>\n<meta property=\"og:site_name\" content=\"Informe Litoral\" \/>\n<meta property=\"article:publisher\" content=\"https:\/\/www.facebook.com\/informelitoral\/\" \/>\n<meta property=\"article:published_time\" content=\"2014-10-26T23:01:54+00:00\" \/>\n<meta property=\"article:modified_time\" content=\"2014-10-26T23:11:22+00:00\" \/>\n<meta property=\"og:image\" content=\"https:\/\/informelitoral.com.ar\/%77%70%2d%63%6f%6e%74%65%6e%74\/uploads\/2014\/10\/16831_entrerios.jpg\" \/>\n\t<meta property=\"og:image:width\" content=\"420\" \/>\n\t<meta property=\"og:image:height\" content=\"522\" \/>\n\t<meta property=\"og:image:type\" content=\"image\/jpeg\" \/>\n<meta name=\"author\" content=\"Gonzalo Schmidt\" \/>\n<meta name=\"twitter:card\" content=\"summary_large_image\" \/>\n<meta name=\"twitter:creator\" content=\"@InformeLitoral\" \/>\n<meta name=\"twitter:site\" content=\"@InformeLitoral\" \/>\n<meta name=\"twitter:label1\" content=\"Escrito por\" \/>\n\t<meta name=\"twitter:data1\" content=\"Gonzalo Schmidt\" \/>\n\t<meta name=\"twitter:label2\" content=\"Tiempo de lectura\" \/>\n\t<meta name=\"twitter:data2\" content=\"1 minuto\" \/>\n<script type=\"application\/ld+json\" class=\"yoast-schema-graph\">{\"@context\":\"https:\\\/\\\/schema.org\",\"@graph\":[{\"@type\":\"Article\",\"@id\":\"https:\\\/\\\/informelitoral.com.ar\\\/interna-radical-contundente-triunfo-de-fuad-sosa-en-el-departamento-diamante\\\/#article\",\"isPartOf\":{\"@id\":\"https:\\\/\\\/informelitoral.com.ar\\\/interna-radical-contundente-triunfo-de-fuad-sosa-en-el-departamento-diamante\\\/\"},\"author\":{\"name\":\"Gonzalo Schmidt\",\"@id\":\"https:\\\/\\\/informelitoral.com.ar\\\/#\\\/schema\\\/person\\\/b9d00407c836482871ef1d57bf8e3180\"},\"headline\":\"Interna radical: contundente triunfo de Fuad Sosa en el departamento Diamante\",\"datePublished\":\"2014-10-26T23:01:54+00:00\",\"dateModified\":\"2014-10-26T23:11:22+00:00\",\"mainEntityOfPage\":{\"@id\":\"https:\\\/\\\/informelitoral.com.ar\\\/interna-radical-contundente-triunfo-de-fuad-sosa-en-el-departamento-diamante\\\/\"},\"wordCount\":139,\"commentCount\":0,\"publisher\":{\"@id\":\"https:\\\/\\\/informelitoral.com.ar\\\/#organization\"},\"image\":{\"@id\":\"https:\\\/\\\/informelitoral.com.ar\\\/interna-radical-contundente-triunfo-de-fuad-sosa-en-el-departamento-diamante\\\/#primaryimage\"},\"thumbnailUrl\":\"http:\\\/\\\/www.isletasnoticias.com.ar\\\/%77%70%2d%63%6f%6e%74%65%6e%74\\\/uploads\\\/2014\\\/10\\\/16831_entrerios-241x300.jpg\",\"articleSection\":[\"Entre R\u00edos\",\"Politica\"],\"inLanguage\":\"es\",\"potentialAction\":[{\"@type\":\"CommentAction\",\"name\":\"Comment\",\"target\":[\"https:\\\/\\\/informelitoral.com.ar\\\/interna-radical-contundente-triunfo-de-fuad-sosa-en-el-departamento-diamante\\\/#respond\"]}]},{\"@type\":\"WebPage\",\"@id\":\"https:\\\/\\\/informelitoral.com.ar\\\/interna-radical-contundente-triunfo-de-fuad-sosa-en-el-departamento-diamante\\\/\",\"url\":\"https:\\\/\\\/informelitoral.com.ar\\\/interna-radical-contundente-triunfo-de-fuad-sosa-en-el-departamento-diamante\\\/\",\"name\":\"Interna radical: contundente triunfo de Fuad Sosa en el departamento Diamante - Informe Litoral\",\"isPartOf\":{\"@id\":\"https:\\\/\\\/informelitoral.com.ar\\\/#website\"},\"primaryImageOfPage\":{\"@id\":\"https:\\\/\\\/informelitoral.com.ar\\\/interna-radical-contundente-triunfo-de-fuad-sosa-en-el-departamento-diamante\\\/#primaryimage\"},\"image\":{\"@id\":\"https:\\\/\\\/informelitoral.com.ar\\\/interna-radical-contundente-triunfo-de-fuad-sosa-en-el-departamento-diamante\\\/#primaryimage\"},\"thumbnailUrl\":\"http:\\\/\\\/www.isletasnoticias.com.ar\\\/%77%70%2d%63%6f%6e%74%65%6e%74\\\/uploads\\\/2014\\\/10\\\/16831_entrerios-241x300.jpg\",\"datePublished\":\"2014-10-26T23:01:54+00:00\",\"dateModified\":\"2014-10-26T23:11:22+00:00\",\"breadcrumb\":{\"@id\":\"https:\\\/\\\/informelitoral.com.ar\\\/interna-radical-contundente-triunfo-de-fuad-sosa-en-el-departamento-diamante\\\/#breadcrumb\"},\"inLanguage\":\"es\",\"potentialAction\":[{\"@type\":\"ReadAction\",\"target\":[\"https:\\\/\\\/informelitoral.com.ar\\\/interna-radical-contundente-triunfo-de-fuad-sosa-en-el-departamento-diamante\\\/\"]}]},{\"@type\":\"ImageObject\",\"inLanguage\":\"es\",\"@id\":\"https:\\\/\\\/informelitoral.com.ar\\\/interna-radical-contundente-triunfo-de-fuad-sosa-en-el-departamento-diamante\\\/#primaryimage\",\"url\":\"http:\\\/\\\/www.isletasnoticias.com.ar\\\/%77%70%2d%63%6f%6e%74%65%6e%74\\\/uploads\\\/2014\\\/10\\\/16831_entrerios-241x300.jpg\",\"contentUrl\":\"http:\\\/\\\/www.isletasnoticias.com.ar\\\/%77%70%2d%63%6f%6e%74%65%6e%74\\\/uploads\\\/2014\\\/10\\\/16831_entrerios-241x300.jpg\"},{\"@type\":\"BreadcrumbList\",\"@id\":\"https:\\\/\\\/informelitoral.com.ar\\\/interna-radical-contundente-triunfo-de-fuad-sosa-en-el-departamento-diamante\\\/#breadcrumb\",\"itemListElement\":[{\"@type\":\"ListItem\",\"position\":1,\"name\":\"Portada\",\"item\":\"https:\\\/\\\/informelitoral.com.ar\\\/\"},{\"@type\":\"ListItem\",\"position\":2,\"name\":\"Interna radical: contundente triunfo de Fuad Sosa en el departamento Diamante\"}]},{\"@type\":\"WebSite\",\"@id\":\"https:\\\/\\\/informelitoral.com.ar\\\/#website\",\"url\":\"https:\\\/\\\/informelitoral.com.ar\\\/\",\"name\":\"Informe Litoral\",\"description\":\"&quot;Nos informamos&quot; \",\"publisher\":{\"@id\":\"https:\\\/\\\/informelitoral.com.ar\\\/#organization\"},\"potentialAction\":[{\"@type\":\"SearchAction\",\"target\":{\"@type\":\"EntryPoint\",\"urlTemplate\":\"https:\\\/\\\/informelitoral.com.ar\\\/?s={search_term_string}\"},\"query-input\":{\"@type\":\"PropertyValueSpecification\",\"valueRequired\":true,\"valueName\":\"search_term_string\"}}],\"inLanguage\":\"es\"},{\"@type\":\"Organization\",\"@id\":\"https:\\\/\\\/informelitoral.com.ar\\\/#organization\",\"name\":\"Informe Litoral\",\"url\":\"https:\\\/\\\/informelitoral.com.ar\\\/\",\"logo\":{\"@type\":\"ImageObject\",\"inLanguage\":\"es\",\"@id\":\"https:\\\/\\\/informelitoral.com.ar\\\/#\\\/schema\\\/logo\\\/image\\\/\",\"url\":\"https:\\\/\\\/informelitoral.com.ar\\\/%77%70%2d%63%6f%6e%74%65%6e%74\\\/uploads\\\/2021\\\/01\\\/circulo.png\",\"contentUrl\":\"https:\\\/\\\/informelitoral.com.ar\\\/%77%70%2d%63%6f%6e%74%65%6e%74\\\/uploads\\\/2021\\\/01\\\/circulo.png\",\"width\":723,\"height\":731,\"caption\":\"Informe Litoral\"},\"image\":{\"@id\":\"https:\\\/\\\/informelitoral.com.ar\\\/#\\\/schema\\\/logo\\\/image\\\/\"},\"sameAs\":[\"https:\\\/\\\/www.facebook.com\\\/informelitoral\\\/\",\"https:\\\/\\\/x.com\\\/InformeLitoral\",\"https:\\\/\\\/www.instagram.com\\\/informelitoral\\\/\",\"https:\\\/\\\/www.youtube.com\\\/channel\\\/UCua4Qvz8Icb6MYqhoq9xLXw\"]},{\"@type\":\"Person\",\"@id\":\"https:\\\/\\\/informelitoral.com.ar\\\/#\\\/schema\\\/person\\\/b9d00407c836482871ef1d57bf8e3180\",\"name\":\"Gonzalo Schmidt\",\"image\":{\"@type\":\"ImageObject\",\"inLanguage\":\"es\",\"@id\":\"https:\\\/\\\/secure.gravatar.com\\\/avatar\\\/31a1a7b66ff2de83bd0e9fd79d026630d2d99e55e8bfe501287647b4fd9743de?s=96&d=mm&r=g\",\"url\":\"https:\\\/\\\/secure.gravatar.com\\\/avatar\\\/31a1a7b66ff2de83bd0e9fd79d026630d2d99e55e8bfe501287647b4fd9743de?s=96&d=mm&r=g\",\"contentUrl\":\"https:\\\/\\\/secure.gravatar.com\\\/avatar\\\/31a1a7b66ff2de83bd0e9fd79d026630d2d99e55e8bfe501287647b4fd9743de?s=96&d=mm&r=g\",\"caption\":\"Gonzalo Schmidt\"},\"description\":\"Sitio web de noticias de la provincia de Entre R\u00edos, Argentina. Informaci\u00f3n y entretenimiento. Informe Litoral, nos informamos.\",\"sameAs\":[\"http:\\\/\\\/www.isletasnoticias.com.ar\"],\"url\":\"https:\\\/\\\/informelitoral.com.ar\\\/author\\\/gonzalo\\\/\"}]}<\/script>","yoast_head_json":{"title":"Interna radical: contundente triunfo de Fuad Sosa en el departamento Diamante - Informe Litoral","robots":{"index":"index","follow":"follow","max-snippet":"max-snippet:-1","max-image-preview":"max-image-preview:large","max-video-preview":"max-video-preview:-1"},"canonical":"https:\/\/informelitoral.com.ar\/interna-radical-contundente-triunfo-de-fuad-sosa-en-el-departamento-diamante\/","og_locale":"es_ES","og_type":"article","og_title":"Interna radical: contundente triunfo de Fuad Sosa en el departamento Diamante - Informe Litoral","og_description":"Cerrada la votaci&oacute;n y apenas iniciado el escrutinio, los candidatos a presidente del comit&eacute; provincial, difundieron algunos n&uacute;meros. Sosa se impuso por m&aacute;s del 90 % en el departamento Diamante. En el departamento Diamante, la lista encabezada por el diputado provincial y actual vicepresidente del partido,&nbsp;Amado Fuad Sosa, quien es parte de una alianza entre [&hellip;]","og_url":"https:\/\/informelitoral.com.ar\/interna-radical-contundente-triunfo-de-fuad-sosa-en-el-departamento-diamante\/","og_site_name":"Informe Litoral","article_publisher":"https:\/\/www.facebook.com\/informelitoral\/","article_published_time":"2014-10-26T23:01:54+00:00","article_modified_time":"2014-10-26T23:11:22+00:00","og_image":[{"width":420,"height":522,"url":"https:\/\/informelitoral.com.ar\/%77%70%2d%63%6f%6e%74%65%6e%74\/uploads\/2014\/10\/16831_entrerios.jpg","type":"image\/jpeg"}],"author":"Gonzalo Schmidt","twitter_card":"summary_large_image","twitter_creator":"@InformeLitoral","twitter_site":"@InformeLitoral","twitter_misc":{"Escrito por":"Gonzalo Schmidt","Tiempo de lectura":"1 minuto"},"schema":{"@context":"https:\/\/schema.org","@graph":[{"@type":"Article","@id":"https:\/\/informelitoral.com.ar\/interna-radical-contundente-triunfo-de-fuad-sosa-en-el-departamento-diamante\/#article","isPartOf":{"@id":"https:\/\/informelitoral.com.ar\/interna-radical-contundente-triunfo-de-fuad-sosa-en-el-departamento-diamante\/"},"author":{"name":"Gonzalo Schmidt","@id":"https:\/\/informelitoral.com.ar\/#\/schema\/person\/b9d00407c836482871ef1d57bf8e3180"},"headline":"Interna radical: contundente triunfo de Fuad Sosa en el departamento Diamante","datePublished":"2014-10-26T23:01:54+00:00","dateModified":"2014-10-26T23:11:22+00:00","mainEntityOfPage":{"@id":"https:\/\/informelitoral.com.ar\/interna-radical-contundente-triunfo-de-fuad-sosa-en-el-departamento-diamante\/"},"wordCount":139,"commentCount":0,"publisher":{"@id":"https:\/\/informelitoral.com.ar\/#organization"},"image":{"@id":"https:\/\/informelitoral.com.ar\/interna-radical-contundente-triunfo-de-fuad-sosa-en-el-departamento-diamante\/#primaryimage"},"thumbnailUrl":"http:\/\/www.isletasnoticias.com.ar\/%77%70%2d%63%6f%6e%74%65%6e%74\/uploads\/2014\/10\/16831_entrerios-241x300.jpg","articleSection":["Entre R\u00edos","Politica"],"inLanguage":"es","potentialAction":[{"@type":"CommentAction","name":"Comment","target":["https:\/\/informelitoral.com.ar\/interna-radical-contundente-triunfo-de-fuad-sosa-en-el-departamento-diamante\/#respond"]}]},{"@type":"WebPage","@id":"https:\/\/informelitoral.com.ar\/interna-radical-contundente-triunfo-de-fuad-sosa-en-el-departamento-diamante\/","url":"https:\/\/informelitoral.com.ar\/interna-radical-contundente-triunfo-de-fuad-sosa-en-el-departamento-diamante\/","name":"Interna radical: contundente triunfo de Fuad Sosa en el departamento Diamante - Informe Litoral","isPartOf":{"@id":"https:\/\/informelitoral.com.ar\/#website"},"primaryImageOfPage":{"@id":"https:\/\/informelitoral.com.ar\/interna-radical-contundente-triunfo-de-fuad-sosa-en-el-departamento-diamante\/#primaryimage"},"image":{"@id":"https:\/\/informelitoral.com.ar\/interna-radical-contundente-triunfo-de-fuad-sosa-en-el-departamento-diamante\/#primaryimage"},"thumbnailUrl":"http:\/\/www.isletasnoticias.com.ar\/%77%70%2d%63%6f%6e%74%65%6e%74\/uploads\/2014\/10\/16831_entrerios-241x300.jpg","datePublished":"2014-10-26T23:01:54+00:00","dateModified":"2014-10-26T23:11:22+00:00","breadcrumb":{"@id":"https:\/\/informelitoral.com.ar\/interna-radical-contundente-triunfo-de-fuad-sosa-en-el-departamento-diamante\/#breadcrumb"},"inLanguage":"es","potentialAction":[{"@type":"ReadAction","target":["https:\/\/informelitoral.com.ar\/interna-radical-contundente-triunfo-de-fuad-sosa-en-el-departamento-diamante\/"]}]},{"@type":"ImageObject","inLanguage":"es","@id":"https:\/\/informelitoral.com.ar\/interna-radical-contundente-triunfo-de-fuad-sosa-en-el-departamento-diamante\/#primaryimage","url":"http:\/\/www.isletasnoticias.com.ar\/%77%70%2d%63%6f%6e%74%65%6e%74\/uploads\/2014\/10\/16831_entrerios-241x300.jpg","contentUrl":"http:\/\/www.isletasnoticias.com.ar\/%77%70%2d%63%6f%6e%74%65%6e%74\/uploads\/2014\/10\/16831_entrerios-241x300.jpg"},{"@type":"BreadcrumbList","@id":"https:\/\/informelitoral.com.ar\/interna-radical-contundente-triunfo-de-fuad-sosa-en-el-departamento-diamante\/#breadcrumb","itemListElement":[{"@type":"ListItem","position":1,"name":"Portada","item":"https:\/\/informelitoral.com.ar\/"},{"@type":"ListItem","position":2,"name":"Interna radical: contundente triunfo de Fuad Sosa en el departamento Diamante"}]},{"@type":"WebSite","@id":"https:\/\/informelitoral.com.ar\/#website","url":"https:\/\/informelitoral.com.ar\/","name":"Informe Litoral","description":"&quot;Nos informamos&quot; ","publisher":{"@id":"https:\/\/informelitoral.com.ar\/#organization"},"potentialAction":[{"@type":"SearchAction","target":{"@type":"EntryPoint","urlTemplate":"https:\/\/informelitoral.com.ar\/?s={search_term_string}"},"query-input":{"@type":"PropertyValueSpecification","valueRequired":true,"valueName":"search_term_string"}}],"inLanguage":"es"},{"@type":"Organization","@id":"https:\/\/informelitoral.com.ar\/#organization","name":"Informe Litoral","url":"https:\/\/informelitoral.com.ar\/","logo":{"@type":"ImageObject","inLanguage":"es","@id":"https:\/\/informelitoral.com.ar\/#\/schema\/logo\/image\/","url":"https:\/\/informelitoral.com.ar\/%77%70%2d%63%6f%6e%74%65%6e%74\/uploads\/2021\/01\/circulo.png","contentUrl":"https:\/\/informelitoral.com.ar\/%77%70%2d%63%6f%6e%74%65%6e%74\/uploads\/2021\/01\/circulo.png","width":723,"height":731,"caption":"Informe Litoral"},"image":{"@id":"https:\/\/informelitoral.com.ar\/#\/schema\/logo\/image\/"},"sameAs":["https:\/\/www.facebook.com\/informelitoral\/","https:\/\/x.com\/InformeLitoral","https:\/\/www.instagram.com\/informelitoral\/","https:\/\/www.youtube.com\/channel\/UCua4Qvz8Icb6MYqhoq9xLXw"]},{"@type":"Person","@id":"https:\/\/informelitoral.com.ar\/#\/schema\/person\/b9d00407c836482871ef1d57bf8e3180","name":"Gonzalo Schmidt","image":{"@type":"ImageObject","inLanguage":"es","@id":"https:\/\/secure.gravatar.com\/avatar\/31a1a7b66ff2de83bd0e9fd79d026630d2d99e55e8bfe501287647b4fd9743de?s=96&d=mm&r=g","url":"https:\/\/secure.gravatar.com\/avatar\/31a1a7b66ff2de83bd0e9fd79d026630d2d99e55e8bfe501287647b4fd9743de?s=96&d=mm&r=g","contentUrl":"https:\/\/secure.gravatar.com\/avatar\/31a1a7b66ff2de83bd0e9fd79d026630d2d99e55e8bfe501287647b4fd9743de?s=96&d=mm&r=g","caption":"Gonzalo Schmidt"},"description":"Sitio web de noticias de la provincia de Entre R\u00edos, Argentina. Informaci\u00f3n y entretenimiento. Informe Litoral, nos informamos.","sameAs":["http:\/\/www.isletasnoticias.com.ar"],"url":"https:\/\/informelitoral.com.ar\/author\/gonzalo\/"}]}},"_links":{"self":[{"href":"https:\/\/informelitoral.com.ar\/%77%70%2d%6a%73%6f%6e\/wp\/v2\/posts\/8723","targetHints":{"allow":["GET"]}}],"collection":[{"href":"https:\/\/informelitoral.com.ar\/%77%70%2d%6a%73%6f%6e\/wp\/v2\/posts"}],"about":[{"href":"https:\/\/informelitoral.com.ar\/%77%70%2d%6a%73%6f%6e\/wp\/v2\/types\/post"}],"author":[{"embeddable":true,"href":"https:\/\/informelitoral.com.ar\/%77%70%2d%6a%73%6f%6e\/wp\/v2\/users\/2"}],"replies":[{"embeddable":true,"href":"https:\/\/informelitoral.com.ar\/%77%70%2d%6a%73%6f%6e\/wp\/v2\/comments?post=8723"}],"version-history":[{"count":0,"href":"https:\/\/informelitoral.com.ar\/%77%70%2d%6a%73%6f%6e\/wp\/v2\/posts\/8723\/revisions"}],"wp:attachment":[{"href":"https:\/\/informelitoral.com.ar\/%77%70%2d%6a%73%6f%6e\/wp\/v2\/media?parent=8723"}],"wp:term":[{"taxonomy":"category","embeddable":true,"href":"https:\/\/informelitoral.com.ar\/%77%70%2d%6a%73%6f%6e\/wp\/v2\/categories?post=8723"},{"taxonomy":"post_tag","embeddable":true,"href":"https:\/\/informelitoral.com.ar\/%77%70%2d%6a%73%6f%6e\/wp\/v2\/tags?post=8723"}],"curies":[{"name":"wp","href":"https:\/\/api.w.org\/{rel}","templated":true}]}}