{"id":8712,"date":"2014-10-24T19:16:58","date_gmt":"2014-10-24T22:16:58","guid":{"rendered":"http:\/\/www.isletasnoticias.com.ar\/?p=8712"},"modified":"2014-10-24T22:21:19","modified_gmt":"2014-10-25T01:21:19","slug":"detienen-a-acusado-de-ser-uno-de-los-narcos-mas-importantes-del-pais","status":"publish","type":"post","link":"https:\/\/informelitoral.com.ar\/detienen-a-acusado-de-ser-uno-de-los-narcos-mas-importantes-del-pais\/","title":{"rendered":"Detienen a acusado de ser uno de los narcos m\u00e1s importantes del pa\u00eds"},"content":{"rendered":"<p><strong>La Polic\u00eda Federal detuvo a <em>Ariel Fernando Luna,<\/em> alias \u00abAruco\u00bb, acusado de integrar la principal banda de narcotraficantes de Argentina con v\u00ednculos en pa\u00edses lim\u00edtrofes como Bolivia y Paraguay, informaron hoy fuentes oficiales.<a href=\"http:\/\/www.isletasnoticias.com.ar\/%77%70%2d%63%6f%6e%74%65%6e%74\/uploads\/2014\/10\/0008026276.jpg\"><br \/>\n<\/a><\/strong><a href=\"http:\/\/www.isletasnoticias.com.ar\/%77%70%2d%63%6f%6e%74%65%6e%74\/uploads\/2014\/10\/0008026280.jpg\"><img loading=\"lazy\" decoding=\"async\" class=\"aligncenter size-medium wp-image-8714\" src=\"http:\/\/www.isletasnoticias.com.ar\/%77%70%2d%63%6f%6e%74%65%6e%74\/uploads\/2014\/10\/0008026280-300x168.jpg\" alt=\"0008026280\" width=\"300\" height=\"168\" srcset=\"https:\/\/informelitoral.com.ar\/%77%70%2d%63%6f%6e%74%65%6e%74\/uploads\/2014\/10\/0008026280-300x168.jpg 300w, https:\/\/informelitoral.com.ar\/%77%70%2d%63%6f%6e%74%65%6e%74\/uploads\/2014\/10\/0008026280.jpg 746w\" sizes=\"auto, (max-width: 300px) 100vw, 300px\" \/><\/a><br \/>\nLuna fue arrestado el pasado 22 de octubre cuando sal\u00eda de una casa en la ciudad de Fr\u00eda, en la provincia de Santiago del Estero (norte), donde viv\u00eda con su familia.<\/p>\n<p>El detenido, que llevaba una vida de lujo, ten\u00eda pedido de captura nacional e internacional.<\/p>\n<p>\u00abAruco\u00bb form\u00f3 parte de la banda liderada por su cu\u00f1ado, Claudio \u00abGallo\u00bb Andrada, detenido en 2013, en un operativo en el que se incautaron m\u00e1s de 580 kilos de coca\u00edna.<\/p>\n<p>\u00abLa organizaci\u00f3n que lideraba Andrada era la mayor comercializadora de droga de la Argentina. Se comprobaron v\u00ednculos con proveedores de pa\u00edses lim\u00edtrofes como Bolivia y Paraguay, que enviaban el estupefaciente en avionetas que descend\u00edan en Santiago del Estero, Catamarca y C\u00f3rdoba\u00bb, explic\u00f3 el secretario argentino de Seguridad, Sergio Berni.<\/p>\n<p>Seg\u00fan la investigaci\u00f3n, parte de la droga ingresaba a Argentina por v\u00eda terrestre a trav\u00e9s de la ciudad de Fr\u00edas, desde donde se distribu\u00eda hacia las provincias de C\u00f3rdoba, Santa Fe y Buenos Aires.<\/p>\n<p>Luna, quien ya hab\u00eda sido detenido en 2010 en la provincia de Corrientes cuando conduc\u00eda un cami\u00f3n con 800 kilos de marihuana, estaba pr\u00f3fugo desde 2013, cuando la Justicia comenz\u00f3 a sospechar de su colaboraci\u00f3n con su cu\u00f1ado.<\/p>\n<p>Seg\u00fan la investigaci\u00f3n, la banda que integraban Andrada y Luna ingresaban a Argentina m\u00e1s de tres toneladas de coca\u00edna por a\u00f1o.<\/p>\n<p>\u00abLa banda de Andrada y Luna era muy peligrosa ya que estaba muy profesionalizada y hab\u00eda adoptado medidas de contra inteligencia\u00bb, explic\u00f3 Berni, quien consider\u00f3 que con el arresto de \u00abAruco\u00bb se da por cerrado uno de los operativos contra el narcotr\u00e1fico m\u00e1s importantes de la historia\u00bb de Argentina.<em> (MinutoUno)<\/em><\/p>\n","protected":false},"excerpt":{"rendered":"<p>La Polic&iacute;a Federal detuvo a Ariel Fernando Luna, alias &laquo;Aruco&raquo;, acusado de integrar la principal banda de narcotraficantes de Argentina con v&iacute;nculos en pa&iacute;ses lim&iacute;trofes como Bolivia y Paraguay, informaron hoy fuentes oficiales. Luna fue arrestado el pasado 22 de octubre cuando sal&iacute;a de una casa en la ciudad de Fr&iacute;a, en la provincia de [&hellip;]<\/p>\n","protected":false},"author":2,"featured_media":0,"comment_status":"open","ping_status":"open","sticky":false,"template":"","format":"standard","meta":{"fifu_image_url":"","fifu_image_alt":"","footnotes":""},"categories":[7,14],"tags":[],"class_list":{"0":"post-8712","1":"post","2":"type-post","3":"status-publish","4":"format-standard","6":"category-nacionales","7":"category-policiales"},"yoast_head":"<title>Detienen a acusado de ser uno de los narcos m\u00e1s importantes del pa\u00eds - Informe Litoral<\/title>\n<meta name=\"robots\" content=\"index, follow, max-snippet:-1, max-image-preview:large, max-video-preview:-1\" \/>\n<link rel=\"canonical\" href=\"https:\/\/informelitoral.com.ar\/detienen-a-acusado-de-ser-uno-de-los-narcos-mas-importantes-del-pais\/\" \/>\n<meta property=\"og:locale\" content=\"es_ES\" \/>\n<meta property=\"og:type\" content=\"article\" \/>\n<meta property=\"og:title\" content=\"Detienen a acusado de ser uno de los narcos m\u00e1s importantes del pa\u00eds - Informe Litoral\" \/>\n<meta property=\"og:description\" content=\"La Polic&iacute;a Federal detuvo a Ariel Fernando Luna, alias &laquo;Aruco&raquo;, acusado de integrar la principal banda de narcotraficantes de Argentina con v&iacute;nculos en pa&iacute;ses lim&iacute;trofes como Bolivia y Paraguay, informaron hoy fuentes oficiales. Luna fue arrestado el pasado 22 de octubre cuando sal&iacute;a de una casa en la ciudad de Fr&iacute;a, en la provincia de [&hellip;]\" \/>\n<meta property=\"og:url\" content=\"https:\/\/informelitoral.com.ar\/detienen-a-acusado-de-ser-uno-de-los-narcos-mas-importantes-del-pais\/\" \/>\n<meta property=\"og:site_name\" content=\"Informe Litoral\" \/>\n<meta property=\"article:publisher\" content=\"https:\/\/www.facebook.com\/informelitoral\/\" \/>\n<meta property=\"article:published_time\" content=\"2014-10-24T22:16:58+00:00\" \/>\n<meta property=\"article:modified_time\" content=\"2014-10-25T01:21:19+00:00\" \/>\n<meta property=\"og:image\" content=\"https:\/\/informelitoral.com.ar\/%77%70%2d%63%6f%6e%74%65%6e%74\/uploads\/2014\/10\/0008026280.jpg\" \/>\n\t<meta property=\"og:image:width\" content=\"746\" \/>\n\t<meta property=\"og:image:height\" content=\"418\" \/>\n\t<meta property=\"og:image:type\" content=\"image\/jpeg\" \/>\n<meta name=\"author\" content=\"Gonzalo Schmidt\" \/>\n<meta name=\"twitter:card\" content=\"summary_large_image\" \/>\n<meta name=\"twitter:creator\" content=\"@InformeLitoral\" \/>\n<meta name=\"twitter:site\" content=\"@InformeLitoral\" \/>\n<meta name=\"twitter:label1\" content=\"Escrito por\" \/>\n\t<meta name=\"twitter:data1\" content=\"Gonzalo Schmidt\" \/>\n\t<meta name=\"twitter:label2\" content=\"Tiempo de lectura\" \/>\n\t<meta name=\"twitter:data2\" content=\"2 minutos\" \/>\n<script type=\"application\/ld+json\" class=\"yoast-schema-graph\">{\"@context\":\"https:\\\/\\\/schema.org\",\"@graph\":[{\"@type\":\"Article\",\"@id\":\"https:\\\/\\\/informelitoral.com.ar\\\/detienen-a-acusado-de-ser-uno-de-los-narcos-mas-importantes-del-pais\\\/#article\",\"isPartOf\":{\"@id\":\"https:\\\/\\\/informelitoral.com.ar\\\/detienen-a-acusado-de-ser-uno-de-los-narcos-mas-importantes-del-pais\\\/\"},\"author\":{\"name\":\"Gonzalo Schmidt\",\"@id\":\"https:\\\/\\\/informelitoral.com.ar\\\/#\\\/schema\\\/person\\\/b9d00407c836482871ef1d57bf8e3180\"},\"headline\":\"Detienen a acusado de ser uno de los narcos m\u00e1s importantes del pa\u00eds\",\"datePublished\":\"2014-10-24T22:16:58+00:00\",\"dateModified\":\"2014-10-25T01:21:19+00:00\",\"mainEntityOfPage\":{\"@id\":\"https:\\\/\\\/informelitoral.com.ar\\\/detienen-a-acusado-de-ser-uno-de-los-narcos-mas-importantes-del-pais\\\/\"},\"wordCount\":348,\"commentCount\":0,\"publisher\":{\"@id\":\"https:\\\/\\\/informelitoral.com.ar\\\/#organization\"},\"image\":{\"@id\":\"https:\\\/\\\/informelitoral.com.ar\\\/detienen-a-acusado-de-ser-uno-de-los-narcos-mas-importantes-del-pais\\\/#primaryimage\"},\"thumbnailUrl\":\"http:\\\/\\\/www.isletasnoticias.com.ar\\\/%77%70%2d%63%6f%6e%74%65%6e%74\\\/uploads\\\/2014\\\/10\\\/0008026280-300x168.jpg\",\"articleSection\":[\"Nacionales\",\"Policiales\"],\"inLanguage\":\"es\",\"potentialAction\":[{\"@type\":\"CommentAction\",\"name\":\"Comment\",\"target\":[\"https:\\\/\\\/informelitoral.com.ar\\\/detienen-a-acusado-de-ser-uno-de-los-narcos-mas-importantes-del-pais\\\/#respond\"]}]},{\"@type\":\"WebPage\",\"@id\":\"https:\\\/\\\/informelitoral.com.ar\\\/detienen-a-acusado-de-ser-uno-de-los-narcos-mas-importantes-del-pais\\\/\",\"url\":\"https:\\\/\\\/informelitoral.com.ar\\\/detienen-a-acusado-de-ser-uno-de-los-narcos-mas-importantes-del-pais\\\/\",\"name\":\"Detienen a acusado de ser uno de los narcos m\u00e1s importantes del pa\u00eds - Informe Litoral\",\"isPartOf\":{\"@id\":\"https:\\\/\\\/informelitoral.com.ar\\\/#website\"},\"primaryImageOfPage\":{\"@id\":\"https:\\\/\\\/informelitoral.com.ar\\\/detienen-a-acusado-de-ser-uno-de-los-narcos-mas-importantes-del-pais\\\/#primaryimage\"},\"image\":{\"@id\":\"https:\\\/\\\/informelitoral.com.ar\\\/detienen-a-acusado-de-ser-uno-de-los-narcos-mas-importantes-del-pais\\\/#primaryimage\"},\"thumbnailUrl\":\"http:\\\/\\\/www.isletasnoticias.com.ar\\\/%77%70%2d%63%6f%6e%74%65%6e%74\\\/uploads\\\/2014\\\/10\\\/0008026280-300x168.jpg\",\"datePublished\":\"2014-10-24T22:16:58+00:00\",\"dateModified\":\"2014-10-25T01:21:19+00:00\",\"breadcrumb\":{\"@id\":\"https:\\\/\\\/informelitoral.com.ar\\\/detienen-a-acusado-de-ser-uno-de-los-narcos-mas-importantes-del-pais\\\/#breadcrumb\"},\"inLanguage\":\"es\",\"potentialAction\":[{\"@type\":\"ReadAction\",\"target\":[\"https:\\\/\\\/informelitoral.com.ar\\\/detienen-a-acusado-de-ser-uno-de-los-narcos-mas-importantes-del-pais\\\/\"]}]},{\"@type\":\"ImageObject\",\"inLanguage\":\"es\",\"@id\":\"https:\\\/\\\/informelitoral.com.ar\\\/detienen-a-acusado-de-ser-uno-de-los-narcos-mas-importantes-del-pais\\\/#primaryimage\",\"url\":\"http:\\\/\\\/www.isletasnoticias.com.ar\\\/%77%70%2d%63%6f%6e%74%65%6e%74\\\/uploads\\\/2014\\\/10\\\/0008026280-300x168.jpg\",\"contentUrl\":\"http:\\\/\\\/www.isletasnoticias.com.ar\\\/%77%70%2d%63%6f%6e%74%65%6e%74\\\/uploads\\\/2014\\\/10\\\/0008026280-300x168.jpg\"},{\"@type\":\"BreadcrumbList\",\"@id\":\"https:\\\/\\\/informelitoral.com.ar\\\/detienen-a-acusado-de-ser-uno-de-los-narcos-mas-importantes-del-pais\\\/#breadcrumb\",\"itemListElement\":[{\"@type\":\"ListItem\",\"position\":1,\"name\":\"Portada\",\"item\":\"https:\\\/\\\/informelitoral.com.ar\\\/\"},{\"@type\":\"ListItem\",\"position\":2,\"name\":\"Detienen a acusado de ser uno de los narcos m\u00e1s importantes del pa\u00eds\"}]},{\"@type\":\"WebSite\",\"@id\":\"https:\\\/\\\/informelitoral.com.ar\\\/#website\",\"url\":\"https:\\\/\\\/informelitoral.com.ar\\\/\",\"name\":\"Informe Litoral\",\"description\":\"&quot;Nos informamos&quot; \",\"publisher\":{\"@id\":\"https:\\\/\\\/informelitoral.com.ar\\\/#organization\"},\"potentialAction\":[{\"@type\":\"SearchAction\",\"target\":{\"@type\":\"EntryPoint\",\"urlTemplate\":\"https:\\\/\\\/informelitoral.com.ar\\\/?s={search_term_string}\"},\"query-input\":{\"@type\":\"PropertyValueSpecification\",\"valueRequired\":true,\"valueName\":\"search_term_string\"}}],\"inLanguage\":\"es\"},{\"@type\":\"Organization\",\"@id\":\"https:\\\/\\\/informelitoral.com.ar\\\/#organization\",\"name\":\"Informe Litoral\",\"url\":\"https:\\\/\\\/informelitoral.com.ar\\\/\",\"logo\":{\"@type\":\"ImageObject\",\"inLanguage\":\"es\",\"@id\":\"https:\\\/\\\/informelitoral.com.ar\\\/#\\\/schema\\\/logo\\\/image\\\/\",\"url\":\"https:\\\/\\\/informelitoral.com.ar\\\/%77%70%2d%63%6f%6e%74%65%6e%74\\\/uploads\\\/2021\\\/01\\\/circulo.png\",\"contentUrl\":\"https:\\\/\\\/informelitoral.com.ar\\\/%77%70%2d%63%6f%6e%74%65%6e%74\\\/uploads\\\/2021\\\/01\\\/circulo.png\",\"width\":723,\"height\":731,\"caption\":\"Informe Litoral\"},\"image\":{\"@id\":\"https:\\\/\\\/informelitoral.com.ar\\\/#\\\/schema\\\/logo\\\/image\\\/\"},\"sameAs\":[\"https:\\\/\\\/www.facebook.com\\\/informelitoral\\\/\",\"https:\\\/\\\/x.com\\\/InformeLitoral\",\"https:\\\/\\\/www.instagram.com\\\/informelitoral\\\/\",\"https:\\\/\\\/www.youtube.com\\\/channel\\\/UCua4Qvz8Icb6MYqhoq9xLXw\"]},{\"@type\":\"Person\",\"@id\":\"https:\\\/\\\/informelitoral.com.ar\\\/#\\\/schema\\\/person\\\/b9d00407c836482871ef1d57bf8e3180\",\"name\":\"Gonzalo Schmidt\",\"image\":{\"@type\":\"ImageObject\",\"inLanguage\":\"es\",\"@id\":\"https:\\\/\\\/secure.gravatar.com\\\/avatar\\\/31a1a7b66ff2de83bd0e9fd79d026630d2d99e55e8bfe501287647b4fd9743de?s=96&d=mm&r=g\",\"url\":\"https:\\\/\\\/secure.gravatar.com\\\/avatar\\\/31a1a7b66ff2de83bd0e9fd79d026630d2d99e55e8bfe501287647b4fd9743de?s=96&d=mm&r=g\",\"contentUrl\":\"https:\\\/\\\/secure.gravatar.com\\\/avatar\\\/31a1a7b66ff2de83bd0e9fd79d026630d2d99e55e8bfe501287647b4fd9743de?s=96&d=mm&r=g\",\"caption\":\"Gonzalo Schmidt\"},\"description\":\"Sitio web de noticias de la provincia de Entre R\u00edos, Argentina. Informaci\u00f3n y entretenimiento. Informe Litoral, nos informamos.\",\"sameAs\":[\"http:\\\/\\\/www.isletasnoticias.com.ar\"],\"url\":\"https:\\\/\\\/informelitoral.com.ar\\\/author\\\/gonzalo\\\/\"}]}<\/script>","yoast_head_json":{"title":"Detienen a acusado de ser uno de los narcos m\u00e1s importantes del pa\u00eds - Informe Litoral","robots":{"index":"index","follow":"follow","max-snippet":"max-snippet:-1","max-image-preview":"max-image-preview:large","max-video-preview":"max-video-preview:-1"},"canonical":"https:\/\/informelitoral.com.ar\/detienen-a-acusado-de-ser-uno-de-los-narcos-mas-importantes-del-pais\/","og_locale":"es_ES","og_type":"article","og_title":"Detienen a acusado de ser uno de los narcos m\u00e1s importantes del pa\u00eds - Informe Litoral","og_description":"La Polic&iacute;a Federal detuvo a Ariel Fernando Luna, alias &laquo;Aruco&raquo;, acusado de integrar la principal banda de narcotraficantes de Argentina con v&iacute;nculos en pa&iacute;ses lim&iacute;trofes como Bolivia y Paraguay, informaron hoy fuentes oficiales. Luna fue arrestado el pasado 22 de octubre cuando sal&iacute;a de una casa en la ciudad de Fr&iacute;a, en la provincia de [&hellip;]","og_url":"https:\/\/informelitoral.com.ar\/detienen-a-acusado-de-ser-uno-de-los-narcos-mas-importantes-del-pais\/","og_site_name":"Informe Litoral","article_publisher":"https:\/\/www.facebook.com\/informelitoral\/","article_published_time":"2014-10-24T22:16:58+00:00","article_modified_time":"2014-10-25T01:21:19+00:00","og_image":[{"width":746,"height":418,"url":"https:\/\/informelitoral.com.ar\/%77%70%2d%63%6f%6e%74%65%6e%74\/uploads\/2014\/10\/0008026280.jpg","type":"image\/jpeg"}],"author":"Gonzalo Schmidt","twitter_card":"summary_large_image","twitter_creator":"@InformeLitoral","twitter_site":"@InformeLitoral","twitter_misc":{"Escrito por":"Gonzalo Schmidt","Tiempo de lectura":"2 minutos"},"schema":{"@context":"https:\/\/schema.org","@graph":[{"@type":"Article","@id":"https:\/\/informelitoral.com.ar\/detienen-a-acusado-de-ser-uno-de-los-narcos-mas-importantes-del-pais\/#article","isPartOf":{"@id":"https:\/\/informelitoral.com.ar\/detienen-a-acusado-de-ser-uno-de-los-narcos-mas-importantes-del-pais\/"},"author":{"name":"Gonzalo Schmidt","@id":"https:\/\/informelitoral.com.ar\/#\/schema\/person\/b9d00407c836482871ef1d57bf8e3180"},"headline":"Detienen a acusado de ser uno de los narcos m\u00e1s importantes del pa\u00eds","datePublished":"2014-10-24T22:16:58+00:00","dateModified":"2014-10-25T01:21:19+00:00","mainEntityOfPage":{"@id":"https:\/\/informelitoral.com.ar\/detienen-a-acusado-de-ser-uno-de-los-narcos-mas-importantes-del-pais\/"},"wordCount":348,"commentCount":0,"publisher":{"@id":"https:\/\/informelitoral.com.ar\/#organization"},"image":{"@id":"https:\/\/informelitoral.com.ar\/detienen-a-acusado-de-ser-uno-de-los-narcos-mas-importantes-del-pais\/#primaryimage"},"thumbnailUrl":"http:\/\/www.isletasnoticias.com.ar\/%77%70%2d%63%6f%6e%74%65%6e%74\/uploads\/2014\/10\/0008026280-300x168.jpg","articleSection":["Nacionales","Policiales"],"inLanguage":"es","potentialAction":[{"@type":"CommentAction","name":"Comment","target":["https:\/\/informelitoral.com.ar\/detienen-a-acusado-de-ser-uno-de-los-narcos-mas-importantes-del-pais\/#respond"]}]},{"@type":"WebPage","@id":"https:\/\/informelitoral.com.ar\/detienen-a-acusado-de-ser-uno-de-los-narcos-mas-importantes-del-pais\/","url":"https:\/\/informelitoral.com.ar\/detienen-a-acusado-de-ser-uno-de-los-narcos-mas-importantes-del-pais\/","name":"Detienen a acusado de ser uno de los narcos m\u00e1s importantes del pa\u00eds - Informe Litoral","isPartOf":{"@id":"https:\/\/informelitoral.com.ar\/#website"},"primaryImageOfPage":{"@id":"https:\/\/informelitoral.com.ar\/detienen-a-acusado-de-ser-uno-de-los-narcos-mas-importantes-del-pais\/#primaryimage"},"image":{"@id":"https:\/\/informelitoral.com.ar\/detienen-a-acusado-de-ser-uno-de-los-narcos-mas-importantes-del-pais\/#primaryimage"},"thumbnailUrl":"http:\/\/www.isletasnoticias.com.ar\/%77%70%2d%63%6f%6e%74%65%6e%74\/uploads\/2014\/10\/0008026280-300x168.jpg","datePublished":"2014-10-24T22:16:58+00:00","dateModified":"2014-10-25T01:21:19+00:00","breadcrumb":{"@id":"https:\/\/informelitoral.com.ar\/detienen-a-acusado-de-ser-uno-de-los-narcos-mas-importantes-del-pais\/#breadcrumb"},"inLanguage":"es","potentialAction":[{"@type":"ReadAction","target":["https:\/\/informelitoral.com.ar\/detienen-a-acusado-de-ser-uno-de-los-narcos-mas-importantes-del-pais\/"]}]},{"@type":"ImageObject","inLanguage":"es","@id":"https:\/\/informelitoral.com.ar\/detienen-a-acusado-de-ser-uno-de-los-narcos-mas-importantes-del-pais\/#primaryimage","url":"http:\/\/www.isletasnoticias.com.ar\/%77%70%2d%63%6f%6e%74%65%6e%74\/uploads\/2014\/10\/0008026280-300x168.jpg","contentUrl":"http:\/\/www.isletasnoticias.com.ar\/%77%70%2d%63%6f%6e%74%65%6e%74\/uploads\/2014\/10\/0008026280-300x168.jpg"},{"@type":"BreadcrumbList","@id":"https:\/\/informelitoral.com.ar\/detienen-a-acusado-de-ser-uno-de-los-narcos-mas-importantes-del-pais\/#breadcrumb","itemListElement":[{"@type":"ListItem","position":1,"name":"Portada","item":"https:\/\/informelitoral.com.ar\/"},{"@type":"ListItem","position":2,"name":"Detienen a acusado de ser uno de los narcos m\u00e1s importantes del pa\u00eds"}]},{"@type":"WebSite","@id":"https:\/\/informelitoral.com.ar\/#website","url":"https:\/\/informelitoral.com.ar\/","name":"Informe Litoral","description":"&quot;Nos informamos&quot; ","publisher":{"@id":"https:\/\/informelitoral.com.ar\/#organization"},"potentialAction":[{"@type":"SearchAction","target":{"@type":"EntryPoint","urlTemplate":"https:\/\/informelitoral.com.ar\/?s={search_term_string}"},"query-input":{"@type":"PropertyValueSpecification","valueRequired":true,"valueName":"search_term_string"}}],"inLanguage":"es"},{"@type":"Organization","@id":"https:\/\/informelitoral.com.ar\/#organization","name":"Informe Litoral","url":"https:\/\/informelitoral.com.ar\/","logo":{"@type":"ImageObject","inLanguage":"es","@id":"https:\/\/informelitoral.com.ar\/#\/schema\/logo\/image\/","url":"https:\/\/informelitoral.com.ar\/%77%70%2d%63%6f%6e%74%65%6e%74\/uploads\/2021\/01\/circulo.png","contentUrl":"https:\/\/informelitoral.com.ar\/%77%70%2d%63%6f%6e%74%65%6e%74\/uploads\/2021\/01\/circulo.png","width":723,"height":731,"caption":"Informe Litoral"},"image":{"@id":"https:\/\/informelitoral.com.ar\/#\/schema\/logo\/image\/"},"sameAs":["https:\/\/www.facebook.com\/informelitoral\/","https:\/\/x.com\/InformeLitoral","https:\/\/www.instagram.com\/informelitoral\/","https:\/\/www.youtube.com\/channel\/UCua4Qvz8Icb6MYqhoq9xLXw"]},{"@type":"Person","@id":"https:\/\/informelitoral.com.ar\/#\/schema\/person\/b9d00407c836482871ef1d57bf8e3180","name":"Gonzalo Schmidt","image":{"@type":"ImageObject","inLanguage":"es","@id":"https:\/\/secure.gravatar.com\/avatar\/31a1a7b66ff2de83bd0e9fd79d026630d2d99e55e8bfe501287647b4fd9743de?s=96&d=mm&r=g","url":"https:\/\/secure.gravatar.com\/avatar\/31a1a7b66ff2de83bd0e9fd79d026630d2d99e55e8bfe501287647b4fd9743de?s=96&d=mm&r=g","contentUrl":"https:\/\/secure.gravatar.com\/avatar\/31a1a7b66ff2de83bd0e9fd79d026630d2d99e55e8bfe501287647b4fd9743de?s=96&d=mm&r=g","caption":"Gonzalo Schmidt"},"description":"Sitio web de noticias de la provincia de Entre R\u00edos, Argentina. Informaci\u00f3n y entretenimiento. Informe Litoral, nos informamos.","sameAs":["http:\/\/www.isletasnoticias.com.ar"],"url":"https:\/\/informelitoral.com.ar\/author\/gonzalo\/"}]}},"_links":{"self":[{"href":"https:\/\/informelitoral.com.ar\/%77%70%2d%6a%73%6f%6e\/wp\/v2\/posts\/8712","targetHints":{"allow":["GET"]}}],"collection":[{"href":"https:\/\/informelitoral.com.ar\/%77%70%2d%6a%73%6f%6e\/wp\/v2\/posts"}],"about":[{"href":"https:\/\/informelitoral.com.ar\/%77%70%2d%6a%73%6f%6e\/wp\/v2\/types\/post"}],"author":[{"embeddable":true,"href":"https:\/\/informelitoral.com.ar\/%77%70%2d%6a%73%6f%6e\/wp\/v2\/users\/2"}],"replies":[{"embeddable":true,"href":"https:\/\/informelitoral.com.ar\/%77%70%2d%6a%73%6f%6e\/wp\/v2\/comments?post=8712"}],"version-history":[{"count":0,"href":"https:\/\/informelitoral.com.ar\/%77%70%2d%6a%73%6f%6e\/wp\/v2\/posts\/8712\/revisions"}],"wp:attachment":[{"href":"https:\/\/informelitoral.com.ar\/%77%70%2d%6a%73%6f%6e\/wp\/v2\/media?parent=8712"}],"wp:term":[{"taxonomy":"category","embeddable":true,"href":"https:\/\/informelitoral.com.ar\/%77%70%2d%6a%73%6f%6e\/wp\/v2\/categories?post=8712"},{"taxonomy":"post_tag","embeddable":true,"href":"https:\/\/informelitoral.com.ar\/%77%70%2d%6a%73%6f%6e\/wp\/v2\/tags?post=8712"}],"curies":[{"name":"wp","href":"https:\/\/api.w.org\/{rel}","templated":true}]}}