{"id":87091,"date":"2022-09-16T22:24:59","date_gmt":"2022-09-17T01:24:59","guid":{"rendered":"https:\/\/www.informelitoral.com.ar\/?p=87091"},"modified":"2022-09-16T22:28:52","modified_gmt":"2022-09-17T01:28:52","slug":"abrieron-los-sobres-para-la-obra-de-extension-de-gas-natural-en-general-ramirez","status":"publish","type":"post","link":"https:\/\/informelitoral.com.ar\/abrieron-los-sobres-para-la-obra-de-extension-de-gas-natural-en-general-ramirez\/","title":{"rendered":"Abrieron los sobres para la obra de extensi\u00f3n de gas natural en General Ram\u00edrez"},"content":{"rendered":"<p><strong>En General Ram\u00edrez, se realiz\u00f3 la apertura de sobres para la <a href=\"https:\/\/www.informelitoral.com.ar\/se-autorizo-el-llamado-a-licitacion-para-la-ampliacion-de-la-red-de-gas-natural-en-ramirez\/\">obra de extensi\u00f3n de gas en Barrio Sur y para la Escuela N\u00ba 57, Linares Cardozo.<\/a><\/strong><\/p>\n<p><strong><a href=\"https:\/\/www.informelitoral.com.ar\/%77%70%2d%63%6f%6e%74%65%6e%74\/uploads\/2022\/09\/302068096_471568255010225_4009645145786404795_n.jpg\"><img loading=\"lazy\" decoding=\"async\" class=\"aligncenter wp-image-87093 size-full\" src=\"https:\/\/www.informelitoral.com.ar\/%77%70%2d%63%6f%6e%74%65%6e%74\/uploads\/2022\/09\/302068096_471568255010225_4009645145786404795_n.jpg\" alt=\"\" width=\"960\" height=\"640\" srcset=\"https:\/\/informelitoral.com.ar\/%77%70%2d%63%6f%6e%74%65%6e%74\/uploads\/2022\/09\/302068096_471568255010225_4009645145786404795_n.jpg 960w, https:\/\/informelitoral.com.ar\/%77%70%2d%63%6f%6e%74%65%6e%74\/uploads\/2022\/09\/302068096_471568255010225_4009645145786404795_n-300x200.jpg 300w, https:\/\/informelitoral.com.ar\/%77%70%2d%63%6f%6e%74%65%6e%74\/uploads\/2022\/09\/302068096_471568255010225_4009645145786404795_n-768x512.jpg 768w, https:\/\/informelitoral.com.ar\/%77%70%2d%63%6f%6e%74%65%6e%74\/uploads\/2022\/09\/302068096_471568255010225_4009645145786404795_n-696x464.jpg 696w, https:\/\/informelitoral.com.ar\/%77%70%2d%63%6f%6e%74%65%6e%74\/uploads\/2022\/09\/302068096_471568255010225_4009645145786404795_n-630x420.jpg 630w\" sizes=\"auto, (max-width: 960px) 100vw, 960px\" \/><\/a><\/strong><\/p>\n<p><span style=\"background-color: #ffff00;\"><strong>En total se presentaron seis oferentes y en los pr\u00f3ximos d\u00edas se conocer\u00e1 el adjudicado.<\/strong><\/span><\/p>\n<p><strong>La obra cuenta con un presupuesto oficial de 37.998.199 para un tendido de 5.075 metros de ca\u00f1er\u00edas con un plazo de ejecuci\u00f3n de 90 d\u00edas corridos.<\/strong><\/p>\n<p><strong><a href=\"https:\/\/www.informelitoral.com.ar\/%77%70%2d%63%6f%6e%74%65%6e%74\/uploads\/2022\/09\/302137932_471568355010215_8027430110367782999_n.jpg\"><img loading=\"lazy\" decoding=\"async\" class=\"aligncenter wp-image-87094 size-full\" src=\"https:\/\/www.informelitoral.com.ar\/%77%70%2d%63%6f%6e%74%65%6e%74\/uploads\/2022\/09\/302137932_471568355010215_8027430110367782999_n.jpg\" alt=\"\" width=\"960\" height=\"640\" srcset=\"https:\/\/informelitoral.com.ar\/%77%70%2d%63%6f%6e%74%65%6e%74\/uploads\/2022\/09\/302137932_471568355010215_8027430110367782999_n.jpg 960w, https:\/\/informelitoral.com.ar\/%77%70%2d%63%6f%6e%74%65%6e%74\/uploads\/2022\/09\/302137932_471568355010215_8027430110367782999_n-300x200.jpg 300w, https:\/\/informelitoral.com.ar\/%77%70%2d%63%6f%6e%74%65%6e%74\/uploads\/2022\/09\/302137932_471568355010215_8027430110367782999_n-768x512.jpg 768w, https:\/\/informelitoral.com.ar\/%77%70%2d%63%6f%6e%74%65%6e%74\/uploads\/2022\/09\/302137932_471568355010215_8027430110367782999_n-696x464.jpg 696w, https:\/\/informelitoral.com.ar\/%77%70%2d%63%6f%6e%74%65%6e%74\/uploads\/2022\/09\/302137932_471568355010215_8027430110367782999_n-630x420.jpg 630w\" sizes=\"auto, (max-width: 960px) 100vw, 960px\" \/><\/a><\/strong><\/p>\n<p><em>\u201cLa obra es encarada con fondos \u00edntegramente provinciales y cuenta con un presupuesto oficial superior a los 37 millones de pesos. Gracias a una gesti\u00f3n de gobierno ordenada y previsible, cumplimos con el compromiso tomado por el gobernador Gustavo Bordet, al dar un paso administrativo m\u00e1s, que nos deja m\u00e1s cerca de poder concretar el sue\u00f1o de llegar con mejor calidad de vida para las familias y competitividad para los emprendimientos, pero adem\u00e1s, generando mano de obra genuina en el proceso\u201d,<\/em> destac\u00f3 en su momento la secretaria de Energ\u00eda, <strong>Silvina Guerra.<\/strong><\/p>\n<p><strong><a href=\"https:\/\/www.informelitoral.com.ar\/%77%70%2d%63%6f%6e%74%65%6e%74\/uploads\/2022\/09\/305487840_471568285010222_2110181888925679579_n.jpg\"><img loading=\"lazy\" decoding=\"async\" class=\"aligncenter wp-image-87095 size-full\" src=\"https:\/\/www.informelitoral.com.ar\/%77%70%2d%63%6f%6e%74%65%6e%74\/uploads\/2022\/09\/305487840_471568285010222_2110181888925679579_n.jpg\" alt=\"\" width=\"960\" height=\"640\" srcset=\"https:\/\/informelitoral.com.ar\/%77%70%2d%63%6f%6e%74%65%6e%74\/uploads\/2022\/09\/305487840_471568285010222_2110181888925679579_n.jpg 960w, https:\/\/informelitoral.com.ar\/%77%70%2d%63%6f%6e%74%65%6e%74\/uploads\/2022\/09\/305487840_471568285010222_2110181888925679579_n-300x200.jpg 300w, https:\/\/informelitoral.com.ar\/%77%70%2d%63%6f%6e%74%65%6e%74\/uploads\/2022\/09\/305487840_471568285010222_2110181888925679579_n-768x512.jpg 768w, https:\/\/informelitoral.com.ar\/%77%70%2d%63%6f%6e%74%65%6e%74\/uploads\/2022\/09\/305487840_471568285010222_2110181888925679579_n-696x464.jpg 696w, https:\/\/informelitoral.com.ar\/%77%70%2d%63%6f%6e%74%65%6e%74\/uploads\/2022\/09\/305487840_471568285010222_2110181888925679579_n-630x420.jpg 630w\" sizes=\"auto, (max-width: 960px) 100vw, 960px\" \/><\/a><\/strong><\/p>\n<h4><strong>Los presentes<\/strong><\/h4>\n<p>Acompa\u00f1aron en el acto al intendente, <strong>Gustavo Vergara<\/strong>, autoridades de la Secretar\u00eda de Energ\u00eda de Entre R\u00edos, de la Escriban\u00eda Mayor de Gobierno, funcionarios municipales; el diputado provincial,<strong> Jorge C\u00e1ceres; <\/strong>la senadora, <strong>Claudia Gieco<\/strong> y concejales de ambos bloques.<\/p>\n<p><em>\u00abEstamos muy felices de que esta obra est\u00e9 pr\u00f3xima a concretarse ya que significa mejor calidad de vida para los ramirenses\u00bb,<\/em> expresaron desde el Ejecutivo.<\/p>\n<p><em><strong>M\u00c1S SOBRE EL TEMA:<\/strong><\/em><\/p>\n<blockquote class=\"wp-embedded-content\" data-secret=\"KaBtlu8UUB\"><p><a href=\"https:\/\/www.informelitoral.com.ar\/se-autorizo-el-llamado-a-licitacion-para-la-ampliacion-de-la-red-de-gas-natural-en-ramirez\/\">Se autoriz\u00f3 el llamado a licitaci\u00f3n para la ampliaci\u00f3n de la red de gas natural en Ram\u00edrez<\/a><\/p><\/blockquote>\n<p><iframe loading=\"lazy\" class=\"wp-embedded-content\" sandbox=\"allow-scripts\" security=\"restricted\" style=\"position: absolute; clip: rect(1px, 1px, 1px, 1px);\" title=\"\u00abSe autoriz\u00f3 el llamado a licitaci\u00f3n para la ampliaci\u00f3n de la red de gas natural en Ram\u00edrez\u00bb \u2014 Informe Litoral\" src=\"https:\/\/www.informelitoral.com.ar\/se-autorizo-el-llamado-a-licitacion-para-la-ampliacion-de-la-red-de-gas-natural-en-ramirez\/embed\/#?secret=njKQdSci1u#?secret=KaBtlu8UUB\" data-secret=\"KaBtlu8UUB\" width=\"600\" height=\"338\" frameborder=\"0\" marginwidth=\"0\" marginheight=\"0\" scrolling=\"no\"><\/iframe><\/p>\n<blockquote class=\"wp-embedded-content\" data-secret=\"AXJwnSTyuJ\"><p><a href=\"https:\/\/www.informelitoral.com.ar\/general-ramirez-gestionaron-ante-provincia-la-extension-de-la-red-de-gas-natural\/\">General Ram\u00edrez: gestionaron ante Provincia la extensi\u00f3n de la red de gas natural<\/a><\/p><\/blockquote>\n<p><iframe loading=\"lazy\" class=\"wp-embedded-content\" sandbox=\"allow-scripts\" security=\"restricted\" style=\"position: absolute; clip: rect(1px, 1px, 1px, 1px);\" title=\"\u00abGeneral Ram\u00edrez: gestionaron ante Provincia la extensi\u00f3n de la red de gas natural\u00bb \u2014 Informe Litoral\" src=\"https:\/\/www.informelitoral.com.ar\/general-ramirez-gestionaron-ante-provincia-la-extension-de-la-red-de-gas-natural\/embed\/#?secret=IO7PZqyfZ8#?secret=AXJwnSTyuJ\" data-secret=\"AXJwnSTyuJ\" width=\"600\" height=\"338\" frameborder=\"0\" marginwidth=\"0\" marginheight=\"0\" scrolling=\"no\"><\/iframe><\/p>\n","protected":false},"excerpt":{"rendered":"<p>Comprende Barrio Sur y la Escuela N\u00ba 57, Linares Cardozo. En total se presentaron seis oferentes y en los pr\u00f3ximos d\u00edas se conocer\u00e1 el adjudicado.<\/p>\n","protected":false},"author":2,"featured_media":87096,"comment_status":"open","ping_status":"open","sticky":false,"template":"","format":"standard","meta":{"fifu_image_url":"","fifu_image_alt":"","footnotes":""},"categories":[5],"tags":[1674,556,111,201,316,27],"class_list":{"0":"post-87091","1":"post","2":"type-post","3":"status-publish","4":"format-standard","5":"has-post-thumbnail","7":"category-zonales","8":"tag-gas-natural","9":"tag-general-ramirez","10":"tag-municipales","11":"tag-municipios","12":"tag-obras-publicas","13":"tag-ramirez"},"yoast_head":"<title>Abrieron los sobres para la obra de extensi\u00f3n de gas natural en General Ram\u00edrez - Informe Litoral<\/title>\n<meta name=\"robots\" content=\"index, follow, max-snippet:-1, max-image-preview:large, max-video-preview:-1\" \/>\n<link rel=\"canonical\" href=\"https:\/\/informelitoral.com.ar\/abrieron-los-sobres-para-la-obra-de-extension-de-gas-natural-en-general-ramirez\/\" \/>\n<meta property=\"og:locale\" content=\"es_ES\" \/>\n<meta property=\"og:type\" content=\"article\" \/>\n<meta property=\"og:title\" content=\"Abrieron los sobres para la obra de extensi\u00f3n de gas natural en General Ram\u00edrez - Informe Litoral\" \/>\n<meta property=\"og:description\" content=\"Comprende Barrio Sur y la Escuela N\u00ba 57, Linares Cardozo. En total se presentaron seis oferentes y en los pr\u00f3ximos d\u00edas se conocer\u00e1 el adjudicado.\" \/>\n<meta property=\"og:url\" content=\"https:\/\/informelitoral.com.ar\/abrieron-los-sobres-para-la-obra-de-extension-de-gas-natural-en-general-ramirez\/\" \/>\n<meta property=\"og:site_name\" content=\"Informe Litoral\" \/>\n<meta property=\"article:publisher\" content=\"https:\/\/www.facebook.com\/informelitoral\/\" \/>\n<meta property=\"article:published_time\" content=\"2022-09-17T01:24:59+00:00\" \/>\n<meta property=\"article:modified_time\" content=\"2022-09-17T01:28:52+00:00\" \/>\n<meta property=\"og:image\" content=\"https:\/\/informelitoral.com.ar\/%77%70%2d%63%6f%6e%74%65%6e%74\/uploads\/2022\/09\/305925085_471568228343561_5149007250640182743_n.jpg\" \/>\n\t<meta property=\"og:image:width\" content=\"593\" \/>\n\t<meta property=\"og:image:height\" content=\"395\" \/>\n\t<meta property=\"og:image:type\" content=\"image\/jpeg\" \/>\n<meta name=\"author\" content=\"Gonzalo Schmidt\" \/>\n<meta name=\"twitter:card\" content=\"summary_large_image\" \/>\n<meta name=\"twitter:creator\" content=\"@InformeLitoral\" \/>\n<meta name=\"twitter:site\" content=\"@InformeLitoral\" \/>\n<meta name=\"twitter:label1\" content=\"Escrito por\" \/>\n\t<meta name=\"twitter:data1\" content=\"Gonzalo Schmidt\" \/>\n\t<meta name=\"twitter:label2\" content=\"Tiempo de lectura\" \/>\n\t<meta name=\"twitter:data2\" content=\"1 minuto\" \/>\n<script type=\"application\/ld+json\" class=\"yoast-schema-graph\">{\"@context\":\"https:\\\/\\\/schema.org\",\"@graph\":[{\"@type\":\"Article\",\"@id\":\"https:\\\/\\\/informelitoral.com.ar\\\/abrieron-los-sobres-para-la-obra-de-extension-de-gas-natural-en-general-ramirez\\\/#article\",\"isPartOf\":{\"@id\":\"https:\\\/\\\/informelitoral.com.ar\\\/abrieron-los-sobres-para-la-obra-de-extension-de-gas-natural-en-general-ramirez\\\/\"},\"author\":{\"name\":\"Gonzalo Schmidt\",\"@id\":\"https:\\\/\\\/informelitoral.com.ar\\\/#\\\/schema\\\/person\\\/b9d00407c836482871ef1d57bf8e3180\"},\"headline\":\"Abrieron los sobres para la obra de extensi\u00f3n de gas natural en General Ram\u00edrez\",\"datePublished\":\"2022-09-17T01:24:59+00:00\",\"dateModified\":\"2022-09-17T01:28:52+00:00\",\"mainEntityOfPage\":{\"@id\":\"https:\\\/\\\/informelitoral.com.ar\\\/abrieron-los-sobres-para-la-obra-de-extension-de-gas-natural-en-general-ramirez\\\/\"},\"wordCount\":274,\"commentCount\":0,\"publisher\":{\"@id\":\"https:\\\/\\\/informelitoral.com.ar\\\/#organization\"},\"image\":{\"@id\":\"https:\\\/\\\/informelitoral.com.ar\\\/abrieron-los-sobres-para-la-obra-de-extension-de-gas-natural-en-general-ramirez\\\/#primaryimage\"},\"thumbnailUrl\":\"https:\\\/\\\/informelitoral.com.ar\\\/%77%70%2d%63%6f%6e%74%65%6e%74\\\/uploads\\\/2022\\\/09\\\/305925085_471568228343561_5149007250640182743_n.jpg\",\"keywords\":[\"Gas natural\",\"General Ram\u00edrez\",\"Municipales\",\"Municipios\",\"Obras p\u00fablicas\",\"Ram\u00edrez\"],\"articleSection\":[\"Departamento Diamante\"],\"inLanguage\":\"es\",\"potentialAction\":[{\"@type\":\"CommentAction\",\"name\":\"Comment\",\"target\":[\"https:\\\/\\\/informelitoral.com.ar\\\/abrieron-los-sobres-para-la-obra-de-extension-de-gas-natural-en-general-ramirez\\\/#respond\"]}]},{\"@type\":\"WebPage\",\"@id\":\"https:\\\/\\\/informelitoral.com.ar\\\/abrieron-los-sobres-para-la-obra-de-extension-de-gas-natural-en-general-ramirez\\\/\",\"url\":\"https:\\\/\\\/informelitoral.com.ar\\\/abrieron-los-sobres-para-la-obra-de-extension-de-gas-natural-en-general-ramirez\\\/\",\"name\":\"Abrieron los sobres para la obra de extensi\u00f3n de gas natural en General Ram\u00edrez - Informe Litoral\",\"isPartOf\":{\"@id\":\"https:\\\/\\\/informelitoral.com.ar\\\/#website\"},\"primaryImageOfPage\":{\"@id\":\"https:\\\/\\\/informelitoral.com.ar\\\/abrieron-los-sobres-para-la-obra-de-extension-de-gas-natural-en-general-ramirez\\\/#primaryimage\"},\"image\":{\"@id\":\"https:\\\/\\\/informelitoral.com.ar\\\/abrieron-los-sobres-para-la-obra-de-extension-de-gas-natural-en-general-ramirez\\\/#primaryimage\"},\"thumbnailUrl\":\"https:\\\/\\\/informelitoral.com.ar\\\/%77%70%2d%63%6f%6e%74%65%6e%74\\\/uploads\\\/2022\\\/09\\\/305925085_471568228343561_5149007250640182743_n.jpg\",\"datePublished\":\"2022-09-17T01:24:59+00:00\",\"dateModified\":\"2022-09-17T01:28:52+00:00\",\"breadcrumb\":{\"@id\":\"https:\\\/\\\/informelitoral.com.ar\\\/abrieron-los-sobres-para-la-obra-de-extension-de-gas-natural-en-general-ramirez\\\/#breadcrumb\"},\"inLanguage\":\"es\",\"potentialAction\":[{\"@type\":\"ReadAction\",\"target\":[\"https:\\\/\\\/informelitoral.com.ar\\\/abrieron-los-sobres-para-la-obra-de-extension-de-gas-natural-en-general-ramirez\\\/\"]}]},{\"@type\":\"ImageObject\",\"inLanguage\":\"es\",\"@id\":\"https:\\\/\\\/informelitoral.com.ar\\\/abrieron-los-sobres-para-la-obra-de-extension-de-gas-natural-en-general-ramirez\\\/#primaryimage\",\"url\":\"https:\\\/\\\/informelitoral.com.ar\\\/%77%70%2d%63%6f%6e%74%65%6e%74\\\/uploads\\\/2022\\\/09\\\/305925085_471568228343561_5149007250640182743_n.jpg\",\"contentUrl\":\"https:\\\/\\\/informelitoral.com.ar\\\/%77%70%2d%63%6f%6e%74%65%6e%74\\\/uploads\\\/2022\\\/09\\\/305925085_471568228343561_5149007250640182743_n.jpg\",\"width\":593,\"height\":395},{\"@type\":\"BreadcrumbList\",\"@id\":\"https:\\\/\\\/informelitoral.com.ar\\\/abrieron-los-sobres-para-la-obra-de-extension-de-gas-natural-en-general-ramirez\\\/#breadcrumb\",\"itemListElement\":[{\"@type\":\"ListItem\",\"position\":1,\"name\":\"Portada\",\"item\":\"https:\\\/\\\/informelitoral.com.ar\\\/\"},{\"@type\":\"ListItem\",\"position\":2,\"name\":\"Abrieron los sobres para la obra de extensi\u00f3n de gas natural en General Ram\u00edrez\"}]},{\"@type\":\"WebSite\",\"@id\":\"https:\\\/\\\/informelitoral.com.ar\\\/#website\",\"url\":\"https:\\\/\\\/informelitoral.com.ar\\\/\",\"name\":\"Informe Litoral\",\"description\":\"&quot;Nos informamos&quot; \",\"publisher\":{\"@id\":\"https:\\\/\\\/informelitoral.com.ar\\\/#organization\"},\"potentialAction\":[{\"@type\":\"SearchAction\",\"target\":{\"@type\":\"EntryPoint\",\"urlTemplate\":\"https:\\\/\\\/informelitoral.com.ar\\\/?s={search_term_string}\"},\"query-input\":{\"@type\":\"PropertyValueSpecification\",\"valueRequired\":true,\"valueName\":\"search_term_string\"}}],\"inLanguage\":\"es\"},{\"@type\":\"Organization\",\"@id\":\"https:\\\/\\\/informelitoral.com.ar\\\/#organization\",\"name\":\"Informe Litoral\",\"url\":\"https:\\\/\\\/informelitoral.com.ar\\\/\",\"logo\":{\"@type\":\"ImageObject\",\"inLanguage\":\"es\",\"@id\":\"https:\\\/\\\/informelitoral.com.ar\\\/#\\\/schema\\\/logo\\\/image\\\/\",\"url\":\"https:\\\/\\\/informelitoral.com.ar\\\/%77%70%2d%63%6f%6e%74%65%6e%74\\\/uploads\\\/2021\\\/01\\\/circulo.png\",\"contentUrl\":\"https:\\\/\\\/informelitoral.com.ar\\\/%77%70%2d%63%6f%6e%74%65%6e%74\\\/uploads\\\/2021\\\/01\\\/circulo.png\",\"width\":723,\"height\":731,\"caption\":\"Informe Litoral\"},\"image\":{\"@id\":\"https:\\\/\\\/informelitoral.com.ar\\\/#\\\/schema\\\/logo\\\/image\\\/\"},\"sameAs\":[\"https:\\\/\\\/www.facebook.com\\\/informelitoral\\\/\",\"https:\\\/\\\/x.com\\\/InformeLitoral\",\"https:\\\/\\\/www.instagram.com\\\/informelitoral\\\/\",\"https:\\\/\\\/www.youtube.com\\\/channel\\\/UCua4Qvz8Icb6MYqhoq9xLXw\"]},{\"@type\":\"Person\",\"@id\":\"https:\\\/\\\/informelitoral.com.ar\\\/#\\\/schema\\\/person\\\/b9d00407c836482871ef1d57bf8e3180\",\"name\":\"Gonzalo Schmidt\",\"image\":{\"@type\":\"ImageObject\",\"inLanguage\":\"es\",\"@id\":\"https:\\\/\\\/secure.gravatar.com\\\/avatar\\\/31a1a7b66ff2de83bd0e9fd79d026630d2d99e55e8bfe501287647b4fd9743de?s=96&d=mm&r=g\",\"url\":\"https:\\\/\\\/secure.gravatar.com\\\/avatar\\\/31a1a7b66ff2de83bd0e9fd79d026630d2d99e55e8bfe501287647b4fd9743de?s=96&d=mm&r=g\",\"contentUrl\":\"https:\\\/\\\/secure.gravatar.com\\\/avatar\\\/31a1a7b66ff2de83bd0e9fd79d026630d2d99e55e8bfe501287647b4fd9743de?s=96&d=mm&r=g\",\"caption\":\"Gonzalo Schmidt\"},\"description\":\"Sitio web de noticias de la provincia de Entre R\u00edos, Argentina. Informaci\u00f3n y entretenimiento. Informe Litoral, nos informamos.\",\"sameAs\":[\"http:\\\/\\\/www.isletasnoticias.com.ar\"],\"url\":\"https:\\\/\\\/informelitoral.com.ar\\\/author\\\/gonzalo\\\/\"}]}<\/script>","yoast_head_json":{"title":"Abrieron los sobres para la obra de extensi\u00f3n de gas natural en General Ram\u00edrez - Informe Litoral","robots":{"index":"index","follow":"follow","max-snippet":"max-snippet:-1","max-image-preview":"max-image-preview:large","max-video-preview":"max-video-preview:-1"},"canonical":"https:\/\/informelitoral.com.ar\/abrieron-los-sobres-para-la-obra-de-extension-de-gas-natural-en-general-ramirez\/","og_locale":"es_ES","og_type":"article","og_title":"Abrieron los sobres para la obra de extensi\u00f3n de gas natural en General Ram\u00edrez - Informe Litoral","og_description":"Comprende Barrio Sur y la Escuela N\u00ba 57, Linares Cardozo. En total se presentaron seis oferentes y en los pr\u00f3ximos d\u00edas se conocer\u00e1 el adjudicado.","og_url":"https:\/\/informelitoral.com.ar\/abrieron-los-sobres-para-la-obra-de-extension-de-gas-natural-en-general-ramirez\/","og_site_name":"Informe Litoral","article_publisher":"https:\/\/www.facebook.com\/informelitoral\/","article_published_time":"2022-09-17T01:24:59+00:00","article_modified_time":"2022-09-17T01:28:52+00:00","og_image":[{"width":593,"height":395,"url":"https:\/\/informelitoral.com.ar\/%77%70%2d%63%6f%6e%74%65%6e%74\/uploads\/2022\/09\/305925085_471568228343561_5149007250640182743_n.jpg","type":"image\/jpeg"}],"author":"Gonzalo Schmidt","twitter_card":"summary_large_image","twitter_creator":"@InformeLitoral","twitter_site":"@InformeLitoral","twitter_misc":{"Escrito por":"Gonzalo Schmidt","Tiempo de lectura":"1 minuto"},"schema":{"@context":"https:\/\/schema.org","@graph":[{"@type":"Article","@id":"https:\/\/informelitoral.com.ar\/abrieron-los-sobres-para-la-obra-de-extension-de-gas-natural-en-general-ramirez\/#article","isPartOf":{"@id":"https:\/\/informelitoral.com.ar\/abrieron-los-sobres-para-la-obra-de-extension-de-gas-natural-en-general-ramirez\/"},"author":{"name":"Gonzalo Schmidt","@id":"https:\/\/informelitoral.com.ar\/#\/schema\/person\/b9d00407c836482871ef1d57bf8e3180"},"headline":"Abrieron los sobres para la obra de extensi\u00f3n de gas natural en General Ram\u00edrez","datePublished":"2022-09-17T01:24:59+00:00","dateModified":"2022-09-17T01:28:52+00:00","mainEntityOfPage":{"@id":"https:\/\/informelitoral.com.ar\/abrieron-los-sobres-para-la-obra-de-extension-de-gas-natural-en-general-ramirez\/"},"wordCount":274,"commentCount":0,"publisher":{"@id":"https:\/\/informelitoral.com.ar\/#organization"},"image":{"@id":"https:\/\/informelitoral.com.ar\/abrieron-los-sobres-para-la-obra-de-extension-de-gas-natural-en-general-ramirez\/#primaryimage"},"thumbnailUrl":"https:\/\/informelitoral.com.ar\/%77%70%2d%63%6f%6e%74%65%6e%74\/uploads\/2022\/09\/305925085_471568228343561_5149007250640182743_n.jpg","keywords":["Gas natural","General Ram\u00edrez","Municipales","Municipios","Obras p\u00fablicas","Ram\u00edrez"],"articleSection":["Departamento Diamante"],"inLanguage":"es","potentialAction":[{"@type":"CommentAction","name":"Comment","target":["https:\/\/informelitoral.com.ar\/abrieron-los-sobres-para-la-obra-de-extension-de-gas-natural-en-general-ramirez\/#respond"]}]},{"@type":"WebPage","@id":"https:\/\/informelitoral.com.ar\/abrieron-los-sobres-para-la-obra-de-extension-de-gas-natural-en-general-ramirez\/","url":"https:\/\/informelitoral.com.ar\/abrieron-los-sobres-para-la-obra-de-extension-de-gas-natural-en-general-ramirez\/","name":"Abrieron los sobres para la obra de extensi\u00f3n de gas natural en General Ram\u00edrez - Informe Litoral","isPartOf":{"@id":"https:\/\/informelitoral.com.ar\/#website"},"primaryImageOfPage":{"@id":"https:\/\/informelitoral.com.ar\/abrieron-los-sobres-para-la-obra-de-extension-de-gas-natural-en-general-ramirez\/#primaryimage"},"image":{"@id":"https:\/\/informelitoral.com.ar\/abrieron-los-sobres-para-la-obra-de-extension-de-gas-natural-en-general-ramirez\/#primaryimage"},"thumbnailUrl":"https:\/\/informelitoral.com.ar\/%77%70%2d%63%6f%6e%74%65%6e%74\/uploads\/2022\/09\/305925085_471568228343561_5149007250640182743_n.jpg","datePublished":"2022-09-17T01:24:59+00:00","dateModified":"2022-09-17T01:28:52+00:00","breadcrumb":{"@id":"https:\/\/informelitoral.com.ar\/abrieron-los-sobres-para-la-obra-de-extension-de-gas-natural-en-general-ramirez\/#breadcrumb"},"inLanguage":"es","potentialAction":[{"@type":"ReadAction","target":["https:\/\/informelitoral.com.ar\/abrieron-los-sobres-para-la-obra-de-extension-de-gas-natural-en-general-ramirez\/"]}]},{"@type":"ImageObject","inLanguage":"es","@id":"https:\/\/informelitoral.com.ar\/abrieron-los-sobres-para-la-obra-de-extension-de-gas-natural-en-general-ramirez\/#primaryimage","url":"https:\/\/informelitoral.com.ar\/%77%70%2d%63%6f%6e%74%65%6e%74\/uploads\/2022\/09\/305925085_471568228343561_5149007250640182743_n.jpg","contentUrl":"https:\/\/informelitoral.com.ar\/%77%70%2d%63%6f%6e%74%65%6e%74\/uploads\/2022\/09\/305925085_471568228343561_5149007250640182743_n.jpg","width":593,"height":395},{"@type":"BreadcrumbList","@id":"https:\/\/informelitoral.com.ar\/abrieron-los-sobres-para-la-obra-de-extension-de-gas-natural-en-general-ramirez\/#breadcrumb","itemListElement":[{"@type":"ListItem","position":1,"name":"Portada","item":"https:\/\/informelitoral.com.ar\/"},{"@type":"ListItem","position":2,"name":"Abrieron los sobres para la obra de extensi\u00f3n de gas natural en General Ram\u00edrez"}]},{"@type":"WebSite","@id":"https:\/\/informelitoral.com.ar\/#website","url":"https:\/\/informelitoral.com.ar\/","name":"Informe Litoral","description":"&quot;Nos informamos&quot; ","publisher":{"@id":"https:\/\/informelitoral.com.ar\/#organization"},"potentialAction":[{"@type":"SearchAction","target":{"@type":"EntryPoint","urlTemplate":"https:\/\/informelitoral.com.ar\/?s={search_term_string}"},"query-input":{"@type":"PropertyValueSpecification","valueRequired":true,"valueName":"search_term_string"}}],"inLanguage":"es"},{"@type":"Organization","@id":"https:\/\/informelitoral.com.ar\/#organization","name":"Informe Litoral","url":"https:\/\/informelitoral.com.ar\/","logo":{"@type":"ImageObject","inLanguage":"es","@id":"https:\/\/informelitoral.com.ar\/#\/schema\/logo\/image\/","url":"https:\/\/informelitoral.com.ar\/%77%70%2d%63%6f%6e%74%65%6e%74\/uploads\/2021\/01\/circulo.png","contentUrl":"https:\/\/informelitoral.com.ar\/%77%70%2d%63%6f%6e%74%65%6e%74\/uploads\/2021\/01\/circulo.png","width":723,"height":731,"caption":"Informe Litoral"},"image":{"@id":"https:\/\/informelitoral.com.ar\/#\/schema\/logo\/image\/"},"sameAs":["https:\/\/www.facebook.com\/informelitoral\/","https:\/\/x.com\/InformeLitoral","https:\/\/www.instagram.com\/informelitoral\/","https:\/\/www.youtube.com\/channel\/UCua4Qvz8Icb6MYqhoq9xLXw"]},{"@type":"Person","@id":"https:\/\/informelitoral.com.ar\/#\/schema\/person\/b9d00407c836482871ef1d57bf8e3180","name":"Gonzalo Schmidt","image":{"@type":"ImageObject","inLanguage":"es","@id":"https:\/\/secure.gravatar.com\/avatar\/31a1a7b66ff2de83bd0e9fd79d026630d2d99e55e8bfe501287647b4fd9743de?s=96&d=mm&r=g","url":"https:\/\/secure.gravatar.com\/avatar\/31a1a7b66ff2de83bd0e9fd79d026630d2d99e55e8bfe501287647b4fd9743de?s=96&d=mm&r=g","contentUrl":"https:\/\/secure.gravatar.com\/avatar\/31a1a7b66ff2de83bd0e9fd79d026630d2d99e55e8bfe501287647b4fd9743de?s=96&d=mm&r=g","caption":"Gonzalo Schmidt"},"description":"Sitio web de noticias de la provincia de Entre R\u00edos, Argentina. Informaci\u00f3n y entretenimiento. Informe Litoral, nos informamos.","sameAs":["http:\/\/www.isletasnoticias.com.ar"],"url":"https:\/\/informelitoral.com.ar\/author\/gonzalo\/"}]}},"_links":{"self":[{"href":"https:\/\/informelitoral.com.ar\/%77%70%2d%6a%73%6f%6e\/wp\/v2\/posts\/87091","targetHints":{"allow":["GET"]}}],"collection":[{"href":"https:\/\/informelitoral.com.ar\/%77%70%2d%6a%73%6f%6e\/wp\/v2\/posts"}],"about":[{"href":"https:\/\/informelitoral.com.ar\/%77%70%2d%6a%73%6f%6e\/wp\/v2\/types\/post"}],"author":[{"embeddable":true,"href":"https:\/\/informelitoral.com.ar\/%77%70%2d%6a%73%6f%6e\/wp\/v2\/users\/2"}],"replies":[{"embeddable":true,"href":"https:\/\/informelitoral.com.ar\/%77%70%2d%6a%73%6f%6e\/wp\/v2\/comments?post=87091"}],"version-history":[{"count":0,"href":"https:\/\/informelitoral.com.ar\/%77%70%2d%6a%73%6f%6e\/wp\/v2\/posts\/87091\/revisions"}],"wp:featuredmedia":[{"embeddable":true,"href":"https:\/\/informelitoral.com.ar\/%77%70%2d%6a%73%6f%6e\/wp\/v2\/media\/87096"}],"wp:attachment":[{"href":"https:\/\/informelitoral.com.ar\/%77%70%2d%6a%73%6f%6e\/wp\/v2\/media?parent=87091"}],"wp:term":[{"taxonomy":"category","embeddable":true,"href":"https:\/\/informelitoral.com.ar\/%77%70%2d%6a%73%6f%6e\/wp\/v2\/categories?post=87091"},{"taxonomy":"post_tag","embeddable":true,"href":"https:\/\/informelitoral.com.ar\/%77%70%2d%6a%73%6f%6e\/wp\/v2\/tags?post=87091"}],"curies":[{"name":"wp","href":"https:\/\/api.w.org\/{rel}","templated":true}]}}