{"id":86853,"date":"2022-09-16T13:15:31","date_gmt":"2022-09-16T16:15:31","guid":{"rendered":"https:\/\/www.informelitoral.com.ar\/?p=86853"},"modified":"2022-09-16T13:15:31","modified_gmt":"2022-09-16T16:15:31","slug":"entre-rios-firmo-un-convenio-para-la-incorporacion-de-agroalimentos-al-mercado-de-milan","status":"publish","type":"post","link":"https:\/\/informelitoral.com.ar\/entre-rios-firmo-un-convenio-para-la-incorporacion-de-agroalimentos-al-mercado-de-milan\/","title":{"rendered":"Entre R\u00edos firm\u00f3 un convenio para la incorporaci\u00f3n de agroalimentos al mercado de Mil\u00e1n"},"content":{"rendered":"<p>Con el objetivo de promover la presencia de productos agroalimentarios entrerrianos en los mercados mayoristas milaneses administrados por Sogemi, este jueves se concret\u00f3 la firma del convenio marco de colaboraci\u00f3n con el gobierno de Entre R\u00edos.<\/p>\n<p>\u201cSomos la primera provincia argentina en firmar un acuerdo para que productos entrerrianos puedan ingresar al Mercado Agroalimentario de Mil\u00e1n, uno de los espacios de exposici\u00f3n y venta de alimentos m\u00e1s importantes de Italia\u201d, destac\u00f3 Stratta acompa\u00f1ada por Pedro Gebhart, secretario de Desarrollo Econ\u00f3mico y Emprendedor del Ministerio de Producci\u00f3n de Entre R\u00edos.<\/p>\n<p>En este sentido, consider\u00f3 que se trata de \u201cun paso important\u00edsimo y es parte de la premisa del gobernador Gustavo Bordet de promover nuestra oferta exportable, una definici\u00f3n clave para afianzar el crecimiento de nuestra provincia, a trav\u00e9s del ingreso de divisas, el impulso a la econom\u00eda y la generaci\u00f3n de empleo\u201d, remarc\u00f3.<\/p>\n<p>Stratta, adem\u00e1s, expres\u00f3 su agradecimiento al Consulado Argentino en Mil\u00e1n por posibilitar este acuerdo que \u201creafirma la vocaci\u00f3n conjunta de seguir generando mejores oportunidades para las y los entrerrianos\u201d.<\/p>\n<p>\u00bfQu\u00e9 es el Sogemi?<\/p>\n<p>El SO.GE.MI (Sociedad de Implantaci\u00f3n y Explotaci\u00f3n de los Mercados Mayoristas de Alimentaci\u00f3n de Mil\u00e1n) es la sociedad an\u00f3nima que, en nombre del municipio de Mil\u00e1n, gestiona todos los mercados mayoristas agroalimentarios de la ciudad, garantizando el funcionamiento a trav\u00e9s de la prestaci\u00f3n de servicios calificados para apoyar las actividades comerciales realizadas por los operadores. La misi\u00f3n es velar por el bienestar de los usuarios, garantizando calidad, seguridad y la posibilidad de elegir productos a precios competitivos.<\/p>\n<p>Misi\u00f3n comercial<\/p>\n<p>En el marco de la misi\u00f3n comercial que se desarrolla en las ciudades italianas de Roma y Mil\u00e1n, se llevaron a cabo reuniones de negocios entre empresarias y empresarios de ambos pa\u00edses, a fin de detectar oportunidades comerciales para los productos y servicios argentinos.<\/p>\n<p>La mismas fueron articuladas con la Subsecretar\u00eda de Promoci\u00f3n del Comercio e Inversiones del Ministerio de Relaciones Exteriores, Comercio Internacional y Culto, conjuntamente con la Embajada Argentina en Roma, el Consulado General y Centro de Promoci\u00f3n en Mil\u00e1n y el Women Economic Forum (WEF) Argentina.<\/p>\n<p>En esta oportunidad, el gobierno de Entre R\u00edos acompa\u00f1a a cinco empresarias entrerrianas en la comercializaci\u00f3n de sus productos. La delegaci\u00f3n argentina incluye a cinco empresas entrerrianas: Doninas S.A.S., Caba\u00f1a Ap\u00edcola Reina Madre, Amandot\u00e9, CaySI S.A y Bio Nogoy\u00e1 S.A.<\/p>\n<p>Potencialidades de Entre R\u00edos<\/p>\n<p>Entre las actividades previstas en Mil\u00e1n, la vicegobernadora se traslad\u00f3 hasta el Palacio Giureconsulti. All\u00ed, junto al c\u00f3nsul General Luis Niscovolos, present\u00f3 la misi\u00f3n comercial. En su discurso, Stratta manifest\u00f3: \u201cEs un orgullo estar cont\u00e1ndoles las potencialidades de la provincia de Entre R\u00edos que es productora de alimentos, en un mundo que demanda alimentos, pero tambi\u00e9n con otros sectores en franca expansi\u00f3n, porque tenemos una provincia con muchas potencialidades y con muchas oportunidades\u201d.<\/p>\n<p>Tras hacer una rese\u00f1a detallada de la enorme diversidad productiva de Entre R\u00edos, destacando la calidad e innovaci\u00f3n que distingue a la oferta exportable de la provincia, valor\u00f3 la definici\u00f3n pol\u00edtica del gobernador Gustavo Bordet de acompa\u00f1ar a las empresas entrerrianas.<\/p>\n<p>Y continu\u00f3: \u201cQuiero agradecer a WEF porque estamos en una misi\u00f3n comercial liderada por mujeres empresarias y es la primera, y creo que esto debemos visibilizarlo, reconocerlo y agradecerlo; y l\u00f3gicamente agradecerle especialmente al c\u00f3nsul General por todo el trabajo desarrollado por el Consulado para que podamos en estos d\u00edas y en el marco de esta misi\u00f3n, poder generar espacios, negocios que nos abran puertas y que nos generen oportunidades\u201d.<br \/>\nEn la continuidad de la agenda de encuentros bilaterales, este jueves la vicegobernadora comparti\u00f3 un encuentro con empresas de tecnolog\u00eda del Cluster Lombrado de Mil\u00e1n, con vistas a impulsar el intercambio de conocimiento aplicado a las ciencias de la vida y la salud.<\/p>\n","protected":false},"excerpt":{"rendered":"<p>Entre R\u00edos es la primera provincia argentina en firmar un convenio para la incorporaci\u00f3n de sus productos en el Mercado Agroalimentario de Mil\u00e1n. As\u00ed lo inform\u00f3 la vicegobernadora Laura Stratta, en el marco de la misi\u00f3n comercial que se desarrolla en Italia.<\/p>\n","protected":false},"author":8,"featured_media":86859,"comment_status":"open","ping_status":"open","sticky":false,"template":"","format":"standard","meta":{"fifu_image_url":"","fifu_image_alt":"","footnotes":""},"categories":[16],"tags":[3119,680],"class_list":{"0":"post-86853","1":"post","2":"type-post","3":"status-publish","4":"format-standard","5":"has-post-thumbnail","7":"category-politi","8":"tag-convenio","9":"tag-laura-stratta"},"yoast_head":"<title>Entre R\u00edos firm\u00f3 un convenio para la incorporaci\u00f3n de agroalimentos al mercado de Mil\u00e1n - Informe Litoral<\/title>\n<meta name=\"robots\" content=\"index, follow, max-snippet:-1, max-image-preview:large, max-video-preview:-1\" \/>\n<link rel=\"canonical\" href=\"https:\/\/informelitoral.com.ar\/entre-rios-firmo-un-convenio-para-la-incorporacion-de-agroalimentos-al-mercado-de-milan\/\" \/>\n<meta property=\"og:locale\" content=\"es_ES\" \/>\n<meta property=\"og:type\" content=\"article\" \/>\n<meta property=\"og:title\" content=\"Entre R\u00edos firm\u00f3 un convenio para la incorporaci\u00f3n de agroalimentos al mercado de Mil\u00e1n - Informe Litoral\" \/>\n<meta property=\"og:description\" content=\"Entre R\u00edos es la primera provincia argentina en firmar un convenio para la incorporaci\u00f3n de sus productos en el Mercado Agroalimentario de Mil\u00e1n. As\u00ed lo inform\u00f3 la vicegobernadora Laura Stratta, en el marco de la misi\u00f3n comercial que se desarrolla en Italia.\" \/>\n<meta property=\"og:url\" content=\"https:\/\/informelitoral.com.ar\/entre-rios-firmo-un-convenio-para-la-incorporacion-de-agroalimentos-al-mercado-de-milan\/\" \/>\n<meta property=\"og:site_name\" content=\"Informe Litoral\" \/>\n<meta property=\"article:publisher\" content=\"https:\/\/www.facebook.com\/informelitoral\/\" \/>\n<meta property=\"article:published_time\" content=\"2022-09-16T16:15:31+00:00\" \/>\n<meta property=\"og:image\" content=\"https:\/\/informelitoral.com.ar\/%77%70%2d%63%6f%6e%74%65%6e%74\/uploads\/2022\/09\/p_1663329708.jpeg\" \/>\n\t<meta property=\"og:image:width\" content=\"1920\" \/>\n\t<meta property=\"og:image:height\" content=\"800\" \/>\n\t<meta property=\"og:image:type\" content=\"image\/jpeg\" \/>\n<meta name=\"author\" content=\"Sebastian\" \/>\n<meta name=\"twitter:card\" content=\"summary_large_image\" \/>\n<meta name=\"twitter:creator\" content=\"@InformeLitoral\" \/>\n<meta name=\"twitter:site\" content=\"@InformeLitoral\" \/>\n<meta name=\"twitter:label1\" content=\"Escrito por\" \/>\n\t<meta name=\"twitter:data1\" content=\"Sebastian\" \/>\n\t<meta name=\"twitter:label2\" content=\"Tiempo de lectura\" \/>\n\t<meta name=\"twitter:data2\" content=\"3 minutos\" \/>\n<script type=\"application\/ld+json\" class=\"yoast-schema-graph\">{\"@context\":\"https:\\\/\\\/schema.org\",\"@graph\":[{\"@type\":\"Article\",\"@id\":\"https:\\\/\\\/informelitoral.com.ar\\\/entre-rios-firmo-un-convenio-para-la-incorporacion-de-agroalimentos-al-mercado-de-milan\\\/#article\",\"isPartOf\":{\"@id\":\"https:\\\/\\\/informelitoral.com.ar\\\/entre-rios-firmo-un-convenio-para-la-incorporacion-de-agroalimentos-al-mercado-de-milan\\\/\"},\"author\":{\"name\":\"Sebastian\",\"@id\":\"https:\\\/\\\/informelitoral.com.ar\\\/#\\\/schema\\\/person\\\/f05f9f461677119578717524b127d6d5\"},\"headline\":\"Entre R\u00edos firm\u00f3 un convenio para la incorporaci\u00f3n de agroalimentos al mercado de Mil\u00e1n\",\"datePublished\":\"2022-09-16T16:15:31+00:00\",\"mainEntityOfPage\":{\"@id\":\"https:\\\/\\\/informelitoral.com.ar\\\/entre-rios-firmo-un-convenio-para-la-incorporacion-de-agroalimentos-al-mercado-de-milan\\\/\"},\"wordCount\":698,\"commentCount\":0,\"publisher\":{\"@id\":\"https:\\\/\\\/informelitoral.com.ar\\\/#organization\"},\"image\":{\"@id\":\"https:\\\/\\\/informelitoral.com.ar\\\/entre-rios-firmo-un-convenio-para-la-incorporacion-de-agroalimentos-al-mercado-de-milan\\\/#primaryimage\"},\"thumbnailUrl\":\"https:\\\/\\\/informelitoral.com.ar\\\/%77%70%2d%63%6f%6e%74%65%6e%74\\\/uploads\\\/2022\\\/09\\\/p_1663329708.jpeg\",\"keywords\":[\"Convenio\",\"Laura Stratta\"],\"articleSection\":[\"Politica\"],\"inLanguage\":\"es\",\"potentialAction\":[{\"@type\":\"CommentAction\",\"name\":\"Comment\",\"target\":[\"https:\\\/\\\/informelitoral.com.ar\\\/entre-rios-firmo-un-convenio-para-la-incorporacion-de-agroalimentos-al-mercado-de-milan\\\/#respond\"]}]},{\"@type\":\"WebPage\",\"@id\":\"https:\\\/\\\/informelitoral.com.ar\\\/entre-rios-firmo-un-convenio-para-la-incorporacion-de-agroalimentos-al-mercado-de-milan\\\/\",\"url\":\"https:\\\/\\\/informelitoral.com.ar\\\/entre-rios-firmo-un-convenio-para-la-incorporacion-de-agroalimentos-al-mercado-de-milan\\\/\",\"name\":\"Entre R\u00edos firm\u00f3 un convenio para la incorporaci\u00f3n de agroalimentos al mercado de Mil\u00e1n - Informe Litoral\",\"isPartOf\":{\"@id\":\"https:\\\/\\\/informelitoral.com.ar\\\/#website\"},\"primaryImageOfPage\":{\"@id\":\"https:\\\/\\\/informelitoral.com.ar\\\/entre-rios-firmo-un-convenio-para-la-incorporacion-de-agroalimentos-al-mercado-de-milan\\\/#primaryimage\"},\"image\":{\"@id\":\"https:\\\/\\\/informelitoral.com.ar\\\/entre-rios-firmo-un-convenio-para-la-incorporacion-de-agroalimentos-al-mercado-de-milan\\\/#primaryimage\"},\"thumbnailUrl\":\"https:\\\/\\\/informelitoral.com.ar\\\/%77%70%2d%63%6f%6e%74%65%6e%74\\\/uploads\\\/2022\\\/09\\\/p_1663329708.jpeg\",\"datePublished\":\"2022-09-16T16:15:31+00:00\",\"breadcrumb\":{\"@id\":\"https:\\\/\\\/informelitoral.com.ar\\\/entre-rios-firmo-un-convenio-para-la-incorporacion-de-agroalimentos-al-mercado-de-milan\\\/#breadcrumb\"},\"inLanguage\":\"es\",\"potentialAction\":[{\"@type\":\"ReadAction\",\"target\":[\"https:\\\/\\\/informelitoral.com.ar\\\/entre-rios-firmo-un-convenio-para-la-incorporacion-de-agroalimentos-al-mercado-de-milan\\\/\"]}]},{\"@type\":\"ImageObject\",\"inLanguage\":\"es\",\"@id\":\"https:\\\/\\\/informelitoral.com.ar\\\/entre-rios-firmo-un-convenio-para-la-incorporacion-de-agroalimentos-al-mercado-de-milan\\\/#primaryimage\",\"url\":\"https:\\\/\\\/informelitoral.com.ar\\\/%77%70%2d%63%6f%6e%74%65%6e%74\\\/uploads\\\/2022\\\/09\\\/p_1663329708.jpeg\",\"contentUrl\":\"https:\\\/\\\/informelitoral.com.ar\\\/%77%70%2d%63%6f%6e%74%65%6e%74\\\/uploads\\\/2022\\\/09\\\/p_1663329708.jpeg\",\"width\":1920,\"height\":800},{\"@type\":\"BreadcrumbList\",\"@id\":\"https:\\\/\\\/informelitoral.com.ar\\\/entre-rios-firmo-un-convenio-para-la-incorporacion-de-agroalimentos-al-mercado-de-milan\\\/#breadcrumb\",\"itemListElement\":[{\"@type\":\"ListItem\",\"position\":1,\"name\":\"Portada\",\"item\":\"https:\\\/\\\/informelitoral.com.ar\\\/\"},{\"@type\":\"ListItem\",\"position\":2,\"name\":\"Entre R\u00edos firm\u00f3 un convenio para la incorporaci\u00f3n de agroalimentos al mercado de Mil\u00e1n\"}]},{\"@type\":\"WebSite\",\"@id\":\"https:\\\/\\\/informelitoral.com.ar\\\/#website\",\"url\":\"https:\\\/\\\/informelitoral.com.ar\\\/\",\"name\":\"Informe Litoral\",\"description\":\"&quot;Nos informamos&quot; \",\"publisher\":{\"@id\":\"https:\\\/\\\/informelitoral.com.ar\\\/#organization\"},\"potentialAction\":[{\"@type\":\"SearchAction\",\"target\":{\"@type\":\"EntryPoint\",\"urlTemplate\":\"https:\\\/\\\/informelitoral.com.ar\\\/?s={search_term_string}\"},\"query-input\":{\"@type\":\"PropertyValueSpecification\",\"valueRequired\":true,\"valueName\":\"search_term_string\"}}],\"inLanguage\":\"es\"},{\"@type\":\"Organization\",\"@id\":\"https:\\\/\\\/informelitoral.com.ar\\\/#organization\",\"name\":\"Informe Litoral\",\"url\":\"https:\\\/\\\/informelitoral.com.ar\\\/\",\"logo\":{\"@type\":\"ImageObject\",\"inLanguage\":\"es\",\"@id\":\"https:\\\/\\\/informelitoral.com.ar\\\/#\\\/schema\\\/logo\\\/image\\\/\",\"url\":\"https:\\\/\\\/informelitoral.com.ar\\\/%77%70%2d%63%6f%6e%74%65%6e%74\\\/uploads\\\/2021\\\/01\\\/circulo.png\",\"contentUrl\":\"https:\\\/\\\/informelitoral.com.ar\\\/%77%70%2d%63%6f%6e%74%65%6e%74\\\/uploads\\\/2021\\\/01\\\/circulo.png\",\"width\":723,\"height\":731,\"caption\":\"Informe Litoral\"},\"image\":{\"@id\":\"https:\\\/\\\/informelitoral.com.ar\\\/#\\\/schema\\\/logo\\\/image\\\/\"},\"sameAs\":[\"https:\\\/\\\/www.facebook.com\\\/informelitoral\\\/\",\"https:\\\/\\\/x.com\\\/InformeLitoral\",\"https:\\\/\\\/www.instagram.com\\\/informelitoral\\\/\",\"https:\\\/\\\/www.youtube.com\\\/channel\\\/UCua4Qvz8Icb6MYqhoq9xLXw\"]},{\"@type\":\"Person\",\"@id\":\"https:\\\/\\\/informelitoral.com.ar\\\/#\\\/schema\\\/person\\\/f05f9f461677119578717524b127d6d5\",\"name\":\"Sebastian\",\"image\":{\"@type\":\"ImageObject\",\"inLanguage\":\"es\",\"@id\":\"https:\\\/\\\/secure.gravatar.com\\\/avatar\\\/b71bf7481d447dfb9583c7f2798e7cc64de6efb9067b74633ed8c31059a3bd82?s=96&d=mm&r=g\",\"url\":\"https:\\\/\\\/secure.gravatar.com\\\/avatar\\\/b71bf7481d447dfb9583c7f2798e7cc64de6efb9067b74633ed8c31059a3bd82?s=96&d=mm&r=g\",\"contentUrl\":\"https:\\\/\\\/secure.gravatar.com\\\/avatar\\\/b71bf7481d447dfb9583c7f2798e7cc64de6efb9067b74633ed8c31059a3bd82?s=96&d=mm&r=g\",\"caption\":\"Sebastian\"},\"url\":\"https:\\\/\\\/informelitoral.com.ar\\\/author\\\/sebastian\\\/\"}]}<\/script>","yoast_head_json":{"title":"Entre R\u00edos firm\u00f3 un convenio para la incorporaci\u00f3n de agroalimentos al mercado de Mil\u00e1n - Informe Litoral","robots":{"index":"index","follow":"follow","max-snippet":"max-snippet:-1","max-image-preview":"max-image-preview:large","max-video-preview":"max-video-preview:-1"},"canonical":"https:\/\/informelitoral.com.ar\/entre-rios-firmo-un-convenio-para-la-incorporacion-de-agroalimentos-al-mercado-de-milan\/","og_locale":"es_ES","og_type":"article","og_title":"Entre R\u00edos firm\u00f3 un convenio para la incorporaci\u00f3n de agroalimentos al mercado de Mil\u00e1n - Informe Litoral","og_description":"Entre R\u00edos es la primera provincia argentina en firmar un convenio para la incorporaci\u00f3n de sus productos en el Mercado Agroalimentario de Mil\u00e1n. As\u00ed lo inform\u00f3 la vicegobernadora Laura Stratta, en el marco de la misi\u00f3n comercial que se desarrolla en Italia.","og_url":"https:\/\/informelitoral.com.ar\/entre-rios-firmo-un-convenio-para-la-incorporacion-de-agroalimentos-al-mercado-de-milan\/","og_site_name":"Informe Litoral","article_publisher":"https:\/\/www.facebook.com\/informelitoral\/","article_published_time":"2022-09-16T16:15:31+00:00","og_image":[{"width":1920,"height":800,"url":"https:\/\/informelitoral.com.ar\/%77%70%2d%63%6f%6e%74%65%6e%74\/uploads\/2022\/09\/p_1663329708.jpeg","type":"image\/jpeg"}],"author":"Sebastian","twitter_card":"summary_large_image","twitter_creator":"@InformeLitoral","twitter_site":"@InformeLitoral","twitter_misc":{"Escrito por":"Sebastian","Tiempo de lectura":"3 minutos"},"schema":{"@context":"https:\/\/schema.org","@graph":[{"@type":"Article","@id":"https:\/\/informelitoral.com.ar\/entre-rios-firmo-un-convenio-para-la-incorporacion-de-agroalimentos-al-mercado-de-milan\/#article","isPartOf":{"@id":"https:\/\/informelitoral.com.ar\/entre-rios-firmo-un-convenio-para-la-incorporacion-de-agroalimentos-al-mercado-de-milan\/"},"author":{"name":"Sebastian","@id":"https:\/\/informelitoral.com.ar\/#\/schema\/person\/f05f9f461677119578717524b127d6d5"},"headline":"Entre R\u00edos firm\u00f3 un convenio para la incorporaci\u00f3n de agroalimentos al mercado de Mil\u00e1n","datePublished":"2022-09-16T16:15:31+00:00","mainEntityOfPage":{"@id":"https:\/\/informelitoral.com.ar\/entre-rios-firmo-un-convenio-para-la-incorporacion-de-agroalimentos-al-mercado-de-milan\/"},"wordCount":698,"commentCount":0,"publisher":{"@id":"https:\/\/informelitoral.com.ar\/#organization"},"image":{"@id":"https:\/\/informelitoral.com.ar\/entre-rios-firmo-un-convenio-para-la-incorporacion-de-agroalimentos-al-mercado-de-milan\/#primaryimage"},"thumbnailUrl":"https:\/\/informelitoral.com.ar\/%77%70%2d%63%6f%6e%74%65%6e%74\/uploads\/2022\/09\/p_1663329708.jpeg","keywords":["Convenio","Laura Stratta"],"articleSection":["Politica"],"inLanguage":"es","potentialAction":[{"@type":"CommentAction","name":"Comment","target":["https:\/\/informelitoral.com.ar\/entre-rios-firmo-un-convenio-para-la-incorporacion-de-agroalimentos-al-mercado-de-milan\/#respond"]}]},{"@type":"WebPage","@id":"https:\/\/informelitoral.com.ar\/entre-rios-firmo-un-convenio-para-la-incorporacion-de-agroalimentos-al-mercado-de-milan\/","url":"https:\/\/informelitoral.com.ar\/entre-rios-firmo-un-convenio-para-la-incorporacion-de-agroalimentos-al-mercado-de-milan\/","name":"Entre R\u00edos firm\u00f3 un convenio para la incorporaci\u00f3n de agroalimentos al mercado de Mil\u00e1n - Informe Litoral","isPartOf":{"@id":"https:\/\/informelitoral.com.ar\/#website"},"primaryImageOfPage":{"@id":"https:\/\/informelitoral.com.ar\/entre-rios-firmo-un-convenio-para-la-incorporacion-de-agroalimentos-al-mercado-de-milan\/#primaryimage"},"image":{"@id":"https:\/\/informelitoral.com.ar\/entre-rios-firmo-un-convenio-para-la-incorporacion-de-agroalimentos-al-mercado-de-milan\/#primaryimage"},"thumbnailUrl":"https:\/\/informelitoral.com.ar\/%77%70%2d%63%6f%6e%74%65%6e%74\/uploads\/2022\/09\/p_1663329708.jpeg","datePublished":"2022-09-16T16:15:31+00:00","breadcrumb":{"@id":"https:\/\/informelitoral.com.ar\/entre-rios-firmo-un-convenio-para-la-incorporacion-de-agroalimentos-al-mercado-de-milan\/#breadcrumb"},"inLanguage":"es","potentialAction":[{"@type":"ReadAction","target":["https:\/\/informelitoral.com.ar\/entre-rios-firmo-un-convenio-para-la-incorporacion-de-agroalimentos-al-mercado-de-milan\/"]}]},{"@type":"ImageObject","inLanguage":"es","@id":"https:\/\/informelitoral.com.ar\/entre-rios-firmo-un-convenio-para-la-incorporacion-de-agroalimentos-al-mercado-de-milan\/#primaryimage","url":"https:\/\/informelitoral.com.ar\/%77%70%2d%63%6f%6e%74%65%6e%74\/uploads\/2022\/09\/p_1663329708.jpeg","contentUrl":"https:\/\/informelitoral.com.ar\/%77%70%2d%63%6f%6e%74%65%6e%74\/uploads\/2022\/09\/p_1663329708.jpeg","width":1920,"height":800},{"@type":"BreadcrumbList","@id":"https:\/\/informelitoral.com.ar\/entre-rios-firmo-un-convenio-para-la-incorporacion-de-agroalimentos-al-mercado-de-milan\/#breadcrumb","itemListElement":[{"@type":"ListItem","position":1,"name":"Portada","item":"https:\/\/informelitoral.com.ar\/"},{"@type":"ListItem","position":2,"name":"Entre R\u00edos firm\u00f3 un convenio para la incorporaci\u00f3n de agroalimentos al mercado de Mil\u00e1n"}]},{"@type":"WebSite","@id":"https:\/\/informelitoral.com.ar\/#website","url":"https:\/\/informelitoral.com.ar\/","name":"Informe Litoral","description":"&quot;Nos informamos&quot; ","publisher":{"@id":"https:\/\/informelitoral.com.ar\/#organization"},"potentialAction":[{"@type":"SearchAction","target":{"@type":"EntryPoint","urlTemplate":"https:\/\/informelitoral.com.ar\/?s={search_term_string}"},"query-input":{"@type":"PropertyValueSpecification","valueRequired":true,"valueName":"search_term_string"}}],"inLanguage":"es"},{"@type":"Organization","@id":"https:\/\/informelitoral.com.ar\/#organization","name":"Informe Litoral","url":"https:\/\/informelitoral.com.ar\/","logo":{"@type":"ImageObject","inLanguage":"es","@id":"https:\/\/informelitoral.com.ar\/#\/schema\/logo\/image\/","url":"https:\/\/informelitoral.com.ar\/%77%70%2d%63%6f%6e%74%65%6e%74\/uploads\/2021\/01\/circulo.png","contentUrl":"https:\/\/informelitoral.com.ar\/%77%70%2d%63%6f%6e%74%65%6e%74\/uploads\/2021\/01\/circulo.png","width":723,"height":731,"caption":"Informe Litoral"},"image":{"@id":"https:\/\/informelitoral.com.ar\/#\/schema\/logo\/image\/"},"sameAs":["https:\/\/www.facebook.com\/informelitoral\/","https:\/\/x.com\/InformeLitoral","https:\/\/www.instagram.com\/informelitoral\/","https:\/\/www.youtube.com\/channel\/UCua4Qvz8Icb6MYqhoq9xLXw"]},{"@type":"Person","@id":"https:\/\/informelitoral.com.ar\/#\/schema\/person\/f05f9f461677119578717524b127d6d5","name":"Sebastian","image":{"@type":"ImageObject","inLanguage":"es","@id":"https:\/\/secure.gravatar.com\/avatar\/b71bf7481d447dfb9583c7f2798e7cc64de6efb9067b74633ed8c31059a3bd82?s=96&d=mm&r=g","url":"https:\/\/secure.gravatar.com\/avatar\/b71bf7481d447dfb9583c7f2798e7cc64de6efb9067b74633ed8c31059a3bd82?s=96&d=mm&r=g","contentUrl":"https:\/\/secure.gravatar.com\/avatar\/b71bf7481d447dfb9583c7f2798e7cc64de6efb9067b74633ed8c31059a3bd82?s=96&d=mm&r=g","caption":"Sebastian"},"url":"https:\/\/informelitoral.com.ar\/author\/sebastian\/"}]}},"_links":{"self":[{"href":"https:\/\/informelitoral.com.ar\/%77%70%2d%6a%73%6f%6e\/wp\/v2\/posts\/86853","targetHints":{"allow":["GET"]}}],"collection":[{"href":"https:\/\/informelitoral.com.ar\/%77%70%2d%6a%73%6f%6e\/wp\/v2\/posts"}],"about":[{"href":"https:\/\/informelitoral.com.ar\/%77%70%2d%6a%73%6f%6e\/wp\/v2\/types\/post"}],"author":[{"embeddable":true,"href":"https:\/\/informelitoral.com.ar\/%77%70%2d%6a%73%6f%6e\/wp\/v2\/users\/8"}],"replies":[{"embeddable":true,"href":"https:\/\/informelitoral.com.ar\/%77%70%2d%6a%73%6f%6e\/wp\/v2\/comments?post=86853"}],"version-history":[{"count":0,"href":"https:\/\/informelitoral.com.ar\/%77%70%2d%6a%73%6f%6e\/wp\/v2\/posts\/86853\/revisions"}],"wp:featuredmedia":[{"embeddable":true,"href":"https:\/\/informelitoral.com.ar\/%77%70%2d%6a%73%6f%6e\/wp\/v2\/media\/86859"}],"wp:attachment":[{"href":"https:\/\/informelitoral.com.ar\/%77%70%2d%6a%73%6f%6e\/wp\/v2\/media?parent=86853"}],"wp:term":[{"taxonomy":"category","embeddable":true,"href":"https:\/\/informelitoral.com.ar\/%77%70%2d%6a%73%6f%6e\/wp\/v2\/categories?post=86853"},{"taxonomy":"post_tag","embeddable":true,"href":"https:\/\/informelitoral.com.ar\/%77%70%2d%6a%73%6f%6e\/wp\/v2\/tags?post=86853"}],"curies":[{"name":"wp","href":"https:\/\/api.w.org\/{rel}","templated":true}]}}