{"id":86815,"date":"2022-09-16T08:53:09","date_gmt":"2022-09-16T11:53:09","guid":{"rendered":"https:\/\/www.informelitoral.com.ar\/?p=86815"},"modified":"2022-09-16T08:53:13","modified_gmt":"2022-09-16T11:53:13","slug":"bomberos-entrerrianos-partieron-rumbo-a-san-juan-para-coordinar-operaciones-de-combate-del-fuego","status":"publish","type":"post","link":"https:\/\/informelitoral.com.ar\/bomberos-entrerrianos-partieron-rumbo-a-san-juan-para-coordinar-operaciones-de-combate-del-fuego\/","title":{"rendered":"Bomberos entrerrianos partieron rumbo a San Juan para coordinar operaciones de combate del fuego"},"content":{"rendered":"<p>El subdirector nacional de la Coordinaci\u00f3n \u00danica de Operaciones (CUO), Aar\u00f3n Mendoza (Ram\u00edrez), y el subdirector de Operaciones de la Regi\u00f3n A, Carlos Nosalevich (Concepci\u00f3n del Uruguay) \u2013ambos pertenecientes a la Federaci\u00f3n Entrerriana de Asociaciones de Bomberos Voluntarios (FEABV)\u2013 partieron rumbo a San Juan.<\/p>\n<p>Fueron convocados por la CUO por los incendios producidos en esa provincia. All\u00ed coordinar\u00e1n las operaciones de la Regi\u00f3n B, que est\u00e1 enviando alrededor de 10 a 15 unidades con kit forestales y 40 brigadistas que se suman a los Bomberos Voluntarios de dicha provincia.<\/p>\n<p>El incendio en Valle F\u00e9rtil tiene un frente activo de m\u00e1s de 5 kil\u00f3metros y a 1500 metros sobre el nivel del mar. Ese frente est\u00e1 siendo atacado con dos helic\u00f3pteros con helibaldes. El viento est\u00e1 colaborando desde el noreste, lo que permite poder atacar. Los flancos se mantienen calmos y el tipo de combustible es liviano, indicaron.<\/p>\n","protected":false},"excerpt":{"rendered":"<p>Participa el rem\u00edrense Aar\u00f3n Mendoza como uno de los referentes entrerrianos. <\/p>\n","protected":false},"author":8,"featured_media":86816,"comment_status":"open","ping_status":"open","sticky":false,"template":"","format":"standard","meta":{"fifu_image_url":"","fifu_image_alt":"","footnotes":""},"categories":[5],"tags":[1782,1695],"class_list":{"0":"post-86815","1":"post","2":"type-post","3":"status-publish","4":"format-standard","5":"has-post-thumbnail","7":"category-zonales","8":"tag-bomberos","9":"tag-incendios"},"yoast_head":"<title>Bomberos entrerrianos partieron rumbo a San Juan para coordinar operaciones de combate del fuego - Informe Litoral<\/title>\n<meta name=\"robots\" content=\"index, follow, max-snippet:-1, max-image-preview:large, max-video-preview:-1\" \/>\n<link rel=\"canonical\" href=\"https:\/\/informelitoral.com.ar\/bomberos-entrerrianos-partieron-rumbo-a-san-juan-para-coordinar-operaciones-de-combate-del-fuego\/\" \/>\n<meta property=\"og:locale\" content=\"es_ES\" \/>\n<meta property=\"og:type\" content=\"article\" \/>\n<meta property=\"og:title\" content=\"Bomberos entrerrianos partieron rumbo a San Juan para coordinar operaciones de combate del fuego - Informe Litoral\" \/>\n<meta property=\"og:description\" content=\"Participa el rem\u00edrense Aar\u00f3n Mendoza como uno de los referentes entrerrianos.\" \/>\n<meta property=\"og:url\" content=\"https:\/\/informelitoral.com.ar\/bomberos-entrerrianos-partieron-rumbo-a-san-juan-para-coordinar-operaciones-de-combate-del-fuego\/\" \/>\n<meta property=\"og:site_name\" content=\"Informe Litoral\" \/>\n<meta property=\"article:publisher\" content=\"https:\/\/www.facebook.com\/informelitoral\/\" \/>\n<meta property=\"article:published_time\" content=\"2022-09-16T11:53:09+00:00\" \/>\n<meta property=\"article:modified_time\" content=\"2022-09-16T11:53:13+00:00\" \/>\n<meta property=\"og:image\" content=\"https:\/\/informelitoral.com.ar\/%77%70%2d%63%6f%6e%74%65%6e%74\/uploads\/2022\/09\/l_1663289295.jpg\" \/>\n\t<meta property=\"og:image:width\" content=\"870\" \/>\n\t<meta property=\"og:image:height\" content=\"580\" \/>\n\t<meta property=\"og:image:type\" content=\"image\/jpeg\" \/>\n<meta name=\"author\" content=\"Sebastian\" \/>\n<meta name=\"twitter:card\" content=\"summary_large_image\" \/>\n<meta name=\"twitter:creator\" content=\"@InformeLitoral\" \/>\n<meta name=\"twitter:site\" content=\"@InformeLitoral\" \/>\n<meta name=\"twitter:label1\" content=\"Escrito por\" \/>\n\t<meta name=\"twitter:data1\" content=\"Sebastian\" \/>\n\t<meta name=\"twitter:label2\" content=\"Tiempo de lectura\" \/>\n\t<meta name=\"twitter:data2\" content=\"1 minuto\" \/>\n<script type=\"application\/ld+json\" class=\"yoast-schema-graph\">{\"@context\":\"https:\\\/\\\/schema.org\",\"@graph\":[{\"@type\":\"Article\",\"@id\":\"https:\\\/\\\/informelitoral.com.ar\\\/bomberos-entrerrianos-partieron-rumbo-a-san-juan-para-coordinar-operaciones-de-combate-del-fuego\\\/#article\",\"isPartOf\":{\"@id\":\"https:\\\/\\\/informelitoral.com.ar\\\/bomberos-entrerrianos-partieron-rumbo-a-san-juan-para-coordinar-operaciones-de-combate-del-fuego\\\/\"},\"author\":{\"name\":\"Sebastian\",\"@id\":\"https:\\\/\\\/informelitoral.com.ar\\\/#\\\/schema\\\/person\\\/f05f9f461677119578717524b127d6d5\"},\"headline\":\"Bomberos entrerrianos partieron rumbo a San Juan para coordinar operaciones de combate del fuego\",\"datePublished\":\"2022-09-16T11:53:09+00:00\",\"dateModified\":\"2022-09-16T11:53:13+00:00\",\"mainEntityOfPage\":{\"@id\":\"https:\\\/\\\/informelitoral.com.ar\\\/bomberos-entrerrianos-partieron-rumbo-a-san-juan-para-coordinar-operaciones-de-combate-del-fuego\\\/\"},\"wordCount\":168,\"commentCount\":0,\"publisher\":{\"@id\":\"https:\\\/\\\/informelitoral.com.ar\\\/#organization\"},\"image\":{\"@id\":\"https:\\\/\\\/informelitoral.com.ar\\\/bomberos-entrerrianos-partieron-rumbo-a-san-juan-para-coordinar-operaciones-de-combate-del-fuego\\\/#primaryimage\"},\"thumbnailUrl\":\"https:\\\/\\\/informelitoral.com.ar\\\/%77%70%2d%63%6f%6e%74%65%6e%74\\\/uploads\\\/2022\\\/09\\\/l_1663289295.jpg\",\"keywords\":[\"Bomberos\",\"Incendios\"],\"articleSection\":[\"Departamento Diamante\"],\"inLanguage\":\"es\",\"potentialAction\":[{\"@type\":\"CommentAction\",\"name\":\"Comment\",\"target\":[\"https:\\\/\\\/informelitoral.com.ar\\\/bomberos-entrerrianos-partieron-rumbo-a-san-juan-para-coordinar-operaciones-de-combate-del-fuego\\\/#respond\"]}]},{\"@type\":\"WebPage\",\"@id\":\"https:\\\/\\\/informelitoral.com.ar\\\/bomberos-entrerrianos-partieron-rumbo-a-san-juan-para-coordinar-operaciones-de-combate-del-fuego\\\/\",\"url\":\"https:\\\/\\\/informelitoral.com.ar\\\/bomberos-entrerrianos-partieron-rumbo-a-san-juan-para-coordinar-operaciones-de-combate-del-fuego\\\/\",\"name\":\"Bomberos entrerrianos partieron rumbo a San Juan para coordinar operaciones de combate del fuego - Informe Litoral\",\"isPartOf\":{\"@id\":\"https:\\\/\\\/informelitoral.com.ar\\\/#website\"},\"primaryImageOfPage\":{\"@id\":\"https:\\\/\\\/informelitoral.com.ar\\\/bomberos-entrerrianos-partieron-rumbo-a-san-juan-para-coordinar-operaciones-de-combate-del-fuego\\\/#primaryimage\"},\"image\":{\"@id\":\"https:\\\/\\\/informelitoral.com.ar\\\/bomberos-entrerrianos-partieron-rumbo-a-san-juan-para-coordinar-operaciones-de-combate-del-fuego\\\/#primaryimage\"},\"thumbnailUrl\":\"https:\\\/\\\/informelitoral.com.ar\\\/%77%70%2d%63%6f%6e%74%65%6e%74\\\/uploads\\\/2022\\\/09\\\/l_1663289295.jpg\",\"datePublished\":\"2022-09-16T11:53:09+00:00\",\"dateModified\":\"2022-09-16T11:53:13+00:00\",\"breadcrumb\":{\"@id\":\"https:\\\/\\\/informelitoral.com.ar\\\/bomberos-entrerrianos-partieron-rumbo-a-san-juan-para-coordinar-operaciones-de-combate-del-fuego\\\/#breadcrumb\"},\"inLanguage\":\"es\",\"potentialAction\":[{\"@type\":\"ReadAction\",\"target\":[\"https:\\\/\\\/informelitoral.com.ar\\\/bomberos-entrerrianos-partieron-rumbo-a-san-juan-para-coordinar-operaciones-de-combate-del-fuego\\\/\"]}]},{\"@type\":\"ImageObject\",\"inLanguage\":\"es\",\"@id\":\"https:\\\/\\\/informelitoral.com.ar\\\/bomberos-entrerrianos-partieron-rumbo-a-san-juan-para-coordinar-operaciones-de-combate-del-fuego\\\/#primaryimage\",\"url\":\"https:\\\/\\\/informelitoral.com.ar\\\/%77%70%2d%63%6f%6e%74%65%6e%74\\\/uploads\\\/2022\\\/09\\\/l_1663289295.jpg\",\"contentUrl\":\"https:\\\/\\\/informelitoral.com.ar\\\/%77%70%2d%63%6f%6e%74%65%6e%74\\\/uploads\\\/2022\\\/09\\\/l_1663289295.jpg\",\"width\":870,\"height\":580},{\"@type\":\"BreadcrumbList\",\"@id\":\"https:\\\/\\\/informelitoral.com.ar\\\/bomberos-entrerrianos-partieron-rumbo-a-san-juan-para-coordinar-operaciones-de-combate-del-fuego\\\/#breadcrumb\",\"itemListElement\":[{\"@type\":\"ListItem\",\"position\":1,\"name\":\"Portada\",\"item\":\"https:\\\/\\\/informelitoral.com.ar\\\/\"},{\"@type\":\"ListItem\",\"position\":2,\"name\":\"Bomberos entrerrianos partieron rumbo a San Juan para coordinar operaciones de combate del fuego\"}]},{\"@type\":\"WebSite\",\"@id\":\"https:\\\/\\\/informelitoral.com.ar\\\/#website\",\"url\":\"https:\\\/\\\/informelitoral.com.ar\\\/\",\"name\":\"Informe Litoral\",\"description\":\"&quot;Nos informamos&quot; \",\"publisher\":{\"@id\":\"https:\\\/\\\/informelitoral.com.ar\\\/#organization\"},\"potentialAction\":[{\"@type\":\"SearchAction\",\"target\":{\"@type\":\"EntryPoint\",\"urlTemplate\":\"https:\\\/\\\/informelitoral.com.ar\\\/?s={search_term_string}\"},\"query-input\":{\"@type\":\"PropertyValueSpecification\",\"valueRequired\":true,\"valueName\":\"search_term_string\"}}],\"inLanguage\":\"es\"},{\"@type\":\"Organization\",\"@id\":\"https:\\\/\\\/informelitoral.com.ar\\\/#organization\",\"name\":\"Informe Litoral\",\"url\":\"https:\\\/\\\/informelitoral.com.ar\\\/\",\"logo\":{\"@type\":\"ImageObject\",\"inLanguage\":\"es\",\"@id\":\"https:\\\/\\\/informelitoral.com.ar\\\/#\\\/schema\\\/logo\\\/image\\\/\",\"url\":\"https:\\\/\\\/informelitoral.com.ar\\\/%77%70%2d%63%6f%6e%74%65%6e%74\\\/uploads\\\/2021\\\/01\\\/circulo.png\",\"contentUrl\":\"https:\\\/\\\/informelitoral.com.ar\\\/%77%70%2d%63%6f%6e%74%65%6e%74\\\/uploads\\\/2021\\\/01\\\/circulo.png\",\"width\":723,\"height\":731,\"caption\":\"Informe Litoral\"},\"image\":{\"@id\":\"https:\\\/\\\/informelitoral.com.ar\\\/#\\\/schema\\\/logo\\\/image\\\/\"},\"sameAs\":[\"https:\\\/\\\/www.facebook.com\\\/informelitoral\\\/\",\"https:\\\/\\\/x.com\\\/InformeLitoral\",\"https:\\\/\\\/www.instagram.com\\\/informelitoral\\\/\",\"https:\\\/\\\/www.youtube.com\\\/channel\\\/UCua4Qvz8Icb6MYqhoq9xLXw\"]},{\"@type\":\"Person\",\"@id\":\"https:\\\/\\\/informelitoral.com.ar\\\/#\\\/schema\\\/person\\\/f05f9f461677119578717524b127d6d5\",\"name\":\"Sebastian\",\"image\":{\"@type\":\"ImageObject\",\"inLanguage\":\"es\",\"@id\":\"https:\\\/\\\/secure.gravatar.com\\\/avatar\\\/b71bf7481d447dfb9583c7f2798e7cc64de6efb9067b74633ed8c31059a3bd82?s=96&d=mm&r=g\",\"url\":\"https:\\\/\\\/secure.gravatar.com\\\/avatar\\\/b71bf7481d447dfb9583c7f2798e7cc64de6efb9067b74633ed8c31059a3bd82?s=96&d=mm&r=g\",\"contentUrl\":\"https:\\\/\\\/secure.gravatar.com\\\/avatar\\\/b71bf7481d447dfb9583c7f2798e7cc64de6efb9067b74633ed8c31059a3bd82?s=96&d=mm&r=g\",\"caption\":\"Sebastian\"},\"url\":\"https:\\\/\\\/informelitoral.com.ar\\\/author\\\/sebastian\\\/\"}]}<\/script>","yoast_head_json":{"title":"Bomberos entrerrianos partieron rumbo a San Juan para coordinar operaciones de combate del fuego - Informe Litoral","robots":{"index":"index","follow":"follow","max-snippet":"max-snippet:-1","max-image-preview":"max-image-preview:large","max-video-preview":"max-video-preview:-1"},"canonical":"https:\/\/informelitoral.com.ar\/bomberos-entrerrianos-partieron-rumbo-a-san-juan-para-coordinar-operaciones-de-combate-del-fuego\/","og_locale":"es_ES","og_type":"article","og_title":"Bomberos entrerrianos partieron rumbo a San Juan para coordinar operaciones de combate del fuego - Informe Litoral","og_description":"Participa el rem\u00edrense Aar\u00f3n Mendoza como uno de los referentes entrerrianos.","og_url":"https:\/\/informelitoral.com.ar\/bomberos-entrerrianos-partieron-rumbo-a-san-juan-para-coordinar-operaciones-de-combate-del-fuego\/","og_site_name":"Informe Litoral","article_publisher":"https:\/\/www.facebook.com\/informelitoral\/","article_published_time":"2022-09-16T11:53:09+00:00","article_modified_time":"2022-09-16T11:53:13+00:00","og_image":[{"width":870,"height":580,"url":"https:\/\/informelitoral.com.ar\/%77%70%2d%63%6f%6e%74%65%6e%74\/uploads\/2022\/09\/l_1663289295.jpg","type":"image\/jpeg"}],"author":"Sebastian","twitter_card":"summary_large_image","twitter_creator":"@InformeLitoral","twitter_site":"@InformeLitoral","twitter_misc":{"Escrito por":"Sebastian","Tiempo de lectura":"1 minuto"},"schema":{"@context":"https:\/\/schema.org","@graph":[{"@type":"Article","@id":"https:\/\/informelitoral.com.ar\/bomberos-entrerrianos-partieron-rumbo-a-san-juan-para-coordinar-operaciones-de-combate-del-fuego\/#article","isPartOf":{"@id":"https:\/\/informelitoral.com.ar\/bomberos-entrerrianos-partieron-rumbo-a-san-juan-para-coordinar-operaciones-de-combate-del-fuego\/"},"author":{"name":"Sebastian","@id":"https:\/\/informelitoral.com.ar\/#\/schema\/person\/f05f9f461677119578717524b127d6d5"},"headline":"Bomberos entrerrianos partieron rumbo a San Juan para coordinar operaciones de combate del fuego","datePublished":"2022-09-16T11:53:09+00:00","dateModified":"2022-09-16T11:53:13+00:00","mainEntityOfPage":{"@id":"https:\/\/informelitoral.com.ar\/bomberos-entrerrianos-partieron-rumbo-a-san-juan-para-coordinar-operaciones-de-combate-del-fuego\/"},"wordCount":168,"commentCount":0,"publisher":{"@id":"https:\/\/informelitoral.com.ar\/#organization"},"image":{"@id":"https:\/\/informelitoral.com.ar\/bomberos-entrerrianos-partieron-rumbo-a-san-juan-para-coordinar-operaciones-de-combate-del-fuego\/#primaryimage"},"thumbnailUrl":"https:\/\/informelitoral.com.ar\/%77%70%2d%63%6f%6e%74%65%6e%74\/uploads\/2022\/09\/l_1663289295.jpg","keywords":["Bomberos","Incendios"],"articleSection":["Departamento Diamante"],"inLanguage":"es","potentialAction":[{"@type":"CommentAction","name":"Comment","target":["https:\/\/informelitoral.com.ar\/bomberos-entrerrianos-partieron-rumbo-a-san-juan-para-coordinar-operaciones-de-combate-del-fuego\/#respond"]}]},{"@type":"WebPage","@id":"https:\/\/informelitoral.com.ar\/bomberos-entrerrianos-partieron-rumbo-a-san-juan-para-coordinar-operaciones-de-combate-del-fuego\/","url":"https:\/\/informelitoral.com.ar\/bomberos-entrerrianos-partieron-rumbo-a-san-juan-para-coordinar-operaciones-de-combate-del-fuego\/","name":"Bomberos entrerrianos partieron rumbo a San Juan para coordinar operaciones de combate del fuego - Informe Litoral","isPartOf":{"@id":"https:\/\/informelitoral.com.ar\/#website"},"primaryImageOfPage":{"@id":"https:\/\/informelitoral.com.ar\/bomberos-entrerrianos-partieron-rumbo-a-san-juan-para-coordinar-operaciones-de-combate-del-fuego\/#primaryimage"},"image":{"@id":"https:\/\/informelitoral.com.ar\/bomberos-entrerrianos-partieron-rumbo-a-san-juan-para-coordinar-operaciones-de-combate-del-fuego\/#primaryimage"},"thumbnailUrl":"https:\/\/informelitoral.com.ar\/%77%70%2d%63%6f%6e%74%65%6e%74\/uploads\/2022\/09\/l_1663289295.jpg","datePublished":"2022-09-16T11:53:09+00:00","dateModified":"2022-09-16T11:53:13+00:00","breadcrumb":{"@id":"https:\/\/informelitoral.com.ar\/bomberos-entrerrianos-partieron-rumbo-a-san-juan-para-coordinar-operaciones-de-combate-del-fuego\/#breadcrumb"},"inLanguage":"es","potentialAction":[{"@type":"ReadAction","target":["https:\/\/informelitoral.com.ar\/bomberos-entrerrianos-partieron-rumbo-a-san-juan-para-coordinar-operaciones-de-combate-del-fuego\/"]}]},{"@type":"ImageObject","inLanguage":"es","@id":"https:\/\/informelitoral.com.ar\/bomberos-entrerrianos-partieron-rumbo-a-san-juan-para-coordinar-operaciones-de-combate-del-fuego\/#primaryimage","url":"https:\/\/informelitoral.com.ar\/%77%70%2d%63%6f%6e%74%65%6e%74\/uploads\/2022\/09\/l_1663289295.jpg","contentUrl":"https:\/\/informelitoral.com.ar\/%77%70%2d%63%6f%6e%74%65%6e%74\/uploads\/2022\/09\/l_1663289295.jpg","width":870,"height":580},{"@type":"BreadcrumbList","@id":"https:\/\/informelitoral.com.ar\/bomberos-entrerrianos-partieron-rumbo-a-san-juan-para-coordinar-operaciones-de-combate-del-fuego\/#breadcrumb","itemListElement":[{"@type":"ListItem","position":1,"name":"Portada","item":"https:\/\/informelitoral.com.ar\/"},{"@type":"ListItem","position":2,"name":"Bomberos entrerrianos partieron rumbo a San Juan para coordinar operaciones de combate del fuego"}]},{"@type":"WebSite","@id":"https:\/\/informelitoral.com.ar\/#website","url":"https:\/\/informelitoral.com.ar\/","name":"Informe Litoral","description":"&quot;Nos informamos&quot; ","publisher":{"@id":"https:\/\/informelitoral.com.ar\/#organization"},"potentialAction":[{"@type":"SearchAction","target":{"@type":"EntryPoint","urlTemplate":"https:\/\/informelitoral.com.ar\/?s={search_term_string}"},"query-input":{"@type":"PropertyValueSpecification","valueRequired":true,"valueName":"search_term_string"}}],"inLanguage":"es"},{"@type":"Organization","@id":"https:\/\/informelitoral.com.ar\/#organization","name":"Informe Litoral","url":"https:\/\/informelitoral.com.ar\/","logo":{"@type":"ImageObject","inLanguage":"es","@id":"https:\/\/informelitoral.com.ar\/#\/schema\/logo\/image\/","url":"https:\/\/informelitoral.com.ar\/%77%70%2d%63%6f%6e%74%65%6e%74\/uploads\/2021\/01\/circulo.png","contentUrl":"https:\/\/informelitoral.com.ar\/%77%70%2d%63%6f%6e%74%65%6e%74\/uploads\/2021\/01\/circulo.png","width":723,"height":731,"caption":"Informe Litoral"},"image":{"@id":"https:\/\/informelitoral.com.ar\/#\/schema\/logo\/image\/"},"sameAs":["https:\/\/www.facebook.com\/informelitoral\/","https:\/\/x.com\/InformeLitoral","https:\/\/www.instagram.com\/informelitoral\/","https:\/\/www.youtube.com\/channel\/UCua4Qvz8Icb6MYqhoq9xLXw"]},{"@type":"Person","@id":"https:\/\/informelitoral.com.ar\/#\/schema\/person\/f05f9f461677119578717524b127d6d5","name":"Sebastian","image":{"@type":"ImageObject","inLanguage":"es","@id":"https:\/\/secure.gravatar.com\/avatar\/b71bf7481d447dfb9583c7f2798e7cc64de6efb9067b74633ed8c31059a3bd82?s=96&d=mm&r=g","url":"https:\/\/secure.gravatar.com\/avatar\/b71bf7481d447dfb9583c7f2798e7cc64de6efb9067b74633ed8c31059a3bd82?s=96&d=mm&r=g","contentUrl":"https:\/\/secure.gravatar.com\/avatar\/b71bf7481d447dfb9583c7f2798e7cc64de6efb9067b74633ed8c31059a3bd82?s=96&d=mm&r=g","caption":"Sebastian"},"url":"https:\/\/informelitoral.com.ar\/author\/sebastian\/"}]}},"_links":{"self":[{"href":"https:\/\/informelitoral.com.ar\/%77%70%2d%6a%73%6f%6e\/wp\/v2\/posts\/86815","targetHints":{"allow":["GET"]}}],"collection":[{"href":"https:\/\/informelitoral.com.ar\/%77%70%2d%6a%73%6f%6e\/wp\/v2\/posts"}],"about":[{"href":"https:\/\/informelitoral.com.ar\/%77%70%2d%6a%73%6f%6e\/wp\/v2\/types\/post"}],"author":[{"embeddable":true,"href":"https:\/\/informelitoral.com.ar\/%77%70%2d%6a%73%6f%6e\/wp\/v2\/users\/8"}],"replies":[{"embeddable":true,"href":"https:\/\/informelitoral.com.ar\/%77%70%2d%6a%73%6f%6e\/wp\/v2\/comments?post=86815"}],"version-history":[{"count":0,"href":"https:\/\/informelitoral.com.ar\/%77%70%2d%6a%73%6f%6e\/wp\/v2\/posts\/86815\/revisions"}],"wp:featuredmedia":[{"embeddable":true,"href":"https:\/\/informelitoral.com.ar\/%77%70%2d%6a%73%6f%6e\/wp\/v2\/media\/86816"}],"wp:attachment":[{"href":"https:\/\/informelitoral.com.ar\/%77%70%2d%6a%73%6f%6e\/wp\/v2\/media?parent=86815"}],"wp:term":[{"taxonomy":"category","embeddable":true,"href":"https:\/\/informelitoral.com.ar\/%77%70%2d%6a%73%6f%6e\/wp\/v2\/categories?post=86815"},{"taxonomy":"post_tag","embeddable":true,"href":"https:\/\/informelitoral.com.ar\/%77%70%2d%6a%73%6f%6e\/wp\/v2\/tags?post=86815"}],"curies":[{"name":"wp","href":"https:\/\/api.w.org\/{rel}","templated":true}]}}