{"id":86685,"date":"2022-09-15T09:47:05","date_gmt":"2022-09-15T12:47:05","guid":{"rendered":"https:\/\/www.informelitoral.com.ar\/?p=86685"},"modified":"2022-09-15T09:47:32","modified_gmt":"2022-09-15T12:47:32","slug":"la-provincia-entrego-subsidios-a-instituciones-de-diamante-y-crespo","status":"publish","type":"post","link":"https:\/\/informelitoral.com.ar\/la-provincia-entrego-subsidios-a-instituciones-de-diamante-y-crespo\/","title":{"rendered":"La provincia entreg\u00f3 subsidios a instituciones de Diamante y Crespo"},"content":{"rendered":"<p>Representantes de las entidades coincidieron en el Sal\u00f3n de la Mujer de la Casa Gris, donde recibieron las contribuciones, quienes estuvieron acompa\u00f1ados por la presidenta de la Fundaci\u00f3n Iapser, Mariel \u00c1vila y la directora de Subsidios, Agustina Camino.<\/p>\n<p>En el caso de la asociaci\u00f3n cooperadora del hospital San Jos\u00e9 de Diamante, percibi\u00f3 un aporte que se destinar\u00e1 a la \u00faltima fase de su sistema de digitalizaci\u00f3n. Por su parte, la comisi\u00f3n directiva de la Asociaci\u00f3n Crespense de Ayuda al Discapacitado (Acadme) fue beneficiaria de un importe para acondicionar su espacio de equinoterapia.<\/p>\n<p>Tras la concreci\u00f3n de las solicitudes realizadas, referentes de los grupos de trabajo se refirieron al prop\u00f3sito con el que ser\u00e1n empleadas.<br \/>\nEl presidente de la asociaci\u00f3n cooperadora el hospital San Jos\u00e9 de Diamante, Oscar Patterer Martin, expres\u00f3: \u201cVinimos a recibir con mucho agrado este subsidio, que nos servir\u00e1 para completar el ciclo de digitalizaci\u00f3n del hospital de Diamante\u201d.<\/p>\n<p>\u201cLa cooperadora ya hab\u00eda comprado 12 computadoras este a\u00f1o, gracias a un bono contribuci\u00f3n y a la colaboraci\u00f3n de la poblaci\u00f3n, pero esta ayuda del gobierno nos permitir\u00e1 completarlo en todo el hospital\u201d, se\u00f1al\u00f3.<\/p>\n<p>Consultado sobre la respuesta que brinda el nosocomio a la poblaci\u00f3n en los \u00faltimos a\u00f1os, el dirigente ampli\u00f3: \u201cLa gente est\u00e1 agradecida por la atenci\u00f3n que hubo durante la pandemia. De otro modo no se podr\u00edan haber vendido todos los bonos contribuci\u00f3n y que nuestros colaboradores pagaran todas las cuotas\u201d.<\/p>\n<p>\u201cEvidentemente, el hospital est\u00e1 bien considerado; hay una actualizaci\u00f3n constante en todos los aspectos y creo que ayuda mucho que el director sea un bioingeniero (Gast\u00f3n Marchetti) para atender especialmente en las cuestiones t\u00e9cnicas\u201d.<\/p>\n<p>A su turno, la presidenta de la comisi\u00f3n de Acadme en la Escuela Privada N\u00ba 11 Remedios Escalada de San Mart\u00edn de Crespo, Cristina Goettig, dio cuenta del valor de la asistencia: \u201cNos ayudar\u00e1 a comprar los materiales y dejar en condiciones el galp\u00f3n de equinoterapia ubicado en el predio de la escuela\u201d.<\/p>\n<p>\u201cEl establecimiento es de educaci\u00f3n integral y cuenta con varios talleres: de Cocina, Compost, Lavadero de Autos y la Equinoterapia, que es una de las terapias m\u00e1s importantes, con una antig\u00fcedad de 14 a\u00f1os. A los sueldos los solventa el Estado y al funcionamiento de la escuela, la cooperadora. Participan unos 15 ni\u00f1os\u201d, explic\u00f3.<\/p>\n<p>Por su parte, la mam\u00e1 de uno de los estudiantes que asiste al proyecto de equinoterapia, Silvia Decoud, reflej\u00f3 los beneficios.<br \/>\n\u201cTrabaja en varias \u00e1reas del ni\u00f1o, principalmente en la parte motora, pero tambi\u00e9n en la social. Se perciben los cambios en integraci\u00f3n social en los ni\u00f1os que tienen esta alteraci\u00f3n. Mi hijo no puede caminar solo, pero se ha bajado del caballo y ha caminado sin ayuda, incluso entre obst\u00e1culos. Es una terapia alternativa que colabora mucho con las tradicionales\u201d.<\/p>\n<p>\u201cTenemos un predio abierto y otro cerrado, para los d\u00edas de fr\u00edo o de lluvia, que se construy\u00f3 con materiales reciclados. Necesit\u00e1bamos cambiar la cobertura de lona, canaletas y chapas, para que no se llueva en el interior y gracias a este subsidio podremos solucionar parte de este problema\u201d, describi\u00f3.<\/p>\n","protected":false},"excerpt":{"rendered":"<p>La cooperadora del hospital San Jos\u00e9 de Diamante y la Asociaci\u00f3n Crespense de Ayuda al Discapacitado recibieron subsidios de parte del gobierno provincial para completar el ciclo de digitalizaci\u00f3n del nosocomio y continuar el proyecto de Equinoterapia de la organizaci\u00f3n social.<\/p>\n","protected":false},"author":8,"featured_media":86687,"comment_status":"open","ping_status":"open","sticky":false,"template":"","format":"standard","meta":{"fifu_image_url":"","fifu_image_alt":"","footnotes":""},"categories":[6],"tags":[3551],"class_list":{"0":"post-86685","1":"post","2":"type-post","3":"status-publish","4":"format-standard","5":"has-post-thumbnail","7":"category-entre-rios","8":"tag-entrega-de-subsidio"},"yoast_head":"<title>La provincia entreg\u00f3 subsidios a instituciones de Diamante y Crespo - Informe Litoral<\/title>\n<meta name=\"robots\" content=\"index, follow, max-snippet:-1, max-image-preview:large, max-video-preview:-1\" \/>\n<link rel=\"canonical\" href=\"https:\/\/informelitoral.com.ar\/la-provincia-entrego-subsidios-a-instituciones-de-diamante-y-crespo\/\" \/>\n<meta property=\"og:locale\" content=\"es_ES\" \/>\n<meta property=\"og:type\" content=\"article\" \/>\n<meta property=\"og:title\" content=\"La provincia entreg\u00f3 subsidios a instituciones de Diamante y Crespo - Informe Litoral\" \/>\n<meta property=\"og:description\" content=\"La cooperadora del hospital San Jos\u00e9 de Diamante y la Asociaci\u00f3n Crespense de Ayuda al Discapacitado recibieron subsidios de parte del gobierno provincial para completar el ciclo de digitalizaci\u00f3n del nosocomio y continuar el proyecto de Equinoterapia de la organizaci\u00f3n social.\" \/>\n<meta property=\"og:url\" content=\"https:\/\/informelitoral.com.ar\/la-provincia-entrego-subsidios-a-instituciones-de-diamante-y-crespo\/\" \/>\n<meta property=\"og:site_name\" content=\"Informe Litoral\" \/>\n<meta property=\"article:publisher\" content=\"https:\/\/www.facebook.com\/informelitoral\/\" \/>\n<meta property=\"article:published_time\" content=\"2022-09-15T12:47:05+00:00\" \/>\n<meta property=\"article:modified_time\" content=\"2022-09-15T12:47:32+00:00\" \/>\n<meta property=\"og:image\" content=\"https:\/\/informelitoral.com.ar\/%77%70%2d%63%6f%6e%74%65%6e%74\/uploads\/2022\/09\/p_1663190159.jpg\" \/>\n\t<meta property=\"og:image:width\" content=\"1920\" \/>\n\t<meta property=\"og:image:height\" content=\"800\" \/>\n\t<meta property=\"og:image:type\" content=\"image\/jpeg\" \/>\n<meta name=\"author\" content=\"Sebastian\" \/>\n<meta name=\"twitter:card\" content=\"summary_large_image\" \/>\n<meta name=\"twitter:creator\" content=\"@InformeLitoral\" \/>\n<meta name=\"twitter:site\" content=\"@InformeLitoral\" \/>\n<meta name=\"twitter:label1\" content=\"Escrito por\" \/>\n\t<meta name=\"twitter:data1\" content=\"Sebastian\" \/>\n\t<meta name=\"twitter:label2\" content=\"Tiempo de lectura\" \/>\n\t<meta name=\"twitter:data2\" content=\"3 minutos\" \/>\n<script type=\"application\/ld+json\" class=\"yoast-schema-graph\">{\"@context\":\"https:\\\/\\\/schema.org\",\"@graph\":[{\"@type\":\"Article\",\"@id\":\"https:\\\/\\\/informelitoral.com.ar\\\/la-provincia-entrego-subsidios-a-instituciones-de-diamante-y-crespo\\\/#article\",\"isPartOf\":{\"@id\":\"https:\\\/\\\/informelitoral.com.ar\\\/la-provincia-entrego-subsidios-a-instituciones-de-diamante-y-crespo\\\/\"},\"author\":{\"name\":\"Sebastian\",\"@id\":\"https:\\\/\\\/informelitoral.com.ar\\\/#\\\/schema\\\/person\\\/f05f9f461677119578717524b127d6d5\"},\"headline\":\"La provincia entreg\u00f3 subsidios a instituciones de Diamante y Crespo\",\"datePublished\":\"2022-09-15T12:47:05+00:00\",\"dateModified\":\"2022-09-15T12:47:32+00:00\",\"mainEntityOfPage\":{\"@id\":\"https:\\\/\\\/informelitoral.com.ar\\\/la-provincia-entrego-subsidios-a-instituciones-de-diamante-y-crespo\\\/\"},\"wordCount\":556,\"commentCount\":0,\"publisher\":{\"@id\":\"https:\\\/\\\/informelitoral.com.ar\\\/#organization\"},\"image\":{\"@id\":\"https:\\\/\\\/informelitoral.com.ar\\\/la-provincia-entrego-subsidios-a-instituciones-de-diamante-y-crespo\\\/#primaryimage\"},\"thumbnailUrl\":\"https:\\\/\\\/informelitoral.com.ar\\\/%77%70%2d%63%6f%6e%74%65%6e%74\\\/uploads\\\/2022\\\/09\\\/p_1663190159.jpg\",\"keywords\":[\"Entrega de subsidio\"],\"articleSection\":[\"Entre R\u00edos\"],\"inLanguage\":\"es\",\"potentialAction\":[{\"@type\":\"CommentAction\",\"name\":\"Comment\",\"target\":[\"https:\\\/\\\/informelitoral.com.ar\\\/la-provincia-entrego-subsidios-a-instituciones-de-diamante-y-crespo\\\/#respond\"]}]},{\"@type\":\"WebPage\",\"@id\":\"https:\\\/\\\/informelitoral.com.ar\\\/la-provincia-entrego-subsidios-a-instituciones-de-diamante-y-crespo\\\/\",\"url\":\"https:\\\/\\\/informelitoral.com.ar\\\/la-provincia-entrego-subsidios-a-instituciones-de-diamante-y-crespo\\\/\",\"name\":\"La provincia entreg\u00f3 subsidios a instituciones de Diamante y Crespo - Informe Litoral\",\"isPartOf\":{\"@id\":\"https:\\\/\\\/informelitoral.com.ar\\\/#website\"},\"primaryImageOfPage\":{\"@id\":\"https:\\\/\\\/informelitoral.com.ar\\\/la-provincia-entrego-subsidios-a-instituciones-de-diamante-y-crespo\\\/#primaryimage\"},\"image\":{\"@id\":\"https:\\\/\\\/informelitoral.com.ar\\\/la-provincia-entrego-subsidios-a-instituciones-de-diamante-y-crespo\\\/#primaryimage\"},\"thumbnailUrl\":\"https:\\\/\\\/informelitoral.com.ar\\\/%77%70%2d%63%6f%6e%74%65%6e%74\\\/uploads\\\/2022\\\/09\\\/p_1663190159.jpg\",\"datePublished\":\"2022-09-15T12:47:05+00:00\",\"dateModified\":\"2022-09-15T12:47:32+00:00\",\"breadcrumb\":{\"@id\":\"https:\\\/\\\/informelitoral.com.ar\\\/la-provincia-entrego-subsidios-a-instituciones-de-diamante-y-crespo\\\/#breadcrumb\"},\"inLanguage\":\"es\",\"potentialAction\":[{\"@type\":\"ReadAction\",\"target\":[\"https:\\\/\\\/informelitoral.com.ar\\\/la-provincia-entrego-subsidios-a-instituciones-de-diamante-y-crespo\\\/\"]}]},{\"@type\":\"ImageObject\",\"inLanguage\":\"es\",\"@id\":\"https:\\\/\\\/informelitoral.com.ar\\\/la-provincia-entrego-subsidios-a-instituciones-de-diamante-y-crespo\\\/#primaryimage\",\"url\":\"https:\\\/\\\/informelitoral.com.ar\\\/%77%70%2d%63%6f%6e%74%65%6e%74\\\/uploads\\\/2022\\\/09\\\/p_1663190159.jpg\",\"contentUrl\":\"https:\\\/\\\/informelitoral.com.ar\\\/%77%70%2d%63%6f%6e%74%65%6e%74\\\/uploads\\\/2022\\\/09\\\/p_1663190159.jpg\",\"width\":1920,\"height\":800},{\"@type\":\"BreadcrumbList\",\"@id\":\"https:\\\/\\\/informelitoral.com.ar\\\/la-provincia-entrego-subsidios-a-instituciones-de-diamante-y-crespo\\\/#breadcrumb\",\"itemListElement\":[{\"@type\":\"ListItem\",\"position\":1,\"name\":\"Portada\",\"item\":\"https:\\\/\\\/informelitoral.com.ar\\\/\"},{\"@type\":\"ListItem\",\"position\":2,\"name\":\"La provincia entreg\u00f3 subsidios a instituciones de Diamante y Crespo\"}]},{\"@type\":\"WebSite\",\"@id\":\"https:\\\/\\\/informelitoral.com.ar\\\/#website\",\"url\":\"https:\\\/\\\/informelitoral.com.ar\\\/\",\"name\":\"Informe Litoral\",\"description\":\"&quot;Nos informamos&quot; \",\"publisher\":{\"@id\":\"https:\\\/\\\/informelitoral.com.ar\\\/#organization\"},\"potentialAction\":[{\"@type\":\"SearchAction\",\"target\":{\"@type\":\"EntryPoint\",\"urlTemplate\":\"https:\\\/\\\/informelitoral.com.ar\\\/?s={search_term_string}\"},\"query-input\":{\"@type\":\"PropertyValueSpecification\",\"valueRequired\":true,\"valueName\":\"search_term_string\"}}],\"inLanguage\":\"es\"},{\"@type\":\"Organization\",\"@id\":\"https:\\\/\\\/informelitoral.com.ar\\\/#organization\",\"name\":\"Informe Litoral\",\"url\":\"https:\\\/\\\/informelitoral.com.ar\\\/\",\"logo\":{\"@type\":\"ImageObject\",\"inLanguage\":\"es\",\"@id\":\"https:\\\/\\\/informelitoral.com.ar\\\/#\\\/schema\\\/logo\\\/image\\\/\",\"url\":\"https:\\\/\\\/informelitoral.com.ar\\\/%77%70%2d%63%6f%6e%74%65%6e%74\\\/uploads\\\/2021\\\/01\\\/circulo.png\",\"contentUrl\":\"https:\\\/\\\/informelitoral.com.ar\\\/%77%70%2d%63%6f%6e%74%65%6e%74\\\/uploads\\\/2021\\\/01\\\/circulo.png\",\"width\":723,\"height\":731,\"caption\":\"Informe Litoral\"},\"image\":{\"@id\":\"https:\\\/\\\/informelitoral.com.ar\\\/#\\\/schema\\\/logo\\\/image\\\/\"},\"sameAs\":[\"https:\\\/\\\/www.facebook.com\\\/informelitoral\\\/\",\"https:\\\/\\\/x.com\\\/InformeLitoral\",\"https:\\\/\\\/www.instagram.com\\\/informelitoral\\\/\",\"https:\\\/\\\/www.youtube.com\\\/channel\\\/UCua4Qvz8Icb6MYqhoq9xLXw\"]},{\"@type\":\"Person\",\"@id\":\"https:\\\/\\\/informelitoral.com.ar\\\/#\\\/schema\\\/person\\\/f05f9f461677119578717524b127d6d5\",\"name\":\"Sebastian\",\"image\":{\"@type\":\"ImageObject\",\"inLanguage\":\"es\",\"@id\":\"https:\\\/\\\/secure.gravatar.com\\\/avatar\\\/b71bf7481d447dfb9583c7f2798e7cc64de6efb9067b74633ed8c31059a3bd82?s=96&d=mm&r=g\",\"url\":\"https:\\\/\\\/secure.gravatar.com\\\/avatar\\\/b71bf7481d447dfb9583c7f2798e7cc64de6efb9067b74633ed8c31059a3bd82?s=96&d=mm&r=g\",\"contentUrl\":\"https:\\\/\\\/secure.gravatar.com\\\/avatar\\\/b71bf7481d447dfb9583c7f2798e7cc64de6efb9067b74633ed8c31059a3bd82?s=96&d=mm&r=g\",\"caption\":\"Sebastian\"},\"url\":\"https:\\\/\\\/informelitoral.com.ar\\\/author\\\/sebastian\\\/\"}]}<\/script>","yoast_head_json":{"title":"La provincia entreg\u00f3 subsidios a instituciones de Diamante y Crespo - Informe Litoral","robots":{"index":"index","follow":"follow","max-snippet":"max-snippet:-1","max-image-preview":"max-image-preview:large","max-video-preview":"max-video-preview:-1"},"canonical":"https:\/\/informelitoral.com.ar\/la-provincia-entrego-subsidios-a-instituciones-de-diamante-y-crespo\/","og_locale":"es_ES","og_type":"article","og_title":"La provincia entreg\u00f3 subsidios a instituciones de Diamante y Crespo - Informe Litoral","og_description":"La cooperadora del hospital San Jos\u00e9 de Diamante y la Asociaci\u00f3n Crespense de Ayuda al Discapacitado recibieron subsidios de parte del gobierno provincial para completar el ciclo de digitalizaci\u00f3n del nosocomio y continuar el proyecto de Equinoterapia de la organizaci\u00f3n social.","og_url":"https:\/\/informelitoral.com.ar\/la-provincia-entrego-subsidios-a-instituciones-de-diamante-y-crespo\/","og_site_name":"Informe Litoral","article_publisher":"https:\/\/www.facebook.com\/informelitoral\/","article_published_time":"2022-09-15T12:47:05+00:00","article_modified_time":"2022-09-15T12:47:32+00:00","og_image":[{"width":1920,"height":800,"url":"https:\/\/informelitoral.com.ar\/%77%70%2d%63%6f%6e%74%65%6e%74\/uploads\/2022\/09\/p_1663190159.jpg","type":"image\/jpeg"}],"author":"Sebastian","twitter_card":"summary_large_image","twitter_creator":"@InformeLitoral","twitter_site":"@InformeLitoral","twitter_misc":{"Escrito por":"Sebastian","Tiempo de lectura":"3 minutos"},"schema":{"@context":"https:\/\/schema.org","@graph":[{"@type":"Article","@id":"https:\/\/informelitoral.com.ar\/la-provincia-entrego-subsidios-a-instituciones-de-diamante-y-crespo\/#article","isPartOf":{"@id":"https:\/\/informelitoral.com.ar\/la-provincia-entrego-subsidios-a-instituciones-de-diamante-y-crespo\/"},"author":{"name":"Sebastian","@id":"https:\/\/informelitoral.com.ar\/#\/schema\/person\/f05f9f461677119578717524b127d6d5"},"headline":"La provincia entreg\u00f3 subsidios a instituciones de Diamante y Crespo","datePublished":"2022-09-15T12:47:05+00:00","dateModified":"2022-09-15T12:47:32+00:00","mainEntityOfPage":{"@id":"https:\/\/informelitoral.com.ar\/la-provincia-entrego-subsidios-a-instituciones-de-diamante-y-crespo\/"},"wordCount":556,"commentCount":0,"publisher":{"@id":"https:\/\/informelitoral.com.ar\/#organization"},"image":{"@id":"https:\/\/informelitoral.com.ar\/la-provincia-entrego-subsidios-a-instituciones-de-diamante-y-crespo\/#primaryimage"},"thumbnailUrl":"https:\/\/informelitoral.com.ar\/%77%70%2d%63%6f%6e%74%65%6e%74\/uploads\/2022\/09\/p_1663190159.jpg","keywords":["Entrega de subsidio"],"articleSection":["Entre R\u00edos"],"inLanguage":"es","potentialAction":[{"@type":"CommentAction","name":"Comment","target":["https:\/\/informelitoral.com.ar\/la-provincia-entrego-subsidios-a-instituciones-de-diamante-y-crespo\/#respond"]}]},{"@type":"WebPage","@id":"https:\/\/informelitoral.com.ar\/la-provincia-entrego-subsidios-a-instituciones-de-diamante-y-crespo\/","url":"https:\/\/informelitoral.com.ar\/la-provincia-entrego-subsidios-a-instituciones-de-diamante-y-crespo\/","name":"La provincia entreg\u00f3 subsidios a instituciones de Diamante y Crespo - Informe Litoral","isPartOf":{"@id":"https:\/\/informelitoral.com.ar\/#website"},"primaryImageOfPage":{"@id":"https:\/\/informelitoral.com.ar\/la-provincia-entrego-subsidios-a-instituciones-de-diamante-y-crespo\/#primaryimage"},"image":{"@id":"https:\/\/informelitoral.com.ar\/la-provincia-entrego-subsidios-a-instituciones-de-diamante-y-crespo\/#primaryimage"},"thumbnailUrl":"https:\/\/informelitoral.com.ar\/%77%70%2d%63%6f%6e%74%65%6e%74\/uploads\/2022\/09\/p_1663190159.jpg","datePublished":"2022-09-15T12:47:05+00:00","dateModified":"2022-09-15T12:47:32+00:00","breadcrumb":{"@id":"https:\/\/informelitoral.com.ar\/la-provincia-entrego-subsidios-a-instituciones-de-diamante-y-crespo\/#breadcrumb"},"inLanguage":"es","potentialAction":[{"@type":"ReadAction","target":["https:\/\/informelitoral.com.ar\/la-provincia-entrego-subsidios-a-instituciones-de-diamante-y-crespo\/"]}]},{"@type":"ImageObject","inLanguage":"es","@id":"https:\/\/informelitoral.com.ar\/la-provincia-entrego-subsidios-a-instituciones-de-diamante-y-crespo\/#primaryimage","url":"https:\/\/informelitoral.com.ar\/%77%70%2d%63%6f%6e%74%65%6e%74\/uploads\/2022\/09\/p_1663190159.jpg","contentUrl":"https:\/\/informelitoral.com.ar\/%77%70%2d%63%6f%6e%74%65%6e%74\/uploads\/2022\/09\/p_1663190159.jpg","width":1920,"height":800},{"@type":"BreadcrumbList","@id":"https:\/\/informelitoral.com.ar\/la-provincia-entrego-subsidios-a-instituciones-de-diamante-y-crespo\/#breadcrumb","itemListElement":[{"@type":"ListItem","position":1,"name":"Portada","item":"https:\/\/informelitoral.com.ar\/"},{"@type":"ListItem","position":2,"name":"La provincia entreg\u00f3 subsidios a instituciones de Diamante y Crespo"}]},{"@type":"WebSite","@id":"https:\/\/informelitoral.com.ar\/#website","url":"https:\/\/informelitoral.com.ar\/","name":"Informe Litoral","description":"&quot;Nos informamos&quot; ","publisher":{"@id":"https:\/\/informelitoral.com.ar\/#organization"},"potentialAction":[{"@type":"SearchAction","target":{"@type":"EntryPoint","urlTemplate":"https:\/\/informelitoral.com.ar\/?s={search_term_string}"},"query-input":{"@type":"PropertyValueSpecification","valueRequired":true,"valueName":"search_term_string"}}],"inLanguage":"es"},{"@type":"Organization","@id":"https:\/\/informelitoral.com.ar\/#organization","name":"Informe Litoral","url":"https:\/\/informelitoral.com.ar\/","logo":{"@type":"ImageObject","inLanguage":"es","@id":"https:\/\/informelitoral.com.ar\/#\/schema\/logo\/image\/","url":"https:\/\/informelitoral.com.ar\/%77%70%2d%63%6f%6e%74%65%6e%74\/uploads\/2021\/01\/circulo.png","contentUrl":"https:\/\/informelitoral.com.ar\/%77%70%2d%63%6f%6e%74%65%6e%74\/uploads\/2021\/01\/circulo.png","width":723,"height":731,"caption":"Informe Litoral"},"image":{"@id":"https:\/\/informelitoral.com.ar\/#\/schema\/logo\/image\/"},"sameAs":["https:\/\/www.facebook.com\/informelitoral\/","https:\/\/x.com\/InformeLitoral","https:\/\/www.instagram.com\/informelitoral\/","https:\/\/www.youtube.com\/channel\/UCua4Qvz8Icb6MYqhoq9xLXw"]},{"@type":"Person","@id":"https:\/\/informelitoral.com.ar\/#\/schema\/person\/f05f9f461677119578717524b127d6d5","name":"Sebastian","image":{"@type":"ImageObject","inLanguage":"es","@id":"https:\/\/secure.gravatar.com\/avatar\/b71bf7481d447dfb9583c7f2798e7cc64de6efb9067b74633ed8c31059a3bd82?s=96&d=mm&r=g","url":"https:\/\/secure.gravatar.com\/avatar\/b71bf7481d447dfb9583c7f2798e7cc64de6efb9067b74633ed8c31059a3bd82?s=96&d=mm&r=g","contentUrl":"https:\/\/secure.gravatar.com\/avatar\/b71bf7481d447dfb9583c7f2798e7cc64de6efb9067b74633ed8c31059a3bd82?s=96&d=mm&r=g","caption":"Sebastian"},"url":"https:\/\/informelitoral.com.ar\/author\/sebastian\/"}]}},"_links":{"self":[{"href":"https:\/\/informelitoral.com.ar\/%77%70%2d%6a%73%6f%6e\/wp\/v2\/posts\/86685","targetHints":{"allow":["GET"]}}],"collection":[{"href":"https:\/\/informelitoral.com.ar\/%77%70%2d%6a%73%6f%6e\/wp\/v2\/posts"}],"about":[{"href":"https:\/\/informelitoral.com.ar\/%77%70%2d%6a%73%6f%6e\/wp\/v2\/types\/post"}],"author":[{"embeddable":true,"href":"https:\/\/informelitoral.com.ar\/%77%70%2d%6a%73%6f%6e\/wp\/v2\/users\/8"}],"replies":[{"embeddable":true,"href":"https:\/\/informelitoral.com.ar\/%77%70%2d%6a%73%6f%6e\/wp\/v2\/comments?post=86685"}],"version-history":[{"count":0,"href":"https:\/\/informelitoral.com.ar\/%77%70%2d%6a%73%6f%6e\/wp\/v2\/posts\/86685\/revisions"}],"wp:featuredmedia":[{"embeddable":true,"href":"https:\/\/informelitoral.com.ar\/%77%70%2d%6a%73%6f%6e\/wp\/v2\/media\/86687"}],"wp:attachment":[{"href":"https:\/\/informelitoral.com.ar\/%77%70%2d%6a%73%6f%6e\/wp\/v2\/media?parent=86685"}],"wp:term":[{"taxonomy":"category","embeddable":true,"href":"https:\/\/informelitoral.com.ar\/%77%70%2d%6a%73%6f%6e\/wp\/v2\/categories?post=86685"},{"taxonomy":"post_tag","embeddable":true,"href":"https:\/\/informelitoral.com.ar\/%77%70%2d%6a%73%6f%6e\/wp\/v2\/tags?post=86685"}],"curies":[{"name":"wp","href":"https:\/\/api.w.org\/{rel}","templated":true}]}}