{"id":86083,"date":"2022-09-09T09:04:34","date_gmt":"2022-09-09T12:04:34","guid":{"rendered":"https:\/\/www.informelitoral.com.ar\/?p=86083"},"modified":"2022-09-09T09:04:46","modified_gmt":"2022-09-09T12:04:46","slug":"el-89-del-trigo-sembrado-en-entre-rios-presenta-buena-condicion","status":"publish","type":"post","link":"https:\/\/informelitoral.com.ar\/el-89-del-trigo-sembrado-en-entre-rios-presenta-buena-condicion\/","title":{"rendered":"El 89% del trigo sembrado en Entre R\u00edos presenta buena condici\u00f3n"},"content":{"rendered":"<p>Unas 445.000 hect\u00e1reas sembradas con trigo en la provincia de Entre R\u00edos presentan entre buena y muy buena condici\u00f3n fenol\u00f3gica, el 89 por ciento de las 500.000 sembradas en el ciclo agr\u00edcola 2021\/22, inform\u00f3 hoy la Bolsa de Cereales entrerriana.<\/p>\n<p>La fenolog\u00eda del cereal se sit\u00faa desde enca\u00f1az\u00f3n hasta hoja bandera, advirti\u00f3 la entidad burs\u00e1til, con el 27 por ciento en un muy buen estado, un 62% se mantiene como bueno, el 10% fue calificado regular, y el 1% restante se determin\u00f3 malo.<\/p>\n<p>Asimismo, productores entrerrianos se\u00f1alaron que contin\u00faan las aplicaciones de fungicidas para el control de manchas foliares.<\/p>\n<p>La zona oeste de Entre R\u00edos, entre los departamentos Diamante, Nogoy\u00e1, Paran\u00e1 y Victoria, es la que abarca mayor porcentaje dentro de la categor\u00eda regular y mala, debido a un d\u00e9ficit h\u00eddrico y heladas.<\/p>\n<p>Por otro lado, la Bolsa detall\u00f3 que cerca de 18.000 hect\u00e1reas se implantar\u00edan con girasol en la campa\u00f1a agr\u00edcola 2022\/23, de las cuales ya un 50% fue sembrado, y ya que es \u00abescasa la superficie\u00bb destinada a la oleaginosa, \u00aben breve\u00bb se concluir\u00e1n las labores.<\/p>\n<p>Adem\u00e1s, el organismo precis\u00f3 que el ma\u00edz de primera se sembrar\u00eda en entre 415.000 y 435.000 hect\u00e1reas, de un 6 a 10 por ciento menos que la temporada pasada.<\/p>\n<p>Los colaboradores de la entidad reportaron que ya se sembr\u00f3 la mitad de lo previsto y existe \u00abun buen ritmo\u00bb en la siembra, \u00fanicamente interrumpido por las precipitaciones a principios de mes.<\/p>\n<p>A\u00fan as\u00ed, de no registrarse lluvias en los pr\u00f3ximos d\u00edas, en algunos sectores del oeste del territorio entrerriano puede llegar a ser limitante la humedad en la cama de siembra, explic\u00f3.<\/p>\n","protected":false},"excerpt":{"rendered":"<p>Unas 445.000 hect\u00e1reas sembradas con trigo en la provincia de Entre R\u00edos presentan entre buena y muy buena condici\u00f3n fenol\u00f3gica, el 89 por ciento de las 500.000 sembradas en el ciclo agr\u00edcola 2021\/22, inform\u00f3 la Bolsa de Cereales.<\/p>\n","protected":false},"author":8,"featured_media":86084,"comment_status":"open","ping_status":"open","sticky":false,"template":"","format":"standard","meta":{"fifu_image_url":"","fifu_image_alt":"","footnotes":""},"categories":[10],"tags":[73],"class_list":{"0":"post-86083","1":"post","2":"type-post","3":"status-publish","4":"format-standard","5":"has-post-thumbnail","7":"category-campo","8":"tag-soja"},"yoast_head":"<title>El 89% del trigo sembrado en Entre R\u00edos presenta buena condici\u00f3n - Informe Litoral<\/title>\n<meta name=\"robots\" content=\"index, follow, max-snippet:-1, max-image-preview:large, max-video-preview:-1\" \/>\n<link rel=\"canonical\" href=\"https:\/\/informelitoral.com.ar\/el-89-del-trigo-sembrado-en-entre-rios-presenta-buena-condicion\/\" \/>\n<meta property=\"og:locale\" content=\"es_ES\" \/>\n<meta property=\"og:type\" content=\"article\" \/>\n<meta property=\"og:title\" content=\"El 89% del trigo sembrado en Entre R\u00edos presenta buena condici\u00f3n - Informe Litoral\" \/>\n<meta property=\"og:description\" content=\"Unas 445.000 hect\u00e1reas sembradas con trigo en la provincia de Entre R\u00edos presentan entre buena y muy buena condici\u00f3n fenol\u00f3gica, el 89 por ciento de las 500.000 sembradas en el ciclo agr\u00edcola 2021\/22, inform\u00f3 la Bolsa de Cereales.\" \/>\n<meta property=\"og:url\" content=\"https:\/\/informelitoral.com.ar\/el-89-del-trigo-sembrado-en-entre-rios-presenta-buena-condicion\/\" \/>\n<meta property=\"og:site_name\" content=\"Informe Litoral\" \/>\n<meta property=\"article:publisher\" content=\"https:\/\/www.facebook.com\/informelitoral\/\" \/>\n<meta property=\"article:published_time\" content=\"2022-09-09T12:04:34+00:00\" \/>\n<meta property=\"article:modified_time\" content=\"2022-09-09T12:04:46+00:00\" \/>\n<meta property=\"og:image\" content=\"https:\/\/informelitoral.com.ar\/%77%70%2d%63%6f%6e%74%65%6e%74\/uploads\/2022\/09\/trigo-campo-696x464-1.jpg\" \/>\n\t<meta property=\"og:image:width\" content=\"696\" \/>\n\t<meta property=\"og:image:height\" content=\"464\" \/>\n\t<meta property=\"og:image:type\" content=\"image\/jpeg\" \/>\n<meta name=\"author\" content=\"Sebastian\" \/>\n<meta name=\"twitter:card\" content=\"summary_large_image\" \/>\n<meta name=\"twitter:creator\" content=\"@InformeLitoral\" \/>\n<meta name=\"twitter:site\" content=\"@InformeLitoral\" \/>\n<meta name=\"twitter:label1\" content=\"Escrito por\" \/>\n\t<meta name=\"twitter:data1\" content=\"Sebastian\" \/>\n\t<meta name=\"twitter:label2\" content=\"Tiempo de lectura\" \/>\n\t<meta name=\"twitter:data2\" content=\"1 minuto\" \/>\n<script type=\"application\/ld+json\" class=\"yoast-schema-graph\">{\"@context\":\"https:\\\/\\\/schema.org\",\"@graph\":[{\"@type\":\"Article\",\"@id\":\"https:\\\/\\\/informelitoral.com.ar\\\/el-89-del-trigo-sembrado-en-entre-rios-presenta-buena-condicion\\\/#article\",\"isPartOf\":{\"@id\":\"https:\\\/\\\/informelitoral.com.ar\\\/el-89-del-trigo-sembrado-en-entre-rios-presenta-buena-condicion\\\/\"},\"author\":{\"name\":\"Sebastian\",\"@id\":\"https:\\\/\\\/informelitoral.com.ar\\\/#\\\/schema\\\/person\\\/f05f9f461677119578717524b127d6d5\"},\"headline\":\"El 89% del trigo sembrado en Entre R\u00edos presenta buena condici\u00f3n\",\"datePublished\":\"2022-09-09T12:04:34+00:00\",\"dateModified\":\"2022-09-09T12:04:46+00:00\",\"mainEntityOfPage\":{\"@id\":\"https:\\\/\\\/informelitoral.com.ar\\\/el-89-del-trigo-sembrado-en-entre-rios-presenta-buena-condicion\\\/\"},\"wordCount\":295,\"commentCount\":0,\"publisher\":{\"@id\":\"https:\\\/\\\/informelitoral.com.ar\\\/#organization\"},\"image\":{\"@id\":\"https:\\\/\\\/informelitoral.com.ar\\\/el-89-del-trigo-sembrado-en-entre-rios-presenta-buena-condicion\\\/#primaryimage\"},\"thumbnailUrl\":\"https:\\\/\\\/informelitoral.com.ar\\\/%77%70%2d%63%6f%6e%74%65%6e%74\\\/uploads\\\/2022\\\/09\\\/trigo-campo-696x464-1.jpg\",\"keywords\":[\"Soja\"],\"articleSection\":[\"Campo\"],\"inLanguage\":\"es\",\"potentialAction\":[{\"@type\":\"CommentAction\",\"name\":\"Comment\",\"target\":[\"https:\\\/\\\/informelitoral.com.ar\\\/el-89-del-trigo-sembrado-en-entre-rios-presenta-buena-condicion\\\/#respond\"]}]},{\"@type\":\"WebPage\",\"@id\":\"https:\\\/\\\/informelitoral.com.ar\\\/el-89-del-trigo-sembrado-en-entre-rios-presenta-buena-condicion\\\/\",\"url\":\"https:\\\/\\\/informelitoral.com.ar\\\/el-89-del-trigo-sembrado-en-entre-rios-presenta-buena-condicion\\\/\",\"name\":\"El 89% del trigo sembrado en Entre R\u00edos presenta buena condici\u00f3n - Informe Litoral\",\"isPartOf\":{\"@id\":\"https:\\\/\\\/informelitoral.com.ar\\\/#website\"},\"primaryImageOfPage\":{\"@id\":\"https:\\\/\\\/informelitoral.com.ar\\\/el-89-del-trigo-sembrado-en-entre-rios-presenta-buena-condicion\\\/#primaryimage\"},\"image\":{\"@id\":\"https:\\\/\\\/informelitoral.com.ar\\\/el-89-del-trigo-sembrado-en-entre-rios-presenta-buena-condicion\\\/#primaryimage\"},\"thumbnailUrl\":\"https:\\\/\\\/informelitoral.com.ar\\\/%77%70%2d%63%6f%6e%74%65%6e%74\\\/uploads\\\/2022\\\/09\\\/trigo-campo-696x464-1.jpg\",\"datePublished\":\"2022-09-09T12:04:34+00:00\",\"dateModified\":\"2022-09-09T12:04:46+00:00\",\"breadcrumb\":{\"@id\":\"https:\\\/\\\/informelitoral.com.ar\\\/el-89-del-trigo-sembrado-en-entre-rios-presenta-buena-condicion\\\/#breadcrumb\"},\"inLanguage\":\"es\",\"potentialAction\":[{\"@type\":\"ReadAction\",\"target\":[\"https:\\\/\\\/informelitoral.com.ar\\\/el-89-del-trigo-sembrado-en-entre-rios-presenta-buena-condicion\\\/\"]}]},{\"@type\":\"ImageObject\",\"inLanguage\":\"es\",\"@id\":\"https:\\\/\\\/informelitoral.com.ar\\\/el-89-del-trigo-sembrado-en-entre-rios-presenta-buena-condicion\\\/#primaryimage\",\"url\":\"https:\\\/\\\/informelitoral.com.ar\\\/%77%70%2d%63%6f%6e%74%65%6e%74\\\/uploads\\\/2022\\\/09\\\/trigo-campo-696x464-1.jpg\",\"contentUrl\":\"https:\\\/\\\/informelitoral.com.ar\\\/%77%70%2d%63%6f%6e%74%65%6e%74\\\/uploads\\\/2022\\\/09\\\/trigo-campo-696x464-1.jpg\",\"width\":696,\"height\":464},{\"@type\":\"BreadcrumbList\",\"@id\":\"https:\\\/\\\/informelitoral.com.ar\\\/el-89-del-trigo-sembrado-en-entre-rios-presenta-buena-condicion\\\/#breadcrumb\",\"itemListElement\":[{\"@type\":\"ListItem\",\"position\":1,\"name\":\"Portada\",\"item\":\"https:\\\/\\\/informelitoral.com.ar\\\/\"},{\"@type\":\"ListItem\",\"position\":2,\"name\":\"El 89% del trigo sembrado en Entre R\u00edos presenta buena condici\u00f3n\"}]},{\"@type\":\"WebSite\",\"@id\":\"https:\\\/\\\/informelitoral.com.ar\\\/#website\",\"url\":\"https:\\\/\\\/informelitoral.com.ar\\\/\",\"name\":\"Informe Litoral\",\"description\":\"&quot;Nos informamos&quot; \",\"publisher\":{\"@id\":\"https:\\\/\\\/informelitoral.com.ar\\\/#organization\"},\"potentialAction\":[{\"@type\":\"SearchAction\",\"target\":{\"@type\":\"EntryPoint\",\"urlTemplate\":\"https:\\\/\\\/informelitoral.com.ar\\\/?s={search_term_string}\"},\"query-input\":{\"@type\":\"PropertyValueSpecification\",\"valueRequired\":true,\"valueName\":\"search_term_string\"}}],\"inLanguage\":\"es\"},{\"@type\":\"Organization\",\"@id\":\"https:\\\/\\\/informelitoral.com.ar\\\/#organization\",\"name\":\"Informe Litoral\",\"url\":\"https:\\\/\\\/informelitoral.com.ar\\\/\",\"logo\":{\"@type\":\"ImageObject\",\"inLanguage\":\"es\",\"@id\":\"https:\\\/\\\/informelitoral.com.ar\\\/#\\\/schema\\\/logo\\\/image\\\/\",\"url\":\"https:\\\/\\\/informelitoral.com.ar\\\/%77%70%2d%63%6f%6e%74%65%6e%74\\\/uploads\\\/2021\\\/01\\\/circulo.png\",\"contentUrl\":\"https:\\\/\\\/informelitoral.com.ar\\\/%77%70%2d%63%6f%6e%74%65%6e%74\\\/uploads\\\/2021\\\/01\\\/circulo.png\",\"width\":723,\"height\":731,\"caption\":\"Informe Litoral\"},\"image\":{\"@id\":\"https:\\\/\\\/informelitoral.com.ar\\\/#\\\/schema\\\/logo\\\/image\\\/\"},\"sameAs\":[\"https:\\\/\\\/www.facebook.com\\\/informelitoral\\\/\",\"https:\\\/\\\/x.com\\\/InformeLitoral\",\"https:\\\/\\\/www.instagram.com\\\/informelitoral\\\/\",\"https:\\\/\\\/www.youtube.com\\\/channel\\\/UCua4Qvz8Icb6MYqhoq9xLXw\"]},{\"@type\":\"Person\",\"@id\":\"https:\\\/\\\/informelitoral.com.ar\\\/#\\\/schema\\\/person\\\/f05f9f461677119578717524b127d6d5\",\"name\":\"Sebastian\",\"image\":{\"@type\":\"ImageObject\",\"inLanguage\":\"es\",\"@id\":\"https:\\\/\\\/secure.gravatar.com\\\/avatar\\\/b71bf7481d447dfb9583c7f2798e7cc64de6efb9067b74633ed8c31059a3bd82?s=96&d=mm&r=g\",\"url\":\"https:\\\/\\\/secure.gravatar.com\\\/avatar\\\/b71bf7481d447dfb9583c7f2798e7cc64de6efb9067b74633ed8c31059a3bd82?s=96&d=mm&r=g\",\"contentUrl\":\"https:\\\/\\\/secure.gravatar.com\\\/avatar\\\/b71bf7481d447dfb9583c7f2798e7cc64de6efb9067b74633ed8c31059a3bd82?s=96&d=mm&r=g\",\"caption\":\"Sebastian\"},\"url\":\"https:\\\/\\\/informelitoral.com.ar\\\/author\\\/sebastian\\\/\"}]}<\/script>","yoast_head_json":{"title":"El 89% del trigo sembrado en Entre R\u00edos presenta buena condici\u00f3n - Informe Litoral","robots":{"index":"index","follow":"follow","max-snippet":"max-snippet:-1","max-image-preview":"max-image-preview:large","max-video-preview":"max-video-preview:-1"},"canonical":"https:\/\/informelitoral.com.ar\/el-89-del-trigo-sembrado-en-entre-rios-presenta-buena-condicion\/","og_locale":"es_ES","og_type":"article","og_title":"El 89% del trigo sembrado en Entre R\u00edos presenta buena condici\u00f3n - Informe Litoral","og_description":"Unas 445.000 hect\u00e1reas sembradas con trigo en la provincia de Entre R\u00edos presentan entre buena y muy buena condici\u00f3n fenol\u00f3gica, el 89 por ciento de las 500.000 sembradas en el ciclo agr\u00edcola 2021\/22, inform\u00f3 la Bolsa de Cereales.","og_url":"https:\/\/informelitoral.com.ar\/el-89-del-trigo-sembrado-en-entre-rios-presenta-buena-condicion\/","og_site_name":"Informe Litoral","article_publisher":"https:\/\/www.facebook.com\/informelitoral\/","article_published_time":"2022-09-09T12:04:34+00:00","article_modified_time":"2022-09-09T12:04:46+00:00","og_image":[{"width":696,"height":464,"url":"https:\/\/informelitoral.com.ar\/%77%70%2d%63%6f%6e%74%65%6e%74\/uploads\/2022\/09\/trigo-campo-696x464-1.jpg","type":"image\/jpeg"}],"author":"Sebastian","twitter_card":"summary_large_image","twitter_creator":"@InformeLitoral","twitter_site":"@InformeLitoral","twitter_misc":{"Escrito por":"Sebastian","Tiempo de lectura":"1 minuto"},"schema":{"@context":"https:\/\/schema.org","@graph":[{"@type":"Article","@id":"https:\/\/informelitoral.com.ar\/el-89-del-trigo-sembrado-en-entre-rios-presenta-buena-condicion\/#article","isPartOf":{"@id":"https:\/\/informelitoral.com.ar\/el-89-del-trigo-sembrado-en-entre-rios-presenta-buena-condicion\/"},"author":{"name":"Sebastian","@id":"https:\/\/informelitoral.com.ar\/#\/schema\/person\/f05f9f461677119578717524b127d6d5"},"headline":"El 89% del trigo sembrado en Entre R\u00edos presenta buena condici\u00f3n","datePublished":"2022-09-09T12:04:34+00:00","dateModified":"2022-09-09T12:04:46+00:00","mainEntityOfPage":{"@id":"https:\/\/informelitoral.com.ar\/el-89-del-trigo-sembrado-en-entre-rios-presenta-buena-condicion\/"},"wordCount":295,"commentCount":0,"publisher":{"@id":"https:\/\/informelitoral.com.ar\/#organization"},"image":{"@id":"https:\/\/informelitoral.com.ar\/el-89-del-trigo-sembrado-en-entre-rios-presenta-buena-condicion\/#primaryimage"},"thumbnailUrl":"https:\/\/informelitoral.com.ar\/%77%70%2d%63%6f%6e%74%65%6e%74\/uploads\/2022\/09\/trigo-campo-696x464-1.jpg","keywords":["Soja"],"articleSection":["Campo"],"inLanguage":"es","potentialAction":[{"@type":"CommentAction","name":"Comment","target":["https:\/\/informelitoral.com.ar\/el-89-del-trigo-sembrado-en-entre-rios-presenta-buena-condicion\/#respond"]}]},{"@type":"WebPage","@id":"https:\/\/informelitoral.com.ar\/el-89-del-trigo-sembrado-en-entre-rios-presenta-buena-condicion\/","url":"https:\/\/informelitoral.com.ar\/el-89-del-trigo-sembrado-en-entre-rios-presenta-buena-condicion\/","name":"El 89% del trigo sembrado en Entre R\u00edos presenta buena condici\u00f3n - Informe Litoral","isPartOf":{"@id":"https:\/\/informelitoral.com.ar\/#website"},"primaryImageOfPage":{"@id":"https:\/\/informelitoral.com.ar\/el-89-del-trigo-sembrado-en-entre-rios-presenta-buena-condicion\/#primaryimage"},"image":{"@id":"https:\/\/informelitoral.com.ar\/el-89-del-trigo-sembrado-en-entre-rios-presenta-buena-condicion\/#primaryimage"},"thumbnailUrl":"https:\/\/informelitoral.com.ar\/%77%70%2d%63%6f%6e%74%65%6e%74\/uploads\/2022\/09\/trigo-campo-696x464-1.jpg","datePublished":"2022-09-09T12:04:34+00:00","dateModified":"2022-09-09T12:04:46+00:00","breadcrumb":{"@id":"https:\/\/informelitoral.com.ar\/el-89-del-trigo-sembrado-en-entre-rios-presenta-buena-condicion\/#breadcrumb"},"inLanguage":"es","potentialAction":[{"@type":"ReadAction","target":["https:\/\/informelitoral.com.ar\/el-89-del-trigo-sembrado-en-entre-rios-presenta-buena-condicion\/"]}]},{"@type":"ImageObject","inLanguage":"es","@id":"https:\/\/informelitoral.com.ar\/el-89-del-trigo-sembrado-en-entre-rios-presenta-buena-condicion\/#primaryimage","url":"https:\/\/informelitoral.com.ar\/%77%70%2d%63%6f%6e%74%65%6e%74\/uploads\/2022\/09\/trigo-campo-696x464-1.jpg","contentUrl":"https:\/\/informelitoral.com.ar\/%77%70%2d%63%6f%6e%74%65%6e%74\/uploads\/2022\/09\/trigo-campo-696x464-1.jpg","width":696,"height":464},{"@type":"BreadcrumbList","@id":"https:\/\/informelitoral.com.ar\/el-89-del-trigo-sembrado-en-entre-rios-presenta-buena-condicion\/#breadcrumb","itemListElement":[{"@type":"ListItem","position":1,"name":"Portada","item":"https:\/\/informelitoral.com.ar\/"},{"@type":"ListItem","position":2,"name":"El 89% del trigo sembrado en Entre R\u00edos presenta buena condici\u00f3n"}]},{"@type":"WebSite","@id":"https:\/\/informelitoral.com.ar\/#website","url":"https:\/\/informelitoral.com.ar\/","name":"Informe Litoral","description":"&quot;Nos informamos&quot; ","publisher":{"@id":"https:\/\/informelitoral.com.ar\/#organization"},"potentialAction":[{"@type":"SearchAction","target":{"@type":"EntryPoint","urlTemplate":"https:\/\/informelitoral.com.ar\/?s={search_term_string}"},"query-input":{"@type":"PropertyValueSpecification","valueRequired":true,"valueName":"search_term_string"}}],"inLanguage":"es"},{"@type":"Organization","@id":"https:\/\/informelitoral.com.ar\/#organization","name":"Informe Litoral","url":"https:\/\/informelitoral.com.ar\/","logo":{"@type":"ImageObject","inLanguage":"es","@id":"https:\/\/informelitoral.com.ar\/#\/schema\/logo\/image\/","url":"https:\/\/informelitoral.com.ar\/%77%70%2d%63%6f%6e%74%65%6e%74\/uploads\/2021\/01\/circulo.png","contentUrl":"https:\/\/informelitoral.com.ar\/%77%70%2d%63%6f%6e%74%65%6e%74\/uploads\/2021\/01\/circulo.png","width":723,"height":731,"caption":"Informe Litoral"},"image":{"@id":"https:\/\/informelitoral.com.ar\/#\/schema\/logo\/image\/"},"sameAs":["https:\/\/www.facebook.com\/informelitoral\/","https:\/\/x.com\/InformeLitoral","https:\/\/www.instagram.com\/informelitoral\/","https:\/\/www.youtube.com\/channel\/UCua4Qvz8Icb6MYqhoq9xLXw"]},{"@type":"Person","@id":"https:\/\/informelitoral.com.ar\/#\/schema\/person\/f05f9f461677119578717524b127d6d5","name":"Sebastian","image":{"@type":"ImageObject","inLanguage":"es","@id":"https:\/\/secure.gravatar.com\/avatar\/b71bf7481d447dfb9583c7f2798e7cc64de6efb9067b74633ed8c31059a3bd82?s=96&d=mm&r=g","url":"https:\/\/secure.gravatar.com\/avatar\/b71bf7481d447dfb9583c7f2798e7cc64de6efb9067b74633ed8c31059a3bd82?s=96&d=mm&r=g","contentUrl":"https:\/\/secure.gravatar.com\/avatar\/b71bf7481d447dfb9583c7f2798e7cc64de6efb9067b74633ed8c31059a3bd82?s=96&d=mm&r=g","caption":"Sebastian"},"url":"https:\/\/informelitoral.com.ar\/author\/sebastian\/"}]}},"_links":{"self":[{"href":"https:\/\/informelitoral.com.ar\/%77%70%2d%6a%73%6f%6e\/wp\/v2\/posts\/86083","targetHints":{"allow":["GET"]}}],"collection":[{"href":"https:\/\/informelitoral.com.ar\/%77%70%2d%6a%73%6f%6e\/wp\/v2\/posts"}],"about":[{"href":"https:\/\/informelitoral.com.ar\/%77%70%2d%6a%73%6f%6e\/wp\/v2\/types\/post"}],"author":[{"embeddable":true,"href":"https:\/\/informelitoral.com.ar\/%77%70%2d%6a%73%6f%6e\/wp\/v2\/users\/8"}],"replies":[{"embeddable":true,"href":"https:\/\/informelitoral.com.ar\/%77%70%2d%6a%73%6f%6e\/wp\/v2\/comments?post=86083"}],"version-history":[{"count":0,"href":"https:\/\/informelitoral.com.ar\/%77%70%2d%6a%73%6f%6e\/wp\/v2\/posts\/86083\/revisions"}],"wp:featuredmedia":[{"embeddable":true,"href":"https:\/\/informelitoral.com.ar\/%77%70%2d%6a%73%6f%6e\/wp\/v2\/media\/86084"}],"wp:attachment":[{"href":"https:\/\/informelitoral.com.ar\/%77%70%2d%6a%73%6f%6e\/wp\/v2\/media?parent=86083"}],"wp:term":[{"taxonomy":"category","embeddable":true,"href":"https:\/\/informelitoral.com.ar\/%77%70%2d%6a%73%6f%6e\/wp\/v2\/categories?post=86083"},{"taxonomy":"post_tag","embeddable":true,"href":"https:\/\/informelitoral.com.ar\/%77%70%2d%6a%73%6f%6e\/wp\/v2\/tags?post=86083"}],"curies":[{"name":"wp","href":"https:\/\/api.w.org\/{rel}","templated":true}]}}