{"id":86077,"date":"2022-09-09T09:00:35","date_gmt":"2022-09-09T12:00:35","guid":{"rendered":"https:\/\/www.informelitoral.com.ar\/?p=86077"},"modified":"2022-09-09T09:00:35","modified_gmt":"2022-09-09T12:00:35","slug":"boca-juniors-vs-river-plate-luis-advincula-y-carlos-zambrano-serian-titulares-en-el-clasico-argentino","status":"publish","type":"post","link":"https:\/\/informelitoral.com.ar\/boca-juniors-vs-river-plate-luis-advincula-y-carlos-zambrano-serian-titulares-en-el-clasico-argentino\/","title":{"rendered":"Boca Juniors vs River Plate: Luis Adv\u00edncula y Carlos Zambrano ser\u00edan titulares en el cl\u00e1sico argentino"},"content":{"rendered":"<p class=\"paragraph\"><b>Boca Juniors vs River Plate<\/b>: los peruanos\u00a0Luis Adv\u00edncula\u00a0y\u00a0Carlos Zambrano\u00a0han sido consideraros por el estratega\u00a0<b>Hugo Ibarra<\/b>\u00a0en el posible equipo titular del \u2018<i>xeneize<\/i>\u2019 que enfrentar\u00e1 al club \u2018<i>millonario<\/i>\u2019 por el supercl\u00e1sico del f\u00fatbol argentino que se disputar\u00e1 en el\u00a0<b>Estadio de la<\/b><i><b>\u00a0\u2018Bombonera\u2019\u00a0<\/b><\/i>por la jornada 18 de la\u00a0<b>Liga Profesional de Argentina.<\/b><\/p>\n<p class=\"paragraph\">El t\u00e9cnico\u00a0<i>\u2018xeneize\u2019\u00a0<\/i>inici\u00f3 los entrenamientos de preparaci\u00f3n para el encuentro antes los\u00a0<i>\u2018millonarios\u2019<\/i>\u00a0y seleccion\u00f3 a sus once jugadores, y dentro de los escogidos, consider\u00f3 a los peruanos como parte de su l\u00ednea defensiva.<\/p>\n<p class=\"paragraph\">El\u00a0<i>\u2018Le\u00f3n\u2019<\/i>\u00a0volvi\u00f3 al esquema principal en las pr\u00e1cticas luego de la repentina lesi\u00f3n de\u00a0<b>Marcos Rojos<\/b>\u00a0que no pudo terminar los trabajos un d\u00eda antes debido a un duro golpe con uno de sus compa\u00f1eros. El central tuvo que dejar las instalaciones de\u00a0<b>Ezeiza<\/b>\u00a0para ser evaluado ya que todo parece indicar que se perder\u00eda el encuentro ante\u00a0<b>River<\/b>. Mientras que el\u00a0<i>\u2018Rayo\u2019\u00a0<\/i>vuelve a estar en el equipo titular tras su ausencia en el duelo ante Col\u00f3n en la \u00faltima fecha de la liga.<\/p>\n<p class=\"paragraph\">Este es el equipo titular que par\u00f3 el estratega del<i>\u00a0\u2018azul y oro\u2019<\/i>\u00a0pensando en el encuentro ante\u00a0<i>\u2018la banda\u2019<\/i>:\u00a0<b>Agust\u00edn Rossi; Luis Adv\u00edncula, Carlos Zambrano, Nicol\u00e1s Figal, Frank Fabra; Pol Fern\u00e1ndez, Alan Varela, Mart\u00edn Payero; Luca Langoni, Dar\u00edo Benedetto y Norberto Briasco.<\/b><\/p>\n<p class=\"paragraph\">El partido entre\u00a0<b>Boca Juniors<\/b>\u00a0y\u00a0<b>River Plate<\/b>\u00a0se jugar\u00e1 este domingo 11 de setiembre a las 15:00 horas (de Per\u00fa) por la jornada 18 de la LPF. Ambas escuadras llegan en igualdad de condiciones ya que en la\u00a0<b>tabla de posiciones<\/b>\u00a0solo las separan la diferencia de goles. Los<i>\u00a0\u2018millonarios\u2019\u00a0<\/i>se ubican en el quinto lugar con 29 puntos, mientras que los<i>\u00a0\u2018xeneizes\u2019<\/i>\u00a0est\u00e1n en la sexta posici\u00f3n con la misma cantidad de unidades.<\/p>\n<h4 class=\"header\"><strong>Zambrano y Benedetto entrenaron juntos<\/strong><\/h4>\n<p class=\"paragraph\">Han pasado semanas desde la pelea entre\u00a0<b>Carlos Zambrano<\/b>\u00a0y\u00a0<b>Dar\u00edo Benedetto\u00a0<\/b>que caus\u00f3 pol\u00e9mico dentro de la instituci\u00f3n de Boca Juniors y en el f\u00fatbol argentino. Los futbolistas discutieron en el medio tiempo del encuentro ante el\u00a0<b>Racing de Avellaneda\u00a0<\/b>y todo parec\u00eda indicar que la interna\u00a0<i>\u2018xeneize\u2019<\/i>\u00a0estaba pasando malos momentos.<\/p>\n<p class=\"paragraph\">Parece que el ambiente se ha calmado en tienda<i>\u00a0\u2018azul y dorado\u2019<\/i>\u00a0ya que los medios de comunicaci\u00f3n mostraron im\u00e1genes en los que se aprecia que ambos jugadores han mejorado su relaci\u00f3n y han entrenado como pareja en la preparaci\u00f3n previa al duelo ante\u00a0<b>River Plate<\/b>.<\/p>\n<p class=\"paragraph\">En un peque\u00f1o compacto audiovisual se pueden observar a los futbolistas realizando diferentes sesiones de calentamiento. El\u00a0<i>\u2018Le\u00f3n\u2019<\/i>\u00a0le tiraba el esf\u00e9rico al<i>\u00a0\u2018Pipa\u2019<\/i> mientras los dos estiraban sus piernas con una banda de resistencia.(<em>Infobae<\/em>)<\/p>\n","protected":false},"excerpt":{"rendered":"<p>Los \u2018xeneizes\u2019 y el cuadro \u2018millonario\u2019 se enfrentar\u00e1n por la 18 de la Liga Profesional Argentina.<\/p>\n","protected":false},"author":8,"featured_media":86080,"comment_status":"open","ping_status":"open","sticky":false,"template":"","format":"standard","meta":{"fifu_image_url":"","fifu_image_alt":"","footnotes":""},"categories":[13],"tags":[3528],"class_list":{"0":"post-86077","1":"post","2":"type-post","3":"status-publish","4":"format-standard","5":"has-post-thumbnail","7":"category-deportes","8":"tag-river-plate"},"yoast_head":"<title>Boca Juniors vs River Plate: Luis Adv\u00edncula y Carlos Zambrano ser\u00edan titulares en el cl\u00e1sico argentino - Informe Litoral<\/title>\n<meta name=\"robots\" content=\"index, follow, max-snippet:-1, max-image-preview:large, max-video-preview:-1\" \/>\n<link rel=\"canonical\" href=\"https:\/\/informelitoral.com.ar\/boca-juniors-vs-river-plate-luis-advincula-y-carlos-zambrano-serian-titulares-en-el-clasico-argentino\/\" \/>\n<meta property=\"og:locale\" content=\"es_ES\" \/>\n<meta property=\"og:type\" content=\"article\" \/>\n<meta property=\"og:title\" content=\"Boca Juniors vs River Plate: Luis Adv\u00edncula y Carlos Zambrano ser\u00edan titulares en el cl\u00e1sico argentino - Informe Litoral\" \/>\n<meta property=\"og:description\" content=\"Los \u2018xeneizes\u2019 y el cuadro \u2018millonario\u2019 se enfrentar\u00e1n por la 18 de la Liga Profesional Argentina.\" \/>\n<meta property=\"og:url\" content=\"https:\/\/informelitoral.com.ar\/boca-juniors-vs-river-plate-luis-advincula-y-carlos-zambrano-serian-titulares-en-el-clasico-argentino\/\" \/>\n<meta property=\"og:site_name\" content=\"Informe Litoral\" \/>\n<meta property=\"article:publisher\" content=\"https:\/\/www.facebook.com\/informelitoral\/\" \/>\n<meta property=\"article:published_time\" content=\"2022-09-09T12:00:35+00:00\" \/>\n<meta property=\"og:image\" content=\"https:\/\/informelitoral.com.ar\/%77%70%2d%63%6f%6e%74%65%6e%74\/uploads\/2022\/09\/J6C353FJOZGIDIGFHD5QNNVYEI.jpg\" \/>\n\t<meta property=\"og:image:width\" content=\"580\" \/>\n\t<meta property=\"og:image:height\" content=\"330\" \/>\n\t<meta property=\"og:image:type\" content=\"image\/jpeg\" \/>\n<meta name=\"author\" content=\"Sebastian\" \/>\n<meta name=\"twitter:card\" content=\"summary_large_image\" \/>\n<meta name=\"twitter:creator\" content=\"@InformeLitoral\" \/>\n<meta name=\"twitter:site\" content=\"@InformeLitoral\" \/>\n<meta name=\"twitter:label1\" content=\"Escrito por\" \/>\n\t<meta name=\"twitter:data1\" content=\"Sebastian\" \/>\n\t<meta name=\"twitter:label2\" content=\"Tiempo de lectura\" \/>\n\t<meta name=\"twitter:data2\" content=\"2 minutos\" \/>\n<script type=\"application\/ld+json\" class=\"yoast-schema-graph\">{\"@context\":\"https:\\\/\\\/schema.org\",\"@graph\":[{\"@type\":\"Article\",\"@id\":\"https:\\\/\\\/informelitoral.com.ar\\\/boca-juniors-vs-river-plate-luis-advincula-y-carlos-zambrano-serian-titulares-en-el-clasico-argentino\\\/#article\",\"isPartOf\":{\"@id\":\"https:\\\/\\\/informelitoral.com.ar\\\/boca-juniors-vs-river-plate-luis-advincula-y-carlos-zambrano-serian-titulares-en-el-clasico-argentino\\\/\"},\"author\":{\"name\":\"Sebastian\",\"@id\":\"https:\\\/\\\/informelitoral.com.ar\\\/#\\\/schema\\\/person\\\/f05f9f461677119578717524b127d6d5\"},\"headline\":\"Boca Juniors vs River Plate: Luis Adv\u00edncula y Carlos Zambrano ser\u00edan titulares en el cl\u00e1sico argentino\",\"datePublished\":\"2022-09-09T12:00:35+00:00\",\"mainEntityOfPage\":{\"@id\":\"https:\\\/\\\/informelitoral.com.ar\\\/boca-juniors-vs-river-plate-luis-advincula-y-carlos-zambrano-serian-titulares-en-el-clasico-argentino\\\/\"},\"wordCount\":483,\"commentCount\":0,\"publisher\":{\"@id\":\"https:\\\/\\\/informelitoral.com.ar\\\/#organization\"},\"image\":{\"@id\":\"https:\\\/\\\/informelitoral.com.ar\\\/boca-juniors-vs-river-plate-luis-advincula-y-carlos-zambrano-serian-titulares-en-el-clasico-argentino\\\/#primaryimage\"},\"thumbnailUrl\":\"https:\\\/\\\/informelitoral.com.ar\\\/%77%70%2d%63%6f%6e%74%65%6e%74\\\/uploads\\\/2022\\\/09\\\/J6C353FJOZGIDIGFHD5QNNVYEI.jpg\",\"keywords\":[\"River Plate\"],\"articleSection\":[\"Deportes\"],\"inLanguage\":\"es\",\"potentialAction\":[{\"@type\":\"CommentAction\",\"name\":\"Comment\",\"target\":[\"https:\\\/\\\/informelitoral.com.ar\\\/boca-juniors-vs-river-plate-luis-advincula-y-carlos-zambrano-serian-titulares-en-el-clasico-argentino\\\/#respond\"]}]},{\"@type\":\"WebPage\",\"@id\":\"https:\\\/\\\/informelitoral.com.ar\\\/boca-juniors-vs-river-plate-luis-advincula-y-carlos-zambrano-serian-titulares-en-el-clasico-argentino\\\/\",\"url\":\"https:\\\/\\\/informelitoral.com.ar\\\/boca-juniors-vs-river-plate-luis-advincula-y-carlos-zambrano-serian-titulares-en-el-clasico-argentino\\\/\",\"name\":\"Boca Juniors vs River Plate: Luis Adv\u00edncula y Carlos Zambrano ser\u00edan titulares en el cl\u00e1sico argentino - Informe Litoral\",\"isPartOf\":{\"@id\":\"https:\\\/\\\/informelitoral.com.ar\\\/#website\"},\"primaryImageOfPage\":{\"@id\":\"https:\\\/\\\/informelitoral.com.ar\\\/boca-juniors-vs-river-plate-luis-advincula-y-carlos-zambrano-serian-titulares-en-el-clasico-argentino\\\/#primaryimage\"},\"image\":{\"@id\":\"https:\\\/\\\/informelitoral.com.ar\\\/boca-juniors-vs-river-plate-luis-advincula-y-carlos-zambrano-serian-titulares-en-el-clasico-argentino\\\/#primaryimage\"},\"thumbnailUrl\":\"https:\\\/\\\/informelitoral.com.ar\\\/%77%70%2d%63%6f%6e%74%65%6e%74\\\/uploads\\\/2022\\\/09\\\/J6C353FJOZGIDIGFHD5QNNVYEI.jpg\",\"datePublished\":\"2022-09-09T12:00:35+00:00\",\"breadcrumb\":{\"@id\":\"https:\\\/\\\/informelitoral.com.ar\\\/boca-juniors-vs-river-plate-luis-advincula-y-carlos-zambrano-serian-titulares-en-el-clasico-argentino\\\/#breadcrumb\"},\"inLanguage\":\"es\",\"potentialAction\":[{\"@type\":\"ReadAction\",\"target\":[\"https:\\\/\\\/informelitoral.com.ar\\\/boca-juniors-vs-river-plate-luis-advincula-y-carlos-zambrano-serian-titulares-en-el-clasico-argentino\\\/\"]}]},{\"@type\":\"ImageObject\",\"inLanguage\":\"es\",\"@id\":\"https:\\\/\\\/informelitoral.com.ar\\\/boca-juniors-vs-river-plate-luis-advincula-y-carlos-zambrano-serian-titulares-en-el-clasico-argentino\\\/#primaryimage\",\"url\":\"https:\\\/\\\/informelitoral.com.ar\\\/%77%70%2d%63%6f%6e%74%65%6e%74\\\/uploads\\\/2022\\\/09\\\/J6C353FJOZGIDIGFHD5QNNVYEI.jpg\",\"contentUrl\":\"https:\\\/\\\/informelitoral.com.ar\\\/%77%70%2d%63%6f%6e%74%65%6e%74\\\/uploads\\\/2022\\\/09\\\/J6C353FJOZGIDIGFHD5QNNVYEI.jpg\",\"width\":580,\"height\":330},{\"@type\":\"BreadcrumbList\",\"@id\":\"https:\\\/\\\/informelitoral.com.ar\\\/boca-juniors-vs-river-plate-luis-advincula-y-carlos-zambrano-serian-titulares-en-el-clasico-argentino\\\/#breadcrumb\",\"itemListElement\":[{\"@type\":\"ListItem\",\"position\":1,\"name\":\"Portada\",\"item\":\"https:\\\/\\\/informelitoral.com.ar\\\/\"},{\"@type\":\"ListItem\",\"position\":2,\"name\":\"Boca Juniors vs River Plate: Luis Adv\u00edncula y Carlos Zambrano ser\u00edan titulares en el cl\u00e1sico argentino\"}]},{\"@type\":\"WebSite\",\"@id\":\"https:\\\/\\\/informelitoral.com.ar\\\/#website\",\"url\":\"https:\\\/\\\/informelitoral.com.ar\\\/\",\"name\":\"Informe Litoral\",\"description\":\"&quot;Nos informamos&quot; \",\"publisher\":{\"@id\":\"https:\\\/\\\/informelitoral.com.ar\\\/#organization\"},\"potentialAction\":[{\"@type\":\"SearchAction\",\"target\":{\"@type\":\"EntryPoint\",\"urlTemplate\":\"https:\\\/\\\/informelitoral.com.ar\\\/?s={search_term_string}\"},\"query-input\":{\"@type\":\"PropertyValueSpecification\",\"valueRequired\":true,\"valueName\":\"search_term_string\"}}],\"inLanguage\":\"es\"},{\"@type\":\"Organization\",\"@id\":\"https:\\\/\\\/informelitoral.com.ar\\\/#organization\",\"name\":\"Informe Litoral\",\"url\":\"https:\\\/\\\/informelitoral.com.ar\\\/\",\"logo\":{\"@type\":\"ImageObject\",\"inLanguage\":\"es\",\"@id\":\"https:\\\/\\\/informelitoral.com.ar\\\/#\\\/schema\\\/logo\\\/image\\\/\",\"url\":\"https:\\\/\\\/informelitoral.com.ar\\\/%77%70%2d%63%6f%6e%74%65%6e%74\\\/uploads\\\/2021\\\/01\\\/circulo.png\",\"contentUrl\":\"https:\\\/\\\/informelitoral.com.ar\\\/%77%70%2d%63%6f%6e%74%65%6e%74\\\/uploads\\\/2021\\\/01\\\/circulo.png\",\"width\":723,\"height\":731,\"caption\":\"Informe Litoral\"},\"image\":{\"@id\":\"https:\\\/\\\/informelitoral.com.ar\\\/#\\\/schema\\\/logo\\\/image\\\/\"},\"sameAs\":[\"https:\\\/\\\/www.facebook.com\\\/informelitoral\\\/\",\"https:\\\/\\\/x.com\\\/InformeLitoral\",\"https:\\\/\\\/www.instagram.com\\\/informelitoral\\\/\",\"https:\\\/\\\/www.youtube.com\\\/channel\\\/UCua4Qvz8Icb6MYqhoq9xLXw\"]},{\"@type\":\"Person\",\"@id\":\"https:\\\/\\\/informelitoral.com.ar\\\/#\\\/schema\\\/person\\\/f05f9f461677119578717524b127d6d5\",\"name\":\"Sebastian\",\"image\":{\"@type\":\"ImageObject\",\"inLanguage\":\"es\",\"@id\":\"https:\\\/\\\/secure.gravatar.com\\\/avatar\\\/b71bf7481d447dfb9583c7f2798e7cc64de6efb9067b74633ed8c31059a3bd82?s=96&d=mm&r=g\",\"url\":\"https:\\\/\\\/secure.gravatar.com\\\/avatar\\\/b71bf7481d447dfb9583c7f2798e7cc64de6efb9067b74633ed8c31059a3bd82?s=96&d=mm&r=g\",\"contentUrl\":\"https:\\\/\\\/secure.gravatar.com\\\/avatar\\\/b71bf7481d447dfb9583c7f2798e7cc64de6efb9067b74633ed8c31059a3bd82?s=96&d=mm&r=g\",\"caption\":\"Sebastian\"},\"url\":\"https:\\\/\\\/informelitoral.com.ar\\\/author\\\/sebastian\\\/\"}]}<\/script>","yoast_head_json":{"title":"Boca Juniors vs River Plate: Luis Adv\u00edncula y Carlos Zambrano ser\u00edan titulares en el cl\u00e1sico argentino - Informe Litoral","robots":{"index":"index","follow":"follow","max-snippet":"max-snippet:-1","max-image-preview":"max-image-preview:large","max-video-preview":"max-video-preview:-1"},"canonical":"https:\/\/informelitoral.com.ar\/boca-juniors-vs-river-plate-luis-advincula-y-carlos-zambrano-serian-titulares-en-el-clasico-argentino\/","og_locale":"es_ES","og_type":"article","og_title":"Boca Juniors vs River Plate: Luis Adv\u00edncula y Carlos Zambrano ser\u00edan titulares en el cl\u00e1sico argentino - Informe Litoral","og_description":"Los \u2018xeneizes\u2019 y el cuadro \u2018millonario\u2019 se enfrentar\u00e1n por la 18 de la Liga Profesional Argentina.","og_url":"https:\/\/informelitoral.com.ar\/boca-juniors-vs-river-plate-luis-advincula-y-carlos-zambrano-serian-titulares-en-el-clasico-argentino\/","og_site_name":"Informe Litoral","article_publisher":"https:\/\/www.facebook.com\/informelitoral\/","article_published_time":"2022-09-09T12:00:35+00:00","og_image":[{"width":580,"height":330,"url":"https:\/\/informelitoral.com.ar\/%77%70%2d%63%6f%6e%74%65%6e%74\/uploads\/2022\/09\/J6C353FJOZGIDIGFHD5QNNVYEI.jpg","type":"image\/jpeg"}],"author":"Sebastian","twitter_card":"summary_large_image","twitter_creator":"@InformeLitoral","twitter_site":"@InformeLitoral","twitter_misc":{"Escrito por":"Sebastian","Tiempo de lectura":"2 minutos"},"schema":{"@context":"https:\/\/schema.org","@graph":[{"@type":"Article","@id":"https:\/\/informelitoral.com.ar\/boca-juniors-vs-river-plate-luis-advincula-y-carlos-zambrano-serian-titulares-en-el-clasico-argentino\/#article","isPartOf":{"@id":"https:\/\/informelitoral.com.ar\/boca-juniors-vs-river-plate-luis-advincula-y-carlos-zambrano-serian-titulares-en-el-clasico-argentino\/"},"author":{"name":"Sebastian","@id":"https:\/\/informelitoral.com.ar\/#\/schema\/person\/f05f9f461677119578717524b127d6d5"},"headline":"Boca Juniors vs River Plate: Luis Adv\u00edncula y Carlos Zambrano ser\u00edan titulares en el cl\u00e1sico argentino","datePublished":"2022-09-09T12:00:35+00:00","mainEntityOfPage":{"@id":"https:\/\/informelitoral.com.ar\/boca-juniors-vs-river-plate-luis-advincula-y-carlos-zambrano-serian-titulares-en-el-clasico-argentino\/"},"wordCount":483,"commentCount":0,"publisher":{"@id":"https:\/\/informelitoral.com.ar\/#organization"},"image":{"@id":"https:\/\/informelitoral.com.ar\/boca-juniors-vs-river-plate-luis-advincula-y-carlos-zambrano-serian-titulares-en-el-clasico-argentino\/#primaryimage"},"thumbnailUrl":"https:\/\/informelitoral.com.ar\/%77%70%2d%63%6f%6e%74%65%6e%74\/uploads\/2022\/09\/J6C353FJOZGIDIGFHD5QNNVYEI.jpg","keywords":["River Plate"],"articleSection":["Deportes"],"inLanguage":"es","potentialAction":[{"@type":"CommentAction","name":"Comment","target":["https:\/\/informelitoral.com.ar\/boca-juniors-vs-river-plate-luis-advincula-y-carlos-zambrano-serian-titulares-en-el-clasico-argentino\/#respond"]}]},{"@type":"WebPage","@id":"https:\/\/informelitoral.com.ar\/boca-juniors-vs-river-plate-luis-advincula-y-carlos-zambrano-serian-titulares-en-el-clasico-argentino\/","url":"https:\/\/informelitoral.com.ar\/boca-juniors-vs-river-plate-luis-advincula-y-carlos-zambrano-serian-titulares-en-el-clasico-argentino\/","name":"Boca Juniors vs River Plate: Luis Adv\u00edncula y Carlos Zambrano ser\u00edan titulares en el cl\u00e1sico argentino - Informe Litoral","isPartOf":{"@id":"https:\/\/informelitoral.com.ar\/#website"},"primaryImageOfPage":{"@id":"https:\/\/informelitoral.com.ar\/boca-juniors-vs-river-plate-luis-advincula-y-carlos-zambrano-serian-titulares-en-el-clasico-argentino\/#primaryimage"},"image":{"@id":"https:\/\/informelitoral.com.ar\/boca-juniors-vs-river-plate-luis-advincula-y-carlos-zambrano-serian-titulares-en-el-clasico-argentino\/#primaryimage"},"thumbnailUrl":"https:\/\/informelitoral.com.ar\/%77%70%2d%63%6f%6e%74%65%6e%74\/uploads\/2022\/09\/J6C353FJOZGIDIGFHD5QNNVYEI.jpg","datePublished":"2022-09-09T12:00:35+00:00","breadcrumb":{"@id":"https:\/\/informelitoral.com.ar\/boca-juniors-vs-river-plate-luis-advincula-y-carlos-zambrano-serian-titulares-en-el-clasico-argentino\/#breadcrumb"},"inLanguage":"es","potentialAction":[{"@type":"ReadAction","target":["https:\/\/informelitoral.com.ar\/boca-juniors-vs-river-plate-luis-advincula-y-carlos-zambrano-serian-titulares-en-el-clasico-argentino\/"]}]},{"@type":"ImageObject","inLanguage":"es","@id":"https:\/\/informelitoral.com.ar\/boca-juniors-vs-river-plate-luis-advincula-y-carlos-zambrano-serian-titulares-en-el-clasico-argentino\/#primaryimage","url":"https:\/\/informelitoral.com.ar\/%77%70%2d%63%6f%6e%74%65%6e%74\/uploads\/2022\/09\/J6C353FJOZGIDIGFHD5QNNVYEI.jpg","contentUrl":"https:\/\/informelitoral.com.ar\/%77%70%2d%63%6f%6e%74%65%6e%74\/uploads\/2022\/09\/J6C353FJOZGIDIGFHD5QNNVYEI.jpg","width":580,"height":330},{"@type":"BreadcrumbList","@id":"https:\/\/informelitoral.com.ar\/boca-juniors-vs-river-plate-luis-advincula-y-carlos-zambrano-serian-titulares-en-el-clasico-argentino\/#breadcrumb","itemListElement":[{"@type":"ListItem","position":1,"name":"Portada","item":"https:\/\/informelitoral.com.ar\/"},{"@type":"ListItem","position":2,"name":"Boca Juniors vs River Plate: Luis Adv\u00edncula y Carlos Zambrano ser\u00edan titulares en el cl\u00e1sico argentino"}]},{"@type":"WebSite","@id":"https:\/\/informelitoral.com.ar\/#website","url":"https:\/\/informelitoral.com.ar\/","name":"Informe Litoral","description":"&quot;Nos informamos&quot; ","publisher":{"@id":"https:\/\/informelitoral.com.ar\/#organization"},"potentialAction":[{"@type":"SearchAction","target":{"@type":"EntryPoint","urlTemplate":"https:\/\/informelitoral.com.ar\/?s={search_term_string}"},"query-input":{"@type":"PropertyValueSpecification","valueRequired":true,"valueName":"search_term_string"}}],"inLanguage":"es"},{"@type":"Organization","@id":"https:\/\/informelitoral.com.ar\/#organization","name":"Informe Litoral","url":"https:\/\/informelitoral.com.ar\/","logo":{"@type":"ImageObject","inLanguage":"es","@id":"https:\/\/informelitoral.com.ar\/#\/schema\/logo\/image\/","url":"https:\/\/informelitoral.com.ar\/%77%70%2d%63%6f%6e%74%65%6e%74\/uploads\/2021\/01\/circulo.png","contentUrl":"https:\/\/informelitoral.com.ar\/%77%70%2d%63%6f%6e%74%65%6e%74\/uploads\/2021\/01\/circulo.png","width":723,"height":731,"caption":"Informe Litoral"},"image":{"@id":"https:\/\/informelitoral.com.ar\/#\/schema\/logo\/image\/"},"sameAs":["https:\/\/www.facebook.com\/informelitoral\/","https:\/\/x.com\/InformeLitoral","https:\/\/www.instagram.com\/informelitoral\/","https:\/\/www.youtube.com\/channel\/UCua4Qvz8Icb6MYqhoq9xLXw"]},{"@type":"Person","@id":"https:\/\/informelitoral.com.ar\/#\/schema\/person\/f05f9f461677119578717524b127d6d5","name":"Sebastian","image":{"@type":"ImageObject","inLanguage":"es","@id":"https:\/\/secure.gravatar.com\/avatar\/b71bf7481d447dfb9583c7f2798e7cc64de6efb9067b74633ed8c31059a3bd82?s=96&d=mm&r=g","url":"https:\/\/secure.gravatar.com\/avatar\/b71bf7481d447dfb9583c7f2798e7cc64de6efb9067b74633ed8c31059a3bd82?s=96&d=mm&r=g","contentUrl":"https:\/\/secure.gravatar.com\/avatar\/b71bf7481d447dfb9583c7f2798e7cc64de6efb9067b74633ed8c31059a3bd82?s=96&d=mm&r=g","caption":"Sebastian"},"url":"https:\/\/informelitoral.com.ar\/author\/sebastian\/"}]}},"_links":{"self":[{"href":"https:\/\/informelitoral.com.ar\/%77%70%2d%6a%73%6f%6e\/wp\/v2\/posts\/86077","targetHints":{"allow":["GET"]}}],"collection":[{"href":"https:\/\/informelitoral.com.ar\/%77%70%2d%6a%73%6f%6e\/wp\/v2\/posts"}],"about":[{"href":"https:\/\/informelitoral.com.ar\/%77%70%2d%6a%73%6f%6e\/wp\/v2\/types\/post"}],"author":[{"embeddable":true,"href":"https:\/\/informelitoral.com.ar\/%77%70%2d%6a%73%6f%6e\/wp\/v2\/users\/8"}],"replies":[{"embeddable":true,"href":"https:\/\/informelitoral.com.ar\/%77%70%2d%6a%73%6f%6e\/wp\/v2\/comments?post=86077"}],"version-history":[{"count":0,"href":"https:\/\/informelitoral.com.ar\/%77%70%2d%6a%73%6f%6e\/wp\/v2\/posts\/86077\/revisions"}],"wp:featuredmedia":[{"embeddable":true,"href":"https:\/\/informelitoral.com.ar\/%77%70%2d%6a%73%6f%6e\/wp\/v2\/media\/86080"}],"wp:attachment":[{"href":"https:\/\/informelitoral.com.ar\/%77%70%2d%6a%73%6f%6e\/wp\/v2\/media?parent=86077"}],"wp:term":[{"taxonomy":"category","embeddable":true,"href":"https:\/\/informelitoral.com.ar\/%77%70%2d%6a%73%6f%6e\/wp\/v2\/categories?post=86077"},{"taxonomy":"post_tag","embeddable":true,"href":"https:\/\/informelitoral.com.ar\/%77%70%2d%6a%73%6f%6e\/wp\/v2\/tags?post=86077"}],"curies":[{"name":"wp","href":"https:\/\/api.w.org\/{rel}","templated":true}]}}