{"id":86048,"date":"2022-09-09T08:21:04","date_gmt":"2022-09-09T11:21:04","guid":{"rendered":"https:\/\/www.informelitoral.com.ar\/?p=86048"},"modified":"2022-09-09T08:21:04","modified_gmt":"2022-09-09T11:21:04","slug":"la-baja-de-temperatura-se-hace-notar-como-estara-el-tiempo-el-fin-de-semana","status":"publish","type":"post","link":"https:\/\/informelitoral.com.ar\/la-baja-de-temperatura-se-hace-notar-como-estara-el-tiempo-el-fin-de-semana\/","title":{"rendered":"La baja de temperatura se hace notar: c\u00f3mo estar\u00e1 el tiempo el fin de semana"},"content":{"rendered":"<p>Tal como estaba pronosticado, la rotaci\u00f3n de viento al sur que se produjo el jueves por la tarde, trajo consigo un notorio descenso de las temperaturas. Incluso, este viernes a la madrugada, pese a que los registros t\u00e9rmicos en Entre R\u00edos oscilaban entre los siete y 10 grados, las sensaciones t\u00e9rmicas en ciudades como Victoria rondaban los cuatro grados.<\/p>\n<p>El meteor\u00f3logo Alejandro G\u00f3mez, hab\u00eda anticipado\u00a0que los vientos persistir\u00edan en las primeras horas de la ma\u00f1ana de hoy, pero con el avance de la jornada los mismos ir\u00edan disminuyendo.<br \/>\nLas temperaturas m\u00e1ximas no superar\u00edan los 19 grados.<\/p>\n<p><b>Fin de semana<\/b><\/p>\n<p>El s\u00e1bado la ma\u00f1ana ser\u00e1 \u201cfr\u00eda m\u00ednimas con tres o cuatro grados. Probables heladas, no intensas, en zonas suburbanas. Cielo poco nuboso\u201d, con registros t\u00e9rmicos m\u00e1ximos \u201cpor debajo de 20 gados\u201d, adelant\u00f3 el especialista.<\/p>\n<p>Domingo con buenas condiciones: \u201cIncremento temporario de la nubosidad en las primeras horas y temperaturas un poquito m\u00e1s elevadas que el s\u00e1bado a la tarde\u201d, anticip\u00f3 el meteor\u00f3logo.<\/p>\n<p>\u201cLas perspectivas del fin de semana ser\u00edan agradables, con fr\u00edo el s\u00e1bado a la ma\u00f1ana y muy fresco el domingo\u201d, resumi\u00f3.<\/p>\n<p><b>Sin lluvias por muchos d\u00edas<\/b><br \/>\nFinalmente, el pronosticador dijo que el \u201clunes similar estar\u00e1 al domingo con lento aumento de temperaturas. El martes habr\u00eda un peque\u00f1o refuerzo de aire fresco. No se avizoran perspectivas de lluvias en lo inmediato. La inestabilidad reci\u00e9n podr\u00eda darse hacia fines de la semana venidera\u201d, complet\u00f3.<\/p>\n","protected":false},"excerpt":{"rendered":"<p>Producto del fuerte viento del sur, en algunas zonas de Entre R\u00edos las sensaciones t\u00e9rmicas rondaban los cuatro grados este viernes a la madrugada. El s\u00e1bado ser\u00e1 la ma\u00f1ana m\u00e1s fr\u00eda y no hay pron\u00f3stico de lluvias por varias jornadas.<\/p>\n","protected":false},"author":8,"featured_media":86052,"comment_status":"open","ping_status":"open","sticky":false,"template":"","format":"standard","meta":{"fifu_image_url":"","fifu_image_alt":"","footnotes":""},"categories":[6],"tags":[113],"class_list":{"0":"post-86048","1":"post","2":"type-post","3":"status-publish","4":"format-standard","5":"has-post-thumbnail","7":"category-entre-rios","8":"tag-smn"},"yoast_head":"<title>La baja de temperatura se hace notar: c\u00f3mo estar\u00e1 el tiempo el fin de semana - Informe Litoral<\/title>\n<meta name=\"robots\" content=\"index, follow, max-snippet:-1, max-image-preview:large, max-video-preview:-1\" \/>\n<link rel=\"canonical\" href=\"https:\/\/informelitoral.com.ar\/la-baja-de-temperatura-se-hace-notar-como-estara-el-tiempo-el-fin-de-semana\/\" \/>\n<meta property=\"og:locale\" content=\"es_ES\" \/>\n<meta property=\"og:type\" content=\"article\" \/>\n<meta property=\"og:title\" content=\"La baja de temperatura se hace notar: c\u00f3mo estar\u00e1 el tiempo el fin de semana - Informe Litoral\" \/>\n<meta property=\"og:description\" content=\"Producto del fuerte viento del sur, en algunas zonas de Entre R\u00edos las sensaciones t\u00e9rmicas rondaban los cuatro grados este viernes a la madrugada. El s\u00e1bado ser\u00e1 la ma\u00f1ana m\u00e1s fr\u00eda y no hay pron\u00f3stico de lluvias por varias jornadas.\" \/>\n<meta property=\"og:url\" content=\"https:\/\/informelitoral.com.ar\/la-baja-de-temperatura-se-hace-notar-como-estara-el-tiempo-el-fin-de-semana\/\" \/>\n<meta property=\"og:site_name\" content=\"Informe Litoral\" \/>\n<meta property=\"article:publisher\" content=\"https:\/\/www.facebook.com\/informelitoral\/\" \/>\n<meta property=\"article:published_time\" content=\"2022-09-09T11:21:04+00:00\" \/>\n<meta property=\"og:image\" content=\"https:\/\/informelitoral.com.ar\/%77%70%2d%63%6f%6e%74%65%6e%74\/uploads\/2022\/09\/multimedia.normal.841396a0b227fb8f.6672c3ad6f206279204e415f6e6f726d616c2e6a7067.jpg\" \/>\n\t<meta property=\"og:image:width\" content=\"981\" \/>\n\t<meta property=\"og:image:height\" content=\"750\" \/>\n\t<meta property=\"og:image:type\" content=\"image\/jpeg\" \/>\n<meta name=\"author\" content=\"Sebastian\" \/>\n<meta name=\"twitter:card\" content=\"summary_large_image\" \/>\n<meta name=\"twitter:creator\" content=\"@InformeLitoral\" \/>\n<meta name=\"twitter:site\" content=\"@InformeLitoral\" \/>\n<meta name=\"twitter:label1\" content=\"Escrito por\" \/>\n\t<meta name=\"twitter:data1\" content=\"Sebastian\" \/>\n\t<meta name=\"twitter:label2\" content=\"Tiempo de lectura\" \/>\n\t<meta name=\"twitter:data2\" content=\"1 minuto\" \/>\n<script type=\"application\/ld+json\" class=\"yoast-schema-graph\">{\"@context\":\"https:\\\/\\\/schema.org\",\"@graph\":[{\"@type\":\"Article\",\"@id\":\"https:\\\/\\\/informelitoral.com.ar\\\/la-baja-de-temperatura-se-hace-notar-como-estara-el-tiempo-el-fin-de-semana\\\/#article\",\"isPartOf\":{\"@id\":\"https:\\\/\\\/informelitoral.com.ar\\\/la-baja-de-temperatura-se-hace-notar-como-estara-el-tiempo-el-fin-de-semana\\\/\"},\"author\":{\"name\":\"Sebastian\",\"@id\":\"https:\\\/\\\/informelitoral.com.ar\\\/#\\\/schema\\\/person\\\/f05f9f461677119578717524b127d6d5\"},\"headline\":\"La baja de temperatura se hace notar: c\u00f3mo estar\u00e1 el tiempo el fin de semana\",\"datePublished\":\"2022-09-09T11:21:04+00:00\",\"mainEntityOfPage\":{\"@id\":\"https:\\\/\\\/informelitoral.com.ar\\\/la-baja-de-temperatura-se-hace-notar-como-estara-el-tiempo-el-fin-de-semana\\\/\"},\"wordCount\":277,\"commentCount\":0,\"publisher\":{\"@id\":\"https:\\\/\\\/informelitoral.com.ar\\\/#organization\"},\"image\":{\"@id\":\"https:\\\/\\\/informelitoral.com.ar\\\/la-baja-de-temperatura-se-hace-notar-como-estara-el-tiempo-el-fin-de-semana\\\/#primaryimage\"},\"thumbnailUrl\":\"https:\\\/\\\/informelitoral.com.ar\\\/%77%70%2d%63%6f%6e%74%65%6e%74\\\/uploads\\\/2022\\\/09\\\/multimedia.normal.841396a0b227fb8f.6672c3ad6f206279204e415f6e6f726d616c2e6a7067.jpg\",\"keywords\":[\"SMN\"],\"articleSection\":[\"Entre R\u00edos\"],\"inLanguage\":\"es\",\"potentialAction\":[{\"@type\":\"CommentAction\",\"name\":\"Comment\",\"target\":[\"https:\\\/\\\/informelitoral.com.ar\\\/la-baja-de-temperatura-se-hace-notar-como-estara-el-tiempo-el-fin-de-semana\\\/#respond\"]}]},{\"@type\":\"WebPage\",\"@id\":\"https:\\\/\\\/informelitoral.com.ar\\\/la-baja-de-temperatura-se-hace-notar-como-estara-el-tiempo-el-fin-de-semana\\\/\",\"url\":\"https:\\\/\\\/informelitoral.com.ar\\\/la-baja-de-temperatura-se-hace-notar-como-estara-el-tiempo-el-fin-de-semana\\\/\",\"name\":\"La baja de temperatura se hace notar: c\u00f3mo estar\u00e1 el tiempo el fin de semana - Informe Litoral\",\"isPartOf\":{\"@id\":\"https:\\\/\\\/informelitoral.com.ar\\\/#website\"},\"primaryImageOfPage\":{\"@id\":\"https:\\\/\\\/informelitoral.com.ar\\\/la-baja-de-temperatura-se-hace-notar-como-estara-el-tiempo-el-fin-de-semana\\\/#primaryimage\"},\"image\":{\"@id\":\"https:\\\/\\\/informelitoral.com.ar\\\/la-baja-de-temperatura-se-hace-notar-como-estara-el-tiempo-el-fin-de-semana\\\/#primaryimage\"},\"thumbnailUrl\":\"https:\\\/\\\/informelitoral.com.ar\\\/%77%70%2d%63%6f%6e%74%65%6e%74\\\/uploads\\\/2022\\\/09\\\/multimedia.normal.841396a0b227fb8f.6672c3ad6f206279204e415f6e6f726d616c2e6a7067.jpg\",\"datePublished\":\"2022-09-09T11:21:04+00:00\",\"breadcrumb\":{\"@id\":\"https:\\\/\\\/informelitoral.com.ar\\\/la-baja-de-temperatura-se-hace-notar-como-estara-el-tiempo-el-fin-de-semana\\\/#breadcrumb\"},\"inLanguage\":\"es\",\"potentialAction\":[{\"@type\":\"ReadAction\",\"target\":[\"https:\\\/\\\/informelitoral.com.ar\\\/la-baja-de-temperatura-se-hace-notar-como-estara-el-tiempo-el-fin-de-semana\\\/\"]}]},{\"@type\":\"ImageObject\",\"inLanguage\":\"es\",\"@id\":\"https:\\\/\\\/informelitoral.com.ar\\\/la-baja-de-temperatura-se-hace-notar-como-estara-el-tiempo-el-fin-de-semana\\\/#primaryimage\",\"url\":\"https:\\\/\\\/informelitoral.com.ar\\\/%77%70%2d%63%6f%6e%74%65%6e%74\\\/uploads\\\/2022\\\/09\\\/multimedia.normal.841396a0b227fb8f.6672c3ad6f206279204e415f6e6f726d616c2e6a7067.jpg\",\"contentUrl\":\"https:\\\/\\\/informelitoral.com.ar\\\/%77%70%2d%63%6f%6e%74%65%6e%74\\\/uploads\\\/2022\\\/09\\\/multimedia.normal.841396a0b227fb8f.6672c3ad6f206279204e415f6e6f726d616c2e6a7067.jpg\",\"width\":981,\"height\":750},{\"@type\":\"BreadcrumbList\",\"@id\":\"https:\\\/\\\/informelitoral.com.ar\\\/la-baja-de-temperatura-se-hace-notar-como-estara-el-tiempo-el-fin-de-semana\\\/#breadcrumb\",\"itemListElement\":[{\"@type\":\"ListItem\",\"position\":1,\"name\":\"Portada\",\"item\":\"https:\\\/\\\/informelitoral.com.ar\\\/\"},{\"@type\":\"ListItem\",\"position\":2,\"name\":\"La baja de temperatura se hace notar: c\u00f3mo estar\u00e1 el tiempo el fin de semana\"}]},{\"@type\":\"WebSite\",\"@id\":\"https:\\\/\\\/informelitoral.com.ar\\\/#website\",\"url\":\"https:\\\/\\\/informelitoral.com.ar\\\/\",\"name\":\"Informe Litoral\",\"description\":\"&quot;Nos informamos&quot; \",\"publisher\":{\"@id\":\"https:\\\/\\\/informelitoral.com.ar\\\/#organization\"},\"potentialAction\":[{\"@type\":\"SearchAction\",\"target\":{\"@type\":\"EntryPoint\",\"urlTemplate\":\"https:\\\/\\\/informelitoral.com.ar\\\/?s={search_term_string}\"},\"query-input\":{\"@type\":\"PropertyValueSpecification\",\"valueRequired\":true,\"valueName\":\"search_term_string\"}}],\"inLanguage\":\"es\"},{\"@type\":\"Organization\",\"@id\":\"https:\\\/\\\/informelitoral.com.ar\\\/#organization\",\"name\":\"Informe Litoral\",\"url\":\"https:\\\/\\\/informelitoral.com.ar\\\/\",\"logo\":{\"@type\":\"ImageObject\",\"inLanguage\":\"es\",\"@id\":\"https:\\\/\\\/informelitoral.com.ar\\\/#\\\/schema\\\/logo\\\/image\\\/\",\"url\":\"https:\\\/\\\/informelitoral.com.ar\\\/%77%70%2d%63%6f%6e%74%65%6e%74\\\/uploads\\\/2021\\\/01\\\/circulo.png\",\"contentUrl\":\"https:\\\/\\\/informelitoral.com.ar\\\/%77%70%2d%63%6f%6e%74%65%6e%74\\\/uploads\\\/2021\\\/01\\\/circulo.png\",\"width\":723,\"height\":731,\"caption\":\"Informe Litoral\"},\"image\":{\"@id\":\"https:\\\/\\\/informelitoral.com.ar\\\/#\\\/schema\\\/logo\\\/image\\\/\"},\"sameAs\":[\"https:\\\/\\\/www.facebook.com\\\/informelitoral\\\/\",\"https:\\\/\\\/x.com\\\/InformeLitoral\",\"https:\\\/\\\/www.instagram.com\\\/informelitoral\\\/\",\"https:\\\/\\\/www.youtube.com\\\/channel\\\/UCua4Qvz8Icb6MYqhoq9xLXw\"]},{\"@type\":\"Person\",\"@id\":\"https:\\\/\\\/informelitoral.com.ar\\\/#\\\/schema\\\/person\\\/f05f9f461677119578717524b127d6d5\",\"name\":\"Sebastian\",\"image\":{\"@type\":\"ImageObject\",\"inLanguage\":\"es\",\"@id\":\"https:\\\/\\\/secure.gravatar.com\\\/avatar\\\/b71bf7481d447dfb9583c7f2798e7cc64de6efb9067b74633ed8c31059a3bd82?s=96&d=mm&r=g\",\"url\":\"https:\\\/\\\/secure.gravatar.com\\\/avatar\\\/b71bf7481d447dfb9583c7f2798e7cc64de6efb9067b74633ed8c31059a3bd82?s=96&d=mm&r=g\",\"contentUrl\":\"https:\\\/\\\/secure.gravatar.com\\\/avatar\\\/b71bf7481d447dfb9583c7f2798e7cc64de6efb9067b74633ed8c31059a3bd82?s=96&d=mm&r=g\",\"caption\":\"Sebastian\"},\"url\":\"https:\\\/\\\/informelitoral.com.ar\\\/author\\\/sebastian\\\/\"}]}<\/script>","yoast_head_json":{"title":"La baja de temperatura se hace notar: c\u00f3mo estar\u00e1 el tiempo el fin de semana - Informe Litoral","robots":{"index":"index","follow":"follow","max-snippet":"max-snippet:-1","max-image-preview":"max-image-preview:large","max-video-preview":"max-video-preview:-1"},"canonical":"https:\/\/informelitoral.com.ar\/la-baja-de-temperatura-se-hace-notar-como-estara-el-tiempo-el-fin-de-semana\/","og_locale":"es_ES","og_type":"article","og_title":"La baja de temperatura se hace notar: c\u00f3mo estar\u00e1 el tiempo el fin de semana - Informe Litoral","og_description":"Producto del fuerte viento del sur, en algunas zonas de Entre R\u00edos las sensaciones t\u00e9rmicas rondaban los cuatro grados este viernes a la madrugada. El s\u00e1bado ser\u00e1 la ma\u00f1ana m\u00e1s fr\u00eda y no hay pron\u00f3stico de lluvias por varias jornadas.","og_url":"https:\/\/informelitoral.com.ar\/la-baja-de-temperatura-se-hace-notar-como-estara-el-tiempo-el-fin-de-semana\/","og_site_name":"Informe Litoral","article_publisher":"https:\/\/www.facebook.com\/informelitoral\/","article_published_time":"2022-09-09T11:21:04+00:00","og_image":[{"width":981,"height":750,"url":"https:\/\/informelitoral.com.ar\/%77%70%2d%63%6f%6e%74%65%6e%74\/uploads\/2022\/09\/multimedia.normal.841396a0b227fb8f.6672c3ad6f206279204e415f6e6f726d616c2e6a7067.jpg","type":"image\/jpeg"}],"author":"Sebastian","twitter_card":"summary_large_image","twitter_creator":"@InformeLitoral","twitter_site":"@InformeLitoral","twitter_misc":{"Escrito por":"Sebastian","Tiempo de lectura":"1 minuto"},"schema":{"@context":"https:\/\/schema.org","@graph":[{"@type":"Article","@id":"https:\/\/informelitoral.com.ar\/la-baja-de-temperatura-se-hace-notar-como-estara-el-tiempo-el-fin-de-semana\/#article","isPartOf":{"@id":"https:\/\/informelitoral.com.ar\/la-baja-de-temperatura-se-hace-notar-como-estara-el-tiempo-el-fin-de-semana\/"},"author":{"name":"Sebastian","@id":"https:\/\/informelitoral.com.ar\/#\/schema\/person\/f05f9f461677119578717524b127d6d5"},"headline":"La baja de temperatura se hace notar: c\u00f3mo estar\u00e1 el tiempo el fin de semana","datePublished":"2022-09-09T11:21:04+00:00","mainEntityOfPage":{"@id":"https:\/\/informelitoral.com.ar\/la-baja-de-temperatura-se-hace-notar-como-estara-el-tiempo-el-fin-de-semana\/"},"wordCount":277,"commentCount":0,"publisher":{"@id":"https:\/\/informelitoral.com.ar\/#organization"},"image":{"@id":"https:\/\/informelitoral.com.ar\/la-baja-de-temperatura-se-hace-notar-como-estara-el-tiempo-el-fin-de-semana\/#primaryimage"},"thumbnailUrl":"https:\/\/informelitoral.com.ar\/%77%70%2d%63%6f%6e%74%65%6e%74\/uploads\/2022\/09\/multimedia.normal.841396a0b227fb8f.6672c3ad6f206279204e415f6e6f726d616c2e6a7067.jpg","keywords":["SMN"],"articleSection":["Entre R\u00edos"],"inLanguage":"es","potentialAction":[{"@type":"CommentAction","name":"Comment","target":["https:\/\/informelitoral.com.ar\/la-baja-de-temperatura-se-hace-notar-como-estara-el-tiempo-el-fin-de-semana\/#respond"]}]},{"@type":"WebPage","@id":"https:\/\/informelitoral.com.ar\/la-baja-de-temperatura-se-hace-notar-como-estara-el-tiempo-el-fin-de-semana\/","url":"https:\/\/informelitoral.com.ar\/la-baja-de-temperatura-se-hace-notar-como-estara-el-tiempo-el-fin-de-semana\/","name":"La baja de temperatura se hace notar: c\u00f3mo estar\u00e1 el tiempo el fin de semana - Informe Litoral","isPartOf":{"@id":"https:\/\/informelitoral.com.ar\/#website"},"primaryImageOfPage":{"@id":"https:\/\/informelitoral.com.ar\/la-baja-de-temperatura-se-hace-notar-como-estara-el-tiempo-el-fin-de-semana\/#primaryimage"},"image":{"@id":"https:\/\/informelitoral.com.ar\/la-baja-de-temperatura-se-hace-notar-como-estara-el-tiempo-el-fin-de-semana\/#primaryimage"},"thumbnailUrl":"https:\/\/informelitoral.com.ar\/%77%70%2d%63%6f%6e%74%65%6e%74\/uploads\/2022\/09\/multimedia.normal.841396a0b227fb8f.6672c3ad6f206279204e415f6e6f726d616c2e6a7067.jpg","datePublished":"2022-09-09T11:21:04+00:00","breadcrumb":{"@id":"https:\/\/informelitoral.com.ar\/la-baja-de-temperatura-se-hace-notar-como-estara-el-tiempo-el-fin-de-semana\/#breadcrumb"},"inLanguage":"es","potentialAction":[{"@type":"ReadAction","target":["https:\/\/informelitoral.com.ar\/la-baja-de-temperatura-se-hace-notar-como-estara-el-tiempo-el-fin-de-semana\/"]}]},{"@type":"ImageObject","inLanguage":"es","@id":"https:\/\/informelitoral.com.ar\/la-baja-de-temperatura-se-hace-notar-como-estara-el-tiempo-el-fin-de-semana\/#primaryimage","url":"https:\/\/informelitoral.com.ar\/%77%70%2d%63%6f%6e%74%65%6e%74\/uploads\/2022\/09\/multimedia.normal.841396a0b227fb8f.6672c3ad6f206279204e415f6e6f726d616c2e6a7067.jpg","contentUrl":"https:\/\/informelitoral.com.ar\/%77%70%2d%63%6f%6e%74%65%6e%74\/uploads\/2022\/09\/multimedia.normal.841396a0b227fb8f.6672c3ad6f206279204e415f6e6f726d616c2e6a7067.jpg","width":981,"height":750},{"@type":"BreadcrumbList","@id":"https:\/\/informelitoral.com.ar\/la-baja-de-temperatura-se-hace-notar-como-estara-el-tiempo-el-fin-de-semana\/#breadcrumb","itemListElement":[{"@type":"ListItem","position":1,"name":"Portada","item":"https:\/\/informelitoral.com.ar\/"},{"@type":"ListItem","position":2,"name":"La baja de temperatura se hace notar: c\u00f3mo estar\u00e1 el tiempo el fin de semana"}]},{"@type":"WebSite","@id":"https:\/\/informelitoral.com.ar\/#website","url":"https:\/\/informelitoral.com.ar\/","name":"Informe Litoral","description":"&quot;Nos informamos&quot; ","publisher":{"@id":"https:\/\/informelitoral.com.ar\/#organization"},"potentialAction":[{"@type":"SearchAction","target":{"@type":"EntryPoint","urlTemplate":"https:\/\/informelitoral.com.ar\/?s={search_term_string}"},"query-input":{"@type":"PropertyValueSpecification","valueRequired":true,"valueName":"search_term_string"}}],"inLanguage":"es"},{"@type":"Organization","@id":"https:\/\/informelitoral.com.ar\/#organization","name":"Informe Litoral","url":"https:\/\/informelitoral.com.ar\/","logo":{"@type":"ImageObject","inLanguage":"es","@id":"https:\/\/informelitoral.com.ar\/#\/schema\/logo\/image\/","url":"https:\/\/informelitoral.com.ar\/%77%70%2d%63%6f%6e%74%65%6e%74\/uploads\/2021\/01\/circulo.png","contentUrl":"https:\/\/informelitoral.com.ar\/%77%70%2d%63%6f%6e%74%65%6e%74\/uploads\/2021\/01\/circulo.png","width":723,"height":731,"caption":"Informe Litoral"},"image":{"@id":"https:\/\/informelitoral.com.ar\/#\/schema\/logo\/image\/"},"sameAs":["https:\/\/www.facebook.com\/informelitoral\/","https:\/\/x.com\/InformeLitoral","https:\/\/www.instagram.com\/informelitoral\/","https:\/\/www.youtube.com\/channel\/UCua4Qvz8Icb6MYqhoq9xLXw"]},{"@type":"Person","@id":"https:\/\/informelitoral.com.ar\/#\/schema\/person\/f05f9f461677119578717524b127d6d5","name":"Sebastian","image":{"@type":"ImageObject","inLanguage":"es","@id":"https:\/\/secure.gravatar.com\/avatar\/b71bf7481d447dfb9583c7f2798e7cc64de6efb9067b74633ed8c31059a3bd82?s=96&d=mm&r=g","url":"https:\/\/secure.gravatar.com\/avatar\/b71bf7481d447dfb9583c7f2798e7cc64de6efb9067b74633ed8c31059a3bd82?s=96&d=mm&r=g","contentUrl":"https:\/\/secure.gravatar.com\/avatar\/b71bf7481d447dfb9583c7f2798e7cc64de6efb9067b74633ed8c31059a3bd82?s=96&d=mm&r=g","caption":"Sebastian"},"url":"https:\/\/informelitoral.com.ar\/author\/sebastian\/"}]}},"_links":{"self":[{"href":"https:\/\/informelitoral.com.ar\/%77%70%2d%6a%73%6f%6e\/wp\/v2\/posts\/86048","targetHints":{"allow":["GET"]}}],"collection":[{"href":"https:\/\/informelitoral.com.ar\/%77%70%2d%6a%73%6f%6e\/wp\/v2\/posts"}],"about":[{"href":"https:\/\/informelitoral.com.ar\/%77%70%2d%6a%73%6f%6e\/wp\/v2\/types\/post"}],"author":[{"embeddable":true,"href":"https:\/\/informelitoral.com.ar\/%77%70%2d%6a%73%6f%6e\/wp\/v2\/users\/8"}],"replies":[{"embeddable":true,"href":"https:\/\/informelitoral.com.ar\/%77%70%2d%6a%73%6f%6e\/wp\/v2\/comments?post=86048"}],"version-history":[{"count":0,"href":"https:\/\/informelitoral.com.ar\/%77%70%2d%6a%73%6f%6e\/wp\/v2\/posts\/86048\/revisions"}],"wp:featuredmedia":[{"embeddable":true,"href":"https:\/\/informelitoral.com.ar\/%77%70%2d%6a%73%6f%6e\/wp\/v2\/media\/86052"}],"wp:attachment":[{"href":"https:\/\/informelitoral.com.ar\/%77%70%2d%6a%73%6f%6e\/wp\/v2\/media?parent=86048"}],"wp:term":[{"taxonomy":"category","embeddable":true,"href":"https:\/\/informelitoral.com.ar\/%77%70%2d%6a%73%6f%6e\/wp\/v2\/categories?post=86048"},{"taxonomy":"post_tag","embeddable":true,"href":"https:\/\/informelitoral.com.ar\/%77%70%2d%6a%73%6f%6e\/wp\/v2\/tags?post=86048"}],"curies":[{"name":"wp","href":"https:\/\/api.w.org\/{rel}","templated":true}]}}