{"id":85892,"date":"2022-09-08T07:50:20","date_gmt":"2022-09-08T10:50:20","guid":{"rendered":"https:\/\/www.informelitoral.com.ar\/?p=85892"},"modified":"2022-09-08T08:35:47","modified_gmt":"2022-09-08T11:35:47","slug":"trabajan-en-un-camino-productivo-en-la-zona-de-estacion-camps","status":"publish","type":"post","link":"https:\/\/informelitoral.com.ar\/trabajan-en-un-camino-productivo-en-la-zona-de-estacion-camps\/","title":{"rendered":"Trabajan en un camino productivo en la zona de Estaci\u00f3n Camps"},"content":{"rendered":"<p>Desde la Direcci\u00f3n Provincial de Vialidad (DPV) se inform\u00f3 que se llevan adelante tareas de mantenimiento en el camino de 7 kil\u00f3metros que se ubica en Estaci\u00f3n Camps y conecta a la escuela rural N\u00ba 33 perteneciente al Distrito Isleta Norte y a un importante sector productivo de la zona ubicada en el departamento Diamante. Entre los trabajos se menciona el transporte, distribuci\u00f3n y compactaci\u00f3n de material calc\u00e1reo que aportaron los vecinos.<\/p>\n<p>Al respecto, el director de la Escuela N\u00ba 33 \u201cNicol\u00e1s Avellaneda\u201d, H\u00e9ctor Schazenbah, coment\u00f3. \u201cNuestra instituci\u00f3n se ubica sobre la vera del camino en el ejido del distrito Isletas Norte distante a 3 kil\u00f3metros del asfaltado de Estaci\u00f3n Camps. Actualmente contamos con una matr\u00edcula de 27 alumnos pero es una comunidad muy cambiante siempre depende los trabajos de las familias por tal motivo la matr\u00edcula en variable\u201d. A si mismo, acot\u00f3: \u201cLa traza es imprescindible porque tanto alumnos y docentes debemos llegar a clases todos los d\u00edas\u201d.<\/p>\n<p>Por su parte, Claudio Plem, quien es presidente de la cooperadora de la Escuela y propietario de la Empresa PlemSilaje S.R.L, expres\u00f3: \u201cEsta es una zona lechera con 4000 vacas en orde\u00f1es que dan por d\u00eda 150 mil litros de leche; adem\u00e1s hay un feelot de 15 mil cabeza; granjas av\u00edcolas; criaderos de pollos, talleres de maquinarias y 200 familias en los diferentes trabajos productivos\u201d<\/p>\n<p>Adem\u00e1s, dijo: \u201cEste camino tiene 7 kil\u00f3metros y se mantiene con el aporte de material calc\u00e1reo por parte de los vecinos y los trabajos ejecutados por Vialidad. El mismo es muy transitado, es m\u00e1s el fin de semana se realiz\u00f3 la fiesta del tambero donde participaron unas 500 personas. Sin dudas que necesitamos tener en buenas condiciones esta conexi\u00f3n porque nos vincula con localidades como Ram\u00edrez y Crespo\u201d.<\/p>\n","protected":false},"excerpt":{"rendered":"<p>El gobierno, a trav\u00e9s de Vialidad Provincial, trabaja en la conservaci\u00f3n de una traza de uso productivo y social que se vincula por Estaci\u00f3n Camps entre General Ram\u00edrez y Crespo.<\/p>\n","protected":false},"author":8,"featured_media":85895,"comment_status":"open","ping_status":"open","sticky":false,"template":"","format":"standard","meta":{"fifu_image_url":"","fifu_image_alt":"","footnotes":""},"categories":[5],"tags":[3930],"class_list":{"0":"post-85892","1":"post","2":"type-post","3":"status-publish","4":"format-standard","5":"has-post-thumbnail","7":"category-zonales","8":"tag-camino-productivo"},"yoast_head":"<title>Trabajan en un camino productivo en la zona de Estaci\u00f3n Camps - Informe Litoral<\/title>\n<meta name=\"robots\" content=\"index, follow, max-snippet:-1, max-image-preview:large, max-video-preview:-1\" \/>\n<link rel=\"canonical\" href=\"https:\/\/informelitoral.com.ar\/trabajan-en-un-camino-productivo-en-la-zona-de-estacion-camps\/\" \/>\n<meta property=\"og:locale\" content=\"es_ES\" \/>\n<meta property=\"og:type\" content=\"article\" \/>\n<meta property=\"og:title\" content=\"Trabajan en un camino productivo en la zona de Estaci\u00f3n Camps - Informe Litoral\" \/>\n<meta property=\"og:description\" content=\"El gobierno, a trav\u00e9s de Vialidad Provincial, trabaja en la conservaci\u00f3n de una traza de uso productivo y social que se vincula por Estaci\u00f3n Camps entre General Ram\u00edrez y Crespo.\" \/>\n<meta property=\"og:url\" content=\"https:\/\/informelitoral.com.ar\/trabajan-en-un-camino-productivo-en-la-zona-de-estacion-camps\/\" \/>\n<meta property=\"og:site_name\" content=\"Informe Litoral\" \/>\n<meta property=\"article:publisher\" content=\"https:\/\/www.facebook.com\/informelitoral\/\" \/>\n<meta property=\"article:published_time\" content=\"2022-09-08T10:50:20+00:00\" \/>\n<meta property=\"article:modified_time\" content=\"2022-09-08T11:35:47+00:00\" \/>\n<meta property=\"og:image\" content=\"https:\/\/informelitoral.com.ar\/%77%70%2d%63%6f%6e%74%65%6e%74\/uploads\/2022\/09\/p_1662576994.jpg\" \/>\n\t<meta property=\"og:image:width\" content=\"1920\" \/>\n\t<meta property=\"og:image:height\" content=\"800\" \/>\n\t<meta property=\"og:image:type\" content=\"image\/jpeg\" \/>\n<meta name=\"author\" content=\"Sebastian\" \/>\n<meta name=\"twitter:card\" content=\"summary_large_image\" \/>\n<meta name=\"twitter:creator\" content=\"@InformeLitoral\" \/>\n<meta name=\"twitter:site\" content=\"@InformeLitoral\" \/>\n<meta name=\"twitter:label1\" content=\"Escrito por\" \/>\n\t<meta name=\"twitter:data1\" content=\"Sebastian\" \/>\n\t<meta name=\"twitter:label2\" content=\"Tiempo de lectura\" \/>\n\t<meta name=\"twitter:data2\" content=\"2 minutos\" \/>\n<script type=\"application\/ld+json\" class=\"yoast-schema-graph\">{\"@context\":\"https:\\\/\\\/schema.org\",\"@graph\":[{\"@type\":\"Article\",\"@id\":\"https:\\\/\\\/informelitoral.com.ar\\\/trabajan-en-un-camino-productivo-en-la-zona-de-estacion-camps\\\/#article\",\"isPartOf\":{\"@id\":\"https:\\\/\\\/informelitoral.com.ar\\\/trabajan-en-un-camino-productivo-en-la-zona-de-estacion-camps\\\/\"},\"author\":{\"name\":\"Sebastian\",\"@id\":\"https:\\\/\\\/informelitoral.com.ar\\\/#\\\/schema\\\/person\\\/f05f9f461677119578717524b127d6d5\"},\"headline\":\"Trabajan en un camino productivo en la zona de Estaci\u00f3n Camps\",\"datePublished\":\"2022-09-08T10:50:20+00:00\",\"dateModified\":\"2022-09-08T11:35:47+00:00\",\"mainEntityOfPage\":{\"@id\":\"https:\\\/\\\/informelitoral.com.ar\\\/trabajan-en-un-camino-productivo-en-la-zona-de-estacion-camps\\\/\"},\"wordCount\":319,\"commentCount\":0,\"publisher\":{\"@id\":\"https:\\\/\\\/informelitoral.com.ar\\\/#organization\"},\"image\":{\"@id\":\"https:\\\/\\\/informelitoral.com.ar\\\/trabajan-en-un-camino-productivo-en-la-zona-de-estacion-camps\\\/#primaryimage\"},\"thumbnailUrl\":\"https:\\\/\\\/informelitoral.com.ar\\\/%77%70%2d%63%6f%6e%74%65%6e%74\\\/uploads\\\/2022\\\/09\\\/p_1662576994.jpg\",\"keywords\":[\"Camino productivo\"],\"articleSection\":[\"Departamento Diamante\"],\"inLanguage\":\"es\",\"potentialAction\":[{\"@type\":\"CommentAction\",\"name\":\"Comment\",\"target\":[\"https:\\\/\\\/informelitoral.com.ar\\\/trabajan-en-un-camino-productivo-en-la-zona-de-estacion-camps\\\/#respond\"]}]},{\"@type\":\"WebPage\",\"@id\":\"https:\\\/\\\/informelitoral.com.ar\\\/trabajan-en-un-camino-productivo-en-la-zona-de-estacion-camps\\\/\",\"url\":\"https:\\\/\\\/informelitoral.com.ar\\\/trabajan-en-un-camino-productivo-en-la-zona-de-estacion-camps\\\/\",\"name\":\"Trabajan en un camino productivo en la zona de Estaci\u00f3n Camps - Informe Litoral\",\"isPartOf\":{\"@id\":\"https:\\\/\\\/informelitoral.com.ar\\\/#website\"},\"primaryImageOfPage\":{\"@id\":\"https:\\\/\\\/informelitoral.com.ar\\\/trabajan-en-un-camino-productivo-en-la-zona-de-estacion-camps\\\/#primaryimage\"},\"image\":{\"@id\":\"https:\\\/\\\/informelitoral.com.ar\\\/trabajan-en-un-camino-productivo-en-la-zona-de-estacion-camps\\\/#primaryimage\"},\"thumbnailUrl\":\"https:\\\/\\\/informelitoral.com.ar\\\/%77%70%2d%63%6f%6e%74%65%6e%74\\\/uploads\\\/2022\\\/09\\\/p_1662576994.jpg\",\"datePublished\":\"2022-09-08T10:50:20+00:00\",\"dateModified\":\"2022-09-08T11:35:47+00:00\",\"breadcrumb\":{\"@id\":\"https:\\\/\\\/informelitoral.com.ar\\\/trabajan-en-un-camino-productivo-en-la-zona-de-estacion-camps\\\/#breadcrumb\"},\"inLanguage\":\"es\",\"potentialAction\":[{\"@type\":\"ReadAction\",\"target\":[\"https:\\\/\\\/informelitoral.com.ar\\\/trabajan-en-un-camino-productivo-en-la-zona-de-estacion-camps\\\/\"]}]},{\"@type\":\"ImageObject\",\"inLanguage\":\"es\",\"@id\":\"https:\\\/\\\/informelitoral.com.ar\\\/trabajan-en-un-camino-productivo-en-la-zona-de-estacion-camps\\\/#primaryimage\",\"url\":\"https:\\\/\\\/informelitoral.com.ar\\\/%77%70%2d%63%6f%6e%74%65%6e%74\\\/uploads\\\/2022\\\/09\\\/p_1662576994.jpg\",\"contentUrl\":\"https:\\\/\\\/informelitoral.com.ar\\\/%77%70%2d%63%6f%6e%74%65%6e%74\\\/uploads\\\/2022\\\/09\\\/p_1662576994.jpg\",\"width\":1920,\"height\":800},{\"@type\":\"BreadcrumbList\",\"@id\":\"https:\\\/\\\/informelitoral.com.ar\\\/trabajan-en-un-camino-productivo-en-la-zona-de-estacion-camps\\\/#breadcrumb\",\"itemListElement\":[{\"@type\":\"ListItem\",\"position\":1,\"name\":\"Portada\",\"item\":\"https:\\\/\\\/informelitoral.com.ar\\\/\"},{\"@type\":\"ListItem\",\"position\":2,\"name\":\"Trabajan en un camino productivo en la zona de Estaci\u00f3n Camps\"}]},{\"@type\":\"WebSite\",\"@id\":\"https:\\\/\\\/informelitoral.com.ar\\\/#website\",\"url\":\"https:\\\/\\\/informelitoral.com.ar\\\/\",\"name\":\"Informe Litoral\",\"description\":\"&quot;Nos informamos&quot; \",\"publisher\":{\"@id\":\"https:\\\/\\\/informelitoral.com.ar\\\/#organization\"},\"potentialAction\":[{\"@type\":\"SearchAction\",\"target\":{\"@type\":\"EntryPoint\",\"urlTemplate\":\"https:\\\/\\\/informelitoral.com.ar\\\/?s={search_term_string}\"},\"query-input\":{\"@type\":\"PropertyValueSpecification\",\"valueRequired\":true,\"valueName\":\"search_term_string\"}}],\"inLanguage\":\"es\"},{\"@type\":\"Organization\",\"@id\":\"https:\\\/\\\/informelitoral.com.ar\\\/#organization\",\"name\":\"Informe Litoral\",\"url\":\"https:\\\/\\\/informelitoral.com.ar\\\/\",\"logo\":{\"@type\":\"ImageObject\",\"inLanguage\":\"es\",\"@id\":\"https:\\\/\\\/informelitoral.com.ar\\\/#\\\/schema\\\/logo\\\/image\\\/\",\"url\":\"https:\\\/\\\/informelitoral.com.ar\\\/%77%70%2d%63%6f%6e%74%65%6e%74\\\/uploads\\\/2021\\\/01\\\/circulo.png\",\"contentUrl\":\"https:\\\/\\\/informelitoral.com.ar\\\/%77%70%2d%63%6f%6e%74%65%6e%74\\\/uploads\\\/2021\\\/01\\\/circulo.png\",\"width\":723,\"height\":731,\"caption\":\"Informe Litoral\"},\"image\":{\"@id\":\"https:\\\/\\\/informelitoral.com.ar\\\/#\\\/schema\\\/logo\\\/image\\\/\"},\"sameAs\":[\"https:\\\/\\\/www.facebook.com\\\/informelitoral\\\/\",\"https:\\\/\\\/x.com\\\/InformeLitoral\",\"https:\\\/\\\/www.instagram.com\\\/informelitoral\\\/\",\"https:\\\/\\\/www.youtube.com\\\/channel\\\/UCua4Qvz8Icb6MYqhoq9xLXw\"]},{\"@type\":\"Person\",\"@id\":\"https:\\\/\\\/informelitoral.com.ar\\\/#\\\/schema\\\/person\\\/f05f9f461677119578717524b127d6d5\",\"name\":\"Sebastian\",\"image\":{\"@type\":\"ImageObject\",\"inLanguage\":\"es\",\"@id\":\"https:\\\/\\\/secure.gravatar.com\\\/avatar\\\/b71bf7481d447dfb9583c7f2798e7cc64de6efb9067b74633ed8c31059a3bd82?s=96&d=mm&r=g\",\"url\":\"https:\\\/\\\/secure.gravatar.com\\\/avatar\\\/b71bf7481d447dfb9583c7f2798e7cc64de6efb9067b74633ed8c31059a3bd82?s=96&d=mm&r=g\",\"contentUrl\":\"https:\\\/\\\/secure.gravatar.com\\\/avatar\\\/b71bf7481d447dfb9583c7f2798e7cc64de6efb9067b74633ed8c31059a3bd82?s=96&d=mm&r=g\",\"caption\":\"Sebastian\"},\"url\":\"https:\\\/\\\/informelitoral.com.ar\\\/author\\\/sebastian\\\/\"}]}<\/script>","yoast_head_json":{"title":"Trabajan en un camino productivo en la zona de Estaci\u00f3n Camps - Informe Litoral","robots":{"index":"index","follow":"follow","max-snippet":"max-snippet:-1","max-image-preview":"max-image-preview:large","max-video-preview":"max-video-preview:-1"},"canonical":"https:\/\/informelitoral.com.ar\/trabajan-en-un-camino-productivo-en-la-zona-de-estacion-camps\/","og_locale":"es_ES","og_type":"article","og_title":"Trabajan en un camino productivo en la zona de Estaci\u00f3n Camps - Informe Litoral","og_description":"El gobierno, a trav\u00e9s de Vialidad Provincial, trabaja en la conservaci\u00f3n de una traza de uso productivo y social que se vincula por Estaci\u00f3n Camps entre General Ram\u00edrez y Crespo.","og_url":"https:\/\/informelitoral.com.ar\/trabajan-en-un-camino-productivo-en-la-zona-de-estacion-camps\/","og_site_name":"Informe Litoral","article_publisher":"https:\/\/www.facebook.com\/informelitoral\/","article_published_time":"2022-09-08T10:50:20+00:00","article_modified_time":"2022-09-08T11:35:47+00:00","og_image":[{"width":1920,"height":800,"url":"https:\/\/informelitoral.com.ar\/%77%70%2d%63%6f%6e%74%65%6e%74\/uploads\/2022\/09\/p_1662576994.jpg","type":"image\/jpeg"}],"author":"Sebastian","twitter_card":"summary_large_image","twitter_creator":"@InformeLitoral","twitter_site":"@InformeLitoral","twitter_misc":{"Escrito por":"Sebastian","Tiempo de lectura":"2 minutos"},"schema":{"@context":"https:\/\/schema.org","@graph":[{"@type":"Article","@id":"https:\/\/informelitoral.com.ar\/trabajan-en-un-camino-productivo-en-la-zona-de-estacion-camps\/#article","isPartOf":{"@id":"https:\/\/informelitoral.com.ar\/trabajan-en-un-camino-productivo-en-la-zona-de-estacion-camps\/"},"author":{"name":"Sebastian","@id":"https:\/\/informelitoral.com.ar\/#\/schema\/person\/f05f9f461677119578717524b127d6d5"},"headline":"Trabajan en un camino productivo en la zona de Estaci\u00f3n Camps","datePublished":"2022-09-08T10:50:20+00:00","dateModified":"2022-09-08T11:35:47+00:00","mainEntityOfPage":{"@id":"https:\/\/informelitoral.com.ar\/trabajan-en-un-camino-productivo-en-la-zona-de-estacion-camps\/"},"wordCount":319,"commentCount":0,"publisher":{"@id":"https:\/\/informelitoral.com.ar\/#organization"},"image":{"@id":"https:\/\/informelitoral.com.ar\/trabajan-en-un-camino-productivo-en-la-zona-de-estacion-camps\/#primaryimage"},"thumbnailUrl":"https:\/\/informelitoral.com.ar\/%77%70%2d%63%6f%6e%74%65%6e%74\/uploads\/2022\/09\/p_1662576994.jpg","keywords":["Camino productivo"],"articleSection":["Departamento Diamante"],"inLanguage":"es","potentialAction":[{"@type":"CommentAction","name":"Comment","target":["https:\/\/informelitoral.com.ar\/trabajan-en-un-camino-productivo-en-la-zona-de-estacion-camps\/#respond"]}]},{"@type":"WebPage","@id":"https:\/\/informelitoral.com.ar\/trabajan-en-un-camino-productivo-en-la-zona-de-estacion-camps\/","url":"https:\/\/informelitoral.com.ar\/trabajan-en-un-camino-productivo-en-la-zona-de-estacion-camps\/","name":"Trabajan en un camino productivo en la zona de Estaci\u00f3n Camps - Informe Litoral","isPartOf":{"@id":"https:\/\/informelitoral.com.ar\/#website"},"primaryImageOfPage":{"@id":"https:\/\/informelitoral.com.ar\/trabajan-en-un-camino-productivo-en-la-zona-de-estacion-camps\/#primaryimage"},"image":{"@id":"https:\/\/informelitoral.com.ar\/trabajan-en-un-camino-productivo-en-la-zona-de-estacion-camps\/#primaryimage"},"thumbnailUrl":"https:\/\/informelitoral.com.ar\/%77%70%2d%63%6f%6e%74%65%6e%74\/uploads\/2022\/09\/p_1662576994.jpg","datePublished":"2022-09-08T10:50:20+00:00","dateModified":"2022-09-08T11:35:47+00:00","breadcrumb":{"@id":"https:\/\/informelitoral.com.ar\/trabajan-en-un-camino-productivo-en-la-zona-de-estacion-camps\/#breadcrumb"},"inLanguage":"es","potentialAction":[{"@type":"ReadAction","target":["https:\/\/informelitoral.com.ar\/trabajan-en-un-camino-productivo-en-la-zona-de-estacion-camps\/"]}]},{"@type":"ImageObject","inLanguage":"es","@id":"https:\/\/informelitoral.com.ar\/trabajan-en-un-camino-productivo-en-la-zona-de-estacion-camps\/#primaryimage","url":"https:\/\/informelitoral.com.ar\/%77%70%2d%63%6f%6e%74%65%6e%74\/uploads\/2022\/09\/p_1662576994.jpg","contentUrl":"https:\/\/informelitoral.com.ar\/%77%70%2d%63%6f%6e%74%65%6e%74\/uploads\/2022\/09\/p_1662576994.jpg","width":1920,"height":800},{"@type":"BreadcrumbList","@id":"https:\/\/informelitoral.com.ar\/trabajan-en-un-camino-productivo-en-la-zona-de-estacion-camps\/#breadcrumb","itemListElement":[{"@type":"ListItem","position":1,"name":"Portada","item":"https:\/\/informelitoral.com.ar\/"},{"@type":"ListItem","position":2,"name":"Trabajan en un camino productivo en la zona de Estaci\u00f3n Camps"}]},{"@type":"WebSite","@id":"https:\/\/informelitoral.com.ar\/#website","url":"https:\/\/informelitoral.com.ar\/","name":"Informe Litoral","description":"&quot;Nos informamos&quot; ","publisher":{"@id":"https:\/\/informelitoral.com.ar\/#organization"},"potentialAction":[{"@type":"SearchAction","target":{"@type":"EntryPoint","urlTemplate":"https:\/\/informelitoral.com.ar\/?s={search_term_string}"},"query-input":{"@type":"PropertyValueSpecification","valueRequired":true,"valueName":"search_term_string"}}],"inLanguage":"es"},{"@type":"Organization","@id":"https:\/\/informelitoral.com.ar\/#organization","name":"Informe Litoral","url":"https:\/\/informelitoral.com.ar\/","logo":{"@type":"ImageObject","inLanguage":"es","@id":"https:\/\/informelitoral.com.ar\/#\/schema\/logo\/image\/","url":"https:\/\/informelitoral.com.ar\/%77%70%2d%63%6f%6e%74%65%6e%74\/uploads\/2021\/01\/circulo.png","contentUrl":"https:\/\/informelitoral.com.ar\/%77%70%2d%63%6f%6e%74%65%6e%74\/uploads\/2021\/01\/circulo.png","width":723,"height":731,"caption":"Informe Litoral"},"image":{"@id":"https:\/\/informelitoral.com.ar\/#\/schema\/logo\/image\/"},"sameAs":["https:\/\/www.facebook.com\/informelitoral\/","https:\/\/x.com\/InformeLitoral","https:\/\/www.instagram.com\/informelitoral\/","https:\/\/www.youtube.com\/channel\/UCua4Qvz8Icb6MYqhoq9xLXw"]},{"@type":"Person","@id":"https:\/\/informelitoral.com.ar\/#\/schema\/person\/f05f9f461677119578717524b127d6d5","name":"Sebastian","image":{"@type":"ImageObject","inLanguage":"es","@id":"https:\/\/secure.gravatar.com\/avatar\/b71bf7481d447dfb9583c7f2798e7cc64de6efb9067b74633ed8c31059a3bd82?s=96&d=mm&r=g","url":"https:\/\/secure.gravatar.com\/avatar\/b71bf7481d447dfb9583c7f2798e7cc64de6efb9067b74633ed8c31059a3bd82?s=96&d=mm&r=g","contentUrl":"https:\/\/secure.gravatar.com\/avatar\/b71bf7481d447dfb9583c7f2798e7cc64de6efb9067b74633ed8c31059a3bd82?s=96&d=mm&r=g","caption":"Sebastian"},"url":"https:\/\/informelitoral.com.ar\/author\/sebastian\/"}]}},"_links":{"self":[{"href":"https:\/\/informelitoral.com.ar\/%77%70%2d%6a%73%6f%6e\/wp\/v2\/posts\/85892","targetHints":{"allow":["GET"]}}],"collection":[{"href":"https:\/\/informelitoral.com.ar\/%77%70%2d%6a%73%6f%6e\/wp\/v2\/posts"}],"about":[{"href":"https:\/\/informelitoral.com.ar\/%77%70%2d%6a%73%6f%6e\/wp\/v2\/types\/post"}],"author":[{"embeddable":true,"href":"https:\/\/informelitoral.com.ar\/%77%70%2d%6a%73%6f%6e\/wp\/v2\/users\/8"}],"replies":[{"embeddable":true,"href":"https:\/\/informelitoral.com.ar\/%77%70%2d%6a%73%6f%6e\/wp\/v2\/comments?post=85892"}],"version-history":[{"count":0,"href":"https:\/\/informelitoral.com.ar\/%77%70%2d%6a%73%6f%6e\/wp\/v2\/posts\/85892\/revisions"}],"wp:featuredmedia":[{"embeddable":true,"href":"https:\/\/informelitoral.com.ar\/%77%70%2d%6a%73%6f%6e\/wp\/v2\/media\/85895"}],"wp:attachment":[{"href":"https:\/\/informelitoral.com.ar\/%77%70%2d%6a%73%6f%6e\/wp\/v2\/media?parent=85892"}],"wp:term":[{"taxonomy":"category","embeddable":true,"href":"https:\/\/informelitoral.com.ar\/%77%70%2d%6a%73%6f%6e\/wp\/v2\/categories?post=85892"},{"taxonomy":"post_tag","embeddable":true,"href":"https:\/\/informelitoral.com.ar\/%77%70%2d%6a%73%6f%6e\/wp\/v2\/tags?post=85892"}],"curies":[{"name":"wp","href":"https:\/\/api.w.org\/{rel}","templated":true}]}}