{"id":8557,"date":"2014-10-14T22:13:02","date_gmt":"2014-10-15T01:13:02","guid":{"rendered":"http:\/\/www.isletasnoticias.com.ar\/?p=8557"},"modified":"2014-10-14T22:13:02","modified_gmt":"2014-10-15T01:13:02","slug":"aseguran-que-entre-rios-logro-un-exito-turistico-durante-el-fin-de-semana","status":"publish","type":"post","link":"https:\/\/informelitoral.com.ar\/aseguran-que-entre-rios-logro-un-exito-turistico-durante-el-fin-de-semana\/","title":{"rendered":"Aseguran que Entre R\u00edos logr\u00f3 un \u00e9xito tur\u00edstico durante el fin de semana"},"content":{"rendered":"<p><strong>El fin de semana se registr\u00f3 una gran afluencia de visitantes en los diferentes centros tur\u00edsticos de Entre R\u00edos, logr\u00e1ndose niveles de ocupaci\u00f3n superiores al 90 por ciento en la mayor\u00eda de los hoteles. \u00abCada d\u00eda, y gracias al trabajo mancomunado que se viene realizando entre el sector p\u00fablico y privado, nos vamos consolidando como el tercer destino tur\u00edstico de la Argentina\u201d, destac\u00f3 el presidente de la C\u00e1mara Entrerriana de Turismo (CET), Sebasti\u00e1n Bel.<a href=\"http:\/\/www.isletasnoticias.com.ar\/%77%70%2d%63%6f%6e%74%65%6e%74\/uploads\/2014\/10\/o_1321582695.jpg\"><img loading=\"lazy\" decoding=\"async\" class=\"aligncenter size-medium wp-image-8558\" src=\"http:\/\/www.isletasnoticias.com.ar\/%77%70%2d%63%6f%6e%74%65%6e%74\/uploads\/2014\/10\/o_1321582695-300x168.jpg\" alt=\"o_1321582695\" width=\"300\" height=\"168\" srcset=\"https:\/\/informelitoral.com.ar\/%77%70%2d%63%6f%6e%74%65%6e%74\/uploads\/2014\/10\/o_1321582695-300x168.jpg 300w, https:\/\/informelitoral.com.ar\/%77%70%2d%63%6f%6e%74%65%6e%74\/uploads\/2014\/10\/o_1321582695.jpg 640w\" sizes=\"auto, (max-width: 300px) 100vw, 300px\" \/><\/a><\/strong><\/p>\n<p>Desde el Ministerio de Turismo se inform\u00f3 que se registr\u00f3 un incremento del n\u00famero de turistas y de la estad\u00eda promedio en relaci\u00f3n con el a\u00f1o pasado, y con ciudades que alcanzaron el 100 por ciento de ocupaci\u00f3n, lo que represent\u00f3 un balance altamente positivo para la provincia. Los turistas, que en su mayor\u00eda provienen de Buenos Aires, C\u00f3rdoba, Rosario, Santa Fe y de pa\u00edses vecinos como Uruguay, disfrutaron de un clima primaveral en los distintos puntos tur\u00edsticos.<\/p>\n<p>El ministro de Turismo, Hugo Mars\u00f3, destac\u00f3 el nivel de reservas, y el acompa\u00f1amiento del clima, que permiti\u00f3 un disfrute de todos los atractivos naturales y los servicios de la provincia.<\/p>\n<p>\u00abUna vez m\u00e1s queda demostrado que la pol\u00edtica de feriados nacionales beneficia principalmente a nuestra provincia y tomar como pol\u00edtica de Estado al turismo, como lo hizo el gobernador Sergio Urribarri, muestra sus frutos, generando un ingreso econ\u00f3mico a todas la ciudades e incluyendo a toda la sociedad, reafirmando que el turismo nos alcanza a todos.\u00bb dijo el funcionario.<\/p>\n<p>Cabe destacar el importante aporte del turismo interno, ya que las familias entrerrianas tambi\u00e9n eligieron la provincia a la hora de disfrutar del fin de semana largo de octubre. Si bien el principal atractivo fueron los complejos termales, el avance de las inversiones privadas en los servicios complementarios como cines, teatros, parques tem\u00e1ticos, casinos y boliches tambi\u00e9n aportaron una notable tendencia.<\/p>\n<p>Los parques nacionales tuvieron una importante ingreso de visitantes y el turismo hist\u00f3rico-cultural en el Palacio San Jos\u00e9, la ex residencia del general Justo Jos\u00e9 de Urquiza, sum\u00f3 miles de visitas.<\/p>\n<p>\u00abCada d\u00eda, y gracias al trabajo mancomunado que se viene realizando entre el sector p\u00fablico y privado, nos vamos consolidando como el tercer destino tur\u00edstico de la Argentina. Esto no s\u00f3lo nos posiciona a nivel nacional, sino que contin\u00faa generando m\u00e1s y mejores ingresos a todos los sectores de trabajadores que se encuentran relacionados directa e indirectamente con esta actividad econ\u00f3mica, que se encuentra en pleno crecimiento y debemos continuar trabajando para que siga por esta senda\u00bb, expres\u00f3 el presidente de la C\u00e1mara Entrerriana de Turismo (CET), Sebasti\u00e1n Bel.<\/p>\n","protected":false},"excerpt":{"rendered":"<p>El fin de semana se registr&oacute; una gran afluencia de visitantes en los diferentes centros tur&iacute;sticos de Entre R&iacute;os, logr&aacute;ndose niveles de ocupaci&oacute;n superiores al 90 por ciento en la mayor&iacute;a de los hoteles. &laquo;Cada d&iacute;a, y gracias al trabajo mancomunado que se viene realizando entre el sector p&uacute;blico y privado, nos vamos consolidando como [&hellip;]<\/p>\n","protected":false},"author":2,"featured_media":0,"comment_status":"open","ping_status":"open","sticky":false,"template":"","format":"standard","meta":{"fifu_image_url":"","fifu_image_alt":"","footnotes":""},"categories":[6],"tags":[],"class_list":{"0":"post-8557","1":"post","2":"type-post","3":"status-publish","4":"format-standard","6":"category-entre-rios"},"yoast_head":"<title>Aseguran que Entre R\u00edos logr\u00f3 un \u00e9xito tur\u00edstico durante el fin de semana - Informe Litoral<\/title>\n<meta name=\"robots\" content=\"index, follow, max-snippet:-1, max-image-preview:large, max-video-preview:-1\" \/>\n<link rel=\"canonical\" href=\"https:\/\/informelitoral.com.ar\/aseguran-que-entre-rios-logro-un-exito-turistico-durante-el-fin-de-semana\/\" \/>\n<meta property=\"og:locale\" content=\"es_ES\" \/>\n<meta property=\"og:type\" content=\"article\" \/>\n<meta property=\"og:title\" content=\"Aseguran que Entre R\u00edos logr\u00f3 un \u00e9xito tur\u00edstico durante el fin de semana - Informe Litoral\" \/>\n<meta property=\"og:description\" content=\"El fin de semana se registr&oacute; una gran afluencia de visitantes en los diferentes centros tur&iacute;sticos de Entre R&iacute;os, logr&aacute;ndose niveles de ocupaci&oacute;n superiores al 90 por ciento en la mayor&iacute;a de los hoteles. &laquo;Cada d&iacute;a, y gracias al trabajo mancomunado que se viene realizando entre el sector p&uacute;blico y privado, nos vamos consolidando como [&hellip;]\" \/>\n<meta property=\"og:url\" content=\"https:\/\/informelitoral.com.ar\/aseguran-que-entre-rios-logro-un-exito-turistico-durante-el-fin-de-semana\/\" \/>\n<meta property=\"og:site_name\" content=\"Informe Litoral\" \/>\n<meta property=\"article:publisher\" content=\"https:\/\/www.facebook.com\/informelitoral\/\" \/>\n<meta property=\"article:published_time\" content=\"2014-10-15T01:13:02+00:00\" \/>\n<meta property=\"og:image\" content=\"https:\/\/informelitoral.com.ar\/%77%70%2d%63%6f%6e%74%65%6e%74\/uploads\/2014\/10\/o_1321582695.jpg\" \/>\n\t<meta property=\"og:image:width\" content=\"640\" \/>\n\t<meta property=\"og:image:height\" content=\"360\" \/>\n\t<meta property=\"og:image:type\" content=\"image\/jpeg\" \/>\n<meta name=\"author\" content=\"Gonzalo Schmidt\" \/>\n<meta name=\"twitter:card\" content=\"summary_large_image\" \/>\n<meta name=\"twitter:creator\" content=\"@InformeLitoral\" \/>\n<meta name=\"twitter:site\" content=\"@InformeLitoral\" \/>\n<meta name=\"twitter:label1\" content=\"Escrito por\" \/>\n\t<meta name=\"twitter:data1\" content=\"Gonzalo Schmidt\" \/>\n\t<meta name=\"twitter:label2\" content=\"Tiempo de lectura\" \/>\n\t<meta name=\"twitter:data2\" content=\"2 minutos\" \/>\n<script type=\"application\/ld+json\" class=\"yoast-schema-graph\">{\"@context\":\"https:\\\/\\\/schema.org\",\"@graph\":[{\"@type\":\"Article\",\"@id\":\"https:\\\/\\\/informelitoral.com.ar\\\/aseguran-que-entre-rios-logro-un-exito-turistico-durante-el-fin-de-semana\\\/#article\",\"isPartOf\":{\"@id\":\"https:\\\/\\\/informelitoral.com.ar\\\/aseguran-que-entre-rios-logro-un-exito-turistico-durante-el-fin-de-semana\\\/\"},\"author\":{\"name\":\"Gonzalo Schmidt\",\"@id\":\"https:\\\/\\\/informelitoral.com.ar\\\/#\\\/schema\\\/person\\\/b9d00407c836482871ef1d57bf8e3180\"},\"headline\":\"Aseguran que Entre R\u00edos logr\u00f3 un \u00e9xito tur\u00edstico durante el fin de semana\",\"datePublished\":\"2014-10-15T01:13:02+00:00\",\"mainEntityOfPage\":{\"@id\":\"https:\\\/\\\/informelitoral.com.ar\\\/aseguran-que-entre-rios-logro-un-exito-turistico-durante-el-fin-de-semana\\\/\"},\"wordCount\":473,\"commentCount\":0,\"publisher\":{\"@id\":\"https:\\\/\\\/informelitoral.com.ar\\\/#organization\"},\"image\":{\"@id\":\"https:\\\/\\\/informelitoral.com.ar\\\/aseguran-que-entre-rios-logro-un-exito-turistico-durante-el-fin-de-semana\\\/#primaryimage\"},\"thumbnailUrl\":\"http:\\\/\\\/www.isletasnoticias.com.ar\\\/%77%70%2d%63%6f%6e%74%65%6e%74\\\/uploads\\\/2014\\\/10\\\/o_1321582695-300x168.jpg\",\"articleSection\":[\"Entre R\u00edos\"],\"inLanguage\":\"es\",\"potentialAction\":[{\"@type\":\"CommentAction\",\"name\":\"Comment\",\"target\":[\"https:\\\/\\\/informelitoral.com.ar\\\/aseguran-que-entre-rios-logro-un-exito-turistico-durante-el-fin-de-semana\\\/#respond\"]}]},{\"@type\":\"WebPage\",\"@id\":\"https:\\\/\\\/informelitoral.com.ar\\\/aseguran-que-entre-rios-logro-un-exito-turistico-durante-el-fin-de-semana\\\/\",\"url\":\"https:\\\/\\\/informelitoral.com.ar\\\/aseguran-que-entre-rios-logro-un-exito-turistico-durante-el-fin-de-semana\\\/\",\"name\":\"Aseguran que Entre R\u00edos logr\u00f3 un \u00e9xito tur\u00edstico durante el fin de semana - Informe Litoral\",\"isPartOf\":{\"@id\":\"https:\\\/\\\/informelitoral.com.ar\\\/#website\"},\"primaryImageOfPage\":{\"@id\":\"https:\\\/\\\/informelitoral.com.ar\\\/aseguran-que-entre-rios-logro-un-exito-turistico-durante-el-fin-de-semana\\\/#primaryimage\"},\"image\":{\"@id\":\"https:\\\/\\\/informelitoral.com.ar\\\/aseguran-que-entre-rios-logro-un-exito-turistico-durante-el-fin-de-semana\\\/#primaryimage\"},\"thumbnailUrl\":\"http:\\\/\\\/www.isletasnoticias.com.ar\\\/%77%70%2d%63%6f%6e%74%65%6e%74\\\/uploads\\\/2014\\\/10\\\/o_1321582695-300x168.jpg\",\"datePublished\":\"2014-10-15T01:13:02+00:00\",\"breadcrumb\":{\"@id\":\"https:\\\/\\\/informelitoral.com.ar\\\/aseguran-que-entre-rios-logro-un-exito-turistico-durante-el-fin-de-semana\\\/#breadcrumb\"},\"inLanguage\":\"es\",\"potentialAction\":[{\"@type\":\"ReadAction\",\"target\":[\"https:\\\/\\\/informelitoral.com.ar\\\/aseguran-que-entre-rios-logro-un-exito-turistico-durante-el-fin-de-semana\\\/\"]}]},{\"@type\":\"ImageObject\",\"inLanguage\":\"es\",\"@id\":\"https:\\\/\\\/informelitoral.com.ar\\\/aseguran-que-entre-rios-logro-un-exito-turistico-durante-el-fin-de-semana\\\/#primaryimage\",\"url\":\"http:\\\/\\\/www.isletasnoticias.com.ar\\\/%77%70%2d%63%6f%6e%74%65%6e%74\\\/uploads\\\/2014\\\/10\\\/o_1321582695-300x168.jpg\",\"contentUrl\":\"http:\\\/\\\/www.isletasnoticias.com.ar\\\/%77%70%2d%63%6f%6e%74%65%6e%74\\\/uploads\\\/2014\\\/10\\\/o_1321582695-300x168.jpg\"},{\"@type\":\"BreadcrumbList\",\"@id\":\"https:\\\/\\\/informelitoral.com.ar\\\/aseguran-que-entre-rios-logro-un-exito-turistico-durante-el-fin-de-semana\\\/#breadcrumb\",\"itemListElement\":[{\"@type\":\"ListItem\",\"position\":1,\"name\":\"Portada\",\"item\":\"https:\\\/\\\/informelitoral.com.ar\\\/\"},{\"@type\":\"ListItem\",\"position\":2,\"name\":\"Aseguran que Entre R\u00edos logr\u00f3 un \u00e9xito tur\u00edstico durante el fin de semana\"}]},{\"@type\":\"WebSite\",\"@id\":\"https:\\\/\\\/informelitoral.com.ar\\\/#website\",\"url\":\"https:\\\/\\\/informelitoral.com.ar\\\/\",\"name\":\"Informe Litoral\",\"description\":\"&quot;Nos informamos&quot; \",\"publisher\":{\"@id\":\"https:\\\/\\\/informelitoral.com.ar\\\/#organization\"},\"potentialAction\":[{\"@type\":\"SearchAction\",\"target\":{\"@type\":\"EntryPoint\",\"urlTemplate\":\"https:\\\/\\\/informelitoral.com.ar\\\/?s={search_term_string}\"},\"query-input\":{\"@type\":\"PropertyValueSpecification\",\"valueRequired\":true,\"valueName\":\"search_term_string\"}}],\"inLanguage\":\"es\"},{\"@type\":\"Organization\",\"@id\":\"https:\\\/\\\/informelitoral.com.ar\\\/#organization\",\"name\":\"Informe Litoral\",\"url\":\"https:\\\/\\\/informelitoral.com.ar\\\/\",\"logo\":{\"@type\":\"ImageObject\",\"inLanguage\":\"es\",\"@id\":\"https:\\\/\\\/informelitoral.com.ar\\\/#\\\/schema\\\/logo\\\/image\\\/\",\"url\":\"https:\\\/\\\/informelitoral.com.ar\\\/%77%70%2d%63%6f%6e%74%65%6e%74\\\/uploads\\\/2021\\\/01\\\/circulo.png\",\"contentUrl\":\"https:\\\/\\\/informelitoral.com.ar\\\/%77%70%2d%63%6f%6e%74%65%6e%74\\\/uploads\\\/2021\\\/01\\\/circulo.png\",\"width\":723,\"height\":731,\"caption\":\"Informe Litoral\"},\"image\":{\"@id\":\"https:\\\/\\\/informelitoral.com.ar\\\/#\\\/schema\\\/logo\\\/image\\\/\"},\"sameAs\":[\"https:\\\/\\\/www.facebook.com\\\/informelitoral\\\/\",\"https:\\\/\\\/x.com\\\/InformeLitoral\",\"https:\\\/\\\/www.instagram.com\\\/informelitoral\\\/\",\"https:\\\/\\\/www.youtube.com\\\/channel\\\/UCua4Qvz8Icb6MYqhoq9xLXw\"]},{\"@type\":\"Person\",\"@id\":\"https:\\\/\\\/informelitoral.com.ar\\\/#\\\/schema\\\/person\\\/b9d00407c836482871ef1d57bf8e3180\",\"name\":\"Gonzalo Schmidt\",\"image\":{\"@type\":\"ImageObject\",\"inLanguage\":\"es\",\"@id\":\"https:\\\/\\\/secure.gravatar.com\\\/avatar\\\/31a1a7b66ff2de83bd0e9fd79d026630d2d99e55e8bfe501287647b4fd9743de?s=96&d=mm&r=g\",\"url\":\"https:\\\/\\\/secure.gravatar.com\\\/avatar\\\/31a1a7b66ff2de83bd0e9fd79d026630d2d99e55e8bfe501287647b4fd9743de?s=96&d=mm&r=g\",\"contentUrl\":\"https:\\\/\\\/secure.gravatar.com\\\/avatar\\\/31a1a7b66ff2de83bd0e9fd79d026630d2d99e55e8bfe501287647b4fd9743de?s=96&d=mm&r=g\",\"caption\":\"Gonzalo Schmidt\"},\"description\":\"Sitio web de noticias de la provincia de Entre R\u00edos, Argentina. Informaci\u00f3n y entretenimiento. Informe Litoral, nos informamos.\",\"sameAs\":[\"http:\\\/\\\/www.isletasnoticias.com.ar\"],\"url\":\"https:\\\/\\\/informelitoral.com.ar\\\/author\\\/gonzalo\\\/\"}]}<\/script>","yoast_head_json":{"title":"Aseguran que Entre R\u00edos logr\u00f3 un \u00e9xito tur\u00edstico durante el fin de semana - Informe Litoral","robots":{"index":"index","follow":"follow","max-snippet":"max-snippet:-1","max-image-preview":"max-image-preview:large","max-video-preview":"max-video-preview:-1"},"canonical":"https:\/\/informelitoral.com.ar\/aseguran-que-entre-rios-logro-un-exito-turistico-durante-el-fin-de-semana\/","og_locale":"es_ES","og_type":"article","og_title":"Aseguran que Entre R\u00edos logr\u00f3 un \u00e9xito tur\u00edstico durante el fin de semana - Informe Litoral","og_description":"El fin de semana se registr&oacute; una gran afluencia de visitantes en los diferentes centros tur&iacute;sticos de Entre R&iacute;os, logr&aacute;ndose niveles de ocupaci&oacute;n superiores al 90 por ciento en la mayor&iacute;a de los hoteles. &laquo;Cada d&iacute;a, y gracias al trabajo mancomunado que se viene realizando entre el sector p&uacute;blico y privado, nos vamos consolidando como [&hellip;]","og_url":"https:\/\/informelitoral.com.ar\/aseguran-que-entre-rios-logro-un-exito-turistico-durante-el-fin-de-semana\/","og_site_name":"Informe Litoral","article_publisher":"https:\/\/www.facebook.com\/informelitoral\/","article_published_time":"2014-10-15T01:13:02+00:00","og_image":[{"width":640,"height":360,"url":"https:\/\/informelitoral.com.ar\/%77%70%2d%63%6f%6e%74%65%6e%74\/uploads\/2014\/10\/o_1321582695.jpg","type":"image\/jpeg"}],"author":"Gonzalo Schmidt","twitter_card":"summary_large_image","twitter_creator":"@InformeLitoral","twitter_site":"@InformeLitoral","twitter_misc":{"Escrito por":"Gonzalo Schmidt","Tiempo de lectura":"2 minutos"},"schema":{"@context":"https:\/\/schema.org","@graph":[{"@type":"Article","@id":"https:\/\/informelitoral.com.ar\/aseguran-que-entre-rios-logro-un-exito-turistico-durante-el-fin-de-semana\/#article","isPartOf":{"@id":"https:\/\/informelitoral.com.ar\/aseguran-que-entre-rios-logro-un-exito-turistico-durante-el-fin-de-semana\/"},"author":{"name":"Gonzalo Schmidt","@id":"https:\/\/informelitoral.com.ar\/#\/schema\/person\/b9d00407c836482871ef1d57bf8e3180"},"headline":"Aseguran que Entre R\u00edos logr\u00f3 un \u00e9xito tur\u00edstico durante el fin de semana","datePublished":"2014-10-15T01:13:02+00:00","mainEntityOfPage":{"@id":"https:\/\/informelitoral.com.ar\/aseguran-que-entre-rios-logro-un-exito-turistico-durante-el-fin-de-semana\/"},"wordCount":473,"commentCount":0,"publisher":{"@id":"https:\/\/informelitoral.com.ar\/#organization"},"image":{"@id":"https:\/\/informelitoral.com.ar\/aseguran-que-entre-rios-logro-un-exito-turistico-durante-el-fin-de-semana\/#primaryimage"},"thumbnailUrl":"http:\/\/www.isletasnoticias.com.ar\/%77%70%2d%63%6f%6e%74%65%6e%74\/uploads\/2014\/10\/o_1321582695-300x168.jpg","articleSection":["Entre R\u00edos"],"inLanguage":"es","potentialAction":[{"@type":"CommentAction","name":"Comment","target":["https:\/\/informelitoral.com.ar\/aseguran-que-entre-rios-logro-un-exito-turistico-durante-el-fin-de-semana\/#respond"]}]},{"@type":"WebPage","@id":"https:\/\/informelitoral.com.ar\/aseguran-que-entre-rios-logro-un-exito-turistico-durante-el-fin-de-semana\/","url":"https:\/\/informelitoral.com.ar\/aseguran-que-entre-rios-logro-un-exito-turistico-durante-el-fin-de-semana\/","name":"Aseguran que Entre R\u00edos logr\u00f3 un \u00e9xito tur\u00edstico durante el fin de semana - Informe Litoral","isPartOf":{"@id":"https:\/\/informelitoral.com.ar\/#website"},"primaryImageOfPage":{"@id":"https:\/\/informelitoral.com.ar\/aseguran-que-entre-rios-logro-un-exito-turistico-durante-el-fin-de-semana\/#primaryimage"},"image":{"@id":"https:\/\/informelitoral.com.ar\/aseguran-que-entre-rios-logro-un-exito-turistico-durante-el-fin-de-semana\/#primaryimage"},"thumbnailUrl":"http:\/\/www.isletasnoticias.com.ar\/%77%70%2d%63%6f%6e%74%65%6e%74\/uploads\/2014\/10\/o_1321582695-300x168.jpg","datePublished":"2014-10-15T01:13:02+00:00","breadcrumb":{"@id":"https:\/\/informelitoral.com.ar\/aseguran-que-entre-rios-logro-un-exito-turistico-durante-el-fin-de-semana\/#breadcrumb"},"inLanguage":"es","potentialAction":[{"@type":"ReadAction","target":["https:\/\/informelitoral.com.ar\/aseguran-que-entre-rios-logro-un-exito-turistico-durante-el-fin-de-semana\/"]}]},{"@type":"ImageObject","inLanguage":"es","@id":"https:\/\/informelitoral.com.ar\/aseguran-que-entre-rios-logro-un-exito-turistico-durante-el-fin-de-semana\/#primaryimage","url":"http:\/\/www.isletasnoticias.com.ar\/%77%70%2d%63%6f%6e%74%65%6e%74\/uploads\/2014\/10\/o_1321582695-300x168.jpg","contentUrl":"http:\/\/www.isletasnoticias.com.ar\/%77%70%2d%63%6f%6e%74%65%6e%74\/uploads\/2014\/10\/o_1321582695-300x168.jpg"},{"@type":"BreadcrumbList","@id":"https:\/\/informelitoral.com.ar\/aseguran-que-entre-rios-logro-un-exito-turistico-durante-el-fin-de-semana\/#breadcrumb","itemListElement":[{"@type":"ListItem","position":1,"name":"Portada","item":"https:\/\/informelitoral.com.ar\/"},{"@type":"ListItem","position":2,"name":"Aseguran que Entre R\u00edos logr\u00f3 un \u00e9xito tur\u00edstico durante el fin de semana"}]},{"@type":"WebSite","@id":"https:\/\/informelitoral.com.ar\/#website","url":"https:\/\/informelitoral.com.ar\/","name":"Informe Litoral","description":"&quot;Nos informamos&quot; ","publisher":{"@id":"https:\/\/informelitoral.com.ar\/#organization"},"potentialAction":[{"@type":"SearchAction","target":{"@type":"EntryPoint","urlTemplate":"https:\/\/informelitoral.com.ar\/?s={search_term_string}"},"query-input":{"@type":"PropertyValueSpecification","valueRequired":true,"valueName":"search_term_string"}}],"inLanguage":"es"},{"@type":"Organization","@id":"https:\/\/informelitoral.com.ar\/#organization","name":"Informe Litoral","url":"https:\/\/informelitoral.com.ar\/","logo":{"@type":"ImageObject","inLanguage":"es","@id":"https:\/\/informelitoral.com.ar\/#\/schema\/logo\/image\/","url":"https:\/\/informelitoral.com.ar\/%77%70%2d%63%6f%6e%74%65%6e%74\/uploads\/2021\/01\/circulo.png","contentUrl":"https:\/\/informelitoral.com.ar\/%77%70%2d%63%6f%6e%74%65%6e%74\/uploads\/2021\/01\/circulo.png","width":723,"height":731,"caption":"Informe Litoral"},"image":{"@id":"https:\/\/informelitoral.com.ar\/#\/schema\/logo\/image\/"},"sameAs":["https:\/\/www.facebook.com\/informelitoral\/","https:\/\/x.com\/InformeLitoral","https:\/\/www.instagram.com\/informelitoral\/","https:\/\/www.youtube.com\/channel\/UCua4Qvz8Icb6MYqhoq9xLXw"]},{"@type":"Person","@id":"https:\/\/informelitoral.com.ar\/#\/schema\/person\/b9d00407c836482871ef1d57bf8e3180","name":"Gonzalo Schmidt","image":{"@type":"ImageObject","inLanguage":"es","@id":"https:\/\/secure.gravatar.com\/avatar\/31a1a7b66ff2de83bd0e9fd79d026630d2d99e55e8bfe501287647b4fd9743de?s=96&d=mm&r=g","url":"https:\/\/secure.gravatar.com\/avatar\/31a1a7b66ff2de83bd0e9fd79d026630d2d99e55e8bfe501287647b4fd9743de?s=96&d=mm&r=g","contentUrl":"https:\/\/secure.gravatar.com\/avatar\/31a1a7b66ff2de83bd0e9fd79d026630d2d99e55e8bfe501287647b4fd9743de?s=96&d=mm&r=g","caption":"Gonzalo Schmidt"},"description":"Sitio web de noticias de la provincia de Entre R\u00edos, Argentina. Informaci\u00f3n y entretenimiento. Informe Litoral, nos informamos.","sameAs":["http:\/\/www.isletasnoticias.com.ar"],"url":"https:\/\/informelitoral.com.ar\/author\/gonzalo\/"}]}},"_links":{"self":[{"href":"https:\/\/informelitoral.com.ar\/%77%70%2d%6a%73%6f%6e\/wp\/v2\/posts\/8557","targetHints":{"allow":["GET"]}}],"collection":[{"href":"https:\/\/informelitoral.com.ar\/%77%70%2d%6a%73%6f%6e\/wp\/v2\/posts"}],"about":[{"href":"https:\/\/informelitoral.com.ar\/%77%70%2d%6a%73%6f%6e\/wp\/v2\/types\/post"}],"author":[{"embeddable":true,"href":"https:\/\/informelitoral.com.ar\/%77%70%2d%6a%73%6f%6e\/wp\/v2\/users\/2"}],"replies":[{"embeddable":true,"href":"https:\/\/informelitoral.com.ar\/%77%70%2d%6a%73%6f%6e\/wp\/v2\/comments?post=8557"}],"version-history":[{"count":0,"href":"https:\/\/informelitoral.com.ar\/%77%70%2d%6a%73%6f%6e\/wp\/v2\/posts\/8557\/revisions"}],"wp:attachment":[{"href":"https:\/\/informelitoral.com.ar\/%77%70%2d%6a%73%6f%6e\/wp\/v2\/media?parent=8557"}],"wp:term":[{"taxonomy":"category","embeddable":true,"href":"https:\/\/informelitoral.com.ar\/%77%70%2d%6a%73%6f%6e\/wp\/v2\/categories?post=8557"},{"taxonomy":"post_tag","embeddable":true,"href":"https:\/\/informelitoral.com.ar\/%77%70%2d%6a%73%6f%6e\/wp\/v2\/tags?post=8557"}],"curies":[{"name":"wp","href":"https:\/\/api.w.org\/{rel}","templated":true}]}}