{"id":8554,"date":"2014-10-12T12:17:00","date_gmt":"2014-10-12T15:17:00","guid":{"rendered":"http:\/\/www.isletasnoticias.com.ar\/?p=8554"},"modified":"2014-10-12T12:17:00","modified_gmt":"2014-10-12T15:17:00","slug":"tragedia-vial-fallecieron-seis-jovenes-de-victoria-y-una-mujer-de-rosario","status":"publish","type":"post","link":"https:\/\/informelitoral.com.ar\/tragedia-vial-fallecieron-seis-jovenes-de-victoria-y-una-mujer-de-rosario\/","title":{"rendered":"Tragedia vial: fallecieron seis j\u00f3venes de Victoria y una mujer de Rosario"},"content":{"rendered":"<p><strong>A las 7.30 de la ma\u00f1ana impactaron de frente dos veh\u00edculos en la ruta 26, a pocos metros de la rotonda de acceso a Victoria. Hay cuatro heridos, entre ellos tres ni\u00f1os.<a href=\"http:\/\/www.isletasnoticias.com.ar\/%77%70%2d%63%6f%6e%74%65%6e%74\/uploads\/2014\/10\/accidente-1.jpg_2069580699.jpg\"><img loading=\"lazy\" decoding=\"async\" class=\"aligncenter size-medium wp-image-8555\" src=\"http:\/\/www.isletasnoticias.com.ar\/%77%70%2d%63%6f%6e%74%65%6e%74\/uploads\/2014\/10\/accidente-1.jpg_2069580699-300x199.jpg\" alt=\"accidente-1.jpg_2069580699\" width=\"300\" height=\"199\" srcset=\"https:\/\/informelitoral.com.ar\/%77%70%2d%63%6f%6e%74%65%6e%74\/uploads\/2014\/10\/accidente-1.jpg_2069580699-300x199.jpg 300w, https:\/\/informelitoral.com.ar\/%77%70%2d%63%6f%6e%74%65%6e%74\/uploads\/2014\/10\/accidente-1.jpg_2069580699.jpg 761w\" sizes=\"auto, (max-width: 300px) 100vw, 300px\" \/><\/a><\/strong><\/p>\n<p class=\"first\">Un veh\u00edculo Renault Logan colision\u00f3 de frente con una camioneta Mitsubishi Montero dejando como lamentable saldo el fallecimiento de todos los ocupantes del Renault, los cuales a\u00fan se encontraban atrapados en el veh\u00edculo, supo<i> Elonce.com<\/i>.<\/p>\n<p>\u201cLos j\u00f3venes ven\u00edan de una Fiesta de Disfraces desde Nogoy\u00e1 y el Renault Montero, desde Rosario. A 1500 metros del empalme, aparentemente el Logan comenz\u00f3 a derrapar, cruz\u00e1ndose e impactando al medio en uno de los laterales al veh\u00edculo que ven\u00eda desde Rosario con una pareja y dos ni\u00f1os\u201d detall\u00f3, el comisario <strong>Victorino Borr\u00e9<\/strong>, subjefe de la departamental Victoria de la Polic\u00eda.<\/p>\n<p>Los fallecidos son los seis j\u00f3venes del Logan, oriundos de Victoria, que no han podido ser identificados a\u00fan por la gravedad del impacto. Muri\u00f3 tambi\u00e9n instant\u00e1neamente la mujer que circulaba junto a su familia en la camioneta.<\/p>\n<p>El conductor de la Mitsubishi, esposo de la mujer fallecida se encuentra grave, y los hijos menores de edad, tambi\u00e9n resultaron lesionados. Fueron derivados al hospital Ferm\u00edn Salaberry de Victoria.<\/p>\n<p>El impacto fue muy violento: la camioneta qued\u00f3 incrustada hasta la mitad en el autom\u00f3vil de menor porte.<\/p>\n<p>La tragedia vial enluta a la ciudad de Victoria. LT 39 Radio Victoria inform\u00f3 que se necesitaban dadores de sangre cero positivo para las personas heridas por el accidente de tr\u00e1nsito. Una hora despu\u00e9s se comunic\u00f3 que la gente hab\u00eda acudido en gran n\u00famero al hospital Salaberry y ya no se necesitaban m\u00e1s donantes.<\/p>\n","protected":false},"excerpt":{"rendered":"<p>A las 7.30 de la ma&ntilde;ana impactaron de frente dos veh&iacute;culos en la ruta 26, a pocos metros de la rotonda de acceso a Victoria. Hay cuatro heridos, entre ellos tres ni&ntilde;os. Un veh&iacute;culo Renault Logan colision&oacute; de frente con una camioneta Mitsubishi Montero dejando como lamentable saldo el fallecimiento de todos los ocupantes del [&hellip;]<\/p>\n","protected":false},"author":2,"featured_media":0,"comment_status":"open","ping_status":"open","sticky":false,"template":"","format":"standard","meta":{"fifu_image_url":"","fifu_image_alt":"","footnotes":""},"categories":[14],"tags":[],"class_list":{"0":"post-8554","1":"post","2":"type-post","3":"status-publish","4":"format-standard","6":"category-policiales"},"yoast_head":"<title>Tragedia vial: fallecieron seis j\u00f3venes de Victoria y una mujer de Rosario - Informe Litoral<\/title>\n<meta name=\"robots\" content=\"index, follow, max-snippet:-1, max-image-preview:large, max-video-preview:-1\" \/>\n<link rel=\"canonical\" href=\"https:\/\/informelitoral.com.ar\/tragedia-vial-fallecieron-seis-jovenes-de-victoria-y-una-mujer-de-rosario\/\" \/>\n<meta property=\"og:locale\" content=\"es_ES\" \/>\n<meta property=\"og:type\" content=\"article\" \/>\n<meta property=\"og:title\" content=\"Tragedia vial: fallecieron seis j\u00f3venes de Victoria y una mujer de Rosario - Informe Litoral\" \/>\n<meta property=\"og:description\" content=\"A las 7.30 de la ma&ntilde;ana impactaron de frente dos veh&iacute;culos en la ruta 26, a pocos metros de la rotonda de acceso a Victoria. Hay cuatro heridos, entre ellos tres ni&ntilde;os. Un veh&iacute;culo Renault Logan colision&oacute; de frente con una camioneta Mitsubishi Montero dejando como lamentable saldo el fallecimiento de todos los ocupantes del [&hellip;]\" \/>\n<meta property=\"og:url\" content=\"https:\/\/informelitoral.com.ar\/tragedia-vial-fallecieron-seis-jovenes-de-victoria-y-una-mujer-de-rosario\/\" \/>\n<meta property=\"og:site_name\" content=\"Informe Litoral\" \/>\n<meta property=\"article:publisher\" content=\"https:\/\/www.facebook.com\/informelitoral\/\" \/>\n<meta property=\"article:published_time\" content=\"2014-10-12T15:17:00+00:00\" \/>\n<meta property=\"og:image\" content=\"https:\/\/informelitoral.com.ar\/%77%70%2d%63%6f%6e%74%65%6e%74\/uploads\/2014\/10\/accidente-1.jpg_2069580699.jpg\" \/>\n\t<meta property=\"og:image:width\" content=\"761\" \/>\n\t<meta property=\"og:image:height\" content=\"507\" \/>\n\t<meta property=\"og:image:type\" content=\"image\/jpeg\" \/>\n<meta name=\"author\" content=\"Gonzalo Schmidt\" \/>\n<meta name=\"twitter:card\" content=\"summary_large_image\" \/>\n<meta name=\"twitter:creator\" content=\"@InformeLitoral\" \/>\n<meta name=\"twitter:site\" content=\"@InformeLitoral\" \/>\n<meta name=\"twitter:label1\" content=\"Escrito por\" \/>\n\t<meta name=\"twitter:data1\" content=\"Gonzalo Schmidt\" \/>\n\t<meta name=\"twitter:label2\" content=\"Tiempo de lectura\" \/>\n\t<meta name=\"twitter:data2\" content=\"1 minuto\" \/>\n<script type=\"application\/ld+json\" class=\"yoast-schema-graph\">{\"@context\":\"https:\\\/\\\/schema.org\",\"@graph\":[{\"@type\":\"Article\",\"@id\":\"https:\\\/\\\/informelitoral.com.ar\\\/tragedia-vial-fallecieron-seis-jovenes-de-victoria-y-una-mujer-de-rosario\\\/#article\",\"isPartOf\":{\"@id\":\"https:\\\/\\\/informelitoral.com.ar\\\/tragedia-vial-fallecieron-seis-jovenes-de-victoria-y-una-mujer-de-rosario\\\/\"},\"author\":{\"name\":\"Gonzalo Schmidt\",\"@id\":\"https:\\\/\\\/informelitoral.com.ar\\\/#\\\/schema\\\/person\\\/b9d00407c836482871ef1d57bf8e3180\"},\"headline\":\"Tragedia vial: fallecieron seis j\u00f3venes de Victoria y una mujer de Rosario\",\"datePublished\":\"2014-10-12T15:17:00+00:00\",\"mainEntityOfPage\":{\"@id\":\"https:\\\/\\\/informelitoral.com.ar\\\/tragedia-vial-fallecieron-seis-jovenes-de-victoria-y-una-mujer-de-rosario\\\/\"},\"wordCount\":303,\"commentCount\":0,\"publisher\":{\"@id\":\"https:\\\/\\\/informelitoral.com.ar\\\/#organization\"},\"image\":{\"@id\":\"https:\\\/\\\/informelitoral.com.ar\\\/tragedia-vial-fallecieron-seis-jovenes-de-victoria-y-una-mujer-de-rosario\\\/#primaryimage\"},\"thumbnailUrl\":\"http:\\\/\\\/www.isletasnoticias.com.ar\\\/%77%70%2d%63%6f%6e%74%65%6e%74\\\/uploads\\\/2014\\\/10\\\/accidente-1.jpg_2069580699-300x199.jpg\",\"articleSection\":[\"Policiales\"],\"inLanguage\":\"es\",\"potentialAction\":[{\"@type\":\"CommentAction\",\"name\":\"Comment\",\"target\":[\"https:\\\/\\\/informelitoral.com.ar\\\/tragedia-vial-fallecieron-seis-jovenes-de-victoria-y-una-mujer-de-rosario\\\/#respond\"]}]},{\"@type\":\"WebPage\",\"@id\":\"https:\\\/\\\/informelitoral.com.ar\\\/tragedia-vial-fallecieron-seis-jovenes-de-victoria-y-una-mujer-de-rosario\\\/\",\"url\":\"https:\\\/\\\/informelitoral.com.ar\\\/tragedia-vial-fallecieron-seis-jovenes-de-victoria-y-una-mujer-de-rosario\\\/\",\"name\":\"Tragedia vial: fallecieron seis j\u00f3venes de Victoria y una mujer de Rosario - Informe Litoral\",\"isPartOf\":{\"@id\":\"https:\\\/\\\/informelitoral.com.ar\\\/#website\"},\"primaryImageOfPage\":{\"@id\":\"https:\\\/\\\/informelitoral.com.ar\\\/tragedia-vial-fallecieron-seis-jovenes-de-victoria-y-una-mujer-de-rosario\\\/#primaryimage\"},\"image\":{\"@id\":\"https:\\\/\\\/informelitoral.com.ar\\\/tragedia-vial-fallecieron-seis-jovenes-de-victoria-y-una-mujer-de-rosario\\\/#primaryimage\"},\"thumbnailUrl\":\"http:\\\/\\\/www.isletasnoticias.com.ar\\\/%77%70%2d%63%6f%6e%74%65%6e%74\\\/uploads\\\/2014\\\/10\\\/accidente-1.jpg_2069580699-300x199.jpg\",\"datePublished\":\"2014-10-12T15:17:00+00:00\",\"breadcrumb\":{\"@id\":\"https:\\\/\\\/informelitoral.com.ar\\\/tragedia-vial-fallecieron-seis-jovenes-de-victoria-y-una-mujer-de-rosario\\\/#breadcrumb\"},\"inLanguage\":\"es\",\"potentialAction\":[{\"@type\":\"ReadAction\",\"target\":[\"https:\\\/\\\/informelitoral.com.ar\\\/tragedia-vial-fallecieron-seis-jovenes-de-victoria-y-una-mujer-de-rosario\\\/\"]}]},{\"@type\":\"ImageObject\",\"inLanguage\":\"es\",\"@id\":\"https:\\\/\\\/informelitoral.com.ar\\\/tragedia-vial-fallecieron-seis-jovenes-de-victoria-y-una-mujer-de-rosario\\\/#primaryimage\",\"url\":\"http:\\\/\\\/www.isletasnoticias.com.ar\\\/%77%70%2d%63%6f%6e%74%65%6e%74\\\/uploads\\\/2014\\\/10\\\/accidente-1.jpg_2069580699-300x199.jpg\",\"contentUrl\":\"http:\\\/\\\/www.isletasnoticias.com.ar\\\/%77%70%2d%63%6f%6e%74%65%6e%74\\\/uploads\\\/2014\\\/10\\\/accidente-1.jpg_2069580699-300x199.jpg\"},{\"@type\":\"BreadcrumbList\",\"@id\":\"https:\\\/\\\/informelitoral.com.ar\\\/tragedia-vial-fallecieron-seis-jovenes-de-victoria-y-una-mujer-de-rosario\\\/#breadcrumb\",\"itemListElement\":[{\"@type\":\"ListItem\",\"position\":1,\"name\":\"Portada\",\"item\":\"https:\\\/\\\/informelitoral.com.ar\\\/\"},{\"@type\":\"ListItem\",\"position\":2,\"name\":\"Tragedia vial: fallecieron seis j\u00f3venes de Victoria y una mujer de Rosario\"}]},{\"@type\":\"WebSite\",\"@id\":\"https:\\\/\\\/informelitoral.com.ar\\\/#website\",\"url\":\"https:\\\/\\\/informelitoral.com.ar\\\/\",\"name\":\"Informe Litoral\",\"description\":\"&quot;Nos informamos&quot; \",\"publisher\":{\"@id\":\"https:\\\/\\\/informelitoral.com.ar\\\/#organization\"},\"potentialAction\":[{\"@type\":\"SearchAction\",\"target\":{\"@type\":\"EntryPoint\",\"urlTemplate\":\"https:\\\/\\\/informelitoral.com.ar\\\/?s={search_term_string}\"},\"query-input\":{\"@type\":\"PropertyValueSpecification\",\"valueRequired\":true,\"valueName\":\"search_term_string\"}}],\"inLanguage\":\"es\"},{\"@type\":\"Organization\",\"@id\":\"https:\\\/\\\/informelitoral.com.ar\\\/#organization\",\"name\":\"Informe Litoral\",\"url\":\"https:\\\/\\\/informelitoral.com.ar\\\/\",\"logo\":{\"@type\":\"ImageObject\",\"inLanguage\":\"es\",\"@id\":\"https:\\\/\\\/informelitoral.com.ar\\\/#\\\/schema\\\/logo\\\/image\\\/\",\"url\":\"https:\\\/\\\/informelitoral.com.ar\\\/%77%70%2d%63%6f%6e%74%65%6e%74\\\/uploads\\\/2021\\\/01\\\/circulo.png\",\"contentUrl\":\"https:\\\/\\\/informelitoral.com.ar\\\/%77%70%2d%63%6f%6e%74%65%6e%74\\\/uploads\\\/2021\\\/01\\\/circulo.png\",\"width\":723,\"height\":731,\"caption\":\"Informe Litoral\"},\"image\":{\"@id\":\"https:\\\/\\\/informelitoral.com.ar\\\/#\\\/schema\\\/logo\\\/image\\\/\"},\"sameAs\":[\"https:\\\/\\\/www.facebook.com\\\/informelitoral\\\/\",\"https:\\\/\\\/x.com\\\/InformeLitoral\",\"https:\\\/\\\/www.instagram.com\\\/informelitoral\\\/\",\"https:\\\/\\\/www.youtube.com\\\/channel\\\/UCua4Qvz8Icb6MYqhoq9xLXw\"]},{\"@type\":\"Person\",\"@id\":\"https:\\\/\\\/informelitoral.com.ar\\\/#\\\/schema\\\/person\\\/b9d00407c836482871ef1d57bf8e3180\",\"name\":\"Gonzalo Schmidt\",\"image\":{\"@type\":\"ImageObject\",\"inLanguage\":\"es\",\"@id\":\"https:\\\/\\\/secure.gravatar.com\\\/avatar\\\/31a1a7b66ff2de83bd0e9fd79d026630d2d99e55e8bfe501287647b4fd9743de?s=96&d=mm&r=g\",\"url\":\"https:\\\/\\\/secure.gravatar.com\\\/avatar\\\/31a1a7b66ff2de83bd0e9fd79d026630d2d99e55e8bfe501287647b4fd9743de?s=96&d=mm&r=g\",\"contentUrl\":\"https:\\\/\\\/secure.gravatar.com\\\/avatar\\\/31a1a7b66ff2de83bd0e9fd79d026630d2d99e55e8bfe501287647b4fd9743de?s=96&d=mm&r=g\",\"caption\":\"Gonzalo Schmidt\"},\"description\":\"Sitio web de noticias de la provincia de Entre R\u00edos, Argentina. Informaci\u00f3n y entretenimiento. Informe Litoral, nos informamos.\",\"sameAs\":[\"http:\\\/\\\/www.isletasnoticias.com.ar\"],\"url\":\"https:\\\/\\\/informelitoral.com.ar\\\/author\\\/gonzalo\\\/\"}]}<\/script>","yoast_head_json":{"title":"Tragedia vial: fallecieron seis j\u00f3venes de Victoria y una mujer de Rosario - Informe Litoral","robots":{"index":"index","follow":"follow","max-snippet":"max-snippet:-1","max-image-preview":"max-image-preview:large","max-video-preview":"max-video-preview:-1"},"canonical":"https:\/\/informelitoral.com.ar\/tragedia-vial-fallecieron-seis-jovenes-de-victoria-y-una-mujer-de-rosario\/","og_locale":"es_ES","og_type":"article","og_title":"Tragedia vial: fallecieron seis j\u00f3venes de Victoria y una mujer de Rosario - Informe Litoral","og_description":"A las 7.30 de la ma&ntilde;ana impactaron de frente dos veh&iacute;culos en la ruta 26, a pocos metros de la rotonda de acceso a Victoria. Hay cuatro heridos, entre ellos tres ni&ntilde;os. Un veh&iacute;culo Renault Logan colision&oacute; de frente con una camioneta Mitsubishi Montero dejando como lamentable saldo el fallecimiento de todos los ocupantes del [&hellip;]","og_url":"https:\/\/informelitoral.com.ar\/tragedia-vial-fallecieron-seis-jovenes-de-victoria-y-una-mujer-de-rosario\/","og_site_name":"Informe Litoral","article_publisher":"https:\/\/www.facebook.com\/informelitoral\/","article_published_time":"2014-10-12T15:17:00+00:00","og_image":[{"width":761,"height":507,"url":"https:\/\/informelitoral.com.ar\/%77%70%2d%63%6f%6e%74%65%6e%74\/uploads\/2014\/10\/accidente-1.jpg_2069580699.jpg","type":"image\/jpeg"}],"author":"Gonzalo Schmidt","twitter_card":"summary_large_image","twitter_creator":"@InformeLitoral","twitter_site":"@InformeLitoral","twitter_misc":{"Escrito por":"Gonzalo Schmidt","Tiempo de lectura":"1 minuto"},"schema":{"@context":"https:\/\/schema.org","@graph":[{"@type":"Article","@id":"https:\/\/informelitoral.com.ar\/tragedia-vial-fallecieron-seis-jovenes-de-victoria-y-una-mujer-de-rosario\/#article","isPartOf":{"@id":"https:\/\/informelitoral.com.ar\/tragedia-vial-fallecieron-seis-jovenes-de-victoria-y-una-mujer-de-rosario\/"},"author":{"name":"Gonzalo Schmidt","@id":"https:\/\/informelitoral.com.ar\/#\/schema\/person\/b9d00407c836482871ef1d57bf8e3180"},"headline":"Tragedia vial: fallecieron seis j\u00f3venes de Victoria y una mujer de Rosario","datePublished":"2014-10-12T15:17:00+00:00","mainEntityOfPage":{"@id":"https:\/\/informelitoral.com.ar\/tragedia-vial-fallecieron-seis-jovenes-de-victoria-y-una-mujer-de-rosario\/"},"wordCount":303,"commentCount":0,"publisher":{"@id":"https:\/\/informelitoral.com.ar\/#organization"},"image":{"@id":"https:\/\/informelitoral.com.ar\/tragedia-vial-fallecieron-seis-jovenes-de-victoria-y-una-mujer-de-rosario\/#primaryimage"},"thumbnailUrl":"http:\/\/www.isletasnoticias.com.ar\/%77%70%2d%63%6f%6e%74%65%6e%74\/uploads\/2014\/10\/accidente-1.jpg_2069580699-300x199.jpg","articleSection":["Policiales"],"inLanguage":"es","potentialAction":[{"@type":"CommentAction","name":"Comment","target":["https:\/\/informelitoral.com.ar\/tragedia-vial-fallecieron-seis-jovenes-de-victoria-y-una-mujer-de-rosario\/#respond"]}]},{"@type":"WebPage","@id":"https:\/\/informelitoral.com.ar\/tragedia-vial-fallecieron-seis-jovenes-de-victoria-y-una-mujer-de-rosario\/","url":"https:\/\/informelitoral.com.ar\/tragedia-vial-fallecieron-seis-jovenes-de-victoria-y-una-mujer-de-rosario\/","name":"Tragedia vial: fallecieron seis j\u00f3venes de Victoria y una mujer de Rosario - Informe Litoral","isPartOf":{"@id":"https:\/\/informelitoral.com.ar\/#website"},"primaryImageOfPage":{"@id":"https:\/\/informelitoral.com.ar\/tragedia-vial-fallecieron-seis-jovenes-de-victoria-y-una-mujer-de-rosario\/#primaryimage"},"image":{"@id":"https:\/\/informelitoral.com.ar\/tragedia-vial-fallecieron-seis-jovenes-de-victoria-y-una-mujer-de-rosario\/#primaryimage"},"thumbnailUrl":"http:\/\/www.isletasnoticias.com.ar\/%77%70%2d%63%6f%6e%74%65%6e%74\/uploads\/2014\/10\/accidente-1.jpg_2069580699-300x199.jpg","datePublished":"2014-10-12T15:17:00+00:00","breadcrumb":{"@id":"https:\/\/informelitoral.com.ar\/tragedia-vial-fallecieron-seis-jovenes-de-victoria-y-una-mujer-de-rosario\/#breadcrumb"},"inLanguage":"es","potentialAction":[{"@type":"ReadAction","target":["https:\/\/informelitoral.com.ar\/tragedia-vial-fallecieron-seis-jovenes-de-victoria-y-una-mujer-de-rosario\/"]}]},{"@type":"ImageObject","inLanguage":"es","@id":"https:\/\/informelitoral.com.ar\/tragedia-vial-fallecieron-seis-jovenes-de-victoria-y-una-mujer-de-rosario\/#primaryimage","url":"http:\/\/www.isletasnoticias.com.ar\/%77%70%2d%63%6f%6e%74%65%6e%74\/uploads\/2014\/10\/accidente-1.jpg_2069580699-300x199.jpg","contentUrl":"http:\/\/www.isletasnoticias.com.ar\/%77%70%2d%63%6f%6e%74%65%6e%74\/uploads\/2014\/10\/accidente-1.jpg_2069580699-300x199.jpg"},{"@type":"BreadcrumbList","@id":"https:\/\/informelitoral.com.ar\/tragedia-vial-fallecieron-seis-jovenes-de-victoria-y-una-mujer-de-rosario\/#breadcrumb","itemListElement":[{"@type":"ListItem","position":1,"name":"Portada","item":"https:\/\/informelitoral.com.ar\/"},{"@type":"ListItem","position":2,"name":"Tragedia vial: fallecieron seis j\u00f3venes de Victoria y una mujer de Rosario"}]},{"@type":"WebSite","@id":"https:\/\/informelitoral.com.ar\/#website","url":"https:\/\/informelitoral.com.ar\/","name":"Informe Litoral","description":"&quot;Nos informamos&quot; ","publisher":{"@id":"https:\/\/informelitoral.com.ar\/#organization"},"potentialAction":[{"@type":"SearchAction","target":{"@type":"EntryPoint","urlTemplate":"https:\/\/informelitoral.com.ar\/?s={search_term_string}"},"query-input":{"@type":"PropertyValueSpecification","valueRequired":true,"valueName":"search_term_string"}}],"inLanguage":"es"},{"@type":"Organization","@id":"https:\/\/informelitoral.com.ar\/#organization","name":"Informe Litoral","url":"https:\/\/informelitoral.com.ar\/","logo":{"@type":"ImageObject","inLanguage":"es","@id":"https:\/\/informelitoral.com.ar\/#\/schema\/logo\/image\/","url":"https:\/\/informelitoral.com.ar\/%77%70%2d%63%6f%6e%74%65%6e%74\/uploads\/2021\/01\/circulo.png","contentUrl":"https:\/\/informelitoral.com.ar\/%77%70%2d%63%6f%6e%74%65%6e%74\/uploads\/2021\/01\/circulo.png","width":723,"height":731,"caption":"Informe Litoral"},"image":{"@id":"https:\/\/informelitoral.com.ar\/#\/schema\/logo\/image\/"},"sameAs":["https:\/\/www.facebook.com\/informelitoral\/","https:\/\/x.com\/InformeLitoral","https:\/\/www.instagram.com\/informelitoral\/","https:\/\/www.youtube.com\/channel\/UCua4Qvz8Icb6MYqhoq9xLXw"]},{"@type":"Person","@id":"https:\/\/informelitoral.com.ar\/#\/schema\/person\/b9d00407c836482871ef1d57bf8e3180","name":"Gonzalo Schmidt","image":{"@type":"ImageObject","inLanguage":"es","@id":"https:\/\/secure.gravatar.com\/avatar\/31a1a7b66ff2de83bd0e9fd79d026630d2d99e55e8bfe501287647b4fd9743de?s=96&d=mm&r=g","url":"https:\/\/secure.gravatar.com\/avatar\/31a1a7b66ff2de83bd0e9fd79d026630d2d99e55e8bfe501287647b4fd9743de?s=96&d=mm&r=g","contentUrl":"https:\/\/secure.gravatar.com\/avatar\/31a1a7b66ff2de83bd0e9fd79d026630d2d99e55e8bfe501287647b4fd9743de?s=96&d=mm&r=g","caption":"Gonzalo Schmidt"},"description":"Sitio web de noticias de la provincia de Entre R\u00edos, Argentina. Informaci\u00f3n y entretenimiento. Informe Litoral, nos informamos.","sameAs":["http:\/\/www.isletasnoticias.com.ar"],"url":"https:\/\/informelitoral.com.ar\/author\/gonzalo\/"}]}},"_links":{"self":[{"href":"https:\/\/informelitoral.com.ar\/%77%70%2d%6a%73%6f%6e\/wp\/v2\/posts\/8554","targetHints":{"allow":["GET"]}}],"collection":[{"href":"https:\/\/informelitoral.com.ar\/%77%70%2d%6a%73%6f%6e\/wp\/v2\/posts"}],"about":[{"href":"https:\/\/informelitoral.com.ar\/%77%70%2d%6a%73%6f%6e\/wp\/v2\/types\/post"}],"author":[{"embeddable":true,"href":"https:\/\/informelitoral.com.ar\/%77%70%2d%6a%73%6f%6e\/wp\/v2\/users\/2"}],"replies":[{"embeddable":true,"href":"https:\/\/informelitoral.com.ar\/%77%70%2d%6a%73%6f%6e\/wp\/v2\/comments?post=8554"}],"version-history":[{"count":0,"href":"https:\/\/informelitoral.com.ar\/%77%70%2d%6a%73%6f%6e\/wp\/v2\/posts\/8554\/revisions"}],"wp:attachment":[{"href":"https:\/\/informelitoral.com.ar\/%77%70%2d%6a%73%6f%6e\/wp\/v2\/media?parent=8554"}],"wp:term":[{"taxonomy":"category","embeddable":true,"href":"https:\/\/informelitoral.com.ar\/%77%70%2d%6a%73%6f%6e\/wp\/v2\/categories?post=8554"},{"taxonomy":"post_tag","embeddable":true,"href":"https:\/\/informelitoral.com.ar\/%77%70%2d%6a%73%6f%6e\/wp\/v2\/tags?post=8554"}],"curies":[{"name":"wp","href":"https:\/\/api.w.org\/{rel}","templated":true}]}}