{"id":8546,"date":"2014-10-08T23:40:21","date_gmt":"2014-10-09T02:40:21","guid":{"rendered":"http:\/\/www.isletasnoticias.com.ar\/?p=8546"},"modified":"2014-10-09T09:00:32","modified_gmt":"2014-10-09T12:00:32","slug":"ramirez-desde-el-massismo-preparan-la-visita-del-ex-secretario-de-produccion-daniel-welschen","status":"publish","type":"post","link":"https:\/\/informelitoral.com.ar\/ramirez-desde-el-massismo-preparan-la-visita-del-ex-secretario-de-produccion-daniel-welschen\/","title":{"rendered":"Ram\u00edrez: desde el massismo preparan la visita del ex secretario de Producci\u00f3n, Daniel Welschen"},"content":{"rendered":"<p><strong>El ex funcionario llegar\u00e1 a esa ciudad del departamento Diamante el mi\u00e9rcoles 15, de la mano del Frente Entrerriano Federal local, encabezado por <em>Claudio Mantovani.<\/em> Desde la agrupaci\u00f3n pol\u00edtica tambi\u00e9n dieron a conocer la visita de <em>Zavallo<\/em> a Diamante para el martes 14, entre otros temas.\u00a0<a href=\"http:\/\/www.isletasnoticias.com.ar\/%77%70%2d%63%6f%6e%74%65%6e%74\/uploads\/2014\/10\/welschendaniel.jpg\"><img loading=\"lazy\" decoding=\"async\" class=\"aligncenter size-medium wp-image-8547\" src=\"http:\/\/www.isletasnoticias.com.ar\/%77%70%2d%63%6f%6e%74%65%6e%74\/uploads\/2014\/10\/welschendaniel-300x234.jpg\" alt=\"welschendaniel\" width=\"300\" height=\"234\" srcset=\"https:\/\/informelitoral.com.ar\/%77%70%2d%63%6f%6e%74%65%6e%74\/uploads\/2014\/10\/welschendaniel-300x234.jpg 300w, https:\/\/informelitoral.com.ar\/%77%70%2d%63%6f%6e%74%65%6e%74\/uploads\/2014\/10\/welschendaniel.jpg 400w\" sizes=\"auto, (max-width: 300px) 100vw, 300px\" \/><\/a><\/strong><\/p>\n<p>\u00abEl pasado mi\u00e9rcoles 1 de octubre en una nueva reuni\u00f3n del Frente Entrerriano Federal, entre otros temas confirmamos la visita del ex secretario de Producci\u00f3n de la Provincia, Ingeniero Daniel Welschen para el mi\u00e9rcoles 15 de este mes\u00bb, informaron desde el massismo ramirense en un escrito enviado a <em><strong>ISLETAS NOTICIAS.<\/strong><\/em><\/p>\n<p>Seg\u00fan precisaron, en el encuentro tambi\u00e9n acordaron \u00abacompa\u00f1ar a los amigos de Diamante que el martes 14, contar\u00e1n con la visita de nuestro precandidato a gobernador Gustavo \u00abTavi\u00bb Zavallo en la inauguraci\u00f3n de un nuevo local partidario\u00bb.<\/p>\n<p>Por otro lado, en la reuni\u00f3n \u00abse analizaron diversas problem\u00e1ticas locales entre ellas la de la seguridad, haci\u00e9ndose un exhaustivo an\u00e1lisis de lo acontecido en este \u00faltimo tiempo\u00bb. Adem\u00e1s se habr\u00edan sumado nuevos vecinos para apoyar a \u00abClaudio Mantovani intendente\u00bb de cara a las elecciones del a\u00f1o pr\u00f3ximo.<\/p>\n<p>En tanto, para\u00a0solventar los gastos que demandar\u00e1 la campa\u00f1a 2015 \u00abse puso a la venta un bono contribuci\u00f3n que venimos realizando mensualmente\u00bb, comentaron.<em>\u00a0(Isletas Noticias)<\/em><\/p>\n","protected":false},"excerpt":{"rendered":"<p>El ex funcionario llegar&aacute; a esa ciudad del departamento Diamante el mi&eacute;rcoles 15, de la mano del Frente Entrerriano Federal local, encabezado por Claudio Mantovani. Desde la agrupaci&oacute;n pol&iacute;tica tambi&eacute;n dieron a conocer la visita de Zavallo a Diamante para el martes 14, entre otros temas.&nbsp; &laquo;El pasado mi&eacute;rcoles 1 de octubre en una nueva [&hellip;]<\/p>\n","protected":false},"author":2,"featured_media":0,"comment_status":"open","ping_status":"open","sticky":false,"template":"","format":"standard","meta":{"fifu_image_url":"","fifu_image_alt":"","footnotes":""},"categories":[5,16],"tags":[],"class_list":{"0":"post-8546","1":"post","2":"type-post","3":"status-publish","4":"format-standard","6":"category-zonales","7":"category-politi"},"yoast_head":"<title>Ram\u00edrez: desde el massismo preparan la visita del ex secretario de Producci\u00f3n, Daniel Welschen - Informe Litoral<\/title>\n<meta name=\"robots\" content=\"index, follow, max-snippet:-1, max-image-preview:large, max-video-preview:-1\" \/>\n<link rel=\"canonical\" href=\"https:\/\/informelitoral.com.ar\/ramirez-desde-el-massismo-preparan-la-visita-del-ex-secretario-de-produccion-daniel-welschen\/\" \/>\n<meta property=\"og:locale\" content=\"es_ES\" \/>\n<meta property=\"og:type\" content=\"article\" \/>\n<meta property=\"og:title\" content=\"Ram\u00edrez: desde el massismo preparan la visita del ex secretario de Producci\u00f3n, Daniel Welschen - Informe Litoral\" \/>\n<meta property=\"og:description\" content=\"El ex funcionario llegar&aacute; a esa ciudad del departamento Diamante el mi&eacute;rcoles 15, de la mano del Frente Entrerriano Federal local, encabezado por Claudio Mantovani. Desde la agrupaci&oacute;n pol&iacute;tica tambi&eacute;n dieron a conocer la visita de Zavallo a Diamante para el martes 14, entre otros temas.&nbsp; &laquo;El pasado mi&eacute;rcoles 1 de octubre en una nueva [&hellip;]\" \/>\n<meta property=\"og:url\" content=\"https:\/\/informelitoral.com.ar\/ramirez-desde-el-massismo-preparan-la-visita-del-ex-secretario-de-produccion-daniel-welschen\/\" \/>\n<meta property=\"og:site_name\" content=\"Informe Litoral\" \/>\n<meta property=\"article:publisher\" content=\"https:\/\/www.facebook.com\/informelitoral\/\" \/>\n<meta property=\"article:published_time\" content=\"2014-10-09T02:40:21+00:00\" \/>\n<meta property=\"article:modified_time\" content=\"2014-10-09T12:00:32+00:00\" \/>\n<meta property=\"og:image\" content=\"https:\/\/informelitoral.com.ar\/%77%70%2d%63%6f%6e%74%65%6e%74\/uploads\/2014\/10\/welschendaniel.jpg\" \/>\n\t<meta property=\"og:image:width\" content=\"400\" \/>\n\t<meta property=\"og:image:height\" content=\"312\" \/>\n\t<meta property=\"og:image:type\" content=\"image\/jpeg\" \/>\n<meta name=\"author\" content=\"Gonzalo Schmidt\" \/>\n<meta name=\"twitter:card\" content=\"summary_large_image\" \/>\n<meta name=\"twitter:creator\" content=\"@InformeLitoral\" \/>\n<meta name=\"twitter:site\" content=\"@InformeLitoral\" \/>\n<meta name=\"twitter:label1\" content=\"Escrito por\" \/>\n\t<meta name=\"twitter:data1\" content=\"Gonzalo Schmidt\" \/>\n\t<meta name=\"twitter:label2\" content=\"Tiempo de lectura\" \/>\n\t<meta name=\"twitter:data2\" content=\"1 minuto\" \/>\n<script type=\"application\/ld+json\" class=\"yoast-schema-graph\">{\"@context\":\"https:\\\/\\\/schema.org\",\"@graph\":[{\"@type\":\"Article\",\"@id\":\"https:\\\/\\\/informelitoral.com.ar\\\/ramirez-desde-el-massismo-preparan-la-visita-del-ex-secretario-de-produccion-daniel-welschen\\\/#article\",\"isPartOf\":{\"@id\":\"https:\\\/\\\/informelitoral.com.ar\\\/ramirez-desde-el-massismo-preparan-la-visita-del-ex-secretario-de-produccion-daniel-welschen\\\/\"},\"author\":{\"name\":\"Gonzalo Schmidt\",\"@id\":\"https:\\\/\\\/informelitoral.com.ar\\\/#\\\/schema\\\/person\\\/b9d00407c836482871ef1d57bf8e3180\"},\"headline\":\"Ram\u00edrez: desde el massismo preparan la visita del ex secretario de Producci\u00f3n, Daniel Welschen\",\"datePublished\":\"2014-10-09T02:40:21+00:00\",\"dateModified\":\"2014-10-09T12:00:32+00:00\",\"mainEntityOfPage\":{\"@id\":\"https:\\\/\\\/informelitoral.com.ar\\\/ramirez-desde-el-massismo-preparan-la-visita-del-ex-secretario-de-produccion-daniel-welschen\\\/\"},\"wordCount\":240,\"commentCount\":0,\"publisher\":{\"@id\":\"https:\\\/\\\/informelitoral.com.ar\\\/#organization\"},\"image\":{\"@id\":\"https:\\\/\\\/informelitoral.com.ar\\\/ramirez-desde-el-massismo-preparan-la-visita-del-ex-secretario-de-produccion-daniel-welschen\\\/#primaryimage\"},\"thumbnailUrl\":\"http:\\\/\\\/www.isletasnoticias.com.ar\\\/%77%70%2d%63%6f%6e%74%65%6e%74\\\/uploads\\\/2014\\\/10\\\/welschendaniel-300x234.jpg\",\"articleSection\":[\"Departamento Diamante\",\"Politica\"],\"inLanguage\":\"es\",\"potentialAction\":[{\"@type\":\"CommentAction\",\"name\":\"Comment\",\"target\":[\"https:\\\/\\\/informelitoral.com.ar\\\/ramirez-desde-el-massismo-preparan-la-visita-del-ex-secretario-de-produccion-daniel-welschen\\\/#respond\"]}]},{\"@type\":\"WebPage\",\"@id\":\"https:\\\/\\\/informelitoral.com.ar\\\/ramirez-desde-el-massismo-preparan-la-visita-del-ex-secretario-de-produccion-daniel-welschen\\\/\",\"url\":\"https:\\\/\\\/informelitoral.com.ar\\\/ramirez-desde-el-massismo-preparan-la-visita-del-ex-secretario-de-produccion-daniel-welschen\\\/\",\"name\":\"Ram\u00edrez: desde el massismo preparan la visita del ex secretario de Producci\u00f3n, Daniel Welschen - Informe Litoral\",\"isPartOf\":{\"@id\":\"https:\\\/\\\/informelitoral.com.ar\\\/#website\"},\"primaryImageOfPage\":{\"@id\":\"https:\\\/\\\/informelitoral.com.ar\\\/ramirez-desde-el-massismo-preparan-la-visita-del-ex-secretario-de-produccion-daniel-welschen\\\/#primaryimage\"},\"image\":{\"@id\":\"https:\\\/\\\/informelitoral.com.ar\\\/ramirez-desde-el-massismo-preparan-la-visita-del-ex-secretario-de-produccion-daniel-welschen\\\/#primaryimage\"},\"thumbnailUrl\":\"http:\\\/\\\/www.isletasnoticias.com.ar\\\/%77%70%2d%63%6f%6e%74%65%6e%74\\\/uploads\\\/2014\\\/10\\\/welschendaniel-300x234.jpg\",\"datePublished\":\"2014-10-09T02:40:21+00:00\",\"dateModified\":\"2014-10-09T12:00:32+00:00\",\"breadcrumb\":{\"@id\":\"https:\\\/\\\/informelitoral.com.ar\\\/ramirez-desde-el-massismo-preparan-la-visita-del-ex-secretario-de-produccion-daniel-welschen\\\/#breadcrumb\"},\"inLanguage\":\"es\",\"potentialAction\":[{\"@type\":\"ReadAction\",\"target\":[\"https:\\\/\\\/informelitoral.com.ar\\\/ramirez-desde-el-massismo-preparan-la-visita-del-ex-secretario-de-produccion-daniel-welschen\\\/\"]}]},{\"@type\":\"ImageObject\",\"inLanguage\":\"es\",\"@id\":\"https:\\\/\\\/informelitoral.com.ar\\\/ramirez-desde-el-massismo-preparan-la-visita-del-ex-secretario-de-produccion-daniel-welschen\\\/#primaryimage\",\"url\":\"http:\\\/\\\/www.isletasnoticias.com.ar\\\/%77%70%2d%63%6f%6e%74%65%6e%74\\\/uploads\\\/2014\\\/10\\\/welschendaniel-300x234.jpg\",\"contentUrl\":\"http:\\\/\\\/www.isletasnoticias.com.ar\\\/%77%70%2d%63%6f%6e%74%65%6e%74\\\/uploads\\\/2014\\\/10\\\/welschendaniel-300x234.jpg\"},{\"@type\":\"BreadcrumbList\",\"@id\":\"https:\\\/\\\/informelitoral.com.ar\\\/ramirez-desde-el-massismo-preparan-la-visita-del-ex-secretario-de-produccion-daniel-welschen\\\/#breadcrumb\",\"itemListElement\":[{\"@type\":\"ListItem\",\"position\":1,\"name\":\"Portada\",\"item\":\"https:\\\/\\\/informelitoral.com.ar\\\/\"},{\"@type\":\"ListItem\",\"position\":2,\"name\":\"Ram\u00edrez: desde el massismo preparan la visita del ex secretario de Producci\u00f3n, Daniel Welschen\"}]},{\"@type\":\"WebSite\",\"@id\":\"https:\\\/\\\/informelitoral.com.ar\\\/#website\",\"url\":\"https:\\\/\\\/informelitoral.com.ar\\\/\",\"name\":\"Informe Litoral\",\"description\":\"&quot;Nos informamos&quot; \",\"publisher\":{\"@id\":\"https:\\\/\\\/informelitoral.com.ar\\\/#organization\"},\"potentialAction\":[{\"@type\":\"SearchAction\",\"target\":{\"@type\":\"EntryPoint\",\"urlTemplate\":\"https:\\\/\\\/informelitoral.com.ar\\\/?s={search_term_string}\"},\"query-input\":{\"@type\":\"PropertyValueSpecification\",\"valueRequired\":true,\"valueName\":\"search_term_string\"}}],\"inLanguage\":\"es\"},{\"@type\":\"Organization\",\"@id\":\"https:\\\/\\\/informelitoral.com.ar\\\/#organization\",\"name\":\"Informe Litoral\",\"url\":\"https:\\\/\\\/informelitoral.com.ar\\\/\",\"logo\":{\"@type\":\"ImageObject\",\"inLanguage\":\"es\",\"@id\":\"https:\\\/\\\/informelitoral.com.ar\\\/#\\\/schema\\\/logo\\\/image\\\/\",\"url\":\"https:\\\/\\\/informelitoral.com.ar\\\/%77%70%2d%63%6f%6e%74%65%6e%74\\\/uploads\\\/2021\\\/01\\\/circulo.png\",\"contentUrl\":\"https:\\\/\\\/informelitoral.com.ar\\\/%77%70%2d%63%6f%6e%74%65%6e%74\\\/uploads\\\/2021\\\/01\\\/circulo.png\",\"width\":723,\"height\":731,\"caption\":\"Informe Litoral\"},\"image\":{\"@id\":\"https:\\\/\\\/informelitoral.com.ar\\\/#\\\/schema\\\/logo\\\/image\\\/\"},\"sameAs\":[\"https:\\\/\\\/www.facebook.com\\\/informelitoral\\\/\",\"https:\\\/\\\/x.com\\\/InformeLitoral\",\"https:\\\/\\\/www.instagram.com\\\/informelitoral\\\/\",\"https:\\\/\\\/www.youtube.com\\\/channel\\\/UCua4Qvz8Icb6MYqhoq9xLXw\"]},{\"@type\":\"Person\",\"@id\":\"https:\\\/\\\/informelitoral.com.ar\\\/#\\\/schema\\\/person\\\/b9d00407c836482871ef1d57bf8e3180\",\"name\":\"Gonzalo Schmidt\",\"image\":{\"@type\":\"ImageObject\",\"inLanguage\":\"es\",\"@id\":\"https:\\\/\\\/secure.gravatar.com\\\/avatar\\\/31a1a7b66ff2de83bd0e9fd79d026630d2d99e55e8bfe501287647b4fd9743de?s=96&d=mm&r=g\",\"url\":\"https:\\\/\\\/secure.gravatar.com\\\/avatar\\\/31a1a7b66ff2de83bd0e9fd79d026630d2d99e55e8bfe501287647b4fd9743de?s=96&d=mm&r=g\",\"contentUrl\":\"https:\\\/\\\/secure.gravatar.com\\\/avatar\\\/31a1a7b66ff2de83bd0e9fd79d026630d2d99e55e8bfe501287647b4fd9743de?s=96&d=mm&r=g\",\"caption\":\"Gonzalo Schmidt\"},\"description\":\"Sitio web de noticias de la provincia de Entre R\u00edos, Argentina. Informaci\u00f3n y entretenimiento. Informe Litoral, nos informamos.\",\"sameAs\":[\"http:\\\/\\\/www.isletasnoticias.com.ar\"],\"url\":\"https:\\\/\\\/informelitoral.com.ar\\\/author\\\/gonzalo\\\/\"}]}<\/script>","yoast_head_json":{"title":"Ram\u00edrez: desde el massismo preparan la visita del ex secretario de Producci\u00f3n, Daniel Welschen - Informe Litoral","robots":{"index":"index","follow":"follow","max-snippet":"max-snippet:-1","max-image-preview":"max-image-preview:large","max-video-preview":"max-video-preview:-1"},"canonical":"https:\/\/informelitoral.com.ar\/ramirez-desde-el-massismo-preparan-la-visita-del-ex-secretario-de-produccion-daniel-welschen\/","og_locale":"es_ES","og_type":"article","og_title":"Ram\u00edrez: desde el massismo preparan la visita del ex secretario de Producci\u00f3n, Daniel Welschen - Informe Litoral","og_description":"El ex funcionario llegar&aacute; a esa ciudad del departamento Diamante el mi&eacute;rcoles 15, de la mano del Frente Entrerriano Federal local, encabezado por Claudio Mantovani. Desde la agrupaci&oacute;n pol&iacute;tica tambi&eacute;n dieron a conocer la visita de Zavallo a Diamante para el martes 14, entre otros temas.&nbsp; &laquo;El pasado mi&eacute;rcoles 1 de octubre en una nueva [&hellip;]","og_url":"https:\/\/informelitoral.com.ar\/ramirez-desde-el-massismo-preparan-la-visita-del-ex-secretario-de-produccion-daniel-welschen\/","og_site_name":"Informe Litoral","article_publisher":"https:\/\/www.facebook.com\/informelitoral\/","article_published_time":"2014-10-09T02:40:21+00:00","article_modified_time":"2014-10-09T12:00:32+00:00","og_image":[{"width":400,"height":312,"url":"https:\/\/informelitoral.com.ar\/%77%70%2d%63%6f%6e%74%65%6e%74\/uploads\/2014\/10\/welschendaniel.jpg","type":"image\/jpeg"}],"author":"Gonzalo Schmidt","twitter_card":"summary_large_image","twitter_creator":"@InformeLitoral","twitter_site":"@InformeLitoral","twitter_misc":{"Escrito por":"Gonzalo Schmidt","Tiempo de lectura":"1 minuto"},"schema":{"@context":"https:\/\/schema.org","@graph":[{"@type":"Article","@id":"https:\/\/informelitoral.com.ar\/ramirez-desde-el-massismo-preparan-la-visita-del-ex-secretario-de-produccion-daniel-welschen\/#article","isPartOf":{"@id":"https:\/\/informelitoral.com.ar\/ramirez-desde-el-massismo-preparan-la-visita-del-ex-secretario-de-produccion-daniel-welschen\/"},"author":{"name":"Gonzalo Schmidt","@id":"https:\/\/informelitoral.com.ar\/#\/schema\/person\/b9d00407c836482871ef1d57bf8e3180"},"headline":"Ram\u00edrez: desde el massismo preparan la visita del ex secretario de Producci\u00f3n, Daniel Welschen","datePublished":"2014-10-09T02:40:21+00:00","dateModified":"2014-10-09T12:00:32+00:00","mainEntityOfPage":{"@id":"https:\/\/informelitoral.com.ar\/ramirez-desde-el-massismo-preparan-la-visita-del-ex-secretario-de-produccion-daniel-welschen\/"},"wordCount":240,"commentCount":0,"publisher":{"@id":"https:\/\/informelitoral.com.ar\/#organization"},"image":{"@id":"https:\/\/informelitoral.com.ar\/ramirez-desde-el-massismo-preparan-la-visita-del-ex-secretario-de-produccion-daniel-welschen\/#primaryimage"},"thumbnailUrl":"http:\/\/www.isletasnoticias.com.ar\/%77%70%2d%63%6f%6e%74%65%6e%74\/uploads\/2014\/10\/welschendaniel-300x234.jpg","articleSection":["Departamento Diamante","Politica"],"inLanguage":"es","potentialAction":[{"@type":"CommentAction","name":"Comment","target":["https:\/\/informelitoral.com.ar\/ramirez-desde-el-massismo-preparan-la-visita-del-ex-secretario-de-produccion-daniel-welschen\/#respond"]}]},{"@type":"WebPage","@id":"https:\/\/informelitoral.com.ar\/ramirez-desde-el-massismo-preparan-la-visita-del-ex-secretario-de-produccion-daniel-welschen\/","url":"https:\/\/informelitoral.com.ar\/ramirez-desde-el-massismo-preparan-la-visita-del-ex-secretario-de-produccion-daniel-welschen\/","name":"Ram\u00edrez: desde el massismo preparan la visita del ex secretario de Producci\u00f3n, Daniel Welschen - Informe Litoral","isPartOf":{"@id":"https:\/\/informelitoral.com.ar\/#website"},"primaryImageOfPage":{"@id":"https:\/\/informelitoral.com.ar\/ramirez-desde-el-massismo-preparan-la-visita-del-ex-secretario-de-produccion-daniel-welschen\/#primaryimage"},"image":{"@id":"https:\/\/informelitoral.com.ar\/ramirez-desde-el-massismo-preparan-la-visita-del-ex-secretario-de-produccion-daniel-welschen\/#primaryimage"},"thumbnailUrl":"http:\/\/www.isletasnoticias.com.ar\/%77%70%2d%63%6f%6e%74%65%6e%74\/uploads\/2014\/10\/welschendaniel-300x234.jpg","datePublished":"2014-10-09T02:40:21+00:00","dateModified":"2014-10-09T12:00:32+00:00","breadcrumb":{"@id":"https:\/\/informelitoral.com.ar\/ramirez-desde-el-massismo-preparan-la-visita-del-ex-secretario-de-produccion-daniel-welschen\/#breadcrumb"},"inLanguage":"es","potentialAction":[{"@type":"ReadAction","target":["https:\/\/informelitoral.com.ar\/ramirez-desde-el-massismo-preparan-la-visita-del-ex-secretario-de-produccion-daniel-welschen\/"]}]},{"@type":"ImageObject","inLanguage":"es","@id":"https:\/\/informelitoral.com.ar\/ramirez-desde-el-massismo-preparan-la-visita-del-ex-secretario-de-produccion-daniel-welschen\/#primaryimage","url":"http:\/\/www.isletasnoticias.com.ar\/%77%70%2d%63%6f%6e%74%65%6e%74\/uploads\/2014\/10\/welschendaniel-300x234.jpg","contentUrl":"http:\/\/www.isletasnoticias.com.ar\/%77%70%2d%63%6f%6e%74%65%6e%74\/uploads\/2014\/10\/welschendaniel-300x234.jpg"},{"@type":"BreadcrumbList","@id":"https:\/\/informelitoral.com.ar\/ramirez-desde-el-massismo-preparan-la-visita-del-ex-secretario-de-produccion-daniel-welschen\/#breadcrumb","itemListElement":[{"@type":"ListItem","position":1,"name":"Portada","item":"https:\/\/informelitoral.com.ar\/"},{"@type":"ListItem","position":2,"name":"Ram\u00edrez: desde el massismo preparan la visita del ex secretario de Producci\u00f3n, Daniel Welschen"}]},{"@type":"WebSite","@id":"https:\/\/informelitoral.com.ar\/#website","url":"https:\/\/informelitoral.com.ar\/","name":"Informe Litoral","description":"&quot;Nos informamos&quot; ","publisher":{"@id":"https:\/\/informelitoral.com.ar\/#organization"},"potentialAction":[{"@type":"SearchAction","target":{"@type":"EntryPoint","urlTemplate":"https:\/\/informelitoral.com.ar\/?s={search_term_string}"},"query-input":{"@type":"PropertyValueSpecification","valueRequired":true,"valueName":"search_term_string"}}],"inLanguage":"es"},{"@type":"Organization","@id":"https:\/\/informelitoral.com.ar\/#organization","name":"Informe Litoral","url":"https:\/\/informelitoral.com.ar\/","logo":{"@type":"ImageObject","inLanguage":"es","@id":"https:\/\/informelitoral.com.ar\/#\/schema\/logo\/image\/","url":"https:\/\/informelitoral.com.ar\/%77%70%2d%63%6f%6e%74%65%6e%74\/uploads\/2021\/01\/circulo.png","contentUrl":"https:\/\/informelitoral.com.ar\/%77%70%2d%63%6f%6e%74%65%6e%74\/uploads\/2021\/01\/circulo.png","width":723,"height":731,"caption":"Informe Litoral"},"image":{"@id":"https:\/\/informelitoral.com.ar\/#\/schema\/logo\/image\/"},"sameAs":["https:\/\/www.facebook.com\/informelitoral\/","https:\/\/x.com\/InformeLitoral","https:\/\/www.instagram.com\/informelitoral\/","https:\/\/www.youtube.com\/channel\/UCua4Qvz8Icb6MYqhoq9xLXw"]},{"@type":"Person","@id":"https:\/\/informelitoral.com.ar\/#\/schema\/person\/b9d00407c836482871ef1d57bf8e3180","name":"Gonzalo Schmidt","image":{"@type":"ImageObject","inLanguage":"es","@id":"https:\/\/secure.gravatar.com\/avatar\/31a1a7b66ff2de83bd0e9fd79d026630d2d99e55e8bfe501287647b4fd9743de?s=96&d=mm&r=g","url":"https:\/\/secure.gravatar.com\/avatar\/31a1a7b66ff2de83bd0e9fd79d026630d2d99e55e8bfe501287647b4fd9743de?s=96&d=mm&r=g","contentUrl":"https:\/\/secure.gravatar.com\/avatar\/31a1a7b66ff2de83bd0e9fd79d026630d2d99e55e8bfe501287647b4fd9743de?s=96&d=mm&r=g","caption":"Gonzalo Schmidt"},"description":"Sitio web de noticias de la provincia de Entre R\u00edos, Argentina. Informaci\u00f3n y entretenimiento. Informe Litoral, nos informamos.","sameAs":["http:\/\/www.isletasnoticias.com.ar"],"url":"https:\/\/informelitoral.com.ar\/author\/gonzalo\/"}]}},"_links":{"self":[{"href":"https:\/\/informelitoral.com.ar\/%77%70%2d%6a%73%6f%6e\/wp\/v2\/posts\/8546","targetHints":{"allow":["GET"]}}],"collection":[{"href":"https:\/\/informelitoral.com.ar\/%77%70%2d%6a%73%6f%6e\/wp\/v2\/posts"}],"about":[{"href":"https:\/\/informelitoral.com.ar\/%77%70%2d%6a%73%6f%6e\/wp\/v2\/types\/post"}],"author":[{"embeddable":true,"href":"https:\/\/informelitoral.com.ar\/%77%70%2d%6a%73%6f%6e\/wp\/v2\/users\/2"}],"replies":[{"embeddable":true,"href":"https:\/\/informelitoral.com.ar\/%77%70%2d%6a%73%6f%6e\/wp\/v2\/comments?post=8546"}],"version-history":[{"count":0,"href":"https:\/\/informelitoral.com.ar\/%77%70%2d%6a%73%6f%6e\/wp\/v2\/posts\/8546\/revisions"}],"wp:attachment":[{"href":"https:\/\/informelitoral.com.ar\/%77%70%2d%6a%73%6f%6e\/wp\/v2\/media?parent=8546"}],"wp:term":[{"taxonomy":"category","embeddable":true,"href":"https:\/\/informelitoral.com.ar\/%77%70%2d%6a%73%6f%6e\/wp\/v2\/categories?post=8546"},{"taxonomy":"post_tag","embeddable":true,"href":"https:\/\/informelitoral.com.ar\/%77%70%2d%6a%73%6f%6e\/wp\/v2\/tags?post=8546"}],"curies":[{"name":"wp","href":"https:\/\/api.w.org\/{rel}","templated":true}]}}