{"id":8515,"date":"2014-10-07T21:33:54","date_gmt":"2014-10-08T00:33:54","guid":{"rendered":"http:\/\/www.isletasnoticias.com.ar\/?p=8515"},"modified":"2014-10-07T21:33:54","modified_gmt":"2014-10-08T00:33:54","slug":"el-gobierno-avanzara-en-la-reforma-del-codigo-procesal-penal","status":"publish","type":"post","link":"https:\/\/informelitoral.com.ar\/el-gobierno-avanzara-en-la-reforma-del-codigo-procesal-penal\/","title":{"rendered":"El Gobierno avanzar\u00e1 en la reforma del c\u00f3digo procesal penal"},"content":{"rendered":"<p><strong>La presidente\u00a0<em>Cristina Kirchner<\/em> anunci\u00f3 este martes desde el Museo del Bicentenario donde encabez\u00f3 el acto de promulgaci\u00f3n del nuevo C\u00f3digo Civil y Comercial, que enviar\u00e1 en las pr\u00f3ximas semanas un proyecto de ley para modificar el c\u00f3digo de procedimiento penal nacional.<a href=\"http:\/\/www.isletasnoticias.com.ar\/%77%70%2d%63%6f%6e%74%65%6e%74\/uploads\/2014\/10\/0008003887.jpg\"><img loading=\"lazy\" decoding=\"async\" class=\"aligncenter size-medium wp-image-8516\" src=\"http:\/\/www.isletasnoticias.com.ar\/%77%70%2d%63%6f%6e%74%65%6e%74\/uploads\/2014\/10\/0008003887-300x199.jpg\" alt=\"0008003887\" width=\"300\" height=\"199\" srcset=\"https:\/\/informelitoral.com.ar\/%77%70%2d%63%6f%6e%74%65%6e%74\/uploads\/2014\/10\/0008003887-300x199.jpg 300w, https:\/\/informelitoral.com.ar\/%77%70%2d%63%6f%6e%74%65%6e%74\/uploads\/2014\/10\/0008003887.jpg 678w\" sizes=\"auto, (max-width: 300px) 100vw, 300px\" \/><\/a><\/strong><\/p>\n<p>En ese sentido, la mandataria explic\u00f3 que el objetivo ser\u00e1 \u00abtransformar el actual sistema inquisitivo en una acusatorio que ser\u00e1 mucho m\u00e1s \u00e1gil\u00bb y advirti\u00f3 que \u00abel c\u00f3digo procesal actual data de 1991, recoge un sistema mixto que, a la luz de los 20 a\u00f1os de historia que tiene, no est\u00e1 funcionando\u00bb.<\/p>\n<p>\u00ab\u00c9sta es una demanda de toda la sociedad, celeridad y eficiencia a la hora de impartir justicia\u00bb, dijo y detall\u00f3 que \u00abse estima que con el sistema actual, los procesos penales duran un m\u00ednimo de cuatro a\u00f1os\u00bb.<\/p>\n<p>As\u00ed, la jefa de Estado se\u00f1al\u00f3 que lo que se har\u00e1 con el nuevo c\u00f3digo procesal penal \u00able estaremos dando un mejor instrumento, un sistema acusatorio puso, como el que funciona en Chile. De esta manera los procesos penales podr\u00e1n reducirse a seis meses\u00bb.<\/p>\n<p>El promedio mundial en el sistema carcelario muestra una relaci\u00f3n de 30% de procesados frente a 70% de condenados, en la Argentina el promedio de procesados es del 65% y s\u00f3lo del 35% de condenados, casi la inversa exacta de la relaci\u00f3n mundial\u00bb.<\/p>\n<p>Y lanz\u00f3 una fuerte cr\u00edtica al poder Judicial. \u00abUno puede tener el mejor instrumental pero si el que te opera est\u00e1 dormido o no sabe estamos en problemas\u00bb dijo al tiempo que record\u00f3 que en los \u00faltimos a\u00f1os la partida dentro del presupuesto nacional destinada a la justicia se increment\u00f3 un 1200%.<\/p>\n<p>\u00abEst\u00e1 claro que no es por falta de recursos que pasa esto, como todas las cosas deben ser bien administrados y tener celeridad en los juzgados y juicios\u00bb dispar\u00f3, durante el acto donde se promulg\u00f3 la reforma del c\u00f3digo Civil y Comercial, que entrar\u00e1 a regir desde enero de 2016, indic\u00f3 MinutoUno.<\/p>\n<p>\u00abEs necesaria esta reforma al c\u00f3digo de procedimiento penal porque ayudar\u00e1 a dar respuesta a la demanda de justicia por parte de la ciudadan\u00eda. Porque no pasa por una cuesti\u00f3n de mano dura o mano blanda, sino de tener instrumentos adecuados, porque los recursos, ya vimos, est\u00e1n\u00bb dijo y concluy\u00f3 \u00abde esta manera tendremos una justicia \u00e1gil, oral, procedimientos \u00e1giles para que si alguien es culpable sea condenado de inmediato y si es inocente que no pase cuatro a\u00f1os en el sistema carcelario para que despu\u00e9s se le diga que era inocente\u00bb.<\/p>\n","protected":false},"excerpt":{"rendered":"<p>La presidente&nbsp;Cristina Kirchner anunci&oacute; este martes desde el Museo del Bicentenario donde encabez&oacute; el acto de promulgaci&oacute;n del nuevo C&oacute;digo Civil y Comercial, que enviar&aacute; en las pr&oacute;ximas semanas un proyecto de ley para modificar el c&oacute;digo de procedimiento penal nacional. En ese sentido, la mandataria explic&oacute; que el objetivo ser&aacute; &laquo;transformar el actual sistema [&hellip;]<\/p>\n","protected":false},"author":2,"featured_media":0,"comment_status":"open","ping_status":"open","sticky":false,"template":"","format":"standard","meta":{"fifu_image_url":"","fifu_image_alt":"","footnotes":""},"categories":[7,16],"tags":[],"class_list":{"0":"post-8515","1":"post","2":"type-post","3":"status-publish","4":"format-standard","6":"category-nacionales","7":"category-politi"},"yoast_head":"<title>El Gobierno avanzar\u00e1 en la reforma del c\u00f3digo procesal penal - Informe Litoral<\/title>\n<meta name=\"robots\" content=\"index, follow, max-snippet:-1, max-image-preview:large, max-video-preview:-1\" \/>\n<link rel=\"canonical\" href=\"https:\/\/informelitoral.com.ar\/el-gobierno-avanzara-en-la-reforma-del-codigo-procesal-penal\/\" \/>\n<meta property=\"og:locale\" content=\"es_ES\" \/>\n<meta property=\"og:type\" content=\"article\" \/>\n<meta property=\"og:title\" content=\"El Gobierno avanzar\u00e1 en la reforma del c\u00f3digo procesal penal - Informe Litoral\" \/>\n<meta property=\"og:description\" content=\"La presidente&nbsp;Cristina Kirchner anunci&oacute; este martes desde el Museo del Bicentenario donde encabez&oacute; el acto de promulgaci&oacute;n del nuevo C&oacute;digo Civil y Comercial, que enviar&aacute; en las pr&oacute;ximas semanas un proyecto de ley para modificar el c&oacute;digo de procedimiento penal nacional. En ese sentido, la mandataria explic&oacute; que el objetivo ser&aacute; &laquo;transformar el actual sistema [&hellip;]\" \/>\n<meta property=\"og:url\" content=\"https:\/\/informelitoral.com.ar\/el-gobierno-avanzara-en-la-reforma-del-codigo-procesal-penal\/\" \/>\n<meta property=\"og:site_name\" content=\"Informe Litoral\" \/>\n<meta property=\"article:publisher\" content=\"https:\/\/www.facebook.com\/informelitoral\/\" \/>\n<meta property=\"article:published_time\" content=\"2014-10-08T00:33:54+00:00\" \/>\n<meta property=\"og:image\" content=\"https:\/\/informelitoral.com.ar\/%77%70%2d%63%6f%6e%74%65%6e%74\/uploads\/2014\/10\/0008003887.jpg\" \/>\n\t<meta property=\"og:image:width\" content=\"678\" \/>\n\t<meta property=\"og:image:height\" content=\"451\" \/>\n\t<meta property=\"og:image:type\" content=\"image\/jpeg\" \/>\n<meta name=\"author\" content=\"Gonzalo Schmidt\" \/>\n<meta name=\"twitter:card\" content=\"summary_large_image\" \/>\n<meta name=\"twitter:creator\" content=\"@InformeLitoral\" \/>\n<meta name=\"twitter:site\" content=\"@InformeLitoral\" \/>\n<meta name=\"twitter:label1\" content=\"Escrito por\" \/>\n\t<meta name=\"twitter:data1\" content=\"Gonzalo Schmidt\" \/>\n\t<meta name=\"twitter:label2\" content=\"Tiempo de lectura\" \/>\n\t<meta name=\"twitter:data2\" content=\"2 minutos\" \/>\n<script type=\"application\/ld+json\" class=\"yoast-schema-graph\">{\"@context\":\"https:\\\/\\\/schema.org\",\"@graph\":[{\"@type\":\"Article\",\"@id\":\"https:\\\/\\\/informelitoral.com.ar\\\/el-gobierno-avanzara-en-la-reforma-del-codigo-procesal-penal\\\/#article\",\"isPartOf\":{\"@id\":\"https:\\\/\\\/informelitoral.com.ar\\\/el-gobierno-avanzara-en-la-reforma-del-codigo-procesal-penal\\\/\"},\"author\":{\"name\":\"Gonzalo Schmidt\",\"@id\":\"https:\\\/\\\/informelitoral.com.ar\\\/#\\\/schema\\\/person\\\/b9d00407c836482871ef1d57bf8e3180\"},\"headline\":\"El Gobierno avanzar\u00e1 en la reforma del c\u00f3digo procesal penal\",\"datePublished\":\"2014-10-08T00:33:54+00:00\",\"mainEntityOfPage\":{\"@id\":\"https:\\\/\\\/informelitoral.com.ar\\\/el-gobierno-avanzara-en-la-reforma-del-codigo-procesal-penal\\\/\"},\"wordCount\":441,\"commentCount\":0,\"publisher\":{\"@id\":\"https:\\\/\\\/informelitoral.com.ar\\\/#organization\"},\"image\":{\"@id\":\"https:\\\/\\\/informelitoral.com.ar\\\/el-gobierno-avanzara-en-la-reforma-del-codigo-procesal-penal\\\/#primaryimage\"},\"thumbnailUrl\":\"http:\\\/\\\/www.isletasnoticias.com.ar\\\/%77%70%2d%63%6f%6e%74%65%6e%74\\\/uploads\\\/2014\\\/10\\\/0008003887-300x199.jpg\",\"articleSection\":[\"Nacionales\",\"Politica\"],\"inLanguage\":\"es\",\"potentialAction\":[{\"@type\":\"CommentAction\",\"name\":\"Comment\",\"target\":[\"https:\\\/\\\/informelitoral.com.ar\\\/el-gobierno-avanzara-en-la-reforma-del-codigo-procesal-penal\\\/#respond\"]}]},{\"@type\":\"WebPage\",\"@id\":\"https:\\\/\\\/informelitoral.com.ar\\\/el-gobierno-avanzara-en-la-reforma-del-codigo-procesal-penal\\\/\",\"url\":\"https:\\\/\\\/informelitoral.com.ar\\\/el-gobierno-avanzara-en-la-reforma-del-codigo-procesal-penal\\\/\",\"name\":\"El Gobierno avanzar\u00e1 en la reforma del c\u00f3digo procesal penal - Informe Litoral\",\"isPartOf\":{\"@id\":\"https:\\\/\\\/informelitoral.com.ar\\\/#website\"},\"primaryImageOfPage\":{\"@id\":\"https:\\\/\\\/informelitoral.com.ar\\\/el-gobierno-avanzara-en-la-reforma-del-codigo-procesal-penal\\\/#primaryimage\"},\"image\":{\"@id\":\"https:\\\/\\\/informelitoral.com.ar\\\/el-gobierno-avanzara-en-la-reforma-del-codigo-procesal-penal\\\/#primaryimage\"},\"thumbnailUrl\":\"http:\\\/\\\/www.isletasnoticias.com.ar\\\/%77%70%2d%63%6f%6e%74%65%6e%74\\\/uploads\\\/2014\\\/10\\\/0008003887-300x199.jpg\",\"datePublished\":\"2014-10-08T00:33:54+00:00\",\"breadcrumb\":{\"@id\":\"https:\\\/\\\/informelitoral.com.ar\\\/el-gobierno-avanzara-en-la-reforma-del-codigo-procesal-penal\\\/#breadcrumb\"},\"inLanguage\":\"es\",\"potentialAction\":[{\"@type\":\"ReadAction\",\"target\":[\"https:\\\/\\\/informelitoral.com.ar\\\/el-gobierno-avanzara-en-la-reforma-del-codigo-procesal-penal\\\/\"]}]},{\"@type\":\"ImageObject\",\"inLanguage\":\"es\",\"@id\":\"https:\\\/\\\/informelitoral.com.ar\\\/el-gobierno-avanzara-en-la-reforma-del-codigo-procesal-penal\\\/#primaryimage\",\"url\":\"http:\\\/\\\/www.isletasnoticias.com.ar\\\/%77%70%2d%63%6f%6e%74%65%6e%74\\\/uploads\\\/2014\\\/10\\\/0008003887-300x199.jpg\",\"contentUrl\":\"http:\\\/\\\/www.isletasnoticias.com.ar\\\/%77%70%2d%63%6f%6e%74%65%6e%74\\\/uploads\\\/2014\\\/10\\\/0008003887-300x199.jpg\"},{\"@type\":\"BreadcrumbList\",\"@id\":\"https:\\\/\\\/informelitoral.com.ar\\\/el-gobierno-avanzara-en-la-reforma-del-codigo-procesal-penal\\\/#breadcrumb\",\"itemListElement\":[{\"@type\":\"ListItem\",\"position\":1,\"name\":\"Portada\",\"item\":\"https:\\\/\\\/informelitoral.com.ar\\\/\"},{\"@type\":\"ListItem\",\"position\":2,\"name\":\"El Gobierno avanzar\u00e1 en la reforma del c\u00f3digo procesal penal\"}]},{\"@type\":\"WebSite\",\"@id\":\"https:\\\/\\\/informelitoral.com.ar\\\/#website\",\"url\":\"https:\\\/\\\/informelitoral.com.ar\\\/\",\"name\":\"Informe Litoral\",\"description\":\"&quot;Nos informamos&quot; \",\"publisher\":{\"@id\":\"https:\\\/\\\/informelitoral.com.ar\\\/#organization\"},\"potentialAction\":[{\"@type\":\"SearchAction\",\"target\":{\"@type\":\"EntryPoint\",\"urlTemplate\":\"https:\\\/\\\/informelitoral.com.ar\\\/?s={search_term_string}\"},\"query-input\":{\"@type\":\"PropertyValueSpecification\",\"valueRequired\":true,\"valueName\":\"search_term_string\"}}],\"inLanguage\":\"es\"},{\"@type\":\"Organization\",\"@id\":\"https:\\\/\\\/informelitoral.com.ar\\\/#organization\",\"name\":\"Informe Litoral\",\"url\":\"https:\\\/\\\/informelitoral.com.ar\\\/\",\"logo\":{\"@type\":\"ImageObject\",\"inLanguage\":\"es\",\"@id\":\"https:\\\/\\\/informelitoral.com.ar\\\/#\\\/schema\\\/logo\\\/image\\\/\",\"url\":\"https:\\\/\\\/informelitoral.com.ar\\\/%77%70%2d%63%6f%6e%74%65%6e%74\\\/uploads\\\/2021\\\/01\\\/circulo.png\",\"contentUrl\":\"https:\\\/\\\/informelitoral.com.ar\\\/%77%70%2d%63%6f%6e%74%65%6e%74\\\/uploads\\\/2021\\\/01\\\/circulo.png\",\"width\":723,\"height\":731,\"caption\":\"Informe Litoral\"},\"image\":{\"@id\":\"https:\\\/\\\/informelitoral.com.ar\\\/#\\\/schema\\\/logo\\\/image\\\/\"},\"sameAs\":[\"https:\\\/\\\/www.facebook.com\\\/informelitoral\\\/\",\"https:\\\/\\\/x.com\\\/InformeLitoral\",\"https:\\\/\\\/www.instagram.com\\\/informelitoral\\\/\",\"https:\\\/\\\/www.youtube.com\\\/channel\\\/UCua4Qvz8Icb6MYqhoq9xLXw\"]},{\"@type\":\"Person\",\"@id\":\"https:\\\/\\\/informelitoral.com.ar\\\/#\\\/schema\\\/person\\\/b9d00407c836482871ef1d57bf8e3180\",\"name\":\"Gonzalo Schmidt\",\"image\":{\"@type\":\"ImageObject\",\"inLanguage\":\"es\",\"@id\":\"https:\\\/\\\/secure.gravatar.com\\\/avatar\\\/31a1a7b66ff2de83bd0e9fd79d026630d2d99e55e8bfe501287647b4fd9743de?s=96&d=mm&r=g\",\"url\":\"https:\\\/\\\/secure.gravatar.com\\\/avatar\\\/31a1a7b66ff2de83bd0e9fd79d026630d2d99e55e8bfe501287647b4fd9743de?s=96&d=mm&r=g\",\"contentUrl\":\"https:\\\/\\\/secure.gravatar.com\\\/avatar\\\/31a1a7b66ff2de83bd0e9fd79d026630d2d99e55e8bfe501287647b4fd9743de?s=96&d=mm&r=g\",\"caption\":\"Gonzalo Schmidt\"},\"description\":\"Sitio web de noticias de la provincia de Entre R\u00edos, Argentina. Informaci\u00f3n y entretenimiento. Informe Litoral, nos informamos.\",\"sameAs\":[\"http:\\\/\\\/www.isletasnoticias.com.ar\"],\"url\":\"https:\\\/\\\/informelitoral.com.ar\\\/author\\\/gonzalo\\\/\"}]}<\/script>","yoast_head_json":{"title":"El Gobierno avanzar\u00e1 en la reforma del c\u00f3digo procesal penal - Informe Litoral","robots":{"index":"index","follow":"follow","max-snippet":"max-snippet:-1","max-image-preview":"max-image-preview:large","max-video-preview":"max-video-preview:-1"},"canonical":"https:\/\/informelitoral.com.ar\/el-gobierno-avanzara-en-la-reforma-del-codigo-procesal-penal\/","og_locale":"es_ES","og_type":"article","og_title":"El Gobierno avanzar\u00e1 en la reforma del c\u00f3digo procesal penal - Informe Litoral","og_description":"La presidente&nbsp;Cristina Kirchner anunci&oacute; este martes desde el Museo del Bicentenario donde encabez&oacute; el acto de promulgaci&oacute;n del nuevo C&oacute;digo Civil y Comercial, que enviar&aacute; en las pr&oacute;ximas semanas un proyecto de ley para modificar el c&oacute;digo de procedimiento penal nacional. En ese sentido, la mandataria explic&oacute; que el objetivo ser&aacute; &laquo;transformar el actual sistema [&hellip;]","og_url":"https:\/\/informelitoral.com.ar\/el-gobierno-avanzara-en-la-reforma-del-codigo-procesal-penal\/","og_site_name":"Informe Litoral","article_publisher":"https:\/\/www.facebook.com\/informelitoral\/","article_published_time":"2014-10-08T00:33:54+00:00","og_image":[{"width":678,"height":451,"url":"https:\/\/informelitoral.com.ar\/%77%70%2d%63%6f%6e%74%65%6e%74\/uploads\/2014\/10\/0008003887.jpg","type":"image\/jpeg"}],"author":"Gonzalo Schmidt","twitter_card":"summary_large_image","twitter_creator":"@InformeLitoral","twitter_site":"@InformeLitoral","twitter_misc":{"Escrito por":"Gonzalo Schmidt","Tiempo de lectura":"2 minutos"},"schema":{"@context":"https:\/\/schema.org","@graph":[{"@type":"Article","@id":"https:\/\/informelitoral.com.ar\/el-gobierno-avanzara-en-la-reforma-del-codigo-procesal-penal\/#article","isPartOf":{"@id":"https:\/\/informelitoral.com.ar\/el-gobierno-avanzara-en-la-reforma-del-codigo-procesal-penal\/"},"author":{"name":"Gonzalo Schmidt","@id":"https:\/\/informelitoral.com.ar\/#\/schema\/person\/b9d00407c836482871ef1d57bf8e3180"},"headline":"El Gobierno avanzar\u00e1 en la reforma del c\u00f3digo procesal penal","datePublished":"2014-10-08T00:33:54+00:00","mainEntityOfPage":{"@id":"https:\/\/informelitoral.com.ar\/el-gobierno-avanzara-en-la-reforma-del-codigo-procesal-penal\/"},"wordCount":441,"commentCount":0,"publisher":{"@id":"https:\/\/informelitoral.com.ar\/#organization"},"image":{"@id":"https:\/\/informelitoral.com.ar\/el-gobierno-avanzara-en-la-reforma-del-codigo-procesal-penal\/#primaryimage"},"thumbnailUrl":"http:\/\/www.isletasnoticias.com.ar\/%77%70%2d%63%6f%6e%74%65%6e%74\/uploads\/2014\/10\/0008003887-300x199.jpg","articleSection":["Nacionales","Politica"],"inLanguage":"es","potentialAction":[{"@type":"CommentAction","name":"Comment","target":["https:\/\/informelitoral.com.ar\/el-gobierno-avanzara-en-la-reforma-del-codigo-procesal-penal\/#respond"]}]},{"@type":"WebPage","@id":"https:\/\/informelitoral.com.ar\/el-gobierno-avanzara-en-la-reforma-del-codigo-procesal-penal\/","url":"https:\/\/informelitoral.com.ar\/el-gobierno-avanzara-en-la-reforma-del-codigo-procesal-penal\/","name":"El Gobierno avanzar\u00e1 en la reforma del c\u00f3digo procesal penal - Informe Litoral","isPartOf":{"@id":"https:\/\/informelitoral.com.ar\/#website"},"primaryImageOfPage":{"@id":"https:\/\/informelitoral.com.ar\/el-gobierno-avanzara-en-la-reforma-del-codigo-procesal-penal\/#primaryimage"},"image":{"@id":"https:\/\/informelitoral.com.ar\/el-gobierno-avanzara-en-la-reforma-del-codigo-procesal-penal\/#primaryimage"},"thumbnailUrl":"http:\/\/www.isletasnoticias.com.ar\/%77%70%2d%63%6f%6e%74%65%6e%74\/uploads\/2014\/10\/0008003887-300x199.jpg","datePublished":"2014-10-08T00:33:54+00:00","breadcrumb":{"@id":"https:\/\/informelitoral.com.ar\/el-gobierno-avanzara-en-la-reforma-del-codigo-procesal-penal\/#breadcrumb"},"inLanguage":"es","potentialAction":[{"@type":"ReadAction","target":["https:\/\/informelitoral.com.ar\/el-gobierno-avanzara-en-la-reforma-del-codigo-procesal-penal\/"]}]},{"@type":"ImageObject","inLanguage":"es","@id":"https:\/\/informelitoral.com.ar\/el-gobierno-avanzara-en-la-reforma-del-codigo-procesal-penal\/#primaryimage","url":"http:\/\/www.isletasnoticias.com.ar\/%77%70%2d%63%6f%6e%74%65%6e%74\/uploads\/2014\/10\/0008003887-300x199.jpg","contentUrl":"http:\/\/www.isletasnoticias.com.ar\/%77%70%2d%63%6f%6e%74%65%6e%74\/uploads\/2014\/10\/0008003887-300x199.jpg"},{"@type":"BreadcrumbList","@id":"https:\/\/informelitoral.com.ar\/el-gobierno-avanzara-en-la-reforma-del-codigo-procesal-penal\/#breadcrumb","itemListElement":[{"@type":"ListItem","position":1,"name":"Portada","item":"https:\/\/informelitoral.com.ar\/"},{"@type":"ListItem","position":2,"name":"El Gobierno avanzar\u00e1 en la reforma del c\u00f3digo procesal penal"}]},{"@type":"WebSite","@id":"https:\/\/informelitoral.com.ar\/#website","url":"https:\/\/informelitoral.com.ar\/","name":"Informe Litoral","description":"&quot;Nos informamos&quot; ","publisher":{"@id":"https:\/\/informelitoral.com.ar\/#organization"},"potentialAction":[{"@type":"SearchAction","target":{"@type":"EntryPoint","urlTemplate":"https:\/\/informelitoral.com.ar\/?s={search_term_string}"},"query-input":{"@type":"PropertyValueSpecification","valueRequired":true,"valueName":"search_term_string"}}],"inLanguage":"es"},{"@type":"Organization","@id":"https:\/\/informelitoral.com.ar\/#organization","name":"Informe Litoral","url":"https:\/\/informelitoral.com.ar\/","logo":{"@type":"ImageObject","inLanguage":"es","@id":"https:\/\/informelitoral.com.ar\/#\/schema\/logo\/image\/","url":"https:\/\/informelitoral.com.ar\/%77%70%2d%63%6f%6e%74%65%6e%74\/uploads\/2021\/01\/circulo.png","contentUrl":"https:\/\/informelitoral.com.ar\/%77%70%2d%63%6f%6e%74%65%6e%74\/uploads\/2021\/01\/circulo.png","width":723,"height":731,"caption":"Informe Litoral"},"image":{"@id":"https:\/\/informelitoral.com.ar\/#\/schema\/logo\/image\/"},"sameAs":["https:\/\/www.facebook.com\/informelitoral\/","https:\/\/x.com\/InformeLitoral","https:\/\/www.instagram.com\/informelitoral\/","https:\/\/www.youtube.com\/channel\/UCua4Qvz8Icb6MYqhoq9xLXw"]},{"@type":"Person","@id":"https:\/\/informelitoral.com.ar\/#\/schema\/person\/b9d00407c836482871ef1d57bf8e3180","name":"Gonzalo Schmidt","image":{"@type":"ImageObject","inLanguage":"es","@id":"https:\/\/secure.gravatar.com\/avatar\/31a1a7b66ff2de83bd0e9fd79d026630d2d99e55e8bfe501287647b4fd9743de?s=96&d=mm&r=g","url":"https:\/\/secure.gravatar.com\/avatar\/31a1a7b66ff2de83bd0e9fd79d026630d2d99e55e8bfe501287647b4fd9743de?s=96&d=mm&r=g","contentUrl":"https:\/\/secure.gravatar.com\/avatar\/31a1a7b66ff2de83bd0e9fd79d026630d2d99e55e8bfe501287647b4fd9743de?s=96&d=mm&r=g","caption":"Gonzalo Schmidt"},"description":"Sitio web de noticias de la provincia de Entre R\u00edos, Argentina. Informaci\u00f3n y entretenimiento. Informe Litoral, nos informamos.","sameAs":["http:\/\/www.isletasnoticias.com.ar"],"url":"https:\/\/informelitoral.com.ar\/author\/gonzalo\/"}]}},"_links":{"self":[{"href":"https:\/\/informelitoral.com.ar\/%77%70%2d%6a%73%6f%6e\/wp\/v2\/posts\/8515","targetHints":{"allow":["GET"]}}],"collection":[{"href":"https:\/\/informelitoral.com.ar\/%77%70%2d%6a%73%6f%6e\/wp\/v2\/posts"}],"about":[{"href":"https:\/\/informelitoral.com.ar\/%77%70%2d%6a%73%6f%6e\/wp\/v2\/types\/post"}],"author":[{"embeddable":true,"href":"https:\/\/informelitoral.com.ar\/%77%70%2d%6a%73%6f%6e\/wp\/v2\/users\/2"}],"replies":[{"embeddable":true,"href":"https:\/\/informelitoral.com.ar\/%77%70%2d%6a%73%6f%6e\/wp\/v2\/comments?post=8515"}],"version-history":[{"count":0,"href":"https:\/\/informelitoral.com.ar\/%77%70%2d%6a%73%6f%6e\/wp\/v2\/posts\/8515\/revisions"}],"wp:attachment":[{"href":"https:\/\/informelitoral.com.ar\/%77%70%2d%6a%73%6f%6e\/wp\/v2\/media?parent=8515"}],"wp:term":[{"taxonomy":"category","embeddable":true,"href":"https:\/\/informelitoral.com.ar\/%77%70%2d%6a%73%6f%6e\/wp\/v2\/categories?post=8515"},{"taxonomy":"post_tag","embeddable":true,"href":"https:\/\/informelitoral.com.ar\/%77%70%2d%6a%73%6f%6e\/wp\/v2\/tags?post=8515"}],"curies":[{"name":"wp","href":"https:\/\/api.w.org\/{rel}","templated":true}]}}